{"id":26595,"date":"2023-04-24T12:23:22","date_gmt":"2023-04-24T18:23:22","guid":{"rendered":"https:\/\/www.bbmnoticias.com\/labravaradiofm\/?p=26595"},"modified":"2023-04-24T12:23:23","modified_gmt":"2023-04-24T18:23:23","slug":"supervisa-imss-oaxaca-guarderia-margarita-maza-de-juarez","status":"publish","type":"post","link":"https:\/\/www.bbmnoticias.com\/labravaradiofm\/2023\/04\/24\/supervisa-imss-oaxaca-guarderia-margarita-maza-de-juarez\/","title":{"rendered":"Supervisa IMSS Oaxaca guarder\u00eda \u201cMargarita Maza de Ju\u00e1rez\u201d"},"content":{"rendered":"<div style=\"margin-top: 0px; margin-bottom: 0px;\" class=\"sharethis-inline-share-buttons\" ><\/div>\n<ul class=\"wp-block-list\">\n<li>El titular de esta representaci\u00f3n hizo entrega de juguetes a las y los ni\u00f1os en el marco del D\u00eda del Ni\u00f1o.<\/li>\n<\/ul>\n\n\n\n<p>Personal de la representaci\u00f3n del Instituto Mexicano del Seguro Social (IMSS) en Oaxaca realiz\u00f3 un recorrido de supervisi\u00f3n a la Guarder\u00eda Subrogada U-0557 \u201cMargarita Maza de Ju\u00e1rez\u201d, con el objetivo de verificar todas las medidas de seguridad en las diferentes \u00e1reas con las que funciona y que da atenci\u00f3n a 65 ni\u00f1os inscritos.<\/p>\n\n\n\n<p>El recorrido fue realizado por el titular del IMSS en Oaxaca, doctor Julio Mercado Castruita, y el jefe de Salud en el Trabajo, Prestaciones Econ\u00f3micas y Sociales, ingeniero Carlos Santiago Carrasco, ambos guiados por la directora de la instancia infantil, Rocio Beatriz R\u00edos Ru\u00edz y la jefa de Departamento de Guarder\u00edas, Mary Carmen Rebeca L\u00f3pez Hern\u00e1ndez.<\/p>\n\n\n\n<p>La directora R\u00edos Ru\u00edz mostr\u00f3 todas las \u00e1reas que la integran como: el \u00e1rea de filtro sanitario, salas de lactantes A, B Y C, maternal A, B1 y B2, as\u00ed como maternal C1 y C2, que est\u00e1n consideradas como primero de preescolar, adem\u00e1s de la sala de usos m\u00faltiples, comedores para cada \u00e1rea, cocina, lactario y el patio de juego para los ni\u00f1os, espacios de fomento a la salud, \u00e1rea de descanso de personal y puerta de emergencia.<\/p>\n\n\n\n<p>Explic\u00f3 que la capacidad instalada del albergue es de 120 peque\u00f1os; sin embargo, actualmente la guarder\u00eda opera con 65 infantes inscrito, con historial de inicio de labores el 25 de noviembre 1994.<\/p>\n\n\n\n<p>Por su parte, Mercado Castruita agradeci\u00f3 la atenci\u00f3n durante el recorrido, al tiempo que exhort\u00f3 a los responsables de la guarder\u00eda continuar con la mejora de los espacios y que los ni\u00f1os cuenten con las medidas de seguridad apropiadas que rigen las normas vigentes.<\/p>\n\n\n\n<p>Durante su recorrido aprovech\u00f3 para entregar juguetes a las y los peque\u00f1os de todas las \u00e1reas, en el marco del D\u00eda del Ni\u00f1o, que se conmemora el pr\u00f3ximo 30 de abril de 2023.<\/p>\n","protected":false},"excerpt":{"rendered":"<p>Personal de la representaci\u00f3n del Instituto Mexicano del Seguro Social (IMSS) en Oaxaca realiz\u00f3 un recorrido de supervisi\u00f3n a la Guarder\u00eda Subrogada U-0557 \u201cMargarita Maza de Ju\u00e1rez\u201d, con el objetivo de verificar todas las medidas de seguridad en las diferentes \u00e1reas con las que funciona y que da atenci\u00f3n a 65 ni\u00f1os inscritos. El recorrido [&hellip;]<\/p>\n","protected":false},"author":2,"featured_media":26596,"comment_status":"closed","ping_status":"closed","sticky":false,"template":"","format":"standard","meta":{"footnotes":""},"categories":[2],"tags":[],"class_list":{"0":"post-26595","1":"post","2":"type-post","3":"status-publish","4":"format-standard","5":"has-post-thumbnail","7":"category-oaxaca"},"yoast_head":"<!-- This site is optimized with the Yoast SEO plugin v27.4 - https:\/\/yoast.com\/product\/yoast-seo-wordpress\/ -->\n<title>Supervisa IMSS Oaxaca guarder\u00eda \u201cMargarita Maza de Ju\u00e1rez\u201d - LA BRAVA RADIO<\/title>\n<meta name=\"robots\" content=\"index, follow, max-snippet:-1, max-image-preview:large, max-video-preview:-1\" \/>\n<link rel=\"canonical\" href=\"https:\/\/www.bbmnoticias.com\/labravaradiofm\/2023\/04\/24\/supervisa-imss-oaxaca-guarderia-margarita-maza-de-juarez\/\" \/>\n<meta property=\"og:locale\" content=\"es_MX\" \/>\n<meta property=\"og:type\" content=\"article\" \/>\n<meta property=\"og:title\" content=\"Supervisa IMSS Oaxaca guarder\u00eda \u201cMargarita Maza de Ju\u00e1rez\u201d - LA BRAVA RADIO\" \/>\n<meta property=\"og:description\" content=\"Personal de la representaci\u00f3n del Instituto Mexicano del Seguro Social (IMSS) en Oaxaca realiz\u00f3 un recorrido de supervisi\u00f3n a la Guarder\u00eda Subrogada U-0557 \u201cMargarita Maza de Ju\u00e1rez\u201d, con el objetivo de verificar todas las medidas de seguridad en las diferentes \u00e1reas con las que funciona y que da atenci\u00f3n a 65 ni\u00f1os inscritos. El recorrido [&hellip;]\" \/>\n<meta property=\"og:url\" content=\"https:\/\/www.bbmnoticias.com\/labravaradiofm\/2023\/04\/24\/supervisa-imss-oaxaca-guarderia-margarita-maza-de-juarez\/\" \/>\n<meta property=\"og:site_name\" content=\"LA BRAVA RADIO\" \/>\n<meta property=\"article:published_time\" content=\"2023-04-24T18:23:22+00:00\" \/>\n<meta property=\"article:modified_time\" content=\"2023-04-24T18:23:23+00:00\" \/>\n<meta property=\"og:image\" content=\"https:\/\/www.bbmnoticias.com\/labravaradiofm\/wp-content\/uploads\/sites\/5\/2023\/04\/l24042023-1.jpeg\" \/>\n\t<meta property=\"og:image:width\" content=\"1024\" \/>\n\t<meta property=\"og:image:height\" content=\"768\" \/>\n\t<meta property=\"og:image:type\" content=\"image\/jpeg\" \/>\n<meta name=\"author\" content=\"Staff\" \/>\n<meta name=\"twitter:card\" content=\"summary_large_image\" \/>\n<meta name=\"twitter:label1\" content=\"Escrito por\" \/>\n\t<meta name=\"twitter:data1\" content=\"Staff\" \/>\n\t<meta name=\"twitter:label2\" content=\"Tiempo de lectura\" \/>\n\t<meta name=\"twitter:data2\" content=\"2 minutos\" \/>\n<script type=\"application\/ld+json\" class=\"yoast-schema-graph\">{\"@context\":\"https:\\\/\\\/schema.org\",\"@graph\":[{\"@type\":\"Article\",\"@id\":\"https:\\\/\\\/www.bbmnoticias.com\\\/labravaradiofm\\\/2023\\\/04\\\/24\\\/supervisa-imss-oaxaca-guarderia-margarita-maza-de-juarez\\\/#article\",\"isPartOf\":{\"@id\":\"https:\\\/\\\/www.bbmnoticias.com\\\/labravaradiofm\\\/2023\\\/04\\\/24\\\/supervisa-imss-oaxaca-guarderia-margarita-maza-de-juarez\\\/\"},\"author\":{\"name\":\"Staff\",\"@id\":\"https:\\\/\\\/www.bbmnoticias.com\\\/labravaradiofm\\\/#\\\/schema\\\/person\\\/34b139c617a70ea5bef5678bffe4dd7b\"},\"headline\":\"Supervisa IMSS Oaxaca guarder\u00eda \u201cMargarita Maza de Ju\u00e1rez\u201d\",\"datePublished\":\"2023-04-24T18:23:22+00:00\",\"dateModified\":\"2023-04-24T18:23:23+00:00\",\"mainEntityOfPage\":{\"@id\":\"https:\\\/\\\/www.bbmnoticias.com\\\/labravaradiofm\\\/2023\\\/04\\\/24\\\/supervisa-imss-oaxaca-guarderia-margarita-maza-de-juarez\\\/\"},\"wordCount\":351,\"image\":{\"@id\":\"https:\\\/\\\/www.bbmnoticias.com\\\/labravaradiofm\\\/2023\\\/04\\\/24\\\/supervisa-imss-oaxaca-guarderia-margarita-maza-de-juarez\\\/#primaryimage\"},\"thumbnailUrl\":\"https:\\\/\\\/www.bbmnoticias.com\\\/labravaradiofm\\\/wp-content\\\/uploads\\\/sites\\\/5\\\/2023\\\/04\\\/l24042023-1.jpeg\",\"articleSection\":[\"LOCAL\"],\"inLanguage\":\"es\"},{\"@type\":\"WebPage\",\"@id\":\"https:\\\/\\\/www.bbmnoticias.com\\\/labravaradiofm\\\/2023\\\/04\\\/24\\\/supervisa-imss-oaxaca-guarderia-margarita-maza-de-juarez\\\/\",\"url\":\"https:\\\/\\\/www.bbmnoticias.com\\\/labravaradiofm\\\/2023\\\/04\\\/24\\\/supervisa-imss-oaxaca-guarderia-margarita-maza-de-juarez\\\/\",\"name\":\"Supervisa IMSS Oaxaca guarder\u00eda \u201cMargarita Maza de Ju\u00e1rez\u201d - LA BRAVA RADIO\",\"isPartOf\":{\"@id\":\"https:\\\/\\\/www.bbmnoticias.com\\\/labravaradiofm\\\/#website\"},\"primaryImageOfPage\":{\"@id\":\"https:\\\/\\\/www.bbmnoticias.com\\\/labravaradiofm\\\/2023\\\/04\\\/24\\\/supervisa-imss-oaxaca-guarderia-margarita-maza-de-juarez\\\/#primaryimage\"},\"image\":{\"@id\":\"https:\\\/\\\/www.bbmnoticias.com\\\/labravaradiofm\\\/2023\\\/04\\\/24\\\/supervisa-imss-oaxaca-guarderia-margarita-maza-de-juarez\\\/#primaryimage\"},\"thumbnailUrl\":\"https:\\\/\\\/www.bbmnoticias.com\\\/labravaradiofm\\\/wp-content\\\/uploads\\\/sites\\\/5\\\/2023\\\/04\\\/l24042023-1.jpeg\",\"datePublished\":\"2023-04-24T18:23:22+00:00\",\"dateModified\":\"2023-04-24T18:23:23+00:00\",\"author\":{\"@id\":\"https:\\\/\\\/www.bbmnoticias.com\\\/labravaradiofm\\\/#\\\/schema\\\/person\\\/34b139c617a70ea5bef5678bffe4dd7b\"},\"breadcrumb\":{\"@id\":\"https:\\\/\\\/www.bbmnoticias.com\\\/labravaradiofm\\\/2023\\\/04\\\/24\\\/supervisa-imss-oaxaca-guarderia-margarita-maza-de-juarez\\\/#breadcrumb\"},\"inLanguage\":\"es\",\"potentialAction\":[{\"@type\":\"ReadAction\",\"target\":[\"https:\\\/\\\/www.bbmnoticias.com\\\/labravaradiofm\\\/2023\\\/04\\\/24\\\/supervisa-imss-oaxaca-guarderia-margarita-maza-de-juarez\\\/\"]}]},{\"@type\":\"ImageObject\",\"inLanguage\":\"es\",\"@id\":\"https:\\\/\\\/www.bbmnoticias.com\\\/labravaradiofm\\\/2023\\\/04\\\/24\\\/supervisa-imss-oaxaca-guarderia-margarita-maza-de-juarez\\\/#primaryimage\",\"url\":\"https:\\\/\\\/www.bbmnoticias.com\\\/labravaradiofm\\\/wp-content\\\/uploads\\\/sites\\\/5\\\/2023\\\/04\\\/l24042023-1.jpeg\",\"contentUrl\":\"https:\\\/\\\/www.bbmnoticias.com\\\/labravaradiofm\\\/wp-content\\\/uploads\\\/sites\\\/5\\\/2023\\\/04\\\/l24042023-1.jpeg\",\"width\":1024,\"height\":768},{\"@type\":\"BreadcrumbList\",\"@id\":\"https:\\\/\\\/www.bbmnoticias.com\\\/labravaradiofm\\\/2023\\\/04\\\/24\\\/supervisa-imss-oaxaca-guarderia-margarita-maza-de-juarez\\\/#breadcrumb\",\"itemListElement\":[{\"@type\":\"ListItem\",\"position\":1,\"name\":\"Inicio\",\"item\":\"https:\\\/\\\/www.bbmnoticias.com\\\/labravaradiofm\\\/\"},{\"@type\":\"ListItem\",\"position\":2,\"name\":\"Supervisa IMSS Oaxaca guarder\u00eda \u201cMargarita Maza de Ju\u00e1rez\u201d\"}]},{\"@type\":\"WebSite\",\"@id\":\"https:\\\/\\\/www.bbmnoticias.com\\\/labravaradiofm\\\/#website\",\"url\":\"https:\\\/\\\/www.bbmnoticias.com\\\/labravaradiofm\\\/\",\"name\":\"LA BRAVA RADIO\",\"description\":\"Empresa productora de medios, Radiodifusi\u00f3n, Noticias, tendencias y todo lo que necesitas saber de la pol\u00edtica mexicana e internacional; entretenimiento, espect\u00e1culos, salud y mucho m\u00e1s.\",\"potentialAction\":[{\"@type\":\"SearchAction\",\"target\":{\"@type\":\"EntryPoint\",\"urlTemplate\":\"https:\\\/\\\/www.bbmnoticias.com\\\/labravaradiofm\\\/?s={search_term_string}\"},\"query-input\":{\"@type\":\"PropertyValueSpecification\",\"valueRequired\":true,\"valueName\":\"search_term_string\"}}],\"inLanguage\":\"es\"},{\"@type\":\"Person\",\"@id\":\"https:\\\/\\\/www.bbmnoticias.com\\\/labravaradiofm\\\/#\\\/schema\\\/person\\\/34b139c617a70ea5bef5678bffe4dd7b\",\"name\":\"Staff\",\"image\":{\"@type\":\"ImageObject\",\"inLanguage\":\"es\",\"@id\":\"https:\\\/\\\/secure.gravatar.com\\\/avatar\\\/fdd21ad66fd8b98c407f9dee5b5e588cfe7f0d8579ec20fa6527cd59bab7f0f0?s=96&d=mm&r=g\",\"url\":\"https:\\\/\\\/secure.gravatar.com\\\/avatar\\\/fdd21ad66fd8b98c407f9dee5b5e588cfe7f0d8579ec20fa6527cd59bab7f0f0?s=96&d=mm&r=g\",\"contentUrl\":\"https:\\\/\\\/secure.gravatar.com\\\/avatar\\\/fdd21ad66fd8b98c407f9dee5b5e588cfe7f0d8579ec20fa6527cd59bab7f0f0?s=96&d=mm&r=g\",\"caption\":\"Staff\"},\"url\":\"https:\\\/\\\/www.bbmnoticias.com\\\/labravaradiofm\\\/author\\\/redaccion\\\/\"}]}<\/script>\n<!-- \/ Yoast SEO plugin. -->","yoast_head_json":{"title":"Supervisa IMSS Oaxaca guarder\u00eda \u201cMargarita Maza de Ju\u00e1rez\u201d - LA BRAVA RADIO","robots":{"index":"index","follow":"follow","max-snippet":"max-snippet:-1","max-image-preview":"max-image-preview:large","max-video-preview":"max-video-preview:-1"},"canonical":"https:\/\/www.bbmnoticias.com\/labravaradiofm\/2023\/04\/24\/supervisa-imss-oaxaca-guarderia-margarita-maza-de-juarez\/","og_locale":"es_MX","og_type":"article","og_title":"Supervisa IMSS Oaxaca guarder\u00eda \u201cMargarita Maza de Ju\u00e1rez\u201d - LA BRAVA RADIO","og_description":"Personal de la representaci\u00f3n del Instituto Mexicano del Seguro Social (IMSS) en Oaxaca realiz\u00f3 un recorrido de supervisi\u00f3n a la Guarder\u00eda Subrogada U-0557 \u201cMargarita Maza de Ju\u00e1rez\u201d, con el objetivo de verificar todas las medidas de seguridad en las diferentes \u00e1reas con las que funciona y que da atenci\u00f3n a 65 ni\u00f1os inscritos. El recorrido [&hellip;]","og_url":"https:\/\/www.bbmnoticias.com\/labravaradiofm\/2023\/04\/24\/supervisa-imss-oaxaca-guarderia-margarita-maza-de-juarez\/","og_site_name":"LA BRAVA RADIO","article_published_time":"2023-04-24T18:23:22+00:00","article_modified_time":"2023-04-24T18:23:23+00:00","og_image":[{"width":1024,"height":768,"url":"https:\/\/www.bbmnoticias.com\/labravaradiofm\/wp-content\/uploads\/sites\/5\/2023\/04\/l24042023-1.jpeg","type":"image\/jpeg"}],"author":"Staff","twitter_card":"summary_large_image","twitter_misc":{"Escrito por":"Staff","Tiempo de lectura":"2 minutos"},"schema":{"@context":"https:\/\/schema.org","@graph":[{"@type":"Article","@id":"https:\/\/www.bbmnoticias.com\/labravaradiofm\/2023\/04\/24\/supervisa-imss-oaxaca-guarderia-margarita-maza-de-juarez\/#article","isPartOf":{"@id":"https:\/\/www.bbmnoticias.com\/labravaradiofm\/2023\/04\/24\/supervisa-imss-oaxaca-guarderia-margarita-maza-de-juarez\/"},"author":{"name":"Staff","@id":"https:\/\/www.bbmnoticias.com\/labravaradiofm\/#\/schema\/person\/34b139c617a70ea5bef5678bffe4dd7b"},"headline":"Supervisa IMSS Oaxaca guarder\u00eda \u201cMargarita Maza de Ju\u00e1rez\u201d","datePublished":"2023-04-24T18:23:22+00:00","dateModified":"2023-04-24T18:23:23+00:00","mainEntityOfPage":{"@id":"https:\/\/www.bbmnoticias.com\/labravaradiofm\/2023\/04\/24\/supervisa-imss-oaxaca-guarderia-margarita-maza-de-juarez\/"},"wordCount":351,"image":{"@id":"https:\/\/www.bbmnoticias.com\/labravaradiofm\/2023\/04\/24\/supervisa-imss-oaxaca-guarderia-margarita-maza-de-juarez\/#primaryimage"},"thumbnailUrl":"https:\/\/www.bbmnoticias.com\/labravaradiofm\/wp-content\/uploads\/sites\/5\/2023\/04\/l24042023-1.jpeg","articleSection":["LOCAL"],"inLanguage":"es"},{"@type":"WebPage","@id":"https:\/\/www.bbmnoticias.com\/labravaradiofm\/2023\/04\/24\/supervisa-imss-oaxaca-guarderia-margarita-maza-de-juarez\/","url":"https:\/\/www.bbmnoticias.com\/labravaradiofm\/2023\/04\/24\/supervisa-imss-oaxaca-guarderia-margarita-maza-de-juarez\/","name":"Supervisa IMSS Oaxaca guarder\u00eda \u201cMargarita Maza de Ju\u00e1rez\u201d - LA BRAVA RADIO","isPartOf":{"@id":"https:\/\/www.bbmnoticias.com\/labravaradiofm\/#website"},"primaryImageOfPage":{"@id":"https:\/\/www.bbmnoticias.com\/labravaradiofm\/2023\/04\/24\/supervisa-imss-oaxaca-guarderia-margarita-maza-de-juarez\/#primaryimage"},"image":{"@id":"https:\/\/www.bbmnoticias.com\/labravaradiofm\/2023\/04\/24\/supervisa-imss-oaxaca-guarderia-margarita-maza-de-juarez\/#primaryimage"},"thumbnailUrl":"https:\/\/www.bbmnoticias.com\/labravaradiofm\/wp-content\/uploads\/sites\/5\/2023\/04\/l24042023-1.jpeg","datePublished":"2023-04-24T18:23:22+00:00","dateModified":"2023-04-24T18:23:23+00:00","author":{"@id":"https:\/\/www.bbmnoticias.com\/labravaradiofm\/#\/schema\/person\/34b139c617a70ea5bef5678bffe4dd7b"},"breadcrumb":{"@id":"https:\/\/www.bbmnoticias.com\/labravaradiofm\/2023\/04\/24\/supervisa-imss-oaxaca-guarderia-margarita-maza-de-juarez\/#breadcrumb"},"inLanguage":"es","potentialAction":[{"@type":"ReadAction","target":["https:\/\/www.bbmnoticias.com\/labravaradiofm\/2023\/04\/24\/supervisa-imss-oaxaca-guarderia-margarita-maza-de-juarez\/"]}]},{"@type":"ImageObject","inLanguage":"es","@id":"https:\/\/www.bbmnoticias.com\/labravaradiofm\/2023\/04\/24\/supervisa-imss-oaxaca-guarderia-margarita-maza-de-juarez\/#primaryimage","url":"https:\/\/www.bbmnoticias.com\/labravaradiofm\/wp-content\/uploads\/sites\/5\/2023\/04\/l24042023-1.jpeg","contentUrl":"https:\/\/www.bbmnoticias.com\/labravaradiofm\/wp-content\/uploads\/sites\/5\/2023\/04\/l24042023-1.jpeg","width":1024,"height":768},{"@type":"BreadcrumbList","@id":"https:\/\/www.bbmnoticias.com\/labravaradiofm\/2023\/04\/24\/supervisa-imss-oaxaca-guarderia-margarita-maza-de-juarez\/#breadcrumb","itemListElement":[{"@type":"ListItem","position":1,"name":"Inicio","item":"https:\/\/www.bbmnoticias.com\/labravaradiofm\/"},{"@type":"ListItem","position":2,"name":"Supervisa IMSS Oaxaca guarder\u00eda \u201cMargarita Maza de Ju\u00e1rez\u201d"}]},{"@type":"WebSite","@id":"https:\/\/www.bbmnoticias.com\/labravaradiofm\/#website","url":"https:\/\/www.bbmnoticias.com\/labravaradiofm\/","name":"LA BRAVA RADIO","description":"Empresa productora de medios, Radiodifusi\u00f3n, Noticias, tendencias y todo lo que necesitas saber de la pol\u00edtica mexicana e internacional; entretenimiento, espect\u00e1culos, salud y mucho m\u00e1s.","potentialAction":[{"@type":"SearchAction","target":{"@type":"EntryPoint","urlTemplate":"https:\/\/www.bbmnoticias.com\/labravaradiofm\/?s={search_term_string}"},"query-input":{"@type":"PropertyValueSpecification","valueRequired":true,"valueName":"search_term_string"}}],"inLanguage":"es"},{"@type":"Person","@id":"https:\/\/www.bbmnoticias.com\/labravaradiofm\/#\/schema\/person\/34b139c617a70ea5bef5678bffe4dd7b","name":"Staff","image":{"@type":"ImageObject","inLanguage":"es","@id":"https:\/\/secure.gravatar.com\/avatar\/fdd21ad66fd8b98c407f9dee5b5e588cfe7f0d8579ec20fa6527cd59bab7f0f0?s=96&d=mm&r=g","url":"https:\/\/secure.gravatar.com\/avatar\/fdd21ad66fd8b98c407f9dee5b5e588cfe7f0d8579ec20fa6527cd59bab7f0f0?s=96&d=mm&r=g","contentUrl":"https:\/\/secure.gravatar.com\/avatar\/fdd21ad66fd8b98c407f9dee5b5e588cfe7f0d8579ec20fa6527cd59bab7f0f0?s=96&d=mm&r=g","caption":"Staff"},"url":"https:\/\/www.bbmnoticias.com\/labravaradiofm\/author\/redaccion\/"}]}},"_links":{"self":[{"href":"https:\/\/www.bbmnoticias.com\/labravaradiofm\/wp-json\/wp\/v2\/posts\/26595","targetHints":{"allow":["GET"]}}],"collection":[{"href":"https:\/\/www.bbmnoticias.com\/labravaradiofm\/wp-json\/wp\/v2\/posts"}],"about":[{"href":"https:\/\/www.bbmnoticias.com\/labravaradiofm\/wp-json\/wp\/v2\/types\/post"}],"author":[{"embeddable":true,"href":"https:\/\/www.bbmnoticias.com\/labravaradiofm\/wp-json\/wp\/v2\/users\/2"}],"replies":[{"embeddable":true,"href":"https:\/\/www.bbmnoticias.com\/labravaradiofm\/wp-json\/wp\/v2\/comments?post=26595"}],"version-history":[{"count":0,"href":"https:\/\/www.bbmnoticias.com\/labravaradiofm\/wp-json\/wp\/v2\/posts\/26595\/revisions"}],"wp:featuredmedia":[{"embeddable":true,"href":"https:\/\/www.bbmnoticias.com\/labravaradiofm\/wp-json\/wp\/v2\/media\/26596"}],"wp:attachment":[{"href":"https:\/\/www.bbmnoticias.com\/labravaradiofm\/wp-json\/wp\/v2\/media?parent=26595"}],"wp:term":[{"taxonomy":"category","embeddable":true,"href":"https:\/\/www.bbmnoticias.com\/labravaradiofm\/wp-json\/wp\/v2\/categories?post=26595"},{"taxonomy":"post_tag","embeddable":true,"href":"https:\/\/www.bbmnoticias.com\/labravaradiofm\/wp-json\/wp\/v2\/tags?post=26595"}],"curies":[{"name":"wp","href":"https:\/\/api.w.org\/{rel}","templated":true}]}}