{"id":26587,"date":"2023-04-24T09:41:41","date_gmt":"2023-04-24T15:41:41","guid":{"rendered":"https:\/\/www.bbmnoticias.com\/labravaradiofm\/?p=26587"},"modified":"2023-04-24T09:41:42","modified_gmt":"2023-04-24T15:41:42","slug":"adan-augusto-lopez-niega-desvanecimiento-e-infarto-de-amlo-en-yucatan","status":"publish","type":"post","link":"https:\/\/www.bbmnoticias.com\/labravaradiofm\/2023\/04\/24\/adan-augusto-lopez-niega-desvanecimiento-e-infarto-de-amlo-en-yucatan\/","title":{"rendered":"Ad\u00e1n Augusto L\u00f3pez niega desvanecimiento e infarto de AMLO en Yucat\u00e1n"},"content":{"rendered":"<div style=\"margin-top: 0px; margin-bottom: 0px;\" class=\"sharethis-inline-share-buttons\" ><\/div>\n<p><strong>Ad\u00e1n Augusto L\u00f3pez Hern\u00e1ndez<\/strong>, secretario de Gobernaci\u00f3n, inform\u00f3 que el presidente <strong>Andr\u00e9s Manuel L\u00f3pez Obrador <\/strong>se encuentra aislado y recuper\u00e1ndose en Palacio Nacional.<\/p>\n\n\n\n<p>El secretario de Gobernaci\u00f3n coment\u00f3 que el s\u00e1bado por la noche y el domingo en la ma\u00f1ana ten\u00eda s\u00edntomas de un resfriado, por lo que se le practicaron pruebas de <strong>Covid-19<\/strong> e influenza; horas m\u00e1s tarde, el resultado arroj\u00f3 positividad a Covid.<\/p>\n\n\n\n<p>&#8220;No hubo ning\u00fan <strong>traslado de emergencia<\/strong>, no hubo ning\u00fan <strong>desvanecimiento <\/strong>como algunos han pretendido hacer creerlo que s\u00ed se dio, instruy\u00f3 a que las evaluaciones \u00faltimo tramo del <strong>Tren Maya<\/strong> se llevaran a cabo y por sugerencia de los m\u00e9dicos y ante laeventualidad de que pudiera ser Covid, se decidi\u00f3 que empezara un proceso de aislamiento y se traslad\u00f3 a la Ciudad de M\u00e9xico&#8221;, mencion\u00f3.<\/p>\n\n\n\n<p>\u201cLas especulaciones son producto de la malquerencia de algunos [&#8230;] Eso quisieran, pero goza de cabal salud\u201d, dijo el secretario de Gobernaci\u00f3n por el rumor de un infarto que sufri\u00f3 AMLO.<\/p>\n\n\n\n<p>A pregunta expresa sobre el tratamiento m\u00e9dico que est\u00e1 recibiendo el presidente L\u00f3pez Obrador, Ad\u00e1n Augusto L\u00f3pez dijo que el presidente est\u00e1 siendo atendido y monitoreado de manera permanente &#8220;y con toda franqueza les digo que lo que se requiera en cuanto a medicamentos estar\u00e1n a disposici\u00f3n del se\u00f1or presidente&#8221;, asegur\u00f3.<\/p>\n","protected":false},"excerpt":{"rendered":"<p>Ad\u00e1n Augusto L\u00f3pez Hern\u00e1ndez, secretario de Gobernaci\u00f3n, inform\u00f3 que el presidente Andr\u00e9s Manuel L\u00f3pez Obrador se encuentra aislado y recuper\u00e1ndose en Palacio Nacional. El secretario de Gobernaci\u00f3n coment\u00f3 que el s\u00e1bado por la noche y el domingo en la ma\u00f1ana ten\u00eda s\u00edntomas de un resfriado, por lo que se le practicaron pruebas de Covid-19 e [&hellip;]<\/p>\n","protected":false},"author":10,"featured_media":26588,"comment_status":"closed","ping_status":"closed","sticky":false,"template":"","format":"standard","meta":{"footnotes":""},"categories":[2],"tags":[],"class_list":{"0":"post-26587","1":"post","2":"type-post","3":"status-publish","4":"format-standard","5":"has-post-thumbnail","7":"category-oaxaca"},"yoast_head":"<!-- This site is optimized with the Yoast SEO plugin v27.4 - https:\/\/yoast.com\/product\/yoast-seo-wordpress\/ -->\n<title>Ad\u00e1n Augusto L\u00f3pez niega desvanecimiento e infarto de AMLO en Yucat\u00e1n - LA BRAVA RADIO<\/title>\n<meta name=\"robots\" content=\"index, follow, max-snippet:-1, max-image-preview:large, max-video-preview:-1\" \/>\n<link rel=\"canonical\" href=\"https:\/\/www.bbmnoticias.com\/labravaradiofm\/2023\/04\/24\/adan-augusto-lopez-niega-desvanecimiento-e-infarto-de-amlo-en-yucatan\/\" \/>\n<meta property=\"og:locale\" content=\"es_MX\" \/>\n<meta property=\"og:type\" content=\"article\" \/>\n<meta property=\"og:title\" content=\"Ad\u00e1n Augusto L\u00f3pez niega desvanecimiento e infarto de AMLO en Yucat\u00e1n - LA BRAVA RADIO\" \/>\n<meta property=\"og:description\" content=\"Ad\u00e1n Augusto L\u00f3pez Hern\u00e1ndez, secretario de Gobernaci\u00f3n, inform\u00f3 que el presidente Andr\u00e9s Manuel L\u00f3pez Obrador se encuentra aislado y recuper\u00e1ndose en Palacio Nacional. El secretario de Gobernaci\u00f3n coment\u00f3 que el s\u00e1bado por la noche y el domingo en la ma\u00f1ana ten\u00eda s\u00edntomas de un resfriado, por lo que se le practicaron pruebas de Covid-19 e [&hellip;]\" \/>\n<meta property=\"og:url\" content=\"https:\/\/www.bbmnoticias.com\/labravaradiofm\/2023\/04\/24\/adan-augusto-lopez-niega-desvanecimiento-e-infarto-de-amlo-en-yucatan\/\" \/>\n<meta property=\"og:site_name\" content=\"LA BRAVA RADIO\" \/>\n<meta property=\"article:published_time\" content=\"2023-04-24T15:41:41+00:00\" \/>\n<meta property=\"article:modified_time\" content=\"2023-04-24T15:41:42+00:00\" \/>\n<meta property=\"og:image\" content=\"https:\/\/www.bbmnoticias.com\/labravaradiofm\/wp-content\/uploads\/sites\/5\/2023\/04\/adan_augusto.jpg\" \/>\n\t<meta property=\"og:image:width\" content=\"800\" \/>\n\t<meta property=\"og:image:height\" content=\"484\" \/>\n\t<meta property=\"og:image:type\" content=\"image\/jpeg\" \/>\n<meta name=\"author\" content=\"El Universal\" \/>\n<meta name=\"twitter:card\" content=\"summary_large_image\" \/>\n<meta name=\"twitter:label1\" content=\"Escrito por\" \/>\n\t<meta name=\"twitter:data1\" content=\"El Universal\" \/>\n\t<meta name=\"twitter:label2\" content=\"Tiempo de lectura\" \/>\n\t<meta name=\"twitter:data2\" content=\"1 minuto\" \/>\n<script type=\"application\/ld+json\" class=\"yoast-schema-graph\">{\"@context\":\"https:\\\/\\\/schema.org\",\"@graph\":[{\"@type\":\"Article\",\"@id\":\"https:\\\/\\\/www.bbmnoticias.com\\\/labravaradiofm\\\/2023\\\/04\\\/24\\\/adan-augusto-lopez-niega-desvanecimiento-e-infarto-de-amlo-en-yucatan\\\/#article\",\"isPartOf\":{\"@id\":\"https:\\\/\\\/www.bbmnoticias.com\\\/labravaradiofm\\\/2023\\\/04\\\/24\\\/adan-augusto-lopez-niega-desvanecimiento-e-infarto-de-amlo-en-yucatan\\\/\"},\"author\":{\"name\":\"El Universal\",\"@id\":\"https:\\\/\\\/www.bbmnoticias.com\\\/labravaradiofm\\\/#\\\/schema\\\/person\\\/9d7a6a319e0df750bc43fc190d0b889b\"},\"headline\":\"Ad\u00e1n Augusto L\u00f3pez niega desvanecimiento e infarto de AMLO en Yucat\u00e1n\",\"datePublished\":\"2023-04-24T15:41:41+00:00\",\"dateModified\":\"2023-04-24T15:41:42+00:00\",\"mainEntityOfPage\":{\"@id\":\"https:\\\/\\\/www.bbmnoticias.com\\\/labravaradiofm\\\/2023\\\/04\\\/24\\\/adan-augusto-lopez-niega-desvanecimiento-e-infarto-de-amlo-en-yucatan\\\/\"},\"wordCount\":250,\"image\":{\"@id\":\"https:\\\/\\\/www.bbmnoticias.com\\\/labravaradiofm\\\/2023\\\/04\\\/24\\\/adan-augusto-lopez-niega-desvanecimiento-e-infarto-de-amlo-en-yucatan\\\/#primaryimage\"},\"thumbnailUrl\":\"https:\\\/\\\/www.bbmnoticias.com\\\/labravaradiofm\\\/wp-content\\\/uploads\\\/sites\\\/5\\\/2023\\\/04\\\/adan_augusto.jpg\",\"articleSection\":[\"LOCAL\"],\"inLanguage\":\"es\"},{\"@type\":\"WebPage\",\"@id\":\"https:\\\/\\\/www.bbmnoticias.com\\\/labravaradiofm\\\/2023\\\/04\\\/24\\\/adan-augusto-lopez-niega-desvanecimiento-e-infarto-de-amlo-en-yucatan\\\/\",\"url\":\"https:\\\/\\\/www.bbmnoticias.com\\\/labravaradiofm\\\/2023\\\/04\\\/24\\\/adan-augusto-lopez-niega-desvanecimiento-e-infarto-de-amlo-en-yucatan\\\/\",\"name\":\"Ad\u00e1n Augusto L\u00f3pez niega desvanecimiento e infarto de AMLO en Yucat\u00e1n - LA BRAVA RADIO\",\"isPartOf\":{\"@id\":\"https:\\\/\\\/www.bbmnoticias.com\\\/labravaradiofm\\\/#website\"},\"primaryImageOfPage\":{\"@id\":\"https:\\\/\\\/www.bbmnoticias.com\\\/labravaradiofm\\\/2023\\\/04\\\/24\\\/adan-augusto-lopez-niega-desvanecimiento-e-infarto-de-amlo-en-yucatan\\\/#primaryimage\"},\"image\":{\"@id\":\"https:\\\/\\\/www.bbmnoticias.com\\\/labravaradiofm\\\/2023\\\/04\\\/24\\\/adan-augusto-lopez-niega-desvanecimiento-e-infarto-de-amlo-en-yucatan\\\/#primaryimage\"},\"thumbnailUrl\":\"https:\\\/\\\/www.bbmnoticias.com\\\/labravaradiofm\\\/wp-content\\\/uploads\\\/sites\\\/5\\\/2023\\\/04\\\/adan_augusto.jpg\",\"datePublished\":\"2023-04-24T15:41:41+00:00\",\"dateModified\":\"2023-04-24T15:41:42+00:00\",\"author\":{\"@id\":\"https:\\\/\\\/www.bbmnoticias.com\\\/labravaradiofm\\\/#\\\/schema\\\/person\\\/9d7a6a319e0df750bc43fc190d0b889b\"},\"breadcrumb\":{\"@id\":\"https:\\\/\\\/www.bbmnoticias.com\\\/labravaradiofm\\\/2023\\\/04\\\/24\\\/adan-augusto-lopez-niega-desvanecimiento-e-infarto-de-amlo-en-yucatan\\\/#breadcrumb\"},\"inLanguage\":\"es\",\"potentialAction\":[{\"@type\":\"ReadAction\",\"target\":[\"https:\\\/\\\/www.bbmnoticias.com\\\/labravaradiofm\\\/2023\\\/04\\\/24\\\/adan-augusto-lopez-niega-desvanecimiento-e-infarto-de-amlo-en-yucatan\\\/\"]}]},{\"@type\":\"ImageObject\",\"inLanguage\":\"es\",\"@id\":\"https:\\\/\\\/www.bbmnoticias.com\\\/labravaradiofm\\\/2023\\\/04\\\/24\\\/adan-augusto-lopez-niega-desvanecimiento-e-infarto-de-amlo-en-yucatan\\\/#primaryimage\",\"url\":\"https:\\\/\\\/www.bbmnoticias.com\\\/labravaradiofm\\\/wp-content\\\/uploads\\\/sites\\\/5\\\/2023\\\/04\\\/adan_augusto.jpg\",\"contentUrl\":\"https:\\\/\\\/www.bbmnoticias.com\\\/labravaradiofm\\\/wp-content\\\/uploads\\\/sites\\\/5\\\/2023\\\/04\\\/adan_augusto.jpg\",\"width\":800,\"height\":484},{\"@type\":\"BreadcrumbList\",\"@id\":\"https:\\\/\\\/www.bbmnoticias.com\\\/labravaradiofm\\\/2023\\\/04\\\/24\\\/adan-augusto-lopez-niega-desvanecimiento-e-infarto-de-amlo-en-yucatan\\\/#breadcrumb\",\"itemListElement\":[{\"@type\":\"ListItem\",\"position\":1,\"name\":\"Inicio\",\"item\":\"https:\\\/\\\/www.bbmnoticias.com\\\/labravaradiofm\\\/\"},{\"@type\":\"ListItem\",\"position\":2,\"name\":\"Ad\u00e1n Augusto L\u00f3pez niega desvanecimiento e infarto de AMLO en Yucat\u00e1n\"}]},{\"@type\":\"WebSite\",\"@id\":\"https:\\\/\\\/www.bbmnoticias.com\\\/labravaradiofm\\\/#website\",\"url\":\"https:\\\/\\\/www.bbmnoticias.com\\\/labravaradiofm\\\/\",\"name\":\"LA BRAVA RADIO\",\"description\":\"Empresa productora de medios, Radiodifusi\u00f3n, Noticias, tendencias y todo lo que necesitas saber de la pol\u00edtica mexicana e internacional; entretenimiento, espect\u00e1culos, salud y mucho m\u00e1s.\",\"potentialAction\":[{\"@type\":\"SearchAction\",\"target\":{\"@type\":\"EntryPoint\",\"urlTemplate\":\"https:\\\/\\\/www.bbmnoticias.com\\\/labravaradiofm\\\/?s={search_term_string}\"},\"query-input\":{\"@type\":\"PropertyValueSpecification\",\"valueRequired\":true,\"valueName\":\"search_term_string\"}}],\"inLanguage\":\"es\"},{\"@type\":\"Person\",\"@id\":\"https:\\\/\\\/www.bbmnoticias.com\\\/labravaradiofm\\\/#\\\/schema\\\/person\\\/9d7a6a319e0df750bc43fc190d0b889b\",\"name\":\"El Universal\",\"image\":{\"@type\":\"ImageObject\",\"inLanguage\":\"es\",\"@id\":\"https:\\\/\\\/secure.gravatar.com\\\/avatar\\\/71c770e6e00bd7cb8183e56d1c59f81601544fbe41d802d7c17d05c9e25f7d06?s=96&d=mm&r=g\",\"url\":\"https:\\\/\\\/secure.gravatar.com\\\/avatar\\\/71c770e6e00bd7cb8183e56d1c59f81601544fbe41d802d7c17d05c9e25f7d06?s=96&d=mm&r=g\",\"contentUrl\":\"https:\\\/\\\/secure.gravatar.com\\\/avatar\\\/71c770e6e00bd7cb8183e56d1c59f81601544fbe41d802d7c17d05c9e25f7d06?s=96&d=mm&r=g\",\"caption\":\"El Universal\"},\"url\":\"https:\\\/\\\/www.bbmnoticias.com\\\/labravaradiofm\\\/author\\\/eluniversal\\\/\"}]}<\/script>\n<!-- \/ Yoast SEO plugin. -->","yoast_head_json":{"title":"Ad\u00e1n Augusto L\u00f3pez niega desvanecimiento e infarto de AMLO en Yucat\u00e1n - LA BRAVA RADIO","robots":{"index":"index","follow":"follow","max-snippet":"max-snippet:-1","max-image-preview":"max-image-preview:large","max-video-preview":"max-video-preview:-1"},"canonical":"https:\/\/www.bbmnoticias.com\/labravaradiofm\/2023\/04\/24\/adan-augusto-lopez-niega-desvanecimiento-e-infarto-de-amlo-en-yucatan\/","og_locale":"es_MX","og_type":"article","og_title":"Ad\u00e1n Augusto L\u00f3pez niega desvanecimiento e infarto de AMLO en Yucat\u00e1n - LA BRAVA RADIO","og_description":"Ad\u00e1n Augusto L\u00f3pez Hern\u00e1ndez, secretario de Gobernaci\u00f3n, inform\u00f3 que el presidente Andr\u00e9s Manuel L\u00f3pez Obrador se encuentra aislado y recuper\u00e1ndose en Palacio Nacional. El secretario de Gobernaci\u00f3n coment\u00f3 que el s\u00e1bado por la noche y el domingo en la ma\u00f1ana ten\u00eda s\u00edntomas de un resfriado, por lo que se le practicaron pruebas de Covid-19 e [&hellip;]","og_url":"https:\/\/www.bbmnoticias.com\/labravaradiofm\/2023\/04\/24\/adan-augusto-lopez-niega-desvanecimiento-e-infarto-de-amlo-en-yucatan\/","og_site_name":"LA BRAVA RADIO","article_published_time":"2023-04-24T15:41:41+00:00","article_modified_time":"2023-04-24T15:41:42+00:00","og_image":[{"width":800,"height":484,"url":"https:\/\/www.bbmnoticias.com\/labravaradiofm\/wp-content\/uploads\/sites\/5\/2023\/04\/adan_augusto.jpg","type":"image\/jpeg"}],"author":"El Universal","twitter_card":"summary_large_image","twitter_misc":{"Escrito por":"El Universal","Tiempo de lectura":"1 minuto"},"schema":{"@context":"https:\/\/schema.org","@graph":[{"@type":"Article","@id":"https:\/\/www.bbmnoticias.com\/labravaradiofm\/2023\/04\/24\/adan-augusto-lopez-niega-desvanecimiento-e-infarto-de-amlo-en-yucatan\/#article","isPartOf":{"@id":"https:\/\/www.bbmnoticias.com\/labravaradiofm\/2023\/04\/24\/adan-augusto-lopez-niega-desvanecimiento-e-infarto-de-amlo-en-yucatan\/"},"author":{"name":"El Universal","@id":"https:\/\/www.bbmnoticias.com\/labravaradiofm\/#\/schema\/person\/9d7a6a319e0df750bc43fc190d0b889b"},"headline":"Ad\u00e1n Augusto L\u00f3pez niega desvanecimiento e infarto de AMLO en Yucat\u00e1n","datePublished":"2023-04-24T15:41:41+00:00","dateModified":"2023-04-24T15:41:42+00:00","mainEntityOfPage":{"@id":"https:\/\/www.bbmnoticias.com\/labravaradiofm\/2023\/04\/24\/adan-augusto-lopez-niega-desvanecimiento-e-infarto-de-amlo-en-yucatan\/"},"wordCount":250,"image":{"@id":"https:\/\/www.bbmnoticias.com\/labravaradiofm\/2023\/04\/24\/adan-augusto-lopez-niega-desvanecimiento-e-infarto-de-amlo-en-yucatan\/#primaryimage"},"thumbnailUrl":"https:\/\/www.bbmnoticias.com\/labravaradiofm\/wp-content\/uploads\/sites\/5\/2023\/04\/adan_augusto.jpg","articleSection":["LOCAL"],"inLanguage":"es"},{"@type":"WebPage","@id":"https:\/\/www.bbmnoticias.com\/labravaradiofm\/2023\/04\/24\/adan-augusto-lopez-niega-desvanecimiento-e-infarto-de-amlo-en-yucatan\/","url":"https:\/\/www.bbmnoticias.com\/labravaradiofm\/2023\/04\/24\/adan-augusto-lopez-niega-desvanecimiento-e-infarto-de-amlo-en-yucatan\/","name":"Ad\u00e1n Augusto L\u00f3pez niega desvanecimiento e infarto de AMLO en Yucat\u00e1n - LA BRAVA RADIO","isPartOf":{"@id":"https:\/\/www.bbmnoticias.com\/labravaradiofm\/#website"},"primaryImageOfPage":{"@id":"https:\/\/www.bbmnoticias.com\/labravaradiofm\/2023\/04\/24\/adan-augusto-lopez-niega-desvanecimiento-e-infarto-de-amlo-en-yucatan\/#primaryimage"},"image":{"@id":"https:\/\/www.bbmnoticias.com\/labravaradiofm\/2023\/04\/24\/adan-augusto-lopez-niega-desvanecimiento-e-infarto-de-amlo-en-yucatan\/#primaryimage"},"thumbnailUrl":"https:\/\/www.bbmnoticias.com\/labravaradiofm\/wp-content\/uploads\/sites\/5\/2023\/04\/adan_augusto.jpg","datePublished":"2023-04-24T15:41:41+00:00","dateModified":"2023-04-24T15:41:42+00:00","author":{"@id":"https:\/\/www.bbmnoticias.com\/labravaradiofm\/#\/schema\/person\/9d7a6a319e0df750bc43fc190d0b889b"},"breadcrumb":{"@id":"https:\/\/www.bbmnoticias.com\/labravaradiofm\/2023\/04\/24\/adan-augusto-lopez-niega-desvanecimiento-e-infarto-de-amlo-en-yucatan\/#breadcrumb"},"inLanguage":"es","potentialAction":[{"@type":"ReadAction","target":["https:\/\/www.bbmnoticias.com\/labravaradiofm\/2023\/04\/24\/adan-augusto-lopez-niega-desvanecimiento-e-infarto-de-amlo-en-yucatan\/"]}]},{"@type":"ImageObject","inLanguage":"es","@id":"https:\/\/www.bbmnoticias.com\/labravaradiofm\/2023\/04\/24\/adan-augusto-lopez-niega-desvanecimiento-e-infarto-de-amlo-en-yucatan\/#primaryimage","url":"https:\/\/www.bbmnoticias.com\/labravaradiofm\/wp-content\/uploads\/sites\/5\/2023\/04\/adan_augusto.jpg","contentUrl":"https:\/\/www.bbmnoticias.com\/labravaradiofm\/wp-content\/uploads\/sites\/5\/2023\/04\/adan_augusto.jpg","width":800,"height":484},{"@type":"BreadcrumbList","@id":"https:\/\/www.bbmnoticias.com\/labravaradiofm\/2023\/04\/24\/adan-augusto-lopez-niega-desvanecimiento-e-infarto-de-amlo-en-yucatan\/#breadcrumb","itemListElement":[{"@type":"ListItem","position":1,"name":"Inicio","item":"https:\/\/www.bbmnoticias.com\/labravaradiofm\/"},{"@type":"ListItem","position":2,"name":"Ad\u00e1n Augusto L\u00f3pez niega desvanecimiento e infarto de AMLO en Yucat\u00e1n"}]},{"@type":"WebSite","@id":"https:\/\/www.bbmnoticias.com\/labravaradiofm\/#website","url":"https:\/\/www.bbmnoticias.com\/labravaradiofm\/","name":"LA BRAVA RADIO","description":"Empresa productora de medios, Radiodifusi\u00f3n, Noticias, tendencias y todo lo que necesitas saber de la pol\u00edtica mexicana e internacional; entretenimiento, espect\u00e1culos, salud y mucho m\u00e1s.","potentialAction":[{"@type":"SearchAction","target":{"@type":"EntryPoint","urlTemplate":"https:\/\/www.bbmnoticias.com\/labravaradiofm\/?s={search_term_string}"},"query-input":{"@type":"PropertyValueSpecification","valueRequired":true,"valueName":"search_term_string"}}],"inLanguage":"es"},{"@type":"Person","@id":"https:\/\/www.bbmnoticias.com\/labravaradiofm\/#\/schema\/person\/9d7a6a319e0df750bc43fc190d0b889b","name":"El Universal","image":{"@type":"ImageObject","inLanguage":"es","@id":"https:\/\/secure.gravatar.com\/avatar\/71c770e6e00bd7cb8183e56d1c59f81601544fbe41d802d7c17d05c9e25f7d06?s=96&d=mm&r=g","url":"https:\/\/secure.gravatar.com\/avatar\/71c770e6e00bd7cb8183e56d1c59f81601544fbe41d802d7c17d05c9e25f7d06?s=96&d=mm&r=g","contentUrl":"https:\/\/secure.gravatar.com\/avatar\/71c770e6e00bd7cb8183e56d1c59f81601544fbe41d802d7c17d05c9e25f7d06?s=96&d=mm&r=g","caption":"El Universal"},"url":"https:\/\/www.bbmnoticias.com\/labravaradiofm\/author\/eluniversal\/"}]}},"_links":{"self":[{"href":"https:\/\/www.bbmnoticias.com\/labravaradiofm\/wp-json\/wp\/v2\/posts\/26587","targetHints":{"allow":["GET"]}}],"collection":[{"href":"https:\/\/www.bbmnoticias.com\/labravaradiofm\/wp-json\/wp\/v2\/posts"}],"about":[{"href":"https:\/\/www.bbmnoticias.com\/labravaradiofm\/wp-json\/wp\/v2\/types\/post"}],"author":[{"embeddable":true,"href":"https:\/\/www.bbmnoticias.com\/labravaradiofm\/wp-json\/wp\/v2\/users\/10"}],"replies":[{"embeddable":true,"href":"https:\/\/www.bbmnoticias.com\/labravaradiofm\/wp-json\/wp\/v2\/comments?post=26587"}],"version-history":[{"count":0,"href":"https:\/\/www.bbmnoticias.com\/labravaradiofm\/wp-json\/wp\/v2\/posts\/26587\/revisions"}],"wp:featuredmedia":[{"embeddable":true,"href":"https:\/\/www.bbmnoticias.com\/labravaradiofm\/wp-json\/wp\/v2\/media\/26588"}],"wp:attachment":[{"href":"https:\/\/www.bbmnoticias.com\/labravaradiofm\/wp-json\/wp\/v2\/media?parent=26587"}],"wp:term":[{"taxonomy":"category","embeddable":true,"href":"https:\/\/www.bbmnoticias.com\/labravaradiofm\/wp-json\/wp\/v2\/categories?post=26587"},{"taxonomy":"post_tag","embeddable":true,"href":"https:\/\/www.bbmnoticias.com\/labravaradiofm\/wp-json\/wp\/v2\/tags?post=26587"}],"curies":[{"name":"wp","href":"https:\/\/api.w.org\/{rel}","templated":true}]}}