{"id":265,"date":"2021-08-18T01:55:23","date_gmt":"2021-08-18T01:55:23","guid":{"rendered":"https:\/\/www.bbmnoticias.com\/labravaradiofm\/datanew\/?p=265"},"modified":"2021-08-18T01:57:29","modified_gmt":"2021-08-18T01:57:29","slug":"renuncia-director-de-prerrogativas-y-partidos-politicos-del-ine-instituto-reconoce-su-labor","status":"publish","type":"post","link":"https:\/\/www.bbmnoticias.com\/labravaradiofm\/2021\/08\/18\/renuncia-director-de-prerrogativas-y-partidos-politicos-del-ine-instituto-reconoce-su-labor\/","title":{"rendered":"Renuncia director de Prerrogativas y Partidos Pol\u00edticos del INE; instituto reconoce su labor"},"content":{"rendered":"<div style=\"margin-top: 0px; margin-bottom: 0px;\" class=\"sharethis-inline-share-buttons\" ><\/div>\n<p><strong>Patricio Ballados<\/strong>, director Ejecutivo de Prerrogativas y Partidos Pol\u00edticos del Instituto Nacional Electoral (INE), anunci\u00f3 al Consejo General que <strong>presentar\u00e1 su renuncia oficial tras siete a\u00f1os en el cargo<\/strong>, una vez que la pr\u00f3xima semana se concrete la distribuci\u00f3n de diputaciones plurinominales.<\/p>\n\n\n\n<p><strong>MILENIO&nbsp;confirm\u00f3 que desde el primer trimestre del a\u00f1o, el funcionario inform\u00f3 de sus intenciones de presentar su renuncia para emprender un proyecto laboral posiblemente fuera del pa\u00eds, una vez que concluyera el proceso electoral federal que estaba en curso en ese momento.<\/strong><\/p>\n\n\n\n<blockquote class=\"wp-block-quote is-layout-flow wp-block-quote-is-layout-flow\"><p>\u201cDespu\u00e9s de casi siete a\u00f1os de haber aceptado la invitaci\u00f3n del consejero presidente a formar parte de su Junta General Ejecutiva como titular de la Direcci\u00f3n Ejecutiva de Prerrogativas y Partidos Pol\u00edticos (DEPPP), y habiendo concluido el tercero y \u00faltimo proceso electoral federal de este ciclo he presentado mi renuncia a partir del 31 de agosto.\u201c<strong>El motivo de mi separaci\u00f3n se debe exclusivamente al inicio de un proyecto familiar largamente esperado<\/strong>. Agradezco al presidente del Consejo General, Lorenzo C\u00f3rdova Vianello, haberme permitido formar parte de su equipo de trabajo y por permitirme el honor y la oportunidad de trabajar comprometidamente por la democracia en M\u00e9xico\u201d.<\/p><\/blockquote>\n\n\n\n<p>Este lunes de manera informal, <strong>Ballados comenz\u00f3 a notificar a los consejeros su decisi\u00f3n y la present\u00f3 por escrito este martes<\/strong>, luego de varios meses de que el consejero presidente Lorenzo C\u00f3rdova estuviera enterado de sus intenciones, por lo que al interior del INE se\u00f1alan que no se trata de un rompimiento.<\/p>\n\n\n\n<p>Hace una semana se aprob\u00f3 el financiamiento para los partidos pol\u00edticos y<strong> el pr\u00f3ximo lunes se definir\u00e1 la distribuci\u00f3n de diputaciones plurinominales en la C\u00e1mara de Diputados,<\/strong> proyecto que tambi\u00e9n est\u00e1 a cargo de la direcci\u00f3n que Balldos deja tras ocuparla desde 2014 cuando el Instituto Federal Electoral pas\u00f3 a ser el Instituto Nacional Electoral.<\/p>\n\n\n\n<p>Esta ma\u00f1ana, Ballados particip\u00f3 en el inicio del \u201c<em>Ciclo de foros sobre los resultados del monitoreo de las transmisiones sobre las precampa\u00f1as y campa\u00f1as electorales en los programas de radio y televisi\u00f3n que difundan noticias durante el Proceso Electoral Federal 2020-2021<\/em>\u201d que organiza la UNAM y el INE.<\/p>\n\n\n\n<p><strong>El INE destac\u00f3 la labor de Ballados al participar en la organizaci\u00f3n de tres procesos electorales <\/strong>del 1 de noviembre del 2014 al pr\u00f3ximo 31 de agosto cuando se haga efectiva su renuncia.<\/p>\n\n\n\n<p>Ballados ha estado al frente de las decisiones m\u00e1s relevantes del INE como la renovaci\u00f3n de la dirigencia de Morena; los dict\u00e1menes con los que se valid\u00f3 la creaci\u00f3n de nuevos partidos pol\u00edticos como Redes Sociales Progresistas, Fuerza por M\u00e9xico y el Partido Encuentro Solidario, y por el contrario, con los que se rechazaron otros como M\u00e9xico Libre de la ex primera dama Margarita Zavala y el ex presidente Felipe Calder\u00f3n.<\/p>\n\n\n\n<p>Tambi\u00e9n<strong> particip\u00f3 en los \u00faltimos siete a\u00f1os las asignaciones de presupuesto para los partidos pol\u00edticos<\/strong>, los spots de radio y televisi\u00f3n a los que tienen derecho. As\u00ed como en la acreditaci\u00f3n de representantes de partidos pol\u00edticos ante el INE<\/p>\n\n\n\n<p>Otros proyectos destacados para el pasado proceso electoral fue el proyecto para regular la sobrerrepresentaci\u00f3n, la aprobaci\u00f3n de coaliciones y candidaturas comunes.<\/p>\n\n\n\n<p>En un comunicado, <strong>el INE destac\u00f3 que Ballados \u201cimpuls\u00f3 diversas medidas y acciones afirmativas en materia de paridad en el acceso a radio y televisi\u00f3n<\/strong>, as\u00ed como en el financiamiento de candidatas mujeres. Y en el proceso electoral de 2017-2018 tuvo a su cargo la conducci\u00f3n de los trabajos para el registro de candidaturas independientes, mismo que por primera vez se realiz\u00f3 a trav\u00e9s de una aplicaci\u00f3n m\u00f3vil\u201d.<\/p>\n","protected":false},"excerpt":{"rendered":"<p>Patricio Ballados, director Ejecutivo de Prerrogativas y Partidos Pol\u00edticos del Instituto Nacional Electoral (INE), anunci\u00f3 al Consejo General que presentar\u00e1 su renuncia oficial tras siete a\u00f1os en el cargo, una vez que la pr\u00f3xima semana se concrete la distribuci\u00f3n de diputaciones plurinominales. MILENIO&nbsp;confirm\u00f3 que desde el primer trimestre del a\u00f1o, el funcionario inform\u00f3 de sus [&hellip;]<\/p>\n","protected":false},"author":2,"featured_media":267,"comment_status":"open","ping_status":"open","sticky":false,"template":"","format":"standard","meta":{"footnotes":""},"categories":[19,1],"tags":[],"class_list":{"0":"post-265","1":"post","2":"type-post","3":"status-publish","4":"format-standard","5":"has-post-thumbnail","7":"category-nacional","8":"category-sin-categoria"},"yoast_head":"<!-- This site is optimized with the Yoast SEO plugin v27.4 - https:\/\/yoast.com\/product\/yoast-seo-wordpress\/ -->\n<title>Renuncia director de Prerrogativas y Partidos Pol\u00edticos del INE; instituto reconoce su labor - LA BRAVA RADIO<\/title>\n<meta name=\"robots\" content=\"index, follow, max-snippet:-1, max-image-preview:large, max-video-preview:-1\" \/>\n<link rel=\"canonical\" href=\"https:\/\/www.bbmnoticias.com\/labravaradiofm\/2021\/08\/18\/renuncia-director-de-prerrogativas-y-partidos-politicos-del-ine-instituto-reconoce-su-labor\/\" \/>\n<meta property=\"og:locale\" content=\"es_MX\" \/>\n<meta property=\"og:type\" content=\"article\" \/>\n<meta property=\"og:title\" content=\"Renuncia director de Prerrogativas y Partidos Pol\u00edticos del INE; instituto reconoce su labor - LA BRAVA RADIO\" \/>\n<meta property=\"og:description\" content=\"Patricio Ballados, director Ejecutivo de Prerrogativas y Partidos Pol\u00edticos del Instituto Nacional Electoral (INE), anunci\u00f3 al Consejo General que presentar\u00e1 su renuncia oficial tras siete a\u00f1os en el cargo, una vez que la pr\u00f3xima semana se concrete la distribuci\u00f3n de diputaciones plurinominales. MILENIO&nbsp;confirm\u00f3 que desde el primer trimestre del a\u00f1o, el funcionario inform\u00f3 de sus [&hellip;]\" \/>\n<meta property=\"og:url\" content=\"https:\/\/www.bbmnoticias.com\/labravaradiofm\/2021\/08\/18\/renuncia-director-de-prerrogativas-y-partidos-politicos-del-ine-instituto-reconoce-su-labor\/\" \/>\n<meta property=\"og:site_name\" content=\"LA BRAVA RADIO\" \/>\n<meta property=\"article:published_time\" content=\"2021-08-18T01:55:23+00:00\" \/>\n<meta property=\"article:modified_time\" content=\"2021-08-18T01:57:29+00:00\" \/>\n<meta property=\"og:image\" content=\"https:\/\/www.bbmnoticias.com\/labravaradiofm\/wp-content\/uploads\/sites\/5\/2021\/08\/17082021-2.jpg\" \/>\n\t<meta property=\"og:image:width\" content=\"958\" \/>\n\t<meta property=\"og:image:height\" content=\"596\" \/>\n\t<meta property=\"og:image:type\" content=\"image\/jpeg\" \/>\n<meta name=\"author\" content=\"Staff\" \/>\n<meta name=\"twitter:card\" content=\"summary_large_image\" \/>\n<meta name=\"twitter:label1\" content=\"Escrito por\" \/>\n\t<meta name=\"twitter:data1\" content=\"Staff\" \/>\n\t<meta name=\"twitter:label2\" content=\"Tiempo de lectura\" \/>\n\t<meta name=\"twitter:data2\" content=\"3 minutos\" \/>\n<script type=\"application\/ld+json\" class=\"yoast-schema-graph\">{\"@context\":\"https:\\\/\\\/schema.org\",\"@graph\":[{\"@type\":\"Article\",\"@id\":\"https:\\\/\\\/www.bbmnoticias.com\\\/labravaradiofm\\\/2021\\\/08\\\/18\\\/renuncia-director-de-prerrogativas-y-partidos-politicos-del-ine-instituto-reconoce-su-labor\\\/#article\",\"isPartOf\":{\"@id\":\"https:\\\/\\\/www.bbmnoticias.com\\\/labravaradiofm\\\/2021\\\/08\\\/18\\\/renuncia-director-de-prerrogativas-y-partidos-politicos-del-ine-instituto-reconoce-su-labor\\\/\"},\"author\":{\"name\":\"Staff\",\"@id\":\"https:\\\/\\\/www.bbmnoticias.com\\\/labravaradiofm\\\/#\\\/schema\\\/person\\\/34b139c617a70ea5bef5678bffe4dd7b\"},\"headline\":\"Renuncia director de Prerrogativas y Partidos Pol\u00edticos del INE; instituto reconoce su labor\",\"datePublished\":\"2021-08-18T01:55:23+00:00\",\"dateModified\":\"2021-08-18T01:57:29+00:00\",\"mainEntityOfPage\":{\"@id\":\"https:\\\/\\\/www.bbmnoticias.com\\\/labravaradiofm\\\/2021\\\/08\\\/18\\\/renuncia-director-de-prerrogativas-y-partidos-politicos-del-ine-instituto-reconoce-su-labor\\\/\"},\"wordCount\":639,\"commentCount\":0,\"image\":{\"@id\":\"https:\\\/\\\/www.bbmnoticias.com\\\/labravaradiofm\\\/2021\\\/08\\\/18\\\/renuncia-director-de-prerrogativas-y-partidos-politicos-del-ine-instituto-reconoce-su-labor\\\/#primaryimage\"},\"thumbnailUrl\":\"https:\\\/\\\/www.bbmnoticias.com\\\/labravaradiofm\\\/wp-content\\\/uploads\\\/sites\\\/5\\\/2021\\\/08\\\/17082021-2.jpg\",\"articleSection\":[\"NACIONAL\"],\"inLanguage\":\"es\",\"potentialAction\":[{\"@type\":\"CommentAction\",\"name\":\"Comment\",\"target\":[\"https:\\\/\\\/www.bbmnoticias.com\\\/labravaradiofm\\\/2021\\\/08\\\/18\\\/renuncia-director-de-prerrogativas-y-partidos-politicos-del-ine-instituto-reconoce-su-labor\\\/#respond\"]}]},{\"@type\":\"WebPage\",\"@id\":\"https:\\\/\\\/www.bbmnoticias.com\\\/labravaradiofm\\\/2021\\\/08\\\/18\\\/renuncia-director-de-prerrogativas-y-partidos-politicos-del-ine-instituto-reconoce-su-labor\\\/\",\"url\":\"https:\\\/\\\/www.bbmnoticias.com\\\/labravaradiofm\\\/2021\\\/08\\\/18\\\/renuncia-director-de-prerrogativas-y-partidos-politicos-del-ine-instituto-reconoce-su-labor\\\/\",\"name\":\"Renuncia director de Prerrogativas y Partidos Pol\u00edticos del INE; instituto reconoce su labor - LA BRAVA RADIO\",\"isPartOf\":{\"@id\":\"https:\\\/\\\/www.bbmnoticias.com\\\/labravaradiofm\\\/#website\"},\"primaryImageOfPage\":{\"@id\":\"https:\\\/\\\/www.bbmnoticias.com\\\/labravaradiofm\\\/2021\\\/08\\\/18\\\/renuncia-director-de-prerrogativas-y-partidos-politicos-del-ine-instituto-reconoce-su-labor\\\/#primaryimage\"},\"image\":{\"@id\":\"https:\\\/\\\/www.bbmnoticias.com\\\/labravaradiofm\\\/2021\\\/08\\\/18\\\/renuncia-director-de-prerrogativas-y-partidos-politicos-del-ine-instituto-reconoce-su-labor\\\/#primaryimage\"},\"thumbnailUrl\":\"https:\\\/\\\/www.bbmnoticias.com\\\/labravaradiofm\\\/wp-content\\\/uploads\\\/sites\\\/5\\\/2021\\\/08\\\/17082021-2.jpg\",\"datePublished\":\"2021-08-18T01:55:23+00:00\",\"dateModified\":\"2021-08-18T01:57:29+00:00\",\"author\":{\"@id\":\"https:\\\/\\\/www.bbmnoticias.com\\\/labravaradiofm\\\/#\\\/schema\\\/person\\\/34b139c617a70ea5bef5678bffe4dd7b\"},\"breadcrumb\":{\"@id\":\"https:\\\/\\\/www.bbmnoticias.com\\\/labravaradiofm\\\/2021\\\/08\\\/18\\\/renuncia-director-de-prerrogativas-y-partidos-politicos-del-ine-instituto-reconoce-su-labor\\\/#breadcrumb\"},\"inLanguage\":\"es\",\"potentialAction\":[{\"@type\":\"ReadAction\",\"target\":[\"https:\\\/\\\/www.bbmnoticias.com\\\/labravaradiofm\\\/2021\\\/08\\\/18\\\/renuncia-director-de-prerrogativas-y-partidos-politicos-del-ine-instituto-reconoce-su-labor\\\/\"]}]},{\"@type\":\"ImageObject\",\"inLanguage\":\"es\",\"@id\":\"https:\\\/\\\/www.bbmnoticias.com\\\/labravaradiofm\\\/2021\\\/08\\\/18\\\/renuncia-director-de-prerrogativas-y-partidos-politicos-del-ine-instituto-reconoce-su-labor\\\/#primaryimage\",\"url\":\"https:\\\/\\\/www.bbmnoticias.com\\\/labravaradiofm\\\/wp-content\\\/uploads\\\/sites\\\/5\\\/2021\\\/08\\\/17082021-2.jpg\",\"contentUrl\":\"https:\\\/\\\/www.bbmnoticias.com\\\/labravaradiofm\\\/wp-content\\\/uploads\\\/sites\\\/5\\\/2021\\\/08\\\/17082021-2.jpg\",\"width\":958,\"height\":596},{\"@type\":\"BreadcrumbList\",\"@id\":\"https:\\\/\\\/www.bbmnoticias.com\\\/labravaradiofm\\\/2021\\\/08\\\/18\\\/renuncia-director-de-prerrogativas-y-partidos-politicos-del-ine-instituto-reconoce-su-labor\\\/#breadcrumb\",\"itemListElement\":[{\"@type\":\"ListItem\",\"position\":1,\"name\":\"Inicio\",\"item\":\"https:\\\/\\\/www.bbmnoticias.com\\\/labravaradiofm\\\/\"},{\"@type\":\"ListItem\",\"position\":2,\"name\":\"Renuncia director de Prerrogativas y Partidos Pol\u00edticos del INE; instituto reconoce su labor\"}]},{\"@type\":\"WebSite\",\"@id\":\"https:\\\/\\\/www.bbmnoticias.com\\\/labravaradiofm\\\/#website\",\"url\":\"https:\\\/\\\/www.bbmnoticias.com\\\/labravaradiofm\\\/\",\"name\":\"LA BRAVA RADIO\",\"description\":\"Empresa productora de medios, Radiodifusi\u00f3n, Noticias, tendencias y todo lo que necesitas saber de la pol\u00edtica mexicana e internacional; entretenimiento, espect\u00e1culos, salud y mucho m\u00e1s.\",\"potentialAction\":[{\"@type\":\"SearchAction\",\"target\":{\"@type\":\"EntryPoint\",\"urlTemplate\":\"https:\\\/\\\/www.bbmnoticias.com\\\/labravaradiofm\\\/?s={search_term_string}\"},\"query-input\":{\"@type\":\"PropertyValueSpecification\",\"valueRequired\":true,\"valueName\":\"search_term_string\"}}],\"inLanguage\":\"es\"},{\"@type\":\"Person\",\"@id\":\"https:\\\/\\\/www.bbmnoticias.com\\\/labravaradiofm\\\/#\\\/schema\\\/person\\\/34b139c617a70ea5bef5678bffe4dd7b\",\"name\":\"Staff\",\"image\":{\"@type\":\"ImageObject\",\"inLanguage\":\"es\",\"@id\":\"https:\\\/\\\/secure.gravatar.com\\\/avatar\\\/fdd21ad66fd8b98c407f9dee5b5e588cfe7f0d8579ec20fa6527cd59bab7f0f0?s=96&d=mm&r=g\",\"url\":\"https:\\\/\\\/secure.gravatar.com\\\/avatar\\\/fdd21ad66fd8b98c407f9dee5b5e588cfe7f0d8579ec20fa6527cd59bab7f0f0?s=96&d=mm&r=g\",\"contentUrl\":\"https:\\\/\\\/secure.gravatar.com\\\/avatar\\\/fdd21ad66fd8b98c407f9dee5b5e588cfe7f0d8579ec20fa6527cd59bab7f0f0?s=96&d=mm&r=g\",\"caption\":\"Staff\"},\"url\":\"https:\\\/\\\/www.bbmnoticias.com\\\/labravaradiofm\\\/author\\\/redaccion\\\/\"}]}<\/script>\n<!-- \/ Yoast SEO plugin. -->","yoast_head_json":{"title":"Renuncia director de Prerrogativas y Partidos Pol\u00edticos del INE; instituto reconoce su labor - LA BRAVA RADIO","robots":{"index":"index","follow":"follow","max-snippet":"max-snippet:-1","max-image-preview":"max-image-preview:large","max-video-preview":"max-video-preview:-1"},"canonical":"https:\/\/www.bbmnoticias.com\/labravaradiofm\/2021\/08\/18\/renuncia-director-de-prerrogativas-y-partidos-politicos-del-ine-instituto-reconoce-su-labor\/","og_locale":"es_MX","og_type":"article","og_title":"Renuncia director de Prerrogativas y Partidos Pol\u00edticos del INE; instituto reconoce su labor - LA BRAVA RADIO","og_description":"Patricio Ballados, director Ejecutivo de Prerrogativas y Partidos Pol\u00edticos del Instituto Nacional Electoral (INE), anunci\u00f3 al Consejo General que presentar\u00e1 su renuncia oficial tras siete a\u00f1os en el cargo, una vez que la pr\u00f3xima semana se concrete la distribuci\u00f3n de diputaciones plurinominales. MILENIO&nbsp;confirm\u00f3 que desde el primer trimestre del a\u00f1o, el funcionario inform\u00f3 de sus [&hellip;]","og_url":"https:\/\/www.bbmnoticias.com\/labravaradiofm\/2021\/08\/18\/renuncia-director-de-prerrogativas-y-partidos-politicos-del-ine-instituto-reconoce-su-labor\/","og_site_name":"LA BRAVA RADIO","article_published_time":"2021-08-18T01:55:23+00:00","article_modified_time":"2021-08-18T01:57:29+00:00","og_image":[{"width":958,"height":596,"url":"https:\/\/www.bbmnoticias.com\/labravaradiofm\/wp-content\/uploads\/sites\/5\/2021\/08\/17082021-2.jpg","type":"image\/jpeg"}],"author":"Staff","twitter_card":"summary_large_image","twitter_misc":{"Escrito por":"Staff","Tiempo de lectura":"3 minutos"},"schema":{"@context":"https:\/\/schema.org","@graph":[{"@type":"Article","@id":"https:\/\/www.bbmnoticias.com\/labravaradiofm\/2021\/08\/18\/renuncia-director-de-prerrogativas-y-partidos-politicos-del-ine-instituto-reconoce-su-labor\/#article","isPartOf":{"@id":"https:\/\/www.bbmnoticias.com\/labravaradiofm\/2021\/08\/18\/renuncia-director-de-prerrogativas-y-partidos-politicos-del-ine-instituto-reconoce-su-labor\/"},"author":{"name":"Staff","@id":"https:\/\/www.bbmnoticias.com\/labravaradiofm\/#\/schema\/person\/34b139c617a70ea5bef5678bffe4dd7b"},"headline":"Renuncia director de Prerrogativas y Partidos Pol\u00edticos del INE; instituto reconoce su labor","datePublished":"2021-08-18T01:55:23+00:00","dateModified":"2021-08-18T01:57:29+00:00","mainEntityOfPage":{"@id":"https:\/\/www.bbmnoticias.com\/labravaradiofm\/2021\/08\/18\/renuncia-director-de-prerrogativas-y-partidos-politicos-del-ine-instituto-reconoce-su-labor\/"},"wordCount":639,"commentCount":0,"image":{"@id":"https:\/\/www.bbmnoticias.com\/labravaradiofm\/2021\/08\/18\/renuncia-director-de-prerrogativas-y-partidos-politicos-del-ine-instituto-reconoce-su-labor\/#primaryimage"},"thumbnailUrl":"https:\/\/www.bbmnoticias.com\/labravaradiofm\/wp-content\/uploads\/sites\/5\/2021\/08\/17082021-2.jpg","articleSection":["NACIONAL"],"inLanguage":"es","potentialAction":[{"@type":"CommentAction","name":"Comment","target":["https:\/\/www.bbmnoticias.com\/labravaradiofm\/2021\/08\/18\/renuncia-director-de-prerrogativas-y-partidos-politicos-del-ine-instituto-reconoce-su-labor\/#respond"]}]},{"@type":"WebPage","@id":"https:\/\/www.bbmnoticias.com\/labravaradiofm\/2021\/08\/18\/renuncia-director-de-prerrogativas-y-partidos-politicos-del-ine-instituto-reconoce-su-labor\/","url":"https:\/\/www.bbmnoticias.com\/labravaradiofm\/2021\/08\/18\/renuncia-director-de-prerrogativas-y-partidos-politicos-del-ine-instituto-reconoce-su-labor\/","name":"Renuncia director de Prerrogativas y Partidos Pol\u00edticos del INE; instituto reconoce su labor - LA BRAVA RADIO","isPartOf":{"@id":"https:\/\/www.bbmnoticias.com\/labravaradiofm\/#website"},"primaryImageOfPage":{"@id":"https:\/\/www.bbmnoticias.com\/labravaradiofm\/2021\/08\/18\/renuncia-director-de-prerrogativas-y-partidos-politicos-del-ine-instituto-reconoce-su-labor\/#primaryimage"},"image":{"@id":"https:\/\/www.bbmnoticias.com\/labravaradiofm\/2021\/08\/18\/renuncia-director-de-prerrogativas-y-partidos-politicos-del-ine-instituto-reconoce-su-labor\/#primaryimage"},"thumbnailUrl":"https:\/\/www.bbmnoticias.com\/labravaradiofm\/wp-content\/uploads\/sites\/5\/2021\/08\/17082021-2.jpg","datePublished":"2021-08-18T01:55:23+00:00","dateModified":"2021-08-18T01:57:29+00:00","author":{"@id":"https:\/\/www.bbmnoticias.com\/labravaradiofm\/#\/schema\/person\/34b139c617a70ea5bef5678bffe4dd7b"},"breadcrumb":{"@id":"https:\/\/www.bbmnoticias.com\/labravaradiofm\/2021\/08\/18\/renuncia-director-de-prerrogativas-y-partidos-politicos-del-ine-instituto-reconoce-su-labor\/#breadcrumb"},"inLanguage":"es","potentialAction":[{"@type":"ReadAction","target":["https:\/\/www.bbmnoticias.com\/labravaradiofm\/2021\/08\/18\/renuncia-director-de-prerrogativas-y-partidos-politicos-del-ine-instituto-reconoce-su-labor\/"]}]},{"@type":"ImageObject","inLanguage":"es","@id":"https:\/\/www.bbmnoticias.com\/labravaradiofm\/2021\/08\/18\/renuncia-director-de-prerrogativas-y-partidos-politicos-del-ine-instituto-reconoce-su-labor\/#primaryimage","url":"https:\/\/www.bbmnoticias.com\/labravaradiofm\/wp-content\/uploads\/sites\/5\/2021\/08\/17082021-2.jpg","contentUrl":"https:\/\/www.bbmnoticias.com\/labravaradiofm\/wp-content\/uploads\/sites\/5\/2021\/08\/17082021-2.jpg","width":958,"height":596},{"@type":"BreadcrumbList","@id":"https:\/\/www.bbmnoticias.com\/labravaradiofm\/2021\/08\/18\/renuncia-director-de-prerrogativas-y-partidos-politicos-del-ine-instituto-reconoce-su-labor\/#breadcrumb","itemListElement":[{"@type":"ListItem","position":1,"name":"Inicio","item":"https:\/\/www.bbmnoticias.com\/labravaradiofm\/"},{"@type":"ListItem","position":2,"name":"Renuncia director de Prerrogativas y Partidos Pol\u00edticos del INE; instituto reconoce su labor"}]},{"@type":"WebSite","@id":"https:\/\/www.bbmnoticias.com\/labravaradiofm\/#website","url":"https:\/\/www.bbmnoticias.com\/labravaradiofm\/","name":"LA BRAVA RADIO","description":"Empresa productora de medios, Radiodifusi\u00f3n, Noticias, tendencias y todo lo que necesitas saber de la pol\u00edtica mexicana e internacional; entretenimiento, espect\u00e1culos, salud y mucho m\u00e1s.","potentialAction":[{"@type":"SearchAction","target":{"@type":"EntryPoint","urlTemplate":"https:\/\/www.bbmnoticias.com\/labravaradiofm\/?s={search_term_string}"},"query-input":{"@type":"PropertyValueSpecification","valueRequired":true,"valueName":"search_term_string"}}],"inLanguage":"es"},{"@type":"Person","@id":"https:\/\/www.bbmnoticias.com\/labravaradiofm\/#\/schema\/person\/34b139c617a70ea5bef5678bffe4dd7b","name":"Staff","image":{"@type":"ImageObject","inLanguage":"es","@id":"https:\/\/secure.gravatar.com\/avatar\/fdd21ad66fd8b98c407f9dee5b5e588cfe7f0d8579ec20fa6527cd59bab7f0f0?s=96&d=mm&r=g","url":"https:\/\/secure.gravatar.com\/avatar\/fdd21ad66fd8b98c407f9dee5b5e588cfe7f0d8579ec20fa6527cd59bab7f0f0?s=96&d=mm&r=g","contentUrl":"https:\/\/secure.gravatar.com\/avatar\/fdd21ad66fd8b98c407f9dee5b5e588cfe7f0d8579ec20fa6527cd59bab7f0f0?s=96&d=mm&r=g","caption":"Staff"},"url":"https:\/\/www.bbmnoticias.com\/labravaradiofm\/author\/redaccion\/"}]}},"_links":{"self":[{"href":"https:\/\/www.bbmnoticias.com\/labravaradiofm\/wp-json\/wp\/v2\/posts\/265","targetHints":{"allow":["GET"]}}],"collection":[{"href":"https:\/\/www.bbmnoticias.com\/labravaradiofm\/wp-json\/wp\/v2\/posts"}],"about":[{"href":"https:\/\/www.bbmnoticias.com\/labravaradiofm\/wp-json\/wp\/v2\/types\/post"}],"author":[{"embeddable":true,"href":"https:\/\/www.bbmnoticias.com\/labravaradiofm\/wp-json\/wp\/v2\/users\/2"}],"replies":[{"embeddable":true,"href":"https:\/\/www.bbmnoticias.com\/labravaradiofm\/wp-json\/wp\/v2\/comments?post=265"}],"version-history":[{"count":0,"href":"https:\/\/www.bbmnoticias.com\/labravaradiofm\/wp-json\/wp\/v2\/posts\/265\/revisions"}],"wp:featuredmedia":[{"embeddable":true,"href":"https:\/\/www.bbmnoticias.com\/labravaradiofm\/wp-json\/wp\/v2\/media\/267"}],"wp:attachment":[{"href":"https:\/\/www.bbmnoticias.com\/labravaradiofm\/wp-json\/wp\/v2\/media?parent=265"}],"wp:term":[{"taxonomy":"category","embeddable":true,"href":"https:\/\/www.bbmnoticias.com\/labravaradiofm\/wp-json\/wp\/v2\/categories?post=265"},{"taxonomy":"post_tag","embeddable":true,"href":"https:\/\/www.bbmnoticias.com\/labravaradiofm\/wp-json\/wp\/v2\/tags?post=265"}],"curies":[{"name":"wp","href":"https:\/\/api.w.org\/{rel}","templated":true}]}}