{"id":26469,"date":"2023-04-19T15:52:20","date_gmt":"2023-04-19T21:52:20","guid":{"rendered":"https:\/\/www.bbmnoticias.com\/labravaradiofm\/?p=26469"},"modified":"2023-04-19T15:52:21","modified_gmt":"2023-04-19T21:52:21","slug":"encabeza-gobernador-salomon-jara-acciones-por-simulacro-nacional-de-sismo-de-7-5","status":"publish","type":"post","link":"https:\/\/www.bbmnoticias.com\/labravaradiofm\/2023\/04\/19\/encabeza-gobernador-salomon-jara-acciones-por-simulacro-nacional-de-sismo-de-7-5\/","title":{"rendered":"Encabeza Gobernador Salom\u00f3n Jara acciones por simulacro nacional de sismo de 7.5"},"content":{"rendered":"<div style=\"margin-top: 0px; margin-bottom: 0px;\" class=\"sharethis-inline-share-buttons\" ><\/div>\n<p><strong>Oaxaca de Ju\u00e1rez, Oax. 19 de abril de 2023<\/strong>.- El Gobernador de Oaxaca Salom\u00f3n Jara Cruz instal\u00f3 la sesi\u00f3n del Comit\u00e9 Estatal de Emergencias y Desastres para la atenci\u00f3n de las afectaciones generadas por el sismo de magnitud 7.5 y solicit\u00f3 la declaratoria de emergencia ante la Coordinaci\u00f3n Nacional de Protecci\u00f3n Civil para los municipios afectados.<\/p>\n\n\n\n<p>Como parte del Simulacro Nacional de Sismo 2023, el Mandatario dio instrucciones a todas las dependencias para que se constituyan en sectores estrat\u00e9gicos integrados por los tres niveles de gobierno para tener lo datos preliminares y la atenci\u00f3n inmediata de la poblaci\u00f3n afectada para el restablecimiento de la normalidad en el estado.<\/p>\n\n\n\n<p>En la sesi\u00f3n realizada en las instalaciones del Centro de Control, Comando y Comunicaci\u00f3n (C4) de la Secretar\u00eda de Seguridad y Protecci\u00f3n Ciudadana, Jara Cruz escuch\u00f3 los reportes de todas las secretar\u00edas y dependencias de seguridad federales y estatales, as\u00ed como las del sector de las infraestructuras, instituciones educativas y de seguridad y auxilio.<\/p>\n\n\n\n<p>Las dependencias reportaron saldo blanco, sin heridos ni lesionados en la hip\u00f3tesis de sismo, salvo da\u00f1os menores en edificios, viviendas, hospitales, escuelas y caminos.<\/p>\n\n\n\n<p>En la sala de crisis instalada en el C4, el Secretario T\u00e9cnico del Comit\u00e9, Mauro Cruz S\u00e1nchez, titular&nbsp; de la Coordinaci\u00f3n Estatal de Protecci\u00f3n Civil y Gesti\u00f3n Integral de Riesgos, inform\u00f3 que la hip\u00f3tesis del sismo se\u00f1ala una magnitud de 7.5 con epicentro en los l\u00edmites de Puebla y Veracruz, ubicado a 30 kil\u00f3metros al suroeste de Tierra Blanca, Veracruz con una profundidad de 82 kil\u00f3metros percibido ampliamente en la zona centro de M\u00e9xico y calificado como severo en los estados de Puebla, Veracruz y Oaxaca.<\/p>\n\n\n\n<figure class=\"wp-block-image size-full\"><img loading=\"lazy\" decoding=\"async\" width=\"800\" height=\"533\" src=\"https:\/\/www.bbmnoticias.com\/labravaradiofm\/wp-content\/uploads\/sites\/5\/2023\/04\/sjc-simulacro-operativo2.jpg\" alt=\"\" class=\"wp-image-26471\" srcset=\"https:\/\/www.bbmnoticias.com\/labravaradiofm\/wp-content\/uploads\/sites\/5\/2023\/04\/sjc-simulacro-operativo2.jpg 800w, https:\/\/www.bbmnoticias.com\/labravaradiofm\/wp-content\/uploads\/sites\/5\/2023\/04\/sjc-simulacro-operativo2-300x200.jpg 300w, https:\/\/www.bbmnoticias.com\/labravaradiofm\/wp-content\/uploads\/sites\/5\/2023\/04\/sjc-simulacro-operativo2-768x512.jpg 768w, https:\/\/www.bbmnoticias.com\/labravaradiofm\/wp-content\/uploads\/sites\/5\/2023\/04\/sjc-simulacro-operativo2-696x464.jpg 696w, https:\/\/www.bbmnoticias.com\/labravaradiofm\/wp-content\/uploads\/sites\/5\/2023\/04\/sjc-simulacro-operativo2-630x420.jpg 630w\" sizes=\"auto, (max-width: 800px) 100vw, 800px\" \/><\/figure>\n\n\n\n<p>Los objetivos del simulacro fueron informar a la ciudadan\u00eda, fortalecer las capacidades, preparaci\u00f3n y respuesta de los integrantes del Sistema Nacional de Protecci\u00f3n Civil (Sinaproc), difundir la cultura de la Protecci\u00f3n Civil, preparar las acciones de prevenci\u00f3n y respuesta a la emergencia y elaboraci\u00f3n de los planes familiares de autoprotecci\u00f3n.<\/p>\n\n\n\n<p>Por el sector de Seguridad inform\u00f3 el titular de la Secretar\u00eda de Seguridad y Protecci\u00f3n Ciudadana Iv\u00e1n Garc\u00eda \u00c1lvarez; en tanto que por la Secretar\u00eda de la Defensa Nacional, inform\u00f3 el General de Brigada de Estado Mayor y Comandante de la 28 Zona Militar, Rosalino Barrios Barrios.<\/p>\n\n\n\n<p>Tambi\u00e9n informaron en sus \u00e1mbitos de competencia el secretario de Gobierno, Jes\u00fas Romero L\u00f3pez; la secretaria ejecutiva del Sistema Estatal de Seguridad P\u00fablica Karina Bar\u00f3n Ortiz; el fiscal General del Estado Jos\u00e9 Bernardo Rodr\u00edguez Alamilla; el titular de la Jefatura de Gabinete, Jos\u00e9 Antonio Rueda M\u00e1rquez; el titular de Caminos Bienestar, Mois\u00e9s Salazar Mart\u00ednez; el director general de Vivienda Bienestar, Enrique Rodr\u00edguez, as\u00ed como representantes de los Servicios de Salud de Oaxaca, de la Guardia Nacional, la Secretar\u00eda de Marina y Mesas de Paz de la Secretar\u00eda de Gobernaci\u00f3n, entre otras personas servidoras p\u00fablicas.<\/p>\n","protected":false},"excerpt":{"rendered":"<p>Oaxaca de Ju\u00e1rez, Oax. 19 de abril de 2023.- El Gobernador de Oaxaca Salom\u00f3n Jara Cruz instal\u00f3 la sesi\u00f3n del Comit\u00e9 Estatal de Emergencias y Desastres para la atenci\u00f3n de las afectaciones generadas por el sismo de magnitud 7.5 y solicit\u00f3 la declaratoria de emergencia ante la Coordinaci\u00f3n Nacional de Protecci\u00f3n Civil para los municipios [&hellip;]<\/p>\n","protected":false},"author":2,"featured_media":26470,"comment_status":"closed","ping_status":"closed","sticky":false,"template":"","format":"standard","meta":{"footnotes":""},"categories":[2],"tags":[],"class_list":{"0":"post-26469","1":"post","2":"type-post","3":"status-publish","4":"format-standard","5":"has-post-thumbnail","7":"category-oaxaca"},"yoast_head":"<!-- This site is optimized with the Yoast SEO plugin v27.4 - https:\/\/yoast.com\/product\/yoast-seo-wordpress\/ -->\n<title>Encabeza Gobernador Salom\u00f3n Jara acciones por simulacro nacional de sismo de 7.5 - LA BRAVA RADIO<\/title>\n<meta name=\"robots\" content=\"index, follow, max-snippet:-1, max-image-preview:large, max-video-preview:-1\" \/>\n<link rel=\"canonical\" href=\"https:\/\/www.bbmnoticias.com\/labravaradiofm\/2023\/04\/19\/encabeza-gobernador-salomon-jara-acciones-por-simulacro-nacional-de-sismo-de-7-5\/\" \/>\n<meta property=\"og:locale\" content=\"es_MX\" \/>\n<meta property=\"og:type\" content=\"article\" \/>\n<meta property=\"og:title\" content=\"Encabeza Gobernador Salom\u00f3n Jara acciones por simulacro nacional de sismo de 7.5 - LA BRAVA RADIO\" \/>\n<meta property=\"og:description\" content=\"Oaxaca de Ju\u00e1rez, Oax. 19 de abril de 2023.- El Gobernador de Oaxaca Salom\u00f3n Jara Cruz instal\u00f3 la sesi\u00f3n del Comit\u00e9 Estatal de Emergencias y Desastres para la atenci\u00f3n de las afectaciones generadas por el sismo de magnitud 7.5 y solicit\u00f3 la declaratoria de emergencia ante la Coordinaci\u00f3n Nacional de Protecci\u00f3n Civil para los municipios [&hellip;]\" \/>\n<meta property=\"og:url\" content=\"https:\/\/www.bbmnoticias.com\/labravaradiofm\/2023\/04\/19\/encabeza-gobernador-salomon-jara-acciones-por-simulacro-nacional-de-sismo-de-7-5\/\" \/>\n<meta property=\"og:site_name\" content=\"LA BRAVA RADIO\" \/>\n<meta property=\"article:published_time\" content=\"2023-04-19T21:52:20+00:00\" \/>\n<meta property=\"article:modified_time\" content=\"2023-04-19T21:52:21+00:00\" \/>\n<meta property=\"og:image\" content=\"https:\/\/www.bbmnoticias.com\/labravaradiofm\/wp-content\/uploads\/sites\/5\/2023\/04\/sjc-simulacro-operativo.jpg\" \/>\n\t<meta property=\"og:image:width\" content=\"800\" \/>\n\t<meta property=\"og:image:height\" content=\"533\" \/>\n\t<meta property=\"og:image:type\" content=\"image\/jpeg\" \/>\n<meta name=\"author\" content=\"Staff\" \/>\n<meta name=\"twitter:card\" content=\"summary_large_image\" \/>\n<meta name=\"twitter:label1\" content=\"Escrito por\" \/>\n\t<meta name=\"twitter:data1\" content=\"Staff\" \/>\n\t<meta name=\"twitter:label2\" content=\"Tiempo de lectura\" \/>\n\t<meta name=\"twitter:data2\" content=\"3 minutos\" \/>\n<script type=\"application\/ld+json\" class=\"yoast-schema-graph\">{\"@context\":\"https:\\\/\\\/schema.org\",\"@graph\":[{\"@type\":\"Article\",\"@id\":\"https:\\\/\\\/www.bbmnoticias.com\\\/labravaradiofm\\\/2023\\\/04\\\/19\\\/encabeza-gobernador-salomon-jara-acciones-por-simulacro-nacional-de-sismo-de-7-5\\\/#article\",\"isPartOf\":{\"@id\":\"https:\\\/\\\/www.bbmnoticias.com\\\/labravaradiofm\\\/2023\\\/04\\\/19\\\/encabeza-gobernador-salomon-jara-acciones-por-simulacro-nacional-de-sismo-de-7-5\\\/\"},\"author\":{\"name\":\"Staff\",\"@id\":\"https:\\\/\\\/www.bbmnoticias.com\\\/labravaradiofm\\\/#\\\/schema\\\/person\\\/34b139c617a70ea5bef5678bffe4dd7b\"},\"headline\":\"Encabeza Gobernador Salom\u00f3n Jara acciones por simulacro nacional de sismo de 7.5\",\"datePublished\":\"2023-04-19T21:52:20+00:00\",\"dateModified\":\"2023-04-19T21:52:21+00:00\",\"mainEntityOfPage\":{\"@id\":\"https:\\\/\\\/www.bbmnoticias.com\\\/labravaradiofm\\\/2023\\\/04\\\/19\\\/encabeza-gobernador-salomon-jara-acciones-por-simulacro-nacional-de-sismo-de-7-5\\\/\"},\"wordCount\":522,\"image\":{\"@id\":\"https:\\\/\\\/www.bbmnoticias.com\\\/labravaradiofm\\\/2023\\\/04\\\/19\\\/encabeza-gobernador-salomon-jara-acciones-por-simulacro-nacional-de-sismo-de-7-5\\\/#primaryimage\"},\"thumbnailUrl\":\"https:\\\/\\\/www.bbmnoticias.com\\\/labravaradiofm\\\/wp-content\\\/uploads\\\/sites\\\/5\\\/2023\\\/04\\\/sjc-simulacro-operativo.jpg\",\"articleSection\":[\"LOCAL\"],\"inLanguage\":\"es\"},{\"@type\":\"WebPage\",\"@id\":\"https:\\\/\\\/www.bbmnoticias.com\\\/labravaradiofm\\\/2023\\\/04\\\/19\\\/encabeza-gobernador-salomon-jara-acciones-por-simulacro-nacional-de-sismo-de-7-5\\\/\",\"url\":\"https:\\\/\\\/www.bbmnoticias.com\\\/labravaradiofm\\\/2023\\\/04\\\/19\\\/encabeza-gobernador-salomon-jara-acciones-por-simulacro-nacional-de-sismo-de-7-5\\\/\",\"name\":\"Encabeza Gobernador Salom\u00f3n Jara acciones por simulacro nacional de sismo de 7.5 - LA BRAVA RADIO\",\"isPartOf\":{\"@id\":\"https:\\\/\\\/www.bbmnoticias.com\\\/labravaradiofm\\\/#website\"},\"primaryImageOfPage\":{\"@id\":\"https:\\\/\\\/www.bbmnoticias.com\\\/labravaradiofm\\\/2023\\\/04\\\/19\\\/encabeza-gobernador-salomon-jara-acciones-por-simulacro-nacional-de-sismo-de-7-5\\\/#primaryimage\"},\"image\":{\"@id\":\"https:\\\/\\\/www.bbmnoticias.com\\\/labravaradiofm\\\/2023\\\/04\\\/19\\\/encabeza-gobernador-salomon-jara-acciones-por-simulacro-nacional-de-sismo-de-7-5\\\/#primaryimage\"},\"thumbnailUrl\":\"https:\\\/\\\/www.bbmnoticias.com\\\/labravaradiofm\\\/wp-content\\\/uploads\\\/sites\\\/5\\\/2023\\\/04\\\/sjc-simulacro-operativo.jpg\",\"datePublished\":\"2023-04-19T21:52:20+00:00\",\"dateModified\":\"2023-04-19T21:52:21+00:00\",\"author\":{\"@id\":\"https:\\\/\\\/www.bbmnoticias.com\\\/labravaradiofm\\\/#\\\/schema\\\/person\\\/34b139c617a70ea5bef5678bffe4dd7b\"},\"breadcrumb\":{\"@id\":\"https:\\\/\\\/www.bbmnoticias.com\\\/labravaradiofm\\\/2023\\\/04\\\/19\\\/encabeza-gobernador-salomon-jara-acciones-por-simulacro-nacional-de-sismo-de-7-5\\\/#breadcrumb\"},\"inLanguage\":\"es\",\"potentialAction\":[{\"@type\":\"ReadAction\",\"target\":[\"https:\\\/\\\/www.bbmnoticias.com\\\/labravaradiofm\\\/2023\\\/04\\\/19\\\/encabeza-gobernador-salomon-jara-acciones-por-simulacro-nacional-de-sismo-de-7-5\\\/\"]}]},{\"@type\":\"ImageObject\",\"inLanguage\":\"es\",\"@id\":\"https:\\\/\\\/www.bbmnoticias.com\\\/labravaradiofm\\\/2023\\\/04\\\/19\\\/encabeza-gobernador-salomon-jara-acciones-por-simulacro-nacional-de-sismo-de-7-5\\\/#primaryimage\",\"url\":\"https:\\\/\\\/www.bbmnoticias.com\\\/labravaradiofm\\\/wp-content\\\/uploads\\\/sites\\\/5\\\/2023\\\/04\\\/sjc-simulacro-operativo.jpg\",\"contentUrl\":\"https:\\\/\\\/www.bbmnoticias.com\\\/labravaradiofm\\\/wp-content\\\/uploads\\\/sites\\\/5\\\/2023\\\/04\\\/sjc-simulacro-operativo.jpg\",\"width\":800,\"height\":533},{\"@type\":\"BreadcrumbList\",\"@id\":\"https:\\\/\\\/www.bbmnoticias.com\\\/labravaradiofm\\\/2023\\\/04\\\/19\\\/encabeza-gobernador-salomon-jara-acciones-por-simulacro-nacional-de-sismo-de-7-5\\\/#breadcrumb\",\"itemListElement\":[{\"@type\":\"ListItem\",\"position\":1,\"name\":\"Inicio\",\"item\":\"https:\\\/\\\/www.bbmnoticias.com\\\/labravaradiofm\\\/\"},{\"@type\":\"ListItem\",\"position\":2,\"name\":\"Encabeza Gobernador Salom\u00f3n Jara acciones por simulacro nacional de sismo de 7.5\"}]},{\"@type\":\"WebSite\",\"@id\":\"https:\\\/\\\/www.bbmnoticias.com\\\/labravaradiofm\\\/#website\",\"url\":\"https:\\\/\\\/www.bbmnoticias.com\\\/labravaradiofm\\\/\",\"name\":\"LA BRAVA RADIO\",\"description\":\"Empresa productora de medios, Radiodifusi\u00f3n, Noticias, tendencias y todo lo que necesitas saber de la pol\u00edtica mexicana e internacional; entretenimiento, espect\u00e1culos, salud y mucho m\u00e1s.\",\"potentialAction\":[{\"@type\":\"SearchAction\",\"target\":{\"@type\":\"EntryPoint\",\"urlTemplate\":\"https:\\\/\\\/www.bbmnoticias.com\\\/labravaradiofm\\\/?s={search_term_string}\"},\"query-input\":{\"@type\":\"PropertyValueSpecification\",\"valueRequired\":true,\"valueName\":\"search_term_string\"}}],\"inLanguage\":\"es\"},{\"@type\":\"Person\",\"@id\":\"https:\\\/\\\/www.bbmnoticias.com\\\/labravaradiofm\\\/#\\\/schema\\\/person\\\/34b139c617a70ea5bef5678bffe4dd7b\",\"name\":\"Staff\",\"image\":{\"@type\":\"ImageObject\",\"inLanguage\":\"es\",\"@id\":\"https:\\\/\\\/secure.gravatar.com\\\/avatar\\\/fdd21ad66fd8b98c407f9dee5b5e588cfe7f0d8579ec20fa6527cd59bab7f0f0?s=96&d=mm&r=g\",\"url\":\"https:\\\/\\\/secure.gravatar.com\\\/avatar\\\/fdd21ad66fd8b98c407f9dee5b5e588cfe7f0d8579ec20fa6527cd59bab7f0f0?s=96&d=mm&r=g\",\"contentUrl\":\"https:\\\/\\\/secure.gravatar.com\\\/avatar\\\/fdd21ad66fd8b98c407f9dee5b5e588cfe7f0d8579ec20fa6527cd59bab7f0f0?s=96&d=mm&r=g\",\"caption\":\"Staff\"},\"url\":\"https:\\\/\\\/www.bbmnoticias.com\\\/labravaradiofm\\\/author\\\/redaccion\\\/\"}]}<\/script>\n<!-- \/ Yoast SEO plugin. -->","yoast_head_json":{"title":"Encabeza Gobernador Salom\u00f3n Jara acciones por simulacro nacional de sismo de 7.5 - LA BRAVA RADIO","robots":{"index":"index","follow":"follow","max-snippet":"max-snippet:-1","max-image-preview":"max-image-preview:large","max-video-preview":"max-video-preview:-1"},"canonical":"https:\/\/www.bbmnoticias.com\/labravaradiofm\/2023\/04\/19\/encabeza-gobernador-salomon-jara-acciones-por-simulacro-nacional-de-sismo-de-7-5\/","og_locale":"es_MX","og_type":"article","og_title":"Encabeza Gobernador Salom\u00f3n Jara acciones por simulacro nacional de sismo de 7.5 - LA BRAVA RADIO","og_description":"Oaxaca de Ju\u00e1rez, Oax. 19 de abril de 2023.- El Gobernador de Oaxaca Salom\u00f3n Jara Cruz instal\u00f3 la sesi\u00f3n del Comit\u00e9 Estatal de Emergencias y Desastres para la atenci\u00f3n de las afectaciones generadas por el sismo de magnitud 7.5 y solicit\u00f3 la declaratoria de emergencia ante la Coordinaci\u00f3n Nacional de Protecci\u00f3n Civil para los municipios [&hellip;]","og_url":"https:\/\/www.bbmnoticias.com\/labravaradiofm\/2023\/04\/19\/encabeza-gobernador-salomon-jara-acciones-por-simulacro-nacional-de-sismo-de-7-5\/","og_site_name":"LA BRAVA RADIO","article_published_time":"2023-04-19T21:52:20+00:00","article_modified_time":"2023-04-19T21:52:21+00:00","og_image":[{"width":800,"height":533,"url":"https:\/\/www.bbmnoticias.com\/labravaradiofm\/wp-content\/uploads\/sites\/5\/2023\/04\/sjc-simulacro-operativo.jpg","type":"image\/jpeg"}],"author":"Staff","twitter_card":"summary_large_image","twitter_misc":{"Escrito por":"Staff","Tiempo de lectura":"3 minutos"},"schema":{"@context":"https:\/\/schema.org","@graph":[{"@type":"Article","@id":"https:\/\/www.bbmnoticias.com\/labravaradiofm\/2023\/04\/19\/encabeza-gobernador-salomon-jara-acciones-por-simulacro-nacional-de-sismo-de-7-5\/#article","isPartOf":{"@id":"https:\/\/www.bbmnoticias.com\/labravaradiofm\/2023\/04\/19\/encabeza-gobernador-salomon-jara-acciones-por-simulacro-nacional-de-sismo-de-7-5\/"},"author":{"name":"Staff","@id":"https:\/\/www.bbmnoticias.com\/labravaradiofm\/#\/schema\/person\/34b139c617a70ea5bef5678bffe4dd7b"},"headline":"Encabeza Gobernador Salom\u00f3n Jara acciones por simulacro nacional de sismo de 7.5","datePublished":"2023-04-19T21:52:20+00:00","dateModified":"2023-04-19T21:52:21+00:00","mainEntityOfPage":{"@id":"https:\/\/www.bbmnoticias.com\/labravaradiofm\/2023\/04\/19\/encabeza-gobernador-salomon-jara-acciones-por-simulacro-nacional-de-sismo-de-7-5\/"},"wordCount":522,"image":{"@id":"https:\/\/www.bbmnoticias.com\/labravaradiofm\/2023\/04\/19\/encabeza-gobernador-salomon-jara-acciones-por-simulacro-nacional-de-sismo-de-7-5\/#primaryimage"},"thumbnailUrl":"https:\/\/www.bbmnoticias.com\/labravaradiofm\/wp-content\/uploads\/sites\/5\/2023\/04\/sjc-simulacro-operativo.jpg","articleSection":["LOCAL"],"inLanguage":"es"},{"@type":"WebPage","@id":"https:\/\/www.bbmnoticias.com\/labravaradiofm\/2023\/04\/19\/encabeza-gobernador-salomon-jara-acciones-por-simulacro-nacional-de-sismo-de-7-5\/","url":"https:\/\/www.bbmnoticias.com\/labravaradiofm\/2023\/04\/19\/encabeza-gobernador-salomon-jara-acciones-por-simulacro-nacional-de-sismo-de-7-5\/","name":"Encabeza Gobernador Salom\u00f3n Jara acciones por simulacro nacional de sismo de 7.5 - LA BRAVA RADIO","isPartOf":{"@id":"https:\/\/www.bbmnoticias.com\/labravaradiofm\/#website"},"primaryImageOfPage":{"@id":"https:\/\/www.bbmnoticias.com\/labravaradiofm\/2023\/04\/19\/encabeza-gobernador-salomon-jara-acciones-por-simulacro-nacional-de-sismo-de-7-5\/#primaryimage"},"image":{"@id":"https:\/\/www.bbmnoticias.com\/labravaradiofm\/2023\/04\/19\/encabeza-gobernador-salomon-jara-acciones-por-simulacro-nacional-de-sismo-de-7-5\/#primaryimage"},"thumbnailUrl":"https:\/\/www.bbmnoticias.com\/labravaradiofm\/wp-content\/uploads\/sites\/5\/2023\/04\/sjc-simulacro-operativo.jpg","datePublished":"2023-04-19T21:52:20+00:00","dateModified":"2023-04-19T21:52:21+00:00","author":{"@id":"https:\/\/www.bbmnoticias.com\/labravaradiofm\/#\/schema\/person\/34b139c617a70ea5bef5678bffe4dd7b"},"breadcrumb":{"@id":"https:\/\/www.bbmnoticias.com\/labravaradiofm\/2023\/04\/19\/encabeza-gobernador-salomon-jara-acciones-por-simulacro-nacional-de-sismo-de-7-5\/#breadcrumb"},"inLanguage":"es","potentialAction":[{"@type":"ReadAction","target":["https:\/\/www.bbmnoticias.com\/labravaradiofm\/2023\/04\/19\/encabeza-gobernador-salomon-jara-acciones-por-simulacro-nacional-de-sismo-de-7-5\/"]}]},{"@type":"ImageObject","inLanguage":"es","@id":"https:\/\/www.bbmnoticias.com\/labravaradiofm\/2023\/04\/19\/encabeza-gobernador-salomon-jara-acciones-por-simulacro-nacional-de-sismo-de-7-5\/#primaryimage","url":"https:\/\/www.bbmnoticias.com\/labravaradiofm\/wp-content\/uploads\/sites\/5\/2023\/04\/sjc-simulacro-operativo.jpg","contentUrl":"https:\/\/www.bbmnoticias.com\/labravaradiofm\/wp-content\/uploads\/sites\/5\/2023\/04\/sjc-simulacro-operativo.jpg","width":800,"height":533},{"@type":"BreadcrumbList","@id":"https:\/\/www.bbmnoticias.com\/labravaradiofm\/2023\/04\/19\/encabeza-gobernador-salomon-jara-acciones-por-simulacro-nacional-de-sismo-de-7-5\/#breadcrumb","itemListElement":[{"@type":"ListItem","position":1,"name":"Inicio","item":"https:\/\/www.bbmnoticias.com\/labravaradiofm\/"},{"@type":"ListItem","position":2,"name":"Encabeza Gobernador Salom\u00f3n Jara acciones por simulacro nacional de sismo de 7.5"}]},{"@type":"WebSite","@id":"https:\/\/www.bbmnoticias.com\/labravaradiofm\/#website","url":"https:\/\/www.bbmnoticias.com\/labravaradiofm\/","name":"LA BRAVA RADIO","description":"Empresa productora de medios, Radiodifusi\u00f3n, Noticias, tendencias y todo lo que necesitas saber de la pol\u00edtica mexicana e internacional; entretenimiento, espect\u00e1culos, salud y mucho m\u00e1s.","potentialAction":[{"@type":"SearchAction","target":{"@type":"EntryPoint","urlTemplate":"https:\/\/www.bbmnoticias.com\/labravaradiofm\/?s={search_term_string}"},"query-input":{"@type":"PropertyValueSpecification","valueRequired":true,"valueName":"search_term_string"}}],"inLanguage":"es"},{"@type":"Person","@id":"https:\/\/www.bbmnoticias.com\/labravaradiofm\/#\/schema\/person\/34b139c617a70ea5bef5678bffe4dd7b","name":"Staff","image":{"@type":"ImageObject","inLanguage":"es","@id":"https:\/\/secure.gravatar.com\/avatar\/fdd21ad66fd8b98c407f9dee5b5e588cfe7f0d8579ec20fa6527cd59bab7f0f0?s=96&d=mm&r=g","url":"https:\/\/secure.gravatar.com\/avatar\/fdd21ad66fd8b98c407f9dee5b5e588cfe7f0d8579ec20fa6527cd59bab7f0f0?s=96&d=mm&r=g","contentUrl":"https:\/\/secure.gravatar.com\/avatar\/fdd21ad66fd8b98c407f9dee5b5e588cfe7f0d8579ec20fa6527cd59bab7f0f0?s=96&d=mm&r=g","caption":"Staff"},"url":"https:\/\/www.bbmnoticias.com\/labravaradiofm\/author\/redaccion\/"}]}},"_links":{"self":[{"href":"https:\/\/www.bbmnoticias.com\/labravaradiofm\/wp-json\/wp\/v2\/posts\/26469","targetHints":{"allow":["GET"]}}],"collection":[{"href":"https:\/\/www.bbmnoticias.com\/labravaradiofm\/wp-json\/wp\/v2\/posts"}],"about":[{"href":"https:\/\/www.bbmnoticias.com\/labravaradiofm\/wp-json\/wp\/v2\/types\/post"}],"author":[{"embeddable":true,"href":"https:\/\/www.bbmnoticias.com\/labravaradiofm\/wp-json\/wp\/v2\/users\/2"}],"replies":[{"embeddable":true,"href":"https:\/\/www.bbmnoticias.com\/labravaradiofm\/wp-json\/wp\/v2\/comments?post=26469"}],"version-history":[{"count":0,"href":"https:\/\/www.bbmnoticias.com\/labravaradiofm\/wp-json\/wp\/v2\/posts\/26469\/revisions"}],"wp:featuredmedia":[{"embeddable":true,"href":"https:\/\/www.bbmnoticias.com\/labravaradiofm\/wp-json\/wp\/v2\/media\/26470"}],"wp:attachment":[{"href":"https:\/\/www.bbmnoticias.com\/labravaradiofm\/wp-json\/wp\/v2\/media?parent=26469"}],"wp:term":[{"taxonomy":"category","embeddable":true,"href":"https:\/\/www.bbmnoticias.com\/labravaradiofm\/wp-json\/wp\/v2\/categories?post=26469"},{"taxonomy":"post_tag","embeddable":true,"href":"https:\/\/www.bbmnoticias.com\/labravaradiofm\/wp-json\/wp\/v2\/tags?post=26469"}],"curies":[{"name":"wp","href":"https:\/\/api.w.org\/{rel}","templated":true}]}}