{"id":26456,"date":"2023-04-19T13:54:42","date_gmt":"2023-04-19T19:54:42","guid":{"rendered":"https:\/\/www.bbmnoticias.com\/labravaradiofm\/?p=26456"},"modified":"2023-04-19T13:54:43","modified_gmt":"2023-04-19T19:54:43","slug":"mas-de-175-mil-trabajadores-del-imss-participaron-en-el-primer-simulacro-nacional-2023","status":"publish","type":"post","link":"https:\/\/www.bbmnoticias.com\/labravaradiofm\/2023\/04\/19\/mas-de-175-mil-trabajadores-del-imss-participaron-en-el-primer-simulacro-nacional-2023\/","title":{"rendered":"M\u00e1s de 175 mil trabajadores del IMSS participaron en el Primer Simulacro Nacional 2023"},"content":{"rendered":"<div style=\"margin-top: 0px; margin-bottom: 0px;\" class=\"sharethis-inline-share-buttons\" ><\/div>\n<p>M\u00e1s de 175 mil trabajadores del Instituto Mexicano del Seguro Social (IMSS) participaron en el Primer Simulacro Nacional 2023, con el objetivo de reforzar, mejorar acciones preventivas de comunicaci\u00f3n y respuesta, as\u00ed como evaluar el funcionamiento del protocolo del plan de emergencia s\u00edsmica.<\/p>\n\n\n\n<p>Este ejercicio c\u00edvico se desarroll\u00f3 bajo la hip\u00f3tesis de un sismo de 7.5 grados en escala Richter con epicentro en Veracruz; se consider\u00f3 a entidades de la Rep\u00fablica donde la intensidad del temblor va de ligera a severa: Ciudad de M\u00e9xico, Oaxaca, Guerrero, Chiapas, Michoac\u00e1n, Colima, Jalisco, Morelos, Puebla y Veracruz.<\/p>\n\n\n\n<p>El resto de los estados llevaron a cabo un ejercicio de simulacro con su propia hip\u00f3tesis, de acuerdo a los riesgos identificados en an\u00e1lisis previos.<\/p>\n\n\n\n<p>El presidente de la Unidad Interna del Edificio Central del IMSS, Jos\u00e9 Carlos Islas Campos, se\u00f1al\u00f3 que mil 200 trabajadores evacuaron los inmuebles que comprenden el conjunto de Reforma, Tokio y Toledo, en la Ciudad de M\u00e9xico, en un tiempo de siete minutos.<\/p>\n\n\n\n<p>Indic\u00f3 que se cont\u00f3 con el apoyo de 74 brigadistas de evacuaci\u00f3n, combate de incendios, primeros auxilios y b\u00fasqueda de rescate y fluidos; la Secretar\u00eda de Seguridad Ciudadana apoy\u00f3 con cuatro elementos en tierra; el servicio de Promoci\u00f3n a la Salud dispuso de tres m\u00e9dicos y dos enfermeras, adem\u00e1s de tres observadores de la Divisi\u00f3n de Protecci\u00f3n Civil.<\/p>\n\n\n\n<p>El parte fue recibido por el secretario general del IMSS y secretario t\u00e9cnico de la Unidad Institucional de Protecci\u00f3n Civil, Marcos Bucio, quien estuvo acompa\u00f1ado de directores normativos de Administraci\u00f3n, Incorporaci\u00f3n y Recaudaci\u00f3n, Innovaci\u00f3n y Desarrollo Tecnol\u00f3gico, Planeaci\u00f3n para la Transformaci\u00f3n Institucional, Prestaciones Econ\u00f3micas y Sociales, y Operaci\u00f3n y Evaluaci\u00f3n.<\/p>\n\n\n\n<p>El simulacro nacional fue monitoreado desde el Centro Virtual de Operaciones en Emergencias y Desastres (CVOED) del IMSS, que opera las 24 horas, los 365 del a\u00f1o y concentra la informaci\u00f3n de la infraestructura institucional de las representaciones del Seguro Social.<\/p>\n\n\n\n<figure class=\"wp-block-image size-full\"><img loading=\"lazy\" decoding=\"async\" width=\"615\" height=\"384\" src=\"https:\/\/www.bbmnoticias.com\/labravaradiofm\/wp-content\/uploads\/sites\/5\/2023\/04\/trabajadores-imss2.jpg\" alt=\"\" class=\"wp-image-26458\" srcset=\"https:\/\/www.bbmnoticias.com\/labravaradiofm\/wp-content\/uploads\/sites\/5\/2023\/04\/trabajadores-imss2.jpg 615w, https:\/\/www.bbmnoticias.com\/labravaradiofm\/wp-content\/uploads\/sites\/5\/2023\/04\/trabajadores-imss2-300x187.jpg 300w\" sizes=\"auto, (max-width: 615px) 100vw, 615px\" \/><\/figure>\n\n\n\n<p>En este sentido, el coordinador de Proyectos Especiales en Salud, doctor Felipe Cruz Vega, inform\u00f3 que a 11 minutos de la hip\u00f3tesis del sismo, se recibi\u00f3 el reporte de 12 representaciones que se encuentran en el c\u00edrculo m\u00e1s importante del epicentro y el director general del IMSS, Zo\u00e9 Robledo y los directores normativos mantuvieron contacto con el CVOED para conocer los pormenores.<\/p>\n\n\n\n<p><strong>IMSS realiza Primera Sesi\u00f3n Ordinaria de la Unidad Institucional de Protecci\u00f3n Civil<\/strong><\/p>\n\n\n\n<p>Previo al simulacro, se llev\u00f3 a cabo la Primera Sesi\u00f3n Ordinaria 2023 de la Unidad Institucional de Protecci\u00f3n Civil del Seguro Social, en la que se expusieron los avances en la integraci\u00f3n de los programas internos y la l\u00ednea de trabajo para este a\u00f1o.<\/p>\n\n\n\n<p>Entre las acciones realizadas en la materia est\u00e1 la conformaci\u00f3n de un nuevo programa de capacitaci\u00f3n para las unidades internas de Protecci\u00f3n Civil del pa\u00eds, a fin de homologar conocimientos entre \u00e9stas y los responsables de las actividades en cada inmueble; se integr\u00f3 al Programa de Trabajo de Administraci\u00f3n de Riesgos a los titulares de las jefaturas de servicios administrativos.<\/p>\n\n\n\n<p>El IMSS ha priorizado las acciones en materia de protecci\u00f3n civil con una estrategia de planeaci\u00f3n participativa enfocada en la identificaci\u00f3n, reducci\u00f3n y atenci\u00f3n de posibles emergencias que pudieran presentarse por accidentes o fen\u00f3menos naturales en sus inmuebles, en beneficio de las y los servidores p\u00fablicos, derechohabientes y usuarios en general.<\/p>\n","protected":false},"excerpt":{"rendered":"<p>M\u00e1s de 175 mil trabajadores del Instituto Mexicano del Seguro Social (IMSS) participaron en el Primer Simulacro Nacional 2023, con el objetivo de reforzar, mejorar acciones preventivas de comunicaci\u00f3n y respuesta, as\u00ed como evaluar el funcionamiento del protocolo del plan de emergencia s\u00edsmica. Este ejercicio c\u00edvico se desarroll\u00f3 bajo la hip\u00f3tesis de un sismo de [&hellip;]<\/p>\n","protected":false},"author":2,"featured_media":26457,"comment_status":"closed","ping_status":"closed","sticky":false,"template":"","format":"standard","meta":{"footnotes":""},"categories":[19],"tags":[],"class_list":{"0":"post-26456","1":"post","2":"type-post","3":"status-publish","4":"format-standard","5":"has-post-thumbnail","7":"category-nacional"},"yoast_head":"<!-- This site is optimized with the Yoast SEO plugin v27.4 - https:\/\/yoast.com\/product\/yoast-seo-wordpress\/ -->\n<title>M\u00e1s de 175 mil trabajadores del IMSS participaron en el Primer Simulacro Nacional 2023 - LA BRAVA RADIO<\/title>\n<meta name=\"robots\" content=\"index, follow, max-snippet:-1, max-image-preview:large, max-video-preview:-1\" \/>\n<link rel=\"canonical\" href=\"https:\/\/www.bbmnoticias.com\/labravaradiofm\/2023\/04\/19\/mas-de-175-mil-trabajadores-del-imss-participaron-en-el-primer-simulacro-nacional-2023\/\" \/>\n<meta property=\"og:locale\" content=\"es_MX\" \/>\n<meta property=\"og:type\" content=\"article\" \/>\n<meta property=\"og:title\" content=\"M\u00e1s de 175 mil trabajadores del IMSS participaron en el Primer Simulacro Nacional 2023 - LA BRAVA RADIO\" \/>\n<meta property=\"og:description\" content=\"M\u00e1s de 175 mil trabajadores del Instituto Mexicano del Seguro Social (IMSS) participaron en el Primer Simulacro Nacional 2023, con el objetivo de reforzar, mejorar acciones preventivas de comunicaci\u00f3n y respuesta, as\u00ed como evaluar el funcionamiento del protocolo del plan de emergencia s\u00edsmica. Este ejercicio c\u00edvico se desarroll\u00f3 bajo la hip\u00f3tesis de un sismo de [&hellip;]\" \/>\n<meta property=\"og:url\" content=\"https:\/\/www.bbmnoticias.com\/labravaradiofm\/2023\/04\/19\/mas-de-175-mil-trabajadores-del-imss-participaron-en-el-primer-simulacro-nacional-2023\/\" \/>\n<meta property=\"og:site_name\" content=\"LA BRAVA RADIO\" \/>\n<meta property=\"article:published_time\" content=\"2023-04-19T19:54:42+00:00\" \/>\n<meta property=\"article:modified_time\" content=\"2023-04-19T19:54:43+00:00\" \/>\n<meta property=\"og:image\" content=\"https:\/\/www.bbmnoticias.com\/labravaradiofm\/wp-content\/uploads\/sites\/5\/2023\/04\/trabajadores-imss.jpg\" \/>\n\t<meta property=\"og:image:width\" content=\"615\" \/>\n\t<meta property=\"og:image:height\" content=\"384\" \/>\n\t<meta property=\"og:image:type\" content=\"image\/jpeg\" \/>\n<meta name=\"author\" content=\"Staff\" \/>\n<meta name=\"twitter:card\" content=\"summary_large_image\" \/>\n<meta name=\"twitter:label1\" content=\"Escrito por\" \/>\n\t<meta name=\"twitter:data1\" content=\"Staff\" \/>\n\t<meta name=\"twitter:label2\" content=\"Tiempo de lectura\" \/>\n\t<meta name=\"twitter:data2\" content=\"3 minutos\" \/>\n<script type=\"application\/ld+json\" class=\"yoast-schema-graph\">{\"@context\":\"https:\\\/\\\/schema.org\",\"@graph\":[{\"@type\":\"Article\",\"@id\":\"https:\\\/\\\/www.bbmnoticias.com\\\/labravaradiofm\\\/2023\\\/04\\\/19\\\/mas-de-175-mil-trabajadores-del-imss-participaron-en-el-primer-simulacro-nacional-2023\\\/#article\",\"isPartOf\":{\"@id\":\"https:\\\/\\\/www.bbmnoticias.com\\\/labravaradiofm\\\/2023\\\/04\\\/19\\\/mas-de-175-mil-trabajadores-del-imss-participaron-en-el-primer-simulacro-nacional-2023\\\/\"},\"author\":{\"name\":\"Staff\",\"@id\":\"https:\\\/\\\/www.bbmnoticias.com\\\/labravaradiofm\\\/#\\\/schema\\\/person\\\/34b139c617a70ea5bef5678bffe4dd7b\"},\"headline\":\"M\u00e1s de 175 mil trabajadores del IMSS participaron en el Primer Simulacro Nacional 2023\",\"datePublished\":\"2023-04-19T19:54:42+00:00\",\"dateModified\":\"2023-04-19T19:54:43+00:00\",\"mainEntityOfPage\":{\"@id\":\"https:\\\/\\\/www.bbmnoticias.com\\\/labravaradiofm\\\/2023\\\/04\\\/19\\\/mas-de-175-mil-trabajadores-del-imss-participaron-en-el-primer-simulacro-nacional-2023\\\/\"},\"wordCount\":600,\"image\":{\"@id\":\"https:\\\/\\\/www.bbmnoticias.com\\\/labravaradiofm\\\/2023\\\/04\\\/19\\\/mas-de-175-mil-trabajadores-del-imss-participaron-en-el-primer-simulacro-nacional-2023\\\/#primaryimage\"},\"thumbnailUrl\":\"https:\\\/\\\/www.bbmnoticias.com\\\/labravaradiofm\\\/wp-content\\\/uploads\\\/sites\\\/5\\\/2023\\\/04\\\/trabajadores-imss.jpg\",\"articleSection\":[\"NACIONAL\"],\"inLanguage\":\"es\"},{\"@type\":\"WebPage\",\"@id\":\"https:\\\/\\\/www.bbmnoticias.com\\\/labravaradiofm\\\/2023\\\/04\\\/19\\\/mas-de-175-mil-trabajadores-del-imss-participaron-en-el-primer-simulacro-nacional-2023\\\/\",\"url\":\"https:\\\/\\\/www.bbmnoticias.com\\\/labravaradiofm\\\/2023\\\/04\\\/19\\\/mas-de-175-mil-trabajadores-del-imss-participaron-en-el-primer-simulacro-nacional-2023\\\/\",\"name\":\"M\u00e1s de 175 mil trabajadores del IMSS participaron en el Primer Simulacro Nacional 2023 - LA BRAVA RADIO\",\"isPartOf\":{\"@id\":\"https:\\\/\\\/www.bbmnoticias.com\\\/labravaradiofm\\\/#website\"},\"primaryImageOfPage\":{\"@id\":\"https:\\\/\\\/www.bbmnoticias.com\\\/labravaradiofm\\\/2023\\\/04\\\/19\\\/mas-de-175-mil-trabajadores-del-imss-participaron-en-el-primer-simulacro-nacional-2023\\\/#primaryimage\"},\"image\":{\"@id\":\"https:\\\/\\\/www.bbmnoticias.com\\\/labravaradiofm\\\/2023\\\/04\\\/19\\\/mas-de-175-mil-trabajadores-del-imss-participaron-en-el-primer-simulacro-nacional-2023\\\/#primaryimage\"},\"thumbnailUrl\":\"https:\\\/\\\/www.bbmnoticias.com\\\/labravaradiofm\\\/wp-content\\\/uploads\\\/sites\\\/5\\\/2023\\\/04\\\/trabajadores-imss.jpg\",\"datePublished\":\"2023-04-19T19:54:42+00:00\",\"dateModified\":\"2023-04-19T19:54:43+00:00\",\"author\":{\"@id\":\"https:\\\/\\\/www.bbmnoticias.com\\\/labravaradiofm\\\/#\\\/schema\\\/person\\\/34b139c617a70ea5bef5678bffe4dd7b\"},\"breadcrumb\":{\"@id\":\"https:\\\/\\\/www.bbmnoticias.com\\\/labravaradiofm\\\/2023\\\/04\\\/19\\\/mas-de-175-mil-trabajadores-del-imss-participaron-en-el-primer-simulacro-nacional-2023\\\/#breadcrumb\"},\"inLanguage\":\"es\",\"potentialAction\":[{\"@type\":\"ReadAction\",\"target\":[\"https:\\\/\\\/www.bbmnoticias.com\\\/labravaradiofm\\\/2023\\\/04\\\/19\\\/mas-de-175-mil-trabajadores-del-imss-participaron-en-el-primer-simulacro-nacional-2023\\\/\"]}]},{\"@type\":\"ImageObject\",\"inLanguage\":\"es\",\"@id\":\"https:\\\/\\\/www.bbmnoticias.com\\\/labravaradiofm\\\/2023\\\/04\\\/19\\\/mas-de-175-mil-trabajadores-del-imss-participaron-en-el-primer-simulacro-nacional-2023\\\/#primaryimage\",\"url\":\"https:\\\/\\\/www.bbmnoticias.com\\\/labravaradiofm\\\/wp-content\\\/uploads\\\/sites\\\/5\\\/2023\\\/04\\\/trabajadores-imss.jpg\",\"contentUrl\":\"https:\\\/\\\/www.bbmnoticias.com\\\/labravaradiofm\\\/wp-content\\\/uploads\\\/sites\\\/5\\\/2023\\\/04\\\/trabajadores-imss.jpg\",\"width\":615,\"height\":384},{\"@type\":\"BreadcrumbList\",\"@id\":\"https:\\\/\\\/www.bbmnoticias.com\\\/labravaradiofm\\\/2023\\\/04\\\/19\\\/mas-de-175-mil-trabajadores-del-imss-participaron-en-el-primer-simulacro-nacional-2023\\\/#breadcrumb\",\"itemListElement\":[{\"@type\":\"ListItem\",\"position\":1,\"name\":\"Inicio\",\"item\":\"https:\\\/\\\/www.bbmnoticias.com\\\/labravaradiofm\\\/\"},{\"@type\":\"ListItem\",\"position\":2,\"name\":\"M\u00e1s de 175 mil trabajadores del IMSS participaron en el Primer Simulacro Nacional 2023\"}]},{\"@type\":\"WebSite\",\"@id\":\"https:\\\/\\\/www.bbmnoticias.com\\\/labravaradiofm\\\/#website\",\"url\":\"https:\\\/\\\/www.bbmnoticias.com\\\/labravaradiofm\\\/\",\"name\":\"LA BRAVA RADIO\",\"description\":\"Empresa productora de medios, Radiodifusi\u00f3n, Noticias, tendencias y todo lo que necesitas saber de la pol\u00edtica mexicana e internacional; entretenimiento, espect\u00e1culos, salud y mucho m\u00e1s.\",\"potentialAction\":[{\"@type\":\"SearchAction\",\"target\":{\"@type\":\"EntryPoint\",\"urlTemplate\":\"https:\\\/\\\/www.bbmnoticias.com\\\/labravaradiofm\\\/?s={search_term_string}\"},\"query-input\":{\"@type\":\"PropertyValueSpecification\",\"valueRequired\":true,\"valueName\":\"search_term_string\"}}],\"inLanguage\":\"es\"},{\"@type\":\"Person\",\"@id\":\"https:\\\/\\\/www.bbmnoticias.com\\\/labravaradiofm\\\/#\\\/schema\\\/person\\\/34b139c617a70ea5bef5678bffe4dd7b\",\"name\":\"Staff\",\"image\":{\"@type\":\"ImageObject\",\"inLanguage\":\"es\",\"@id\":\"https:\\\/\\\/secure.gravatar.com\\\/avatar\\\/fdd21ad66fd8b98c407f9dee5b5e588cfe7f0d8579ec20fa6527cd59bab7f0f0?s=96&d=mm&r=g\",\"url\":\"https:\\\/\\\/secure.gravatar.com\\\/avatar\\\/fdd21ad66fd8b98c407f9dee5b5e588cfe7f0d8579ec20fa6527cd59bab7f0f0?s=96&d=mm&r=g\",\"contentUrl\":\"https:\\\/\\\/secure.gravatar.com\\\/avatar\\\/fdd21ad66fd8b98c407f9dee5b5e588cfe7f0d8579ec20fa6527cd59bab7f0f0?s=96&d=mm&r=g\",\"caption\":\"Staff\"},\"url\":\"https:\\\/\\\/www.bbmnoticias.com\\\/labravaradiofm\\\/author\\\/redaccion\\\/\"}]}<\/script>\n<!-- \/ Yoast SEO plugin. -->","yoast_head_json":{"title":"M\u00e1s de 175 mil trabajadores del IMSS participaron en el Primer Simulacro Nacional 2023 - LA BRAVA RADIO","robots":{"index":"index","follow":"follow","max-snippet":"max-snippet:-1","max-image-preview":"max-image-preview:large","max-video-preview":"max-video-preview:-1"},"canonical":"https:\/\/www.bbmnoticias.com\/labravaradiofm\/2023\/04\/19\/mas-de-175-mil-trabajadores-del-imss-participaron-en-el-primer-simulacro-nacional-2023\/","og_locale":"es_MX","og_type":"article","og_title":"M\u00e1s de 175 mil trabajadores del IMSS participaron en el Primer Simulacro Nacional 2023 - LA BRAVA RADIO","og_description":"M\u00e1s de 175 mil trabajadores del Instituto Mexicano del Seguro Social (IMSS) participaron en el Primer Simulacro Nacional 2023, con el objetivo de reforzar, mejorar acciones preventivas de comunicaci\u00f3n y respuesta, as\u00ed como evaluar el funcionamiento del protocolo del plan de emergencia s\u00edsmica. Este ejercicio c\u00edvico se desarroll\u00f3 bajo la hip\u00f3tesis de un sismo de [&hellip;]","og_url":"https:\/\/www.bbmnoticias.com\/labravaradiofm\/2023\/04\/19\/mas-de-175-mil-trabajadores-del-imss-participaron-en-el-primer-simulacro-nacional-2023\/","og_site_name":"LA BRAVA RADIO","article_published_time":"2023-04-19T19:54:42+00:00","article_modified_time":"2023-04-19T19:54:43+00:00","og_image":[{"width":615,"height":384,"url":"https:\/\/www.bbmnoticias.com\/labravaradiofm\/wp-content\/uploads\/sites\/5\/2023\/04\/trabajadores-imss.jpg","type":"image\/jpeg"}],"author":"Staff","twitter_card":"summary_large_image","twitter_misc":{"Escrito por":"Staff","Tiempo de lectura":"3 minutos"},"schema":{"@context":"https:\/\/schema.org","@graph":[{"@type":"Article","@id":"https:\/\/www.bbmnoticias.com\/labravaradiofm\/2023\/04\/19\/mas-de-175-mil-trabajadores-del-imss-participaron-en-el-primer-simulacro-nacional-2023\/#article","isPartOf":{"@id":"https:\/\/www.bbmnoticias.com\/labravaradiofm\/2023\/04\/19\/mas-de-175-mil-trabajadores-del-imss-participaron-en-el-primer-simulacro-nacional-2023\/"},"author":{"name":"Staff","@id":"https:\/\/www.bbmnoticias.com\/labravaradiofm\/#\/schema\/person\/34b139c617a70ea5bef5678bffe4dd7b"},"headline":"M\u00e1s de 175 mil trabajadores del IMSS participaron en el Primer Simulacro Nacional 2023","datePublished":"2023-04-19T19:54:42+00:00","dateModified":"2023-04-19T19:54:43+00:00","mainEntityOfPage":{"@id":"https:\/\/www.bbmnoticias.com\/labravaradiofm\/2023\/04\/19\/mas-de-175-mil-trabajadores-del-imss-participaron-en-el-primer-simulacro-nacional-2023\/"},"wordCount":600,"image":{"@id":"https:\/\/www.bbmnoticias.com\/labravaradiofm\/2023\/04\/19\/mas-de-175-mil-trabajadores-del-imss-participaron-en-el-primer-simulacro-nacional-2023\/#primaryimage"},"thumbnailUrl":"https:\/\/www.bbmnoticias.com\/labravaradiofm\/wp-content\/uploads\/sites\/5\/2023\/04\/trabajadores-imss.jpg","articleSection":["NACIONAL"],"inLanguage":"es"},{"@type":"WebPage","@id":"https:\/\/www.bbmnoticias.com\/labravaradiofm\/2023\/04\/19\/mas-de-175-mil-trabajadores-del-imss-participaron-en-el-primer-simulacro-nacional-2023\/","url":"https:\/\/www.bbmnoticias.com\/labravaradiofm\/2023\/04\/19\/mas-de-175-mil-trabajadores-del-imss-participaron-en-el-primer-simulacro-nacional-2023\/","name":"M\u00e1s de 175 mil trabajadores del IMSS participaron en el Primer Simulacro Nacional 2023 - LA BRAVA RADIO","isPartOf":{"@id":"https:\/\/www.bbmnoticias.com\/labravaradiofm\/#website"},"primaryImageOfPage":{"@id":"https:\/\/www.bbmnoticias.com\/labravaradiofm\/2023\/04\/19\/mas-de-175-mil-trabajadores-del-imss-participaron-en-el-primer-simulacro-nacional-2023\/#primaryimage"},"image":{"@id":"https:\/\/www.bbmnoticias.com\/labravaradiofm\/2023\/04\/19\/mas-de-175-mil-trabajadores-del-imss-participaron-en-el-primer-simulacro-nacional-2023\/#primaryimage"},"thumbnailUrl":"https:\/\/www.bbmnoticias.com\/labravaradiofm\/wp-content\/uploads\/sites\/5\/2023\/04\/trabajadores-imss.jpg","datePublished":"2023-04-19T19:54:42+00:00","dateModified":"2023-04-19T19:54:43+00:00","author":{"@id":"https:\/\/www.bbmnoticias.com\/labravaradiofm\/#\/schema\/person\/34b139c617a70ea5bef5678bffe4dd7b"},"breadcrumb":{"@id":"https:\/\/www.bbmnoticias.com\/labravaradiofm\/2023\/04\/19\/mas-de-175-mil-trabajadores-del-imss-participaron-en-el-primer-simulacro-nacional-2023\/#breadcrumb"},"inLanguage":"es","potentialAction":[{"@type":"ReadAction","target":["https:\/\/www.bbmnoticias.com\/labravaradiofm\/2023\/04\/19\/mas-de-175-mil-trabajadores-del-imss-participaron-en-el-primer-simulacro-nacional-2023\/"]}]},{"@type":"ImageObject","inLanguage":"es","@id":"https:\/\/www.bbmnoticias.com\/labravaradiofm\/2023\/04\/19\/mas-de-175-mil-trabajadores-del-imss-participaron-en-el-primer-simulacro-nacional-2023\/#primaryimage","url":"https:\/\/www.bbmnoticias.com\/labravaradiofm\/wp-content\/uploads\/sites\/5\/2023\/04\/trabajadores-imss.jpg","contentUrl":"https:\/\/www.bbmnoticias.com\/labravaradiofm\/wp-content\/uploads\/sites\/5\/2023\/04\/trabajadores-imss.jpg","width":615,"height":384},{"@type":"BreadcrumbList","@id":"https:\/\/www.bbmnoticias.com\/labravaradiofm\/2023\/04\/19\/mas-de-175-mil-trabajadores-del-imss-participaron-en-el-primer-simulacro-nacional-2023\/#breadcrumb","itemListElement":[{"@type":"ListItem","position":1,"name":"Inicio","item":"https:\/\/www.bbmnoticias.com\/labravaradiofm\/"},{"@type":"ListItem","position":2,"name":"M\u00e1s de 175 mil trabajadores del IMSS participaron en el Primer Simulacro Nacional 2023"}]},{"@type":"WebSite","@id":"https:\/\/www.bbmnoticias.com\/labravaradiofm\/#website","url":"https:\/\/www.bbmnoticias.com\/labravaradiofm\/","name":"LA BRAVA RADIO","description":"Empresa productora de medios, Radiodifusi\u00f3n, Noticias, tendencias y todo lo que necesitas saber de la pol\u00edtica mexicana e internacional; entretenimiento, espect\u00e1culos, salud y mucho m\u00e1s.","potentialAction":[{"@type":"SearchAction","target":{"@type":"EntryPoint","urlTemplate":"https:\/\/www.bbmnoticias.com\/labravaradiofm\/?s={search_term_string}"},"query-input":{"@type":"PropertyValueSpecification","valueRequired":true,"valueName":"search_term_string"}}],"inLanguage":"es"},{"@type":"Person","@id":"https:\/\/www.bbmnoticias.com\/labravaradiofm\/#\/schema\/person\/34b139c617a70ea5bef5678bffe4dd7b","name":"Staff","image":{"@type":"ImageObject","inLanguage":"es","@id":"https:\/\/secure.gravatar.com\/avatar\/fdd21ad66fd8b98c407f9dee5b5e588cfe7f0d8579ec20fa6527cd59bab7f0f0?s=96&d=mm&r=g","url":"https:\/\/secure.gravatar.com\/avatar\/fdd21ad66fd8b98c407f9dee5b5e588cfe7f0d8579ec20fa6527cd59bab7f0f0?s=96&d=mm&r=g","contentUrl":"https:\/\/secure.gravatar.com\/avatar\/fdd21ad66fd8b98c407f9dee5b5e588cfe7f0d8579ec20fa6527cd59bab7f0f0?s=96&d=mm&r=g","caption":"Staff"},"url":"https:\/\/www.bbmnoticias.com\/labravaradiofm\/author\/redaccion\/"}]}},"_links":{"self":[{"href":"https:\/\/www.bbmnoticias.com\/labravaradiofm\/wp-json\/wp\/v2\/posts\/26456","targetHints":{"allow":["GET"]}}],"collection":[{"href":"https:\/\/www.bbmnoticias.com\/labravaradiofm\/wp-json\/wp\/v2\/posts"}],"about":[{"href":"https:\/\/www.bbmnoticias.com\/labravaradiofm\/wp-json\/wp\/v2\/types\/post"}],"author":[{"embeddable":true,"href":"https:\/\/www.bbmnoticias.com\/labravaradiofm\/wp-json\/wp\/v2\/users\/2"}],"replies":[{"embeddable":true,"href":"https:\/\/www.bbmnoticias.com\/labravaradiofm\/wp-json\/wp\/v2\/comments?post=26456"}],"version-history":[{"count":0,"href":"https:\/\/www.bbmnoticias.com\/labravaradiofm\/wp-json\/wp\/v2\/posts\/26456\/revisions"}],"wp:featuredmedia":[{"embeddable":true,"href":"https:\/\/www.bbmnoticias.com\/labravaradiofm\/wp-json\/wp\/v2\/media\/26457"}],"wp:attachment":[{"href":"https:\/\/www.bbmnoticias.com\/labravaradiofm\/wp-json\/wp\/v2\/media?parent=26456"}],"wp:term":[{"taxonomy":"category","embeddable":true,"href":"https:\/\/www.bbmnoticias.com\/labravaradiofm\/wp-json\/wp\/v2\/categories?post=26456"},{"taxonomy":"post_tag","embeddable":true,"href":"https:\/\/www.bbmnoticias.com\/labravaradiofm\/wp-json\/wp\/v2\/tags?post=26456"}],"curies":[{"name":"wp","href":"https:\/\/api.w.org\/{rel}","templated":true}]}}