{"id":26450,"date":"2023-04-19T12:12:00","date_gmt":"2023-04-19T18:12:00","guid":{"rendered":"https:\/\/www.bbmnoticias.com\/labravaradiofm\/?p=26450"},"modified":"2023-04-19T12:12:01","modified_gmt":"2023-04-19T18:12:01","slug":"ejecutan-a-integrante-de-la-seccion-22-en-tuxtepec-en-la-cuenca-de-oaxaca","status":"publish","type":"post","link":"https:\/\/www.bbmnoticias.com\/labravaradiofm\/2023\/04\/19\/ejecutan-a-integrante-de-la-seccion-22-en-tuxtepec-en-la-cuenca-de-oaxaca\/","title":{"rendered":"Ejecutan a integrante de la Secci\u00f3n 22 en Tuxtepec, en la Cuenca de Oaxaca"},"content":{"rendered":"<div style=\"margin-top: 0px; margin-bottom: 0px;\" class=\"sharethis-inline-share-buttons\" ><\/div>\n<p><strong>Oaxaca, Oax.- <\/strong>Un presunto maestro de la Secci\u00f3n 22 de la CNTE fue ejecutado esta ma\u00f1ana en San Juan Bautista Tuxtepec en la Cuenca del Papaloapam.<\/p>\n\n\n\n<p>Se trata de Carlos R. V, quien formaba parte de la gremial, y quien fue atacado a balazos por hombres armados en la Colonia El Nanche.<\/p>\n\n\n\n<p>Hasta el momento, el reporte que se tiene es que el hombre fue baleado al interior de su camioneta, lo que provoc\u00f3 que impactar\u00e1 con otro veh\u00edculo.<\/p>\n\n\n\n<p>Al lugar se han trasladado elementos de la Polic\u00eda Municipal y de la Fiscal\u00eda General de Oaxaca, para iniciar las investigaciones correspondientes.<\/p>\n\n\n\n<p>Hasta el momento se desconoce el m\u00f3vil de este asesinato.<\/p>\n\n\n\n<p>Se sabe que Carlos R.V. fue detenido en el 2016, junto a otros hombre por portaci\u00f3n de armas y sali\u00f3 libre este 2023.<\/p>\n\n\n\n<p>Hasta el momento, la Secci\u00f3n 22 de la CNTE no se ha pronunciado respecto a este hecho.<\/p>\n\n\n\n<p>Apenas el martes, la gremial informaba de la suspensi\u00f3n de clases en Santiago Amoltepec, por el asesinato de cuatro de sus agremiados, por lo que se desconoce si tomar\u00e1 la misma medida en Tuxtepec.<\/p>\n","protected":false},"excerpt":{"rendered":"<p>Oaxaca, Oax.- Un presunto maestro de la Secci\u00f3n 22 de la CNTE fue ejecutado esta ma\u00f1ana en San Juan Bautista Tuxtepec en la Cuenca del Papaloapam. Se trata de Carlos R. V, quien formaba parte de la gremial, y quien fue atacado a balazos por hombres armados en la Colonia El Nanche. Hasta el momento, [&hellip;]<\/p>\n","protected":false},"author":7,"featured_media":26451,"comment_status":"closed","ping_status":"closed","sticky":false,"template":"","format":"standard","meta":{"footnotes":""},"categories":[20],"tags":[],"class_list":{"0":"post-26450","1":"post","2":"type-post","3":"status-publish","4":"format-standard","5":"has-post-thumbnail","7":"category-policiaca"},"yoast_head":"<!-- This site is optimized with the Yoast SEO plugin v27.4 - https:\/\/yoast.com\/product\/yoast-seo-wordpress\/ -->\n<title>Ejecutan a integrante de la Secci\u00f3n 22 en Tuxtepec, en la Cuenca de Oaxaca - LA BRAVA RADIO<\/title>\n<meta name=\"robots\" content=\"index, follow, max-snippet:-1, max-image-preview:large, max-video-preview:-1\" \/>\n<link rel=\"canonical\" href=\"https:\/\/www.bbmnoticias.com\/labravaradiofm\/2023\/04\/19\/ejecutan-a-integrante-de-la-seccion-22-en-tuxtepec-en-la-cuenca-de-oaxaca\/\" \/>\n<meta property=\"og:locale\" content=\"es_MX\" \/>\n<meta property=\"og:type\" content=\"article\" \/>\n<meta property=\"og:title\" content=\"Ejecutan a integrante de la Secci\u00f3n 22 en Tuxtepec, en la Cuenca de Oaxaca - LA BRAVA RADIO\" \/>\n<meta property=\"og:description\" content=\"Oaxaca, Oax.- Un presunto maestro de la Secci\u00f3n 22 de la CNTE fue ejecutado esta ma\u00f1ana en San Juan Bautista Tuxtepec en la Cuenca del Papaloapam. Se trata de Carlos R. V, quien formaba parte de la gremial, y quien fue atacado a balazos por hombres armados en la Colonia El Nanche. Hasta el momento, [&hellip;]\" \/>\n<meta property=\"og:url\" content=\"https:\/\/www.bbmnoticias.com\/labravaradiofm\/2023\/04\/19\/ejecutan-a-integrante-de-la-seccion-22-en-tuxtepec-en-la-cuenca-de-oaxaca\/\" \/>\n<meta property=\"og:site_name\" content=\"LA BRAVA RADIO\" \/>\n<meta property=\"article:published_time\" content=\"2023-04-19T18:12:00+00:00\" \/>\n<meta property=\"article:modified_time\" content=\"2023-04-19T18:12:01+00:00\" \/>\n<meta property=\"og:image\" content=\"https:\/\/www.bbmnoticias.com\/labravaradiofm\/wp-content\/uploads\/sites\/5\/2023\/04\/ejecutado-tuxtepec.jpg\" \/>\n\t<meta property=\"og:image:width\" content=\"868\" \/>\n\t<meta property=\"og:image:height\" content=\"632\" \/>\n\t<meta property=\"og:image:type\" content=\"image\/jpeg\" \/>\n<meta name=\"author\" content=\"Cuarta Plana\" \/>\n<meta name=\"twitter:card\" content=\"summary_large_image\" \/>\n<meta name=\"twitter:label1\" content=\"Escrito por\" \/>\n\t<meta name=\"twitter:data1\" content=\"Cuarta Plana\" \/>\n\t<meta name=\"twitter:label2\" content=\"Tiempo de lectura\" \/>\n\t<meta name=\"twitter:data2\" content=\"1 minuto\" \/>\n<script type=\"application\/ld+json\" class=\"yoast-schema-graph\">{\"@context\":\"https:\\\/\\\/schema.org\",\"@graph\":[{\"@type\":\"Article\",\"@id\":\"https:\\\/\\\/www.bbmnoticias.com\\\/labravaradiofm\\\/2023\\\/04\\\/19\\\/ejecutan-a-integrante-de-la-seccion-22-en-tuxtepec-en-la-cuenca-de-oaxaca\\\/#article\",\"isPartOf\":{\"@id\":\"https:\\\/\\\/www.bbmnoticias.com\\\/labravaradiofm\\\/2023\\\/04\\\/19\\\/ejecutan-a-integrante-de-la-seccion-22-en-tuxtepec-en-la-cuenca-de-oaxaca\\\/\"},\"author\":{\"name\":\"Cuarta Plana\",\"@id\":\"https:\\\/\\\/www.bbmnoticias.com\\\/labravaradiofm\\\/#\\\/schema\\\/person\\\/06701593a16bd7e2ef8a61c905892f7b\"},\"headline\":\"Ejecutan a integrante de la Secci\u00f3n 22 en Tuxtepec, en la Cuenca de Oaxaca\",\"datePublished\":\"2023-04-19T18:12:00+00:00\",\"dateModified\":\"2023-04-19T18:12:01+00:00\",\"mainEntityOfPage\":{\"@id\":\"https:\\\/\\\/www.bbmnoticias.com\\\/labravaradiofm\\\/2023\\\/04\\\/19\\\/ejecutan-a-integrante-de-la-seccion-22-en-tuxtepec-en-la-cuenca-de-oaxaca\\\/\"},\"wordCount\":206,\"image\":{\"@id\":\"https:\\\/\\\/www.bbmnoticias.com\\\/labravaradiofm\\\/2023\\\/04\\\/19\\\/ejecutan-a-integrante-de-la-seccion-22-en-tuxtepec-en-la-cuenca-de-oaxaca\\\/#primaryimage\"},\"thumbnailUrl\":\"https:\\\/\\\/www.bbmnoticias.com\\\/labravaradiofm\\\/wp-content\\\/uploads\\\/sites\\\/5\\\/2023\\\/04\\\/ejecutado-tuxtepec.jpg\",\"articleSection\":[\"POLICIACA\"],\"inLanguage\":\"es\"},{\"@type\":\"WebPage\",\"@id\":\"https:\\\/\\\/www.bbmnoticias.com\\\/labravaradiofm\\\/2023\\\/04\\\/19\\\/ejecutan-a-integrante-de-la-seccion-22-en-tuxtepec-en-la-cuenca-de-oaxaca\\\/\",\"url\":\"https:\\\/\\\/www.bbmnoticias.com\\\/labravaradiofm\\\/2023\\\/04\\\/19\\\/ejecutan-a-integrante-de-la-seccion-22-en-tuxtepec-en-la-cuenca-de-oaxaca\\\/\",\"name\":\"Ejecutan a integrante de la Secci\u00f3n 22 en Tuxtepec, en la Cuenca de Oaxaca - LA BRAVA RADIO\",\"isPartOf\":{\"@id\":\"https:\\\/\\\/www.bbmnoticias.com\\\/labravaradiofm\\\/#website\"},\"primaryImageOfPage\":{\"@id\":\"https:\\\/\\\/www.bbmnoticias.com\\\/labravaradiofm\\\/2023\\\/04\\\/19\\\/ejecutan-a-integrante-de-la-seccion-22-en-tuxtepec-en-la-cuenca-de-oaxaca\\\/#primaryimage\"},\"image\":{\"@id\":\"https:\\\/\\\/www.bbmnoticias.com\\\/labravaradiofm\\\/2023\\\/04\\\/19\\\/ejecutan-a-integrante-de-la-seccion-22-en-tuxtepec-en-la-cuenca-de-oaxaca\\\/#primaryimage\"},\"thumbnailUrl\":\"https:\\\/\\\/www.bbmnoticias.com\\\/labravaradiofm\\\/wp-content\\\/uploads\\\/sites\\\/5\\\/2023\\\/04\\\/ejecutado-tuxtepec.jpg\",\"datePublished\":\"2023-04-19T18:12:00+00:00\",\"dateModified\":\"2023-04-19T18:12:01+00:00\",\"author\":{\"@id\":\"https:\\\/\\\/www.bbmnoticias.com\\\/labravaradiofm\\\/#\\\/schema\\\/person\\\/06701593a16bd7e2ef8a61c905892f7b\"},\"breadcrumb\":{\"@id\":\"https:\\\/\\\/www.bbmnoticias.com\\\/labravaradiofm\\\/2023\\\/04\\\/19\\\/ejecutan-a-integrante-de-la-seccion-22-en-tuxtepec-en-la-cuenca-de-oaxaca\\\/#breadcrumb\"},\"inLanguage\":\"es\",\"potentialAction\":[{\"@type\":\"ReadAction\",\"target\":[\"https:\\\/\\\/www.bbmnoticias.com\\\/labravaradiofm\\\/2023\\\/04\\\/19\\\/ejecutan-a-integrante-de-la-seccion-22-en-tuxtepec-en-la-cuenca-de-oaxaca\\\/\"]}]},{\"@type\":\"ImageObject\",\"inLanguage\":\"es\",\"@id\":\"https:\\\/\\\/www.bbmnoticias.com\\\/labravaradiofm\\\/2023\\\/04\\\/19\\\/ejecutan-a-integrante-de-la-seccion-22-en-tuxtepec-en-la-cuenca-de-oaxaca\\\/#primaryimage\",\"url\":\"https:\\\/\\\/www.bbmnoticias.com\\\/labravaradiofm\\\/wp-content\\\/uploads\\\/sites\\\/5\\\/2023\\\/04\\\/ejecutado-tuxtepec.jpg\",\"contentUrl\":\"https:\\\/\\\/www.bbmnoticias.com\\\/labravaradiofm\\\/wp-content\\\/uploads\\\/sites\\\/5\\\/2023\\\/04\\\/ejecutado-tuxtepec.jpg\",\"width\":868,\"height\":632},{\"@type\":\"BreadcrumbList\",\"@id\":\"https:\\\/\\\/www.bbmnoticias.com\\\/labravaradiofm\\\/2023\\\/04\\\/19\\\/ejecutan-a-integrante-de-la-seccion-22-en-tuxtepec-en-la-cuenca-de-oaxaca\\\/#breadcrumb\",\"itemListElement\":[{\"@type\":\"ListItem\",\"position\":1,\"name\":\"Inicio\",\"item\":\"https:\\\/\\\/www.bbmnoticias.com\\\/labravaradiofm\\\/\"},{\"@type\":\"ListItem\",\"position\":2,\"name\":\"Ejecutan a integrante de la Secci\u00f3n 22 en Tuxtepec, en la Cuenca de Oaxaca\"}]},{\"@type\":\"WebSite\",\"@id\":\"https:\\\/\\\/www.bbmnoticias.com\\\/labravaradiofm\\\/#website\",\"url\":\"https:\\\/\\\/www.bbmnoticias.com\\\/labravaradiofm\\\/\",\"name\":\"LA BRAVA RADIO\",\"description\":\"Empresa productora de medios, Radiodifusi\u00f3n, Noticias, tendencias y todo lo que necesitas saber de la pol\u00edtica mexicana e internacional; entretenimiento, espect\u00e1culos, salud y mucho m\u00e1s.\",\"potentialAction\":[{\"@type\":\"SearchAction\",\"target\":{\"@type\":\"EntryPoint\",\"urlTemplate\":\"https:\\\/\\\/www.bbmnoticias.com\\\/labravaradiofm\\\/?s={search_term_string}\"},\"query-input\":{\"@type\":\"PropertyValueSpecification\",\"valueRequired\":true,\"valueName\":\"search_term_string\"}}],\"inLanguage\":\"es\"},{\"@type\":\"Person\",\"@id\":\"https:\\\/\\\/www.bbmnoticias.com\\\/labravaradiofm\\\/#\\\/schema\\\/person\\\/06701593a16bd7e2ef8a61c905892f7b\",\"name\":\"Cuarta Plana\",\"image\":{\"@type\":\"ImageObject\",\"inLanguage\":\"es\",\"@id\":\"https:\\\/\\\/secure.gravatar.com\\\/avatar\\\/569aeac3582b4864a79ffcd8468ada657f9c0cbf68c06542116f60dfa8c3c2d7?s=96&d=mm&r=g\",\"url\":\"https:\\\/\\\/secure.gravatar.com\\\/avatar\\\/569aeac3582b4864a79ffcd8468ada657f9c0cbf68c06542116f60dfa8c3c2d7?s=96&d=mm&r=g\",\"contentUrl\":\"https:\\\/\\\/secure.gravatar.com\\\/avatar\\\/569aeac3582b4864a79ffcd8468ada657f9c0cbf68c06542116f60dfa8c3c2d7?s=96&d=mm&r=g\",\"caption\":\"Cuarta Plana\"},\"url\":\"https:\\\/\\\/www.bbmnoticias.com\\\/labravaradiofm\\\/author\\\/cuartaplana\\\/\"}]}<\/script>\n<!-- \/ Yoast SEO plugin. -->","yoast_head_json":{"title":"Ejecutan a integrante de la Secci\u00f3n 22 en Tuxtepec, en la Cuenca de Oaxaca - LA BRAVA RADIO","robots":{"index":"index","follow":"follow","max-snippet":"max-snippet:-1","max-image-preview":"max-image-preview:large","max-video-preview":"max-video-preview:-1"},"canonical":"https:\/\/www.bbmnoticias.com\/labravaradiofm\/2023\/04\/19\/ejecutan-a-integrante-de-la-seccion-22-en-tuxtepec-en-la-cuenca-de-oaxaca\/","og_locale":"es_MX","og_type":"article","og_title":"Ejecutan a integrante de la Secci\u00f3n 22 en Tuxtepec, en la Cuenca de Oaxaca - LA BRAVA RADIO","og_description":"Oaxaca, Oax.- Un presunto maestro de la Secci\u00f3n 22 de la CNTE fue ejecutado esta ma\u00f1ana en San Juan Bautista Tuxtepec en la Cuenca del Papaloapam. Se trata de Carlos R. V, quien formaba parte de la gremial, y quien fue atacado a balazos por hombres armados en la Colonia El Nanche. Hasta el momento, [&hellip;]","og_url":"https:\/\/www.bbmnoticias.com\/labravaradiofm\/2023\/04\/19\/ejecutan-a-integrante-de-la-seccion-22-en-tuxtepec-en-la-cuenca-de-oaxaca\/","og_site_name":"LA BRAVA RADIO","article_published_time":"2023-04-19T18:12:00+00:00","article_modified_time":"2023-04-19T18:12:01+00:00","og_image":[{"width":868,"height":632,"url":"https:\/\/www.bbmnoticias.com\/labravaradiofm\/wp-content\/uploads\/sites\/5\/2023\/04\/ejecutado-tuxtepec.jpg","type":"image\/jpeg"}],"author":"Cuarta Plana","twitter_card":"summary_large_image","twitter_misc":{"Escrito por":"Cuarta Plana","Tiempo de lectura":"1 minuto"},"schema":{"@context":"https:\/\/schema.org","@graph":[{"@type":"Article","@id":"https:\/\/www.bbmnoticias.com\/labravaradiofm\/2023\/04\/19\/ejecutan-a-integrante-de-la-seccion-22-en-tuxtepec-en-la-cuenca-de-oaxaca\/#article","isPartOf":{"@id":"https:\/\/www.bbmnoticias.com\/labravaradiofm\/2023\/04\/19\/ejecutan-a-integrante-de-la-seccion-22-en-tuxtepec-en-la-cuenca-de-oaxaca\/"},"author":{"name":"Cuarta Plana","@id":"https:\/\/www.bbmnoticias.com\/labravaradiofm\/#\/schema\/person\/06701593a16bd7e2ef8a61c905892f7b"},"headline":"Ejecutan a integrante de la Secci\u00f3n 22 en Tuxtepec, en la Cuenca de Oaxaca","datePublished":"2023-04-19T18:12:00+00:00","dateModified":"2023-04-19T18:12:01+00:00","mainEntityOfPage":{"@id":"https:\/\/www.bbmnoticias.com\/labravaradiofm\/2023\/04\/19\/ejecutan-a-integrante-de-la-seccion-22-en-tuxtepec-en-la-cuenca-de-oaxaca\/"},"wordCount":206,"image":{"@id":"https:\/\/www.bbmnoticias.com\/labravaradiofm\/2023\/04\/19\/ejecutan-a-integrante-de-la-seccion-22-en-tuxtepec-en-la-cuenca-de-oaxaca\/#primaryimage"},"thumbnailUrl":"https:\/\/www.bbmnoticias.com\/labravaradiofm\/wp-content\/uploads\/sites\/5\/2023\/04\/ejecutado-tuxtepec.jpg","articleSection":["POLICIACA"],"inLanguage":"es"},{"@type":"WebPage","@id":"https:\/\/www.bbmnoticias.com\/labravaradiofm\/2023\/04\/19\/ejecutan-a-integrante-de-la-seccion-22-en-tuxtepec-en-la-cuenca-de-oaxaca\/","url":"https:\/\/www.bbmnoticias.com\/labravaradiofm\/2023\/04\/19\/ejecutan-a-integrante-de-la-seccion-22-en-tuxtepec-en-la-cuenca-de-oaxaca\/","name":"Ejecutan a integrante de la Secci\u00f3n 22 en Tuxtepec, en la Cuenca de Oaxaca - LA BRAVA RADIO","isPartOf":{"@id":"https:\/\/www.bbmnoticias.com\/labravaradiofm\/#website"},"primaryImageOfPage":{"@id":"https:\/\/www.bbmnoticias.com\/labravaradiofm\/2023\/04\/19\/ejecutan-a-integrante-de-la-seccion-22-en-tuxtepec-en-la-cuenca-de-oaxaca\/#primaryimage"},"image":{"@id":"https:\/\/www.bbmnoticias.com\/labravaradiofm\/2023\/04\/19\/ejecutan-a-integrante-de-la-seccion-22-en-tuxtepec-en-la-cuenca-de-oaxaca\/#primaryimage"},"thumbnailUrl":"https:\/\/www.bbmnoticias.com\/labravaradiofm\/wp-content\/uploads\/sites\/5\/2023\/04\/ejecutado-tuxtepec.jpg","datePublished":"2023-04-19T18:12:00+00:00","dateModified":"2023-04-19T18:12:01+00:00","author":{"@id":"https:\/\/www.bbmnoticias.com\/labravaradiofm\/#\/schema\/person\/06701593a16bd7e2ef8a61c905892f7b"},"breadcrumb":{"@id":"https:\/\/www.bbmnoticias.com\/labravaradiofm\/2023\/04\/19\/ejecutan-a-integrante-de-la-seccion-22-en-tuxtepec-en-la-cuenca-de-oaxaca\/#breadcrumb"},"inLanguage":"es","potentialAction":[{"@type":"ReadAction","target":["https:\/\/www.bbmnoticias.com\/labravaradiofm\/2023\/04\/19\/ejecutan-a-integrante-de-la-seccion-22-en-tuxtepec-en-la-cuenca-de-oaxaca\/"]}]},{"@type":"ImageObject","inLanguage":"es","@id":"https:\/\/www.bbmnoticias.com\/labravaradiofm\/2023\/04\/19\/ejecutan-a-integrante-de-la-seccion-22-en-tuxtepec-en-la-cuenca-de-oaxaca\/#primaryimage","url":"https:\/\/www.bbmnoticias.com\/labravaradiofm\/wp-content\/uploads\/sites\/5\/2023\/04\/ejecutado-tuxtepec.jpg","contentUrl":"https:\/\/www.bbmnoticias.com\/labravaradiofm\/wp-content\/uploads\/sites\/5\/2023\/04\/ejecutado-tuxtepec.jpg","width":868,"height":632},{"@type":"BreadcrumbList","@id":"https:\/\/www.bbmnoticias.com\/labravaradiofm\/2023\/04\/19\/ejecutan-a-integrante-de-la-seccion-22-en-tuxtepec-en-la-cuenca-de-oaxaca\/#breadcrumb","itemListElement":[{"@type":"ListItem","position":1,"name":"Inicio","item":"https:\/\/www.bbmnoticias.com\/labravaradiofm\/"},{"@type":"ListItem","position":2,"name":"Ejecutan a integrante de la Secci\u00f3n 22 en Tuxtepec, en la Cuenca de Oaxaca"}]},{"@type":"WebSite","@id":"https:\/\/www.bbmnoticias.com\/labravaradiofm\/#website","url":"https:\/\/www.bbmnoticias.com\/labravaradiofm\/","name":"LA BRAVA RADIO","description":"Empresa productora de medios, Radiodifusi\u00f3n, Noticias, tendencias y todo lo que necesitas saber de la pol\u00edtica mexicana e internacional; entretenimiento, espect\u00e1culos, salud y mucho m\u00e1s.","potentialAction":[{"@type":"SearchAction","target":{"@type":"EntryPoint","urlTemplate":"https:\/\/www.bbmnoticias.com\/labravaradiofm\/?s={search_term_string}"},"query-input":{"@type":"PropertyValueSpecification","valueRequired":true,"valueName":"search_term_string"}}],"inLanguage":"es"},{"@type":"Person","@id":"https:\/\/www.bbmnoticias.com\/labravaradiofm\/#\/schema\/person\/06701593a16bd7e2ef8a61c905892f7b","name":"Cuarta Plana","image":{"@type":"ImageObject","inLanguage":"es","@id":"https:\/\/secure.gravatar.com\/avatar\/569aeac3582b4864a79ffcd8468ada657f9c0cbf68c06542116f60dfa8c3c2d7?s=96&d=mm&r=g","url":"https:\/\/secure.gravatar.com\/avatar\/569aeac3582b4864a79ffcd8468ada657f9c0cbf68c06542116f60dfa8c3c2d7?s=96&d=mm&r=g","contentUrl":"https:\/\/secure.gravatar.com\/avatar\/569aeac3582b4864a79ffcd8468ada657f9c0cbf68c06542116f60dfa8c3c2d7?s=96&d=mm&r=g","caption":"Cuarta Plana"},"url":"https:\/\/www.bbmnoticias.com\/labravaradiofm\/author\/cuartaplana\/"}]}},"_links":{"self":[{"href":"https:\/\/www.bbmnoticias.com\/labravaradiofm\/wp-json\/wp\/v2\/posts\/26450","targetHints":{"allow":["GET"]}}],"collection":[{"href":"https:\/\/www.bbmnoticias.com\/labravaradiofm\/wp-json\/wp\/v2\/posts"}],"about":[{"href":"https:\/\/www.bbmnoticias.com\/labravaradiofm\/wp-json\/wp\/v2\/types\/post"}],"author":[{"embeddable":true,"href":"https:\/\/www.bbmnoticias.com\/labravaradiofm\/wp-json\/wp\/v2\/users\/7"}],"replies":[{"embeddable":true,"href":"https:\/\/www.bbmnoticias.com\/labravaradiofm\/wp-json\/wp\/v2\/comments?post=26450"}],"version-history":[{"count":0,"href":"https:\/\/www.bbmnoticias.com\/labravaradiofm\/wp-json\/wp\/v2\/posts\/26450\/revisions"}],"wp:featuredmedia":[{"embeddable":true,"href":"https:\/\/www.bbmnoticias.com\/labravaradiofm\/wp-json\/wp\/v2\/media\/26451"}],"wp:attachment":[{"href":"https:\/\/www.bbmnoticias.com\/labravaradiofm\/wp-json\/wp\/v2\/media?parent=26450"}],"wp:term":[{"taxonomy":"category","embeddable":true,"href":"https:\/\/www.bbmnoticias.com\/labravaradiofm\/wp-json\/wp\/v2\/categories?post=26450"},{"taxonomy":"post_tag","embeddable":true,"href":"https:\/\/www.bbmnoticias.com\/labravaradiofm\/wp-json\/wp\/v2\/tags?post=26450"}],"curies":[{"name":"wp","href":"https:\/\/api.w.org\/{rel}","templated":true}]}}