{"id":26423,"date":"2023-04-18T20:56:47","date_gmt":"2023-04-19T02:56:47","guid":{"rendered":"https:\/\/www.bbmnoticias.com\/labravaradiofm\/?p=26423"},"modified":"2023-04-18T20:56:47","modified_gmt":"2023-04-19T02:56:47","slug":"lo-capturan-saliendo-de-un-penal-de-oaxaca","status":"publish","type":"post","link":"https:\/\/www.bbmnoticias.com\/labravaradiofm\/2023\/04\/18\/lo-capturan-saliendo-de-un-penal-de-oaxaca\/","title":{"rendered":"Lo capturan saliendo de un Penal de Oaxaca"},"content":{"rendered":"<div style=\"margin-top: 0px; margin-bottom: 0px;\" class=\"sharethis-inline-share-buttons\" ><\/div>\n<p>Salina Cruz, Oaxaca. A cuatro meses del doble homicidio ocurrido en el parque central de Salina Cruz, fue detenido mediante orden de aprehensi\u00f3n Eduardo A. H. M. cuando sal\u00eda de un penal de la ciudad de Oaxaca, donde hab\u00eda ingresado por delitos del orden federal.<\/p>\n\n\n\n<p>Su detenci\u00f3n se dio por parte de personal de la Agencia Estatal de Investigaciones (AEI) de la Fiscal\u00eda General del Estado en cumplimiento a la orden de aprehensi\u00f3n 123\/2023 por el doble homicidio.<\/p>\n\n\n\n<p>En la causa penal se estableci\u00f3 que el ahora detenido fue uno de los presuntos responsables del doble homicidio.<\/p>\n\n\n\n<p>Cabe mencionar que los hechos se registraron el pasado viernes 13 de enero, en el parque central Independencia de Salina Cruz, donde fueron atacados a balazos Jhony R. P. y Jes\u00fas F. C. cuando se encontraban en una parada de autob\u00fas.<\/p>\n\n\n\n<p>Por este hecho, se le inici\u00f3 una carpeta de investigaci\u00f3n y se gir\u00f3 orden de aprehensi\u00f3n cumpliment\u00e1ndosela cuando \u00e9ste sal\u00eda del penal de Mengol\u00ed de Morelos.<\/p>\n\n\n\n<p>Eduardo A. H. M habr\u00eda sido detenido por delitos del orden federal donde logr\u00f3 librar la justicia, sin embargo, ahora se le finc\u00f3 un nuevo delito.<\/p>\n","protected":false},"excerpt":{"rendered":"<p>Salina Cruz, Oaxaca. A cuatro meses del doble homicidio ocurrido en el parque central de Salina Cruz, fue detenido mediante orden de aprehensi\u00f3n Eduardo A. H. M. cuando sal\u00eda de un penal de la ciudad de Oaxaca, donde hab\u00eda ingresado por delitos del orden federal. Su detenci\u00f3n se dio por parte de personal de la [&hellip;]<\/p>\n","protected":false},"author":2,"featured_media":26424,"comment_status":"closed","ping_status":"closed","sticky":false,"template":"","format":"standard","meta":{"footnotes":""},"categories":[20],"tags":[],"class_list":{"0":"post-26423","1":"post","2":"type-post","3":"status-publish","4":"format-standard","5":"has-post-thumbnail","7":"category-policiaca"},"yoast_head":"<!-- This site is optimized with the Yoast SEO plugin v27.4 - https:\/\/yoast.com\/product\/yoast-seo-wordpress\/ -->\n<title>Lo capturan saliendo de un Penal de Oaxaca - LA BRAVA RADIO<\/title>\n<meta name=\"robots\" content=\"index, follow, max-snippet:-1, max-image-preview:large, max-video-preview:-1\" \/>\n<link rel=\"canonical\" href=\"https:\/\/www.bbmnoticias.com\/labravaradiofm\/2023\/04\/18\/lo-capturan-saliendo-de-un-penal-de-oaxaca\/\" \/>\n<meta property=\"og:locale\" content=\"es_MX\" \/>\n<meta property=\"og:type\" content=\"article\" \/>\n<meta property=\"og:title\" content=\"Lo capturan saliendo de un Penal de Oaxaca - LA BRAVA RADIO\" \/>\n<meta property=\"og:description\" content=\"Salina Cruz, Oaxaca. A cuatro meses del doble homicidio ocurrido en el parque central de Salina Cruz, fue detenido mediante orden de aprehensi\u00f3n Eduardo A. H. M. cuando sal\u00eda de un penal de la ciudad de Oaxaca, donde hab\u00eda ingresado por delitos del orden federal. Su detenci\u00f3n se dio por parte de personal de la [&hellip;]\" \/>\n<meta property=\"og:url\" content=\"https:\/\/www.bbmnoticias.com\/labravaradiofm\/2023\/04\/18\/lo-capturan-saliendo-de-un-penal-de-oaxaca\/\" \/>\n<meta property=\"og:site_name\" content=\"LA BRAVA RADIO\" \/>\n<meta property=\"article:published_time\" content=\"2023-04-19T02:56:47+00:00\" \/>\n<meta property=\"og:image\" content=\"https:\/\/www.bbmnoticias.com\/labravaradiofm\/wp-content\/uploads\/sites\/5\/2023\/04\/capturado.jpg\" \/>\n\t<meta property=\"og:image:width\" content=\"750\" \/>\n\t<meta property=\"og:image:height\" content=\"404\" \/>\n\t<meta property=\"og:image:type\" content=\"image\/jpeg\" \/>\n<meta name=\"author\" content=\"Staff\" \/>\n<meta name=\"twitter:card\" content=\"summary_large_image\" \/>\n<meta name=\"twitter:label1\" content=\"Escrito por\" \/>\n\t<meta name=\"twitter:data1\" content=\"Staff\" \/>\n\t<meta name=\"twitter:label2\" content=\"Tiempo de lectura\" \/>\n\t<meta name=\"twitter:data2\" content=\"1 minuto\" \/>\n<script type=\"application\/ld+json\" class=\"yoast-schema-graph\">{\"@context\":\"https:\\\/\\\/schema.org\",\"@graph\":[{\"@type\":\"Article\",\"@id\":\"https:\\\/\\\/www.bbmnoticias.com\\\/labravaradiofm\\\/2023\\\/04\\\/18\\\/lo-capturan-saliendo-de-un-penal-de-oaxaca\\\/#article\",\"isPartOf\":{\"@id\":\"https:\\\/\\\/www.bbmnoticias.com\\\/labravaradiofm\\\/2023\\\/04\\\/18\\\/lo-capturan-saliendo-de-un-penal-de-oaxaca\\\/\"},\"author\":{\"name\":\"Staff\",\"@id\":\"https:\\\/\\\/www.bbmnoticias.com\\\/labravaradiofm\\\/#\\\/schema\\\/person\\\/34b139c617a70ea5bef5678bffe4dd7b\"},\"headline\":\"Lo capturan saliendo de un Penal de Oaxaca\",\"datePublished\":\"2023-04-19T02:56:47+00:00\",\"mainEntityOfPage\":{\"@id\":\"https:\\\/\\\/www.bbmnoticias.com\\\/labravaradiofm\\\/2023\\\/04\\\/18\\\/lo-capturan-saliendo-de-un-penal-de-oaxaca\\\/\"},\"wordCount\":209,\"image\":{\"@id\":\"https:\\\/\\\/www.bbmnoticias.com\\\/labravaradiofm\\\/2023\\\/04\\\/18\\\/lo-capturan-saliendo-de-un-penal-de-oaxaca\\\/#primaryimage\"},\"thumbnailUrl\":\"https:\\\/\\\/www.bbmnoticias.com\\\/labravaradiofm\\\/wp-content\\\/uploads\\\/sites\\\/5\\\/2023\\\/04\\\/capturado.jpg\",\"articleSection\":[\"POLICIACA\"],\"inLanguage\":\"es\"},{\"@type\":\"WebPage\",\"@id\":\"https:\\\/\\\/www.bbmnoticias.com\\\/labravaradiofm\\\/2023\\\/04\\\/18\\\/lo-capturan-saliendo-de-un-penal-de-oaxaca\\\/\",\"url\":\"https:\\\/\\\/www.bbmnoticias.com\\\/labravaradiofm\\\/2023\\\/04\\\/18\\\/lo-capturan-saliendo-de-un-penal-de-oaxaca\\\/\",\"name\":\"Lo capturan saliendo de un Penal de Oaxaca - LA BRAVA RADIO\",\"isPartOf\":{\"@id\":\"https:\\\/\\\/www.bbmnoticias.com\\\/labravaradiofm\\\/#website\"},\"primaryImageOfPage\":{\"@id\":\"https:\\\/\\\/www.bbmnoticias.com\\\/labravaradiofm\\\/2023\\\/04\\\/18\\\/lo-capturan-saliendo-de-un-penal-de-oaxaca\\\/#primaryimage\"},\"image\":{\"@id\":\"https:\\\/\\\/www.bbmnoticias.com\\\/labravaradiofm\\\/2023\\\/04\\\/18\\\/lo-capturan-saliendo-de-un-penal-de-oaxaca\\\/#primaryimage\"},\"thumbnailUrl\":\"https:\\\/\\\/www.bbmnoticias.com\\\/labravaradiofm\\\/wp-content\\\/uploads\\\/sites\\\/5\\\/2023\\\/04\\\/capturado.jpg\",\"datePublished\":\"2023-04-19T02:56:47+00:00\",\"author\":{\"@id\":\"https:\\\/\\\/www.bbmnoticias.com\\\/labravaradiofm\\\/#\\\/schema\\\/person\\\/34b139c617a70ea5bef5678bffe4dd7b\"},\"breadcrumb\":{\"@id\":\"https:\\\/\\\/www.bbmnoticias.com\\\/labravaradiofm\\\/2023\\\/04\\\/18\\\/lo-capturan-saliendo-de-un-penal-de-oaxaca\\\/#breadcrumb\"},\"inLanguage\":\"es\",\"potentialAction\":[{\"@type\":\"ReadAction\",\"target\":[\"https:\\\/\\\/www.bbmnoticias.com\\\/labravaradiofm\\\/2023\\\/04\\\/18\\\/lo-capturan-saliendo-de-un-penal-de-oaxaca\\\/\"]}]},{\"@type\":\"ImageObject\",\"inLanguage\":\"es\",\"@id\":\"https:\\\/\\\/www.bbmnoticias.com\\\/labravaradiofm\\\/2023\\\/04\\\/18\\\/lo-capturan-saliendo-de-un-penal-de-oaxaca\\\/#primaryimage\",\"url\":\"https:\\\/\\\/www.bbmnoticias.com\\\/labravaradiofm\\\/wp-content\\\/uploads\\\/sites\\\/5\\\/2023\\\/04\\\/capturado.jpg\",\"contentUrl\":\"https:\\\/\\\/www.bbmnoticias.com\\\/labravaradiofm\\\/wp-content\\\/uploads\\\/sites\\\/5\\\/2023\\\/04\\\/capturado.jpg\",\"width\":750,\"height\":404},{\"@type\":\"BreadcrumbList\",\"@id\":\"https:\\\/\\\/www.bbmnoticias.com\\\/labravaradiofm\\\/2023\\\/04\\\/18\\\/lo-capturan-saliendo-de-un-penal-de-oaxaca\\\/#breadcrumb\",\"itemListElement\":[{\"@type\":\"ListItem\",\"position\":1,\"name\":\"Inicio\",\"item\":\"https:\\\/\\\/www.bbmnoticias.com\\\/labravaradiofm\\\/\"},{\"@type\":\"ListItem\",\"position\":2,\"name\":\"Lo capturan saliendo de un Penal de Oaxaca\"}]},{\"@type\":\"WebSite\",\"@id\":\"https:\\\/\\\/www.bbmnoticias.com\\\/labravaradiofm\\\/#website\",\"url\":\"https:\\\/\\\/www.bbmnoticias.com\\\/labravaradiofm\\\/\",\"name\":\"LA BRAVA RADIO\",\"description\":\"Empresa productora de medios, Radiodifusi\u00f3n, Noticias, tendencias y todo lo que necesitas saber de la pol\u00edtica mexicana e internacional; entretenimiento, espect\u00e1culos, salud y mucho m\u00e1s.\",\"potentialAction\":[{\"@type\":\"SearchAction\",\"target\":{\"@type\":\"EntryPoint\",\"urlTemplate\":\"https:\\\/\\\/www.bbmnoticias.com\\\/labravaradiofm\\\/?s={search_term_string}\"},\"query-input\":{\"@type\":\"PropertyValueSpecification\",\"valueRequired\":true,\"valueName\":\"search_term_string\"}}],\"inLanguage\":\"es\"},{\"@type\":\"Person\",\"@id\":\"https:\\\/\\\/www.bbmnoticias.com\\\/labravaradiofm\\\/#\\\/schema\\\/person\\\/34b139c617a70ea5bef5678bffe4dd7b\",\"name\":\"Staff\",\"image\":{\"@type\":\"ImageObject\",\"inLanguage\":\"es\",\"@id\":\"https:\\\/\\\/secure.gravatar.com\\\/avatar\\\/fdd21ad66fd8b98c407f9dee5b5e588cfe7f0d8579ec20fa6527cd59bab7f0f0?s=96&d=mm&r=g\",\"url\":\"https:\\\/\\\/secure.gravatar.com\\\/avatar\\\/fdd21ad66fd8b98c407f9dee5b5e588cfe7f0d8579ec20fa6527cd59bab7f0f0?s=96&d=mm&r=g\",\"contentUrl\":\"https:\\\/\\\/secure.gravatar.com\\\/avatar\\\/fdd21ad66fd8b98c407f9dee5b5e588cfe7f0d8579ec20fa6527cd59bab7f0f0?s=96&d=mm&r=g\",\"caption\":\"Staff\"},\"url\":\"https:\\\/\\\/www.bbmnoticias.com\\\/labravaradiofm\\\/author\\\/redaccion\\\/\"}]}<\/script>\n<!-- \/ Yoast SEO plugin. -->","yoast_head_json":{"title":"Lo capturan saliendo de un Penal de Oaxaca - LA BRAVA RADIO","robots":{"index":"index","follow":"follow","max-snippet":"max-snippet:-1","max-image-preview":"max-image-preview:large","max-video-preview":"max-video-preview:-1"},"canonical":"https:\/\/www.bbmnoticias.com\/labravaradiofm\/2023\/04\/18\/lo-capturan-saliendo-de-un-penal-de-oaxaca\/","og_locale":"es_MX","og_type":"article","og_title":"Lo capturan saliendo de un Penal de Oaxaca - LA BRAVA RADIO","og_description":"Salina Cruz, Oaxaca. A cuatro meses del doble homicidio ocurrido en el parque central de Salina Cruz, fue detenido mediante orden de aprehensi\u00f3n Eduardo A. H. M. cuando sal\u00eda de un penal de la ciudad de Oaxaca, donde hab\u00eda ingresado por delitos del orden federal. Su detenci\u00f3n se dio por parte de personal de la [&hellip;]","og_url":"https:\/\/www.bbmnoticias.com\/labravaradiofm\/2023\/04\/18\/lo-capturan-saliendo-de-un-penal-de-oaxaca\/","og_site_name":"LA BRAVA RADIO","article_published_time":"2023-04-19T02:56:47+00:00","og_image":[{"width":750,"height":404,"url":"https:\/\/www.bbmnoticias.com\/labravaradiofm\/wp-content\/uploads\/sites\/5\/2023\/04\/capturado.jpg","type":"image\/jpeg"}],"author":"Staff","twitter_card":"summary_large_image","twitter_misc":{"Escrito por":"Staff","Tiempo de lectura":"1 minuto"},"schema":{"@context":"https:\/\/schema.org","@graph":[{"@type":"Article","@id":"https:\/\/www.bbmnoticias.com\/labravaradiofm\/2023\/04\/18\/lo-capturan-saliendo-de-un-penal-de-oaxaca\/#article","isPartOf":{"@id":"https:\/\/www.bbmnoticias.com\/labravaradiofm\/2023\/04\/18\/lo-capturan-saliendo-de-un-penal-de-oaxaca\/"},"author":{"name":"Staff","@id":"https:\/\/www.bbmnoticias.com\/labravaradiofm\/#\/schema\/person\/34b139c617a70ea5bef5678bffe4dd7b"},"headline":"Lo capturan saliendo de un Penal de Oaxaca","datePublished":"2023-04-19T02:56:47+00:00","mainEntityOfPage":{"@id":"https:\/\/www.bbmnoticias.com\/labravaradiofm\/2023\/04\/18\/lo-capturan-saliendo-de-un-penal-de-oaxaca\/"},"wordCount":209,"image":{"@id":"https:\/\/www.bbmnoticias.com\/labravaradiofm\/2023\/04\/18\/lo-capturan-saliendo-de-un-penal-de-oaxaca\/#primaryimage"},"thumbnailUrl":"https:\/\/www.bbmnoticias.com\/labravaradiofm\/wp-content\/uploads\/sites\/5\/2023\/04\/capturado.jpg","articleSection":["POLICIACA"],"inLanguage":"es"},{"@type":"WebPage","@id":"https:\/\/www.bbmnoticias.com\/labravaradiofm\/2023\/04\/18\/lo-capturan-saliendo-de-un-penal-de-oaxaca\/","url":"https:\/\/www.bbmnoticias.com\/labravaradiofm\/2023\/04\/18\/lo-capturan-saliendo-de-un-penal-de-oaxaca\/","name":"Lo capturan saliendo de un Penal de Oaxaca - LA BRAVA RADIO","isPartOf":{"@id":"https:\/\/www.bbmnoticias.com\/labravaradiofm\/#website"},"primaryImageOfPage":{"@id":"https:\/\/www.bbmnoticias.com\/labravaradiofm\/2023\/04\/18\/lo-capturan-saliendo-de-un-penal-de-oaxaca\/#primaryimage"},"image":{"@id":"https:\/\/www.bbmnoticias.com\/labravaradiofm\/2023\/04\/18\/lo-capturan-saliendo-de-un-penal-de-oaxaca\/#primaryimage"},"thumbnailUrl":"https:\/\/www.bbmnoticias.com\/labravaradiofm\/wp-content\/uploads\/sites\/5\/2023\/04\/capturado.jpg","datePublished":"2023-04-19T02:56:47+00:00","author":{"@id":"https:\/\/www.bbmnoticias.com\/labravaradiofm\/#\/schema\/person\/34b139c617a70ea5bef5678bffe4dd7b"},"breadcrumb":{"@id":"https:\/\/www.bbmnoticias.com\/labravaradiofm\/2023\/04\/18\/lo-capturan-saliendo-de-un-penal-de-oaxaca\/#breadcrumb"},"inLanguage":"es","potentialAction":[{"@type":"ReadAction","target":["https:\/\/www.bbmnoticias.com\/labravaradiofm\/2023\/04\/18\/lo-capturan-saliendo-de-un-penal-de-oaxaca\/"]}]},{"@type":"ImageObject","inLanguage":"es","@id":"https:\/\/www.bbmnoticias.com\/labravaradiofm\/2023\/04\/18\/lo-capturan-saliendo-de-un-penal-de-oaxaca\/#primaryimage","url":"https:\/\/www.bbmnoticias.com\/labravaradiofm\/wp-content\/uploads\/sites\/5\/2023\/04\/capturado.jpg","contentUrl":"https:\/\/www.bbmnoticias.com\/labravaradiofm\/wp-content\/uploads\/sites\/5\/2023\/04\/capturado.jpg","width":750,"height":404},{"@type":"BreadcrumbList","@id":"https:\/\/www.bbmnoticias.com\/labravaradiofm\/2023\/04\/18\/lo-capturan-saliendo-de-un-penal-de-oaxaca\/#breadcrumb","itemListElement":[{"@type":"ListItem","position":1,"name":"Inicio","item":"https:\/\/www.bbmnoticias.com\/labravaradiofm\/"},{"@type":"ListItem","position":2,"name":"Lo capturan saliendo de un Penal de Oaxaca"}]},{"@type":"WebSite","@id":"https:\/\/www.bbmnoticias.com\/labravaradiofm\/#website","url":"https:\/\/www.bbmnoticias.com\/labravaradiofm\/","name":"LA BRAVA RADIO","description":"Empresa productora de medios, Radiodifusi\u00f3n, Noticias, tendencias y todo lo que necesitas saber de la pol\u00edtica mexicana e internacional; entretenimiento, espect\u00e1culos, salud y mucho m\u00e1s.","potentialAction":[{"@type":"SearchAction","target":{"@type":"EntryPoint","urlTemplate":"https:\/\/www.bbmnoticias.com\/labravaradiofm\/?s={search_term_string}"},"query-input":{"@type":"PropertyValueSpecification","valueRequired":true,"valueName":"search_term_string"}}],"inLanguage":"es"},{"@type":"Person","@id":"https:\/\/www.bbmnoticias.com\/labravaradiofm\/#\/schema\/person\/34b139c617a70ea5bef5678bffe4dd7b","name":"Staff","image":{"@type":"ImageObject","inLanguage":"es","@id":"https:\/\/secure.gravatar.com\/avatar\/fdd21ad66fd8b98c407f9dee5b5e588cfe7f0d8579ec20fa6527cd59bab7f0f0?s=96&d=mm&r=g","url":"https:\/\/secure.gravatar.com\/avatar\/fdd21ad66fd8b98c407f9dee5b5e588cfe7f0d8579ec20fa6527cd59bab7f0f0?s=96&d=mm&r=g","contentUrl":"https:\/\/secure.gravatar.com\/avatar\/fdd21ad66fd8b98c407f9dee5b5e588cfe7f0d8579ec20fa6527cd59bab7f0f0?s=96&d=mm&r=g","caption":"Staff"},"url":"https:\/\/www.bbmnoticias.com\/labravaradiofm\/author\/redaccion\/"}]}},"_links":{"self":[{"href":"https:\/\/www.bbmnoticias.com\/labravaradiofm\/wp-json\/wp\/v2\/posts\/26423","targetHints":{"allow":["GET"]}}],"collection":[{"href":"https:\/\/www.bbmnoticias.com\/labravaradiofm\/wp-json\/wp\/v2\/posts"}],"about":[{"href":"https:\/\/www.bbmnoticias.com\/labravaradiofm\/wp-json\/wp\/v2\/types\/post"}],"author":[{"embeddable":true,"href":"https:\/\/www.bbmnoticias.com\/labravaradiofm\/wp-json\/wp\/v2\/users\/2"}],"replies":[{"embeddable":true,"href":"https:\/\/www.bbmnoticias.com\/labravaradiofm\/wp-json\/wp\/v2\/comments?post=26423"}],"version-history":[{"count":0,"href":"https:\/\/www.bbmnoticias.com\/labravaradiofm\/wp-json\/wp\/v2\/posts\/26423\/revisions"}],"wp:featuredmedia":[{"embeddable":true,"href":"https:\/\/www.bbmnoticias.com\/labravaradiofm\/wp-json\/wp\/v2\/media\/26424"}],"wp:attachment":[{"href":"https:\/\/www.bbmnoticias.com\/labravaradiofm\/wp-json\/wp\/v2\/media?parent=26423"}],"wp:term":[{"taxonomy":"category","embeddable":true,"href":"https:\/\/www.bbmnoticias.com\/labravaradiofm\/wp-json\/wp\/v2\/categories?post=26423"},{"taxonomy":"post_tag","embeddable":true,"href":"https:\/\/www.bbmnoticias.com\/labravaradiofm\/wp-json\/wp\/v2\/tags?post=26423"}],"curies":[{"name":"wp","href":"https:\/\/api.w.org\/{rel}","templated":true}]}}