{"id":26416,"date":"2023-04-18T18:55:55","date_gmt":"2023-04-19T00:55:55","guid":{"rendered":"https:\/\/www.bbmnoticias.com\/labravaradiofm\/?p=26416"},"modified":"2023-04-18T18:55:56","modified_gmt":"2023-04-19T00:55:56","slug":"gobiernos-de-oaxaca-y-chiapas-brindan-certeza-juridica-a-poblaciones-asentadas-en-limites-territoriales-de-la-zona-sur","status":"publish","type":"post","link":"https:\/\/www.bbmnoticias.com\/labravaradiofm\/2023\/04\/18\/gobiernos-de-oaxaca-y-chiapas-brindan-certeza-juridica-a-poblaciones-asentadas-en-limites-territoriales-de-la-zona-sur\/","title":{"rendered":"Gobiernos de Oaxaca y Chiapas brindan certeza jur\u00eddica a poblaciones asentadas en l\u00edmites territoriales de la zona sur"},"content":{"rendered":"<div style=\"margin-top: 0px; margin-bottom: 0px;\" class=\"sharethis-inline-share-buttons\" ><\/div>\n<p><strong>Tuxtla Guti\u00e9rrez, Chis. 18 de abril de 2023.<\/strong> El Gobernador Salom\u00f3n Jara Cruz y su hom\u00f3logo del Estado de Chiapas, Rutilio Escand\u00f3n Cadenas, signaron un Convenio Amistoso de L\u00edmites Territoriales entre ambos estados libres y soberanos, para brindar certeza jur\u00eddica a habitantes de los municipios de la franja costera ubicada en la zona sur, sin afectar o alterar los l\u00edmites de la zona norte.<\/p>\n\n\n\n<p>El consejero jur\u00eddico del Gobierno del Estado, Geovanny V\u00e1squez Sagrero, expres\u00f3 que tras el fallo de la Suprema Corte de Justicia de la Naci\u00f3n a favor de Oaxaca en la zona de los Chimalapas, se previ\u00f3 recorrer la l\u00ednea lim\u00edtrofe de la zona Sur donde se ubican comunidades de Cintalapa de Figueroa, Arriaga y Tonal\u00e1 en el Estado de Chiapas, y los municipios de San Pedro Tapanatepec y San Francisco del Mar del Estado de Oaxaca.<\/p>\n\n\n\n<p>Con ello, y a fin de que estas comunidades de ambos estados conserven su pertenencia hist\u00f3rica, este Convenio Amistoso establece el l\u00edmite que dividir\u00e1 a ambas entidades a perpetuidad, el cual partir\u00e1 de Sur a Norte en la Barra de Tonal\u00e1 a los 16\u00ba 00\u00b400.0\u00b4\u00b4 de latitud Norte (94\u00ba 00\u00b400.0 W; 16\u00ba 00\u00b400.0\u00b4\u00b4 N), y a partir de ah\u00ed con una l\u00ednea quebrada que seguir\u00e1 los l\u00edmites reconocidos y publicados hasta diciembre de 2018 por el Instituto Nacional de Estad\u00edstica y Geograf\u00eda, entre los estados de Chiapas y Oaxaca.<\/p>\n\n\n\n<p>Detall\u00f3 que respecto de las colindancias entre los municipios de Cintalapa de Figueroa, Arriaga y Tonal\u00e1 en el Estado de Chiapas, con los municipios de San Pedro Tapanatepec y San Francisco del Mar del Estado de Oaxaca, hasta llegar al Cerro de La Jineta (94\u00ba 8\u00b421.87\u00b4\u00b4 W; 16\u00ba 27\u00b442.73\u00b4\u00b4 N), y de ah\u00ed con rumbo Noreste hasta el Cerro de Los Mart\u00ednez (93\u00ba 53\u00b423.92\u00b4\u00b4 W; 17\u00ba 8\u00b456.79\u00b4\u00b4 N).<\/p>\n\n\n\n<p>Este convenio amistoso est\u00e1 sustentado en un art\u00edculo transitorio del Decreto que establece los l\u00edmites territoriales entre Oaxaca y Chiapas, en la zona de los Chimalapas, que establece y mandata que el Gobierno de Oaxaca puede llegar a esta figura jur\u00eddica con respecto a esta zona, en la cual se localizan las comunidades de San Francisco del Mar y Tapanatepec, por parte de Oaxaca; as\u00ed como las localidades de Cintalapa de Figueroa, Arriaga y Tonal\u00e1 en el Estado de Chiapas.<\/p>\n\n\n\n<p>Cabe destacar que mediante este convenio amistoso, ambos gobernantes acordaron garantizar los derechos y la certeza jur\u00eddica de las y los propietarios o poseedores de los inmuebles que se encuentren en esta zona lim\u00edtrofe.<\/p>\n\n\n\n<p>Tambi\u00e9n se acord\u00f3 que en caso de que los inmuebles pertenezcan al r\u00e9gimen de propiedad social, como ejidos y comunidades agrarias, los gobernadores prestar\u00e1n todas las facilidades al Registro Agrario Nacional y a todas las dependencias del Gobierno Federal para que sus t\u00edtulos de propiedad o posesi\u00f3n se inscriban o actualicen de acuerdo con el l\u00edmite territorial establecido en este convenio.<\/p>\n","protected":false},"excerpt":{"rendered":"<p>Tuxtla Guti\u00e9rrez, Chis. 18 de abril de 2023. El Gobernador Salom\u00f3n Jara Cruz y su hom\u00f3logo del Estado de Chiapas, Rutilio Escand\u00f3n Cadenas, signaron un Convenio Amistoso de L\u00edmites Territoriales entre ambos estados libres y soberanos, para brindar certeza jur\u00eddica a habitantes de los municipios de la franja costera ubicada en la zona sur, sin [&hellip;]<\/p>\n","protected":false},"author":2,"featured_media":26417,"comment_status":"closed","ping_status":"closed","sticky":false,"template":"","format":"standard","meta":{"footnotes":""},"categories":[2],"tags":[],"class_list":{"0":"post-26416","1":"post","2":"type-post","3":"status-publish","4":"format-standard","5":"has-post-thumbnail","7":"category-oaxaca"},"yoast_head":"<!-- This site is optimized with the Yoast SEO plugin v27.4 - https:\/\/yoast.com\/product\/yoast-seo-wordpress\/ -->\n<title>Gobiernos de Oaxaca y Chiapas brindan certeza jur\u00eddica a poblaciones asentadas en l\u00edmites territoriales de la zona sur - LA BRAVA RADIO<\/title>\n<meta name=\"robots\" content=\"index, follow, max-snippet:-1, max-image-preview:large, max-video-preview:-1\" \/>\n<link rel=\"canonical\" href=\"https:\/\/www.bbmnoticias.com\/labravaradiofm\/2023\/04\/18\/gobiernos-de-oaxaca-y-chiapas-brindan-certeza-juridica-a-poblaciones-asentadas-en-limites-territoriales-de-la-zona-sur\/\" \/>\n<meta property=\"og:locale\" content=\"es_MX\" \/>\n<meta property=\"og:type\" content=\"article\" \/>\n<meta property=\"og:title\" content=\"Gobiernos de Oaxaca y Chiapas brindan certeza jur\u00eddica a poblaciones asentadas en l\u00edmites territoriales de la zona sur - LA BRAVA RADIO\" \/>\n<meta property=\"og:description\" content=\"Tuxtla Guti\u00e9rrez, Chis. 18 de abril de 2023. El Gobernador Salom\u00f3n Jara Cruz y su hom\u00f3logo del Estado de Chiapas, Rutilio Escand\u00f3n Cadenas, signaron un Convenio Amistoso de L\u00edmites Territoriales entre ambos estados libres y soberanos, para brindar certeza jur\u00eddica a habitantes de los municipios de la franja costera ubicada en la zona sur, sin [&hellip;]\" \/>\n<meta property=\"og:url\" content=\"https:\/\/www.bbmnoticias.com\/labravaradiofm\/2023\/04\/18\/gobiernos-de-oaxaca-y-chiapas-brindan-certeza-juridica-a-poblaciones-asentadas-en-limites-territoriales-de-la-zona-sur\/\" \/>\n<meta property=\"og:site_name\" content=\"LA BRAVA RADIO\" \/>\n<meta property=\"article:published_time\" content=\"2023-04-19T00:55:55+00:00\" \/>\n<meta property=\"article:modified_time\" content=\"2023-04-19T00:55:56+00:00\" \/>\n<meta property=\"og:image\" content=\"https:\/\/www.bbmnoticias.com\/labravaradiofm\/wp-content\/uploads\/sites\/5\/2023\/04\/certeza-juridica.jpg\" \/>\n\t<meta property=\"og:image:width\" content=\"800\" \/>\n\t<meta property=\"og:image:height\" content=\"533\" \/>\n\t<meta property=\"og:image:type\" content=\"image\/jpeg\" \/>\n<meta name=\"author\" content=\"Staff\" \/>\n<meta name=\"twitter:card\" content=\"summary_large_image\" \/>\n<meta name=\"twitter:label1\" content=\"Escrito por\" \/>\n\t<meta name=\"twitter:data1\" content=\"Staff\" \/>\n\t<meta name=\"twitter:label2\" content=\"Tiempo de lectura\" \/>\n\t<meta name=\"twitter:data2\" content=\"3 minutos\" \/>\n<script type=\"application\/ld+json\" class=\"yoast-schema-graph\">{\"@context\":\"https:\\\/\\\/schema.org\",\"@graph\":[{\"@type\":\"Article\",\"@id\":\"https:\\\/\\\/www.bbmnoticias.com\\\/labravaradiofm\\\/2023\\\/04\\\/18\\\/gobiernos-de-oaxaca-y-chiapas-brindan-certeza-juridica-a-poblaciones-asentadas-en-limites-territoriales-de-la-zona-sur\\\/#article\",\"isPartOf\":{\"@id\":\"https:\\\/\\\/www.bbmnoticias.com\\\/labravaradiofm\\\/2023\\\/04\\\/18\\\/gobiernos-de-oaxaca-y-chiapas-brindan-certeza-juridica-a-poblaciones-asentadas-en-limites-territoriales-de-la-zona-sur\\\/\"},\"author\":{\"name\":\"Staff\",\"@id\":\"https:\\\/\\\/www.bbmnoticias.com\\\/labravaradiofm\\\/#\\\/schema\\\/person\\\/34b139c617a70ea5bef5678bffe4dd7b\"},\"headline\":\"Gobiernos de Oaxaca y Chiapas brindan certeza jur\u00eddica a poblaciones asentadas en l\u00edmites territoriales de la zona sur\",\"datePublished\":\"2023-04-19T00:55:55+00:00\",\"dateModified\":\"2023-04-19T00:55:56+00:00\",\"mainEntityOfPage\":{\"@id\":\"https:\\\/\\\/www.bbmnoticias.com\\\/labravaradiofm\\\/2023\\\/04\\\/18\\\/gobiernos-de-oaxaca-y-chiapas-brindan-certeza-juridica-a-poblaciones-asentadas-en-limites-territoriales-de-la-zona-sur\\\/\"},\"wordCount\":505,\"image\":{\"@id\":\"https:\\\/\\\/www.bbmnoticias.com\\\/labravaradiofm\\\/2023\\\/04\\\/18\\\/gobiernos-de-oaxaca-y-chiapas-brindan-certeza-juridica-a-poblaciones-asentadas-en-limites-territoriales-de-la-zona-sur\\\/#primaryimage\"},\"thumbnailUrl\":\"https:\\\/\\\/www.bbmnoticias.com\\\/labravaradiofm\\\/wp-content\\\/uploads\\\/sites\\\/5\\\/2023\\\/04\\\/certeza-juridica.jpg\",\"articleSection\":[\"LOCAL\"],\"inLanguage\":\"es\"},{\"@type\":\"WebPage\",\"@id\":\"https:\\\/\\\/www.bbmnoticias.com\\\/labravaradiofm\\\/2023\\\/04\\\/18\\\/gobiernos-de-oaxaca-y-chiapas-brindan-certeza-juridica-a-poblaciones-asentadas-en-limites-territoriales-de-la-zona-sur\\\/\",\"url\":\"https:\\\/\\\/www.bbmnoticias.com\\\/labravaradiofm\\\/2023\\\/04\\\/18\\\/gobiernos-de-oaxaca-y-chiapas-brindan-certeza-juridica-a-poblaciones-asentadas-en-limites-territoriales-de-la-zona-sur\\\/\",\"name\":\"Gobiernos de Oaxaca y Chiapas brindan certeza jur\u00eddica a poblaciones asentadas en l\u00edmites territoriales de la zona sur - LA BRAVA RADIO\",\"isPartOf\":{\"@id\":\"https:\\\/\\\/www.bbmnoticias.com\\\/labravaradiofm\\\/#website\"},\"primaryImageOfPage\":{\"@id\":\"https:\\\/\\\/www.bbmnoticias.com\\\/labravaradiofm\\\/2023\\\/04\\\/18\\\/gobiernos-de-oaxaca-y-chiapas-brindan-certeza-juridica-a-poblaciones-asentadas-en-limites-territoriales-de-la-zona-sur\\\/#primaryimage\"},\"image\":{\"@id\":\"https:\\\/\\\/www.bbmnoticias.com\\\/labravaradiofm\\\/2023\\\/04\\\/18\\\/gobiernos-de-oaxaca-y-chiapas-brindan-certeza-juridica-a-poblaciones-asentadas-en-limites-territoriales-de-la-zona-sur\\\/#primaryimage\"},\"thumbnailUrl\":\"https:\\\/\\\/www.bbmnoticias.com\\\/labravaradiofm\\\/wp-content\\\/uploads\\\/sites\\\/5\\\/2023\\\/04\\\/certeza-juridica.jpg\",\"datePublished\":\"2023-04-19T00:55:55+00:00\",\"dateModified\":\"2023-04-19T00:55:56+00:00\",\"author\":{\"@id\":\"https:\\\/\\\/www.bbmnoticias.com\\\/labravaradiofm\\\/#\\\/schema\\\/person\\\/34b139c617a70ea5bef5678bffe4dd7b\"},\"breadcrumb\":{\"@id\":\"https:\\\/\\\/www.bbmnoticias.com\\\/labravaradiofm\\\/2023\\\/04\\\/18\\\/gobiernos-de-oaxaca-y-chiapas-brindan-certeza-juridica-a-poblaciones-asentadas-en-limites-territoriales-de-la-zona-sur\\\/#breadcrumb\"},\"inLanguage\":\"es\",\"potentialAction\":[{\"@type\":\"ReadAction\",\"target\":[\"https:\\\/\\\/www.bbmnoticias.com\\\/labravaradiofm\\\/2023\\\/04\\\/18\\\/gobiernos-de-oaxaca-y-chiapas-brindan-certeza-juridica-a-poblaciones-asentadas-en-limites-territoriales-de-la-zona-sur\\\/\"]}]},{\"@type\":\"ImageObject\",\"inLanguage\":\"es\",\"@id\":\"https:\\\/\\\/www.bbmnoticias.com\\\/labravaradiofm\\\/2023\\\/04\\\/18\\\/gobiernos-de-oaxaca-y-chiapas-brindan-certeza-juridica-a-poblaciones-asentadas-en-limites-territoriales-de-la-zona-sur\\\/#primaryimage\",\"url\":\"https:\\\/\\\/www.bbmnoticias.com\\\/labravaradiofm\\\/wp-content\\\/uploads\\\/sites\\\/5\\\/2023\\\/04\\\/certeza-juridica.jpg\",\"contentUrl\":\"https:\\\/\\\/www.bbmnoticias.com\\\/labravaradiofm\\\/wp-content\\\/uploads\\\/sites\\\/5\\\/2023\\\/04\\\/certeza-juridica.jpg\",\"width\":800,\"height\":533},{\"@type\":\"BreadcrumbList\",\"@id\":\"https:\\\/\\\/www.bbmnoticias.com\\\/labravaradiofm\\\/2023\\\/04\\\/18\\\/gobiernos-de-oaxaca-y-chiapas-brindan-certeza-juridica-a-poblaciones-asentadas-en-limites-territoriales-de-la-zona-sur\\\/#breadcrumb\",\"itemListElement\":[{\"@type\":\"ListItem\",\"position\":1,\"name\":\"Inicio\",\"item\":\"https:\\\/\\\/www.bbmnoticias.com\\\/labravaradiofm\\\/\"},{\"@type\":\"ListItem\",\"position\":2,\"name\":\"Gobiernos de Oaxaca y Chiapas brindan certeza jur\u00eddica a poblaciones asentadas en l\u00edmites territoriales de la zona sur\"}]},{\"@type\":\"WebSite\",\"@id\":\"https:\\\/\\\/www.bbmnoticias.com\\\/labravaradiofm\\\/#website\",\"url\":\"https:\\\/\\\/www.bbmnoticias.com\\\/labravaradiofm\\\/\",\"name\":\"LA BRAVA RADIO\",\"description\":\"Empresa productora de medios, Radiodifusi\u00f3n, Noticias, tendencias y todo lo que necesitas saber de la pol\u00edtica mexicana e internacional; entretenimiento, espect\u00e1culos, salud y mucho m\u00e1s.\",\"potentialAction\":[{\"@type\":\"SearchAction\",\"target\":{\"@type\":\"EntryPoint\",\"urlTemplate\":\"https:\\\/\\\/www.bbmnoticias.com\\\/labravaradiofm\\\/?s={search_term_string}\"},\"query-input\":{\"@type\":\"PropertyValueSpecification\",\"valueRequired\":true,\"valueName\":\"search_term_string\"}}],\"inLanguage\":\"es\"},{\"@type\":\"Person\",\"@id\":\"https:\\\/\\\/www.bbmnoticias.com\\\/labravaradiofm\\\/#\\\/schema\\\/person\\\/34b139c617a70ea5bef5678bffe4dd7b\",\"name\":\"Staff\",\"image\":{\"@type\":\"ImageObject\",\"inLanguage\":\"es\",\"@id\":\"https:\\\/\\\/secure.gravatar.com\\\/avatar\\\/fdd21ad66fd8b98c407f9dee5b5e588cfe7f0d8579ec20fa6527cd59bab7f0f0?s=96&d=mm&r=g\",\"url\":\"https:\\\/\\\/secure.gravatar.com\\\/avatar\\\/fdd21ad66fd8b98c407f9dee5b5e588cfe7f0d8579ec20fa6527cd59bab7f0f0?s=96&d=mm&r=g\",\"contentUrl\":\"https:\\\/\\\/secure.gravatar.com\\\/avatar\\\/fdd21ad66fd8b98c407f9dee5b5e588cfe7f0d8579ec20fa6527cd59bab7f0f0?s=96&d=mm&r=g\",\"caption\":\"Staff\"},\"url\":\"https:\\\/\\\/www.bbmnoticias.com\\\/labravaradiofm\\\/author\\\/redaccion\\\/\"}]}<\/script>\n<!-- \/ Yoast SEO plugin. -->","yoast_head_json":{"title":"Gobiernos de Oaxaca y Chiapas brindan certeza jur\u00eddica a poblaciones asentadas en l\u00edmites territoriales de la zona sur - LA BRAVA RADIO","robots":{"index":"index","follow":"follow","max-snippet":"max-snippet:-1","max-image-preview":"max-image-preview:large","max-video-preview":"max-video-preview:-1"},"canonical":"https:\/\/www.bbmnoticias.com\/labravaradiofm\/2023\/04\/18\/gobiernos-de-oaxaca-y-chiapas-brindan-certeza-juridica-a-poblaciones-asentadas-en-limites-territoriales-de-la-zona-sur\/","og_locale":"es_MX","og_type":"article","og_title":"Gobiernos de Oaxaca y Chiapas brindan certeza jur\u00eddica a poblaciones asentadas en l\u00edmites territoriales de la zona sur - LA BRAVA RADIO","og_description":"Tuxtla Guti\u00e9rrez, Chis. 18 de abril de 2023. El Gobernador Salom\u00f3n Jara Cruz y su hom\u00f3logo del Estado de Chiapas, Rutilio Escand\u00f3n Cadenas, signaron un Convenio Amistoso de L\u00edmites Territoriales entre ambos estados libres y soberanos, para brindar certeza jur\u00eddica a habitantes de los municipios de la franja costera ubicada en la zona sur, sin [&hellip;]","og_url":"https:\/\/www.bbmnoticias.com\/labravaradiofm\/2023\/04\/18\/gobiernos-de-oaxaca-y-chiapas-brindan-certeza-juridica-a-poblaciones-asentadas-en-limites-territoriales-de-la-zona-sur\/","og_site_name":"LA BRAVA RADIO","article_published_time":"2023-04-19T00:55:55+00:00","article_modified_time":"2023-04-19T00:55:56+00:00","og_image":[{"width":800,"height":533,"url":"https:\/\/www.bbmnoticias.com\/labravaradiofm\/wp-content\/uploads\/sites\/5\/2023\/04\/certeza-juridica.jpg","type":"image\/jpeg"}],"author":"Staff","twitter_card":"summary_large_image","twitter_misc":{"Escrito por":"Staff","Tiempo de lectura":"3 minutos"},"schema":{"@context":"https:\/\/schema.org","@graph":[{"@type":"Article","@id":"https:\/\/www.bbmnoticias.com\/labravaradiofm\/2023\/04\/18\/gobiernos-de-oaxaca-y-chiapas-brindan-certeza-juridica-a-poblaciones-asentadas-en-limites-territoriales-de-la-zona-sur\/#article","isPartOf":{"@id":"https:\/\/www.bbmnoticias.com\/labravaradiofm\/2023\/04\/18\/gobiernos-de-oaxaca-y-chiapas-brindan-certeza-juridica-a-poblaciones-asentadas-en-limites-territoriales-de-la-zona-sur\/"},"author":{"name":"Staff","@id":"https:\/\/www.bbmnoticias.com\/labravaradiofm\/#\/schema\/person\/34b139c617a70ea5bef5678bffe4dd7b"},"headline":"Gobiernos de Oaxaca y Chiapas brindan certeza jur\u00eddica a poblaciones asentadas en l\u00edmites territoriales de la zona sur","datePublished":"2023-04-19T00:55:55+00:00","dateModified":"2023-04-19T00:55:56+00:00","mainEntityOfPage":{"@id":"https:\/\/www.bbmnoticias.com\/labravaradiofm\/2023\/04\/18\/gobiernos-de-oaxaca-y-chiapas-brindan-certeza-juridica-a-poblaciones-asentadas-en-limites-territoriales-de-la-zona-sur\/"},"wordCount":505,"image":{"@id":"https:\/\/www.bbmnoticias.com\/labravaradiofm\/2023\/04\/18\/gobiernos-de-oaxaca-y-chiapas-brindan-certeza-juridica-a-poblaciones-asentadas-en-limites-territoriales-de-la-zona-sur\/#primaryimage"},"thumbnailUrl":"https:\/\/www.bbmnoticias.com\/labravaradiofm\/wp-content\/uploads\/sites\/5\/2023\/04\/certeza-juridica.jpg","articleSection":["LOCAL"],"inLanguage":"es"},{"@type":"WebPage","@id":"https:\/\/www.bbmnoticias.com\/labravaradiofm\/2023\/04\/18\/gobiernos-de-oaxaca-y-chiapas-brindan-certeza-juridica-a-poblaciones-asentadas-en-limites-territoriales-de-la-zona-sur\/","url":"https:\/\/www.bbmnoticias.com\/labravaradiofm\/2023\/04\/18\/gobiernos-de-oaxaca-y-chiapas-brindan-certeza-juridica-a-poblaciones-asentadas-en-limites-territoriales-de-la-zona-sur\/","name":"Gobiernos de Oaxaca y Chiapas brindan certeza jur\u00eddica a poblaciones asentadas en l\u00edmites territoriales de la zona sur - LA BRAVA RADIO","isPartOf":{"@id":"https:\/\/www.bbmnoticias.com\/labravaradiofm\/#website"},"primaryImageOfPage":{"@id":"https:\/\/www.bbmnoticias.com\/labravaradiofm\/2023\/04\/18\/gobiernos-de-oaxaca-y-chiapas-brindan-certeza-juridica-a-poblaciones-asentadas-en-limites-territoriales-de-la-zona-sur\/#primaryimage"},"image":{"@id":"https:\/\/www.bbmnoticias.com\/labravaradiofm\/2023\/04\/18\/gobiernos-de-oaxaca-y-chiapas-brindan-certeza-juridica-a-poblaciones-asentadas-en-limites-territoriales-de-la-zona-sur\/#primaryimage"},"thumbnailUrl":"https:\/\/www.bbmnoticias.com\/labravaradiofm\/wp-content\/uploads\/sites\/5\/2023\/04\/certeza-juridica.jpg","datePublished":"2023-04-19T00:55:55+00:00","dateModified":"2023-04-19T00:55:56+00:00","author":{"@id":"https:\/\/www.bbmnoticias.com\/labravaradiofm\/#\/schema\/person\/34b139c617a70ea5bef5678bffe4dd7b"},"breadcrumb":{"@id":"https:\/\/www.bbmnoticias.com\/labravaradiofm\/2023\/04\/18\/gobiernos-de-oaxaca-y-chiapas-brindan-certeza-juridica-a-poblaciones-asentadas-en-limites-territoriales-de-la-zona-sur\/#breadcrumb"},"inLanguage":"es","potentialAction":[{"@type":"ReadAction","target":["https:\/\/www.bbmnoticias.com\/labravaradiofm\/2023\/04\/18\/gobiernos-de-oaxaca-y-chiapas-brindan-certeza-juridica-a-poblaciones-asentadas-en-limites-territoriales-de-la-zona-sur\/"]}]},{"@type":"ImageObject","inLanguage":"es","@id":"https:\/\/www.bbmnoticias.com\/labravaradiofm\/2023\/04\/18\/gobiernos-de-oaxaca-y-chiapas-brindan-certeza-juridica-a-poblaciones-asentadas-en-limites-territoriales-de-la-zona-sur\/#primaryimage","url":"https:\/\/www.bbmnoticias.com\/labravaradiofm\/wp-content\/uploads\/sites\/5\/2023\/04\/certeza-juridica.jpg","contentUrl":"https:\/\/www.bbmnoticias.com\/labravaradiofm\/wp-content\/uploads\/sites\/5\/2023\/04\/certeza-juridica.jpg","width":800,"height":533},{"@type":"BreadcrumbList","@id":"https:\/\/www.bbmnoticias.com\/labravaradiofm\/2023\/04\/18\/gobiernos-de-oaxaca-y-chiapas-brindan-certeza-juridica-a-poblaciones-asentadas-en-limites-territoriales-de-la-zona-sur\/#breadcrumb","itemListElement":[{"@type":"ListItem","position":1,"name":"Inicio","item":"https:\/\/www.bbmnoticias.com\/labravaradiofm\/"},{"@type":"ListItem","position":2,"name":"Gobiernos de Oaxaca y Chiapas brindan certeza jur\u00eddica a poblaciones asentadas en l\u00edmites territoriales de la zona sur"}]},{"@type":"WebSite","@id":"https:\/\/www.bbmnoticias.com\/labravaradiofm\/#website","url":"https:\/\/www.bbmnoticias.com\/labravaradiofm\/","name":"LA BRAVA RADIO","description":"Empresa productora de medios, Radiodifusi\u00f3n, Noticias, tendencias y todo lo que necesitas saber de la pol\u00edtica mexicana e internacional; entretenimiento, espect\u00e1culos, salud y mucho m\u00e1s.","potentialAction":[{"@type":"SearchAction","target":{"@type":"EntryPoint","urlTemplate":"https:\/\/www.bbmnoticias.com\/labravaradiofm\/?s={search_term_string}"},"query-input":{"@type":"PropertyValueSpecification","valueRequired":true,"valueName":"search_term_string"}}],"inLanguage":"es"},{"@type":"Person","@id":"https:\/\/www.bbmnoticias.com\/labravaradiofm\/#\/schema\/person\/34b139c617a70ea5bef5678bffe4dd7b","name":"Staff","image":{"@type":"ImageObject","inLanguage":"es","@id":"https:\/\/secure.gravatar.com\/avatar\/fdd21ad66fd8b98c407f9dee5b5e588cfe7f0d8579ec20fa6527cd59bab7f0f0?s=96&d=mm&r=g","url":"https:\/\/secure.gravatar.com\/avatar\/fdd21ad66fd8b98c407f9dee5b5e588cfe7f0d8579ec20fa6527cd59bab7f0f0?s=96&d=mm&r=g","contentUrl":"https:\/\/secure.gravatar.com\/avatar\/fdd21ad66fd8b98c407f9dee5b5e588cfe7f0d8579ec20fa6527cd59bab7f0f0?s=96&d=mm&r=g","caption":"Staff"},"url":"https:\/\/www.bbmnoticias.com\/labravaradiofm\/author\/redaccion\/"}]}},"_links":{"self":[{"href":"https:\/\/www.bbmnoticias.com\/labravaradiofm\/wp-json\/wp\/v2\/posts\/26416","targetHints":{"allow":["GET"]}}],"collection":[{"href":"https:\/\/www.bbmnoticias.com\/labravaradiofm\/wp-json\/wp\/v2\/posts"}],"about":[{"href":"https:\/\/www.bbmnoticias.com\/labravaradiofm\/wp-json\/wp\/v2\/types\/post"}],"author":[{"embeddable":true,"href":"https:\/\/www.bbmnoticias.com\/labravaradiofm\/wp-json\/wp\/v2\/users\/2"}],"replies":[{"embeddable":true,"href":"https:\/\/www.bbmnoticias.com\/labravaradiofm\/wp-json\/wp\/v2\/comments?post=26416"}],"version-history":[{"count":0,"href":"https:\/\/www.bbmnoticias.com\/labravaradiofm\/wp-json\/wp\/v2\/posts\/26416\/revisions"}],"wp:featuredmedia":[{"embeddable":true,"href":"https:\/\/www.bbmnoticias.com\/labravaradiofm\/wp-json\/wp\/v2\/media\/26417"}],"wp:attachment":[{"href":"https:\/\/www.bbmnoticias.com\/labravaradiofm\/wp-json\/wp\/v2\/media?parent=26416"}],"wp:term":[{"taxonomy":"category","embeddable":true,"href":"https:\/\/www.bbmnoticias.com\/labravaradiofm\/wp-json\/wp\/v2\/categories?post=26416"},{"taxonomy":"post_tag","embeddable":true,"href":"https:\/\/www.bbmnoticias.com\/labravaradiofm\/wp-json\/wp\/v2\/tags?post=26416"}],"curies":[{"name":"wp","href":"https:\/\/api.w.org\/{rel}","templated":true}]}}