{"id":2625,"date":"2021-09-27T19:17:16","date_gmt":"2021-09-28T00:17:16","guid":{"rendered":"https:\/\/www.bbmnoticias.com\/labravaradiofm\/?p=2625"},"modified":"2021-09-27T19:20:30","modified_gmt":"2021-09-28T00:20:30","slug":"se-llena-de-basura-la-ciudad-de-oaxaca-por-que","status":"publish","type":"post","link":"https:\/\/www.bbmnoticias.com\/labravaradiofm\/2021\/09\/27\/se-llena-de-basura-la-ciudad-de-oaxaca-por-que\/","title":{"rendered":"Se llena de basura la ciudad de Oaxaca; \u00bfpor qu\u00e9?"},"content":{"rendered":"<div style=\"margin-top: 0px; margin-bottom: 0px;\" class=\"sharethis-inline-share-buttons\" ><\/div>\n<p><strong>En Oaxaca<\/strong>, la zona del <strong>Centro Hist\u00f3rico<\/strong> de la capital se llen\u00f3 de basura. Los contenedores no soportaron las bolsas que se apilaban.<\/p>\n\n\n\n<h2 class=\"wp-block-heading\">\u00bfPor qu\u00e9 se apil\u00f3 basura en Centro Hist\u00f3rico de Oaxaca?<\/h2>\n\n\n\n<p>La falta de dinero para combustible de los camiones recolectores, y para devengar salarios y prestaciones de los trabajadores de limpia del <strong>Ayuntamiento de Oaxaca de Ju\u00e1rez<\/strong>, llen\u00f3 de basura las principales calles del Centro Hist\u00f3rico de la capital oaxaque\u00f1a.<\/p>\n\n\n\n<p>La mayor\u00eda de los basureros ubicados en el primer cuadro de la ciudad se llenaron y desbordaron durante el fin de semana, generando malos olores en calles y avenidas. Al conflicto municipal se sumaron ciudadanos que, a sabiendas de la interrupci\u00f3n del <strong>servicio de recolecci\u00f3n<\/strong>, sacaron la <strong>basura de sus casas<\/strong> a las calles.<\/p>\n\n\n\n<figure class=\"wp-block-pullquote\"><blockquote><p>\u00a0\u201cSe ve mal, dejan la basura tirada en la calle. Es una barbaridad lo que hace la gente\u201d.<\/p><p>Braulia Garc\u00eda, ciudadana.<\/p><\/blockquote><\/figure>\n\n\n\n<h2 class=\"wp-block-heading\">\u00bfCalles de Oaxaca, con basura a\u00fan?<\/h2>\n\n\n\n<p>A pesar de que desde la ma\u00f1ana de este lunes se reanud\u00f3 el servicio, decenas de calles se encontraban todav\u00eda con basura. <strong>Trabajadores de limpia del Ayuntamiento<\/strong> recog\u00edan la basura de contenedores y de las banquetas.<\/p>\n\n\n\n<p>Aunque se liber\u00f3 el dinero para el combustible de los camiones, los trabajadores adheridos al <strong>sindicato \u201c3 de marzo\u201d<\/strong> no saben hasta cu\u00e1ndo les alcanzar\u00e1 el di\u00e9sel que mantendr\u00e1 activo el servicio.<\/p>\n\n\n\n<figure class=\"wp-block-pullquote\"><blockquote><p>\u00a0\u201cCombustible es el que hace falta. Se interrumpi\u00f3 el servicio tres d\u00edas nada m\u00e1s y se junt\u00f3 bastante. \u00a0Ya les dieron combustible, pero ma\u00f1ana qui\u00e9n sabe\u201d.<\/p><p>Trabajador de limpia del Ayuntamiento de Oaxaca de Ju\u00e1rez.<\/p><\/blockquote><\/figure>\n","protected":false},"excerpt":{"rendered":"<p>En Oaxaca, la zona del Centro Hist\u00f3rico de la capital se llen\u00f3 de basura. Los contenedores no soportaron las bolsas que se apilaban. \u00bfPor qu\u00e9 se apil\u00f3 basura en Centro Hist\u00f3rico de Oaxaca? La falta de dinero para combustible de los camiones recolectores, y para devengar salarios y prestaciones de los trabajadores de limpia del [&hellip;]<\/p>\n","protected":false},"author":4,"featured_media":2628,"comment_status":"closed","ping_status":"closed","sticky":false,"template":"","format":"standard","meta":{"footnotes":""},"categories":[2],"tags":[],"class_list":{"0":"post-2625","1":"post","2":"type-post","3":"status-publish","4":"format-standard","5":"has-post-thumbnail","7":"category-oaxaca"},"yoast_head":"<!-- This site is optimized with the Yoast SEO plugin v27.4 - https:\/\/yoast.com\/product\/yoast-seo-wordpress\/ -->\n<title>Se llena de basura la ciudad de Oaxaca; \u00bfpor qu\u00e9? - LA BRAVA RADIO<\/title>\n<meta name=\"description\" content=\"En Oaxaca, la zona del Centro Hist\u00f3rico de la capital se llen\u00f3 de basura. Los contenedores no soportaron las bolsas que se apilaban.\" \/>\n<meta name=\"robots\" content=\"index, follow, max-snippet:-1, max-image-preview:large, max-video-preview:-1\" \/>\n<link rel=\"canonical\" href=\"https:\/\/www.bbmnoticias.com\/labravaradiofm\/2021\/09\/27\/se-llena-de-basura-la-ciudad-de-oaxaca-por-que\/\" \/>\n<meta property=\"og:locale\" content=\"es_MX\" \/>\n<meta property=\"og:type\" content=\"article\" \/>\n<meta property=\"og:title\" content=\"Se llena de basura la ciudad de Oaxaca; \u00bfpor qu\u00e9? - LA BRAVA RADIO\" \/>\n<meta property=\"og:description\" content=\"En Oaxaca, la zona del Centro Hist\u00f3rico de la capital se llen\u00f3 de basura. Los contenedores no soportaron las bolsas que se apilaban.\" \/>\n<meta property=\"og:url\" content=\"https:\/\/www.bbmnoticias.com\/labravaradiofm\/2021\/09\/27\/se-llena-de-basura-la-ciudad-de-oaxaca-por-que\/\" \/>\n<meta property=\"og:site_name\" content=\"LA BRAVA RADIO\" \/>\n<meta property=\"article:published_time\" content=\"2021-09-28T00:17:16+00:00\" \/>\n<meta property=\"article:modified_time\" content=\"2021-09-28T00:20:30+00:00\" \/>\n<meta property=\"og:image\" content=\"https:\/\/www.bbmnoticias.com\/labravaradiofm\/wp-content\/uploads\/sites\/5\/2021\/09\/local27092021-11.jpg\" \/>\n\t<meta property=\"og:image:width\" content=\"1200\" \/>\n\t<meta property=\"og:image:height\" content=\"675\" \/>\n\t<meta property=\"og:image:type\" content=\"image\/jpeg\" \/>\n<meta name=\"author\" content=\"Agencias\" \/>\n<meta name=\"twitter:card\" content=\"summary_large_image\" \/>\n<meta name=\"twitter:label1\" content=\"Escrito por\" \/>\n\t<meta name=\"twitter:data1\" content=\"Agencias\" \/>\n\t<meta name=\"twitter:label2\" content=\"Tiempo de lectura\" \/>\n\t<meta name=\"twitter:data2\" content=\"2 minutos\" \/>\n<script type=\"application\/ld+json\" class=\"yoast-schema-graph\">{\"@context\":\"https:\\\/\\\/schema.org\",\"@graph\":[{\"@type\":\"Article\",\"@id\":\"https:\\\/\\\/www.bbmnoticias.com\\\/labravaradiofm\\\/2021\\\/09\\\/27\\\/se-llena-de-basura-la-ciudad-de-oaxaca-por-que\\\/#article\",\"isPartOf\":{\"@id\":\"https:\\\/\\\/www.bbmnoticias.com\\\/labravaradiofm\\\/2021\\\/09\\\/27\\\/se-llena-de-basura-la-ciudad-de-oaxaca-por-que\\\/\"},\"author\":{\"name\":\"Agencias\",\"@id\":\"https:\\\/\\\/www.bbmnoticias.com\\\/labravaradiofm\\\/#\\\/schema\\\/person\\\/857a3daf5c8142f29919023f377fbfad\"},\"headline\":\"Se llena de basura la ciudad de Oaxaca; \u00bfpor qu\u00e9?\",\"datePublished\":\"2021-09-28T00:17:16+00:00\",\"dateModified\":\"2021-09-28T00:20:30+00:00\",\"mainEntityOfPage\":{\"@id\":\"https:\\\/\\\/www.bbmnoticias.com\\\/labravaradiofm\\\/2021\\\/09\\\/27\\\/se-llena-de-basura-la-ciudad-de-oaxaca-por-que\\\/\"},\"wordCount\":286,\"image\":{\"@id\":\"https:\\\/\\\/www.bbmnoticias.com\\\/labravaradiofm\\\/2021\\\/09\\\/27\\\/se-llena-de-basura-la-ciudad-de-oaxaca-por-que\\\/#primaryimage\"},\"thumbnailUrl\":\"https:\\\/\\\/www.bbmnoticias.com\\\/labravaradiofm\\\/wp-content\\\/uploads\\\/sites\\\/5\\\/2021\\\/09\\\/local27092021-11.jpg\",\"articleSection\":[\"LOCAL\"],\"inLanguage\":\"es\"},{\"@type\":\"WebPage\",\"@id\":\"https:\\\/\\\/www.bbmnoticias.com\\\/labravaradiofm\\\/2021\\\/09\\\/27\\\/se-llena-de-basura-la-ciudad-de-oaxaca-por-que\\\/\",\"url\":\"https:\\\/\\\/www.bbmnoticias.com\\\/labravaradiofm\\\/2021\\\/09\\\/27\\\/se-llena-de-basura-la-ciudad-de-oaxaca-por-que\\\/\",\"name\":\"Se llena de basura la ciudad de Oaxaca; \u00bfpor qu\u00e9? - LA BRAVA RADIO\",\"isPartOf\":{\"@id\":\"https:\\\/\\\/www.bbmnoticias.com\\\/labravaradiofm\\\/#website\"},\"primaryImageOfPage\":{\"@id\":\"https:\\\/\\\/www.bbmnoticias.com\\\/labravaradiofm\\\/2021\\\/09\\\/27\\\/se-llena-de-basura-la-ciudad-de-oaxaca-por-que\\\/#primaryimage\"},\"image\":{\"@id\":\"https:\\\/\\\/www.bbmnoticias.com\\\/labravaradiofm\\\/2021\\\/09\\\/27\\\/se-llena-de-basura-la-ciudad-de-oaxaca-por-que\\\/#primaryimage\"},\"thumbnailUrl\":\"https:\\\/\\\/www.bbmnoticias.com\\\/labravaradiofm\\\/wp-content\\\/uploads\\\/sites\\\/5\\\/2021\\\/09\\\/local27092021-11.jpg\",\"datePublished\":\"2021-09-28T00:17:16+00:00\",\"dateModified\":\"2021-09-28T00:20:30+00:00\",\"author\":{\"@id\":\"https:\\\/\\\/www.bbmnoticias.com\\\/labravaradiofm\\\/#\\\/schema\\\/person\\\/857a3daf5c8142f29919023f377fbfad\"},\"description\":\"En Oaxaca, la zona del Centro Hist\u00f3rico de la capital se llen\u00f3 de basura. Los contenedores no soportaron las bolsas que se apilaban.\",\"breadcrumb\":{\"@id\":\"https:\\\/\\\/www.bbmnoticias.com\\\/labravaradiofm\\\/2021\\\/09\\\/27\\\/se-llena-de-basura-la-ciudad-de-oaxaca-por-que\\\/#breadcrumb\"},\"inLanguage\":\"es\",\"potentialAction\":[{\"@type\":\"ReadAction\",\"target\":[\"https:\\\/\\\/www.bbmnoticias.com\\\/labravaradiofm\\\/2021\\\/09\\\/27\\\/se-llena-de-basura-la-ciudad-de-oaxaca-por-que\\\/\"]}]},{\"@type\":\"ImageObject\",\"inLanguage\":\"es\",\"@id\":\"https:\\\/\\\/www.bbmnoticias.com\\\/labravaradiofm\\\/2021\\\/09\\\/27\\\/se-llena-de-basura-la-ciudad-de-oaxaca-por-que\\\/#primaryimage\",\"url\":\"https:\\\/\\\/www.bbmnoticias.com\\\/labravaradiofm\\\/wp-content\\\/uploads\\\/sites\\\/5\\\/2021\\\/09\\\/local27092021-11.jpg\",\"contentUrl\":\"https:\\\/\\\/www.bbmnoticias.com\\\/labravaradiofm\\\/wp-content\\\/uploads\\\/sites\\\/5\\\/2021\\\/09\\\/local27092021-11.jpg\",\"width\":1200,\"height\":675},{\"@type\":\"BreadcrumbList\",\"@id\":\"https:\\\/\\\/www.bbmnoticias.com\\\/labravaradiofm\\\/2021\\\/09\\\/27\\\/se-llena-de-basura-la-ciudad-de-oaxaca-por-que\\\/#breadcrumb\",\"itemListElement\":[{\"@type\":\"ListItem\",\"position\":1,\"name\":\"Inicio\",\"item\":\"https:\\\/\\\/www.bbmnoticias.com\\\/labravaradiofm\\\/\"},{\"@type\":\"ListItem\",\"position\":2,\"name\":\"Se llena de basura la ciudad de Oaxaca; \u00bfpor qu\u00e9?\"}]},{\"@type\":\"WebSite\",\"@id\":\"https:\\\/\\\/www.bbmnoticias.com\\\/labravaradiofm\\\/#website\",\"url\":\"https:\\\/\\\/www.bbmnoticias.com\\\/labravaradiofm\\\/\",\"name\":\"LA BRAVA RADIO\",\"description\":\"Empresa productora de medios, Radiodifusi\u00f3n, Noticias, tendencias y todo lo que necesitas saber de la pol\u00edtica mexicana e internacional; entretenimiento, espect\u00e1culos, salud y mucho m\u00e1s.\",\"potentialAction\":[{\"@type\":\"SearchAction\",\"target\":{\"@type\":\"EntryPoint\",\"urlTemplate\":\"https:\\\/\\\/www.bbmnoticias.com\\\/labravaradiofm\\\/?s={search_term_string}\"},\"query-input\":{\"@type\":\"PropertyValueSpecification\",\"valueRequired\":true,\"valueName\":\"search_term_string\"}}],\"inLanguage\":\"es\"},{\"@type\":\"Person\",\"@id\":\"https:\\\/\\\/www.bbmnoticias.com\\\/labravaradiofm\\\/#\\\/schema\\\/person\\\/857a3daf5c8142f29919023f377fbfad\",\"name\":\"Agencias\",\"image\":{\"@type\":\"ImageObject\",\"inLanguage\":\"es\",\"@id\":\"https:\\\/\\\/secure.gravatar.com\\\/avatar\\\/739e0b61adf9e398b425c36718c8752286da0e8cd90f20ce9a86678abc26aa0d?s=96&d=mm&r=g\",\"url\":\"https:\\\/\\\/secure.gravatar.com\\\/avatar\\\/739e0b61adf9e398b425c36718c8752286da0e8cd90f20ce9a86678abc26aa0d?s=96&d=mm&r=g\",\"contentUrl\":\"https:\\\/\\\/secure.gravatar.com\\\/avatar\\\/739e0b61adf9e398b425c36718c8752286da0e8cd90f20ce9a86678abc26aa0d?s=96&d=mm&r=g\",\"caption\":\"Agencias\"},\"url\":\"https:\\\/\\\/www.bbmnoticias.com\\\/labravaradiofm\\\/author\\\/agencias\\\/\"}]}<\/script>\n<!-- \/ Yoast SEO plugin. -->","yoast_head_json":{"title":"Se llena de basura la ciudad de Oaxaca; \u00bfpor qu\u00e9? - LA BRAVA RADIO","description":"En Oaxaca, la zona del Centro Hist\u00f3rico de la capital se llen\u00f3 de basura. Los contenedores no soportaron las bolsas que se apilaban.","robots":{"index":"index","follow":"follow","max-snippet":"max-snippet:-1","max-image-preview":"max-image-preview:large","max-video-preview":"max-video-preview:-1"},"canonical":"https:\/\/www.bbmnoticias.com\/labravaradiofm\/2021\/09\/27\/se-llena-de-basura-la-ciudad-de-oaxaca-por-que\/","og_locale":"es_MX","og_type":"article","og_title":"Se llena de basura la ciudad de Oaxaca; \u00bfpor qu\u00e9? - LA BRAVA RADIO","og_description":"En Oaxaca, la zona del Centro Hist\u00f3rico de la capital se llen\u00f3 de basura. Los contenedores no soportaron las bolsas que se apilaban.","og_url":"https:\/\/www.bbmnoticias.com\/labravaradiofm\/2021\/09\/27\/se-llena-de-basura-la-ciudad-de-oaxaca-por-que\/","og_site_name":"LA BRAVA RADIO","article_published_time":"2021-09-28T00:17:16+00:00","article_modified_time":"2021-09-28T00:20:30+00:00","og_image":[{"width":1200,"height":675,"url":"https:\/\/www.bbmnoticias.com\/labravaradiofm\/wp-content\/uploads\/sites\/5\/2021\/09\/local27092021-11.jpg","type":"image\/jpeg"}],"author":"Agencias","twitter_card":"summary_large_image","twitter_misc":{"Escrito por":"Agencias","Tiempo de lectura":"2 minutos"},"schema":{"@context":"https:\/\/schema.org","@graph":[{"@type":"Article","@id":"https:\/\/www.bbmnoticias.com\/labravaradiofm\/2021\/09\/27\/se-llena-de-basura-la-ciudad-de-oaxaca-por-que\/#article","isPartOf":{"@id":"https:\/\/www.bbmnoticias.com\/labravaradiofm\/2021\/09\/27\/se-llena-de-basura-la-ciudad-de-oaxaca-por-que\/"},"author":{"name":"Agencias","@id":"https:\/\/www.bbmnoticias.com\/labravaradiofm\/#\/schema\/person\/857a3daf5c8142f29919023f377fbfad"},"headline":"Se llena de basura la ciudad de Oaxaca; \u00bfpor qu\u00e9?","datePublished":"2021-09-28T00:17:16+00:00","dateModified":"2021-09-28T00:20:30+00:00","mainEntityOfPage":{"@id":"https:\/\/www.bbmnoticias.com\/labravaradiofm\/2021\/09\/27\/se-llena-de-basura-la-ciudad-de-oaxaca-por-que\/"},"wordCount":286,"image":{"@id":"https:\/\/www.bbmnoticias.com\/labravaradiofm\/2021\/09\/27\/se-llena-de-basura-la-ciudad-de-oaxaca-por-que\/#primaryimage"},"thumbnailUrl":"https:\/\/www.bbmnoticias.com\/labravaradiofm\/wp-content\/uploads\/sites\/5\/2021\/09\/local27092021-11.jpg","articleSection":["LOCAL"],"inLanguage":"es"},{"@type":"WebPage","@id":"https:\/\/www.bbmnoticias.com\/labravaradiofm\/2021\/09\/27\/se-llena-de-basura-la-ciudad-de-oaxaca-por-que\/","url":"https:\/\/www.bbmnoticias.com\/labravaradiofm\/2021\/09\/27\/se-llena-de-basura-la-ciudad-de-oaxaca-por-que\/","name":"Se llena de basura la ciudad de Oaxaca; \u00bfpor qu\u00e9? - LA BRAVA RADIO","isPartOf":{"@id":"https:\/\/www.bbmnoticias.com\/labravaradiofm\/#website"},"primaryImageOfPage":{"@id":"https:\/\/www.bbmnoticias.com\/labravaradiofm\/2021\/09\/27\/se-llena-de-basura-la-ciudad-de-oaxaca-por-que\/#primaryimage"},"image":{"@id":"https:\/\/www.bbmnoticias.com\/labravaradiofm\/2021\/09\/27\/se-llena-de-basura-la-ciudad-de-oaxaca-por-que\/#primaryimage"},"thumbnailUrl":"https:\/\/www.bbmnoticias.com\/labravaradiofm\/wp-content\/uploads\/sites\/5\/2021\/09\/local27092021-11.jpg","datePublished":"2021-09-28T00:17:16+00:00","dateModified":"2021-09-28T00:20:30+00:00","author":{"@id":"https:\/\/www.bbmnoticias.com\/labravaradiofm\/#\/schema\/person\/857a3daf5c8142f29919023f377fbfad"},"description":"En Oaxaca, la zona del Centro Hist\u00f3rico de la capital se llen\u00f3 de basura. Los contenedores no soportaron las bolsas que se apilaban.","breadcrumb":{"@id":"https:\/\/www.bbmnoticias.com\/labravaradiofm\/2021\/09\/27\/se-llena-de-basura-la-ciudad-de-oaxaca-por-que\/#breadcrumb"},"inLanguage":"es","potentialAction":[{"@type":"ReadAction","target":["https:\/\/www.bbmnoticias.com\/labravaradiofm\/2021\/09\/27\/se-llena-de-basura-la-ciudad-de-oaxaca-por-que\/"]}]},{"@type":"ImageObject","inLanguage":"es","@id":"https:\/\/www.bbmnoticias.com\/labravaradiofm\/2021\/09\/27\/se-llena-de-basura-la-ciudad-de-oaxaca-por-que\/#primaryimage","url":"https:\/\/www.bbmnoticias.com\/labravaradiofm\/wp-content\/uploads\/sites\/5\/2021\/09\/local27092021-11.jpg","contentUrl":"https:\/\/www.bbmnoticias.com\/labravaradiofm\/wp-content\/uploads\/sites\/5\/2021\/09\/local27092021-11.jpg","width":1200,"height":675},{"@type":"BreadcrumbList","@id":"https:\/\/www.bbmnoticias.com\/labravaradiofm\/2021\/09\/27\/se-llena-de-basura-la-ciudad-de-oaxaca-por-que\/#breadcrumb","itemListElement":[{"@type":"ListItem","position":1,"name":"Inicio","item":"https:\/\/www.bbmnoticias.com\/labravaradiofm\/"},{"@type":"ListItem","position":2,"name":"Se llena de basura la ciudad de Oaxaca; \u00bfpor qu\u00e9?"}]},{"@type":"WebSite","@id":"https:\/\/www.bbmnoticias.com\/labravaradiofm\/#website","url":"https:\/\/www.bbmnoticias.com\/labravaradiofm\/","name":"LA BRAVA RADIO","description":"Empresa productora de medios, Radiodifusi\u00f3n, Noticias, tendencias y todo lo que necesitas saber de la pol\u00edtica mexicana e internacional; entretenimiento, espect\u00e1culos, salud y mucho m\u00e1s.","potentialAction":[{"@type":"SearchAction","target":{"@type":"EntryPoint","urlTemplate":"https:\/\/www.bbmnoticias.com\/labravaradiofm\/?s={search_term_string}"},"query-input":{"@type":"PropertyValueSpecification","valueRequired":true,"valueName":"search_term_string"}}],"inLanguage":"es"},{"@type":"Person","@id":"https:\/\/www.bbmnoticias.com\/labravaradiofm\/#\/schema\/person\/857a3daf5c8142f29919023f377fbfad","name":"Agencias","image":{"@type":"ImageObject","inLanguage":"es","@id":"https:\/\/secure.gravatar.com\/avatar\/739e0b61adf9e398b425c36718c8752286da0e8cd90f20ce9a86678abc26aa0d?s=96&d=mm&r=g","url":"https:\/\/secure.gravatar.com\/avatar\/739e0b61adf9e398b425c36718c8752286da0e8cd90f20ce9a86678abc26aa0d?s=96&d=mm&r=g","contentUrl":"https:\/\/secure.gravatar.com\/avatar\/739e0b61adf9e398b425c36718c8752286da0e8cd90f20ce9a86678abc26aa0d?s=96&d=mm&r=g","caption":"Agencias"},"url":"https:\/\/www.bbmnoticias.com\/labravaradiofm\/author\/agencias\/"}]}},"_links":{"self":[{"href":"https:\/\/www.bbmnoticias.com\/labravaradiofm\/wp-json\/wp\/v2\/posts\/2625","targetHints":{"allow":["GET"]}}],"collection":[{"href":"https:\/\/www.bbmnoticias.com\/labravaradiofm\/wp-json\/wp\/v2\/posts"}],"about":[{"href":"https:\/\/www.bbmnoticias.com\/labravaradiofm\/wp-json\/wp\/v2\/types\/post"}],"author":[{"embeddable":true,"href":"https:\/\/www.bbmnoticias.com\/labravaradiofm\/wp-json\/wp\/v2\/users\/4"}],"replies":[{"embeddable":true,"href":"https:\/\/www.bbmnoticias.com\/labravaradiofm\/wp-json\/wp\/v2\/comments?post=2625"}],"version-history":[{"count":0,"href":"https:\/\/www.bbmnoticias.com\/labravaradiofm\/wp-json\/wp\/v2\/posts\/2625\/revisions"}],"wp:featuredmedia":[{"embeddable":true,"href":"https:\/\/www.bbmnoticias.com\/labravaradiofm\/wp-json\/wp\/v2\/media\/2628"}],"wp:attachment":[{"href":"https:\/\/www.bbmnoticias.com\/labravaradiofm\/wp-json\/wp\/v2\/media?parent=2625"}],"wp:term":[{"taxonomy":"category","embeddable":true,"href":"https:\/\/www.bbmnoticias.com\/labravaradiofm\/wp-json\/wp\/v2\/categories?post=2625"},{"taxonomy":"post_tag","embeddable":true,"href":"https:\/\/www.bbmnoticias.com\/labravaradiofm\/wp-json\/wp\/v2\/tags?post=2625"}],"curies":[{"name":"wp","href":"https:\/\/api.w.org\/{rel}","templated":true}]}}