{"id":26241,"date":"2023-04-14T12:20:10","date_gmt":"2023-04-14T18:20:10","guid":{"rendered":"https:\/\/www.bbmnoticias.com\/labravaradiofm\/?p=26241"},"modified":"2023-04-14T12:20:11","modified_gmt":"2023-04-14T18:20:11","slug":"notimex-va-a-desaparecer-amlo-ya-no-necesitamos-una-agencia-de-noticias","status":"publish","type":"post","link":"https:\/\/www.bbmnoticias.com\/labravaradiofm\/2023\/04\/14\/notimex-va-a-desaparecer-amlo-ya-no-necesitamos-una-agencia-de-noticias\/","title":{"rendered":"Notimex va a desaparecer: AMLO; \u201cya no necesitamos una agencia de noticias\u201d"},"content":{"rendered":"<div style=\"margin-top: 0px; margin-bottom: 0px;\" class=\"sharethis-inline-share-buttons\" ><\/div>\n<p>El <strong>presidente Andr\u00e9s Manuel L\u00f3pez Obrador <\/strong>confirm\u00f3 que desaparecer\u00e1 la <strong>Agencia de Noticias del Estado Mexicano<\/strong> (<strong>Notimex<\/strong>); \u201c<strong>ya no necesitamos una agencia de noticias<\/strong>, tenemos la ma\u00f1anera\u201d.<\/p>\n\n\n\n<p>Durante su conferencia de la ma\u00f1ana, el presidente L\u00f3pez Obrador confirm\u00f3 que se est\u00e1 llegando a un acuerdo con Notimex porque \u201cla verdad nosotros ya no necesitamos una agencia de noticias en el gobierno\u201d.<\/p>\n\n\n\n<p>L\u00f3pez Obrador dijo que se van a reunir con los trabajadores se buscar\u00e1 un acuerdo donde se garanticen sus derechos y liquidaci\u00f3n; as\u00ed como reconoci\u00f3 la polarizaci\u00f3n en el conflicto de huelga, \u201cunos a favor de Sanjuana -Mart\u00ednez- y otros en contra\u201d.<\/p>\n\n\n\n<p>Dijo que la instrucci\u00f3n es que se llegue a un acuerdo, que no se afecte a los trabajadores, que haya reconciliaci\u00f3n.<\/p>\n\n\n\n<p>Asegur\u00f3 que a la todav\u00eda directora de Notimex, Sanjuana Mart\u00ednez, no la ven con buenos ojos aunque es una buena periodista: \u201cLe tengo respeto, la estimo\u201d.<\/p>\n\n\n\n<p>Mencion\u00f3 que no descarta invitar a Sanjuana Mart\u00ednez a trabajar a su gobierno.<\/p>\n\n\n\n<p>El pasado mes de febrero se cumpli\u00f3 el tercer aniversario de la huelga en la agencia de noticias del Estado, <strong>Notimex<\/strong> , la m\u00e1s larga en la historia de un organismo p\u00fablico en todo el mundo.<\/p>\n","protected":false},"excerpt":{"rendered":"<p>El presidente Andr\u00e9s Manuel L\u00f3pez Obrador confirm\u00f3 que desaparecer\u00e1 la Agencia de Noticias del Estado Mexicano (Notimex); \u201cya no necesitamos una agencia de noticias, tenemos la ma\u00f1anera\u201d. Durante su conferencia de la ma\u00f1ana, el presidente L\u00f3pez Obrador confirm\u00f3 que se est\u00e1 llegando a un acuerdo con Notimex porque \u201cla verdad nosotros ya no necesitamos una [&hellip;]<\/p>\n","protected":false},"author":10,"featured_media":26242,"comment_status":"closed","ping_status":"closed","sticky":false,"template":"","format":"standard","meta":{"footnotes":""},"categories":[19],"tags":[],"class_list":{"0":"post-26241","1":"post","2":"type-post","3":"status-publish","4":"format-standard","5":"has-post-thumbnail","7":"category-nacional"},"yoast_head":"<!-- This site is optimized with the Yoast SEO plugin v27.4 - https:\/\/yoast.com\/product\/yoast-seo-wordpress\/ -->\n<title>Notimex va a desaparecer: AMLO; \u201cya no necesitamos una agencia de noticias\u201d - LA BRAVA RADIO<\/title>\n<meta name=\"robots\" content=\"index, follow, max-snippet:-1, max-image-preview:large, max-video-preview:-1\" \/>\n<link rel=\"canonical\" href=\"https:\/\/www.bbmnoticias.com\/labravaradiofm\/2023\/04\/14\/notimex-va-a-desaparecer-amlo-ya-no-necesitamos-una-agencia-de-noticias\/\" \/>\n<meta property=\"og:locale\" content=\"es_MX\" \/>\n<meta property=\"og:type\" content=\"article\" \/>\n<meta property=\"og:title\" content=\"Notimex va a desaparecer: AMLO; \u201cya no necesitamos una agencia de noticias\u201d - LA BRAVA RADIO\" \/>\n<meta property=\"og:description\" content=\"El presidente Andr\u00e9s Manuel L\u00f3pez Obrador confirm\u00f3 que desaparecer\u00e1 la Agencia de Noticias del Estado Mexicano (Notimex); \u201cya no necesitamos una agencia de noticias, tenemos la ma\u00f1anera\u201d. Durante su conferencia de la ma\u00f1ana, el presidente L\u00f3pez Obrador confirm\u00f3 que se est\u00e1 llegando a un acuerdo con Notimex porque \u201cla verdad nosotros ya no necesitamos una [&hellip;]\" \/>\n<meta property=\"og:url\" content=\"https:\/\/www.bbmnoticias.com\/labravaradiofm\/2023\/04\/14\/notimex-va-a-desaparecer-amlo-ya-no-necesitamos-una-agencia-de-noticias\/\" \/>\n<meta property=\"og:site_name\" content=\"LA BRAVA RADIO\" \/>\n<meta property=\"article:published_time\" content=\"2023-04-14T18:20:10+00:00\" \/>\n<meta property=\"article:modified_time\" content=\"2023-04-14T18:20:11+00:00\" \/>\n<meta property=\"og:image\" content=\"https:\/\/www.bbmnoticias.com\/labravaradiofm\/wp-content\/uploads\/sites\/5\/2023\/04\/notimex.jpg\" \/>\n\t<meta property=\"og:image:width\" content=\"800\" \/>\n\t<meta property=\"og:image:height\" content=\"484\" \/>\n\t<meta property=\"og:image:type\" content=\"image\/jpeg\" \/>\n<meta name=\"author\" content=\"El Universal\" \/>\n<meta name=\"twitter:card\" content=\"summary_large_image\" \/>\n<meta name=\"twitter:label1\" content=\"Escrito por\" \/>\n\t<meta name=\"twitter:data1\" content=\"El Universal\" \/>\n\t<meta name=\"twitter:label2\" content=\"Tiempo de lectura\" \/>\n\t<meta name=\"twitter:data2\" content=\"1 minuto\" \/>\n<script type=\"application\/ld+json\" class=\"yoast-schema-graph\">{\"@context\":\"https:\\\/\\\/schema.org\",\"@graph\":[{\"@type\":\"Article\",\"@id\":\"https:\\\/\\\/www.bbmnoticias.com\\\/labravaradiofm\\\/2023\\\/04\\\/14\\\/notimex-va-a-desaparecer-amlo-ya-no-necesitamos-una-agencia-de-noticias\\\/#article\",\"isPartOf\":{\"@id\":\"https:\\\/\\\/www.bbmnoticias.com\\\/labravaradiofm\\\/2023\\\/04\\\/14\\\/notimex-va-a-desaparecer-amlo-ya-no-necesitamos-una-agencia-de-noticias\\\/\"},\"author\":{\"name\":\"El Universal\",\"@id\":\"https:\\\/\\\/www.bbmnoticias.com\\\/labravaradiofm\\\/#\\\/schema\\\/person\\\/9d7a6a319e0df750bc43fc190d0b889b\"},\"headline\":\"Notimex va a desaparecer: AMLO; \u201cya no necesitamos una agencia de noticias\u201d\",\"datePublished\":\"2023-04-14T18:20:10+00:00\",\"dateModified\":\"2023-04-14T18:20:11+00:00\",\"mainEntityOfPage\":{\"@id\":\"https:\\\/\\\/www.bbmnoticias.com\\\/labravaradiofm\\\/2023\\\/04\\\/14\\\/notimex-va-a-desaparecer-amlo-ya-no-necesitamos-una-agencia-de-noticias\\\/\"},\"wordCount\":226,\"image\":{\"@id\":\"https:\\\/\\\/www.bbmnoticias.com\\\/labravaradiofm\\\/2023\\\/04\\\/14\\\/notimex-va-a-desaparecer-amlo-ya-no-necesitamos-una-agencia-de-noticias\\\/#primaryimage\"},\"thumbnailUrl\":\"https:\\\/\\\/www.bbmnoticias.com\\\/labravaradiofm\\\/wp-content\\\/uploads\\\/sites\\\/5\\\/2023\\\/04\\\/notimex.jpg\",\"articleSection\":[\"NACIONAL\"],\"inLanguage\":\"es\"},{\"@type\":\"WebPage\",\"@id\":\"https:\\\/\\\/www.bbmnoticias.com\\\/labravaradiofm\\\/2023\\\/04\\\/14\\\/notimex-va-a-desaparecer-amlo-ya-no-necesitamos-una-agencia-de-noticias\\\/\",\"url\":\"https:\\\/\\\/www.bbmnoticias.com\\\/labravaradiofm\\\/2023\\\/04\\\/14\\\/notimex-va-a-desaparecer-amlo-ya-no-necesitamos-una-agencia-de-noticias\\\/\",\"name\":\"Notimex va a desaparecer: AMLO; \u201cya no necesitamos una agencia de noticias\u201d - LA BRAVA RADIO\",\"isPartOf\":{\"@id\":\"https:\\\/\\\/www.bbmnoticias.com\\\/labravaradiofm\\\/#website\"},\"primaryImageOfPage\":{\"@id\":\"https:\\\/\\\/www.bbmnoticias.com\\\/labravaradiofm\\\/2023\\\/04\\\/14\\\/notimex-va-a-desaparecer-amlo-ya-no-necesitamos-una-agencia-de-noticias\\\/#primaryimage\"},\"image\":{\"@id\":\"https:\\\/\\\/www.bbmnoticias.com\\\/labravaradiofm\\\/2023\\\/04\\\/14\\\/notimex-va-a-desaparecer-amlo-ya-no-necesitamos-una-agencia-de-noticias\\\/#primaryimage\"},\"thumbnailUrl\":\"https:\\\/\\\/www.bbmnoticias.com\\\/labravaradiofm\\\/wp-content\\\/uploads\\\/sites\\\/5\\\/2023\\\/04\\\/notimex.jpg\",\"datePublished\":\"2023-04-14T18:20:10+00:00\",\"dateModified\":\"2023-04-14T18:20:11+00:00\",\"author\":{\"@id\":\"https:\\\/\\\/www.bbmnoticias.com\\\/labravaradiofm\\\/#\\\/schema\\\/person\\\/9d7a6a319e0df750bc43fc190d0b889b\"},\"breadcrumb\":{\"@id\":\"https:\\\/\\\/www.bbmnoticias.com\\\/labravaradiofm\\\/2023\\\/04\\\/14\\\/notimex-va-a-desaparecer-amlo-ya-no-necesitamos-una-agencia-de-noticias\\\/#breadcrumb\"},\"inLanguage\":\"es\",\"potentialAction\":[{\"@type\":\"ReadAction\",\"target\":[\"https:\\\/\\\/www.bbmnoticias.com\\\/labravaradiofm\\\/2023\\\/04\\\/14\\\/notimex-va-a-desaparecer-amlo-ya-no-necesitamos-una-agencia-de-noticias\\\/\"]}]},{\"@type\":\"ImageObject\",\"inLanguage\":\"es\",\"@id\":\"https:\\\/\\\/www.bbmnoticias.com\\\/labravaradiofm\\\/2023\\\/04\\\/14\\\/notimex-va-a-desaparecer-amlo-ya-no-necesitamos-una-agencia-de-noticias\\\/#primaryimage\",\"url\":\"https:\\\/\\\/www.bbmnoticias.com\\\/labravaradiofm\\\/wp-content\\\/uploads\\\/sites\\\/5\\\/2023\\\/04\\\/notimex.jpg\",\"contentUrl\":\"https:\\\/\\\/www.bbmnoticias.com\\\/labravaradiofm\\\/wp-content\\\/uploads\\\/sites\\\/5\\\/2023\\\/04\\\/notimex.jpg\",\"width\":800,\"height\":484},{\"@type\":\"BreadcrumbList\",\"@id\":\"https:\\\/\\\/www.bbmnoticias.com\\\/labravaradiofm\\\/2023\\\/04\\\/14\\\/notimex-va-a-desaparecer-amlo-ya-no-necesitamos-una-agencia-de-noticias\\\/#breadcrumb\",\"itemListElement\":[{\"@type\":\"ListItem\",\"position\":1,\"name\":\"Inicio\",\"item\":\"https:\\\/\\\/www.bbmnoticias.com\\\/labravaradiofm\\\/\"},{\"@type\":\"ListItem\",\"position\":2,\"name\":\"Notimex va a desaparecer: AMLO; \u201cya no necesitamos una agencia de noticias\u201d\"}]},{\"@type\":\"WebSite\",\"@id\":\"https:\\\/\\\/www.bbmnoticias.com\\\/labravaradiofm\\\/#website\",\"url\":\"https:\\\/\\\/www.bbmnoticias.com\\\/labravaradiofm\\\/\",\"name\":\"LA BRAVA RADIO\",\"description\":\"Empresa productora de medios, Radiodifusi\u00f3n, Noticias, tendencias y todo lo que necesitas saber de la pol\u00edtica mexicana e internacional; entretenimiento, espect\u00e1culos, salud y mucho m\u00e1s.\",\"potentialAction\":[{\"@type\":\"SearchAction\",\"target\":{\"@type\":\"EntryPoint\",\"urlTemplate\":\"https:\\\/\\\/www.bbmnoticias.com\\\/labravaradiofm\\\/?s={search_term_string}\"},\"query-input\":{\"@type\":\"PropertyValueSpecification\",\"valueRequired\":true,\"valueName\":\"search_term_string\"}}],\"inLanguage\":\"es\"},{\"@type\":\"Person\",\"@id\":\"https:\\\/\\\/www.bbmnoticias.com\\\/labravaradiofm\\\/#\\\/schema\\\/person\\\/9d7a6a319e0df750bc43fc190d0b889b\",\"name\":\"El Universal\",\"image\":{\"@type\":\"ImageObject\",\"inLanguage\":\"es\",\"@id\":\"https:\\\/\\\/secure.gravatar.com\\\/avatar\\\/71c770e6e00bd7cb8183e56d1c59f81601544fbe41d802d7c17d05c9e25f7d06?s=96&d=mm&r=g\",\"url\":\"https:\\\/\\\/secure.gravatar.com\\\/avatar\\\/71c770e6e00bd7cb8183e56d1c59f81601544fbe41d802d7c17d05c9e25f7d06?s=96&d=mm&r=g\",\"contentUrl\":\"https:\\\/\\\/secure.gravatar.com\\\/avatar\\\/71c770e6e00bd7cb8183e56d1c59f81601544fbe41d802d7c17d05c9e25f7d06?s=96&d=mm&r=g\",\"caption\":\"El Universal\"},\"url\":\"https:\\\/\\\/www.bbmnoticias.com\\\/labravaradiofm\\\/author\\\/eluniversal\\\/\"}]}<\/script>\n<!-- \/ Yoast SEO plugin. -->","yoast_head_json":{"title":"Notimex va a desaparecer: AMLO; \u201cya no necesitamos una agencia de noticias\u201d - LA BRAVA RADIO","robots":{"index":"index","follow":"follow","max-snippet":"max-snippet:-1","max-image-preview":"max-image-preview:large","max-video-preview":"max-video-preview:-1"},"canonical":"https:\/\/www.bbmnoticias.com\/labravaradiofm\/2023\/04\/14\/notimex-va-a-desaparecer-amlo-ya-no-necesitamos-una-agencia-de-noticias\/","og_locale":"es_MX","og_type":"article","og_title":"Notimex va a desaparecer: AMLO; \u201cya no necesitamos una agencia de noticias\u201d - LA BRAVA RADIO","og_description":"El presidente Andr\u00e9s Manuel L\u00f3pez Obrador confirm\u00f3 que desaparecer\u00e1 la Agencia de Noticias del Estado Mexicano (Notimex); \u201cya no necesitamos una agencia de noticias, tenemos la ma\u00f1anera\u201d. Durante su conferencia de la ma\u00f1ana, el presidente L\u00f3pez Obrador confirm\u00f3 que se est\u00e1 llegando a un acuerdo con Notimex porque \u201cla verdad nosotros ya no necesitamos una [&hellip;]","og_url":"https:\/\/www.bbmnoticias.com\/labravaradiofm\/2023\/04\/14\/notimex-va-a-desaparecer-amlo-ya-no-necesitamos-una-agencia-de-noticias\/","og_site_name":"LA BRAVA RADIO","article_published_time":"2023-04-14T18:20:10+00:00","article_modified_time":"2023-04-14T18:20:11+00:00","og_image":[{"width":800,"height":484,"url":"https:\/\/www.bbmnoticias.com\/labravaradiofm\/wp-content\/uploads\/sites\/5\/2023\/04\/notimex.jpg","type":"image\/jpeg"}],"author":"El Universal","twitter_card":"summary_large_image","twitter_misc":{"Escrito por":"El Universal","Tiempo de lectura":"1 minuto"},"schema":{"@context":"https:\/\/schema.org","@graph":[{"@type":"Article","@id":"https:\/\/www.bbmnoticias.com\/labravaradiofm\/2023\/04\/14\/notimex-va-a-desaparecer-amlo-ya-no-necesitamos-una-agencia-de-noticias\/#article","isPartOf":{"@id":"https:\/\/www.bbmnoticias.com\/labravaradiofm\/2023\/04\/14\/notimex-va-a-desaparecer-amlo-ya-no-necesitamos-una-agencia-de-noticias\/"},"author":{"name":"El Universal","@id":"https:\/\/www.bbmnoticias.com\/labravaradiofm\/#\/schema\/person\/9d7a6a319e0df750bc43fc190d0b889b"},"headline":"Notimex va a desaparecer: AMLO; \u201cya no necesitamos una agencia de noticias\u201d","datePublished":"2023-04-14T18:20:10+00:00","dateModified":"2023-04-14T18:20:11+00:00","mainEntityOfPage":{"@id":"https:\/\/www.bbmnoticias.com\/labravaradiofm\/2023\/04\/14\/notimex-va-a-desaparecer-amlo-ya-no-necesitamos-una-agencia-de-noticias\/"},"wordCount":226,"image":{"@id":"https:\/\/www.bbmnoticias.com\/labravaradiofm\/2023\/04\/14\/notimex-va-a-desaparecer-amlo-ya-no-necesitamos-una-agencia-de-noticias\/#primaryimage"},"thumbnailUrl":"https:\/\/www.bbmnoticias.com\/labravaradiofm\/wp-content\/uploads\/sites\/5\/2023\/04\/notimex.jpg","articleSection":["NACIONAL"],"inLanguage":"es"},{"@type":"WebPage","@id":"https:\/\/www.bbmnoticias.com\/labravaradiofm\/2023\/04\/14\/notimex-va-a-desaparecer-amlo-ya-no-necesitamos-una-agencia-de-noticias\/","url":"https:\/\/www.bbmnoticias.com\/labravaradiofm\/2023\/04\/14\/notimex-va-a-desaparecer-amlo-ya-no-necesitamos-una-agencia-de-noticias\/","name":"Notimex va a desaparecer: AMLO; \u201cya no necesitamos una agencia de noticias\u201d - LA BRAVA RADIO","isPartOf":{"@id":"https:\/\/www.bbmnoticias.com\/labravaradiofm\/#website"},"primaryImageOfPage":{"@id":"https:\/\/www.bbmnoticias.com\/labravaradiofm\/2023\/04\/14\/notimex-va-a-desaparecer-amlo-ya-no-necesitamos-una-agencia-de-noticias\/#primaryimage"},"image":{"@id":"https:\/\/www.bbmnoticias.com\/labravaradiofm\/2023\/04\/14\/notimex-va-a-desaparecer-amlo-ya-no-necesitamos-una-agencia-de-noticias\/#primaryimage"},"thumbnailUrl":"https:\/\/www.bbmnoticias.com\/labravaradiofm\/wp-content\/uploads\/sites\/5\/2023\/04\/notimex.jpg","datePublished":"2023-04-14T18:20:10+00:00","dateModified":"2023-04-14T18:20:11+00:00","author":{"@id":"https:\/\/www.bbmnoticias.com\/labravaradiofm\/#\/schema\/person\/9d7a6a319e0df750bc43fc190d0b889b"},"breadcrumb":{"@id":"https:\/\/www.bbmnoticias.com\/labravaradiofm\/2023\/04\/14\/notimex-va-a-desaparecer-amlo-ya-no-necesitamos-una-agencia-de-noticias\/#breadcrumb"},"inLanguage":"es","potentialAction":[{"@type":"ReadAction","target":["https:\/\/www.bbmnoticias.com\/labravaradiofm\/2023\/04\/14\/notimex-va-a-desaparecer-amlo-ya-no-necesitamos-una-agencia-de-noticias\/"]}]},{"@type":"ImageObject","inLanguage":"es","@id":"https:\/\/www.bbmnoticias.com\/labravaradiofm\/2023\/04\/14\/notimex-va-a-desaparecer-amlo-ya-no-necesitamos-una-agencia-de-noticias\/#primaryimage","url":"https:\/\/www.bbmnoticias.com\/labravaradiofm\/wp-content\/uploads\/sites\/5\/2023\/04\/notimex.jpg","contentUrl":"https:\/\/www.bbmnoticias.com\/labravaradiofm\/wp-content\/uploads\/sites\/5\/2023\/04\/notimex.jpg","width":800,"height":484},{"@type":"BreadcrumbList","@id":"https:\/\/www.bbmnoticias.com\/labravaradiofm\/2023\/04\/14\/notimex-va-a-desaparecer-amlo-ya-no-necesitamos-una-agencia-de-noticias\/#breadcrumb","itemListElement":[{"@type":"ListItem","position":1,"name":"Inicio","item":"https:\/\/www.bbmnoticias.com\/labravaradiofm\/"},{"@type":"ListItem","position":2,"name":"Notimex va a desaparecer: AMLO; \u201cya no necesitamos una agencia de noticias\u201d"}]},{"@type":"WebSite","@id":"https:\/\/www.bbmnoticias.com\/labravaradiofm\/#website","url":"https:\/\/www.bbmnoticias.com\/labravaradiofm\/","name":"LA BRAVA RADIO","description":"Empresa productora de medios, Radiodifusi\u00f3n, Noticias, tendencias y todo lo que necesitas saber de la pol\u00edtica mexicana e internacional; entretenimiento, espect\u00e1culos, salud y mucho m\u00e1s.","potentialAction":[{"@type":"SearchAction","target":{"@type":"EntryPoint","urlTemplate":"https:\/\/www.bbmnoticias.com\/labravaradiofm\/?s={search_term_string}"},"query-input":{"@type":"PropertyValueSpecification","valueRequired":true,"valueName":"search_term_string"}}],"inLanguage":"es"},{"@type":"Person","@id":"https:\/\/www.bbmnoticias.com\/labravaradiofm\/#\/schema\/person\/9d7a6a319e0df750bc43fc190d0b889b","name":"El Universal","image":{"@type":"ImageObject","inLanguage":"es","@id":"https:\/\/secure.gravatar.com\/avatar\/71c770e6e00bd7cb8183e56d1c59f81601544fbe41d802d7c17d05c9e25f7d06?s=96&d=mm&r=g","url":"https:\/\/secure.gravatar.com\/avatar\/71c770e6e00bd7cb8183e56d1c59f81601544fbe41d802d7c17d05c9e25f7d06?s=96&d=mm&r=g","contentUrl":"https:\/\/secure.gravatar.com\/avatar\/71c770e6e00bd7cb8183e56d1c59f81601544fbe41d802d7c17d05c9e25f7d06?s=96&d=mm&r=g","caption":"El Universal"},"url":"https:\/\/www.bbmnoticias.com\/labravaradiofm\/author\/eluniversal\/"}]}},"_links":{"self":[{"href":"https:\/\/www.bbmnoticias.com\/labravaradiofm\/wp-json\/wp\/v2\/posts\/26241","targetHints":{"allow":["GET"]}}],"collection":[{"href":"https:\/\/www.bbmnoticias.com\/labravaradiofm\/wp-json\/wp\/v2\/posts"}],"about":[{"href":"https:\/\/www.bbmnoticias.com\/labravaradiofm\/wp-json\/wp\/v2\/types\/post"}],"author":[{"embeddable":true,"href":"https:\/\/www.bbmnoticias.com\/labravaradiofm\/wp-json\/wp\/v2\/users\/10"}],"replies":[{"embeddable":true,"href":"https:\/\/www.bbmnoticias.com\/labravaradiofm\/wp-json\/wp\/v2\/comments?post=26241"}],"version-history":[{"count":0,"href":"https:\/\/www.bbmnoticias.com\/labravaradiofm\/wp-json\/wp\/v2\/posts\/26241\/revisions"}],"wp:featuredmedia":[{"embeddable":true,"href":"https:\/\/www.bbmnoticias.com\/labravaradiofm\/wp-json\/wp\/v2\/media\/26242"}],"wp:attachment":[{"href":"https:\/\/www.bbmnoticias.com\/labravaradiofm\/wp-json\/wp\/v2\/media?parent=26241"}],"wp:term":[{"taxonomy":"category","embeddable":true,"href":"https:\/\/www.bbmnoticias.com\/labravaradiofm\/wp-json\/wp\/v2\/categories?post=26241"},{"taxonomy":"post_tag","embeddable":true,"href":"https:\/\/www.bbmnoticias.com\/labravaradiofm\/wp-json\/wp\/v2\/tags?post=26241"}],"curies":[{"name":"wp","href":"https:\/\/api.w.org\/{rel}","templated":true}]}}