{"id":26239,"date":"2023-04-14T12:14:33","date_gmt":"2023-04-14T18:14:33","guid":{"rendered":"https:\/\/www.bbmnoticias.com\/labravaradiofm\/?p=26239"},"modified":"2023-04-14T12:14:34","modified_gmt":"2023-04-14T18:14:34","slug":"ya-no-es-claudia-fernando-cruz-lopez","status":"publish","type":"post","link":"https:\/\/www.bbmnoticias.com\/labravaradiofm\/2023\/04\/14\/ya-no-es-claudia-fernando-cruz-lopez\/","title":{"rendered":"Ya no es Claudia &#8211; Fernando Cruz L\u00f3pez"},"content":{"rendered":"<div style=\"margin-top: 0px; margin-bottom: 0px;\" class=\"sharethis-inline-share-buttons\" ><\/div>\n<p>Todo parece indicar que las condiciones pol\u00edticas que exist\u00edan hace mas de dos a\u00f1os, cuando el presidente de la republica Andres Manuel Lopez Obrador, dio el arranque de la precampa\u00f1a rumbo a la presidencia de Mexico, a sus colaboradores y amigos a los que llama sus \u201ccorcholatas\u201d, ha cambiado; Casi por dos a\u00f1os permeo en todo el pais la impresion de que la jefa de gobierno de la ciudad de M\u00e9xico Claudia Sheinbaum era la buena, la indicada o por lo menos asi lo daban a conocer sus mas cercanos colaboradores.<\/p>\n\n\n\n<p>Hoy con el paso del tiempo, el golpeteo que existe entre ella y el coordinador de los senadores Ricardo Montreal y el Secretario de Relaciones exteriores Marcelo Ebrard ha mermado la imagen de los tres, cada uno tiene enormes debilidades que los aleja del gusto del electorado morenista y es ahi donde comienza a escribirse otra historia.<\/p>\n\n\n\n<p>De todos es conocido que por todo el pais habia una leyenda en todas partes que dec\u00eda:&nbsp; #Esclaudia, es claudia, con una imagen obscura del dorso de la jefa de gobierno, dando a entender que era la buena, la que el presidente de m\u00e9xico impulsar\u00eda para que si el triunfo en el 2024 le llega a favorecer, pueda llegar a&nbsp; palacio nacional.<\/p>\n\n\n\n<p>Curiosamente desde hace una semana, la frase es claudia ha comenzado a cambiar y hay un nuevo texto que dice #Era claudia, ahora es ad\u00e1n y recalcan el ahora es ad\u00e1n, dicha leyenda comenz\u00f3 a notarse en las bardas donde antes estaba la publicidad de Claudia Sheinbaum y comenz\u00f3 en Chiapas, me reportan que ya esta en Tabasco y asi va creciendo por rodo el Pais, pero tambien en nuestro estado en varias partes ya hay espectaculares del Secretario de Gobernacion Adan Augusto Lopez, diciendo: #Es Adan.<\/p>\n\n\n\n<p>Hay que mencionar que en Oaxaca ya hay un destacado grupo de oaxaque\u00f1os que poco a poco va creciendo y se est\u00e1n integrando al equipo proselitista de morenistas que coordina el diputado federal chiapaneco Ismael Brito, quien literalmente ha levantado un bunker de trabajo en la capital del estado, desde donde coordina los trabajos de apoyo en pro de la precandidatura presidencial del aun Secretario de Gobernaci\u00f3n Adan Augusto.<\/p>\n\n\n\n<p>Nadie ignora que toda la estructura morenista en Oaxaca esta a favor de la precandidata&nbsp; presidencial Claudia Sheinbaum,&nbsp; actual jefa de gobierno y que la orden de apoyarla&nbsp; con todo, ha salido de palacio y en eso trabajan en este momento todos los que integran el gobierno de la nueva primavera.<\/p>\n\n\n\n<p>Sin embargo el equipo de oaxaque\u00f1os que se ha organizado en favor de a precandidatura presidencial de Ad\u00e1n Augusto, crece diariamente y tienen la indicaci\u00f3n de posicionarlo, quien de todos los precandidatos es el que tiene menos problemas, es el que esta mas limpio y el que podr\u00eda continuar el proyecto de gobierno de Andes Manuel, en caso de ganar las elecciones federales del 2024.<\/p>\n\n\n\n<p>As\u00ed que prepar\u00e9monos para ver el crecimiento de la ola en favor de Adan Agusto en los pr\u00f3ximos d\u00edas en todo Oaxaca, pues la precancapa\u00f1a de Claudia Sheinbaum se ha desplomado aparatosamente, ademas de haber perdido el apoyo presidencial. Asi que se acabo el Es Claudia y ahora sera \u201cEs Adan\u201d.&nbsp; Sigame en Twitter como @visionpolitica7<\/p>\n","protected":false},"excerpt":{"rendered":"<p>Todo parece indicar que las condiciones pol\u00edticas que exist\u00edan hace mas de dos a\u00f1os, cuando el presidente de la republica Andres Manuel Lopez Obrador, dio el arranque de la precampa\u00f1a rumbo a la presidencia de Mexico, a sus colaboradores y amigos a los que llama sus \u201ccorcholatas\u201d, ha cambiado; Casi por dos a\u00f1os permeo en [&hellip;]<\/p>\n","protected":false},"author":17,"featured_media":23745,"comment_status":"closed","ping_status":"closed","sticky":false,"template":"","format":"standard","meta":{"footnotes":""},"categories":[951],"tags":[],"class_list":{"0":"post-26239","1":"post","2":"type-post","3":"status-publish","4":"format-standard","5":"has-post-thumbnail","7":"category-vision-politica"},"yoast_head":"<!-- This site is optimized with the Yoast SEO plugin v27.4 - https:\/\/yoast.com\/product\/yoast-seo-wordpress\/ -->\n<title>Ya no es Claudia - Fernando Cruz L\u00f3pez - LA BRAVA RADIO<\/title>\n<meta name=\"robots\" content=\"index, follow, max-snippet:-1, max-image-preview:large, max-video-preview:-1\" \/>\n<link rel=\"canonical\" href=\"https:\/\/www.bbmnoticias.com\/labravaradiofm\/2023\/04\/14\/ya-no-es-claudia-fernando-cruz-lopez\/\" \/>\n<meta property=\"og:locale\" content=\"es_MX\" \/>\n<meta property=\"og:type\" content=\"article\" \/>\n<meta property=\"og:title\" content=\"Ya no es Claudia - Fernando Cruz L\u00f3pez - LA BRAVA RADIO\" \/>\n<meta property=\"og:description\" content=\"Todo parece indicar que las condiciones pol\u00edticas que exist\u00edan hace mas de dos a\u00f1os, cuando el presidente de la republica Andres Manuel Lopez Obrador, dio el arranque de la precampa\u00f1a rumbo a la presidencia de Mexico, a sus colaboradores y amigos a los que llama sus \u201ccorcholatas\u201d, ha cambiado; Casi por dos a\u00f1os permeo en [&hellip;]\" \/>\n<meta property=\"og:url\" content=\"https:\/\/www.bbmnoticias.com\/labravaradiofm\/2023\/04\/14\/ya-no-es-claudia-fernando-cruz-lopez\/\" \/>\n<meta property=\"og:site_name\" content=\"LA BRAVA RADIO\" \/>\n<meta property=\"article:published_time\" content=\"2023-04-14T18:14:33+00:00\" \/>\n<meta property=\"article:modified_time\" content=\"2023-04-14T18:14:34+00:00\" \/>\n<meta property=\"og:image\" content=\"https:\/\/www.bbmnoticias.com\/labravaradiofm\/wp-content\/uploads\/sites\/5\/2023\/02\/vision-politica.jpg\" \/>\n\t<meta property=\"og:image:width\" content=\"800\" \/>\n\t<meta property=\"og:image:height\" content=\"450\" \/>\n\t<meta property=\"og:image:type\" content=\"image\/jpeg\" \/>\n<meta name=\"author\" content=\"Fernando Cruz Lopez\" \/>\n<meta name=\"twitter:card\" content=\"summary_large_image\" \/>\n<meta name=\"twitter:label1\" content=\"Escrito por\" \/>\n\t<meta name=\"twitter:data1\" content=\"Fernando Cruz Lopez\" \/>\n\t<meta name=\"twitter:label2\" content=\"Tiempo de lectura\" \/>\n\t<meta name=\"twitter:data2\" content=\"3 minutos\" \/>\n<script type=\"application\/ld+json\" class=\"yoast-schema-graph\">{\"@context\":\"https:\\\/\\\/schema.org\",\"@graph\":[{\"@type\":\"Article\",\"@id\":\"https:\\\/\\\/www.bbmnoticias.com\\\/labravaradiofm\\\/2023\\\/04\\\/14\\\/ya-no-es-claudia-fernando-cruz-lopez\\\/#article\",\"isPartOf\":{\"@id\":\"https:\\\/\\\/www.bbmnoticias.com\\\/labravaradiofm\\\/2023\\\/04\\\/14\\\/ya-no-es-claudia-fernando-cruz-lopez\\\/\"},\"author\":{\"name\":\"Fernando Cruz Lopez\",\"@id\":\"https:\\\/\\\/www.bbmnoticias.com\\\/labravaradiofm\\\/#\\\/schema\\\/person\\\/5064050f91d1c493c1fd0f0d3a6bb745\"},\"headline\":\"Ya no es Claudia &#8211; Fernando Cruz L\u00f3pez\",\"datePublished\":\"2023-04-14T18:14:33+00:00\",\"dateModified\":\"2023-04-14T18:14:34+00:00\",\"mainEntityOfPage\":{\"@id\":\"https:\\\/\\\/www.bbmnoticias.com\\\/labravaradiofm\\\/2023\\\/04\\\/14\\\/ya-no-es-claudia-fernando-cruz-lopez\\\/\"},\"wordCount\":573,\"image\":{\"@id\":\"https:\\\/\\\/www.bbmnoticias.com\\\/labravaradiofm\\\/2023\\\/04\\\/14\\\/ya-no-es-claudia-fernando-cruz-lopez\\\/#primaryimage\"},\"thumbnailUrl\":\"https:\\\/\\\/www.bbmnoticias.com\\\/labravaradiofm\\\/wp-content\\\/uploads\\\/sites\\\/5\\\/2023\\\/02\\\/vision-politica.jpg\",\"articleSection\":[\"VISI\u00d3N POL\u00cdTICA\"],\"inLanguage\":\"es\"},{\"@type\":\"WebPage\",\"@id\":\"https:\\\/\\\/www.bbmnoticias.com\\\/labravaradiofm\\\/2023\\\/04\\\/14\\\/ya-no-es-claudia-fernando-cruz-lopez\\\/\",\"url\":\"https:\\\/\\\/www.bbmnoticias.com\\\/labravaradiofm\\\/2023\\\/04\\\/14\\\/ya-no-es-claudia-fernando-cruz-lopez\\\/\",\"name\":\"Ya no es Claudia - Fernando Cruz L\u00f3pez - LA BRAVA RADIO\",\"isPartOf\":{\"@id\":\"https:\\\/\\\/www.bbmnoticias.com\\\/labravaradiofm\\\/#website\"},\"primaryImageOfPage\":{\"@id\":\"https:\\\/\\\/www.bbmnoticias.com\\\/labravaradiofm\\\/2023\\\/04\\\/14\\\/ya-no-es-claudia-fernando-cruz-lopez\\\/#primaryimage\"},\"image\":{\"@id\":\"https:\\\/\\\/www.bbmnoticias.com\\\/labravaradiofm\\\/2023\\\/04\\\/14\\\/ya-no-es-claudia-fernando-cruz-lopez\\\/#primaryimage\"},\"thumbnailUrl\":\"https:\\\/\\\/www.bbmnoticias.com\\\/labravaradiofm\\\/wp-content\\\/uploads\\\/sites\\\/5\\\/2023\\\/02\\\/vision-politica.jpg\",\"datePublished\":\"2023-04-14T18:14:33+00:00\",\"dateModified\":\"2023-04-14T18:14:34+00:00\",\"author\":{\"@id\":\"https:\\\/\\\/www.bbmnoticias.com\\\/labravaradiofm\\\/#\\\/schema\\\/person\\\/5064050f91d1c493c1fd0f0d3a6bb745\"},\"breadcrumb\":{\"@id\":\"https:\\\/\\\/www.bbmnoticias.com\\\/labravaradiofm\\\/2023\\\/04\\\/14\\\/ya-no-es-claudia-fernando-cruz-lopez\\\/#breadcrumb\"},\"inLanguage\":\"es\",\"potentialAction\":[{\"@type\":\"ReadAction\",\"target\":[\"https:\\\/\\\/www.bbmnoticias.com\\\/labravaradiofm\\\/2023\\\/04\\\/14\\\/ya-no-es-claudia-fernando-cruz-lopez\\\/\"]}]},{\"@type\":\"ImageObject\",\"inLanguage\":\"es\",\"@id\":\"https:\\\/\\\/www.bbmnoticias.com\\\/labravaradiofm\\\/2023\\\/04\\\/14\\\/ya-no-es-claudia-fernando-cruz-lopez\\\/#primaryimage\",\"url\":\"https:\\\/\\\/www.bbmnoticias.com\\\/labravaradiofm\\\/wp-content\\\/uploads\\\/sites\\\/5\\\/2023\\\/02\\\/vision-politica.jpg\",\"contentUrl\":\"https:\\\/\\\/www.bbmnoticias.com\\\/labravaradiofm\\\/wp-content\\\/uploads\\\/sites\\\/5\\\/2023\\\/02\\\/vision-politica.jpg\",\"width\":800,\"height\":450},{\"@type\":\"BreadcrumbList\",\"@id\":\"https:\\\/\\\/www.bbmnoticias.com\\\/labravaradiofm\\\/2023\\\/04\\\/14\\\/ya-no-es-claudia-fernando-cruz-lopez\\\/#breadcrumb\",\"itemListElement\":[{\"@type\":\"ListItem\",\"position\":1,\"name\":\"Inicio\",\"item\":\"https:\\\/\\\/www.bbmnoticias.com\\\/labravaradiofm\\\/\"},{\"@type\":\"ListItem\",\"position\":2,\"name\":\"Ya no es Claudia &#8211; Fernando Cruz L\u00f3pez\"}]},{\"@type\":\"WebSite\",\"@id\":\"https:\\\/\\\/www.bbmnoticias.com\\\/labravaradiofm\\\/#website\",\"url\":\"https:\\\/\\\/www.bbmnoticias.com\\\/labravaradiofm\\\/\",\"name\":\"LA BRAVA RADIO\",\"description\":\"Empresa productora de medios, Radiodifusi\u00f3n, Noticias, tendencias y todo lo que necesitas saber de la pol\u00edtica mexicana e internacional; entretenimiento, espect\u00e1culos, salud y mucho m\u00e1s.\",\"potentialAction\":[{\"@type\":\"SearchAction\",\"target\":{\"@type\":\"EntryPoint\",\"urlTemplate\":\"https:\\\/\\\/www.bbmnoticias.com\\\/labravaradiofm\\\/?s={search_term_string}\"},\"query-input\":{\"@type\":\"PropertyValueSpecification\",\"valueRequired\":true,\"valueName\":\"search_term_string\"}}],\"inLanguage\":\"es\"},{\"@type\":\"Person\",\"@id\":\"https:\\\/\\\/www.bbmnoticias.com\\\/labravaradiofm\\\/#\\\/schema\\\/person\\\/5064050f91d1c493c1fd0f0d3a6bb745\",\"name\":\"Fernando Cruz Lopez\",\"image\":{\"@type\":\"ImageObject\",\"inLanguage\":\"es\",\"@id\":\"https:\\\/\\\/secure.gravatar.com\\\/avatar\\\/24fed790d7efc3946f883e94b0232fa4426e03d757f643152dbf2c77fa8a0e9a?s=96&d=mm&r=g\",\"url\":\"https:\\\/\\\/secure.gravatar.com\\\/avatar\\\/24fed790d7efc3946f883e94b0232fa4426e03d757f643152dbf2c77fa8a0e9a?s=96&d=mm&r=g\",\"contentUrl\":\"https:\\\/\\\/secure.gravatar.com\\\/avatar\\\/24fed790d7efc3946f883e94b0232fa4426e03d757f643152dbf2c77fa8a0e9a?s=96&d=mm&r=g\",\"caption\":\"Fernando Cruz Lopez\"},\"sameAs\":[\"https:\\\/\\\/www.bbmnoticias.com\"],\"url\":\"https:\\\/\\\/www.bbmnoticias.com\\\/labravaradiofm\\\/author\\\/fernandocruzlopez\\\/\"}]}<\/script>\n<!-- \/ Yoast SEO plugin. -->","yoast_head_json":{"title":"Ya no es Claudia - Fernando Cruz L\u00f3pez - LA BRAVA RADIO","robots":{"index":"index","follow":"follow","max-snippet":"max-snippet:-1","max-image-preview":"max-image-preview:large","max-video-preview":"max-video-preview:-1"},"canonical":"https:\/\/www.bbmnoticias.com\/labravaradiofm\/2023\/04\/14\/ya-no-es-claudia-fernando-cruz-lopez\/","og_locale":"es_MX","og_type":"article","og_title":"Ya no es Claudia - Fernando Cruz L\u00f3pez - LA BRAVA RADIO","og_description":"Todo parece indicar que las condiciones pol\u00edticas que exist\u00edan hace mas de dos a\u00f1os, cuando el presidente de la republica Andres Manuel Lopez Obrador, dio el arranque de la precampa\u00f1a rumbo a la presidencia de Mexico, a sus colaboradores y amigos a los que llama sus \u201ccorcholatas\u201d, ha cambiado; Casi por dos a\u00f1os permeo en [&hellip;]","og_url":"https:\/\/www.bbmnoticias.com\/labravaradiofm\/2023\/04\/14\/ya-no-es-claudia-fernando-cruz-lopez\/","og_site_name":"LA BRAVA RADIO","article_published_time":"2023-04-14T18:14:33+00:00","article_modified_time":"2023-04-14T18:14:34+00:00","og_image":[{"width":800,"height":450,"url":"https:\/\/www.bbmnoticias.com\/labravaradiofm\/wp-content\/uploads\/sites\/5\/2023\/02\/vision-politica.jpg","type":"image\/jpeg"}],"author":"Fernando Cruz Lopez","twitter_card":"summary_large_image","twitter_misc":{"Escrito por":"Fernando Cruz Lopez","Tiempo de lectura":"3 minutos"},"schema":{"@context":"https:\/\/schema.org","@graph":[{"@type":"Article","@id":"https:\/\/www.bbmnoticias.com\/labravaradiofm\/2023\/04\/14\/ya-no-es-claudia-fernando-cruz-lopez\/#article","isPartOf":{"@id":"https:\/\/www.bbmnoticias.com\/labravaradiofm\/2023\/04\/14\/ya-no-es-claudia-fernando-cruz-lopez\/"},"author":{"name":"Fernando Cruz Lopez","@id":"https:\/\/www.bbmnoticias.com\/labravaradiofm\/#\/schema\/person\/5064050f91d1c493c1fd0f0d3a6bb745"},"headline":"Ya no es Claudia &#8211; Fernando Cruz L\u00f3pez","datePublished":"2023-04-14T18:14:33+00:00","dateModified":"2023-04-14T18:14:34+00:00","mainEntityOfPage":{"@id":"https:\/\/www.bbmnoticias.com\/labravaradiofm\/2023\/04\/14\/ya-no-es-claudia-fernando-cruz-lopez\/"},"wordCount":573,"image":{"@id":"https:\/\/www.bbmnoticias.com\/labravaradiofm\/2023\/04\/14\/ya-no-es-claudia-fernando-cruz-lopez\/#primaryimage"},"thumbnailUrl":"https:\/\/www.bbmnoticias.com\/labravaradiofm\/wp-content\/uploads\/sites\/5\/2023\/02\/vision-politica.jpg","articleSection":["VISI\u00d3N POL\u00cdTICA"],"inLanguage":"es"},{"@type":"WebPage","@id":"https:\/\/www.bbmnoticias.com\/labravaradiofm\/2023\/04\/14\/ya-no-es-claudia-fernando-cruz-lopez\/","url":"https:\/\/www.bbmnoticias.com\/labravaradiofm\/2023\/04\/14\/ya-no-es-claudia-fernando-cruz-lopez\/","name":"Ya no es Claudia - Fernando Cruz L\u00f3pez - LA BRAVA RADIO","isPartOf":{"@id":"https:\/\/www.bbmnoticias.com\/labravaradiofm\/#website"},"primaryImageOfPage":{"@id":"https:\/\/www.bbmnoticias.com\/labravaradiofm\/2023\/04\/14\/ya-no-es-claudia-fernando-cruz-lopez\/#primaryimage"},"image":{"@id":"https:\/\/www.bbmnoticias.com\/labravaradiofm\/2023\/04\/14\/ya-no-es-claudia-fernando-cruz-lopez\/#primaryimage"},"thumbnailUrl":"https:\/\/www.bbmnoticias.com\/labravaradiofm\/wp-content\/uploads\/sites\/5\/2023\/02\/vision-politica.jpg","datePublished":"2023-04-14T18:14:33+00:00","dateModified":"2023-04-14T18:14:34+00:00","author":{"@id":"https:\/\/www.bbmnoticias.com\/labravaradiofm\/#\/schema\/person\/5064050f91d1c493c1fd0f0d3a6bb745"},"breadcrumb":{"@id":"https:\/\/www.bbmnoticias.com\/labravaradiofm\/2023\/04\/14\/ya-no-es-claudia-fernando-cruz-lopez\/#breadcrumb"},"inLanguage":"es","potentialAction":[{"@type":"ReadAction","target":["https:\/\/www.bbmnoticias.com\/labravaradiofm\/2023\/04\/14\/ya-no-es-claudia-fernando-cruz-lopez\/"]}]},{"@type":"ImageObject","inLanguage":"es","@id":"https:\/\/www.bbmnoticias.com\/labravaradiofm\/2023\/04\/14\/ya-no-es-claudia-fernando-cruz-lopez\/#primaryimage","url":"https:\/\/www.bbmnoticias.com\/labravaradiofm\/wp-content\/uploads\/sites\/5\/2023\/02\/vision-politica.jpg","contentUrl":"https:\/\/www.bbmnoticias.com\/labravaradiofm\/wp-content\/uploads\/sites\/5\/2023\/02\/vision-politica.jpg","width":800,"height":450},{"@type":"BreadcrumbList","@id":"https:\/\/www.bbmnoticias.com\/labravaradiofm\/2023\/04\/14\/ya-no-es-claudia-fernando-cruz-lopez\/#breadcrumb","itemListElement":[{"@type":"ListItem","position":1,"name":"Inicio","item":"https:\/\/www.bbmnoticias.com\/labravaradiofm\/"},{"@type":"ListItem","position":2,"name":"Ya no es Claudia &#8211; Fernando Cruz L\u00f3pez"}]},{"@type":"WebSite","@id":"https:\/\/www.bbmnoticias.com\/labravaradiofm\/#website","url":"https:\/\/www.bbmnoticias.com\/labravaradiofm\/","name":"LA BRAVA RADIO","description":"Empresa productora de medios, Radiodifusi\u00f3n, Noticias, tendencias y todo lo que necesitas saber de la pol\u00edtica mexicana e internacional; entretenimiento, espect\u00e1culos, salud y mucho m\u00e1s.","potentialAction":[{"@type":"SearchAction","target":{"@type":"EntryPoint","urlTemplate":"https:\/\/www.bbmnoticias.com\/labravaradiofm\/?s={search_term_string}"},"query-input":{"@type":"PropertyValueSpecification","valueRequired":true,"valueName":"search_term_string"}}],"inLanguage":"es"},{"@type":"Person","@id":"https:\/\/www.bbmnoticias.com\/labravaradiofm\/#\/schema\/person\/5064050f91d1c493c1fd0f0d3a6bb745","name":"Fernando Cruz Lopez","image":{"@type":"ImageObject","inLanguage":"es","@id":"https:\/\/secure.gravatar.com\/avatar\/24fed790d7efc3946f883e94b0232fa4426e03d757f643152dbf2c77fa8a0e9a?s=96&d=mm&r=g","url":"https:\/\/secure.gravatar.com\/avatar\/24fed790d7efc3946f883e94b0232fa4426e03d757f643152dbf2c77fa8a0e9a?s=96&d=mm&r=g","contentUrl":"https:\/\/secure.gravatar.com\/avatar\/24fed790d7efc3946f883e94b0232fa4426e03d757f643152dbf2c77fa8a0e9a?s=96&d=mm&r=g","caption":"Fernando Cruz Lopez"},"sameAs":["https:\/\/www.bbmnoticias.com"],"url":"https:\/\/www.bbmnoticias.com\/labravaradiofm\/author\/fernandocruzlopez\/"}]}},"_links":{"self":[{"href":"https:\/\/www.bbmnoticias.com\/labravaradiofm\/wp-json\/wp\/v2\/posts\/26239","targetHints":{"allow":["GET"]}}],"collection":[{"href":"https:\/\/www.bbmnoticias.com\/labravaradiofm\/wp-json\/wp\/v2\/posts"}],"about":[{"href":"https:\/\/www.bbmnoticias.com\/labravaradiofm\/wp-json\/wp\/v2\/types\/post"}],"author":[{"embeddable":true,"href":"https:\/\/www.bbmnoticias.com\/labravaradiofm\/wp-json\/wp\/v2\/users\/17"}],"replies":[{"embeddable":true,"href":"https:\/\/www.bbmnoticias.com\/labravaradiofm\/wp-json\/wp\/v2\/comments?post=26239"}],"version-history":[{"count":0,"href":"https:\/\/www.bbmnoticias.com\/labravaradiofm\/wp-json\/wp\/v2\/posts\/26239\/revisions"}],"wp:featuredmedia":[{"embeddable":true,"href":"https:\/\/www.bbmnoticias.com\/labravaradiofm\/wp-json\/wp\/v2\/media\/23745"}],"wp:attachment":[{"href":"https:\/\/www.bbmnoticias.com\/labravaradiofm\/wp-json\/wp\/v2\/media?parent=26239"}],"wp:term":[{"taxonomy":"category","embeddable":true,"href":"https:\/\/www.bbmnoticias.com\/labravaradiofm\/wp-json\/wp\/v2\/categories?post=26239"},{"taxonomy":"post_tag","embeddable":true,"href":"https:\/\/www.bbmnoticias.com\/labravaradiofm\/wp-json\/wp\/v2\/tags?post=26239"}],"curies":[{"name":"wp","href":"https:\/\/api.w.org\/{rel}","templated":true}]}}