{"id":26231,"date":"2023-04-14T10:57:03","date_gmt":"2023-04-14T16:57:03","guid":{"rendered":"https:\/\/www.bbmnoticias.com\/labravaradiofm\/?p=26231"},"modified":"2023-04-14T10:57:04","modified_gmt":"2023-04-14T16:57:04","slug":"eu-presenta-cargos-contra-28-miembros-del-cartel-de-sinaloa-incluidos-los-hijos-de-el-chapo","status":"publish","type":"post","link":"https:\/\/www.bbmnoticias.com\/labravaradiofm\/2023\/04\/14\/eu-presenta-cargos-contra-28-miembros-del-cartel-de-sinaloa-incluidos-los-hijos-de-el-chapo\/","title":{"rendered":"EU presenta cargos contra 28 miembros del C\u00e1rtel de Sinaloa, incluidos los hijos de &#8220;El Chapo&#8221;"},"content":{"rendered":"<div style=\"margin-top: 0px; margin-bottom: 0px;\" class=\"sharethis-inline-share-buttons\" ><\/div>\n<p><strong>Washington<\/strong>.- El Departamento de Justicia present\u00f3 cargos contra 28 miembros del poderoso <strong>C\u00e1rtel de Sinaloa<\/strong> de M\u00e9xico, incluidos los hijos del notorio narcotraficante <strong>Joaqu\u00edn \u201cEl Chapo\u201d Guzm\u00e1n<\/strong>, en una extensa investigaci\u00f3n por tr\u00e1fico de <strong>fentanilo<\/strong>.<\/p>\n\n\n\n<p>El fiscal general <strong>Merrick Garland<\/strong> anunci\u00f3 los cargos este viernes junto con la jefa de la Administraci\u00f3n de Control de Drogas, <strong>Anne Milgram<\/strong>, y otros importantes fiscales federales.<\/p>\n\n\n\n<p>Los cargos fueron presentados contra los l\u00edderes del c\u00e1rtel, as\u00ed como presuntos <strong>proveedores de productos qu\u00edmicos<\/strong>, gerentes de laboratorio, traficantes de <strong>fentanilo<\/strong>, l\u00edderes de seguridad, financieros y traficantes de armas.<\/p>\n\n\n\n<p>Las acusaciones anunciadas el viernes se\u00f1alan a los tres hijos de Guzm\u00e1n, conocidos como <strong>los Chapitos<\/strong>, o peque\u00f1os Chapos, y que se han ganado la reputaci\u00f3n de ser la facci\u00f3n m\u00e1s violenta y agresiva del c\u00e1rtel.<\/p>\n\n\n\n<p>Tambi\u00e9n acusan a ciudadanos chinos y guatemaltecos de suministrar precursores qu\u00edmicos necesarios para fabricar fentanilo. Otros acusados en los casos incluyen a los acusados de administrar laboratorios de drogas y proporcionar seguridad y armas para la operaci\u00f3n de <strong>narcotr\u00e1fico<\/strong>, dijeron los fiscales.<\/p>\n\n\n\n<p>Casi 107 mil estadounidenses murieron por sobredosis de drogas en EU en 2021.<\/p>\n\n\n\n<p>Guzm\u00e1n Loera, el notorio narcotraficante del <strong>C\u00e1rtel de Sinaloa,<\/strong> fue condenado en 2019 por dirigir una operaci\u00f3n de contrabando a escala industrial.<\/p>\n\n\n\n<p>En su juicio, los fiscales dijeron que la evidencia recopilada desde fines de la d\u00e9cada de 1980 mostraba que \u00e9l y su c\u00e1rtel asesino ganaron miles de millones de d\u00f3lares al contrabandear toneladas de coca\u00edna, hero\u00edna, metanfetamina y marihuana a EU.<\/p>\n\n\n\n<p>El Departamento de Justicia de EU agreg\u00f3 que &#8220;siete acusados est\u00e1n detenidos en espera de procedimientos de extradici\u00f3n: Ovidio Guzm\u00e1n L\u00f3pez fue detenido en M\u00e9xico; Carlos Omar Guti\u00e9rrez y Silvano Francisco Mariano, alias \u201cRayo\u201d, fueron detenidos en Colombia.<\/p>\n\n\n\n<p>Sergio Duarte Fr\u00edas, Ana Gabriela Rubio Zea y Humberto Beltr\u00e1n Cuen, alias \u201cDon Chino\u201d, fueron detenidos en Guatemala; y Anastacio Soto Vega, alias \u201cTachin\u201d, fue detenido en Grecia. Adem\u00e1s, Julio Mar\u00edn Gonz\u00e1lez fue arrestado previamente en los Estados Unidos y ser\u00e1 procesado ante la Jueza Federal de Distrito Katherine Polk Failla&#8221;.<\/p>\n","protected":false},"excerpt":{"rendered":"<p>Washington.- El Departamento de Justicia present\u00f3 cargos contra 28 miembros del poderoso C\u00e1rtel de Sinaloa de M\u00e9xico, incluidos los hijos del notorio narcotraficante Joaqu\u00edn \u201cEl Chapo\u201d Guzm\u00e1n, en una extensa investigaci\u00f3n por tr\u00e1fico de fentanilo. El fiscal general Merrick Garland anunci\u00f3 los cargos este viernes junto con la jefa de la Administraci\u00f3n de Control de [&hellip;]<\/p>\n","protected":false},"author":10,"featured_media":26232,"comment_status":"closed","ping_status":"closed","sticky":false,"template":"","format":"standard","meta":{"footnotes":""},"categories":[948],"tags":[],"class_list":{"0":"post-26231","1":"post","2":"type-post","3":"status-publish","4":"format-standard","5":"has-post-thumbnail","7":"category-internacional"},"yoast_head":"<!-- This site is optimized with the Yoast SEO plugin v27.4 - https:\/\/yoast.com\/product\/yoast-seo-wordpress\/ -->\n<title>EU presenta cargos contra 28 miembros del C\u00e1rtel de Sinaloa, incluidos los hijos de &quot;El Chapo&quot; - LA BRAVA RADIO<\/title>\n<meta name=\"robots\" content=\"index, follow, max-snippet:-1, max-image-preview:large, max-video-preview:-1\" \/>\n<link rel=\"canonical\" href=\"https:\/\/www.bbmnoticias.com\/labravaradiofm\/2023\/04\/14\/eu-presenta-cargos-contra-28-miembros-del-cartel-de-sinaloa-incluidos-los-hijos-de-el-chapo\/\" \/>\n<meta property=\"og:locale\" content=\"es_MX\" \/>\n<meta property=\"og:type\" content=\"article\" \/>\n<meta property=\"og:title\" content=\"EU presenta cargos contra 28 miembros del C\u00e1rtel de Sinaloa, incluidos los hijos de &quot;El Chapo&quot; - LA BRAVA RADIO\" \/>\n<meta property=\"og:description\" content=\"Washington.- El Departamento de Justicia present\u00f3 cargos contra 28 miembros del poderoso C\u00e1rtel de Sinaloa de M\u00e9xico, incluidos los hijos del notorio narcotraficante Joaqu\u00edn \u201cEl Chapo\u201d Guzm\u00e1n, en una extensa investigaci\u00f3n por tr\u00e1fico de fentanilo. El fiscal general Merrick Garland anunci\u00f3 los cargos este viernes junto con la jefa de la Administraci\u00f3n de Control de [&hellip;]\" \/>\n<meta property=\"og:url\" content=\"https:\/\/www.bbmnoticias.com\/labravaradiofm\/2023\/04\/14\/eu-presenta-cargos-contra-28-miembros-del-cartel-de-sinaloa-incluidos-los-hijos-de-el-chapo\/\" \/>\n<meta property=\"og:site_name\" content=\"LA BRAVA RADIO\" \/>\n<meta property=\"article:published_time\" content=\"2023-04-14T16:57:03+00:00\" \/>\n<meta property=\"article:modified_time\" content=\"2023-04-14T16:57:04+00:00\" \/>\n<meta property=\"og:image\" content=\"https:\/\/www.bbmnoticias.com\/labravaradiofm\/wp-content\/uploads\/sites\/5\/2023\/04\/cargos-usa.jpg\" \/>\n\t<meta property=\"og:image:width\" content=\"800\" \/>\n\t<meta property=\"og:image:height\" content=\"484\" \/>\n\t<meta property=\"og:image:type\" content=\"image\/jpeg\" \/>\n<meta name=\"author\" content=\"El Universal\" \/>\n<meta name=\"twitter:card\" content=\"summary_large_image\" \/>\n<meta name=\"twitter:label1\" content=\"Escrito por\" \/>\n\t<meta name=\"twitter:data1\" content=\"El Universal\" \/>\n\t<meta name=\"twitter:label2\" content=\"Tiempo de lectura\" \/>\n\t<meta name=\"twitter:data2\" content=\"2 minutos\" \/>\n<script type=\"application\/ld+json\" class=\"yoast-schema-graph\">{\"@context\":\"https:\\\/\\\/schema.org\",\"@graph\":[{\"@type\":\"Article\",\"@id\":\"https:\\\/\\\/www.bbmnoticias.com\\\/labravaradiofm\\\/2023\\\/04\\\/14\\\/eu-presenta-cargos-contra-28-miembros-del-cartel-de-sinaloa-incluidos-los-hijos-de-el-chapo\\\/#article\",\"isPartOf\":{\"@id\":\"https:\\\/\\\/www.bbmnoticias.com\\\/labravaradiofm\\\/2023\\\/04\\\/14\\\/eu-presenta-cargos-contra-28-miembros-del-cartel-de-sinaloa-incluidos-los-hijos-de-el-chapo\\\/\"},\"author\":{\"name\":\"El Universal\",\"@id\":\"https:\\\/\\\/www.bbmnoticias.com\\\/labravaradiofm\\\/#\\\/schema\\\/person\\\/9d7a6a319e0df750bc43fc190d0b889b\"},\"headline\":\"EU presenta cargos contra 28 miembros del C\u00e1rtel de Sinaloa, incluidos los hijos de &#8220;El Chapo&#8221;\",\"datePublished\":\"2023-04-14T16:57:03+00:00\",\"dateModified\":\"2023-04-14T16:57:04+00:00\",\"mainEntityOfPage\":{\"@id\":\"https:\\\/\\\/www.bbmnoticias.com\\\/labravaradiofm\\\/2023\\\/04\\\/14\\\/eu-presenta-cargos-contra-28-miembros-del-cartel-de-sinaloa-incluidos-los-hijos-de-el-chapo\\\/\"},\"wordCount\":389,\"image\":{\"@id\":\"https:\\\/\\\/www.bbmnoticias.com\\\/labravaradiofm\\\/2023\\\/04\\\/14\\\/eu-presenta-cargos-contra-28-miembros-del-cartel-de-sinaloa-incluidos-los-hijos-de-el-chapo\\\/#primaryimage\"},\"thumbnailUrl\":\"https:\\\/\\\/www.bbmnoticias.com\\\/labravaradiofm\\\/wp-content\\\/uploads\\\/sites\\\/5\\\/2023\\\/04\\\/cargos-usa.jpg\",\"articleSection\":[\"INTERNACIONAL\"],\"inLanguage\":\"es\"},{\"@type\":\"WebPage\",\"@id\":\"https:\\\/\\\/www.bbmnoticias.com\\\/labravaradiofm\\\/2023\\\/04\\\/14\\\/eu-presenta-cargos-contra-28-miembros-del-cartel-de-sinaloa-incluidos-los-hijos-de-el-chapo\\\/\",\"url\":\"https:\\\/\\\/www.bbmnoticias.com\\\/labravaradiofm\\\/2023\\\/04\\\/14\\\/eu-presenta-cargos-contra-28-miembros-del-cartel-de-sinaloa-incluidos-los-hijos-de-el-chapo\\\/\",\"name\":\"EU presenta cargos contra 28 miembros del C\u00e1rtel de Sinaloa, incluidos los hijos de \\\"El Chapo\\\" - LA BRAVA RADIO\",\"isPartOf\":{\"@id\":\"https:\\\/\\\/www.bbmnoticias.com\\\/labravaradiofm\\\/#website\"},\"primaryImageOfPage\":{\"@id\":\"https:\\\/\\\/www.bbmnoticias.com\\\/labravaradiofm\\\/2023\\\/04\\\/14\\\/eu-presenta-cargos-contra-28-miembros-del-cartel-de-sinaloa-incluidos-los-hijos-de-el-chapo\\\/#primaryimage\"},\"image\":{\"@id\":\"https:\\\/\\\/www.bbmnoticias.com\\\/labravaradiofm\\\/2023\\\/04\\\/14\\\/eu-presenta-cargos-contra-28-miembros-del-cartel-de-sinaloa-incluidos-los-hijos-de-el-chapo\\\/#primaryimage\"},\"thumbnailUrl\":\"https:\\\/\\\/www.bbmnoticias.com\\\/labravaradiofm\\\/wp-content\\\/uploads\\\/sites\\\/5\\\/2023\\\/04\\\/cargos-usa.jpg\",\"datePublished\":\"2023-04-14T16:57:03+00:00\",\"dateModified\":\"2023-04-14T16:57:04+00:00\",\"author\":{\"@id\":\"https:\\\/\\\/www.bbmnoticias.com\\\/labravaradiofm\\\/#\\\/schema\\\/person\\\/9d7a6a319e0df750bc43fc190d0b889b\"},\"breadcrumb\":{\"@id\":\"https:\\\/\\\/www.bbmnoticias.com\\\/labravaradiofm\\\/2023\\\/04\\\/14\\\/eu-presenta-cargos-contra-28-miembros-del-cartel-de-sinaloa-incluidos-los-hijos-de-el-chapo\\\/#breadcrumb\"},\"inLanguage\":\"es\",\"potentialAction\":[{\"@type\":\"ReadAction\",\"target\":[\"https:\\\/\\\/www.bbmnoticias.com\\\/labravaradiofm\\\/2023\\\/04\\\/14\\\/eu-presenta-cargos-contra-28-miembros-del-cartel-de-sinaloa-incluidos-los-hijos-de-el-chapo\\\/\"]}]},{\"@type\":\"ImageObject\",\"inLanguage\":\"es\",\"@id\":\"https:\\\/\\\/www.bbmnoticias.com\\\/labravaradiofm\\\/2023\\\/04\\\/14\\\/eu-presenta-cargos-contra-28-miembros-del-cartel-de-sinaloa-incluidos-los-hijos-de-el-chapo\\\/#primaryimage\",\"url\":\"https:\\\/\\\/www.bbmnoticias.com\\\/labravaradiofm\\\/wp-content\\\/uploads\\\/sites\\\/5\\\/2023\\\/04\\\/cargos-usa.jpg\",\"contentUrl\":\"https:\\\/\\\/www.bbmnoticias.com\\\/labravaradiofm\\\/wp-content\\\/uploads\\\/sites\\\/5\\\/2023\\\/04\\\/cargos-usa.jpg\",\"width\":800,\"height\":484},{\"@type\":\"BreadcrumbList\",\"@id\":\"https:\\\/\\\/www.bbmnoticias.com\\\/labravaradiofm\\\/2023\\\/04\\\/14\\\/eu-presenta-cargos-contra-28-miembros-del-cartel-de-sinaloa-incluidos-los-hijos-de-el-chapo\\\/#breadcrumb\",\"itemListElement\":[{\"@type\":\"ListItem\",\"position\":1,\"name\":\"Inicio\",\"item\":\"https:\\\/\\\/www.bbmnoticias.com\\\/labravaradiofm\\\/\"},{\"@type\":\"ListItem\",\"position\":2,\"name\":\"EU presenta cargos contra 28 miembros del C\u00e1rtel de Sinaloa, incluidos los hijos de &#8220;El Chapo&#8221;\"}]},{\"@type\":\"WebSite\",\"@id\":\"https:\\\/\\\/www.bbmnoticias.com\\\/labravaradiofm\\\/#website\",\"url\":\"https:\\\/\\\/www.bbmnoticias.com\\\/labravaradiofm\\\/\",\"name\":\"LA BRAVA RADIO\",\"description\":\"Empresa productora de medios, Radiodifusi\u00f3n, Noticias, tendencias y todo lo que necesitas saber de la pol\u00edtica mexicana e internacional; entretenimiento, espect\u00e1culos, salud y mucho m\u00e1s.\",\"potentialAction\":[{\"@type\":\"SearchAction\",\"target\":{\"@type\":\"EntryPoint\",\"urlTemplate\":\"https:\\\/\\\/www.bbmnoticias.com\\\/labravaradiofm\\\/?s={search_term_string}\"},\"query-input\":{\"@type\":\"PropertyValueSpecification\",\"valueRequired\":true,\"valueName\":\"search_term_string\"}}],\"inLanguage\":\"es\"},{\"@type\":\"Person\",\"@id\":\"https:\\\/\\\/www.bbmnoticias.com\\\/labravaradiofm\\\/#\\\/schema\\\/person\\\/9d7a6a319e0df750bc43fc190d0b889b\",\"name\":\"El Universal\",\"image\":{\"@type\":\"ImageObject\",\"inLanguage\":\"es\",\"@id\":\"https:\\\/\\\/secure.gravatar.com\\\/avatar\\\/71c770e6e00bd7cb8183e56d1c59f81601544fbe41d802d7c17d05c9e25f7d06?s=96&d=mm&r=g\",\"url\":\"https:\\\/\\\/secure.gravatar.com\\\/avatar\\\/71c770e6e00bd7cb8183e56d1c59f81601544fbe41d802d7c17d05c9e25f7d06?s=96&d=mm&r=g\",\"contentUrl\":\"https:\\\/\\\/secure.gravatar.com\\\/avatar\\\/71c770e6e00bd7cb8183e56d1c59f81601544fbe41d802d7c17d05c9e25f7d06?s=96&d=mm&r=g\",\"caption\":\"El Universal\"},\"url\":\"https:\\\/\\\/www.bbmnoticias.com\\\/labravaradiofm\\\/author\\\/eluniversal\\\/\"}]}<\/script>\n<!-- \/ Yoast SEO plugin. -->","yoast_head_json":{"title":"EU presenta cargos contra 28 miembros del C\u00e1rtel de Sinaloa, incluidos los hijos de \"El Chapo\" - LA BRAVA RADIO","robots":{"index":"index","follow":"follow","max-snippet":"max-snippet:-1","max-image-preview":"max-image-preview:large","max-video-preview":"max-video-preview:-1"},"canonical":"https:\/\/www.bbmnoticias.com\/labravaradiofm\/2023\/04\/14\/eu-presenta-cargos-contra-28-miembros-del-cartel-de-sinaloa-incluidos-los-hijos-de-el-chapo\/","og_locale":"es_MX","og_type":"article","og_title":"EU presenta cargos contra 28 miembros del C\u00e1rtel de Sinaloa, incluidos los hijos de \"El Chapo\" - LA BRAVA RADIO","og_description":"Washington.- El Departamento de Justicia present\u00f3 cargos contra 28 miembros del poderoso C\u00e1rtel de Sinaloa de M\u00e9xico, incluidos los hijos del notorio narcotraficante Joaqu\u00edn \u201cEl Chapo\u201d Guzm\u00e1n, en una extensa investigaci\u00f3n por tr\u00e1fico de fentanilo. El fiscal general Merrick Garland anunci\u00f3 los cargos este viernes junto con la jefa de la Administraci\u00f3n de Control de [&hellip;]","og_url":"https:\/\/www.bbmnoticias.com\/labravaradiofm\/2023\/04\/14\/eu-presenta-cargos-contra-28-miembros-del-cartel-de-sinaloa-incluidos-los-hijos-de-el-chapo\/","og_site_name":"LA BRAVA RADIO","article_published_time":"2023-04-14T16:57:03+00:00","article_modified_time":"2023-04-14T16:57:04+00:00","og_image":[{"width":800,"height":484,"url":"https:\/\/www.bbmnoticias.com\/labravaradiofm\/wp-content\/uploads\/sites\/5\/2023\/04\/cargos-usa.jpg","type":"image\/jpeg"}],"author":"El Universal","twitter_card":"summary_large_image","twitter_misc":{"Escrito por":"El Universal","Tiempo de lectura":"2 minutos"},"schema":{"@context":"https:\/\/schema.org","@graph":[{"@type":"Article","@id":"https:\/\/www.bbmnoticias.com\/labravaradiofm\/2023\/04\/14\/eu-presenta-cargos-contra-28-miembros-del-cartel-de-sinaloa-incluidos-los-hijos-de-el-chapo\/#article","isPartOf":{"@id":"https:\/\/www.bbmnoticias.com\/labravaradiofm\/2023\/04\/14\/eu-presenta-cargos-contra-28-miembros-del-cartel-de-sinaloa-incluidos-los-hijos-de-el-chapo\/"},"author":{"name":"El Universal","@id":"https:\/\/www.bbmnoticias.com\/labravaradiofm\/#\/schema\/person\/9d7a6a319e0df750bc43fc190d0b889b"},"headline":"EU presenta cargos contra 28 miembros del C\u00e1rtel de Sinaloa, incluidos los hijos de &#8220;El Chapo&#8221;","datePublished":"2023-04-14T16:57:03+00:00","dateModified":"2023-04-14T16:57:04+00:00","mainEntityOfPage":{"@id":"https:\/\/www.bbmnoticias.com\/labravaradiofm\/2023\/04\/14\/eu-presenta-cargos-contra-28-miembros-del-cartel-de-sinaloa-incluidos-los-hijos-de-el-chapo\/"},"wordCount":389,"image":{"@id":"https:\/\/www.bbmnoticias.com\/labravaradiofm\/2023\/04\/14\/eu-presenta-cargos-contra-28-miembros-del-cartel-de-sinaloa-incluidos-los-hijos-de-el-chapo\/#primaryimage"},"thumbnailUrl":"https:\/\/www.bbmnoticias.com\/labravaradiofm\/wp-content\/uploads\/sites\/5\/2023\/04\/cargos-usa.jpg","articleSection":["INTERNACIONAL"],"inLanguage":"es"},{"@type":"WebPage","@id":"https:\/\/www.bbmnoticias.com\/labravaradiofm\/2023\/04\/14\/eu-presenta-cargos-contra-28-miembros-del-cartel-de-sinaloa-incluidos-los-hijos-de-el-chapo\/","url":"https:\/\/www.bbmnoticias.com\/labravaradiofm\/2023\/04\/14\/eu-presenta-cargos-contra-28-miembros-del-cartel-de-sinaloa-incluidos-los-hijos-de-el-chapo\/","name":"EU presenta cargos contra 28 miembros del C\u00e1rtel de Sinaloa, incluidos los hijos de \"El Chapo\" - LA BRAVA RADIO","isPartOf":{"@id":"https:\/\/www.bbmnoticias.com\/labravaradiofm\/#website"},"primaryImageOfPage":{"@id":"https:\/\/www.bbmnoticias.com\/labravaradiofm\/2023\/04\/14\/eu-presenta-cargos-contra-28-miembros-del-cartel-de-sinaloa-incluidos-los-hijos-de-el-chapo\/#primaryimage"},"image":{"@id":"https:\/\/www.bbmnoticias.com\/labravaradiofm\/2023\/04\/14\/eu-presenta-cargos-contra-28-miembros-del-cartel-de-sinaloa-incluidos-los-hijos-de-el-chapo\/#primaryimage"},"thumbnailUrl":"https:\/\/www.bbmnoticias.com\/labravaradiofm\/wp-content\/uploads\/sites\/5\/2023\/04\/cargos-usa.jpg","datePublished":"2023-04-14T16:57:03+00:00","dateModified":"2023-04-14T16:57:04+00:00","author":{"@id":"https:\/\/www.bbmnoticias.com\/labravaradiofm\/#\/schema\/person\/9d7a6a319e0df750bc43fc190d0b889b"},"breadcrumb":{"@id":"https:\/\/www.bbmnoticias.com\/labravaradiofm\/2023\/04\/14\/eu-presenta-cargos-contra-28-miembros-del-cartel-de-sinaloa-incluidos-los-hijos-de-el-chapo\/#breadcrumb"},"inLanguage":"es","potentialAction":[{"@type":"ReadAction","target":["https:\/\/www.bbmnoticias.com\/labravaradiofm\/2023\/04\/14\/eu-presenta-cargos-contra-28-miembros-del-cartel-de-sinaloa-incluidos-los-hijos-de-el-chapo\/"]}]},{"@type":"ImageObject","inLanguage":"es","@id":"https:\/\/www.bbmnoticias.com\/labravaradiofm\/2023\/04\/14\/eu-presenta-cargos-contra-28-miembros-del-cartel-de-sinaloa-incluidos-los-hijos-de-el-chapo\/#primaryimage","url":"https:\/\/www.bbmnoticias.com\/labravaradiofm\/wp-content\/uploads\/sites\/5\/2023\/04\/cargos-usa.jpg","contentUrl":"https:\/\/www.bbmnoticias.com\/labravaradiofm\/wp-content\/uploads\/sites\/5\/2023\/04\/cargos-usa.jpg","width":800,"height":484},{"@type":"BreadcrumbList","@id":"https:\/\/www.bbmnoticias.com\/labravaradiofm\/2023\/04\/14\/eu-presenta-cargos-contra-28-miembros-del-cartel-de-sinaloa-incluidos-los-hijos-de-el-chapo\/#breadcrumb","itemListElement":[{"@type":"ListItem","position":1,"name":"Inicio","item":"https:\/\/www.bbmnoticias.com\/labravaradiofm\/"},{"@type":"ListItem","position":2,"name":"EU presenta cargos contra 28 miembros del C\u00e1rtel de Sinaloa, incluidos los hijos de &#8220;El Chapo&#8221;"}]},{"@type":"WebSite","@id":"https:\/\/www.bbmnoticias.com\/labravaradiofm\/#website","url":"https:\/\/www.bbmnoticias.com\/labravaradiofm\/","name":"LA BRAVA RADIO","description":"Empresa productora de medios, Radiodifusi\u00f3n, Noticias, tendencias y todo lo que necesitas saber de la pol\u00edtica mexicana e internacional; entretenimiento, espect\u00e1culos, salud y mucho m\u00e1s.","potentialAction":[{"@type":"SearchAction","target":{"@type":"EntryPoint","urlTemplate":"https:\/\/www.bbmnoticias.com\/labravaradiofm\/?s={search_term_string}"},"query-input":{"@type":"PropertyValueSpecification","valueRequired":true,"valueName":"search_term_string"}}],"inLanguage":"es"},{"@type":"Person","@id":"https:\/\/www.bbmnoticias.com\/labravaradiofm\/#\/schema\/person\/9d7a6a319e0df750bc43fc190d0b889b","name":"El Universal","image":{"@type":"ImageObject","inLanguage":"es","@id":"https:\/\/secure.gravatar.com\/avatar\/71c770e6e00bd7cb8183e56d1c59f81601544fbe41d802d7c17d05c9e25f7d06?s=96&d=mm&r=g","url":"https:\/\/secure.gravatar.com\/avatar\/71c770e6e00bd7cb8183e56d1c59f81601544fbe41d802d7c17d05c9e25f7d06?s=96&d=mm&r=g","contentUrl":"https:\/\/secure.gravatar.com\/avatar\/71c770e6e00bd7cb8183e56d1c59f81601544fbe41d802d7c17d05c9e25f7d06?s=96&d=mm&r=g","caption":"El Universal"},"url":"https:\/\/www.bbmnoticias.com\/labravaradiofm\/author\/eluniversal\/"}]}},"_links":{"self":[{"href":"https:\/\/www.bbmnoticias.com\/labravaradiofm\/wp-json\/wp\/v2\/posts\/26231","targetHints":{"allow":["GET"]}}],"collection":[{"href":"https:\/\/www.bbmnoticias.com\/labravaradiofm\/wp-json\/wp\/v2\/posts"}],"about":[{"href":"https:\/\/www.bbmnoticias.com\/labravaradiofm\/wp-json\/wp\/v2\/types\/post"}],"author":[{"embeddable":true,"href":"https:\/\/www.bbmnoticias.com\/labravaradiofm\/wp-json\/wp\/v2\/users\/10"}],"replies":[{"embeddable":true,"href":"https:\/\/www.bbmnoticias.com\/labravaradiofm\/wp-json\/wp\/v2\/comments?post=26231"}],"version-history":[{"count":0,"href":"https:\/\/www.bbmnoticias.com\/labravaradiofm\/wp-json\/wp\/v2\/posts\/26231\/revisions"}],"wp:featuredmedia":[{"embeddable":true,"href":"https:\/\/www.bbmnoticias.com\/labravaradiofm\/wp-json\/wp\/v2\/media\/26232"}],"wp:attachment":[{"href":"https:\/\/www.bbmnoticias.com\/labravaradiofm\/wp-json\/wp\/v2\/media?parent=26231"}],"wp:term":[{"taxonomy":"category","embeddable":true,"href":"https:\/\/www.bbmnoticias.com\/labravaradiofm\/wp-json\/wp\/v2\/categories?post=26231"},{"taxonomy":"post_tag","embeddable":true,"href":"https:\/\/www.bbmnoticias.com\/labravaradiofm\/wp-json\/wp\/v2\/tags?post=26231"}],"curies":[{"name":"wp","href":"https:\/\/api.w.org\/{rel}","templated":true}]}}