{"id":26227,"date":"2023-04-14T08:52:44","date_gmt":"2023-04-14T14:52:44","guid":{"rendered":"https:\/\/www.bbmnoticias.com\/labravaradiofm\/?p=26227"},"modified":"2023-04-14T08:52:45","modified_gmt":"2023-04-14T14:52:45","slug":"entrega-ieepo-claves-a-dos-centros-escolares-de-la-sierra-sur","status":"publish","type":"post","link":"https:\/\/www.bbmnoticias.com\/labravaradiofm\/2023\/04\/14\/entrega-ieepo-claves-a-dos-centros-escolares-de-la-sierra-sur\/","title":{"rendered":"Entrega IEEPO claves a dos centros escolares de la Sierra Sur"},"content":{"rendered":"<div style=\"margin-top: 0px; margin-bottom: 0px;\" class=\"sharethis-inline-share-buttons\" ><\/div>\n<p><strong>Miahuatl\u00e1n de Porfirio D\u00edaz, Oax. 14 de abril de 2023.-<\/strong> En cumplimiento al compromiso del Gobernador del Estado Salom\u00f3n Jara Cruz de hacer valer el derecho a la educaci\u00f3n de ni\u00f1as, ni\u00f1os y adolescentes, el Instituto Estatal de Educaci\u00f3n P\u00fablica de Oaxaca (IEEPO) entreg\u00f3 claves de Centros de Trabajo a dos escuelas p\u00fablicas para su incorporaci\u00f3n formal en el sistema educativo de la entidad.<\/p>\n\n\n\n<p>En el marco del Encuentro con Autoridades Municipales de la Sierra Sur realizado en el distrito de Miahuatl\u00e1n de Porfirio D\u00edaz y como parte de la atenci\u00f3n inmediata a la solicitud de las comunidades, el director general del Instituto, Emilio Montero P\u00e9rez se\u00f1al\u00f3 que con este procedimiento se brinda certeza jur\u00eddica y laboral a docentes y se garantiza el acceso del plantel a los programas y apoyos gubernamentales.&nbsp;<\/p>\n\n\n\n<p>Ante el Mandatario Estatal anunci\u00f3 que pr\u00f3ximamente se entregar\u00e1n m\u00e1s de 60 claves de un n\u00famero importante que se encuentran actualmente en tr\u00e1mite y de esta manera contribuir a que ni\u00f1as, ni\u00f1os y adolescentes cuenten con la validaci\u00f3n de sus estudios de nivel b\u00e1sico.<\/p>\n\n\n\n<p>Las instituciones educativas beneficiadas en esta ocasi\u00f3n y que por m\u00e1s de diez a\u00f1os, los gobiernos anteriores mantuvieron sin clave y en el olvido son la Escuela Primaria Ind\u00edgena \u201cJosefa Ortiz de Dom\u00ednguez\u201d de la localidad de San Francisco Loxicha y el Preescolar Ind\u00edgena \u201cGabriela Mistral\u201d de El Camalote, ambas pertenecientes al municipio de San Agust\u00edn Loxicha.<\/p>\n\n\n\n<p>Con el otorgamiento de su respectiva clave, se brinda certeza jur\u00eddica a las instituciones educativas, a su personal docente y sobre todo, se protege y respeta el derecho al acceso a la educaci\u00f3n de ni\u00f1as, ni\u00f1os y adolescentes de la entidad.<\/p>\n\n\n\n<p>Por otra parte, derivado de la atenci\u00f3n inmediata a las solicitudes de autoridades municipales y educativas, en la pol\u00edtica de di\u00e1logo y cercan\u00eda con las comunidades establecida por el Gobernador del Estado, el director general del IEEPO entreg\u00f3 material de aseo, deportivo, de oficina y pintura a 60 escuelas de nivel b\u00e1sico de la Sierra Sur.<\/p>\n","protected":false},"excerpt":{"rendered":"<p>Miahuatl\u00e1n de Porfirio D\u00edaz, Oax. 14 de abril de 2023.- En cumplimiento al compromiso del Gobernador del Estado Salom\u00f3n Jara Cruz de hacer valer el derecho a la educaci\u00f3n de ni\u00f1as, ni\u00f1os y adolescentes, el Instituto Estatal de Educaci\u00f3n P\u00fablica de Oaxaca (IEEPO) entreg\u00f3 claves de Centros de Trabajo a dos escuelas p\u00fablicas para su [&hellip;]<\/p>\n","protected":false},"author":2,"featured_media":26228,"comment_status":"closed","ping_status":"closed","sticky":false,"template":"","format":"standard","meta":{"footnotes":""},"categories":[2],"tags":[],"class_list":{"0":"post-26227","1":"post","2":"type-post","3":"status-publish","4":"format-standard","5":"has-post-thumbnail","7":"category-oaxaca"},"yoast_head":"<!-- This site is optimized with the Yoast SEO plugin v27.4 - https:\/\/yoast.com\/product\/yoast-seo-wordpress\/ -->\n<title>Entrega IEEPO claves a dos centros escolares de la Sierra Sur - LA BRAVA RADIO<\/title>\n<meta name=\"robots\" content=\"index, follow, max-snippet:-1, max-image-preview:large, max-video-preview:-1\" \/>\n<link rel=\"canonical\" href=\"https:\/\/www.bbmnoticias.com\/labravaradiofm\/2023\/04\/14\/entrega-ieepo-claves-a-dos-centros-escolares-de-la-sierra-sur\/\" \/>\n<meta property=\"og:locale\" content=\"es_MX\" \/>\n<meta property=\"og:type\" content=\"article\" \/>\n<meta property=\"og:title\" content=\"Entrega IEEPO claves a dos centros escolares de la Sierra Sur - LA BRAVA RADIO\" \/>\n<meta property=\"og:description\" content=\"Miahuatl\u00e1n de Porfirio D\u00edaz, Oax. 14 de abril de 2023.- En cumplimiento al compromiso del Gobernador del Estado Salom\u00f3n Jara Cruz de hacer valer el derecho a la educaci\u00f3n de ni\u00f1as, ni\u00f1os y adolescentes, el Instituto Estatal de Educaci\u00f3n P\u00fablica de Oaxaca (IEEPO) entreg\u00f3 claves de Centros de Trabajo a dos escuelas p\u00fablicas para su [&hellip;]\" \/>\n<meta property=\"og:url\" content=\"https:\/\/www.bbmnoticias.com\/labravaradiofm\/2023\/04\/14\/entrega-ieepo-claves-a-dos-centros-escolares-de-la-sierra-sur\/\" \/>\n<meta property=\"og:site_name\" content=\"LA BRAVA RADIO\" \/>\n<meta property=\"article:published_time\" content=\"2023-04-14T14:52:44+00:00\" \/>\n<meta property=\"article:modified_time\" content=\"2023-04-14T14:52:45+00:00\" \/>\n<meta property=\"og:image\" content=\"https:\/\/www.bbmnoticias.com\/labravaradiofm\/wp-content\/uploads\/sites\/5\/2023\/04\/ieepo-oaxaca.jpg\" \/>\n\t<meta property=\"og:image:width\" content=\"800\" \/>\n\t<meta property=\"og:image:height\" content=\"534\" \/>\n\t<meta property=\"og:image:type\" content=\"image\/jpeg\" \/>\n<meta name=\"author\" content=\"Staff\" \/>\n<meta name=\"twitter:card\" content=\"summary_large_image\" \/>\n<meta name=\"twitter:label1\" content=\"Escrito por\" \/>\n\t<meta name=\"twitter:data1\" content=\"Staff\" \/>\n\t<meta name=\"twitter:label2\" content=\"Tiempo de lectura\" \/>\n\t<meta name=\"twitter:data2\" content=\"2 minutos\" \/>\n<script type=\"application\/ld+json\" class=\"yoast-schema-graph\">{\"@context\":\"https:\\\/\\\/schema.org\",\"@graph\":[{\"@type\":\"Article\",\"@id\":\"https:\\\/\\\/www.bbmnoticias.com\\\/labravaradiofm\\\/2023\\\/04\\\/14\\\/entrega-ieepo-claves-a-dos-centros-escolares-de-la-sierra-sur\\\/#article\",\"isPartOf\":{\"@id\":\"https:\\\/\\\/www.bbmnoticias.com\\\/labravaradiofm\\\/2023\\\/04\\\/14\\\/entrega-ieepo-claves-a-dos-centros-escolares-de-la-sierra-sur\\\/\"},\"author\":{\"name\":\"Staff\",\"@id\":\"https:\\\/\\\/www.bbmnoticias.com\\\/labravaradiofm\\\/#\\\/schema\\\/person\\\/34b139c617a70ea5bef5678bffe4dd7b\"},\"headline\":\"Entrega IEEPO claves a dos centros escolares de la Sierra Sur\",\"datePublished\":\"2023-04-14T14:52:44+00:00\",\"dateModified\":\"2023-04-14T14:52:45+00:00\",\"mainEntityOfPage\":{\"@id\":\"https:\\\/\\\/www.bbmnoticias.com\\\/labravaradiofm\\\/2023\\\/04\\\/14\\\/entrega-ieepo-claves-a-dos-centros-escolares-de-la-sierra-sur\\\/\"},\"wordCount\":380,\"image\":{\"@id\":\"https:\\\/\\\/www.bbmnoticias.com\\\/labravaradiofm\\\/2023\\\/04\\\/14\\\/entrega-ieepo-claves-a-dos-centros-escolares-de-la-sierra-sur\\\/#primaryimage\"},\"thumbnailUrl\":\"https:\\\/\\\/www.bbmnoticias.com\\\/labravaradiofm\\\/wp-content\\\/uploads\\\/sites\\\/5\\\/2023\\\/04\\\/ieepo-oaxaca.jpg\",\"articleSection\":[\"LOCAL\"],\"inLanguage\":\"es\"},{\"@type\":\"WebPage\",\"@id\":\"https:\\\/\\\/www.bbmnoticias.com\\\/labravaradiofm\\\/2023\\\/04\\\/14\\\/entrega-ieepo-claves-a-dos-centros-escolares-de-la-sierra-sur\\\/\",\"url\":\"https:\\\/\\\/www.bbmnoticias.com\\\/labravaradiofm\\\/2023\\\/04\\\/14\\\/entrega-ieepo-claves-a-dos-centros-escolares-de-la-sierra-sur\\\/\",\"name\":\"Entrega IEEPO claves a dos centros escolares de la Sierra Sur - LA BRAVA RADIO\",\"isPartOf\":{\"@id\":\"https:\\\/\\\/www.bbmnoticias.com\\\/labravaradiofm\\\/#website\"},\"primaryImageOfPage\":{\"@id\":\"https:\\\/\\\/www.bbmnoticias.com\\\/labravaradiofm\\\/2023\\\/04\\\/14\\\/entrega-ieepo-claves-a-dos-centros-escolares-de-la-sierra-sur\\\/#primaryimage\"},\"image\":{\"@id\":\"https:\\\/\\\/www.bbmnoticias.com\\\/labravaradiofm\\\/2023\\\/04\\\/14\\\/entrega-ieepo-claves-a-dos-centros-escolares-de-la-sierra-sur\\\/#primaryimage\"},\"thumbnailUrl\":\"https:\\\/\\\/www.bbmnoticias.com\\\/labravaradiofm\\\/wp-content\\\/uploads\\\/sites\\\/5\\\/2023\\\/04\\\/ieepo-oaxaca.jpg\",\"datePublished\":\"2023-04-14T14:52:44+00:00\",\"dateModified\":\"2023-04-14T14:52:45+00:00\",\"author\":{\"@id\":\"https:\\\/\\\/www.bbmnoticias.com\\\/labravaradiofm\\\/#\\\/schema\\\/person\\\/34b139c617a70ea5bef5678bffe4dd7b\"},\"breadcrumb\":{\"@id\":\"https:\\\/\\\/www.bbmnoticias.com\\\/labravaradiofm\\\/2023\\\/04\\\/14\\\/entrega-ieepo-claves-a-dos-centros-escolares-de-la-sierra-sur\\\/#breadcrumb\"},\"inLanguage\":\"es\",\"potentialAction\":[{\"@type\":\"ReadAction\",\"target\":[\"https:\\\/\\\/www.bbmnoticias.com\\\/labravaradiofm\\\/2023\\\/04\\\/14\\\/entrega-ieepo-claves-a-dos-centros-escolares-de-la-sierra-sur\\\/\"]}]},{\"@type\":\"ImageObject\",\"inLanguage\":\"es\",\"@id\":\"https:\\\/\\\/www.bbmnoticias.com\\\/labravaradiofm\\\/2023\\\/04\\\/14\\\/entrega-ieepo-claves-a-dos-centros-escolares-de-la-sierra-sur\\\/#primaryimage\",\"url\":\"https:\\\/\\\/www.bbmnoticias.com\\\/labravaradiofm\\\/wp-content\\\/uploads\\\/sites\\\/5\\\/2023\\\/04\\\/ieepo-oaxaca.jpg\",\"contentUrl\":\"https:\\\/\\\/www.bbmnoticias.com\\\/labravaradiofm\\\/wp-content\\\/uploads\\\/sites\\\/5\\\/2023\\\/04\\\/ieepo-oaxaca.jpg\",\"width\":800,\"height\":534},{\"@type\":\"BreadcrumbList\",\"@id\":\"https:\\\/\\\/www.bbmnoticias.com\\\/labravaradiofm\\\/2023\\\/04\\\/14\\\/entrega-ieepo-claves-a-dos-centros-escolares-de-la-sierra-sur\\\/#breadcrumb\",\"itemListElement\":[{\"@type\":\"ListItem\",\"position\":1,\"name\":\"Inicio\",\"item\":\"https:\\\/\\\/www.bbmnoticias.com\\\/labravaradiofm\\\/\"},{\"@type\":\"ListItem\",\"position\":2,\"name\":\"Entrega IEEPO claves a dos centros escolares de la Sierra Sur\"}]},{\"@type\":\"WebSite\",\"@id\":\"https:\\\/\\\/www.bbmnoticias.com\\\/labravaradiofm\\\/#website\",\"url\":\"https:\\\/\\\/www.bbmnoticias.com\\\/labravaradiofm\\\/\",\"name\":\"LA BRAVA RADIO\",\"description\":\"Empresa productora de medios, Radiodifusi\u00f3n, Noticias, tendencias y todo lo que necesitas saber de la pol\u00edtica mexicana e internacional; entretenimiento, espect\u00e1culos, salud y mucho m\u00e1s.\",\"potentialAction\":[{\"@type\":\"SearchAction\",\"target\":{\"@type\":\"EntryPoint\",\"urlTemplate\":\"https:\\\/\\\/www.bbmnoticias.com\\\/labravaradiofm\\\/?s={search_term_string}\"},\"query-input\":{\"@type\":\"PropertyValueSpecification\",\"valueRequired\":true,\"valueName\":\"search_term_string\"}}],\"inLanguage\":\"es\"},{\"@type\":\"Person\",\"@id\":\"https:\\\/\\\/www.bbmnoticias.com\\\/labravaradiofm\\\/#\\\/schema\\\/person\\\/34b139c617a70ea5bef5678bffe4dd7b\",\"name\":\"Staff\",\"image\":{\"@type\":\"ImageObject\",\"inLanguage\":\"es\",\"@id\":\"https:\\\/\\\/secure.gravatar.com\\\/avatar\\\/fdd21ad66fd8b98c407f9dee5b5e588cfe7f0d8579ec20fa6527cd59bab7f0f0?s=96&d=mm&r=g\",\"url\":\"https:\\\/\\\/secure.gravatar.com\\\/avatar\\\/fdd21ad66fd8b98c407f9dee5b5e588cfe7f0d8579ec20fa6527cd59bab7f0f0?s=96&d=mm&r=g\",\"contentUrl\":\"https:\\\/\\\/secure.gravatar.com\\\/avatar\\\/fdd21ad66fd8b98c407f9dee5b5e588cfe7f0d8579ec20fa6527cd59bab7f0f0?s=96&d=mm&r=g\",\"caption\":\"Staff\"},\"url\":\"https:\\\/\\\/www.bbmnoticias.com\\\/labravaradiofm\\\/author\\\/redaccion\\\/\"}]}<\/script>\n<!-- \/ Yoast SEO plugin. -->","yoast_head_json":{"title":"Entrega IEEPO claves a dos centros escolares de la Sierra Sur - LA BRAVA RADIO","robots":{"index":"index","follow":"follow","max-snippet":"max-snippet:-1","max-image-preview":"max-image-preview:large","max-video-preview":"max-video-preview:-1"},"canonical":"https:\/\/www.bbmnoticias.com\/labravaradiofm\/2023\/04\/14\/entrega-ieepo-claves-a-dos-centros-escolares-de-la-sierra-sur\/","og_locale":"es_MX","og_type":"article","og_title":"Entrega IEEPO claves a dos centros escolares de la Sierra Sur - LA BRAVA RADIO","og_description":"Miahuatl\u00e1n de Porfirio D\u00edaz, Oax. 14 de abril de 2023.- En cumplimiento al compromiso del Gobernador del Estado Salom\u00f3n Jara Cruz de hacer valer el derecho a la educaci\u00f3n de ni\u00f1as, ni\u00f1os y adolescentes, el Instituto Estatal de Educaci\u00f3n P\u00fablica de Oaxaca (IEEPO) entreg\u00f3 claves de Centros de Trabajo a dos escuelas p\u00fablicas para su [&hellip;]","og_url":"https:\/\/www.bbmnoticias.com\/labravaradiofm\/2023\/04\/14\/entrega-ieepo-claves-a-dos-centros-escolares-de-la-sierra-sur\/","og_site_name":"LA BRAVA RADIO","article_published_time":"2023-04-14T14:52:44+00:00","article_modified_time":"2023-04-14T14:52:45+00:00","og_image":[{"width":800,"height":534,"url":"https:\/\/www.bbmnoticias.com\/labravaradiofm\/wp-content\/uploads\/sites\/5\/2023\/04\/ieepo-oaxaca.jpg","type":"image\/jpeg"}],"author":"Staff","twitter_card":"summary_large_image","twitter_misc":{"Escrito por":"Staff","Tiempo de lectura":"2 minutos"},"schema":{"@context":"https:\/\/schema.org","@graph":[{"@type":"Article","@id":"https:\/\/www.bbmnoticias.com\/labravaradiofm\/2023\/04\/14\/entrega-ieepo-claves-a-dos-centros-escolares-de-la-sierra-sur\/#article","isPartOf":{"@id":"https:\/\/www.bbmnoticias.com\/labravaradiofm\/2023\/04\/14\/entrega-ieepo-claves-a-dos-centros-escolares-de-la-sierra-sur\/"},"author":{"name":"Staff","@id":"https:\/\/www.bbmnoticias.com\/labravaradiofm\/#\/schema\/person\/34b139c617a70ea5bef5678bffe4dd7b"},"headline":"Entrega IEEPO claves a dos centros escolares de la Sierra Sur","datePublished":"2023-04-14T14:52:44+00:00","dateModified":"2023-04-14T14:52:45+00:00","mainEntityOfPage":{"@id":"https:\/\/www.bbmnoticias.com\/labravaradiofm\/2023\/04\/14\/entrega-ieepo-claves-a-dos-centros-escolares-de-la-sierra-sur\/"},"wordCount":380,"image":{"@id":"https:\/\/www.bbmnoticias.com\/labravaradiofm\/2023\/04\/14\/entrega-ieepo-claves-a-dos-centros-escolares-de-la-sierra-sur\/#primaryimage"},"thumbnailUrl":"https:\/\/www.bbmnoticias.com\/labravaradiofm\/wp-content\/uploads\/sites\/5\/2023\/04\/ieepo-oaxaca.jpg","articleSection":["LOCAL"],"inLanguage":"es"},{"@type":"WebPage","@id":"https:\/\/www.bbmnoticias.com\/labravaradiofm\/2023\/04\/14\/entrega-ieepo-claves-a-dos-centros-escolares-de-la-sierra-sur\/","url":"https:\/\/www.bbmnoticias.com\/labravaradiofm\/2023\/04\/14\/entrega-ieepo-claves-a-dos-centros-escolares-de-la-sierra-sur\/","name":"Entrega IEEPO claves a dos centros escolares de la Sierra Sur - LA BRAVA RADIO","isPartOf":{"@id":"https:\/\/www.bbmnoticias.com\/labravaradiofm\/#website"},"primaryImageOfPage":{"@id":"https:\/\/www.bbmnoticias.com\/labravaradiofm\/2023\/04\/14\/entrega-ieepo-claves-a-dos-centros-escolares-de-la-sierra-sur\/#primaryimage"},"image":{"@id":"https:\/\/www.bbmnoticias.com\/labravaradiofm\/2023\/04\/14\/entrega-ieepo-claves-a-dos-centros-escolares-de-la-sierra-sur\/#primaryimage"},"thumbnailUrl":"https:\/\/www.bbmnoticias.com\/labravaradiofm\/wp-content\/uploads\/sites\/5\/2023\/04\/ieepo-oaxaca.jpg","datePublished":"2023-04-14T14:52:44+00:00","dateModified":"2023-04-14T14:52:45+00:00","author":{"@id":"https:\/\/www.bbmnoticias.com\/labravaradiofm\/#\/schema\/person\/34b139c617a70ea5bef5678bffe4dd7b"},"breadcrumb":{"@id":"https:\/\/www.bbmnoticias.com\/labravaradiofm\/2023\/04\/14\/entrega-ieepo-claves-a-dos-centros-escolares-de-la-sierra-sur\/#breadcrumb"},"inLanguage":"es","potentialAction":[{"@type":"ReadAction","target":["https:\/\/www.bbmnoticias.com\/labravaradiofm\/2023\/04\/14\/entrega-ieepo-claves-a-dos-centros-escolares-de-la-sierra-sur\/"]}]},{"@type":"ImageObject","inLanguage":"es","@id":"https:\/\/www.bbmnoticias.com\/labravaradiofm\/2023\/04\/14\/entrega-ieepo-claves-a-dos-centros-escolares-de-la-sierra-sur\/#primaryimage","url":"https:\/\/www.bbmnoticias.com\/labravaradiofm\/wp-content\/uploads\/sites\/5\/2023\/04\/ieepo-oaxaca.jpg","contentUrl":"https:\/\/www.bbmnoticias.com\/labravaradiofm\/wp-content\/uploads\/sites\/5\/2023\/04\/ieepo-oaxaca.jpg","width":800,"height":534},{"@type":"BreadcrumbList","@id":"https:\/\/www.bbmnoticias.com\/labravaradiofm\/2023\/04\/14\/entrega-ieepo-claves-a-dos-centros-escolares-de-la-sierra-sur\/#breadcrumb","itemListElement":[{"@type":"ListItem","position":1,"name":"Inicio","item":"https:\/\/www.bbmnoticias.com\/labravaradiofm\/"},{"@type":"ListItem","position":2,"name":"Entrega IEEPO claves a dos centros escolares de la Sierra Sur"}]},{"@type":"WebSite","@id":"https:\/\/www.bbmnoticias.com\/labravaradiofm\/#website","url":"https:\/\/www.bbmnoticias.com\/labravaradiofm\/","name":"LA BRAVA RADIO","description":"Empresa productora de medios, Radiodifusi\u00f3n, Noticias, tendencias y todo lo que necesitas saber de la pol\u00edtica mexicana e internacional; entretenimiento, espect\u00e1culos, salud y mucho m\u00e1s.","potentialAction":[{"@type":"SearchAction","target":{"@type":"EntryPoint","urlTemplate":"https:\/\/www.bbmnoticias.com\/labravaradiofm\/?s={search_term_string}"},"query-input":{"@type":"PropertyValueSpecification","valueRequired":true,"valueName":"search_term_string"}}],"inLanguage":"es"},{"@type":"Person","@id":"https:\/\/www.bbmnoticias.com\/labravaradiofm\/#\/schema\/person\/34b139c617a70ea5bef5678bffe4dd7b","name":"Staff","image":{"@type":"ImageObject","inLanguage":"es","@id":"https:\/\/secure.gravatar.com\/avatar\/fdd21ad66fd8b98c407f9dee5b5e588cfe7f0d8579ec20fa6527cd59bab7f0f0?s=96&d=mm&r=g","url":"https:\/\/secure.gravatar.com\/avatar\/fdd21ad66fd8b98c407f9dee5b5e588cfe7f0d8579ec20fa6527cd59bab7f0f0?s=96&d=mm&r=g","contentUrl":"https:\/\/secure.gravatar.com\/avatar\/fdd21ad66fd8b98c407f9dee5b5e588cfe7f0d8579ec20fa6527cd59bab7f0f0?s=96&d=mm&r=g","caption":"Staff"},"url":"https:\/\/www.bbmnoticias.com\/labravaradiofm\/author\/redaccion\/"}]}},"_links":{"self":[{"href":"https:\/\/www.bbmnoticias.com\/labravaradiofm\/wp-json\/wp\/v2\/posts\/26227","targetHints":{"allow":["GET"]}}],"collection":[{"href":"https:\/\/www.bbmnoticias.com\/labravaradiofm\/wp-json\/wp\/v2\/posts"}],"about":[{"href":"https:\/\/www.bbmnoticias.com\/labravaradiofm\/wp-json\/wp\/v2\/types\/post"}],"author":[{"embeddable":true,"href":"https:\/\/www.bbmnoticias.com\/labravaradiofm\/wp-json\/wp\/v2\/users\/2"}],"replies":[{"embeddable":true,"href":"https:\/\/www.bbmnoticias.com\/labravaradiofm\/wp-json\/wp\/v2\/comments?post=26227"}],"version-history":[{"count":0,"href":"https:\/\/www.bbmnoticias.com\/labravaradiofm\/wp-json\/wp\/v2\/posts\/26227\/revisions"}],"wp:featuredmedia":[{"embeddable":true,"href":"https:\/\/www.bbmnoticias.com\/labravaradiofm\/wp-json\/wp\/v2\/media\/26228"}],"wp:attachment":[{"href":"https:\/\/www.bbmnoticias.com\/labravaradiofm\/wp-json\/wp\/v2\/media?parent=26227"}],"wp:term":[{"taxonomy":"category","embeddable":true,"href":"https:\/\/www.bbmnoticias.com\/labravaradiofm\/wp-json\/wp\/v2\/categories?post=26227"},{"taxonomy":"post_tag","embeddable":true,"href":"https:\/\/www.bbmnoticias.com\/labravaradiofm\/wp-json\/wp\/v2\/tags?post=26227"}],"curies":[{"name":"wp","href":"https:\/\/api.w.org\/{rel}","templated":true}]}}