{"id":26125,"date":"2023-04-12T10:31:35","date_gmt":"2023-04-12T16:31:35","guid":{"rendered":"https:\/\/www.bbmnoticias.com\/labravaradiofm\/?p=26125"},"modified":"2023-04-12T10:31:36","modified_gmt":"2023-04-12T16:31:36","slug":"trasladan-via-aerea-a-mujer-con-complicaciones-posparto","status":"publish","type":"post","link":"https:\/\/www.bbmnoticias.com\/labravaradiofm\/2023\/04\/12\/trasladan-via-aerea-a-mujer-con-complicaciones-posparto\/","title":{"rendered":"Trasladan v\u00eda a\u00e9rea a mujer con complicaciones posparto"},"content":{"rendered":"<div style=\"margin-top: 0px; margin-bottom: 0px;\" class=\"sharethis-inline-share-buttons\" ><\/div>\n<p><strong><em>*&nbsp; <\/em><\/strong><em>El Gobierno de Oaxaca cumple su compromiso con la poblaci\u00f3n oaxaque\u00f1a de hacer uso de todos los recursos disponibles para atender los temas de salud<\/em><\/p>\n\n\n\n<p><strong>Oaxaca de Ju\u00e1rez, Oax. 12 de abril de 2023.- <\/strong>En cumplimiento a la premisa de brindar atenci\u00f3n m\u00e9dica oportuna y de calidad a la poblaci\u00f3n oaxaque\u00f1a, el Gobierno del Estado a trav\u00e9s de la flota de aeronaves realiz\u00f3 este martes el traslado interhospitalario de una mujer que requer\u00eda este servicio urgente desde el municipio de Santiago de Juxtlahuaca.&nbsp;&nbsp;&nbsp;&nbsp;&nbsp;<\/p>\n\n\n\n<p>La paciente de 21 a\u00f1os de edad present\u00f3 complicaciones posparto, por lo que los Servicios de Salud de Oaxaca (SSO) solicitaron de forma inmediata el traslado a\u00e9reo de la ciudadana a un nosocomio de la capital del estado.<\/p>\n\n\n\n<p>La paciente, quien present\u00f3 problemas cardiacos, fue trasladada a trav\u00e9s del helic\u00f3ptero Bell 407, tripulado por los Capitanes \u00c1lvaro Mora, Andr\u00e9s Reyes y el m\u00e9dico Alberto Arrazola, quien brind\u00f3 los cuidados protocolarios hasta su llegada al Hospital General de Zona N\u00famero 1 del Instituto Mexicano de Seguro Social (IMSS) donde fue atendida.<\/p>\n\n\n\n<p>Por indicaciones del Gobernador Salom\u00f3n Jara Cruz, la flota a\u00e9rea del Gobierno del Estado se encuentra lista para atender situaciones de emergencias de salud y para apoyar al combate a los incendios forestales en territorio oaxaque\u00f1o.<\/p>\n\n\n\n<p>Es importante mencionar que la actual administraci\u00f3n destin\u00f3 la flota de aeronaves para estas causas, ya que en el pasado eran utilizadas para el traslado del funcionariado incluso para fines personales.<\/p>\n","protected":false},"excerpt":{"rendered":"<p>*&nbsp; El Gobierno de Oaxaca cumple su compromiso con la poblaci\u00f3n oaxaque\u00f1a de hacer uso de todos los recursos disponibles para atender los temas de salud Oaxaca de Ju\u00e1rez, Oax. 12 de abril de 2023.- En cumplimiento a la premisa de brindar atenci\u00f3n m\u00e9dica oportuna y de calidad a la poblaci\u00f3n oaxaque\u00f1a, el Gobierno del [&hellip;]<\/p>\n","protected":false},"author":2,"featured_media":26126,"comment_status":"closed","ping_status":"closed","sticky":false,"template":"","format":"standard","meta":{"footnotes":""},"categories":[2],"tags":[],"class_list":{"0":"post-26125","1":"post","2":"type-post","3":"status-publish","4":"format-standard","5":"has-post-thumbnail","7":"category-oaxaca"},"yoast_head":"<!-- This site is optimized with the Yoast SEO plugin v27.4 - https:\/\/yoast.com\/product\/yoast-seo-wordpress\/ -->\n<title>Trasladan v\u00eda a\u00e9rea a mujer con complicaciones posparto - LA BRAVA RADIO<\/title>\n<meta name=\"robots\" content=\"index, follow, max-snippet:-1, max-image-preview:large, max-video-preview:-1\" \/>\n<link rel=\"canonical\" href=\"https:\/\/www.bbmnoticias.com\/labravaradiofm\/2023\/04\/12\/trasladan-via-aerea-a-mujer-con-complicaciones-posparto\/\" \/>\n<meta property=\"og:locale\" content=\"es_MX\" \/>\n<meta property=\"og:type\" content=\"article\" \/>\n<meta property=\"og:title\" content=\"Trasladan v\u00eda a\u00e9rea a mujer con complicaciones posparto - LA BRAVA RADIO\" \/>\n<meta property=\"og:description\" content=\"*&nbsp; El Gobierno de Oaxaca cumple su compromiso con la poblaci\u00f3n oaxaque\u00f1a de hacer uso de todos los recursos disponibles para atender los temas de salud Oaxaca de Ju\u00e1rez, Oax. 12 de abril de 2023.- En cumplimiento a la premisa de brindar atenci\u00f3n m\u00e9dica oportuna y de calidad a la poblaci\u00f3n oaxaque\u00f1a, el Gobierno del [&hellip;]\" \/>\n<meta property=\"og:url\" content=\"https:\/\/www.bbmnoticias.com\/labravaradiofm\/2023\/04\/12\/trasladan-via-aerea-a-mujer-con-complicaciones-posparto\/\" \/>\n<meta property=\"og:site_name\" content=\"LA BRAVA RADIO\" \/>\n<meta property=\"article:published_time\" content=\"2023-04-12T16:31:35+00:00\" \/>\n<meta property=\"article:modified_time\" content=\"2023-04-12T16:31:36+00:00\" \/>\n<meta property=\"og:image\" content=\"https:\/\/www.bbmnoticias.com\/labravaradiofm\/wp-content\/uploads\/sites\/5\/2023\/04\/traslado-mujer.jpg\" \/>\n\t<meta property=\"og:image:width\" content=\"800\" \/>\n\t<meta property=\"og:image:height\" content=\"535\" \/>\n\t<meta property=\"og:image:type\" content=\"image\/jpeg\" \/>\n<meta name=\"author\" content=\"Staff\" \/>\n<meta name=\"twitter:card\" content=\"summary_large_image\" \/>\n<meta name=\"twitter:label1\" content=\"Escrito por\" \/>\n\t<meta name=\"twitter:data1\" content=\"Staff\" \/>\n\t<meta name=\"twitter:label2\" content=\"Tiempo de lectura\" \/>\n\t<meta name=\"twitter:data2\" content=\"2 minutos\" \/>\n<script type=\"application\/ld+json\" class=\"yoast-schema-graph\">{\"@context\":\"https:\\\/\\\/schema.org\",\"@graph\":[{\"@type\":\"Article\",\"@id\":\"https:\\\/\\\/www.bbmnoticias.com\\\/labravaradiofm\\\/2023\\\/04\\\/12\\\/trasladan-via-aerea-a-mujer-con-complicaciones-posparto\\\/#article\",\"isPartOf\":{\"@id\":\"https:\\\/\\\/www.bbmnoticias.com\\\/labravaradiofm\\\/2023\\\/04\\\/12\\\/trasladan-via-aerea-a-mujer-con-complicaciones-posparto\\\/\"},\"author\":{\"name\":\"Staff\",\"@id\":\"https:\\\/\\\/www.bbmnoticias.com\\\/labravaradiofm\\\/#\\\/schema\\\/person\\\/34b139c617a70ea5bef5678bffe4dd7b\"},\"headline\":\"Trasladan v\u00eda a\u00e9rea a mujer con complicaciones posparto\",\"datePublished\":\"2023-04-12T16:31:35+00:00\",\"dateModified\":\"2023-04-12T16:31:36+00:00\",\"mainEntityOfPage\":{\"@id\":\"https:\\\/\\\/www.bbmnoticias.com\\\/labravaradiofm\\\/2023\\\/04\\\/12\\\/trasladan-via-aerea-a-mujer-con-complicaciones-posparto\\\/\"},\"wordCount\":272,\"image\":{\"@id\":\"https:\\\/\\\/www.bbmnoticias.com\\\/labravaradiofm\\\/2023\\\/04\\\/12\\\/trasladan-via-aerea-a-mujer-con-complicaciones-posparto\\\/#primaryimage\"},\"thumbnailUrl\":\"https:\\\/\\\/www.bbmnoticias.com\\\/labravaradiofm\\\/wp-content\\\/uploads\\\/sites\\\/5\\\/2023\\\/04\\\/traslado-mujer.jpg\",\"articleSection\":[\"LOCAL\"],\"inLanguage\":\"es\"},{\"@type\":\"WebPage\",\"@id\":\"https:\\\/\\\/www.bbmnoticias.com\\\/labravaradiofm\\\/2023\\\/04\\\/12\\\/trasladan-via-aerea-a-mujer-con-complicaciones-posparto\\\/\",\"url\":\"https:\\\/\\\/www.bbmnoticias.com\\\/labravaradiofm\\\/2023\\\/04\\\/12\\\/trasladan-via-aerea-a-mujer-con-complicaciones-posparto\\\/\",\"name\":\"Trasladan v\u00eda a\u00e9rea a mujer con complicaciones posparto - LA BRAVA RADIO\",\"isPartOf\":{\"@id\":\"https:\\\/\\\/www.bbmnoticias.com\\\/labravaradiofm\\\/#website\"},\"primaryImageOfPage\":{\"@id\":\"https:\\\/\\\/www.bbmnoticias.com\\\/labravaradiofm\\\/2023\\\/04\\\/12\\\/trasladan-via-aerea-a-mujer-con-complicaciones-posparto\\\/#primaryimage\"},\"image\":{\"@id\":\"https:\\\/\\\/www.bbmnoticias.com\\\/labravaradiofm\\\/2023\\\/04\\\/12\\\/trasladan-via-aerea-a-mujer-con-complicaciones-posparto\\\/#primaryimage\"},\"thumbnailUrl\":\"https:\\\/\\\/www.bbmnoticias.com\\\/labravaradiofm\\\/wp-content\\\/uploads\\\/sites\\\/5\\\/2023\\\/04\\\/traslado-mujer.jpg\",\"datePublished\":\"2023-04-12T16:31:35+00:00\",\"dateModified\":\"2023-04-12T16:31:36+00:00\",\"author\":{\"@id\":\"https:\\\/\\\/www.bbmnoticias.com\\\/labravaradiofm\\\/#\\\/schema\\\/person\\\/34b139c617a70ea5bef5678bffe4dd7b\"},\"breadcrumb\":{\"@id\":\"https:\\\/\\\/www.bbmnoticias.com\\\/labravaradiofm\\\/2023\\\/04\\\/12\\\/trasladan-via-aerea-a-mujer-con-complicaciones-posparto\\\/#breadcrumb\"},\"inLanguage\":\"es\",\"potentialAction\":[{\"@type\":\"ReadAction\",\"target\":[\"https:\\\/\\\/www.bbmnoticias.com\\\/labravaradiofm\\\/2023\\\/04\\\/12\\\/trasladan-via-aerea-a-mujer-con-complicaciones-posparto\\\/\"]}]},{\"@type\":\"ImageObject\",\"inLanguage\":\"es\",\"@id\":\"https:\\\/\\\/www.bbmnoticias.com\\\/labravaradiofm\\\/2023\\\/04\\\/12\\\/trasladan-via-aerea-a-mujer-con-complicaciones-posparto\\\/#primaryimage\",\"url\":\"https:\\\/\\\/www.bbmnoticias.com\\\/labravaradiofm\\\/wp-content\\\/uploads\\\/sites\\\/5\\\/2023\\\/04\\\/traslado-mujer.jpg\",\"contentUrl\":\"https:\\\/\\\/www.bbmnoticias.com\\\/labravaradiofm\\\/wp-content\\\/uploads\\\/sites\\\/5\\\/2023\\\/04\\\/traslado-mujer.jpg\",\"width\":800,\"height\":535},{\"@type\":\"BreadcrumbList\",\"@id\":\"https:\\\/\\\/www.bbmnoticias.com\\\/labravaradiofm\\\/2023\\\/04\\\/12\\\/trasladan-via-aerea-a-mujer-con-complicaciones-posparto\\\/#breadcrumb\",\"itemListElement\":[{\"@type\":\"ListItem\",\"position\":1,\"name\":\"Inicio\",\"item\":\"https:\\\/\\\/www.bbmnoticias.com\\\/labravaradiofm\\\/\"},{\"@type\":\"ListItem\",\"position\":2,\"name\":\"Trasladan v\u00eda a\u00e9rea a mujer con complicaciones posparto\"}]},{\"@type\":\"WebSite\",\"@id\":\"https:\\\/\\\/www.bbmnoticias.com\\\/labravaradiofm\\\/#website\",\"url\":\"https:\\\/\\\/www.bbmnoticias.com\\\/labravaradiofm\\\/\",\"name\":\"LA BRAVA RADIO\",\"description\":\"Empresa productora de medios, Radiodifusi\u00f3n, Noticias, tendencias y todo lo que necesitas saber de la pol\u00edtica mexicana e internacional; entretenimiento, espect\u00e1culos, salud y mucho m\u00e1s.\",\"potentialAction\":[{\"@type\":\"SearchAction\",\"target\":{\"@type\":\"EntryPoint\",\"urlTemplate\":\"https:\\\/\\\/www.bbmnoticias.com\\\/labravaradiofm\\\/?s={search_term_string}\"},\"query-input\":{\"@type\":\"PropertyValueSpecification\",\"valueRequired\":true,\"valueName\":\"search_term_string\"}}],\"inLanguage\":\"es\"},{\"@type\":\"Person\",\"@id\":\"https:\\\/\\\/www.bbmnoticias.com\\\/labravaradiofm\\\/#\\\/schema\\\/person\\\/34b139c617a70ea5bef5678bffe4dd7b\",\"name\":\"Staff\",\"image\":{\"@type\":\"ImageObject\",\"inLanguage\":\"es\",\"@id\":\"https:\\\/\\\/secure.gravatar.com\\\/avatar\\\/fdd21ad66fd8b98c407f9dee5b5e588cfe7f0d8579ec20fa6527cd59bab7f0f0?s=96&d=mm&r=g\",\"url\":\"https:\\\/\\\/secure.gravatar.com\\\/avatar\\\/fdd21ad66fd8b98c407f9dee5b5e588cfe7f0d8579ec20fa6527cd59bab7f0f0?s=96&d=mm&r=g\",\"contentUrl\":\"https:\\\/\\\/secure.gravatar.com\\\/avatar\\\/fdd21ad66fd8b98c407f9dee5b5e588cfe7f0d8579ec20fa6527cd59bab7f0f0?s=96&d=mm&r=g\",\"caption\":\"Staff\"},\"url\":\"https:\\\/\\\/www.bbmnoticias.com\\\/labravaradiofm\\\/author\\\/redaccion\\\/\"}]}<\/script>\n<!-- \/ Yoast SEO plugin. -->","yoast_head_json":{"title":"Trasladan v\u00eda a\u00e9rea a mujer con complicaciones posparto - LA BRAVA RADIO","robots":{"index":"index","follow":"follow","max-snippet":"max-snippet:-1","max-image-preview":"max-image-preview:large","max-video-preview":"max-video-preview:-1"},"canonical":"https:\/\/www.bbmnoticias.com\/labravaradiofm\/2023\/04\/12\/trasladan-via-aerea-a-mujer-con-complicaciones-posparto\/","og_locale":"es_MX","og_type":"article","og_title":"Trasladan v\u00eda a\u00e9rea a mujer con complicaciones posparto - LA BRAVA RADIO","og_description":"*&nbsp; El Gobierno de Oaxaca cumple su compromiso con la poblaci\u00f3n oaxaque\u00f1a de hacer uso de todos los recursos disponibles para atender los temas de salud Oaxaca de Ju\u00e1rez, Oax. 12 de abril de 2023.- En cumplimiento a la premisa de brindar atenci\u00f3n m\u00e9dica oportuna y de calidad a la poblaci\u00f3n oaxaque\u00f1a, el Gobierno del [&hellip;]","og_url":"https:\/\/www.bbmnoticias.com\/labravaradiofm\/2023\/04\/12\/trasladan-via-aerea-a-mujer-con-complicaciones-posparto\/","og_site_name":"LA BRAVA RADIO","article_published_time":"2023-04-12T16:31:35+00:00","article_modified_time":"2023-04-12T16:31:36+00:00","og_image":[{"width":800,"height":535,"url":"https:\/\/www.bbmnoticias.com\/labravaradiofm\/wp-content\/uploads\/sites\/5\/2023\/04\/traslado-mujer.jpg","type":"image\/jpeg"}],"author":"Staff","twitter_card":"summary_large_image","twitter_misc":{"Escrito por":"Staff","Tiempo de lectura":"2 minutos"},"schema":{"@context":"https:\/\/schema.org","@graph":[{"@type":"Article","@id":"https:\/\/www.bbmnoticias.com\/labravaradiofm\/2023\/04\/12\/trasladan-via-aerea-a-mujer-con-complicaciones-posparto\/#article","isPartOf":{"@id":"https:\/\/www.bbmnoticias.com\/labravaradiofm\/2023\/04\/12\/trasladan-via-aerea-a-mujer-con-complicaciones-posparto\/"},"author":{"name":"Staff","@id":"https:\/\/www.bbmnoticias.com\/labravaradiofm\/#\/schema\/person\/34b139c617a70ea5bef5678bffe4dd7b"},"headline":"Trasladan v\u00eda a\u00e9rea a mujer con complicaciones posparto","datePublished":"2023-04-12T16:31:35+00:00","dateModified":"2023-04-12T16:31:36+00:00","mainEntityOfPage":{"@id":"https:\/\/www.bbmnoticias.com\/labravaradiofm\/2023\/04\/12\/trasladan-via-aerea-a-mujer-con-complicaciones-posparto\/"},"wordCount":272,"image":{"@id":"https:\/\/www.bbmnoticias.com\/labravaradiofm\/2023\/04\/12\/trasladan-via-aerea-a-mujer-con-complicaciones-posparto\/#primaryimage"},"thumbnailUrl":"https:\/\/www.bbmnoticias.com\/labravaradiofm\/wp-content\/uploads\/sites\/5\/2023\/04\/traslado-mujer.jpg","articleSection":["LOCAL"],"inLanguage":"es"},{"@type":"WebPage","@id":"https:\/\/www.bbmnoticias.com\/labravaradiofm\/2023\/04\/12\/trasladan-via-aerea-a-mujer-con-complicaciones-posparto\/","url":"https:\/\/www.bbmnoticias.com\/labravaradiofm\/2023\/04\/12\/trasladan-via-aerea-a-mujer-con-complicaciones-posparto\/","name":"Trasladan v\u00eda a\u00e9rea a mujer con complicaciones posparto - LA BRAVA RADIO","isPartOf":{"@id":"https:\/\/www.bbmnoticias.com\/labravaradiofm\/#website"},"primaryImageOfPage":{"@id":"https:\/\/www.bbmnoticias.com\/labravaradiofm\/2023\/04\/12\/trasladan-via-aerea-a-mujer-con-complicaciones-posparto\/#primaryimage"},"image":{"@id":"https:\/\/www.bbmnoticias.com\/labravaradiofm\/2023\/04\/12\/trasladan-via-aerea-a-mujer-con-complicaciones-posparto\/#primaryimage"},"thumbnailUrl":"https:\/\/www.bbmnoticias.com\/labravaradiofm\/wp-content\/uploads\/sites\/5\/2023\/04\/traslado-mujer.jpg","datePublished":"2023-04-12T16:31:35+00:00","dateModified":"2023-04-12T16:31:36+00:00","author":{"@id":"https:\/\/www.bbmnoticias.com\/labravaradiofm\/#\/schema\/person\/34b139c617a70ea5bef5678bffe4dd7b"},"breadcrumb":{"@id":"https:\/\/www.bbmnoticias.com\/labravaradiofm\/2023\/04\/12\/trasladan-via-aerea-a-mujer-con-complicaciones-posparto\/#breadcrumb"},"inLanguage":"es","potentialAction":[{"@type":"ReadAction","target":["https:\/\/www.bbmnoticias.com\/labravaradiofm\/2023\/04\/12\/trasladan-via-aerea-a-mujer-con-complicaciones-posparto\/"]}]},{"@type":"ImageObject","inLanguage":"es","@id":"https:\/\/www.bbmnoticias.com\/labravaradiofm\/2023\/04\/12\/trasladan-via-aerea-a-mujer-con-complicaciones-posparto\/#primaryimage","url":"https:\/\/www.bbmnoticias.com\/labravaradiofm\/wp-content\/uploads\/sites\/5\/2023\/04\/traslado-mujer.jpg","contentUrl":"https:\/\/www.bbmnoticias.com\/labravaradiofm\/wp-content\/uploads\/sites\/5\/2023\/04\/traslado-mujer.jpg","width":800,"height":535},{"@type":"BreadcrumbList","@id":"https:\/\/www.bbmnoticias.com\/labravaradiofm\/2023\/04\/12\/trasladan-via-aerea-a-mujer-con-complicaciones-posparto\/#breadcrumb","itemListElement":[{"@type":"ListItem","position":1,"name":"Inicio","item":"https:\/\/www.bbmnoticias.com\/labravaradiofm\/"},{"@type":"ListItem","position":2,"name":"Trasladan v\u00eda a\u00e9rea a mujer con complicaciones posparto"}]},{"@type":"WebSite","@id":"https:\/\/www.bbmnoticias.com\/labravaradiofm\/#website","url":"https:\/\/www.bbmnoticias.com\/labravaradiofm\/","name":"LA BRAVA RADIO","description":"Empresa productora de medios, Radiodifusi\u00f3n, Noticias, tendencias y todo lo que necesitas saber de la pol\u00edtica mexicana e internacional; entretenimiento, espect\u00e1culos, salud y mucho m\u00e1s.","potentialAction":[{"@type":"SearchAction","target":{"@type":"EntryPoint","urlTemplate":"https:\/\/www.bbmnoticias.com\/labravaradiofm\/?s={search_term_string}"},"query-input":{"@type":"PropertyValueSpecification","valueRequired":true,"valueName":"search_term_string"}}],"inLanguage":"es"},{"@type":"Person","@id":"https:\/\/www.bbmnoticias.com\/labravaradiofm\/#\/schema\/person\/34b139c617a70ea5bef5678bffe4dd7b","name":"Staff","image":{"@type":"ImageObject","inLanguage":"es","@id":"https:\/\/secure.gravatar.com\/avatar\/fdd21ad66fd8b98c407f9dee5b5e588cfe7f0d8579ec20fa6527cd59bab7f0f0?s=96&d=mm&r=g","url":"https:\/\/secure.gravatar.com\/avatar\/fdd21ad66fd8b98c407f9dee5b5e588cfe7f0d8579ec20fa6527cd59bab7f0f0?s=96&d=mm&r=g","contentUrl":"https:\/\/secure.gravatar.com\/avatar\/fdd21ad66fd8b98c407f9dee5b5e588cfe7f0d8579ec20fa6527cd59bab7f0f0?s=96&d=mm&r=g","caption":"Staff"},"url":"https:\/\/www.bbmnoticias.com\/labravaradiofm\/author\/redaccion\/"}]}},"_links":{"self":[{"href":"https:\/\/www.bbmnoticias.com\/labravaradiofm\/wp-json\/wp\/v2\/posts\/26125","targetHints":{"allow":["GET"]}}],"collection":[{"href":"https:\/\/www.bbmnoticias.com\/labravaradiofm\/wp-json\/wp\/v2\/posts"}],"about":[{"href":"https:\/\/www.bbmnoticias.com\/labravaradiofm\/wp-json\/wp\/v2\/types\/post"}],"author":[{"embeddable":true,"href":"https:\/\/www.bbmnoticias.com\/labravaradiofm\/wp-json\/wp\/v2\/users\/2"}],"replies":[{"embeddable":true,"href":"https:\/\/www.bbmnoticias.com\/labravaradiofm\/wp-json\/wp\/v2\/comments?post=26125"}],"version-history":[{"count":0,"href":"https:\/\/www.bbmnoticias.com\/labravaradiofm\/wp-json\/wp\/v2\/posts\/26125\/revisions"}],"wp:featuredmedia":[{"embeddable":true,"href":"https:\/\/www.bbmnoticias.com\/labravaradiofm\/wp-json\/wp\/v2\/media\/26126"}],"wp:attachment":[{"href":"https:\/\/www.bbmnoticias.com\/labravaradiofm\/wp-json\/wp\/v2\/media?parent=26125"}],"wp:term":[{"taxonomy":"category","embeddable":true,"href":"https:\/\/www.bbmnoticias.com\/labravaradiofm\/wp-json\/wp\/v2\/categories?post=26125"},{"taxonomy":"post_tag","embeddable":true,"href":"https:\/\/www.bbmnoticias.com\/labravaradiofm\/wp-json\/wp\/v2\/tags?post=26125"}],"curies":[{"name":"wp","href":"https:\/\/api.w.org\/{rel}","templated":true}]}}