{"id":26101,"date":"2023-04-11T19:29:06","date_gmt":"2023-04-12T01:29:06","guid":{"rendered":"https:\/\/www.bbmnoticias.com\/labravaradiofm\/?p=26101"},"modified":"2023-04-11T19:29:07","modified_gmt":"2023-04-12T01:29:07","slug":"inversion-en-iberdrola-se-pagara-en-diez-anos-lopez-obrador","status":"publish","type":"post","link":"https:\/\/www.bbmnoticias.com\/labravaradiofm\/2023\/04\/11\/inversion-en-iberdrola-se-pagara-en-diez-anos-lopez-obrador\/","title":{"rendered":"Inversi\u00f3n en Iberdrola se pagar\u00e1 en diez a\u00f1os: L\u00f3pez Obrador"},"content":{"rendered":"<div style=\"margin-top: 0px; margin-bottom: 0px;\" class=\"sharethis-inline-share-buttons\" ><\/div>\n<p><strong>La inversi\u00f3n de seis mil millones de pesos que se destinaron para la compra de las plantas de la empresa espa\u00f1ola Iberdrola se pagar\u00e1n en diez a\u00f1os<\/strong>, asegur\u00f3 el presidente Andr\u00e9s Manuel L\u00f3pez Obrador.<\/p>\n\n\n\n<p>En rueda de prensa reiter\u00f3 que la Secretar\u00eda de Hacienda est\u00e1 en proceso de concretar la compra y que <strong>en alrededor de 45 d\u00edas podr\u00eda finiquitarse la operaci\u00f3n.<\/strong><\/p>\n\n\n\n<figure class=\"wp-block-pullquote\"><blockquote><p>Se logr\u00f3 una disminuci\u00f3n en el precio, si nosotros construy\u00e9ramos las plantas, a\u00fan con la antig\u00fcedad, de un 30 por ciento. Entonces, los 6 mil millones de d\u00f3lares de d\u00f3lares son lo que valen las plantas a buen precio qu\u00e9 fue lo que se hizo. De ah\u00ed se tiene que hacer un descuento de alrededor de 700 millones de d\u00f3lares por la operaci\u00f3n.&nbsp;<\/p><\/blockquote><\/figure>\n\n\n\n<figure class=\"wp-block-pullquote\"><blockquote><p>&#8220;El tr\u00e1mite que se est\u00e1 llevando a cabo, calculamos, 45 d\u00edas m\u00e1s para cerrar la operaci\u00f3n&#8221;, puntualiz\u00f3 L\u00f3pez Obrador.<\/p><\/blockquote><\/figure>\n\n\n\n<p>Insisti\u00f3 en que <strong>con la adquisici\u00f3n de las 12 plantas de ciclo combinado y una e\u00f3lica a Iberdrola la producci\u00f3n de la Comisi\u00f3n Federal de Electricidad se incrementar\u00e1 de 54 al 65 por ciento <\/strong>del total que se consume en el pa\u00eds.<\/p>\n\n\n\n<p>Insisti\u00f3 en que con esta medida<strong> se busca fortalecer la autosuficiencia de M\u00e9xico en materia de energ\u00e9ticos y de suministro el\u00e9ctrico.<\/strong><\/p>\n\n\n\n<figure class=\"wp-block-pullquote\"><blockquote><p>Esta inversi\u00f3n es rentable, se va a recuperar (en) m\u00e1ximo en diez a\u00f1os la inversi\u00f3n, y pues se garantiza de que no falte la energ\u00eda el\u00e9ctrica. El pa\u00eds va a seguir creciendo, va a seguir la demanda de energ\u00eda el\u00e9ctrica y necesitamos producir, generar m\u00e1s energ\u00eda el\u00e9ctrica&#8221;, destac\u00f3 el titular del Ejecutivo.<\/p><\/blockquote><\/figure>\n\n\n\n<p>Coment\u00f3 que, adem\u00e1s, la CFE construye plantas de ciclo combinado, en Yucat\u00e1n, (M\u00e9rida y Valladolid), se modernizan 12 hidroel\u00e9ctricas, y se gestiona la adquisici\u00f3n de dos plantas en San Luis Potos\u00ed.<\/p>\n\n\n\n<p><strong>Todas las obras y adquisiciones se realizan con recursos de fondos de desarrollo,<\/strong> sin la contrataci\u00f3n de deuda, puntualiz\u00f3.<\/p>\n","protected":false},"excerpt":{"rendered":"<p>La inversi\u00f3n de seis mil millones de pesos que se destinaron para la compra de las plantas de la empresa espa\u00f1ola Iberdrola se pagar\u00e1n en diez a\u00f1os, asegur\u00f3 el presidente Andr\u00e9s Manuel L\u00f3pez Obrador. En rueda de prensa reiter\u00f3 que la Secretar\u00eda de Hacienda est\u00e1 en proceso de concretar la compra y que en alrededor [&hellip;]<\/p>\n","protected":false},"author":8,"featured_media":26102,"comment_status":"closed","ping_status":"closed","sticky":false,"template":"","format":"standard","meta":{"footnotes":""},"categories":[19],"tags":[],"class_list":{"0":"post-26101","1":"post","2":"type-post","3":"status-publish","4":"format-standard","5":"has-post-thumbnail","7":"category-nacional"},"yoast_head":"<!-- This site is optimized with the Yoast SEO plugin v27.4 - https:\/\/yoast.com\/product\/yoast-seo-wordpress\/ -->\n<title>Inversi\u00f3n en Iberdrola se pagar\u00e1 en diez a\u00f1os: L\u00f3pez Obrador - LA BRAVA RADIO<\/title>\n<meta name=\"robots\" content=\"index, follow, max-snippet:-1, max-image-preview:large, max-video-preview:-1\" \/>\n<link rel=\"canonical\" href=\"https:\/\/www.bbmnoticias.com\/labravaradiofm\/2023\/04\/11\/inversion-en-iberdrola-se-pagara-en-diez-anos-lopez-obrador\/\" \/>\n<meta property=\"og:locale\" content=\"es_MX\" \/>\n<meta property=\"og:type\" content=\"article\" \/>\n<meta property=\"og:title\" content=\"Inversi\u00f3n en Iberdrola se pagar\u00e1 en diez a\u00f1os: L\u00f3pez Obrador - LA BRAVA RADIO\" \/>\n<meta property=\"og:description\" content=\"La inversi\u00f3n de seis mil millones de pesos que se destinaron para la compra de las plantas de la empresa espa\u00f1ola Iberdrola se pagar\u00e1n en diez a\u00f1os, asegur\u00f3 el presidente Andr\u00e9s Manuel L\u00f3pez Obrador. En rueda de prensa reiter\u00f3 que la Secretar\u00eda de Hacienda est\u00e1 en proceso de concretar la compra y que en alrededor [&hellip;]\" \/>\n<meta property=\"og:url\" content=\"https:\/\/www.bbmnoticias.com\/labravaradiofm\/2023\/04\/11\/inversion-en-iberdrola-se-pagara-en-diez-anos-lopez-obrador\/\" \/>\n<meta property=\"og:site_name\" content=\"LA BRAVA RADIO\" \/>\n<meta property=\"article:published_time\" content=\"2023-04-12T01:29:06+00:00\" \/>\n<meta property=\"article:modified_time\" content=\"2023-04-12T01:29:07+00:00\" \/>\n<meta property=\"og:image\" content=\"https:\/\/www.bbmnoticias.com\/labravaradiofm\/wp-content\/uploads\/sites\/5\/2023\/04\/amlo-iberdrola-1.jpg\" \/>\n\t<meta property=\"og:image:width\" content=\"800\" \/>\n\t<meta property=\"og:image:height\" content=\"600\" \/>\n\t<meta property=\"og:image:type\" content=\"image\/jpeg\" \/>\n<meta name=\"author\" content=\"Exc\u00e9lsior\" \/>\n<meta name=\"twitter:card\" content=\"summary_large_image\" \/>\n<meta name=\"twitter:label1\" content=\"Escrito por\" \/>\n\t<meta name=\"twitter:data1\" content=\"Exc\u00e9lsior\" \/>\n\t<meta name=\"twitter:label2\" content=\"Tiempo de lectura\" \/>\n\t<meta name=\"twitter:data2\" content=\"2 minutos\" \/>\n<script type=\"application\/ld+json\" class=\"yoast-schema-graph\">{\"@context\":\"https:\\\/\\\/schema.org\",\"@graph\":[{\"@type\":\"Article\",\"@id\":\"https:\\\/\\\/www.bbmnoticias.com\\\/labravaradiofm\\\/2023\\\/04\\\/11\\\/inversion-en-iberdrola-se-pagara-en-diez-anos-lopez-obrador\\\/#article\",\"isPartOf\":{\"@id\":\"https:\\\/\\\/www.bbmnoticias.com\\\/labravaradiofm\\\/2023\\\/04\\\/11\\\/inversion-en-iberdrola-se-pagara-en-diez-anos-lopez-obrador\\\/\"},\"author\":{\"name\":\"Exc\u00e9lsior\",\"@id\":\"https:\\\/\\\/www.bbmnoticias.com\\\/labravaradiofm\\\/#\\\/schema\\\/person\\\/279575048ab2ce30543ef887b4b9095f\"},\"headline\":\"Inversi\u00f3n en Iberdrola se pagar\u00e1 en diez a\u00f1os: L\u00f3pez Obrador\",\"datePublished\":\"2023-04-12T01:29:06+00:00\",\"dateModified\":\"2023-04-12T01:29:07+00:00\",\"mainEntityOfPage\":{\"@id\":\"https:\\\/\\\/www.bbmnoticias.com\\\/labravaradiofm\\\/2023\\\/04\\\/11\\\/inversion-en-iberdrola-se-pagara-en-diez-anos-lopez-obrador\\\/\"},\"wordCount\":363,\"image\":{\"@id\":\"https:\\\/\\\/www.bbmnoticias.com\\\/labravaradiofm\\\/2023\\\/04\\\/11\\\/inversion-en-iberdrola-se-pagara-en-diez-anos-lopez-obrador\\\/#primaryimage\"},\"thumbnailUrl\":\"https:\\\/\\\/www.bbmnoticias.com\\\/labravaradiofm\\\/wp-content\\\/uploads\\\/sites\\\/5\\\/2023\\\/04\\\/amlo-iberdrola-1.jpg\",\"articleSection\":[\"NACIONAL\"],\"inLanguage\":\"es\"},{\"@type\":\"WebPage\",\"@id\":\"https:\\\/\\\/www.bbmnoticias.com\\\/labravaradiofm\\\/2023\\\/04\\\/11\\\/inversion-en-iberdrola-se-pagara-en-diez-anos-lopez-obrador\\\/\",\"url\":\"https:\\\/\\\/www.bbmnoticias.com\\\/labravaradiofm\\\/2023\\\/04\\\/11\\\/inversion-en-iberdrola-se-pagara-en-diez-anos-lopez-obrador\\\/\",\"name\":\"Inversi\u00f3n en Iberdrola se pagar\u00e1 en diez a\u00f1os: L\u00f3pez Obrador - LA BRAVA RADIO\",\"isPartOf\":{\"@id\":\"https:\\\/\\\/www.bbmnoticias.com\\\/labravaradiofm\\\/#website\"},\"primaryImageOfPage\":{\"@id\":\"https:\\\/\\\/www.bbmnoticias.com\\\/labravaradiofm\\\/2023\\\/04\\\/11\\\/inversion-en-iberdrola-se-pagara-en-diez-anos-lopez-obrador\\\/#primaryimage\"},\"image\":{\"@id\":\"https:\\\/\\\/www.bbmnoticias.com\\\/labravaradiofm\\\/2023\\\/04\\\/11\\\/inversion-en-iberdrola-se-pagara-en-diez-anos-lopez-obrador\\\/#primaryimage\"},\"thumbnailUrl\":\"https:\\\/\\\/www.bbmnoticias.com\\\/labravaradiofm\\\/wp-content\\\/uploads\\\/sites\\\/5\\\/2023\\\/04\\\/amlo-iberdrola-1.jpg\",\"datePublished\":\"2023-04-12T01:29:06+00:00\",\"dateModified\":\"2023-04-12T01:29:07+00:00\",\"author\":{\"@id\":\"https:\\\/\\\/www.bbmnoticias.com\\\/labravaradiofm\\\/#\\\/schema\\\/person\\\/279575048ab2ce30543ef887b4b9095f\"},\"breadcrumb\":{\"@id\":\"https:\\\/\\\/www.bbmnoticias.com\\\/labravaradiofm\\\/2023\\\/04\\\/11\\\/inversion-en-iberdrola-se-pagara-en-diez-anos-lopez-obrador\\\/#breadcrumb\"},\"inLanguage\":\"es\",\"potentialAction\":[{\"@type\":\"ReadAction\",\"target\":[\"https:\\\/\\\/www.bbmnoticias.com\\\/labravaradiofm\\\/2023\\\/04\\\/11\\\/inversion-en-iberdrola-se-pagara-en-diez-anos-lopez-obrador\\\/\"]}]},{\"@type\":\"ImageObject\",\"inLanguage\":\"es\",\"@id\":\"https:\\\/\\\/www.bbmnoticias.com\\\/labravaradiofm\\\/2023\\\/04\\\/11\\\/inversion-en-iberdrola-se-pagara-en-diez-anos-lopez-obrador\\\/#primaryimage\",\"url\":\"https:\\\/\\\/www.bbmnoticias.com\\\/labravaradiofm\\\/wp-content\\\/uploads\\\/sites\\\/5\\\/2023\\\/04\\\/amlo-iberdrola-1.jpg\",\"contentUrl\":\"https:\\\/\\\/www.bbmnoticias.com\\\/labravaradiofm\\\/wp-content\\\/uploads\\\/sites\\\/5\\\/2023\\\/04\\\/amlo-iberdrola-1.jpg\",\"width\":800,\"height\":600},{\"@type\":\"BreadcrumbList\",\"@id\":\"https:\\\/\\\/www.bbmnoticias.com\\\/labravaradiofm\\\/2023\\\/04\\\/11\\\/inversion-en-iberdrola-se-pagara-en-diez-anos-lopez-obrador\\\/#breadcrumb\",\"itemListElement\":[{\"@type\":\"ListItem\",\"position\":1,\"name\":\"Inicio\",\"item\":\"https:\\\/\\\/www.bbmnoticias.com\\\/labravaradiofm\\\/\"},{\"@type\":\"ListItem\",\"position\":2,\"name\":\"Inversi\u00f3n en Iberdrola se pagar\u00e1 en diez a\u00f1os: L\u00f3pez Obrador\"}]},{\"@type\":\"WebSite\",\"@id\":\"https:\\\/\\\/www.bbmnoticias.com\\\/labravaradiofm\\\/#website\",\"url\":\"https:\\\/\\\/www.bbmnoticias.com\\\/labravaradiofm\\\/\",\"name\":\"LA BRAVA RADIO\",\"description\":\"Empresa productora de medios, Radiodifusi\u00f3n, Noticias, tendencias y todo lo que necesitas saber de la pol\u00edtica mexicana e internacional; entretenimiento, espect\u00e1culos, salud y mucho m\u00e1s.\",\"potentialAction\":[{\"@type\":\"SearchAction\",\"target\":{\"@type\":\"EntryPoint\",\"urlTemplate\":\"https:\\\/\\\/www.bbmnoticias.com\\\/labravaradiofm\\\/?s={search_term_string}\"},\"query-input\":{\"@type\":\"PropertyValueSpecification\",\"valueRequired\":true,\"valueName\":\"search_term_string\"}}],\"inLanguage\":\"es\"},{\"@type\":\"Person\",\"@id\":\"https:\\\/\\\/www.bbmnoticias.com\\\/labravaradiofm\\\/#\\\/schema\\\/person\\\/279575048ab2ce30543ef887b4b9095f\",\"name\":\"Exc\u00e9lsior\",\"image\":{\"@type\":\"ImageObject\",\"inLanguage\":\"es\",\"@id\":\"https:\\\/\\\/secure.gravatar.com\\\/avatar\\\/497265c4dbe1cd0e2f3f1b19aba0f5779c7f95d09e139a5b83c1ecd47b4e780d?s=96&d=mm&r=g\",\"url\":\"https:\\\/\\\/secure.gravatar.com\\\/avatar\\\/497265c4dbe1cd0e2f3f1b19aba0f5779c7f95d09e139a5b83c1ecd47b4e780d?s=96&d=mm&r=g\",\"contentUrl\":\"https:\\\/\\\/secure.gravatar.com\\\/avatar\\\/497265c4dbe1cd0e2f3f1b19aba0f5779c7f95d09e139a5b83c1ecd47b4e780d?s=96&d=mm&r=g\",\"caption\":\"Exc\u00e9lsior\"},\"url\":\"https:\\\/\\\/www.bbmnoticias.com\\\/labravaradiofm\\\/author\\\/excelsior\\\/\"}]}<\/script>\n<!-- \/ Yoast SEO plugin. -->","yoast_head_json":{"title":"Inversi\u00f3n en Iberdrola se pagar\u00e1 en diez a\u00f1os: L\u00f3pez Obrador - LA BRAVA RADIO","robots":{"index":"index","follow":"follow","max-snippet":"max-snippet:-1","max-image-preview":"max-image-preview:large","max-video-preview":"max-video-preview:-1"},"canonical":"https:\/\/www.bbmnoticias.com\/labravaradiofm\/2023\/04\/11\/inversion-en-iberdrola-se-pagara-en-diez-anos-lopez-obrador\/","og_locale":"es_MX","og_type":"article","og_title":"Inversi\u00f3n en Iberdrola se pagar\u00e1 en diez a\u00f1os: L\u00f3pez Obrador - LA BRAVA RADIO","og_description":"La inversi\u00f3n de seis mil millones de pesos que se destinaron para la compra de las plantas de la empresa espa\u00f1ola Iberdrola se pagar\u00e1n en diez a\u00f1os, asegur\u00f3 el presidente Andr\u00e9s Manuel L\u00f3pez Obrador. En rueda de prensa reiter\u00f3 que la Secretar\u00eda de Hacienda est\u00e1 en proceso de concretar la compra y que en alrededor [&hellip;]","og_url":"https:\/\/www.bbmnoticias.com\/labravaradiofm\/2023\/04\/11\/inversion-en-iberdrola-se-pagara-en-diez-anos-lopez-obrador\/","og_site_name":"LA BRAVA RADIO","article_published_time":"2023-04-12T01:29:06+00:00","article_modified_time":"2023-04-12T01:29:07+00:00","og_image":[{"width":800,"height":600,"url":"https:\/\/www.bbmnoticias.com\/labravaradiofm\/wp-content\/uploads\/sites\/5\/2023\/04\/amlo-iberdrola-1.jpg","type":"image\/jpeg"}],"author":"Exc\u00e9lsior","twitter_card":"summary_large_image","twitter_misc":{"Escrito por":"Exc\u00e9lsior","Tiempo de lectura":"2 minutos"},"schema":{"@context":"https:\/\/schema.org","@graph":[{"@type":"Article","@id":"https:\/\/www.bbmnoticias.com\/labravaradiofm\/2023\/04\/11\/inversion-en-iberdrola-se-pagara-en-diez-anos-lopez-obrador\/#article","isPartOf":{"@id":"https:\/\/www.bbmnoticias.com\/labravaradiofm\/2023\/04\/11\/inversion-en-iberdrola-se-pagara-en-diez-anos-lopez-obrador\/"},"author":{"name":"Exc\u00e9lsior","@id":"https:\/\/www.bbmnoticias.com\/labravaradiofm\/#\/schema\/person\/279575048ab2ce30543ef887b4b9095f"},"headline":"Inversi\u00f3n en Iberdrola se pagar\u00e1 en diez a\u00f1os: L\u00f3pez Obrador","datePublished":"2023-04-12T01:29:06+00:00","dateModified":"2023-04-12T01:29:07+00:00","mainEntityOfPage":{"@id":"https:\/\/www.bbmnoticias.com\/labravaradiofm\/2023\/04\/11\/inversion-en-iberdrola-se-pagara-en-diez-anos-lopez-obrador\/"},"wordCount":363,"image":{"@id":"https:\/\/www.bbmnoticias.com\/labravaradiofm\/2023\/04\/11\/inversion-en-iberdrola-se-pagara-en-diez-anos-lopez-obrador\/#primaryimage"},"thumbnailUrl":"https:\/\/www.bbmnoticias.com\/labravaradiofm\/wp-content\/uploads\/sites\/5\/2023\/04\/amlo-iberdrola-1.jpg","articleSection":["NACIONAL"],"inLanguage":"es"},{"@type":"WebPage","@id":"https:\/\/www.bbmnoticias.com\/labravaradiofm\/2023\/04\/11\/inversion-en-iberdrola-se-pagara-en-diez-anos-lopez-obrador\/","url":"https:\/\/www.bbmnoticias.com\/labravaradiofm\/2023\/04\/11\/inversion-en-iberdrola-se-pagara-en-diez-anos-lopez-obrador\/","name":"Inversi\u00f3n en Iberdrola se pagar\u00e1 en diez a\u00f1os: L\u00f3pez Obrador - LA BRAVA RADIO","isPartOf":{"@id":"https:\/\/www.bbmnoticias.com\/labravaradiofm\/#website"},"primaryImageOfPage":{"@id":"https:\/\/www.bbmnoticias.com\/labravaradiofm\/2023\/04\/11\/inversion-en-iberdrola-se-pagara-en-diez-anos-lopez-obrador\/#primaryimage"},"image":{"@id":"https:\/\/www.bbmnoticias.com\/labravaradiofm\/2023\/04\/11\/inversion-en-iberdrola-se-pagara-en-diez-anos-lopez-obrador\/#primaryimage"},"thumbnailUrl":"https:\/\/www.bbmnoticias.com\/labravaradiofm\/wp-content\/uploads\/sites\/5\/2023\/04\/amlo-iberdrola-1.jpg","datePublished":"2023-04-12T01:29:06+00:00","dateModified":"2023-04-12T01:29:07+00:00","author":{"@id":"https:\/\/www.bbmnoticias.com\/labravaradiofm\/#\/schema\/person\/279575048ab2ce30543ef887b4b9095f"},"breadcrumb":{"@id":"https:\/\/www.bbmnoticias.com\/labravaradiofm\/2023\/04\/11\/inversion-en-iberdrola-se-pagara-en-diez-anos-lopez-obrador\/#breadcrumb"},"inLanguage":"es","potentialAction":[{"@type":"ReadAction","target":["https:\/\/www.bbmnoticias.com\/labravaradiofm\/2023\/04\/11\/inversion-en-iberdrola-se-pagara-en-diez-anos-lopez-obrador\/"]}]},{"@type":"ImageObject","inLanguage":"es","@id":"https:\/\/www.bbmnoticias.com\/labravaradiofm\/2023\/04\/11\/inversion-en-iberdrola-se-pagara-en-diez-anos-lopez-obrador\/#primaryimage","url":"https:\/\/www.bbmnoticias.com\/labravaradiofm\/wp-content\/uploads\/sites\/5\/2023\/04\/amlo-iberdrola-1.jpg","contentUrl":"https:\/\/www.bbmnoticias.com\/labravaradiofm\/wp-content\/uploads\/sites\/5\/2023\/04\/amlo-iberdrola-1.jpg","width":800,"height":600},{"@type":"BreadcrumbList","@id":"https:\/\/www.bbmnoticias.com\/labravaradiofm\/2023\/04\/11\/inversion-en-iberdrola-se-pagara-en-diez-anos-lopez-obrador\/#breadcrumb","itemListElement":[{"@type":"ListItem","position":1,"name":"Inicio","item":"https:\/\/www.bbmnoticias.com\/labravaradiofm\/"},{"@type":"ListItem","position":2,"name":"Inversi\u00f3n en Iberdrola se pagar\u00e1 en diez a\u00f1os: L\u00f3pez Obrador"}]},{"@type":"WebSite","@id":"https:\/\/www.bbmnoticias.com\/labravaradiofm\/#website","url":"https:\/\/www.bbmnoticias.com\/labravaradiofm\/","name":"LA BRAVA RADIO","description":"Empresa productora de medios, Radiodifusi\u00f3n, Noticias, tendencias y todo lo que necesitas saber de la pol\u00edtica mexicana e internacional; entretenimiento, espect\u00e1culos, salud y mucho m\u00e1s.","potentialAction":[{"@type":"SearchAction","target":{"@type":"EntryPoint","urlTemplate":"https:\/\/www.bbmnoticias.com\/labravaradiofm\/?s={search_term_string}"},"query-input":{"@type":"PropertyValueSpecification","valueRequired":true,"valueName":"search_term_string"}}],"inLanguage":"es"},{"@type":"Person","@id":"https:\/\/www.bbmnoticias.com\/labravaradiofm\/#\/schema\/person\/279575048ab2ce30543ef887b4b9095f","name":"Exc\u00e9lsior","image":{"@type":"ImageObject","inLanguage":"es","@id":"https:\/\/secure.gravatar.com\/avatar\/497265c4dbe1cd0e2f3f1b19aba0f5779c7f95d09e139a5b83c1ecd47b4e780d?s=96&d=mm&r=g","url":"https:\/\/secure.gravatar.com\/avatar\/497265c4dbe1cd0e2f3f1b19aba0f5779c7f95d09e139a5b83c1ecd47b4e780d?s=96&d=mm&r=g","contentUrl":"https:\/\/secure.gravatar.com\/avatar\/497265c4dbe1cd0e2f3f1b19aba0f5779c7f95d09e139a5b83c1ecd47b4e780d?s=96&d=mm&r=g","caption":"Exc\u00e9lsior"},"url":"https:\/\/www.bbmnoticias.com\/labravaradiofm\/author\/excelsior\/"}]}},"_links":{"self":[{"href":"https:\/\/www.bbmnoticias.com\/labravaradiofm\/wp-json\/wp\/v2\/posts\/26101","targetHints":{"allow":["GET"]}}],"collection":[{"href":"https:\/\/www.bbmnoticias.com\/labravaradiofm\/wp-json\/wp\/v2\/posts"}],"about":[{"href":"https:\/\/www.bbmnoticias.com\/labravaradiofm\/wp-json\/wp\/v2\/types\/post"}],"author":[{"embeddable":true,"href":"https:\/\/www.bbmnoticias.com\/labravaradiofm\/wp-json\/wp\/v2\/users\/8"}],"replies":[{"embeddable":true,"href":"https:\/\/www.bbmnoticias.com\/labravaradiofm\/wp-json\/wp\/v2\/comments?post=26101"}],"version-history":[{"count":0,"href":"https:\/\/www.bbmnoticias.com\/labravaradiofm\/wp-json\/wp\/v2\/posts\/26101\/revisions"}],"wp:featuredmedia":[{"embeddable":true,"href":"https:\/\/www.bbmnoticias.com\/labravaradiofm\/wp-json\/wp\/v2\/media\/26102"}],"wp:attachment":[{"href":"https:\/\/www.bbmnoticias.com\/labravaradiofm\/wp-json\/wp\/v2\/media?parent=26101"}],"wp:term":[{"taxonomy":"category","embeddable":true,"href":"https:\/\/www.bbmnoticias.com\/labravaradiofm\/wp-json\/wp\/v2\/categories?post=26101"},{"taxonomy":"post_tag","embeddable":true,"href":"https:\/\/www.bbmnoticias.com\/labravaradiofm\/wp-json\/wp\/v2\/tags?post=26101"}],"curies":[{"name":"wp","href":"https:\/\/api.w.org\/{rel}","templated":true}]}}