{"id":26012,"date":"2023-04-10T09:14:59","date_gmt":"2023-04-10T15:14:59","guid":{"rendered":"https:\/\/www.bbmnoticias.com\/labravaradiofm\/?p=26012"},"modified":"2023-04-10T09:15:17","modified_gmt":"2023-04-10T15:15:17","slug":"marcha-el-mult-en-la-ciudad-de-oaxaca-piden-justicia-por-sus-muertos","status":"publish","type":"post","link":"https:\/\/www.bbmnoticias.com\/labravaradiofm\/2023\/04\/10\/marcha-el-mult-en-la-ciudad-de-oaxaca-piden-justicia-por-sus-muertos\/","title":{"rendered":"Marcha el MULT en la Ciudad de Oaxaca; piden justicia por sus muertos"},"content":{"rendered":"<div style=\"margin-top: 0px; margin-bottom: 0px;\" class=\"sharethis-inline-share-buttons\" ><\/div>\n<p><strong>Oaxaca, Oax.- <\/strong>Integrantes del Movimiento de Unificaci\u00f3n de Lucha Triqui (MULT), marcharon este lunes en la Ciudad de Oaxaca, en demanda de una mesa de trabajo con el gobierno del estado.<\/p>\n\n\n\n<p>Eleazar Ortiz, dirigente del MULT, explic\u00f3 que la marcha es en el marco del aniversario luctuoso del general Emiliano Zapata, pero tambi\u00e9n para exigir justicia por sus compa\u00f1eros asesinados.<\/p>\n\n\n\n<p>Explic\u00f3 qu\u00e9 hay varios muertos adheridos al MULT que no han tenido Justicia, por lo que exigen el esclarecimiento de estos casos.<\/p>\n\n\n\n<p>Asimismo, piden que el gobierno del estado y la Fiscal\u00eda General de Oaxaca, esclarezcan el tema del asesinato de Heriberto Pazos Ortiz, pues explicaron que a la fecha, el \u00fanico detenido pretenden soltarlo.<\/p>\n\n\n\n<p>El dirigente indic\u00f3 que a estas demandas se suman las de car\u00e1cter social.<\/p>\n\n\n\n<p>Advirti\u00f3 que de no tener respuestas, no se volver\u00e1n a sentar en la mesa de paz, para la regi\u00f3n Triqui de Oaxaca.<\/p>\n\n\n\n<p>Se contempla que el MULT llegue al Palacio de Gobierno, donde esperan una audiencia, de lo contrario, se instalar\u00e1n en plant\u00f3n.<\/p>\n\n\n\n<p>La marcha sali\u00f3 del Mercado Zonal de Santa Rosa al z\u00f3calo capitalino, generando m\u00faltiples afectaciones.<\/p>\n\n\n\n<p>Se espera que del crucero del Aeropuerto salga tambi\u00e9n en marcha el Frente Popular Revolucionario (FPR).<\/p>\n","protected":false},"excerpt":{"rendered":"<p>Oaxaca, Oax.- Integrantes del Movimiento de Unificaci\u00f3n de Lucha Triqui (MULT), marcharon este lunes en la Ciudad de Oaxaca, en demanda de una mesa de trabajo con el gobierno del estado. Eleazar Ortiz, dirigente del MULT, explic\u00f3 que la marcha es en el marco del aniversario luctuoso del general Emiliano Zapata, pero tambi\u00e9n para exigir [&hellip;]<\/p>\n","protected":false},"author":7,"featured_media":26014,"comment_status":"closed","ping_status":"closed","sticky":false,"template":"","format":"standard","meta":{"footnotes":""},"categories":[2],"tags":[],"class_list":{"0":"post-26012","1":"post","2":"type-post","3":"status-publish","4":"format-standard","5":"has-post-thumbnail","7":"category-oaxaca"},"yoast_head":"<!-- This site is optimized with the Yoast SEO plugin v27.4 - https:\/\/yoast.com\/product\/yoast-seo-wordpress\/ -->\n<title>Marcha el MULT en la Ciudad de Oaxaca; piden justicia por sus muertos - LA BRAVA RADIO<\/title>\n<meta name=\"robots\" content=\"index, follow, max-snippet:-1, max-image-preview:large, max-video-preview:-1\" \/>\n<link rel=\"canonical\" href=\"https:\/\/www.bbmnoticias.com\/labravaradiofm\/2023\/04\/10\/marcha-el-mult-en-la-ciudad-de-oaxaca-piden-justicia-por-sus-muertos\/\" \/>\n<meta property=\"og:locale\" content=\"es_MX\" \/>\n<meta property=\"og:type\" content=\"article\" \/>\n<meta property=\"og:title\" content=\"Marcha el MULT en la Ciudad de Oaxaca; piden justicia por sus muertos - LA BRAVA RADIO\" \/>\n<meta property=\"og:description\" content=\"Oaxaca, Oax.- Integrantes del Movimiento de Unificaci\u00f3n de Lucha Triqui (MULT), marcharon este lunes en la Ciudad de Oaxaca, en demanda de una mesa de trabajo con el gobierno del estado. Eleazar Ortiz, dirigente del MULT, explic\u00f3 que la marcha es en el marco del aniversario luctuoso del general Emiliano Zapata, pero tambi\u00e9n para exigir [&hellip;]\" \/>\n<meta property=\"og:url\" content=\"https:\/\/www.bbmnoticias.com\/labravaradiofm\/2023\/04\/10\/marcha-el-mult-en-la-ciudad-de-oaxaca-piden-justicia-por-sus-muertos\/\" \/>\n<meta property=\"og:site_name\" content=\"LA BRAVA RADIO\" \/>\n<meta property=\"article:published_time\" content=\"2023-04-10T15:14:59+00:00\" \/>\n<meta property=\"article:modified_time\" content=\"2023-04-10T15:15:17+00:00\" \/>\n<meta property=\"og:image\" content=\"https:\/\/www.bbmnoticias.com\/labravaradiofm\/wp-content\/uploads\/sites\/5\/2023\/04\/marcha-mult.jpg\" \/>\n\t<meta property=\"og:image:width\" content=\"1600\" \/>\n\t<meta property=\"og:image:height\" content=\"900\" \/>\n\t<meta property=\"og:image:type\" content=\"image\/jpeg\" \/>\n<meta name=\"author\" content=\"Cuarta Plana\" \/>\n<meta name=\"twitter:card\" content=\"summary_large_image\" \/>\n<meta name=\"twitter:label1\" content=\"Escrito por\" \/>\n\t<meta name=\"twitter:data1\" content=\"Cuarta Plana\" \/>\n\t<meta name=\"twitter:label2\" content=\"Tiempo de lectura\" \/>\n\t<meta name=\"twitter:data2\" content=\"1 minuto\" \/>\n<script type=\"application\/ld+json\" class=\"yoast-schema-graph\">{\"@context\":\"https:\\\/\\\/schema.org\",\"@graph\":[{\"@type\":\"Article\",\"@id\":\"https:\\\/\\\/www.bbmnoticias.com\\\/labravaradiofm\\\/2023\\\/04\\\/10\\\/marcha-el-mult-en-la-ciudad-de-oaxaca-piden-justicia-por-sus-muertos\\\/#article\",\"isPartOf\":{\"@id\":\"https:\\\/\\\/www.bbmnoticias.com\\\/labravaradiofm\\\/2023\\\/04\\\/10\\\/marcha-el-mult-en-la-ciudad-de-oaxaca-piden-justicia-por-sus-muertos\\\/\"},\"author\":{\"name\":\"Cuarta Plana\",\"@id\":\"https:\\\/\\\/www.bbmnoticias.com\\\/labravaradiofm\\\/#\\\/schema\\\/person\\\/06701593a16bd7e2ef8a61c905892f7b\"},\"headline\":\"Marcha el MULT en la Ciudad de Oaxaca; piden justicia por sus muertos\",\"datePublished\":\"2023-04-10T15:14:59+00:00\",\"dateModified\":\"2023-04-10T15:15:17+00:00\",\"mainEntityOfPage\":{\"@id\":\"https:\\\/\\\/www.bbmnoticias.com\\\/labravaradiofm\\\/2023\\\/04\\\/10\\\/marcha-el-mult-en-la-ciudad-de-oaxaca-piden-justicia-por-sus-muertos\\\/\"},\"wordCount\":228,\"image\":{\"@id\":\"https:\\\/\\\/www.bbmnoticias.com\\\/labravaradiofm\\\/2023\\\/04\\\/10\\\/marcha-el-mult-en-la-ciudad-de-oaxaca-piden-justicia-por-sus-muertos\\\/#primaryimage\"},\"thumbnailUrl\":\"https:\\\/\\\/www.bbmnoticias.com\\\/labravaradiofm\\\/wp-content\\\/uploads\\\/sites\\\/5\\\/2023\\\/04\\\/marcha-mult.jpg\",\"articleSection\":[\"LOCAL\"],\"inLanguage\":\"es\"},{\"@type\":\"WebPage\",\"@id\":\"https:\\\/\\\/www.bbmnoticias.com\\\/labravaradiofm\\\/2023\\\/04\\\/10\\\/marcha-el-mult-en-la-ciudad-de-oaxaca-piden-justicia-por-sus-muertos\\\/\",\"url\":\"https:\\\/\\\/www.bbmnoticias.com\\\/labravaradiofm\\\/2023\\\/04\\\/10\\\/marcha-el-mult-en-la-ciudad-de-oaxaca-piden-justicia-por-sus-muertos\\\/\",\"name\":\"Marcha el MULT en la Ciudad de Oaxaca; piden justicia por sus muertos - LA BRAVA RADIO\",\"isPartOf\":{\"@id\":\"https:\\\/\\\/www.bbmnoticias.com\\\/labravaradiofm\\\/#website\"},\"primaryImageOfPage\":{\"@id\":\"https:\\\/\\\/www.bbmnoticias.com\\\/labravaradiofm\\\/2023\\\/04\\\/10\\\/marcha-el-mult-en-la-ciudad-de-oaxaca-piden-justicia-por-sus-muertos\\\/#primaryimage\"},\"image\":{\"@id\":\"https:\\\/\\\/www.bbmnoticias.com\\\/labravaradiofm\\\/2023\\\/04\\\/10\\\/marcha-el-mult-en-la-ciudad-de-oaxaca-piden-justicia-por-sus-muertos\\\/#primaryimage\"},\"thumbnailUrl\":\"https:\\\/\\\/www.bbmnoticias.com\\\/labravaradiofm\\\/wp-content\\\/uploads\\\/sites\\\/5\\\/2023\\\/04\\\/marcha-mult.jpg\",\"datePublished\":\"2023-04-10T15:14:59+00:00\",\"dateModified\":\"2023-04-10T15:15:17+00:00\",\"author\":{\"@id\":\"https:\\\/\\\/www.bbmnoticias.com\\\/labravaradiofm\\\/#\\\/schema\\\/person\\\/06701593a16bd7e2ef8a61c905892f7b\"},\"breadcrumb\":{\"@id\":\"https:\\\/\\\/www.bbmnoticias.com\\\/labravaradiofm\\\/2023\\\/04\\\/10\\\/marcha-el-mult-en-la-ciudad-de-oaxaca-piden-justicia-por-sus-muertos\\\/#breadcrumb\"},\"inLanguage\":\"es\",\"potentialAction\":[{\"@type\":\"ReadAction\",\"target\":[\"https:\\\/\\\/www.bbmnoticias.com\\\/labravaradiofm\\\/2023\\\/04\\\/10\\\/marcha-el-mult-en-la-ciudad-de-oaxaca-piden-justicia-por-sus-muertos\\\/\"]}]},{\"@type\":\"ImageObject\",\"inLanguage\":\"es\",\"@id\":\"https:\\\/\\\/www.bbmnoticias.com\\\/labravaradiofm\\\/2023\\\/04\\\/10\\\/marcha-el-mult-en-la-ciudad-de-oaxaca-piden-justicia-por-sus-muertos\\\/#primaryimage\",\"url\":\"https:\\\/\\\/www.bbmnoticias.com\\\/labravaradiofm\\\/wp-content\\\/uploads\\\/sites\\\/5\\\/2023\\\/04\\\/marcha-mult.jpg\",\"contentUrl\":\"https:\\\/\\\/www.bbmnoticias.com\\\/labravaradiofm\\\/wp-content\\\/uploads\\\/sites\\\/5\\\/2023\\\/04\\\/marcha-mult.jpg\",\"width\":1600,\"height\":900},{\"@type\":\"BreadcrumbList\",\"@id\":\"https:\\\/\\\/www.bbmnoticias.com\\\/labravaradiofm\\\/2023\\\/04\\\/10\\\/marcha-el-mult-en-la-ciudad-de-oaxaca-piden-justicia-por-sus-muertos\\\/#breadcrumb\",\"itemListElement\":[{\"@type\":\"ListItem\",\"position\":1,\"name\":\"Inicio\",\"item\":\"https:\\\/\\\/www.bbmnoticias.com\\\/labravaradiofm\\\/\"},{\"@type\":\"ListItem\",\"position\":2,\"name\":\"Marcha el MULT en la Ciudad de Oaxaca; piden justicia por sus muertos\"}]},{\"@type\":\"WebSite\",\"@id\":\"https:\\\/\\\/www.bbmnoticias.com\\\/labravaradiofm\\\/#website\",\"url\":\"https:\\\/\\\/www.bbmnoticias.com\\\/labravaradiofm\\\/\",\"name\":\"LA BRAVA RADIO\",\"description\":\"Empresa productora de medios, Radiodifusi\u00f3n, Noticias, tendencias y todo lo que necesitas saber de la pol\u00edtica mexicana e internacional; entretenimiento, espect\u00e1culos, salud y mucho m\u00e1s.\",\"potentialAction\":[{\"@type\":\"SearchAction\",\"target\":{\"@type\":\"EntryPoint\",\"urlTemplate\":\"https:\\\/\\\/www.bbmnoticias.com\\\/labravaradiofm\\\/?s={search_term_string}\"},\"query-input\":{\"@type\":\"PropertyValueSpecification\",\"valueRequired\":true,\"valueName\":\"search_term_string\"}}],\"inLanguage\":\"es\"},{\"@type\":\"Person\",\"@id\":\"https:\\\/\\\/www.bbmnoticias.com\\\/labravaradiofm\\\/#\\\/schema\\\/person\\\/06701593a16bd7e2ef8a61c905892f7b\",\"name\":\"Cuarta Plana\",\"image\":{\"@type\":\"ImageObject\",\"inLanguage\":\"es\",\"@id\":\"https:\\\/\\\/secure.gravatar.com\\\/avatar\\\/569aeac3582b4864a79ffcd8468ada657f9c0cbf68c06542116f60dfa8c3c2d7?s=96&d=mm&r=g\",\"url\":\"https:\\\/\\\/secure.gravatar.com\\\/avatar\\\/569aeac3582b4864a79ffcd8468ada657f9c0cbf68c06542116f60dfa8c3c2d7?s=96&d=mm&r=g\",\"contentUrl\":\"https:\\\/\\\/secure.gravatar.com\\\/avatar\\\/569aeac3582b4864a79ffcd8468ada657f9c0cbf68c06542116f60dfa8c3c2d7?s=96&d=mm&r=g\",\"caption\":\"Cuarta Plana\"},\"url\":\"https:\\\/\\\/www.bbmnoticias.com\\\/labravaradiofm\\\/author\\\/cuartaplana\\\/\"}]}<\/script>\n<!-- \/ Yoast SEO plugin. -->","yoast_head_json":{"title":"Marcha el MULT en la Ciudad de Oaxaca; piden justicia por sus muertos - LA BRAVA RADIO","robots":{"index":"index","follow":"follow","max-snippet":"max-snippet:-1","max-image-preview":"max-image-preview:large","max-video-preview":"max-video-preview:-1"},"canonical":"https:\/\/www.bbmnoticias.com\/labravaradiofm\/2023\/04\/10\/marcha-el-mult-en-la-ciudad-de-oaxaca-piden-justicia-por-sus-muertos\/","og_locale":"es_MX","og_type":"article","og_title":"Marcha el MULT en la Ciudad de Oaxaca; piden justicia por sus muertos - LA BRAVA RADIO","og_description":"Oaxaca, Oax.- Integrantes del Movimiento de Unificaci\u00f3n de Lucha Triqui (MULT), marcharon este lunes en la Ciudad de Oaxaca, en demanda de una mesa de trabajo con el gobierno del estado. Eleazar Ortiz, dirigente del MULT, explic\u00f3 que la marcha es en el marco del aniversario luctuoso del general Emiliano Zapata, pero tambi\u00e9n para exigir [&hellip;]","og_url":"https:\/\/www.bbmnoticias.com\/labravaradiofm\/2023\/04\/10\/marcha-el-mult-en-la-ciudad-de-oaxaca-piden-justicia-por-sus-muertos\/","og_site_name":"LA BRAVA RADIO","article_published_time":"2023-04-10T15:14:59+00:00","article_modified_time":"2023-04-10T15:15:17+00:00","og_image":[{"width":1600,"height":900,"url":"https:\/\/www.bbmnoticias.com\/labravaradiofm\/wp-content\/uploads\/sites\/5\/2023\/04\/marcha-mult.jpg","type":"image\/jpeg"}],"author":"Cuarta Plana","twitter_card":"summary_large_image","twitter_misc":{"Escrito por":"Cuarta Plana","Tiempo de lectura":"1 minuto"},"schema":{"@context":"https:\/\/schema.org","@graph":[{"@type":"Article","@id":"https:\/\/www.bbmnoticias.com\/labravaradiofm\/2023\/04\/10\/marcha-el-mult-en-la-ciudad-de-oaxaca-piden-justicia-por-sus-muertos\/#article","isPartOf":{"@id":"https:\/\/www.bbmnoticias.com\/labravaradiofm\/2023\/04\/10\/marcha-el-mult-en-la-ciudad-de-oaxaca-piden-justicia-por-sus-muertos\/"},"author":{"name":"Cuarta Plana","@id":"https:\/\/www.bbmnoticias.com\/labravaradiofm\/#\/schema\/person\/06701593a16bd7e2ef8a61c905892f7b"},"headline":"Marcha el MULT en la Ciudad de Oaxaca; piden justicia por sus muertos","datePublished":"2023-04-10T15:14:59+00:00","dateModified":"2023-04-10T15:15:17+00:00","mainEntityOfPage":{"@id":"https:\/\/www.bbmnoticias.com\/labravaradiofm\/2023\/04\/10\/marcha-el-mult-en-la-ciudad-de-oaxaca-piden-justicia-por-sus-muertos\/"},"wordCount":228,"image":{"@id":"https:\/\/www.bbmnoticias.com\/labravaradiofm\/2023\/04\/10\/marcha-el-mult-en-la-ciudad-de-oaxaca-piden-justicia-por-sus-muertos\/#primaryimage"},"thumbnailUrl":"https:\/\/www.bbmnoticias.com\/labravaradiofm\/wp-content\/uploads\/sites\/5\/2023\/04\/marcha-mult.jpg","articleSection":["LOCAL"],"inLanguage":"es"},{"@type":"WebPage","@id":"https:\/\/www.bbmnoticias.com\/labravaradiofm\/2023\/04\/10\/marcha-el-mult-en-la-ciudad-de-oaxaca-piden-justicia-por-sus-muertos\/","url":"https:\/\/www.bbmnoticias.com\/labravaradiofm\/2023\/04\/10\/marcha-el-mult-en-la-ciudad-de-oaxaca-piden-justicia-por-sus-muertos\/","name":"Marcha el MULT en la Ciudad de Oaxaca; piden justicia por sus muertos - LA BRAVA RADIO","isPartOf":{"@id":"https:\/\/www.bbmnoticias.com\/labravaradiofm\/#website"},"primaryImageOfPage":{"@id":"https:\/\/www.bbmnoticias.com\/labravaradiofm\/2023\/04\/10\/marcha-el-mult-en-la-ciudad-de-oaxaca-piden-justicia-por-sus-muertos\/#primaryimage"},"image":{"@id":"https:\/\/www.bbmnoticias.com\/labravaradiofm\/2023\/04\/10\/marcha-el-mult-en-la-ciudad-de-oaxaca-piden-justicia-por-sus-muertos\/#primaryimage"},"thumbnailUrl":"https:\/\/www.bbmnoticias.com\/labravaradiofm\/wp-content\/uploads\/sites\/5\/2023\/04\/marcha-mult.jpg","datePublished":"2023-04-10T15:14:59+00:00","dateModified":"2023-04-10T15:15:17+00:00","author":{"@id":"https:\/\/www.bbmnoticias.com\/labravaradiofm\/#\/schema\/person\/06701593a16bd7e2ef8a61c905892f7b"},"breadcrumb":{"@id":"https:\/\/www.bbmnoticias.com\/labravaradiofm\/2023\/04\/10\/marcha-el-mult-en-la-ciudad-de-oaxaca-piden-justicia-por-sus-muertos\/#breadcrumb"},"inLanguage":"es","potentialAction":[{"@type":"ReadAction","target":["https:\/\/www.bbmnoticias.com\/labravaradiofm\/2023\/04\/10\/marcha-el-mult-en-la-ciudad-de-oaxaca-piden-justicia-por-sus-muertos\/"]}]},{"@type":"ImageObject","inLanguage":"es","@id":"https:\/\/www.bbmnoticias.com\/labravaradiofm\/2023\/04\/10\/marcha-el-mult-en-la-ciudad-de-oaxaca-piden-justicia-por-sus-muertos\/#primaryimage","url":"https:\/\/www.bbmnoticias.com\/labravaradiofm\/wp-content\/uploads\/sites\/5\/2023\/04\/marcha-mult.jpg","contentUrl":"https:\/\/www.bbmnoticias.com\/labravaradiofm\/wp-content\/uploads\/sites\/5\/2023\/04\/marcha-mult.jpg","width":1600,"height":900},{"@type":"BreadcrumbList","@id":"https:\/\/www.bbmnoticias.com\/labravaradiofm\/2023\/04\/10\/marcha-el-mult-en-la-ciudad-de-oaxaca-piden-justicia-por-sus-muertos\/#breadcrumb","itemListElement":[{"@type":"ListItem","position":1,"name":"Inicio","item":"https:\/\/www.bbmnoticias.com\/labravaradiofm\/"},{"@type":"ListItem","position":2,"name":"Marcha el MULT en la Ciudad de Oaxaca; piden justicia por sus muertos"}]},{"@type":"WebSite","@id":"https:\/\/www.bbmnoticias.com\/labravaradiofm\/#website","url":"https:\/\/www.bbmnoticias.com\/labravaradiofm\/","name":"LA BRAVA RADIO","description":"Empresa productora de medios, Radiodifusi\u00f3n, Noticias, tendencias y todo lo que necesitas saber de la pol\u00edtica mexicana e internacional; entretenimiento, espect\u00e1culos, salud y mucho m\u00e1s.","potentialAction":[{"@type":"SearchAction","target":{"@type":"EntryPoint","urlTemplate":"https:\/\/www.bbmnoticias.com\/labravaradiofm\/?s={search_term_string}"},"query-input":{"@type":"PropertyValueSpecification","valueRequired":true,"valueName":"search_term_string"}}],"inLanguage":"es"},{"@type":"Person","@id":"https:\/\/www.bbmnoticias.com\/labravaradiofm\/#\/schema\/person\/06701593a16bd7e2ef8a61c905892f7b","name":"Cuarta Plana","image":{"@type":"ImageObject","inLanguage":"es","@id":"https:\/\/secure.gravatar.com\/avatar\/569aeac3582b4864a79ffcd8468ada657f9c0cbf68c06542116f60dfa8c3c2d7?s=96&d=mm&r=g","url":"https:\/\/secure.gravatar.com\/avatar\/569aeac3582b4864a79ffcd8468ada657f9c0cbf68c06542116f60dfa8c3c2d7?s=96&d=mm&r=g","contentUrl":"https:\/\/secure.gravatar.com\/avatar\/569aeac3582b4864a79ffcd8468ada657f9c0cbf68c06542116f60dfa8c3c2d7?s=96&d=mm&r=g","caption":"Cuarta Plana"},"url":"https:\/\/www.bbmnoticias.com\/labravaradiofm\/author\/cuartaplana\/"}]}},"_links":{"self":[{"href":"https:\/\/www.bbmnoticias.com\/labravaradiofm\/wp-json\/wp\/v2\/posts\/26012","targetHints":{"allow":["GET"]}}],"collection":[{"href":"https:\/\/www.bbmnoticias.com\/labravaradiofm\/wp-json\/wp\/v2\/posts"}],"about":[{"href":"https:\/\/www.bbmnoticias.com\/labravaradiofm\/wp-json\/wp\/v2\/types\/post"}],"author":[{"embeddable":true,"href":"https:\/\/www.bbmnoticias.com\/labravaradiofm\/wp-json\/wp\/v2\/users\/7"}],"replies":[{"embeddable":true,"href":"https:\/\/www.bbmnoticias.com\/labravaradiofm\/wp-json\/wp\/v2\/comments?post=26012"}],"version-history":[{"count":0,"href":"https:\/\/www.bbmnoticias.com\/labravaradiofm\/wp-json\/wp\/v2\/posts\/26012\/revisions"}],"wp:featuredmedia":[{"embeddable":true,"href":"https:\/\/www.bbmnoticias.com\/labravaradiofm\/wp-json\/wp\/v2\/media\/26014"}],"wp:attachment":[{"href":"https:\/\/www.bbmnoticias.com\/labravaradiofm\/wp-json\/wp\/v2\/media?parent=26012"}],"wp:term":[{"taxonomy":"category","embeddable":true,"href":"https:\/\/www.bbmnoticias.com\/labravaradiofm\/wp-json\/wp\/v2\/categories?post=26012"},{"taxonomy":"post_tag","embeddable":true,"href":"https:\/\/www.bbmnoticias.com\/labravaradiofm\/wp-json\/wp\/v2\/tags?post=26012"}],"curies":[{"name":"wp","href":"https:\/\/api.w.org\/{rel}","templated":true}]}}