{"id":26009,"date":"2023-04-10T09:07:59","date_gmt":"2023-04-10T15:07:59","guid":{"rendered":"https:\/\/www.bbmnoticias.com\/labravaradiofm\/?p=26009"},"modified":"2023-04-10T09:08:00","modified_gmt":"2023-04-10T15:08:00","slug":"maribel-guardia-revela-la-causa-de-muerte-de-su-hijo-julian-figueroa","status":"publish","type":"post","link":"https:\/\/www.bbmnoticias.com\/labravaradiofm\/2023\/04\/10\/maribel-guardia-revela-la-causa-de-muerte-de-su-hijo-julian-figueroa\/","title":{"rendered":"Maribel Guardia revela la causa de muerte de su hijo Juli\u00e1n Figueroa"},"content":{"rendered":"<div style=\"margin-top: 0px; margin-bottom: 0px;\" class=\"sharethis-inline-share-buttons\" ><\/div>\n<p>Luego de darse a conocer el <strong>fallecimiento del cantante Juli\u00e1n Figueroa<\/strong>, la actriz<strong> Maribel Guardia<\/strong> dio a conocer la causa de muerte del hijo que tuvo con el finado compositor<strong> Joan Sebastian<\/strong>.<\/p>\n\n\n\n<p>A trav\u00e9s de sus redes sociales, Maribel Guardia inform\u00f3 que su hijo, de 27 a\u00f1os de edad, muri\u00f3 por un <strong>infarto <\/strong>agudo al miocardio y fibrilaci\u00f3n ventricular.<\/p>\n\n\n\n<p>\u201cSiento tener que comunicar la partida de mi amado hijo Juli\u00e1n Figueroa, quien desgraciadamente se nos adelant\u00f3 en este plano. Lo encontraron inconsciente esta noche en su cuarto, mientras yo estaba en el teatro. Llamaron al <strong>911 <\/strong>y cuando lleg\u00f3 la ambulancia y la polic\u00eda lo encontraron ya sin vida, sin rastro de violencia alguno\u201d, se\u00f1al\u00f3 la cantante.<\/p>\n\n\n\n<p>Maribel Guardia rog\u00f3 comprensi\u00f3n \u201cpor el profundo dolor\u201d por la muerte de su hijo: \u201cQuisiera hablar con toda la gente que est\u00e1 intentando comunicarse, pero en verdad no tengo fuerza para hacerlo todav\u00eda\u201d.<\/p>\n\n\n\n<p>\u201cRuego respeto a todos por nuestra privacidad y el doloroso momento que pasamos. Sus honras f\u00fanebres se realizar\u00e1n en privado, al lado de las personas m\u00e1s cercanas y que m\u00e1s lo amaron.<\/p>\n\n\n\n<p>\u201cAgradezco a todos los mensajes de apoyo y amor que me han estado enviando, pero en \u00e9ste momento no tengo alma para contestar a nadie; espero poder hacerlo en otro momento.<\/p>\n\n\n\n<p>\u201cGracias infinitas a todos por su comprensi\u00f3n\u201d, mencion\u00f3 en un comunicado firmado tambi\u00e9n por su esposo <strong>Marco Chac\u00f3n<\/strong>, Imelda Tu\u00f1\u00f3n y Jos\u00e9 Juli\u00e1n Figueroa.<\/p>\n\n\n\n<p>El pasado 8 de abril, el cantante public\u00f3 en <strong>Instagram <\/strong>unas palabras dirigidas hac\u00eda su fallecido padre, asegurando que tras 8 a\u00f1os de su partida &#8220;el tiempo sabe m\u00e1s amargo&#8221; y reiterando cuanto lo extra\u00f1a.<\/p>\n\n\n\n<p>&#8220;Vituperan los fan\u00e1ticos VIVA EL POETA DEL PUEBLO, pero a m\u00ed me me importa un bledo SOLO QUIERO A MI PAP\u00c1Al demonio con los grammys con la fama y el dinero, pues mi \u00fanico deseo es abrazarte\u2026&#8221;, escribi\u00f3<\/p>\n\n\n\n<p>&#8220;Te amo PAP\u00c1 y si me duele tu muerte es porque tu vida era tan valiosa para mi&#8221;, agreg\u00f3.<\/p>\n","protected":false},"excerpt":{"rendered":"<p>Luego de darse a conocer el fallecimiento del cantante Juli\u00e1n Figueroa, la actriz Maribel Guardia dio a conocer la causa de muerte del hijo que tuvo con el finado compositor Joan Sebastian. A trav\u00e9s de sus redes sociales, Maribel Guardia inform\u00f3 que su hijo, de 27 a\u00f1os de edad, muri\u00f3 por un infarto agudo al [&hellip;]<\/p>\n","protected":false},"author":4,"featured_media":26010,"comment_status":"closed","ping_status":"closed","sticky":false,"template":"","format":"standard","meta":{"footnotes":""},"categories":[949],"tags":[],"class_list":{"0":"post-26009","1":"post","2":"type-post","3":"status-publish","4":"format-standard","5":"has-post-thumbnail","7":"category-espectaculos"},"yoast_head":"<!-- This site is optimized with the Yoast SEO plugin v27.4 - https:\/\/yoast.com\/product\/yoast-seo-wordpress\/ -->\n<title>Maribel Guardia revela la causa de muerte de su hijo Juli\u00e1n Figueroa - LA BRAVA RADIO<\/title>\n<meta name=\"robots\" content=\"index, follow, max-snippet:-1, max-image-preview:large, max-video-preview:-1\" \/>\n<link rel=\"canonical\" href=\"https:\/\/www.bbmnoticias.com\/labravaradiofm\/2023\/04\/10\/maribel-guardia-revela-la-causa-de-muerte-de-su-hijo-julian-figueroa\/\" \/>\n<meta property=\"og:locale\" content=\"es_MX\" \/>\n<meta property=\"og:type\" content=\"article\" \/>\n<meta property=\"og:title\" content=\"Maribel Guardia revela la causa de muerte de su hijo Juli\u00e1n Figueroa - LA BRAVA RADIO\" \/>\n<meta property=\"og:description\" content=\"Luego de darse a conocer el fallecimiento del cantante Juli\u00e1n Figueroa, la actriz Maribel Guardia dio a conocer la causa de muerte del hijo que tuvo con el finado compositor Joan Sebastian. A trav\u00e9s de sus redes sociales, Maribel Guardia inform\u00f3 que su hijo, de 27 a\u00f1os de edad, muri\u00f3 por un infarto agudo al [&hellip;]\" \/>\n<meta property=\"og:url\" content=\"https:\/\/www.bbmnoticias.com\/labravaradiofm\/2023\/04\/10\/maribel-guardia-revela-la-causa-de-muerte-de-su-hijo-julian-figueroa\/\" \/>\n<meta property=\"og:site_name\" content=\"LA BRAVA RADIO\" \/>\n<meta property=\"article:published_time\" content=\"2023-04-10T15:07:59+00:00\" \/>\n<meta property=\"article:modified_time\" content=\"2023-04-10T15:08:00+00:00\" \/>\n<meta property=\"og:image\" content=\"https:\/\/www.bbmnoticias.com\/labravaradiofm\/wp-content\/uploads\/sites\/5\/2023\/04\/julian-figueroa.jpg\" \/>\n\t<meta property=\"og:image:width\" content=\"800\" \/>\n\t<meta property=\"og:image:height\" content=\"484\" \/>\n\t<meta property=\"og:image:type\" content=\"image\/jpeg\" \/>\n<meta name=\"author\" content=\"Agencias\" \/>\n<meta name=\"twitter:card\" content=\"summary_large_image\" \/>\n<meta name=\"twitter:label1\" content=\"Escrito por\" \/>\n\t<meta name=\"twitter:data1\" content=\"Agencias\" \/>\n\t<meta name=\"twitter:label2\" content=\"Tiempo de lectura\" \/>\n\t<meta name=\"twitter:data2\" content=\"2 minutos\" \/>\n<script type=\"application\/ld+json\" class=\"yoast-schema-graph\">{\"@context\":\"https:\\\/\\\/schema.org\",\"@graph\":[{\"@type\":\"Article\",\"@id\":\"https:\\\/\\\/www.bbmnoticias.com\\\/labravaradiofm\\\/2023\\\/04\\\/10\\\/maribel-guardia-revela-la-causa-de-muerte-de-su-hijo-julian-figueroa\\\/#article\",\"isPartOf\":{\"@id\":\"https:\\\/\\\/www.bbmnoticias.com\\\/labravaradiofm\\\/2023\\\/04\\\/10\\\/maribel-guardia-revela-la-causa-de-muerte-de-su-hijo-julian-figueroa\\\/\"},\"author\":{\"name\":\"Agencias\",\"@id\":\"https:\\\/\\\/www.bbmnoticias.com\\\/labravaradiofm\\\/#\\\/schema\\\/person\\\/857a3daf5c8142f29919023f377fbfad\"},\"headline\":\"Maribel Guardia revela la causa de muerte de su hijo Juli\u00e1n Figueroa\",\"datePublished\":\"2023-04-10T15:07:59+00:00\",\"dateModified\":\"2023-04-10T15:08:00+00:00\",\"mainEntityOfPage\":{\"@id\":\"https:\\\/\\\/www.bbmnoticias.com\\\/labravaradiofm\\\/2023\\\/04\\\/10\\\/maribel-guardia-revela-la-causa-de-muerte-de-su-hijo-julian-figueroa\\\/\"},\"wordCount\":362,\"image\":{\"@id\":\"https:\\\/\\\/www.bbmnoticias.com\\\/labravaradiofm\\\/2023\\\/04\\\/10\\\/maribel-guardia-revela-la-causa-de-muerte-de-su-hijo-julian-figueroa\\\/#primaryimage\"},\"thumbnailUrl\":\"https:\\\/\\\/www.bbmnoticias.com\\\/labravaradiofm\\\/wp-content\\\/uploads\\\/sites\\\/5\\\/2023\\\/04\\\/julian-figueroa.jpg\",\"articleSection\":[\"ESPECT\u00c1CULOS\"],\"inLanguage\":\"es\"},{\"@type\":\"WebPage\",\"@id\":\"https:\\\/\\\/www.bbmnoticias.com\\\/labravaradiofm\\\/2023\\\/04\\\/10\\\/maribel-guardia-revela-la-causa-de-muerte-de-su-hijo-julian-figueroa\\\/\",\"url\":\"https:\\\/\\\/www.bbmnoticias.com\\\/labravaradiofm\\\/2023\\\/04\\\/10\\\/maribel-guardia-revela-la-causa-de-muerte-de-su-hijo-julian-figueroa\\\/\",\"name\":\"Maribel Guardia revela la causa de muerte de su hijo Juli\u00e1n Figueroa - LA BRAVA RADIO\",\"isPartOf\":{\"@id\":\"https:\\\/\\\/www.bbmnoticias.com\\\/labravaradiofm\\\/#website\"},\"primaryImageOfPage\":{\"@id\":\"https:\\\/\\\/www.bbmnoticias.com\\\/labravaradiofm\\\/2023\\\/04\\\/10\\\/maribel-guardia-revela-la-causa-de-muerte-de-su-hijo-julian-figueroa\\\/#primaryimage\"},\"image\":{\"@id\":\"https:\\\/\\\/www.bbmnoticias.com\\\/labravaradiofm\\\/2023\\\/04\\\/10\\\/maribel-guardia-revela-la-causa-de-muerte-de-su-hijo-julian-figueroa\\\/#primaryimage\"},\"thumbnailUrl\":\"https:\\\/\\\/www.bbmnoticias.com\\\/labravaradiofm\\\/wp-content\\\/uploads\\\/sites\\\/5\\\/2023\\\/04\\\/julian-figueroa.jpg\",\"datePublished\":\"2023-04-10T15:07:59+00:00\",\"dateModified\":\"2023-04-10T15:08:00+00:00\",\"author\":{\"@id\":\"https:\\\/\\\/www.bbmnoticias.com\\\/labravaradiofm\\\/#\\\/schema\\\/person\\\/857a3daf5c8142f29919023f377fbfad\"},\"breadcrumb\":{\"@id\":\"https:\\\/\\\/www.bbmnoticias.com\\\/labravaradiofm\\\/2023\\\/04\\\/10\\\/maribel-guardia-revela-la-causa-de-muerte-de-su-hijo-julian-figueroa\\\/#breadcrumb\"},\"inLanguage\":\"es\",\"potentialAction\":[{\"@type\":\"ReadAction\",\"target\":[\"https:\\\/\\\/www.bbmnoticias.com\\\/labravaradiofm\\\/2023\\\/04\\\/10\\\/maribel-guardia-revela-la-causa-de-muerte-de-su-hijo-julian-figueroa\\\/\"]}]},{\"@type\":\"ImageObject\",\"inLanguage\":\"es\",\"@id\":\"https:\\\/\\\/www.bbmnoticias.com\\\/labravaradiofm\\\/2023\\\/04\\\/10\\\/maribel-guardia-revela-la-causa-de-muerte-de-su-hijo-julian-figueroa\\\/#primaryimage\",\"url\":\"https:\\\/\\\/www.bbmnoticias.com\\\/labravaradiofm\\\/wp-content\\\/uploads\\\/sites\\\/5\\\/2023\\\/04\\\/julian-figueroa.jpg\",\"contentUrl\":\"https:\\\/\\\/www.bbmnoticias.com\\\/labravaradiofm\\\/wp-content\\\/uploads\\\/sites\\\/5\\\/2023\\\/04\\\/julian-figueroa.jpg\",\"width\":800,\"height\":484},{\"@type\":\"BreadcrumbList\",\"@id\":\"https:\\\/\\\/www.bbmnoticias.com\\\/labravaradiofm\\\/2023\\\/04\\\/10\\\/maribel-guardia-revela-la-causa-de-muerte-de-su-hijo-julian-figueroa\\\/#breadcrumb\",\"itemListElement\":[{\"@type\":\"ListItem\",\"position\":1,\"name\":\"Inicio\",\"item\":\"https:\\\/\\\/www.bbmnoticias.com\\\/labravaradiofm\\\/\"},{\"@type\":\"ListItem\",\"position\":2,\"name\":\"Maribel Guardia revela la causa de muerte de su hijo Juli\u00e1n Figueroa\"}]},{\"@type\":\"WebSite\",\"@id\":\"https:\\\/\\\/www.bbmnoticias.com\\\/labravaradiofm\\\/#website\",\"url\":\"https:\\\/\\\/www.bbmnoticias.com\\\/labravaradiofm\\\/\",\"name\":\"LA BRAVA RADIO\",\"description\":\"Empresa productora de medios, Radiodifusi\u00f3n, Noticias, tendencias y todo lo que necesitas saber de la pol\u00edtica mexicana e internacional; entretenimiento, espect\u00e1culos, salud y mucho m\u00e1s.\",\"potentialAction\":[{\"@type\":\"SearchAction\",\"target\":{\"@type\":\"EntryPoint\",\"urlTemplate\":\"https:\\\/\\\/www.bbmnoticias.com\\\/labravaradiofm\\\/?s={search_term_string}\"},\"query-input\":{\"@type\":\"PropertyValueSpecification\",\"valueRequired\":true,\"valueName\":\"search_term_string\"}}],\"inLanguage\":\"es\"},{\"@type\":\"Person\",\"@id\":\"https:\\\/\\\/www.bbmnoticias.com\\\/labravaradiofm\\\/#\\\/schema\\\/person\\\/857a3daf5c8142f29919023f377fbfad\",\"name\":\"Agencias\",\"image\":{\"@type\":\"ImageObject\",\"inLanguage\":\"es\",\"@id\":\"https:\\\/\\\/secure.gravatar.com\\\/avatar\\\/739e0b61adf9e398b425c36718c8752286da0e8cd90f20ce9a86678abc26aa0d?s=96&d=mm&r=g\",\"url\":\"https:\\\/\\\/secure.gravatar.com\\\/avatar\\\/739e0b61adf9e398b425c36718c8752286da0e8cd90f20ce9a86678abc26aa0d?s=96&d=mm&r=g\",\"contentUrl\":\"https:\\\/\\\/secure.gravatar.com\\\/avatar\\\/739e0b61adf9e398b425c36718c8752286da0e8cd90f20ce9a86678abc26aa0d?s=96&d=mm&r=g\",\"caption\":\"Agencias\"},\"url\":\"https:\\\/\\\/www.bbmnoticias.com\\\/labravaradiofm\\\/author\\\/agencias\\\/\"}]}<\/script>\n<!-- \/ Yoast SEO plugin. -->","yoast_head_json":{"title":"Maribel Guardia revela la causa de muerte de su hijo Juli\u00e1n Figueroa - LA BRAVA RADIO","robots":{"index":"index","follow":"follow","max-snippet":"max-snippet:-1","max-image-preview":"max-image-preview:large","max-video-preview":"max-video-preview:-1"},"canonical":"https:\/\/www.bbmnoticias.com\/labravaradiofm\/2023\/04\/10\/maribel-guardia-revela-la-causa-de-muerte-de-su-hijo-julian-figueroa\/","og_locale":"es_MX","og_type":"article","og_title":"Maribel Guardia revela la causa de muerte de su hijo Juli\u00e1n Figueroa - LA BRAVA RADIO","og_description":"Luego de darse a conocer el fallecimiento del cantante Juli\u00e1n Figueroa, la actriz Maribel Guardia dio a conocer la causa de muerte del hijo que tuvo con el finado compositor Joan Sebastian. A trav\u00e9s de sus redes sociales, Maribel Guardia inform\u00f3 que su hijo, de 27 a\u00f1os de edad, muri\u00f3 por un infarto agudo al [&hellip;]","og_url":"https:\/\/www.bbmnoticias.com\/labravaradiofm\/2023\/04\/10\/maribel-guardia-revela-la-causa-de-muerte-de-su-hijo-julian-figueroa\/","og_site_name":"LA BRAVA RADIO","article_published_time":"2023-04-10T15:07:59+00:00","article_modified_time":"2023-04-10T15:08:00+00:00","og_image":[{"width":800,"height":484,"url":"https:\/\/www.bbmnoticias.com\/labravaradiofm\/wp-content\/uploads\/sites\/5\/2023\/04\/julian-figueroa.jpg","type":"image\/jpeg"}],"author":"Agencias","twitter_card":"summary_large_image","twitter_misc":{"Escrito por":"Agencias","Tiempo de lectura":"2 minutos"},"schema":{"@context":"https:\/\/schema.org","@graph":[{"@type":"Article","@id":"https:\/\/www.bbmnoticias.com\/labravaradiofm\/2023\/04\/10\/maribel-guardia-revela-la-causa-de-muerte-de-su-hijo-julian-figueroa\/#article","isPartOf":{"@id":"https:\/\/www.bbmnoticias.com\/labravaradiofm\/2023\/04\/10\/maribel-guardia-revela-la-causa-de-muerte-de-su-hijo-julian-figueroa\/"},"author":{"name":"Agencias","@id":"https:\/\/www.bbmnoticias.com\/labravaradiofm\/#\/schema\/person\/857a3daf5c8142f29919023f377fbfad"},"headline":"Maribel Guardia revela la causa de muerte de su hijo Juli\u00e1n Figueroa","datePublished":"2023-04-10T15:07:59+00:00","dateModified":"2023-04-10T15:08:00+00:00","mainEntityOfPage":{"@id":"https:\/\/www.bbmnoticias.com\/labravaradiofm\/2023\/04\/10\/maribel-guardia-revela-la-causa-de-muerte-de-su-hijo-julian-figueroa\/"},"wordCount":362,"image":{"@id":"https:\/\/www.bbmnoticias.com\/labravaradiofm\/2023\/04\/10\/maribel-guardia-revela-la-causa-de-muerte-de-su-hijo-julian-figueroa\/#primaryimage"},"thumbnailUrl":"https:\/\/www.bbmnoticias.com\/labravaradiofm\/wp-content\/uploads\/sites\/5\/2023\/04\/julian-figueroa.jpg","articleSection":["ESPECT\u00c1CULOS"],"inLanguage":"es"},{"@type":"WebPage","@id":"https:\/\/www.bbmnoticias.com\/labravaradiofm\/2023\/04\/10\/maribel-guardia-revela-la-causa-de-muerte-de-su-hijo-julian-figueroa\/","url":"https:\/\/www.bbmnoticias.com\/labravaradiofm\/2023\/04\/10\/maribel-guardia-revela-la-causa-de-muerte-de-su-hijo-julian-figueroa\/","name":"Maribel Guardia revela la causa de muerte de su hijo Juli\u00e1n Figueroa - LA BRAVA RADIO","isPartOf":{"@id":"https:\/\/www.bbmnoticias.com\/labravaradiofm\/#website"},"primaryImageOfPage":{"@id":"https:\/\/www.bbmnoticias.com\/labravaradiofm\/2023\/04\/10\/maribel-guardia-revela-la-causa-de-muerte-de-su-hijo-julian-figueroa\/#primaryimage"},"image":{"@id":"https:\/\/www.bbmnoticias.com\/labravaradiofm\/2023\/04\/10\/maribel-guardia-revela-la-causa-de-muerte-de-su-hijo-julian-figueroa\/#primaryimage"},"thumbnailUrl":"https:\/\/www.bbmnoticias.com\/labravaradiofm\/wp-content\/uploads\/sites\/5\/2023\/04\/julian-figueroa.jpg","datePublished":"2023-04-10T15:07:59+00:00","dateModified":"2023-04-10T15:08:00+00:00","author":{"@id":"https:\/\/www.bbmnoticias.com\/labravaradiofm\/#\/schema\/person\/857a3daf5c8142f29919023f377fbfad"},"breadcrumb":{"@id":"https:\/\/www.bbmnoticias.com\/labravaradiofm\/2023\/04\/10\/maribel-guardia-revela-la-causa-de-muerte-de-su-hijo-julian-figueroa\/#breadcrumb"},"inLanguage":"es","potentialAction":[{"@type":"ReadAction","target":["https:\/\/www.bbmnoticias.com\/labravaradiofm\/2023\/04\/10\/maribel-guardia-revela-la-causa-de-muerte-de-su-hijo-julian-figueroa\/"]}]},{"@type":"ImageObject","inLanguage":"es","@id":"https:\/\/www.bbmnoticias.com\/labravaradiofm\/2023\/04\/10\/maribel-guardia-revela-la-causa-de-muerte-de-su-hijo-julian-figueroa\/#primaryimage","url":"https:\/\/www.bbmnoticias.com\/labravaradiofm\/wp-content\/uploads\/sites\/5\/2023\/04\/julian-figueroa.jpg","contentUrl":"https:\/\/www.bbmnoticias.com\/labravaradiofm\/wp-content\/uploads\/sites\/5\/2023\/04\/julian-figueroa.jpg","width":800,"height":484},{"@type":"BreadcrumbList","@id":"https:\/\/www.bbmnoticias.com\/labravaradiofm\/2023\/04\/10\/maribel-guardia-revela-la-causa-de-muerte-de-su-hijo-julian-figueroa\/#breadcrumb","itemListElement":[{"@type":"ListItem","position":1,"name":"Inicio","item":"https:\/\/www.bbmnoticias.com\/labravaradiofm\/"},{"@type":"ListItem","position":2,"name":"Maribel Guardia revela la causa de muerte de su hijo Juli\u00e1n Figueroa"}]},{"@type":"WebSite","@id":"https:\/\/www.bbmnoticias.com\/labravaradiofm\/#website","url":"https:\/\/www.bbmnoticias.com\/labravaradiofm\/","name":"LA BRAVA RADIO","description":"Empresa productora de medios, Radiodifusi\u00f3n, Noticias, tendencias y todo lo que necesitas saber de la pol\u00edtica mexicana e internacional; entretenimiento, espect\u00e1culos, salud y mucho m\u00e1s.","potentialAction":[{"@type":"SearchAction","target":{"@type":"EntryPoint","urlTemplate":"https:\/\/www.bbmnoticias.com\/labravaradiofm\/?s={search_term_string}"},"query-input":{"@type":"PropertyValueSpecification","valueRequired":true,"valueName":"search_term_string"}}],"inLanguage":"es"},{"@type":"Person","@id":"https:\/\/www.bbmnoticias.com\/labravaradiofm\/#\/schema\/person\/857a3daf5c8142f29919023f377fbfad","name":"Agencias","image":{"@type":"ImageObject","inLanguage":"es","@id":"https:\/\/secure.gravatar.com\/avatar\/739e0b61adf9e398b425c36718c8752286da0e8cd90f20ce9a86678abc26aa0d?s=96&d=mm&r=g","url":"https:\/\/secure.gravatar.com\/avatar\/739e0b61adf9e398b425c36718c8752286da0e8cd90f20ce9a86678abc26aa0d?s=96&d=mm&r=g","contentUrl":"https:\/\/secure.gravatar.com\/avatar\/739e0b61adf9e398b425c36718c8752286da0e8cd90f20ce9a86678abc26aa0d?s=96&d=mm&r=g","caption":"Agencias"},"url":"https:\/\/www.bbmnoticias.com\/labravaradiofm\/author\/agencias\/"}]}},"_links":{"self":[{"href":"https:\/\/www.bbmnoticias.com\/labravaradiofm\/wp-json\/wp\/v2\/posts\/26009","targetHints":{"allow":["GET"]}}],"collection":[{"href":"https:\/\/www.bbmnoticias.com\/labravaradiofm\/wp-json\/wp\/v2\/posts"}],"about":[{"href":"https:\/\/www.bbmnoticias.com\/labravaradiofm\/wp-json\/wp\/v2\/types\/post"}],"author":[{"embeddable":true,"href":"https:\/\/www.bbmnoticias.com\/labravaradiofm\/wp-json\/wp\/v2\/users\/4"}],"replies":[{"embeddable":true,"href":"https:\/\/www.bbmnoticias.com\/labravaradiofm\/wp-json\/wp\/v2\/comments?post=26009"}],"version-history":[{"count":0,"href":"https:\/\/www.bbmnoticias.com\/labravaradiofm\/wp-json\/wp\/v2\/posts\/26009\/revisions"}],"wp:featuredmedia":[{"embeddable":true,"href":"https:\/\/www.bbmnoticias.com\/labravaradiofm\/wp-json\/wp\/v2\/media\/26010"}],"wp:attachment":[{"href":"https:\/\/www.bbmnoticias.com\/labravaradiofm\/wp-json\/wp\/v2\/media?parent=26009"}],"wp:term":[{"taxonomy":"category","embeddable":true,"href":"https:\/\/www.bbmnoticias.com\/labravaradiofm\/wp-json\/wp\/v2\/categories?post=26009"},{"taxonomy":"post_tag","embeddable":true,"href":"https:\/\/www.bbmnoticias.com\/labravaradiofm\/wp-json\/wp\/v2\/tags?post=26009"}],"curies":[{"name":"wp","href":"https:\/\/api.w.org\/{rel}","templated":true}]}}