{"id":25970,"date":"2023-04-07T16:06:07","date_gmt":"2023-04-07T22:06:07","guid":{"rendered":"https:\/\/www.bbmnoticias.com\/labravaradiofm\/?p=25970"},"modified":"2023-04-07T16:06:08","modified_gmt":"2023-04-07T22:06:08","slug":"reportan-suicidio-de-antonio-tarin-garcia-pieza-clave-en-juicio-del-exgobernador-cesar-duarte","status":"publish","type":"post","link":"https:\/\/www.bbmnoticias.com\/labravaradiofm\/2023\/04\/07\/reportan-suicidio-de-antonio-tarin-garcia-pieza-clave-en-juicio-del-exgobernador-cesar-duarte\/","title":{"rendered":"Reportan suicidio de Antonio Tar\u00edn Garc\u00eda, pieza clave en juicio del exgobernador C\u00e9sar Duarte"},"content":{"rendered":"<div style=\"margin-top: 0px; margin-bottom: 0px;\" class=\"sharethis-inline-share-buttons\" ><\/div>\n<p><strong>Ciudad Ju\u00e1rez.- <\/strong>La madrugada de este viernes se report\u00f3 la muerte de <strong>Antonio Tar\u00edn Garc\u00eda<\/strong>, exfuncionario en la administraci\u00f3n estatal del exgobernador priista<strong> C\u00e9sar Duarte<\/strong> que enfrentaba un proceso jur\u00eddico en su contra en libertad.<\/p>\n\n\n\n<p>La muerte fue reportada despu\u00e9s de lanzarse de un puente en la ciudad de Chihuahua, que se localiza sobre la calle Homero y Perif\u00e9rico de la Juventud.<\/p>\n\n\n\n<p>Al lugar llegaron elementos de diversas corporaciones policiacas, quienes informaron que el hombre se subi\u00f3 hasta lo m\u00e1s alto del puente y se lanz\u00f3 para quitarse la vida.<\/p>\n\n\n\n<p>Fue hasta m\u00e1s tarde que se confirm\u00f3 que se trataba de Antonio Tar\u00edn Garc\u00eda, quien era Director de Adquisiciones en la administraci\u00f3n de C\u00e9sar Duarte y enfrentaba desde el 2017 un proceso en su contra despu\u00e9s de que fuera detenido horas antes de tomar protesta como diputado federal en la Ciudad de M\u00e9xico.<\/p>\n\n\n\n<p>A Tar\u00edn Garc\u00eda se le acusaba por el delito de <strong>desv\u00edo de recursos p\u00fablicos <\/strong>y peculado en diversas \u00f3rdenes de aprehensi\u00f3n en su contra.<\/p>\n\n\n\n<p>De acuerdo con datos oficiales, sali\u00f3 de prisi\u00f3n en diciembre de 2021 y portaba un brazalete como parte del proceso que enfrentaba en libertad, pues seg\u00fan se ha informado a\u00fan no ten\u00eda una sentencia condenatoria.<\/p>\n\n\n\n<p>Hasta el momento se desconoce si el fallecido dej\u00f3 alg\u00fan mensaje p\u00f3stumo o alguna reacci\u00f3n de la familia sobre este hecho.<\/p>\n","protected":false},"excerpt":{"rendered":"<p>Ciudad Ju\u00e1rez.- La madrugada de este viernes se report\u00f3 la muerte de Antonio Tar\u00edn Garc\u00eda, exfuncionario en la administraci\u00f3n estatal del exgobernador priista C\u00e9sar Duarte que enfrentaba un proceso jur\u00eddico en su contra en libertad. La muerte fue reportada despu\u00e9s de lanzarse de un puente en la ciudad de Chihuahua, que se localiza sobre la [&hellip;]<\/p>\n","protected":false},"author":4,"featured_media":25971,"comment_status":"closed","ping_status":"closed","sticky":false,"template":"","format":"standard","meta":{"footnotes":""},"categories":[19],"tags":[],"class_list":{"0":"post-25970","1":"post","2":"type-post","3":"status-publish","4":"format-standard","5":"has-post-thumbnail","7":"category-nacional"},"yoast_head":"<!-- This site is optimized with the Yoast SEO plugin v27.4 - https:\/\/yoast.com\/product\/yoast-seo-wordpress\/ -->\n<title>Reportan suicidio de Antonio Tar\u00edn Garc\u00eda, pieza clave en juicio del exgobernador C\u00e9sar Duarte - LA BRAVA RADIO<\/title>\n<meta name=\"robots\" content=\"index, follow, max-snippet:-1, max-image-preview:large, max-video-preview:-1\" \/>\n<link rel=\"canonical\" href=\"https:\/\/www.bbmnoticias.com\/labravaradiofm\/2023\/04\/07\/reportan-suicidio-de-antonio-tarin-garcia-pieza-clave-en-juicio-del-exgobernador-cesar-duarte\/\" \/>\n<meta property=\"og:locale\" content=\"es_MX\" \/>\n<meta property=\"og:type\" content=\"article\" \/>\n<meta property=\"og:title\" content=\"Reportan suicidio de Antonio Tar\u00edn Garc\u00eda, pieza clave en juicio del exgobernador C\u00e9sar Duarte - LA BRAVA RADIO\" \/>\n<meta property=\"og:description\" content=\"Ciudad Ju\u00e1rez.- La madrugada de este viernes se report\u00f3 la muerte de Antonio Tar\u00edn Garc\u00eda, exfuncionario en la administraci\u00f3n estatal del exgobernador priista C\u00e9sar Duarte que enfrentaba un proceso jur\u00eddico en su contra en libertad. La muerte fue reportada despu\u00e9s de lanzarse de un puente en la ciudad de Chihuahua, que se localiza sobre la [&hellip;]\" \/>\n<meta property=\"og:url\" content=\"https:\/\/www.bbmnoticias.com\/labravaradiofm\/2023\/04\/07\/reportan-suicidio-de-antonio-tarin-garcia-pieza-clave-en-juicio-del-exgobernador-cesar-duarte\/\" \/>\n<meta property=\"og:site_name\" content=\"LA BRAVA RADIO\" \/>\n<meta property=\"article:published_time\" content=\"2023-04-07T22:06:07+00:00\" \/>\n<meta property=\"article:modified_time\" content=\"2023-04-07T22:06:08+00:00\" \/>\n<meta property=\"og:image\" content=\"https:\/\/www.bbmnoticias.com\/labravaradiofm\/wp-content\/uploads\/sites\/5\/2023\/04\/antonio-tarin.jpg\" \/>\n\t<meta property=\"og:image:width\" content=\"800\" \/>\n\t<meta property=\"og:image:height\" content=\"484\" \/>\n\t<meta property=\"og:image:type\" content=\"image\/jpeg\" \/>\n<meta name=\"author\" content=\"Agencias\" \/>\n<meta name=\"twitter:card\" content=\"summary_large_image\" \/>\n<meta name=\"twitter:label1\" content=\"Escrito por\" \/>\n\t<meta name=\"twitter:data1\" content=\"Agencias\" \/>\n\t<meta name=\"twitter:label2\" content=\"Tiempo de lectura\" \/>\n\t<meta name=\"twitter:data2\" content=\"2 minutos\" \/>\n<script type=\"application\/ld+json\" class=\"yoast-schema-graph\">{\"@context\":\"https:\\\/\\\/schema.org\",\"@graph\":[{\"@type\":\"Article\",\"@id\":\"https:\\\/\\\/www.bbmnoticias.com\\\/labravaradiofm\\\/2023\\\/04\\\/07\\\/reportan-suicidio-de-antonio-tarin-garcia-pieza-clave-en-juicio-del-exgobernador-cesar-duarte\\\/#article\",\"isPartOf\":{\"@id\":\"https:\\\/\\\/www.bbmnoticias.com\\\/labravaradiofm\\\/2023\\\/04\\\/07\\\/reportan-suicidio-de-antonio-tarin-garcia-pieza-clave-en-juicio-del-exgobernador-cesar-duarte\\\/\"},\"author\":{\"name\":\"Agencias\",\"@id\":\"https:\\\/\\\/www.bbmnoticias.com\\\/labravaradiofm\\\/#\\\/schema\\\/person\\\/857a3daf5c8142f29919023f377fbfad\"},\"headline\":\"Reportan suicidio de Antonio Tar\u00edn Garc\u00eda, pieza clave en juicio del exgobernador C\u00e9sar Duarte\",\"datePublished\":\"2023-04-07T22:06:07+00:00\",\"dateModified\":\"2023-04-07T22:06:08+00:00\",\"mainEntityOfPage\":{\"@id\":\"https:\\\/\\\/www.bbmnoticias.com\\\/labravaradiofm\\\/2023\\\/04\\\/07\\\/reportan-suicidio-de-antonio-tarin-garcia-pieza-clave-en-juicio-del-exgobernador-cesar-duarte\\\/\"},\"wordCount\":267,\"image\":{\"@id\":\"https:\\\/\\\/www.bbmnoticias.com\\\/labravaradiofm\\\/2023\\\/04\\\/07\\\/reportan-suicidio-de-antonio-tarin-garcia-pieza-clave-en-juicio-del-exgobernador-cesar-duarte\\\/#primaryimage\"},\"thumbnailUrl\":\"https:\\\/\\\/www.bbmnoticias.com\\\/labravaradiofm\\\/wp-content\\\/uploads\\\/sites\\\/5\\\/2023\\\/04\\\/antonio-tarin.jpg\",\"articleSection\":[\"NACIONAL\"],\"inLanguage\":\"es\"},{\"@type\":\"WebPage\",\"@id\":\"https:\\\/\\\/www.bbmnoticias.com\\\/labravaradiofm\\\/2023\\\/04\\\/07\\\/reportan-suicidio-de-antonio-tarin-garcia-pieza-clave-en-juicio-del-exgobernador-cesar-duarte\\\/\",\"url\":\"https:\\\/\\\/www.bbmnoticias.com\\\/labravaradiofm\\\/2023\\\/04\\\/07\\\/reportan-suicidio-de-antonio-tarin-garcia-pieza-clave-en-juicio-del-exgobernador-cesar-duarte\\\/\",\"name\":\"Reportan suicidio de Antonio Tar\u00edn Garc\u00eda, pieza clave en juicio del exgobernador C\u00e9sar Duarte - LA BRAVA RADIO\",\"isPartOf\":{\"@id\":\"https:\\\/\\\/www.bbmnoticias.com\\\/labravaradiofm\\\/#website\"},\"primaryImageOfPage\":{\"@id\":\"https:\\\/\\\/www.bbmnoticias.com\\\/labravaradiofm\\\/2023\\\/04\\\/07\\\/reportan-suicidio-de-antonio-tarin-garcia-pieza-clave-en-juicio-del-exgobernador-cesar-duarte\\\/#primaryimage\"},\"image\":{\"@id\":\"https:\\\/\\\/www.bbmnoticias.com\\\/labravaradiofm\\\/2023\\\/04\\\/07\\\/reportan-suicidio-de-antonio-tarin-garcia-pieza-clave-en-juicio-del-exgobernador-cesar-duarte\\\/#primaryimage\"},\"thumbnailUrl\":\"https:\\\/\\\/www.bbmnoticias.com\\\/labravaradiofm\\\/wp-content\\\/uploads\\\/sites\\\/5\\\/2023\\\/04\\\/antonio-tarin.jpg\",\"datePublished\":\"2023-04-07T22:06:07+00:00\",\"dateModified\":\"2023-04-07T22:06:08+00:00\",\"author\":{\"@id\":\"https:\\\/\\\/www.bbmnoticias.com\\\/labravaradiofm\\\/#\\\/schema\\\/person\\\/857a3daf5c8142f29919023f377fbfad\"},\"breadcrumb\":{\"@id\":\"https:\\\/\\\/www.bbmnoticias.com\\\/labravaradiofm\\\/2023\\\/04\\\/07\\\/reportan-suicidio-de-antonio-tarin-garcia-pieza-clave-en-juicio-del-exgobernador-cesar-duarte\\\/#breadcrumb\"},\"inLanguage\":\"es\",\"potentialAction\":[{\"@type\":\"ReadAction\",\"target\":[\"https:\\\/\\\/www.bbmnoticias.com\\\/labravaradiofm\\\/2023\\\/04\\\/07\\\/reportan-suicidio-de-antonio-tarin-garcia-pieza-clave-en-juicio-del-exgobernador-cesar-duarte\\\/\"]}]},{\"@type\":\"ImageObject\",\"inLanguage\":\"es\",\"@id\":\"https:\\\/\\\/www.bbmnoticias.com\\\/labravaradiofm\\\/2023\\\/04\\\/07\\\/reportan-suicidio-de-antonio-tarin-garcia-pieza-clave-en-juicio-del-exgobernador-cesar-duarte\\\/#primaryimage\",\"url\":\"https:\\\/\\\/www.bbmnoticias.com\\\/labravaradiofm\\\/wp-content\\\/uploads\\\/sites\\\/5\\\/2023\\\/04\\\/antonio-tarin.jpg\",\"contentUrl\":\"https:\\\/\\\/www.bbmnoticias.com\\\/labravaradiofm\\\/wp-content\\\/uploads\\\/sites\\\/5\\\/2023\\\/04\\\/antonio-tarin.jpg\",\"width\":800,\"height\":484},{\"@type\":\"BreadcrumbList\",\"@id\":\"https:\\\/\\\/www.bbmnoticias.com\\\/labravaradiofm\\\/2023\\\/04\\\/07\\\/reportan-suicidio-de-antonio-tarin-garcia-pieza-clave-en-juicio-del-exgobernador-cesar-duarte\\\/#breadcrumb\",\"itemListElement\":[{\"@type\":\"ListItem\",\"position\":1,\"name\":\"Inicio\",\"item\":\"https:\\\/\\\/www.bbmnoticias.com\\\/labravaradiofm\\\/\"},{\"@type\":\"ListItem\",\"position\":2,\"name\":\"Reportan suicidio de Antonio Tar\u00edn Garc\u00eda, pieza clave en juicio del exgobernador C\u00e9sar Duarte\"}]},{\"@type\":\"WebSite\",\"@id\":\"https:\\\/\\\/www.bbmnoticias.com\\\/labravaradiofm\\\/#website\",\"url\":\"https:\\\/\\\/www.bbmnoticias.com\\\/labravaradiofm\\\/\",\"name\":\"LA BRAVA RADIO\",\"description\":\"Empresa productora de medios, Radiodifusi\u00f3n, Noticias, tendencias y todo lo que necesitas saber de la pol\u00edtica mexicana e internacional; entretenimiento, espect\u00e1culos, salud y mucho m\u00e1s.\",\"potentialAction\":[{\"@type\":\"SearchAction\",\"target\":{\"@type\":\"EntryPoint\",\"urlTemplate\":\"https:\\\/\\\/www.bbmnoticias.com\\\/labravaradiofm\\\/?s={search_term_string}\"},\"query-input\":{\"@type\":\"PropertyValueSpecification\",\"valueRequired\":true,\"valueName\":\"search_term_string\"}}],\"inLanguage\":\"es\"},{\"@type\":\"Person\",\"@id\":\"https:\\\/\\\/www.bbmnoticias.com\\\/labravaradiofm\\\/#\\\/schema\\\/person\\\/857a3daf5c8142f29919023f377fbfad\",\"name\":\"Agencias\",\"image\":{\"@type\":\"ImageObject\",\"inLanguage\":\"es\",\"@id\":\"https:\\\/\\\/secure.gravatar.com\\\/avatar\\\/739e0b61adf9e398b425c36718c8752286da0e8cd90f20ce9a86678abc26aa0d?s=96&d=mm&r=g\",\"url\":\"https:\\\/\\\/secure.gravatar.com\\\/avatar\\\/739e0b61adf9e398b425c36718c8752286da0e8cd90f20ce9a86678abc26aa0d?s=96&d=mm&r=g\",\"contentUrl\":\"https:\\\/\\\/secure.gravatar.com\\\/avatar\\\/739e0b61adf9e398b425c36718c8752286da0e8cd90f20ce9a86678abc26aa0d?s=96&d=mm&r=g\",\"caption\":\"Agencias\"},\"url\":\"https:\\\/\\\/www.bbmnoticias.com\\\/labravaradiofm\\\/author\\\/agencias\\\/\"}]}<\/script>\n<!-- \/ Yoast SEO plugin. -->","yoast_head_json":{"title":"Reportan suicidio de Antonio Tar\u00edn Garc\u00eda, pieza clave en juicio del exgobernador C\u00e9sar Duarte - LA BRAVA RADIO","robots":{"index":"index","follow":"follow","max-snippet":"max-snippet:-1","max-image-preview":"max-image-preview:large","max-video-preview":"max-video-preview:-1"},"canonical":"https:\/\/www.bbmnoticias.com\/labravaradiofm\/2023\/04\/07\/reportan-suicidio-de-antonio-tarin-garcia-pieza-clave-en-juicio-del-exgobernador-cesar-duarte\/","og_locale":"es_MX","og_type":"article","og_title":"Reportan suicidio de Antonio Tar\u00edn Garc\u00eda, pieza clave en juicio del exgobernador C\u00e9sar Duarte - LA BRAVA RADIO","og_description":"Ciudad Ju\u00e1rez.- La madrugada de este viernes se report\u00f3 la muerte de Antonio Tar\u00edn Garc\u00eda, exfuncionario en la administraci\u00f3n estatal del exgobernador priista C\u00e9sar Duarte que enfrentaba un proceso jur\u00eddico en su contra en libertad. La muerte fue reportada despu\u00e9s de lanzarse de un puente en la ciudad de Chihuahua, que se localiza sobre la [&hellip;]","og_url":"https:\/\/www.bbmnoticias.com\/labravaradiofm\/2023\/04\/07\/reportan-suicidio-de-antonio-tarin-garcia-pieza-clave-en-juicio-del-exgobernador-cesar-duarte\/","og_site_name":"LA BRAVA RADIO","article_published_time":"2023-04-07T22:06:07+00:00","article_modified_time":"2023-04-07T22:06:08+00:00","og_image":[{"width":800,"height":484,"url":"https:\/\/www.bbmnoticias.com\/labravaradiofm\/wp-content\/uploads\/sites\/5\/2023\/04\/antonio-tarin.jpg","type":"image\/jpeg"}],"author":"Agencias","twitter_card":"summary_large_image","twitter_misc":{"Escrito por":"Agencias","Tiempo de lectura":"2 minutos"},"schema":{"@context":"https:\/\/schema.org","@graph":[{"@type":"Article","@id":"https:\/\/www.bbmnoticias.com\/labravaradiofm\/2023\/04\/07\/reportan-suicidio-de-antonio-tarin-garcia-pieza-clave-en-juicio-del-exgobernador-cesar-duarte\/#article","isPartOf":{"@id":"https:\/\/www.bbmnoticias.com\/labravaradiofm\/2023\/04\/07\/reportan-suicidio-de-antonio-tarin-garcia-pieza-clave-en-juicio-del-exgobernador-cesar-duarte\/"},"author":{"name":"Agencias","@id":"https:\/\/www.bbmnoticias.com\/labravaradiofm\/#\/schema\/person\/857a3daf5c8142f29919023f377fbfad"},"headline":"Reportan suicidio de Antonio Tar\u00edn Garc\u00eda, pieza clave en juicio del exgobernador C\u00e9sar Duarte","datePublished":"2023-04-07T22:06:07+00:00","dateModified":"2023-04-07T22:06:08+00:00","mainEntityOfPage":{"@id":"https:\/\/www.bbmnoticias.com\/labravaradiofm\/2023\/04\/07\/reportan-suicidio-de-antonio-tarin-garcia-pieza-clave-en-juicio-del-exgobernador-cesar-duarte\/"},"wordCount":267,"image":{"@id":"https:\/\/www.bbmnoticias.com\/labravaradiofm\/2023\/04\/07\/reportan-suicidio-de-antonio-tarin-garcia-pieza-clave-en-juicio-del-exgobernador-cesar-duarte\/#primaryimage"},"thumbnailUrl":"https:\/\/www.bbmnoticias.com\/labravaradiofm\/wp-content\/uploads\/sites\/5\/2023\/04\/antonio-tarin.jpg","articleSection":["NACIONAL"],"inLanguage":"es"},{"@type":"WebPage","@id":"https:\/\/www.bbmnoticias.com\/labravaradiofm\/2023\/04\/07\/reportan-suicidio-de-antonio-tarin-garcia-pieza-clave-en-juicio-del-exgobernador-cesar-duarte\/","url":"https:\/\/www.bbmnoticias.com\/labravaradiofm\/2023\/04\/07\/reportan-suicidio-de-antonio-tarin-garcia-pieza-clave-en-juicio-del-exgobernador-cesar-duarte\/","name":"Reportan suicidio de Antonio Tar\u00edn Garc\u00eda, pieza clave en juicio del exgobernador C\u00e9sar Duarte - LA BRAVA RADIO","isPartOf":{"@id":"https:\/\/www.bbmnoticias.com\/labravaradiofm\/#website"},"primaryImageOfPage":{"@id":"https:\/\/www.bbmnoticias.com\/labravaradiofm\/2023\/04\/07\/reportan-suicidio-de-antonio-tarin-garcia-pieza-clave-en-juicio-del-exgobernador-cesar-duarte\/#primaryimage"},"image":{"@id":"https:\/\/www.bbmnoticias.com\/labravaradiofm\/2023\/04\/07\/reportan-suicidio-de-antonio-tarin-garcia-pieza-clave-en-juicio-del-exgobernador-cesar-duarte\/#primaryimage"},"thumbnailUrl":"https:\/\/www.bbmnoticias.com\/labravaradiofm\/wp-content\/uploads\/sites\/5\/2023\/04\/antonio-tarin.jpg","datePublished":"2023-04-07T22:06:07+00:00","dateModified":"2023-04-07T22:06:08+00:00","author":{"@id":"https:\/\/www.bbmnoticias.com\/labravaradiofm\/#\/schema\/person\/857a3daf5c8142f29919023f377fbfad"},"breadcrumb":{"@id":"https:\/\/www.bbmnoticias.com\/labravaradiofm\/2023\/04\/07\/reportan-suicidio-de-antonio-tarin-garcia-pieza-clave-en-juicio-del-exgobernador-cesar-duarte\/#breadcrumb"},"inLanguage":"es","potentialAction":[{"@type":"ReadAction","target":["https:\/\/www.bbmnoticias.com\/labravaradiofm\/2023\/04\/07\/reportan-suicidio-de-antonio-tarin-garcia-pieza-clave-en-juicio-del-exgobernador-cesar-duarte\/"]}]},{"@type":"ImageObject","inLanguage":"es","@id":"https:\/\/www.bbmnoticias.com\/labravaradiofm\/2023\/04\/07\/reportan-suicidio-de-antonio-tarin-garcia-pieza-clave-en-juicio-del-exgobernador-cesar-duarte\/#primaryimage","url":"https:\/\/www.bbmnoticias.com\/labravaradiofm\/wp-content\/uploads\/sites\/5\/2023\/04\/antonio-tarin.jpg","contentUrl":"https:\/\/www.bbmnoticias.com\/labravaradiofm\/wp-content\/uploads\/sites\/5\/2023\/04\/antonio-tarin.jpg","width":800,"height":484},{"@type":"BreadcrumbList","@id":"https:\/\/www.bbmnoticias.com\/labravaradiofm\/2023\/04\/07\/reportan-suicidio-de-antonio-tarin-garcia-pieza-clave-en-juicio-del-exgobernador-cesar-duarte\/#breadcrumb","itemListElement":[{"@type":"ListItem","position":1,"name":"Inicio","item":"https:\/\/www.bbmnoticias.com\/labravaradiofm\/"},{"@type":"ListItem","position":2,"name":"Reportan suicidio de Antonio Tar\u00edn Garc\u00eda, pieza clave en juicio del exgobernador C\u00e9sar Duarte"}]},{"@type":"WebSite","@id":"https:\/\/www.bbmnoticias.com\/labravaradiofm\/#website","url":"https:\/\/www.bbmnoticias.com\/labravaradiofm\/","name":"LA BRAVA RADIO","description":"Empresa productora de medios, Radiodifusi\u00f3n, Noticias, tendencias y todo lo que necesitas saber de la pol\u00edtica mexicana e internacional; entretenimiento, espect\u00e1culos, salud y mucho m\u00e1s.","potentialAction":[{"@type":"SearchAction","target":{"@type":"EntryPoint","urlTemplate":"https:\/\/www.bbmnoticias.com\/labravaradiofm\/?s={search_term_string}"},"query-input":{"@type":"PropertyValueSpecification","valueRequired":true,"valueName":"search_term_string"}}],"inLanguage":"es"},{"@type":"Person","@id":"https:\/\/www.bbmnoticias.com\/labravaradiofm\/#\/schema\/person\/857a3daf5c8142f29919023f377fbfad","name":"Agencias","image":{"@type":"ImageObject","inLanguage":"es","@id":"https:\/\/secure.gravatar.com\/avatar\/739e0b61adf9e398b425c36718c8752286da0e8cd90f20ce9a86678abc26aa0d?s=96&d=mm&r=g","url":"https:\/\/secure.gravatar.com\/avatar\/739e0b61adf9e398b425c36718c8752286da0e8cd90f20ce9a86678abc26aa0d?s=96&d=mm&r=g","contentUrl":"https:\/\/secure.gravatar.com\/avatar\/739e0b61adf9e398b425c36718c8752286da0e8cd90f20ce9a86678abc26aa0d?s=96&d=mm&r=g","caption":"Agencias"},"url":"https:\/\/www.bbmnoticias.com\/labravaradiofm\/author\/agencias\/"}]}},"_links":{"self":[{"href":"https:\/\/www.bbmnoticias.com\/labravaradiofm\/wp-json\/wp\/v2\/posts\/25970","targetHints":{"allow":["GET"]}}],"collection":[{"href":"https:\/\/www.bbmnoticias.com\/labravaradiofm\/wp-json\/wp\/v2\/posts"}],"about":[{"href":"https:\/\/www.bbmnoticias.com\/labravaradiofm\/wp-json\/wp\/v2\/types\/post"}],"author":[{"embeddable":true,"href":"https:\/\/www.bbmnoticias.com\/labravaradiofm\/wp-json\/wp\/v2\/users\/4"}],"replies":[{"embeddable":true,"href":"https:\/\/www.bbmnoticias.com\/labravaradiofm\/wp-json\/wp\/v2\/comments?post=25970"}],"version-history":[{"count":0,"href":"https:\/\/www.bbmnoticias.com\/labravaradiofm\/wp-json\/wp\/v2\/posts\/25970\/revisions"}],"wp:featuredmedia":[{"embeddable":true,"href":"https:\/\/www.bbmnoticias.com\/labravaradiofm\/wp-json\/wp\/v2\/media\/25971"}],"wp:attachment":[{"href":"https:\/\/www.bbmnoticias.com\/labravaradiofm\/wp-json\/wp\/v2\/media?parent=25970"}],"wp:term":[{"taxonomy":"category","embeddable":true,"href":"https:\/\/www.bbmnoticias.com\/labravaradiofm\/wp-json\/wp\/v2\/categories?post=25970"},{"taxonomy":"post_tag","embeddable":true,"href":"https:\/\/www.bbmnoticias.com\/labravaradiofm\/wp-json\/wp\/v2\/tags?post=25970"}],"curies":[{"name":"wp","href":"https:\/\/api.w.org\/{rel}","templated":true}]}}