{"id":2597,"date":"2021-09-27T15:57:44","date_gmt":"2021-09-27T20:57:44","guid":{"rendered":"https:\/\/www.bbmnoticias.com\/labravaradiofm\/?p=2597"},"modified":"2021-09-27T15:57:45","modified_gmt":"2021-09-27T20:57:45","slug":"pedir-disculpas-no-significa-haber-cometido-abuso-placido-domingo","status":"publish","type":"post","link":"https:\/\/www.bbmnoticias.com\/labravaradiofm\/2021\/09\/27\/pedir-disculpas-no-significa-haber-cometido-abuso-placido-domingo\/","title":{"rendered":"Pedir disculpas no significa haber cometido abuso: Pl\u00e1cido Domingo"},"content":{"rendered":"<div style=\"margin-top: 0px; margin-bottom: 0px;\" class=\"sharethis-inline-share-buttons\" ><\/div>\n<p>El director de orquesta y cantante <strong>Pl\u00e1cido Domingo ha lamentado no poder actuar este s\u00e1bado, 25 de septiembre, con la Orquesta de Extremadura <\/strong>en el concierto de clausura del Stone &amp; Music Festival de<br>M\u00e9rida, tras el veto a su actuaci\u00f3n por parte de la Junta de Extremadura. El cantante se ha disculpado por las acusaciones de abuso sexual, pero ha precisado que &#8220;pedir disculpas no significa haber cometido un abuso&#8221;.<\/p>\n\n\n\n<p>Domingo ha asegurado estar &#8220;muy contento&#8221; por volver actuar en M\u00e9rida despu\u00e9s de 30 a\u00f1os, pero ha calificado de &#8220;triste&#8221; no hacerlo con la Orquesta de Extremadura. El cantante estar\u00e1 acompa\u00f1ado este s\u00e1bado sobre el escenario del Teatro Romano por la Orquesta Filarm\u00f3nica de Espa\u00f1a.<\/p>\n\n\n\n<p><strong>La Junta de Extremadura expres\u00f3 su rechazo a la actuaci\u00f3n del cantante de \u00f3pera dentro de la programaci\u00f3n del festival p<\/strong>or las acusaciones de abuso sexual y acord\u00f3 a ra\u00edz de ello, adem\u00e1s, que la<br>programaci\u00f3n de cualquier concierto, festival o evento que cuente con patrocinio por parte de la Administraci\u00f3n regional deber\u00e1 ser aprobada con anterioridad a la concesi\u00f3n de dicho patrocinio.<\/p>\n\n\n\n<blockquote class=\"wp-block-quote has-text-align-center is-layout-flow wp-block-quote-is-layout-flow\"><p>Lamento no poder actuar con la Orquesta de Extremadura, vengo de hacer conciertos por ciudades por toda Europa, incluidas Madrid y Marbella, donde me han recibido con mucho cari\u00f1o en todas partes&#8221;, ha explicado el cantante en declaraciones realizadas a Europa Press.<\/p><\/blockquote>\n\n\n\n<p>Domingo ha asegurado no querer entrar en pol\u00e9micas pero ha asegurado que las acusaciones de abusos &#8220;son un enorme malentendido&#8221;.<\/p>\n\n\n\n<blockquote class=\"wp-block-quote has-text-align-center is-layout-flow wp-block-quote-is-layout-flow\"><p><strong>Nunca he abusado de nadie ni de nada <\/strong>y este es el resultado de las investigaciones internas no judiciales con las que he colaborado voluntariamente y no hay nada en los tribunales&#8221;, ha asegurado el director de orquesta.<\/p><p>Asimismo<strong>, ha reiterado sus disculpas &#8220;por si hubiese incomodado a alguien sin querer&#8221;<\/strong>, pero ha precisado que esas disculpas &#8220;son un deber moral&#8221;.<\/p><p>Pedir disculpas no significa haber cometido un abuso&#8221;, ha puntualizado Pl\u00e1cido Domingo quien ha admitido sentir tristeza por la situaci\u00f3n.<\/p><\/blockquote>\n\n\n\n<p>Es triste que me pongan etiquetas sin conocerme, sin saber la vedad de los hechos, pero a\u00fan m\u00e1s triste que suceda en mi pa\u00eds, en Espa\u00f1a, que llevo en mi coraz\u00f3n y siempre la he llevado con orgullo por todo el mundo&#8221;, ha indicado el compositor.<\/p>\n\n\n\n<p>Por otra parte, Domingo ha expresado su satisfacci\u00f3n por la propuesta para declarar la zarzuela como Patrimonio Inmaterial de la Humanidad.<\/p>\n\n\n\n<p>La zarzuela ha vivido conmigo antes de haber nacido, me siento orgulloso de haberla llevado por todas partes y es incre\u00edble c\u00f3mo reacciona el p\u00fablico que, por donde quiera que sea, en todas las<br>naciones, se vuelve loco con la zarzuela&#8221;, ha indicado el cantante. Domingo ha recordado los lazos que le unen con el g\u00e9nero l\u00edrico que, seg\u00fan ha explicado, empez\u00f3 a escuchar &#8220;antes de nacer&#8221;. &#8220;Mi madre<br>estaba embarazada en su noveno mes y segu\u00eda cantando en el teatro&#8221;, ha explicado Domingo, quien record\u00f3 la profesi\u00f3n art\u00edstica de sus padres.<\/p>\n","protected":false},"excerpt":{"rendered":"<p>El director de orquesta y cantante Pl\u00e1cido Domingo ha lamentado no poder actuar este s\u00e1bado, 25 de septiembre, con la Orquesta de Extremadura en el concierto de clausura del Stone &amp; Music Festival deM\u00e9rida, tras el veto a su actuaci\u00f3n por parte de la Junta de Extremadura. El cantante se ha disculpado por las acusaciones [&hellip;]<\/p>\n","protected":false},"author":8,"featured_media":2598,"comment_status":"closed","ping_status":"closed","sticky":false,"template":"","format":"standard","meta":{"footnotes":""},"categories":[1],"tags":[],"class_list":{"0":"post-2597","1":"post","2":"type-post","3":"status-publish","4":"format-standard","5":"has-post-thumbnail","7":"category-sin-categoria"},"yoast_head":"<!-- This site is optimized with the Yoast SEO plugin v27.4 - https:\/\/yoast.com\/product\/yoast-seo-wordpress\/ -->\n<title>Pedir disculpas no significa haber cometido abuso: Pl\u00e1cido Domingo - LA BRAVA RADIO<\/title>\n<meta name=\"robots\" content=\"index, follow, max-snippet:-1, max-image-preview:large, max-video-preview:-1\" \/>\n<link rel=\"canonical\" href=\"https:\/\/www.bbmnoticias.com\/labravaradiofm\/2021\/09\/27\/pedir-disculpas-no-significa-haber-cometido-abuso-placido-domingo\/\" \/>\n<meta property=\"og:locale\" content=\"es_MX\" \/>\n<meta property=\"og:type\" content=\"article\" \/>\n<meta property=\"og:title\" content=\"Pedir disculpas no significa haber cometido abuso: Pl\u00e1cido Domingo - LA BRAVA RADIO\" \/>\n<meta property=\"og:description\" content=\"El director de orquesta y cantante Pl\u00e1cido Domingo ha lamentado no poder actuar este s\u00e1bado, 25 de septiembre, con la Orquesta de Extremadura en el concierto de clausura del Stone &amp; Music Festival deM\u00e9rida, tras el veto a su actuaci\u00f3n por parte de la Junta de Extremadura. El cantante se ha disculpado por las acusaciones [&hellip;]\" \/>\n<meta property=\"og:url\" content=\"https:\/\/www.bbmnoticias.com\/labravaradiofm\/2021\/09\/27\/pedir-disculpas-no-significa-haber-cometido-abuso-placido-domingo\/\" \/>\n<meta property=\"og:site_name\" content=\"LA BRAVA RADIO\" \/>\n<meta property=\"article:published_time\" content=\"2021-09-27T20:57:44+00:00\" \/>\n<meta property=\"article:modified_time\" content=\"2021-09-27T20:57:45+00:00\" \/>\n<meta property=\"og:image\" content=\"https:\/\/www.bbmnoticias.com\/labravaradiofm\/wp-content\/uploads\/sites\/5\/2021\/09\/Espectaculos1-27.09.21.jpg\" \/>\n\t<meta property=\"og:image:width\" content=\"800\" \/>\n\t<meta property=\"og:image:height\" content=\"600\" \/>\n\t<meta property=\"og:image:type\" content=\"image\/jpeg\" \/>\n<meta name=\"author\" content=\"Exc\u00e9lsior\" \/>\n<meta name=\"twitter:card\" content=\"summary_large_image\" \/>\n<meta name=\"twitter:label1\" content=\"Escrito por\" \/>\n\t<meta name=\"twitter:data1\" content=\"Exc\u00e9lsior\" \/>\n\t<meta name=\"twitter:label2\" content=\"Tiempo de lectura\" \/>\n\t<meta name=\"twitter:data2\" content=\"3 minutos\" \/>\n<script type=\"application\/ld+json\" class=\"yoast-schema-graph\">{\"@context\":\"https:\\\/\\\/schema.org\",\"@graph\":[{\"@type\":\"Article\",\"@id\":\"https:\\\/\\\/www.bbmnoticias.com\\\/labravaradiofm\\\/2021\\\/09\\\/27\\\/pedir-disculpas-no-significa-haber-cometido-abuso-placido-domingo\\\/#article\",\"isPartOf\":{\"@id\":\"https:\\\/\\\/www.bbmnoticias.com\\\/labravaradiofm\\\/2021\\\/09\\\/27\\\/pedir-disculpas-no-significa-haber-cometido-abuso-placido-domingo\\\/\"},\"author\":{\"name\":\"Exc\u00e9lsior\",\"@id\":\"https:\\\/\\\/www.bbmnoticias.com\\\/labravaradiofm\\\/#\\\/schema\\\/person\\\/279575048ab2ce30543ef887b4b9095f\"},\"headline\":\"Pedir disculpas no significa haber cometido abuso: Pl\u00e1cido Domingo\",\"datePublished\":\"2021-09-27T20:57:44+00:00\",\"dateModified\":\"2021-09-27T20:57:45+00:00\",\"mainEntityOfPage\":{\"@id\":\"https:\\\/\\\/www.bbmnoticias.com\\\/labravaradiofm\\\/2021\\\/09\\\/27\\\/pedir-disculpas-no-significa-haber-cometido-abuso-placido-domingo\\\/\"},\"wordCount\":522,\"image\":{\"@id\":\"https:\\\/\\\/www.bbmnoticias.com\\\/labravaradiofm\\\/2021\\\/09\\\/27\\\/pedir-disculpas-no-significa-haber-cometido-abuso-placido-domingo\\\/#primaryimage\"},\"thumbnailUrl\":\"https:\\\/\\\/www.bbmnoticias.com\\\/labravaradiofm\\\/wp-content\\\/uploads\\\/sites\\\/5\\\/2021\\\/09\\\/Espectaculos1-27.09.21.jpg\",\"inLanguage\":\"es\"},{\"@type\":\"WebPage\",\"@id\":\"https:\\\/\\\/www.bbmnoticias.com\\\/labravaradiofm\\\/2021\\\/09\\\/27\\\/pedir-disculpas-no-significa-haber-cometido-abuso-placido-domingo\\\/\",\"url\":\"https:\\\/\\\/www.bbmnoticias.com\\\/labravaradiofm\\\/2021\\\/09\\\/27\\\/pedir-disculpas-no-significa-haber-cometido-abuso-placido-domingo\\\/\",\"name\":\"Pedir disculpas no significa haber cometido abuso: Pl\u00e1cido Domingo - LA BRAVA RADIO\",\"isPartOf\":{\"@id\":\"https:\\\/\\\/www.bbmnoticias.com\\\/labravaradiofm\\\/#website\"},\"primaryImageOfPage\":{\"@id\":\"https:\\\/\\\/www.bbmnoticias.com\\\/labravaradiofm\\\/2021\\\/09\\\/27\\\/pedir-disculpas-no-significa-haber-cometido-abuso-placido-domingo\\\/#primaryimage\"},\"image\":{\"@id\":\"https:\\\/\\\/www.bbmnoticias.com\\\/labravaradiofm\\\/2021\\\/09\\\/27\\\/pedir-disculpas-no-significa-haber-cometido-abuso-placido-domingo\\\/#primaryimage\"},\"thumbnailUrl\":\"https:\\\/\\\/www.bbmnoticias.com\\\/labravaradiofm\\\/wp-content\\\/uploads\\\/sites\\\/5\\\/2021\\\/09\\\/Espectaculos1-27.09.21.jpg\",\"datePublished\":\"2021-09-27T20:57:44+00:00\",\"dateModified\":\"2021-09-27T20:57:45+00:00\",\"author\":{\"@id\":\"https:\\\/\\\/www.bbmnoticias.com\\\/labravaradiofm\\\/#\\\/schema\\\/person\\\/279575048ab2ce30543ef887b4b9095f\"},\"breadcrumb\":{\"@id\":\"https:\\\/\\\/www.bbmnoticias.com\\\/labravaradiofm\\\/2021\\\/09\\\/27\\\/pedir-disculpas-no-significa-haber-cometido-abuso-placido-domingo\\\/#breadcrumb\"},\"inLanguage\":\"es\",\"potentialAction\":[{\"@type\":\"ReadAction\",\"target\":[\"https:\\\/\\\/www.bbmnoticias.com\\\/labravaradiofm\\\/2021\\\/09\\\/27\\\/pedir-disculpas-no-significa-haber-cometido-abuso-placido-domingo\\\/\"]}]},{\"@type\":\"ImageObject\",\"inLanguage\":\"es\",\"@id\":\"https:\\\/\\\/www.bbmnoticias.com\\\/labravaradiofm\\\/2021\\\/09\\\/27\\\/pedir-disculpas-no-significa-haber-cometido-abuso-placido-domingo\\\/#primaryimage\",\"url\":\"https:\\\/\\\/www.bbmnoticias.com\\\/labravaradiofm\\\/wp-content\\\/uploads\\\/sites\\\/5\\\/2021\\\/09\\\/Espectaculos1-27.09.21.jpg\",\"contentUrl\":\"https:\\\/\\\/www.bbmnoticias.com\\\/labravaradiofm\\\/wp-content\\\/uploads\\\/sites\\\/5\\\/2021\\\/09\\\/Espectaculos1-27.09.21.jpg\",\"width\":800,\"height\":600},{\"@type\":\"BreadcrumbList\",\"@id\":\"https:\\\/\\\/www.bbmnoticias.com\\\/labravaradiofm\\\/2021\\\/09\\\/27\\\/pedir-disculpas-no-significa-haber-cometido-abuso-placido-domingo\\\/#breadcrumb\",\"itemListElement\":[{\"@type\":\"ListItem\",\"position\":1,\"name\":\"Inicio\",\"item\":\"https:\\\/\\\/www.bbmnoticias.com\\\/labravaradiofm\\\/\"},{\"@type\":\"ListItem\",\"position\":2,\"name\":\"Pedir disculpas no significa haber cometido abuso: Pl\u00e1cido Domingo\"}]},{\"@type\":\"WebSite\",\"@id\":\"https:\\\/\\\/www.bbmnoticias.com\\\/labravaradiofm\\\/#website\",\"url\":\"https:\\\/\\\/www.bbmnoticias.com\\\/labravaradiofm\\\/\",\"name\":\"LA BRAVA RADIO\",\"description\":\"Empresa productora de medios, Radiodifusi\u00f3n, Noticias, tendencias y todo lo que necesitas saber de la pol\u00edtica mexicana e internacional; entretenimiento, espect\u00e1culos, salud y mucho m\u00e1s.\",\"potentialAction\":[{\"@type\":\"SearchAction\",\"target\":{\"@type\":\"EntryPoint\",\"urlTemplate\":\"https:\\\/\\\/www.bbmnoticias.com\\\/labravaradiofm\\\/?s={search_term_string}\"},\"query-input\":{\"@type\":\"PropertyValueSpecification\",\"valueRequired\":true,\"valueName\":\"search_term_string\"}}],\"inLanguage\":\"es\"},{\"@type\":\"Person\",\"@id\":\"https:\\\/\\\/www.bbmnoticias.com\\\/labravaradiofm\\\/#\\\/schema\\\/person\\\/279575048ab2ce30543ef887b4b9095f\",\"name\":\"Exc\u00e9lsior\",\"image\":{\"@type\":\"ImageObject\",\"inLanguage\":\"es\",\"@id\":\"https:\\\/\\\/secure.gravatar.com\\\/avatar\\\/497265c4dbe1cd0e2f3f1b19aba0f5779c7f95d09e139a5b83c1ecd47b4e780d?s=96&d=mm&r=g\",\"url\":\"https:\\\/\\\/secure.gravatar.com\\\/avatar\\\/497265c4dbe1cd0e2f3f1b19aba0f5779c7f95d09e139a5b83c1ecd47b4e780d?s=96&d=mm&r=g\",\"contentUrl\":\"https:\\\/\\\/secure.gravatar.com\\\/avatar\\\/497265c4dbe1cd0e2f3f1b19aba0f5779c7f95d09e139a5b83c1ecd47b4e780d?s=96&d=mm&r=g\",\"caption\":\"Exc\u00e9lsior\"},\"url\":\"https:\\\/\\\/www.bbmnoticias.com\\\/labravaradiofm\\\/author\\\/excelsior\\\/\"}]}<\/script>\n<!-- \/ Yoast SEO plugin. -->","yoast_head_json":{"title":"Pedir disculpas no significa haber cometido abuso: Pl\u00e1cido Domingo - LA BRAVA RADIO","robots":{"index":"index","follow":"follow","max-snippet":"max-snippet:-1","max-image-preview":"max-image-preview:large","max-video-preview":"max-video-preview:-1"},"canonical":"https:\/\/www.bbmnoticias.com\/labravaradiofm\/2021\/09\/27\/pedir-disculpas-no-significa-haber-cometido-abuso-placido-domingo\/","og_locale":"es_MX","og_type":"article","og_title":"Pedir disculpas no significa haber cometido abuso: Pl\u00e1cido Domingo - LA BRAVA RADIO","og_description":"El director de orquesta y cantante Pl\u00e1cido Domingo ha lamentado no poder actuar este s\u00e1bado, 25 de septiembre, con la Orquesta de Extremadura en el concierto de clausura del Stone &amp; Music Festival deM\u00e9rida, tras el veto a su actuaci\u00f3n por parte de la Junta de Extremadura. El cantante se ha disculpado por las acusaciones [&hellip;]","og_url":"https:\/\/www.bbmnoticias.com\/labravaradiofm\/2021\/09\/27\/pedir-disculpas-no-significa-haber-cometido-abuso-placido-domingo\/","og_site_name":"LA BRAVA RADIO","article_published_time":"2021-09-27T20:57:44+00:00","article_modified_time":"2021-09-27T20:57:45+00:00","og_image":[{"width":800,"height":600,"url":"https:\/\/www.bbmnoticias.com\/labravaradiofm\/wp-content\/uploads\/sites\/5\/2021\/09\/Espectaculos1-27.09.21.jpg","type":"image\/jpeg"}],"author":"Exc\u00e9lsior","twitter_card":"summary_large_image","twitter_misc":{"Escrito por":"Exc\u00e9lsior","Tiempo de lectura":"3 minutos"},"schema":{"@context":"https:\/\/schema.org","@graph":[{"@type":"Article","@id":"https:\/\/www.bbmnoticias.com\/labravaradiofm\/2021\/09\/27\/pedir-disculpas-no-significa-haber-cometido-abuso-placido-domingo\/#article","isPartOf":{"@id":"https:\/\/www.bbmnoticias.com\/labravaradiofm\/2021\/09\/27\/pedir-disculpas-no-significa-haber-cometido-abuso-placido-domingo\/"},"author":{"name":"Exc\u00e9lsior","@id":"https:\/\/www.bbmnoticias.com\/labravaradiofm\/#\/schema\/person\/279575048ab2ce30543ef887b4b9095f"},"headline":"Pedir disculpas no significa haber cometido abuso: Pl\u00e1cido Domingo","datePublished":"2021-09-27T20:57:44+00:00","dateModified":"2021-09-27T20:57:45+00:00","mainEntityOfPage":{"@id":"https:\/\/www.bbmnoticias.com\/labravaradiofm\/2021\/09\/27\/pedir-disculpas-no-significa-haber-cometido-abuso-placido-domingo\/"},"wordCount":522,"image":{"@id":"https:\/\/www.bbmnoticias.com\/labravaradiofm\/2021\/09\/27\/pedir-disculpas-no-significa-haber-cometido-abuso-placido-domingo\/#primaryimage"},"thumbnailUrl":"https:\/\/www.bbmnoticias.com\/labravaradiofm\/wp-content\/uploads\/sites\/5\/2021\/09\/Espectaculos1-27.09.21.jpg","inLanguage":"es"},{"@type":"WebPage","@id":"https:\/\/www.bbmnoticias.com\/labravaradiofm\/2021\/09\/27\/pedir-disculpas-no-significa-haber-cometido-abuso-placido-domingo\/","url":"https:\/\/www.bbmnoticias.com\/labravaradiofm\/2021\/09\/27\/pedir-disculpas-no-significa-haber-cometido-abuso-placido-domingo\/","name":"Pedir disculpas no significa haber cometido abuso: Pl\u00e1cido Domingo - LA BRAVA RADIO","isPartOf":{"@id":"https:\/\/www.bbmnoticias.com\/labravaradiofm\/#website"},"primaryImageOfPage":{"@id":"https:\/\/www.bbmnoticias.com\/labravaradiofm\/2021\/09\/27\/pedir-disculpas-no-significa-haber-cometido-abuso-placido-domingo\/#primaryimage"},"image":{"@id":"https:\/\/www.bbmnoticias.com\/labravaradiofm\/2021\/09\/27\/pedir-disculpas-no-significa-haber-cometido-abuso-placido-domingo\/#primaryimage"},"thumbnailUrl":"https:\/\/www.bbmnoticias.com\/labravaradiofm\/wp-content\/uploads\/sites\/5\/2021\/09\/Espectaculos1-27.09.21.jpg","datePublished":"2021-09-27T20:57:44+00:00","dateModified":"2021-09-27T20:57:45+00:00","author":{"@id":"https:\/\/www.bbmnoticias.com\/labravaradiofm\/#\/schema\/person\/279575048ab2ce30543ef887b4b9095f"},"breadcrumb":{"@id":"https:\/\/www.bbmnoticias.com\/labravaradiofm\/2021\/09\/27\/pedir-disculpas-no-significa-haber-cometido-abuso-placido-domingo\/#breadcrumb"},"inLanguage":"es","potentialAction":[{"@type":"ReadAction","target":["https:\/\/www.bbmnoticias.com\/labravaradiofm\/2021\/09\/27\/pedir-disculpas-no-significa-haber-cometido-abuso-placido-domingo\/"]}]},{"@type":"ImageObject","inLanguage":"es","@id":"https:\/\/www.bbmnoticias.com\/labravaradiofm\/2021\/09\/27\/pedir-disculpas-no-significa-haber-cometido-abuso-placido-domingo\/#primaryimage","url":"https:\/\/www.bbmnoticias.com\/labravaradiofm\/wp-content\/uploads\/sites\/5\/2021\/09\/Espectaculos1-27.09.21.jpg","contentUrl":"https:\/\/www.bbmnoticias.com\/labravaradiofm\/wp-content\/uploads\/sites\/5\/2021\/09\/Espectaculos1-27.09.21.jpg","width":800,"height":600},{"@type":"BreadcrumbList","@id":"https:\/\/www.bbmnoticias.com\/labravaradiofm\/2021\/09\/27\/pedir-disculpas-no-significa-haber-cometido-abuso-placido-domingo\/#breadcrumb","itemListElement":[{"@type":"ListItem","position":1,"name":"Inicio","item":"https:\/\/www.bbmnoticias.com\/labravaradiofm\/"},{"@type":"ListItem","position":2,"name":"Pedir disculpas no significa haber cometido abuso: Pl\u00e1cido Domingo"}]},{"@type":"WebSite","@id":"https:\/\/www.bbmnoticias.com\/labravaradiofm\/#website","url":"https:\/\/www.bbmnoticias.com\/labravaradiofm\/","name":"LA BRAVA RADIO","description":"Empresa productora de medios, Radiodifusi\u00f3n, Noticias, tendencias y todo lo que necesitas saber de la pol\u00edtica mexicana e internacional; entretenimiento, espect\u00e1culos, salud y mucho m\u00e1s.","potentialAction":[{"@type":"SearchAction","target":{"@type":"EntryPoint","urlTemplate":"https:\/\/www.bbmnoticias.com\/labravaradiofm\/?s={search_term_string}"},"query-input":{"@type":"PropertyValueSpecification","valueRequired":true,"valueName":"search_term_string"}}],"inLanguage":"es"},{"@type":"Person","@id":"https:\/\/www.bbmnoticias.com\/labravaradiofm\/#\/schema\/person\/279575048ab2ce30543ef887b4b9095f","name":"Exc\u00e9lsior","image":{"@type":"ImageObject","inLanguage":"es","@id":"https:\/\/secure.gravatar.com\/avatar\/497265c4dbe1cd0e2f3f1b19aba0f5779c7f95d09e139a5b83c1ecd47b4e780d?s=96&d=mm&r=g","url":"https:\/\/secure.gravatar.com\/avatar\/497265c4dbe1cd0e2f3f1b19aba0f5779c7f95d09e139a5b83c1ecd47b4e780d?s=96&d=mm&r=g","contentUrl":"https:\/\/secure.gravatar.com\/avatar\/497265c4dbe1cd0e2f3f1b19aba0f5779c7f95d09e139a5b83c1ecd47b4e780d?s=96&d=mm&r=g","caption":"Exc\u00e9lsior"},"url":"https:\/\/www.bbmnoticias.com\/labravaradiofm\/author\/excelsior\/"}]}},"_links":{"self":[{"href":"https:\/\/www.bbmnoticias.com\/labravaradiofm\/wp-json\/wp\/v2\/posts\/2597","targetHints":{"allow":["GET"]}}],"collection":[{"href":"https:\/\/www.bbmnoticias.com\/labravaradiofm\/wp-json\/wp\/v2\/posts"}],"about":[{"href":"https:\/\/www.bbmnoticias.com\/labravaradiofm\/wp-json\/wp\/v2\/types\/post"}],"author":[{"embeddable":true,"href":"https:\/\/www.bbmnoticias.com\/labravaradiofm\/wp-json\/wp\/v2\/users\/8"}],"replies":[{"embeddable":true,"href":"https:\/\/www.bbmnoticias.com\/labravaradiofm\/wp-json\/wp\/v2\/comments?post=2597"}],"version-history":[{"count":0,"href":"https:\/\/www.bbmnoticias.com\/labravaradiofm\/wp-json\/wp\/v2\/posts\/2597\/revisions"}],"wp:featuredmedia":[{"embeddable":true,"href":"https:\/\/www.bbmnoticias.com\/labravaradiofm\/wp-json\/wp\/v2\/media\/2598"}],"wp:attachment":[{"href":"https:\/\/www.bbmnoticias.com\/labravaradiofm\/wp-json\/wp\/v2\/media?parent=2597"}],"wp:term":[{"taxonomy":"category","embeddable":true,"href":"https:\/\/www.bbmnoticias.com\/labravaradiofm\/wp-json\/wp\/v2\/categories?post=2597"},{"taxonomy":"post_tag","embeddable":true,"href":"https:\/\/www.bbmnoticias.com\/labravaradiofm\/wp-json\/wp\/v2\/tags?post=2597"}],"curies":[{"name":"wp","href":"https:\/\/api.w.org\/{rel}","templated":true}]}}