{"id":25841,"date":"2023-04-04T15:28:53","date_gmt":"2023-04-04T21:28:53","guid":{"rendered":"https:\/\/www.bbmnoticias.com\/labravaradiofm\/?p=25841"},"modified":"2023-04-04T15:28:54","modified_gmt":"2023-04-04T21:28:54","slug":"sego-continua-impulsando-los-semilleros-de-paz-entre-jovenes-del-cecyteo","status":"publish","type":"post","link":"https:\/\/www.bbmnoticias.com\/labravaradiofm\/2023\/04\/04\/sego-continua-impulsando-los-semilleros-de-paz-entre-jovenes-del-cecyteo\/","title":{"rendered":"Sego contin\u00faa impulsando los Semilleros de Paz entre j\u00f3venes del Cecyteo"},"content":{"rendered":"<div style=\"margin-top: 0px; margin-bottom: 0px;\" class=\"sharethis-inline-share-buttons\" ><\/div>\n<p><strong>Oaxaca de Ju\u00e1rez, Oax. 4 de abril de 2023<\/strong>.- Los Semilleros de Paz del Programa Estatal de Paz con Justicia y Bienestar para el Pueblo de Oaxaca que impulsa la Secretar\u00eda de Gobierno (Sego) contin\u00faan recorriendo los planteles del Colegio de Estudios Cient\u00edficos y Tecnol\u00f3gicos del Estado de Oaxaca (Cecyteo).<\/p>\n\n\n\n<p>Como parte de la suma de esfuerzos interinstitucionales entre la Direcci\u00f3n General del Cecyteo que encabeza Blanca Mart\u00ednez Guzm\u00e1n y la Sego, a trav\u00e9s de su titular Jes\u00fas Romero L\u00f3pez, se llevan a cabo diversas acciones dirigidas a las y los j\u00f3venes estudiantes.<\/p>\n\n\n\n<p>Entre estas se encuentran la narraci\u00f3n de historias sobre los comportamientos sociales frente a los conflictos, como el que se desarroll\u00f3 el pasado 31 de marzo con el taller titulado \u201cCabina de radio port\u00e1til construyamos paz&#8221; en el Plantel 01 Cecyteo de Tlalixtac de Cabrera.<\/p>\n\n\n\n<p>Con la presencia del director del plantel, Jos\u00e9 Roberto Guzm\u00e1n, de la directora de Cultura de Paz de la Sego, Leticia Cruz L\u00f3pez y Mayte Ibarg\u00fcengoitia Gonz\u00e1lez, invitada experta en producci\u00f3n radiof\u00f3nica, as\u00ed como de personal docente, se instal\u00f3 la Red de J\u00f3venes Constructores de Paz.<\/p>\n\n\n\n<p>La Red de J\u00f3venes funciona como un espacio que posibilita la reflexi\u00f3n y la actuaci\u00f3n colectiva en torno a las dificultades en las interacciones humanas, pero con las posibilidades de trascenderlas de manera positiva.<\/p>\n\n\n\n<figure class=\"wp-block-image size-full\"><img loading=\"lazy\" decoding=\"async\" width=\"800\" height=\"600\" src=\"https:\/\/www.bbmnoticias.com\/labravaradiofm\/wp-content\/uploads\/sites\/5\/2023\/04\/sego-cecyteo02.jpg\" alt=\"\" class=\"wp-image-25843\" srcset=\"https:\/\/www.bbmnoticias.com\/labravaradiofm\/wp-content\/uploads\/sites\/5\/2023\/04\/sego-cecyteo02.jpg 800w, https:\/\/www.bbmnoticias.com\/labravaradiofm\/wp-content\/uploads\/sites\/5\/2023\/04\/sego-cecyteo02-300x225.jpg 300w, https:\/\/www.bbmnoticias.com\/labravaradiofm\/wp-content\/uploads\/sites\/5\/2023\/04\/sego-cecyteo02-768x576.jpg 768w, https:\/\/www.bbmnoticias.com\/labravaradiofm\/wp-content\/uploads\/sites\/5\/2023\/04\/sego-cecyteo02-696x522.jpg 696w, https:\/\/www.bbmnoticias.com\/labravaradiofm\/wp-content\/uploads\/sites\/5\/2023\/04\/sego-cecyteo02-560x420.jpg 560w, https:\/\/www.bbmnoticias.com\/labravaradiofm\/wp-content\/uploads\/sites\/5\/2023\/04\/sego-cecyteo02-80x60.jpg 80w, https:\/\/www.bbmnoticias.com\/labravaradiofm\/wp-content\/uploads\/sites\/5\/2023\/04\/sego-cecyteo02-265x198.jpg 265w\" sizes=\"auto, (max-width: 800px) 100vw, 800px\" \/><\/figure>\n\n\n\n<p>Luego de explicar los conceptos te\u00f3ricos sobre el andamiaje de la Cultura de Paz, las y los j\u00f3venes trabajaron por equipos historias sobre conflictos que vivieron o est\u00e1n viviendo en sus entornos y posteriormente pusieron en com\u00fan las salidas no violentas en su tratamiento.<\/p>\n\n\n\n<p>Al final de esta din\u00e1mica se grabaron las experiencias y se tom\u00f3 conciencia sobre los efectos positivos de establecer el di\u00e1logo, la escucha atenta y la negociaci\u00f3n emp\u00e1tica al momento de abordar situaciones dif\u00edciles.<\/p>\n\n\n\n<p>El inter\u00e9s com\u00fan de los Semilleros de Paz es el de ofrecer herramientas sobre Educaci\u00f3n para la Paz considerando las necesidades y experiencias de las juventudes en sus territorios.<\/p>\n","protected":false},"excerpt":{"rendered":"<p>Oaxaca de Ju\u00e1rez, Oax. 4 de abril de 2023.- Los Semilleros de Paz del Programa Estatal de Paz con Justicia y Bienestar para el Pueblo de Oaxaca que impulsa la Secretar\u00eda de Gobierno (Sego) contin\u00faan recorriendo los planteles del Colegio de Estudios Cient\u00edficos y Tecnol\u00f3gicos del Estado de Oaxaca (Cecyteo). Como parte de la suma [&hellip;]<\/p>\n","protected":false},"author":2,"featured_media":25842,"comment_status":"closed","ping_status":"closed","sticky":false,"template":"","format":"standard","meta":{"footnotes":""},"categories":[2],"tags":[],"class_list":{"0":"post-25841","1":"post","2":"type-post","3":"status-publish","4":"format-standard","5":"has-post-thumbnail","7":"category-oaxaca"},"yoast_head":"<!-- This site is optimized with the Yoast SEO plugin v27.4 - https:\/\/yoast.com\/product\/yoast-seo-wordpress\/ -->\n<title>Sego contin\u00faa impulsando los Semilleros de Paz entre j\u00f3venes del Cecyteo - LA BRAVA RADIO<\/title>\n<meta name=\"robots\" content=\"index, follow, max-snippet:-1, max-image-preview:large, max-video-preview:-1\" \/>\n<link rel=\"canonical\" href=\"https:\/\/www.bbmnoticias.com\/labravaradiofm\/2023\/04\/04\/sego-continua-impulsando-los-semilleros-de-paz-entre-jovenes-del-cecyteo\/\" \/>\n<meta property=\"og:locale\" content=\"es_MX\" \/>\n<meta property=\"og:type\" content=\"article\" \/>\n<meta property=\"og:title\" content=\"Sego contin\u00faa impulsando los Semilleros de Paz entre j\u00f3venes del Cecyteo - LA BRAVA RADIO\" \/>\n<meta property=\"og:description\" content=\"Oaxaca de Ju\u00e1rez, Oax. 4 de abril de 2023.- Los Semilleros de Paz del Programa Estatal de Paz con Justicia y Bienestar para el Pueblo de Oaxaca que impulsa la Secretar\u00eda de Gobierno (Sego) contin\u00faan recorriendo los planteles del Colegio de Estudios Cient\u00edficos y Tecnol\u00f3gicos del Estado de Oaxaca (Cecyteo). Como parte de la suma [&hellip;]\" \/>\n<meta property=\"og:url\" content=\"https:\/\/www.bbmnoticias.com\/labravaradiofm\/2023\/04\/04\/sego-continua-impulsando-los-semilleros-de-paz-entre-jovenes-del-cecyteo\/\" \/>\n<meta property=\"og:site_name\" content=\"LA BRAVA RADIO\" \/>\n<meta property=\"article:published_time\" content=\"2023-04-04T21:28:53+00:00\" \/>\n<meta property=\"article:modified_time\" content=\"2023-04-04T21:28:54+00:00\" \/>\n<meta property=\"og:image\" content=\"https:\/\/www.bbmnoticias.com\/labravaradiofm\/wp-content\/uploads\/sites\/5\/2023\/04\/sego-cecyteo01.jpg\" \/>\n\t<meta property=\"og:image:width\" content=\"800\" \/>\n\t<meta property=\"og:image:height\" content=\"600\" \/>\n\t<meta property=\"og:image:type\" content=\"image\/jpeg\" \/>\n<meta name=\"author\" content=\"Staff\" \/>\n<meta name=\"twitter:card\" content=\"summary_large_image\" \/>\n<meta name=\"twitter:label1\" content=\"Escrito por\" \/>\n\t<meta name=\"twitter:data1\" content=\"Staff\" \/>\n\t<meta name=\"twitter:label2\" content=\"Tiempo de lectura\" \/>\n\t<meta name=\"twitter:data2\" content=\"2 minutos\" \/>\n<script type=\"application\/ld+json\" class=\"yoast-schema-graph\">{\"@context\":\"https:\\\/\\\/schema.org\",\"@graph\":[{\"@type\":\"Article\",\"@id\":\"https:\\\/\\\/www.bbmnoticias.com\\\/labravaradiofm\\\/2023\\\/04\\\/04\\\/sego-continua-impulsando-los-semilleros-de-paz-entre-jovenes-del-cecyteo\\\/#article\",\"isPartOf\":{\"@id\":\"https:\\\/\\\/www.bbmnoticias.com\\\/labravaradiofm\\\/2023\\\/04\\\/04\\\/sego-continua-impulsando-los-semilleros-de-paz-entre-jovenes-del-cecyteo\\\/\"},\"author\":{\"name\":\"Staff\",\"@id\":\"https:\\\/\\\/www.bbmnoticias.com\\\/labravaradiofm\\\/#\\\/schema\\\/person\\\/34b139c617a70ea5bef5678bffe4dd7b\"},\"headline\":\"Sego contin\u00faa impulsando los Semilleros de Paz entre j\u00f3venes del Cecyteo\",\"datePublished\":\"2023-04-04T21:28:53+00:00\",\"dateModified\":\"2023-04-04T21:28:54+00:00\",\"mainEntityOfPage\":{\"@id\":\"https:\\\/\\\/www.bbmnoticias.com\\\/labravaradiofm\\\/2023\\\/04\\\/04\\\/sego-continua-impulsando-los-semilleros-de-paz-entre-jovenes-del-cecyteo\\\/\"},\"wordCount\":371,\"image\":{\"@id\":\"https:\\\/\\\/www.bbmnoticias.com\\\/labravaradiofm\\\/2023\\\/04\\\/04\\\/sego-continua-impulsando-los-semilleros-de-paz-entre-jovenes-del-cecyteo\\\/#primaryimage\"},\"thumbnailUrl\":\"https:\\\/\\\/www.bbmnoticias.com\\\/labravaradiofm\\\/wp-content\\\/uploads\\\/sites\\\/5\\\/2023\\\/04\\\/sego-cecyteo01.jpg\",\"articleSection\":[\"LOCAL\"],\"inLanguage\":\"es\"},{\"@type\":\"WebPage\",\"@id\":\"https:\\\/\\\/www.bbmnoticias.com\\\/labravaradiofm\\\/2023\\\/04\\\/04\\\/sego-continua-impulsando-los-semilleros-de-paz-entre-jovenes-del-cecyteo\\\/\",\"url\":\"https:\\\/\\\/www.bbmnoticias.com\\\/labravaradiofm\\\/2023\\\/04\\\/04\\\/sego-continua-impulsando-los-semilleros-de-paz-entre-jovenes-del-cecyteo\\\/\",\"name\":\"Sego contin\u00faa impulsando los Semilleros de Paz entre j\u00f3venes del Cecyteo - LA BRAVA RADIO\",\"isPartOf\":{\"@id\":\"https:\\\/\\\/www.bbmnoticias.com\\\/labravaradiofm\\\/#website\"},\"primaryImageOfPage\":{\"@id\":\"https:\\\/\\\/www.bbmnoticias.com\\\/labravaradiofm\\\/2023\\\/04\\\/04\\\/sego-continua-impulsando-los-semilleros-de-paz-entre-jovenes-del-cecyteo\\\/#primaryimage\"},\"image\":{\"@id\":\"https:\\\/\\\/www.bbmnoticias.com\\\/labravaradiofm\\\/2023\\\/04\\\/04\\\/sego-continua-impulsando-los-semilleros-de-paz-entre-jovenes-del-cecyteo\\\/#primaryimage\"},\"thumbnailUrl\":\"https:\\\/\\\/www.bbmnoticias.com\\\/labravaradiofm\\\/wp-content\\\/uploads\\\/sites\\\/5\\\/2023\\\/04\\\/sego-cecyteo01.jpg\",\"datePublished\":\"2023-04-04T21:28:53+00:00\",\"dateModified\":\"2023-04-04T21:28:54+00:00\",\"author\":{\"@id\":\"https:\\\/\\\/www.bbmnoticias.com\\\/labravaradiofm\\\/#\\\/schema\\\/person\\\/34b139c617a70ea5bef5678bffe4dd7b\"},\"breadcrumb\":{\"@id\":\"https:\\\/\\\/www.bbmnoticias.com\\\/labravaradiofm\\\/2023\\\/04\\\/04\\\/sego-continua-impulsando-los-semilleros-de-paz-entre-jovenes-del-cecyteo\\\/#breadcrumb\"},\"inLanguage\":\"es\",\"potentialAction\":[{\"@type\":\"ReadAction\",\"target\":[\"https:\\\/\\\/www.bbmnoticias.com\\\/labravaradiofm\\\/2023\\\/04\\\/04\\\/sego-continua-impulsando-los-semilleros-de-paz-entre-jovenes-del-cecyteo\\\/\"]}]},{\"@type\":\"ImageObject\",\"inLanguage\":\"es\",\"@id\":\"https:\\\/\\\/www.bbmnoticias.com\\\/labravaradiofm\\\/2023\\\/04\\\/04\\\/sego-continua-impulsando-los-semilleros-de-paz-entre-jovenes-del-cecyteo\\\/#primaryimage\",\"url\":\"https:\\\/\\\/www.bbmnoticias.com\\\/labravaradiofm\\\/wp-content\\\/uploads\\\/sites\\\/5\\\/2023\\\/04\\\/sego-cecyteo01.jpg\",\"contentUrl\":\"https:\\\/\\\/www.bbmnoticias.com\\\/labravaradiofm\\\/wp-content\\\/uploads\\\/sites\\\/5\\\/2023\\\/04\\\/sego-cecyteo01.jpg\",\"width\":800,\"height\":600},{\"@type\":\"BreadcrumbList\",\"@id\":\"https:\\\/\\\/www.bbmnoticias.com\\\/labravaradiofm\\\/2023\\\/04\\\/04\\\/sego-continua-impulsando-los-semilleros-de-paz-entre-jovenes-del-cecyteo\\\/#breadcrumb\",\"itemListElement\":[{\"@type\":\"ListItem\",\"position\":1,\"name\":\"Inicio\",\"item\":\"https:\\\/\\\/www.bbmnoticias.com\\\/labravaradiofm\\\/\"},{\"@type\":\"ListItem\",\"position\":2,\"name\":\"Sego contin\u00faa impulsando los Semilleros de Paz entre j\u00f3venes del Cecyteo\"}]},{\"@type\":\"WebSite\",\"@id\":\"https:\\\/\\\/www.bbmnoticias.com\\\/labravaradiofm\\\/#website\",\"url\":\"https:\\\/\\\/www.bbmnoticias.com\\\/labravaradiofm\\\/\",\"name\":\"LA BRAVA RADIO\",\"description\":\"Empresa productora de medios, Radiodifusi\u00f3n, Noticias, tendencias y todo lo que necesitas saber de la pol\u00edtica mexicana e internacional; entretenimiento, espect\u00e1culos, salud y mucho m\u00e1s.\",\"potentialAction\":[{\"@type\":\"SearchAction\",\"target\":{\"@type\":\"EntryPoint\",\"urlTemplate\":\"https:\\\/\\\/www.bbmnoticias.com\\\/labravaradiofm\\\/?s={search_term_string}\"},\"query-input\":{\"@type\":\"PropertyValueSpecification\",\"valueRequired\":true,\"valueName\":\"search_term_string\"}}],\"inLanguage\":\"es\"},{\"@type\":\"Person\",\"@id\":\"https:\\\/\\\/www.bbmnoticias.com\\\/labravaradiofm\\\/#\\\/schema\\\/person\\\/34b139c617a70ea5bef5678bffe4dd7b\",\"name\":\"Staff\",\"image\":{\"@type\":\"ImageObject\",\"inLanguage\":\"es\",\"@id\":\"https:\\\/\\\/secure.gravatar.com\\\/avatar\\\/fdd21ad66fd8b98c407f9dee5b5e588cfe7f0d8579ec20fa6527cd59bab7f0f0?s=96&d=mm&r=g\",\"url\":\"https:\\\/\\\/secure.gravatar.com\\\/avatar\\\/fdd21ad66fd8b98c407f9dee5b5e588cfe7f0d8579ec20fa6527cd59bab7f0f0?s=96&d=mm&r=g\",\"contentUrl\":\"https:\\\/\\\/secure.gravatar.com\\\/avatar\\\/fdd21ad66fd8b98c407f9dee5b5e588cfe7f0d8579ec20fa6527cd59bab7f0f0?s=96&d=mm&r=g\",\"caption\":\"Staff\"},\"url\":\"https:\\\/\\\/www.bbmnoticias.com\\\/labravaradiofm\\\/author\\\/redaccion\\\/\"}]}<\/script>\n<!-- \/ Yoast SEO plugin. -->","yoast_head_json":{"title":"Sego contin\u00faa impulsando los Semilleros de Paz entre j\u00f3venes del Cecyteo - LA BRAVA RADIO","robots":{"index":"index","follow":"follow","max-snippet":"max-snippet:-1","max-image-preview":"max-image-preview:large","max-video-preview":"max-video-preview:-1"},"canonical":"https:\/\/www.bbmnoticias.com\/labravaradiofm\/2023\/04\/04\/sego-continua-impulsando-los-semilleros-de-paz-entre-jovenes-del-cecyteo\/","og_locale":"es_MX","og_type":"article","og_title":"Sego contin\u00faa impulsando los Semilleros de Paz entre j\u00f3venes del Cecyteo - LA BRAVA RADIO","og_description":"Oaxaca de Ju\u00e1rez, Oax. 4 de abril de 2023.- Los Semilleros de Paz del Programa Estatal de Paz con Justicia y Bienestar para el Pueblo de Oaxaca que impulsa la Secretar\u00eda de Gobierno (Sego) contin\u00faan recorriendo los planteles del Colegio de Estudios Cient\u00edficos y Tecnol\u00f3gicos del Estado de Oaxaca (Cecyteo). Como parte de la suma [&hellip;]","og_url":"https:\/\/www.bbmnoticias.com\/labravaradiofm\/2023\/04\/04\/sego-continua-impulsando-los-semilleros-de-paz-entre-jovenes-del-cecyteo\/","og_site_name":"LA BRAVA RADIO","article_published_time":"2023-04-04T21:28:53+00:00","article_modified_time":"2023-04-04T21:28:54+00:00","og_image":[{"width":800,"height":600,"url":"https:\/\/www.bbmnoticias.com\/labravaradiofm\/wp-content\/uploads\/sites\/5\/2023\/04\/sego-cecyteo01.jpg","type":"image\/jpeg"}],"author":"Staff","twitter_card":"summary_large_image","twitter_misc":{"Escrito por":"Staff","Tiempo de lectura":"2 minutos"},"schema":{"@context":"https:\/\/schema.org","@graph":[{"@type":"Article","@id":"https:\/\/www.bbmnoticias.com\/labravaradiofm\/2023\/04\/04\/sego-continua-impulsando-los-semilleros-de-paz-entre-jovenes-del-cecyteo\/#article","isPartOf":{"@id":"https:\/\/www.bbmnoticias.com\/labravaradiofm\/2023\/04\/04\/sego-continua-impulsando-los-semilleros-de-paz-entre-jovenes-del-cecyteo\/"},"author":{"name":"Staff","@id":"https:\/\/www.bbmnoticias.com\/labravaradiofm\/#\/schema\/person\/34b139c617a70ea5bef5678bffe4dd7b"},"headline":"Sego contin\u00faa impulsando los Semilleros de Paz entre j\u00f3venes del Cecyteo","datePublished":"2023-04-04T21:28:53+00:00","dateModified":"2023-04-04T21:28:54+00:00","mainEntityOfPage":{"@id":"https:\/\/www.bbmnoticias.com\/labravaradiofm\/2023\/04\/04\/sego-continua-impulsando-los-semilleros-de-paz-entre-jovenes-del-cecyteo\/"},"wordCount":371,"image":{"@id":"https:\/\/www.bbmnoticias.com\/labravaradiofm\/2023\/04\/04\/sego-continua-impulsando-los-semilleros-de-paz-entre-jovenes-del-cecyteo\/#primaryimage"},"thumbnailUrl":"https:\/\/www.bbmnoticias.com\/labravaradiofm\/wp-content\/uploads\/sites\/5\/2023\/04\/sego-cecyteo01.jpg","articleSection":["LOCAL"],"inLanguage":"es"},{"@type":"WebPage","@id":"https:\/\/www.bbmnoticias.com\/labravaradiofm\/2023\/04\/04\/sego-continua-impulsando-los-semilleros-de-paz-entre-jovenes-del-cecyteo\/","url":"https:\/\/www.bbmnoticias.com\/labravaradiofm\/2023\/04\/04\/sego-continua-impulsando-los-semilleros-de-paz-entre-jovenes-del-cecyteo\/","name":"Sego contin\u00faa impulsando los Semilleros de Paz entre j\u00f3venes del Cecyteo - LA BRAVA RADIO","isPartOf":{"@id":"https:\/\/www.bbmnoticias.com\/labravaradiofm\/#website"},"primaryImageOfPage":{"@id":"https:\/\/www.bbmnoticias.com\/labravaradiofm\/2023\/04\/04\/sego-continua-impulsando-los-semilleros-de-paz-entre-jovenes-del-cecyteo\/#primaryimage"},"image":{"@id":"https:\/\/www.bbmnoticias.com\/labravaradiofm\/2023\/04\/04\/sego-continua-impulsando-los-semilleros-de-paz-entre-jovenes-del-cecyteo\/#primaryimage"},"thumbnailUrl":"https:\/\/www.bbmnoticias.com\/labravaradiofm\/wp-content\/uploads\/sites\/5\/2023\/04\/sego-cecyteo01.jpg","datePublished":"2023-04-04T21:28:53+00:00","dateModified":"2023-04-04T21:28:54+00:00","author":{"@id":"https:\/\/www.bbmnoticias.com\/labravaradiofm\/#\/schema\/person\/34b139c617a70ea5bef5678bffe4dd7b"},"breadcrumb":{"@id":"https:\/\/www.bbmnoticias.com\/labravaradiofm\/2023\/04\/04\/sego-continua-impulsando-los-semilleros-de-paz-entre-jovenes-del-cecyteo\/#breadcrumb"},"inLanguage":"es","potentialAction":[{"@type":"ReadAction","target":["https:\/\/www.bbmnoticias.com\/labravaradiofm\/2023\/04\/04\/sego-continua-impulsando-los-semilleros-de-paz-entre-jovenes-del-cecyteo\/"]}]},{"@type":"ImageObject","inLanguage":"es","@id":"https:\/\/www.bbmnoticias.com\/labravaradiofm\/2023\/04\/04\/sego-continua-impulsando-los-semilleros-de-paz-entre-jovenes-del-cecyteo\/#primaryimage","url":"https:\/\/www.bbmnoticias.com\/labravaradiofm\/wp-content\/uploads\/sites\/5\/2023\/04\/sego-cecyteo01.jpg","contentUrl":"https:\/\/www.bbmnoticias.com\/labravaradiofm\/wp-content\/uploads\/sites\/5\/2023\/04\/sego-cecyteo01.jpg","width":800,"height":600},{"@type":"BreadcrumbList","@id":"https:\/\/www.bbmnoticias.com\/labravaradiofm\/2023\/04\/04\/sego-continua-impulsando-los-semilleros-de-paz-entre-jovenes-del-cecyteo\/#breadcrumb","itemListElement":[{"@type":"ListItem","position":1,"name":"Inicio","item":"https:\/\/www.bbmnoticias.com\/labravaradiofm\/"},{"@type":"ListItem","position":2,"name":"Sego contin\u00faa impulsando los Semilleros de Paz entre j\u00f3venes del Cecyteo"}]},{"@type":"WebSite","@id":"https:\/\/www.bbmnoticias.com\/labravaradiofm\/#website","url":"https:\/\/www.bbmnoticias.com\/labravaradiofm\/","name":"LA BRAVA RADIO","description":"Empresa productora de medios, Radiodifusi\u00f3n, Noticias, tendencias y todo lo que necesitas saber de la pol\u00edtica mexicana e internacional; entretenimiento, espect\u00e1culos, salud y mucho m\u00e1s.","potentialAction":[{"@type":"SearchAction","target":{"@type":"EntryPoint","urlTemplate":"https:\/\/www.bbmnoticias.com\/labravaradiofm\/?s={search_term_string}"},"query-input":{"@type":"PropertyValueSpecification","valueRequired":true,"valueName":"search_term_string"}}],"inLanguage":"es"},{"@type":"Person","@id":"https:\/\/www.bbmnoticias.com\/labravaradiofm\/#\/schema\/person\/34b139c617a70ea5bef5678bffe4dd7b","name":"Staff","image":{"@type":"ImageObject","inLanguage":"es","@id":"https:\/\/secure.gravatar.com\/avatar\/fdd21ad66fd8b98c407f9dee5b5e588cfe7f0d8579ec20fa6527cd59bab7f0f0?s=96&d=mm&r=g","url":"https:\/\/secure.gravatar.com\/avatar\/fdd21ad66fd8b98c407f9dee5b5e588cfe7f0d8579ec20fa6527cd59bab7f0f0?s=96&d=mm&r=g","contentUrl":"https:\/\/secure.gravatar.com\/avatar\/fdd21ad66fd8b98c407f9dee5b5e588cfe7f0d8579ec20fa6527cd59bab7f0f0?s=96&d=mm&r=g","caption":"Staff"},"url":"https:\/\/www.bbmnoticias.com\/labravaradiofm\/author\/redaccion\/"}]}},"_links":{"self":[{"href":"https:\/\/www.bbmnoticias.com\/labravaradiofm\/wp-json\/wp\/v2\/posts\/25841","targetHints":{"allow":["GET"]}}],"collection":[{"href":"https:\/\/www.bbmnoticias.com\/labravaradiofm\/wp-json\/wp\/v2\/posts"}],"about":[{"href":"https:\/\/www.bbmnoticias.com\/labravaradiofm\/wp-json\/wp\/v2\/types\/post"}],"author":[{"embeddable":true,"href":"https:\/\/www.bbmnoticias.com\/labravaradiofm\/wp-json\/wp\/v2\/users\/2"}],"replies":[{"embeddable":true,"href":"https:\/\/www.bbmnoticias.com\/labravaradiofm\/wp-json\/wp\/v2\/comments?post=25841"}],"version-history":[{"count":0,"href":"https:\/\/www.bbmnoticias.com\/labravaradiofm\/wp-json\/wp\/v2\/posts\/25841\/revisions"}],"wp:featuredmedia":[{"embeddable":true,"href":"https:\/\/www.bbmnoticias.com\/labravaradiofm\/wp-json\/wp\/v2\/media\/25842"}],"wp:attachment":[{"href":"https:\/\/www.bbmnoticias.com\/labravaradiofm\/wp-json\/wp\/v2\/media?parent=25841"}],"wp:term":[{"taxonomy":"category","embeddable":true,"href":"https:\/\/www.bbmnoticias.com\/labravaradiofm\/wp-json\/wp\/v2\/categories?post=25841"},{"taxonomy":"post_tag","embeddable":true,"href":"https:\/\/www.bbmnoticias.com\/labravaradiofm\/wp-json\/wp\/v2\/tags?post=25841"}],"curies":[{"name":"wp","href":"https:\/\/api.w.org\/{rel}","templated":true}]}}