{"id":25801,"date":"2023-04-03T18:28:32","date_gmt":"2023-04-04T00:28:32","guid":{"rendered":"https:\/\/www.bbmnoticias.com\/labravaradiofm\/?p=25801"},"modified":"2023-04-03T18:28:33","modified_gmt":"2023-04-04T00:28:33","slug":"abogados-de-murillo-karam-lanzan-alerta-por-salud-del-ex-procurador-esta-delicado","status":"publish","type":"post","link":"https:\/\/www.bbmnoticias.com\/labravaradiofm\/2023\/04\/03\/abogados-de-murillo-karam-lanzan-alerta-por-salud-del-ex-procurador-esta-delicado\/","title":{"rendered":"Abogados de Murillo Karam lanzan alerta por salud del ex procurador; &#8220;est\u00e1 delicado&#8221;"},"content":{"rendered":"<div style=\"margin-top: 0px; margin-bottom: 0px;\" class=\"sharethis-inline-share-buttons\" ><\/div>\n<p>El estado de salud del ex procurador general de la Rep\u00fablica <strong>Jes\u00fas Murillo Karam,<\/strong> contin\u00faa siendo delicado, debido a que los padecimientos que lo aquejan: enfermedad pulmonar obstructiva cr\u00f3nica (EPOC), hipertensi\u00f3n arterial sist\u00e9mica e insuficiencia vascular cerebral ya que no han logrado mantenerse controlados, a pesar de la atenci\u00f3n m\u00e9dica que se le ha brindado, inform\u00f3 la defensa legal encabezada por el abogado Javier L\u00f3pez Garc\u00eda.<\/p>\n\n\n\n<p>En una tarjeta informativa, el abogado, se\u00f1al\u00f3 que en los \u00faltimos 15 d\u00edas, fue necesario que lo trasladaran hasta en tres ocasiones del Reclusorio Norte a diversos centros hospitalarios para el manejo y control de sus condiciones de salud.<\/p>\n\n\n\n<p>Indic\u00f3 que fue llevado al <strong>Instituto Nacional de Cardiolog\u00eda<\/strong> \u201cDr. Ignacio Ch\u00e1vez\u201d y que estas situaciones muestran -nuevamente- que la medida cautelar de prisi\u00f3n preventiva que le fue impuesta es sumamente grave y peligrosa porque pone en riesgo continuo su estado de salud.<\/p>\n\n\n\n<p>\u201cEl deterioro que ha sufrido la salud de Murillo Karam desde y con motivo de su internamiento es notorio , por tal motivo hemos solicitado insistentemente que se le imponga una medida cautelar diversa o, en su caso, se le permita ejecutar la prisi\u00f3n preventiva en su domicilio.<\/p>\n\n\n\n<p>\u201cResulta evidente que la edad y los padecimientos que presenta lo hacen depender de atenci\u00f3n m\u00e9dica especializada todo el tiempo; por tanto, no podr\u00eda sustraerse de la acci\u00f3n de la justicia, ya que su vida depende de un seguimiento m\u00e9dico multidisciplinario permanente\u201d, remarc\u00f3 la defensa.<\/p>\n\n\n\n<p>Calific\u00f3 como preocupante que se presente un evento vascular cerebral y no pueda atenderse oportunamente en el centro de reclusi\u00f3n y, con esto, se aumente el riesgo de un da\u00f1o permanente o fatal.<\/p>\n\n\n\n<p>Este domingo el ex funcionario fue trasladado del Reclusorio Norte al Instituto Nacional de Cardiolog\u00eda \u201cIgnacio Ch\u00e1vez\u201d.<\/p>\n\n\n\n<p>El 17 de marzo la defensa del ex funcionario, relacionado al caso Ayotzinapa, se\u00f1al\u00f3 que fue trasladado del Reclusorio Norte a la Torre M\u00e9dica del Penal de Tepepan para su valoraci\u00f3n, luego que hab\u00eda presentado un cuadro de presi\u00f3n arterial alta (Hipertensi\u00f3n) de 190\/112 mm Hg o superior.<\/p>\n\n\n\n<p>En esa ocasi\u00f3n la defensa legal, encabezada por Javier L\u00f3pez Garc\u00eda, reiter\u00f3 su preocupaci\u00f3n ante el visible deterioro que ha sufrido la salud de Murillo Karam y solicitaron a las autoridades m\u00e9dicas y penitenciarias que fuera llevado a un hospital para que se le brindara la atenci\u00f3n necesaria tal y como lo hab\u00edan recomendado los m\u00e9dicos tratantes del Hospital General de Xoco.<\/p>\n\n\n\n<p>El ex funcionario es se\u00f1alado por el delito de tortura, contra la administraci\u00f3n y desaparici\u00f3n forzada en el caso Ayotzinapa.<\/p>\n","protected":false},"excerpt":{"rendered":"<p>El estado de salud del ex procurador general de la Rep\u00fablica Jes\u00fas Murillo Karam, contin\u00faa siendo delicado, debido a que los padecimientos que lo aquejan: enfermedad pulmonar obstructiva cr\u00f3nica (EPOC), hipertensi\u00f3n arterial sist\u00e9mica e insuficiencia vascular cerebral ya que no han logrado mantenerse controlados, a pesar de la atenci\u00f3n m\u00e9dica que se le ha brindado, [&hellip;]<\/p>\n","protected":false},"author":10,"featured_media":25802,"comment_status":"closed","ping_status":"closed","sticky":false,"template":"","format":"standard","meta":{"footnotes":""},"categories":[19],"tags":[],"class_list":{"0":"post-25801","1":"post","2":"type-post","3":"status-publish","4":"format-standard","5":"has-post-thumbnail","7":"category-nacional"},"yoast_head":"<!-- This site is optimized with the Yoast SEO plugin v27.4 - https:\/\/yoast.com\/product\/yoast-seo-wordpress\/ -->\n<title>Abogados de Murillo Karam lanzan alerta por salud del ex procurador; &quot;est\u00e1 delicado&quot; - LA BRAVA RADIO<\/title>\n<meta name=\"robots\" content=\"index, follow, max-snippet:-1, max-image-preview:large, max-video-preview:-1\" \/>\n<link rel=\"canonical\" href=\"https:\/\/www.bbmnoticias.com\/labravaradiofm\/2023\/04\/03\/abogados-de-murillo-karam-lanzan-alerta-por-salud-del-ex-procurador-esta-delicado\/\" \/>\n<meta property=\"og:locale\" content=\"es_MX\" \/>\n<meta property=\"og:type\" content=\"article\" \/>\n<meta property=\"og:title\" content=\"Abogados de Murillo Karam lanzan alerta por salud del ex procurador; &quot;est\u00e1 delicado&quot; - LA BRAVA RADIO\" \/>\n<meta property=\"og:description\" content=\"El estado de salud del ex procurador general de la Rep\u00fablica Jes\u00fas Murillo Karam, contin\u00faa siendo delicado, debido a que los padecimientos que lo aquejan: enfermedad pulmonar obstructiva cr\u00f3nica (EPOC), hipertensi\u00f3n arterial sist\u00e9mica e insuficiencia vascular cerebral ya que no han logrado mantenerse controlados, a pesar de la atenci\u00f3n m\u00e9dica que se le ha brindado, [&hellip;]\" \/>\n<meta property=\"og:url\" content=\"https:\/\/www.bbmnoticias.com\/labravaradiofm\/2023\/04\/03\/abogados-de-murillo-karam-lanzan-alerta-por-salud-del-ex-procurador-esta-delicado\/\" \/>\n<meta property=\"og:site_name\" content=\"LA BRAVA RADIO\" \/>\n<meta property=\"article:published_time\" content=\"2023-04-04T00:28:32+00:00\" \/>\n<meta property=\"article:modified_time\" content=\"2023-04-04T00:28:33+00:00\" \/>\n<meta property=\"og:image\" content=\"https:\/\/www.bbmnoticias.com\/labravaradiofm\/wp-content\/uploads\/sites\/5\/2023\/04\/murillo-karam.jpg\" \/>\n\t<meta property=\"og:image:width\" content=\"800\" \/>\n\t<meta property=\"og:image:height\" content=\"484\" \/>\n\t<meta property=\"og:image:type\" content=\"image\/jpeg\" \/>\n<meta name=\"author\" content=\"El Universal\" \/>\n<meta name=\"twitter:card\" content=\"summary_large_image\" \/>\n<meta name=\"twitter:label1\" content=\"Escrito por\" \/>\n\t<meta name=\"twitter:data1\" content=\"El Universal\" \/>\n\t<meta name=\"twitter:label2\" content=\"Tiempo de lectura\" \/>\n\t<meta name=\"twitter:data2\" content=\"2 minutos\" \/>\n<script type=\"application\/ld+json\" class=\"yoast-schema-graph\">{\"@context\":\"https:\\\/\\\/schema.org\",\"@graph\":[{\"@type\":\"Article\",\"@id\":\"https:\\\/\\\/www.bbmnoticias.com\\\/labravaradiofm\\\/2023\\\/04\\\/03\\\/abogados-de-murillo-karam-lanzan-alerta-por-salud-del-ex-procurador-esta-delicado\\\/#article\",\"isPartOf\":{\"@id\":\"https:\\\/\\\/www.bbmnoticias.com\\\/labravaradiofm\\\/2023\\\/04\\\/03\\\/abogados-de-murillo-karam-lanzan-alerta-por-salud-del-ex-procurador-esta-delicado\\\/\"},\"author\":{\"name\":\"El Universal\",\"@id\":\"https:\\\/\\\/www.bbmnoticias.com\\\/labravaradiofm\\\/#\\\/schema\\\/person\\\/9d7a6a319e0df750bc43fc190d0b889b\"},\"headline\":\"Abogados de Murillo Karam lanzan alerta por salud del ex procurador; &#8220;est\u00e1 delicado&#8221;\",\"datePublished\":\"2023-04-04T00:28:32+00:00\",\"dateModified\":\"2023-04-04T00:28:33+00:00\",\"mainEntityOfPage\":{\"@id\":\"https:\\\/\\\/www.bbmnoticias.com\\\/labravaradiofm\\\/2023\\\/04\\\/03\\\/abogados-de-murillo-karam-lanzan-alerta-por-salud-del-ex-procurador-esta-delicado\\\/\"},\"wordCount\":472,\"image\":{\"@id\":\"https:\\\/\\\/www.bbmnoticias.com\\\/labravaradiofm\\\/2023\\\/04\\\/03\\\/abogados-de-murillo-karam-lanzan-alerta-por-salud-del-ex-procurador-esta-delicado\\\/#primaryimage\"},\"thumbnailUrl\":\"https:\\\/\\\/www.bbmnoticias.com\\\/labravaradiofm\\\/wp-content\\\/uploads\\\/sites\\\/5\\\/2023\\\/04\\\/murillo-karam.jpg\",\"articleSection\":[\"NACIONAL\"],\"inLanguage\":\"es\"},{\"@type\":\"WebPage\",\"@id\":\"https:\\\/\\\/www.bbmnoticias.com\\\/labravaradiofm\\\/2023\\\/04\\\/03\\\/abogados-de-murillo-karam-lanzan-alerta-por-salud-del-ex-procurador-esta-delicado\\\/\",\"url\":\"https:\\\/\\\/www.bbmnoticias.com\\\/labravaradiofm\\\/2023\\\/04\\\/03\\\/abogados-de-murillo-karam-lanzan-alerta-por-salud-del-ex-procurador-esta-delicado\\\/\",\"name\":\"Abogados de Murillo Karam lanzan alerta por salud del ex procurador; \\\"est\u00e1 delicado\\\" - LA BRAVA RADIO\",\"isPartOf\":{\"@id\":\"https:\\\/\\\/www.bbmnoticias.com\\\/labravaradiofm\\\/#website\"},\"primaryImageOfPage\":{\"@id\":\"https:\\\/\\\/www.bbmnoticias.com\\\/labravaradiofm\\\/2023\\\/04\\\/03\\\/abogados-de-murillo-karam-lanzan-alerta-por-salud-del-ex-procurador-esta-delicado\\\/#primaryimage\"},\"image\":{\"@id\":\"https:\\\/\\\/www.bbmnoticias.com\\\/labravaradiofm\\\/2023\\\/04\\\/03\\\/abogados-de-murillo-karam-lanzan-alerta-por-salud-del-ex-procurador-esta-delicado\\\/#primaryimage\"},\"thumbnailUrl\":\"https:\\\/\\\/www.bbmnoticias.com\\\/labravaradiofm\\\/wp-content\\\/uploads\\\/sites\\\/5\\\/2023\\\/04\\\/murillo-karam.jpg\",\"datePublished\":\"2023-04-04T00:28:32+00:00\",\"dateModified\":\"2023-04-04T00:28:33+00:00\",\"author\":{\"@id\":\"https:\\\/\\\/www.bbmnoticias.com\\\/labravaradiofm\\\/#\\\/schema\\\/person\\\/9d7a6a319e0df750bc43fc190d0b889b\"},\"breadcrumb\":{\"@id\":\"https:\\\/\\\/www.bbmnoticias.com\\\/labravaradiofm\\\/2023\\\/04\\\/03\\\/abogados-de-murillo-karam-lanzan-alerta-por-salud-del-ex-procurador-esta-delicado\\\/#breadcrumb\"},\"inLanguage\":\"es\",\"potentialAction\":[{\"@type\":\"ReadAction\",\"target\":[\"https:\\\/\\\/www.bbmnoticias.com\\\/labravaradiofm\\\/2023\\\/04\\\/03\\\/abogados-de-murillo-karam-lanzan-alerta-por-salud-del-ex-procurador-esta-delicado\\\/\"]}]},{\"@type\":\"ImageObject\",\"inLanguage\":\"es\",\"@id\":\"https:\\\/\\\/www.bbmnoticias.com\\\/labravaradiofm\\\/2023\\\/04\\\/03\\\/abogados-de-murillo-karam-lanzan-alerta-por-salud-del-ex-procurador-esta-delicado\\\/#primaryimage\",\"url\":\"https:\\\/\\\/www.bbmnoticias.com\\\/labravaradiofm\\\/wp-content\\\/uploads\\\/sites\\\/5\\\/2023\\\/04\\\/murillo-karam.jpg\",\"contentUrl\":\"https:\\\/\\\/www.bbmnoticias.com\\\/labravaradiofm\\\/wp-content\\\/uploads\\\/sites\\\/5\\\/2023\\\/04\\\/murillo-karam.jpg\",\"width\":800,\"height\":484},{\"@type\":\"BreadcrumbList\",\"@id\":\"https:\\\/\\\/www.bbmnoticias.com\\\/labravaradiofm\\\/2023\\\/04\\\/03\\\/abogados-de-murillo-karam-lanzan-alerta-por-salud-del-ex-procurador-esta-delicado\\\/#breadcrumb\",\"itemListElement\":[{\"@type\":\"ListItem\",\"position\":1,\"name\":\"Inicio\",\"item\":\"https:\\\/\\\/www.bbmnoticias.com\\\/labravaradiofm\\\/\"},{\"@type\":\"ListItem\",\"position\":2,\"name\":\"Abogados de Murillo Karam lanzan alerta por salud del ex procurador; &#8220;est\u00e1 delicado&#8221;\"}]},{\"@type\":\"WebSite\",\"@id\":\"https:\\\/\\\/www.bbmnoticias.com\\\/labravaradiofm\\\/#website\",\"url\":\"https:\\\/\\\/www.bbmnoticias.com\\\/labravaradiofm\\\/\",\"name\":\"LA BRAVA RADIO\",\"description\":\"Empresa productora de medios, Radiodifusi\u00f3n, Noticias, tendencias y todo lo que necesitas saber de la pol\u00edtica mexicana e internacional; entretenimiento, espect\u00e1culos, salud y mucho m\u00e1s.\",\"potentialAction\":[{\"@type\":\"SearchAction\",\"target\":{\"@type\":\"EntryPoint\",\"urlTemplate\":\"https:\\\/\\\/www.bbmnoticias.com\\\/labravaradiofm\\\/?s={search_term_string}\"},\"query-input\":{\"@type\":\"PropertyValueSpecification\",\"valueRequired\":true,\"valueName\":\"search_term_string\"}}],\"inLanguage\":\"es\"},{\"@type\":\"Person\",\"@id\":\"https:\\\/\\\/www.bbmnoticias.com\\\/labravaradiofm\\\/#\\\/schema\\\/person\\\/9d7a6a319e0df750bc43fc190d0b889b\",\"name\":\"El Universal\",\"image\":{\"@type\":\"ImageObject\",\"inLanguage\":\"es\",\"@id\":\"https:\\\/\\\/secure.gravatar.com\\\/avatar\\\/71c770e6e00bd7cb8183e56d1c59f81601544fbe41d802d7c17d05c9e25f7d06?s=96&d=mm&r=g\",\"url\":\"https:\\\/\\\/secure.gravatar.com\\\/avatar\\\/71c770e6e00bd7cb8183e56d1c59f81601544fbe41d802d7c17d05c9e25f7d06?s=96&d=mm&r=g\",\"contentUrl\":\"https:\\\/\\\/secure.gravatar.com\\\/avatar\\\/71c770e6e00bd7cb8183e56d1c59f81601544fbe41d802d7c17d05c9e25f7d06?s=96&d=mm&r=g\",\"caption\":\"El Universal\"},\"url\":\"https:\\\/\\\/www.bbmnoticias.com\\\/labravaradiofm\\\/author\\\/eluniversal\\\/\"}]}<\/script>\n<!-- \/ Yoast SEO plugin. -->","yoast_head_json":{"title":"Abogados de Murillo Karam lanzan alerta por salud del ex procurador; \"est\u00e1 delicado\" - LA BRAVA RADIO","robots":{"index":"index","follow":"follow","max-snippet":"max-snippet:-1","max-image-preview":"max-image-preview:large","max-video-preview":"max-video-preview:-1"},"canonical":"https:\/\/www.bbmnoticias.com\/labravaradiofm\/2023\/04\/03\/abogados-de-murillo-karam-lanzan-alerta-por-salud-del-ex-procurador-esta-delicado\/","og_locale":"es_MX","og_type":"article","og_title":"Abogados de Murillo Karam lanzan alerta por salud del ex procurador; \"est\u00e1 delicado\" - LA BRAVA RADIO","og_description":"El estado de salud del ex procurador general de la Rep\u00fablica Jes\u00fas Murillo Karam, contin\u00faa siendo delicado, debido a que los padecimientos que lo aquejan: enfermedad pulmonar obstructiva cr\u00f3nica (EPOC), hipertensi\u00f3n arterial sist\u00e9mica e insuficiencia vascular cerebral ya que no han logrado mantenerse controlados, a pesar de la atenci\u00f3n m\u00e9dica que se le ha brindado, [&hellip;]","og_url":"https:\/\/www.bbmnoticias.com\/labravaradiofm\/2023\/04\/03\/abogados-de-murillo-karam-lanzan-alerta-por-salud-del-ex-procurador-esta-delicado\/","og_site_name":"LA BRAVA RADIO","article_published_time":"2023-04-04T00:28:32+00:00","article_modified_time":"2023-04-04T00:28:33+00:00","og_image":[{"width":800,"height":484,"url":"https:\/\/www.bbmnoticias.com\/labravaradiofm\/wp-content\/uploads\/sites\/5\/2023\/04\/murillo-karam.jpg","type":"image\/jpeg"}],"author":"El Universal","twitter_card":"summary_large_image","twitter_misc":{"Escrito por":"El Universal","Tiempo de lectura":"2 minutos"},"schema":{"@context":"https:\/\/schema.org","@graph":[{"@type":"Article","@id":"https:\/\/www.bbmnoticias.com\/labravaradiofm\/2023\/04\/03\/abogados-de-murillo-karam-lanzan-alerta-por-salud-del-ex-procurador-esta-delicado\/#article","isPartOf":{"@id":"https:\/\/www.bbmnoticias.com\/labravaradiofm\/2023\/04\/03\/abogados-de-murillo-karam-lanzan-alerta-por-salud-del-ex-procurador-esta-delicado\/"},"author":{"name":"El Universal","@id":"https:\/\/www.bbmnoticias.com\/labravaradiofm\/#\/schema\/person\/9d7a6a319e0df750bc43fc190d0b889b"},"headline":"Abogados de Murillo Karam lanzan alerta por salud del ex procurador; &#8220;est\u00e1 delicado&#8221;","datePublished":"2023-04-04T00:28:32+00:00","dateModified":"2023-04-04T00:28:33+00:00","mainEntityOfPage":{"@id":"https:\/\/www.bbmnoticias.com\/labravaradiofm\/2023\/04\/03\/abogados-de-murillo-karam-lanzan-alerta-por-salud-del-ex-procurador-esta-delicado\/"},"wordCount":472,"image":{"@id":"https:\/\/www.bbmnoticias.com\/labravaradiofm\/2023\/04\/03\/abogados-de-murillo-karam-lanzan-alerta-por-salud-del-ex-procurador-esta-delicado\/#primaryimage"},"thumbnailUrl":"https:\/\/www.bbmnoticias.com\/labravaradiofm\/wp-content\/uploads\/sites\/5\/2023\/04\/murillo-karam.jpg","articleSection":["NACIONAL"],"inLanguage":"es"},{"@type":"WebPage","@id":"https:\/\/www.bbmnoticias.com\/labravaradiofm\/2023\/04\/03\/abogados-de-murillo-karam-lanzan-alerta-por-salud-del-ex-procurador-esta-delicado\/","url":"https:\/\/www.bbmnoticias.com\/labravaradiofm\/2023\/04\/03\/abogados-de-murillo-karam-lanzan-alerta-por-salud-del-ex-procurador-esta-delicado\/","name":"Abogados de Murillo Karam lanzan alerta por salud del ex procurador; \"est\u00e1 delicado\" - LA BRAVA RADIO","isPartOf":{"@id":"https:\/\/www.bbmnoticias.com\/labravaradiofm\/#website"},"primaryImageOfPage":{"@id":"https:\/\/www.bbmnoticias.com\/labravaradiofm\/2023\/04\/03\/abogados-de-murillo-karam-lanzan-alerta-por-salud-del-ex-procurador-esta-delicado\/#primaryimage"},"image":{"@id":"https:\/\/www.bbmnoticias.com\/labravaradiofm\/2023\/04\/03\/abogados-de-murillo-karam-lanzan-alerta-por-salud-del-ex-procurador-esta-delicado\/#primaryimage"},"thumbnailUrl":"https:\/\/www.bbmnoticias.com\/labravaradiofm\/wp-content\/uploads\/sites\/5\/2023\/04\/murillo-karam.jpg","datePublished":"2023-04-04T00:28:32+00:00","dateModified":"2023-04-04T00:28:33+00:00","author":{"@id":"https:\/\/www.bbmnoticias.com\/labravaradiofm\/#\/schema\/person\/9d7a6a319e0df750bc43fc190d0b889b"},"breadcrumb":{"@id":"https:\/\/www.bbmnoticias.com\/labravaradiofm\/2023\/04\/03\/abogados-de-murillo-karam-lanzan-alerta-por-salud-del-ex-procurador-esta-delicado\/#breadcrumb"},"inLanguage":"es","potentialAction":[{"@type":"ReadAction","target":["https:\/\/www.bbmnoticias.com\/labravaradiofm\/2023\/04\/03\/abogados-de-murillo-karam-lanzan-alerta-por-salud-del-ex-procurador-esta-delicado\/"]}]},{"@type":"ImageObject","inLanguage":"es","@id":"https:\/\/www.bbmnoticias.com\/labravaradiofm\/2023\/04\/03\/abogados-de-murillo-karam-lanzan-alerta-por-salud-del-ex-procurador-esta-delicado\/#primaryimage","url":"https:\/\/www.bbmnoticias.com\/labravaradiofm\/wp-content\/uploads\/sites\/5\/2023\/04\/murillo-karam.jpg","contentUrl":"https:\/\/www.bbmnoticias.com\/labravaradiofm\/wp-content\/uploads\/sites\/5\/2023\/04\/murillo-karam.jpg","width":800,"height":484},{"@type":"BreadcrumbList","@id":"https:\/\/www.bbmnoticias.com\/labravaradiofm\/2023\/04\/03\/abogados-de-murillo-karam-lanzan-alerta-por-salud-del-ex-procurador-esta-delicado\/#breadcrumb","itemListElement":[{"@type":"ListItem","position":1,"name":"Inicio","item":"https:\/\/www.bbmnoticias.com\/labravaradiofm\/"},{"@type":"ListItem","position":2,"name":"Abogados de Murillo Karam lanzan alerta por salud del ex procurador; &#8220;est\u00e1 delicado&#8221;"}]},{"@type":"WebSite","@id":"https:\/\/www.bbmnoticias.com\/labravaradiofm\/#website","url":"https:\/\/www.bbmnoticias.com\/labravaradiofm\/","name":"LA BRAVA RADIO","description":"Empresa productora de medios, Radiodifusi\u00f3n, Noticias, tendencias y todo lo que necesitas saber de la pol\u00edtica mexicana e internacional; entretenimiento, espect\u00e1culos, salud y mucho m\u00e1s.","potentialAction":[{"@type":"SearchAction","target":{"@type":"EntryPoint","urlTemplate":"https:\/\/www.bbmnoticias.com\/labravaradiofm\/?s={search_term_string}"},"query-input":{"@type":"PropertyValueSpecification","valueRequired":true,"valueName":"search_term_string"}}],"inLanguage":"es"},{"@type":"Person","@id":"https:\/\/www.bbmnoticias.com\/labravaradiofm\/#\/schema\/person\/9d7a6a319e0df750bc43fc190d0b889b","name":"El Universal","image":{"@type":"ImageObject","inLanguage":"es","@id":"https:\/\/secure.gravatar.com\/avatar\/71c770e6e00bd7cb8183e56d1c59f81601544fbe41d802d7c17d05c9e25f7d06?s=96&d=mm&r=g","url":"https:\/\/secure.gravatar.com\/avatar\/71c770e6e00bd7cb8183e56d1c59f81601544fbe41d802d7c17d05c9e25f7d06?s=96&d=mm&r=g","contentUrl":"https:\/\/secure.gravatar.com\/avatar\/71c770e6e00bd7cb8183e56d1c59f81601544fbe41d802d7c17d05c9e25f7d06?s=96&d=mm&r=g","caption":"El Universal"},"url":"https:\/\/www.bbmnoticias.com\/labravaradiofm\/author\/eluniversal\/"}]}},"_links":{"self":[{"href":"https:\/\/www.bbmnoticias.com\/labravaradiofm\/wp-json\/wp\/v2\/posts\/25801","targetHints":{"allow":["GET"]}}],"collection":[{"href":"https:\/\/www.bbmnoticias.com\/labravaradiofm\/wp-json\/wp\/v2\/posts"}],"about":[{"href":"https:\/\/www.bbmnoticias.com\/labravaradiofm\/wp-json\/wp\/v2\/types\/post"}],"author":[{"embeddable":true,"href":"https:\/\/www.bbmnoticias.com\/labravaradiofm\/wp-json\/wp\/v2\/users\/10"}],"replies":[{"embeddable":true,"href":"https:\/\/www.bbmnoticias.com\/labravaradiofm\/wp-json\/wp\/v2\/comments?post=25801"}],"version-history":[{"count":0,"href":"https:\/\/www.bbmnoticias.com\/labravaradiofm\/wp-json\/wp\/v2\/posts\/25801\/revisions"}],"wp:featuredmedia":[{"embeddable":true,"href":"https:\/\/www.bbmnoticias.com\/labravaradiofm\/wp-json\/wp\/v2\/media\/25802"}],"wp:attachment":[{"href":"https:\/\/www.bbmnoticias.com\/labravaradiofm\/wp-json\/wp\/v2\/media?parent=25801"}],"wp:term":[{"taxonomy":"category","embeddable":true,"href":"https:\/\/www.bbmnoticias.com\/labravaradiofm\/wp-json\/wp\/v2\/categories?post=25801"},{"taxonomy":"post_tag","embeddable":true,"href":"https:\/\/www.bbmnoticias.com\/labravaradiofm\/wp-json\/wp\/v2\/tags?post=25801"}],"curies":[{"name":"wp","href":"https:\/\/api.w.org\/{rel}","templated":true}]}}