{"id":25791,"date":"2023-04-03T17:35:58","date_gmt":"2023-04-03T23:35:58","guid":{"rendered":"https:\/\/www.bbmnoticias.com\/labravaradiofm\/?p=25791"},"modified":"2023-04-03T17:35:58","modified_gmt":"2023-04-03T23:35:58","slug":"avanzan-estrategia-para-implementar-imss-bienestar-en-oaxaca","status":"publish","type":"post","link":"https:\/\/www.bbmnoticias.com\/labravaradiofm\/2023\/04\/03\/avanzan-estrategia-para-implementar-imss-bienestar-en-oaxaca\/","title":{"rendered":"Avanzan estrategia para implementar IMSS- Bienestar en Oaxaca"},"content":{"rendered":"<div style=\"margin-top: 0px; margin-bottom: 0px;\" class=\"sharethis-inline-share-buttons\" ><\/div>\n<p>Oaxaca de Ju\u00e1rez, Oax, 03 de abril de 2023.- El Gobierno del Estado de Oaxaca y autoridades del Gobierno de M\u00e9xico, representados por el gabinete de salud federal, llevaron a cabo una mesa de trabajo para analizar los avances en el proceso de federalizaci\u00f3n de los servicios de salud del estado, cobertura del personal m\u00e9dico, infraestructura y equipamiento, a fin de incorporar el Modelo de Atenci\u00f3n de la Salud IMSS- Bienestar.<\/p>\n\n\n\n<p>La reuni\u00f3n fue encabezada por el Gobernador Salom\u00f3n Jara Cruz; el director general del Instituto Mexicano del Seguro Social (IMSS), Zo\u00e9 Robledo; la directora general de los Servicios de Salud IMSS-Bienestar, Gisela Lara Salda\u00f1a; el director general del Instituto de Seguridad y Servicios Sociales de los Trabajadores del Estado (ISSSTE), Pedro Zenteno Santaella; el director general del Instituto de Salud para el Bienestar (Insabi), Juan Antonio Ferrer Aguilar; y el titular de la Comisi\u00f3n Coordinadora de Institutos Nacionales de Salud y Hospitales de Alta Especialidad, Gustavo Reyes Ter\u00e1n.<\/p>\n\n\n\n<p>Durante este encuentro realizado en el Sal\u00f3n Benito Ju\u00e1rez del Palacio de Gobierno de Oaxaca, el Mandatario estatal, Salom\u00f3n Jara Cruz, en compa\u00f1\u00eda de la secretaria de Salud, Alma Lilia Velasco Hern\u00e1ndez, precis\u00f3 que existe buena voluntad pol\u00edtica del Gobierno Federal para lograr conseguir un mejor servicio de salud en la entidad, \u201cel cual hab\u00eda estado muy abandonado, hoy la posibilidad de tener al IMSS-Bienestar en Oaxaca se lograr\u00e1 paso a paso, con la consolidaci\u00f3n de los objetivos que queremos para las familias oaxaque\u00f1as\u201d.<\/p>\n\n\n\n<p>Puntualiz\u00f3 que este proceso de federalizaci\u00f3n resolver\u00e1 una de las demandas m\u00e1s sentidas de las comunidades, principalmente de las zonas rurales, y en consecuencia obtener todos los beneficios de atenci\u00f3n m\u00e9dica que requiere el estado.<\/p>\n\n\n\n<p>Salom\u00f3n Jara resalt\u00f3 que no hay nada m\u00e1s importante que la salud y la vida, por lo cual se han sumado esfuerzos, para lograr la transformaci\u00f3n del sistema de salud y con ello, ofrecer un servicio de excelencia y acceso a la salud en las zonas m\u00e1s alejadas.<\/p>\n\n\n\n<p>Anunci\u00f3 que pr\u00f3ximamente estar\u00e1 en marcha la construcci\u00f3n de un nuevo hospital en San Juan Bautista Tuxtepec, as\u00ed tambi\u00e9n agradeci\u00f3 al ISSSTE por su disposici\u00f3n para un acuerdo en el Hospital la Mujer y Ni\u00f1o Oaxaque\u00f1o se convierta en uno del IMSS-Bienestar y que el Hospital de la Ni\u00f1ez Oaxaque\u00f1a pase al Modelo de Atenci\u00f3n de la Salud.<\/p>\n\n\n\n<figure class=\"wp-block-image size-full\"><img loading=\"lazy\" decoding=\"async\" width=\"800\" height=\"533\" src=\"https:\/\/www.bbmnoticias.com\/labravaradiofm\/wp-content\/uploads\/sites\/5\/2023\/04\/imss-bienestar-oaxaca2.jpg\" alt=\"\" class=\"wp-image-25793\" srcset=\"https:\/\/www.bbmnoticias.com\/labravaradiofm\/wp-content\/uploads\/sites\/5\/2023\/04\/imss-bienestar-oaxaca2.jpg 800w, https:\/\/www.bbmnoticias.com\/labravaradiofm\/wp-content\/uploads\/sites\/5\/2023\/04\/imss-bienestar-oaxaca2-300x200.jpg 300w, https:\/\/www.bbmnoticias.com\/labravaradiofm\/wp-content\/uploads\/sites\/5\/2023\/04\/imss-bienestar-oaxaca2-768x512.jpg 768w, https:\/\/www.bbmnoticias.com\/labravaradiofm\/wp-content\/uploads\/sites\/5\/2023\/04\/imss-bienestar-oaxaca2-696x464.jpg 696w, https:\/\/www.bbmnoticias.com\/labravaradiofm\/wp-content\/uploads\/sites\/5\/2023\/04\/imss-bienestar-oaxaca2-630x420.jpg 630w\" sizes=\"auto, (max-width: 800px) 100vw, 800px\" \/><\/figure>\n\n\n\n<p><strong>Se garantizar\u00e1 la atenci\u00f3n a los sectores m\u00e1s vulnerables<\/strong><\/p>\n\n\n\n<p>En su oportunidad, el director general del Seguro Social, Zo\u00e9 Robledo, inform\u00f3 que la entidad ser\u00e1 la primera en incorporarse al Modelo IMSS-Bienestar para el segundo trimestre del a\u00f1o \u2013de abril a junio\u2013 en donde se har\u00e1n las intervenciones de Baja California, Chiapas, Durango, Hidalgo, Tabasco, Tamaulipas y Quintana Roo.<\/p>\n\n\n\n<p>Zo\u00e9 Robledo destac\u00f3 que a Oaxaca llegaron 102 nuevos especialistas de base el pasado 16 de marzo, 50 del R\u00e9gimen Ordinario, 38 del \u00d3rgano P\u00fablico Descentralizado (OPD) y 14 del programa IMSS-Bienestar, mismos que ayudar\u00e1n a fortalecer la atenci\u00f3n m\u00e9dica.<\/p>\n\n\n\n<p>Refiri\u00f3 que el trabajo coordinado del Gobierno Federal para darle una prioridad al estado de Oaxaca forma parte de un imperativo \u00e9tico, \u201catender a los tres grandes estados en donde la Cuarta Transformaci\u00f3n debe verse reflejada de manera m\u00e1s clara y eficiente: Chiapas, Guerrero y Oaxaca\u201d.<\/p>\n\n\n\n<p>El titular del Seguro Social a\u00f1adi\u00f3 que la presencia de todas las instituciones de salud permite conocer los avances en los diferentes \u00e1mbitos, tanto de infraestructura, equipamiento, personal y abasto, adem\u00e1s hacer compromisos y acuerdos para que entre todos lo puedan hacer realidad.<\/p>\n\n\n\n<p>En tanto, el director general del ISSSTE, Pedro Zenteno Santaella, se\u00f1al\u00f3 que en esta instituci\u00f3n se tiene toda la disposici\u00f3n de colaborar en el gran proyecto del Presidente de M\u00e9xico, Andr\u00e9s Manuel L\u00f3pez Obrador, de transformar el sector salud en el pa\u00eds con la implementaci\u00f3n del IMSS-Bienestar.<\/p>\n\n\n\n<p>Desde Oaxaca, entidad que hoy se suma al programa, agreg\u00f3 que IMSS-Bienestar es un modelo de atenci\u00f3n enfocado en la prevenci\u00f3n, que funcionar\u00e1 en todo el pa\u00eds. Con lo que garantizar\u00e1 el servicio a por lo menos 60 millones de mexicanos que no cuentan con seguridad social.<\/p>\n\n\n\n<p>En este sentido, indic\u00f3: \u201cEl modelo de salud en el pa\u00eds fue dise\u00f1ado para la curaci\u00f3n, como si el negocio fuera: si no hay enfermos no hay negocio. Entonces, voltear a ver hacia la prevenci\u00f3n es fundamental para el ISSSTE, con una visi\u00f3n estrat\u00e9gica de lo que debe de ser el sector integrado y garantizar el derecho humano a la salud\u201d.<\/p>\n\n\n\n<p>Durante su intervenci\u00f3n, Jos\u00e9 Antonio Rueda M\u00e1rquez, jefe de Gabinete del Gobierno de Oaxaca, destac\u00f3 las reuniones celebradas en las \u00faltimas semanas sobre abasto, estatus jur\u00eddico de las unidades, personal, m\u00e9dicos e infraestructura.<\/p>\n\n\n\n<p>Indic\u00f3 que entre las conclusiones de las reuniones est\u00e1 apoyar a la mesa jur\u00eddica para agilizar la revisi\u00f3n de los 790 Centros de Salud; concluir tr\u00e1mites del Hospital Materno-Infantil de Juchit\u00e1n para que sea integrado al IMSS-Bienestar, labor que corresponde al Insabi.<\/p>\n\n\n\n<p>Tambi\u00e9n formalizar la transferencia a IMSS-Bienestar del Hospital de la Mujer y del Ni\u00f1o en el convenio entre el ISSSTE y el IMSS; dar continuidad a las reuniones con la dirigencia sindical federal y estatal, realizar un proceso de difusi\u00f3n e informaci\u00f3n intensiva en todos los Centros de Salud, entre otros.<\/p>\n","protected":false},"excerpt":{"rendered":"<p>Oaxaca de Ju\u00e1rez, Oax, 03 de abril de 2023.- El Gobierno del Estado de Oaxaca y autoridades del Gobierno de M\u00e9xico, representados por el gabinete de salud federal, llevaron a cabo una mesa de trabajo para analizar los avances en el proceso de federalizaci\u00f3n de los servicios de salud del estado, cobertura del personal m\u00e9dico, [&hellip;]<\/p>\n","protected":false},"author":2,"featured_media":25792,"comment_status":"closed","ping_status":"closed","sticky":false,"template":"","format":"standard","meta":{"footnotes":""},"categories":[2],"tags":[],"class_list":{"0":"post-25791","1":"post","2":"type-post","3":"status-publish","4":"format-standard","5":"has-post-thumbnail","7":"category-oaxaca"},"yoast_head":"<!-- This site is optimized with the Yoast SEO plugin v27.4 - https:\/\/yoast.com\/product\/yoast-seo-wordpress\/ -->\n<title>Avanzan estrategia para implementar IMSS- Bienestar en Oaxaca - LA BRAVA RADIO<\/title>\n<meta name=\"robots\" content=\"index, follow, max-snippet:-1, max-image-preview:large, max-video-preview:-1\" \/>\n<link rel=\"canonical\" href=\"https:\/\/www.bbmnoticias.com\/labravaradiofm\/2023\/04\/03\/avanzan-estrategia-para-implementar-imss-bienestar-en-oaxaca\/\" \/>\n<meta property=\"og:locale\" content=\"es_MX\" \/>\n<meta property=\"og:type\" content=\"article\" \/>\n<meta property=\"og:title\" content=\"Avanzan estrategia para implementar IMSS- Bienestar en Oaxaca - LA BRAVA RADIO\" \/>\n<meta property=\"og:description\" content=\"Oaxaca de Ju\u00e1rez, Oax, 03 de abril de 2023.- El Gobierno del Estado de Oaxaca y autoridades del Gobierno de M\u00e9xico, representados por el gabinete de salud federal, llevaron a cabo una mesa de trabajo para analizar los avances en el proceso de federalizaci\u00f3n de los servicios de salud del estado, cobertura del personal m\u00e9dico, [&hellip;]\" \/>\n<meta property=\"og:url\" content=\"https:\/\/www.bbmnoticias.com\/labravaradiofm\/2023\/04\/03\/avanzan-estrategia-para-implementar-imss-bienestar-en-oaxaca\/\" \/>\n<meta property=\"og:site_name\" content=\"LA BRAVA RADIO\" \/>\n<meta property=\"article:published_time\" content=\"2023-04-03T23:35:58+00:00\" \/>\n<meta property=\"og:image\" content=\"https:\/\/www.bbmnoticias.com\/labravaradiofm\/wp-content\/uploads\/sites\/5\/2023\/04\/imss-bienestar-oaxaca.jpg\" \/>\n\t<meta property=\"og:image:width\" content=\"800\" \/>\n\t<meta property=\"og:image:height\" content=\"533\" \/>\n\t<meta property=\"og:image:type\" content=\"image\/jpeg\" \/>\n<meta name=\"author\" content=\"Staff\" \/>\n<meta name=\"twitter:card\" content=\"summary_large_image\" \/>\n<meta name=\"twitter:label1\" content=\"Escrito por\" \/>\n\t<meta name=\"twitter:data1\" content=\"Staff\" \/>\n\t<meta name=\"twitter:label2\" content=\"Tiempo de lectura\" \/>\n\t<meta name=\"twitter:data2\" content=\"5 minutos\" \/>\n<script type=\"application\/ld+json\" class=\"yoast-schema-graph\">{\"@context\":\"https:\\\/\\\/schema.org\",\"@graph\":[{\"@type\":\"Article\",\"@id\":\"https:\\\/\\\/www.bbmnoticias.com\\\/labravaradiofm\\\/2023\\\/04\\\/03\\\/avanzan-estrategia-para-implementar-imss-bienestar-en-oaxaca\\\/#article\",\"isPartOf\":{\"@id\":\"https:\\\/\\\/www.bbmnoticias.com\\\/labravaradiofm\\\/2023\\\/04\\\/03\\\/avanzan-estrategia-para-implementar-imss-bienestar-en-oaxaca\\\/\"},\"author\":{\"name\":\"Staff\",\"@id\":\"https:\\\/\\\/www.bbmnoticias.com\\\/labravaradiofm\\\/#\\\/schema\\\/person\\\/34b139c617a70ea5bef5678bffe4dd7b\"},\"headline\":\"Avanzan estrategia para implementar IMSS- Bienestar en Oaxaca\",\"datePublished\":\"2023-04-03T23:35:58+00:00\",\"mainEntityOfPage\":{\"@id\":\"https:\\\/\\\/www.bbmnoticias.com\\\/labravaradiofm\\\/2023\\\/04\\\/03\\\/avanzan-estrategia-para-implementar-imss-bienestar-en-oaxaca\\\/\"},\"wordCount\":931,\"image\":{\"@id\":\"https:\\\/\\\/www.bbmnoticias.com\\\/labravaradiofm\\\/2023\\\/04\\\/03\\\/avanzan-estrategia-para-implementar-imss-bienestar-en-oaxaca\\\/#primaryimage\"},\"thumbnailUrl\":\"https:\\\/\\\/www.bbmnoticias.com\\\/labravaradiofm\\\/wp-content\\\/uploads\\\/sites\\\/5\\\/2023\\\/04\\\/imss-bienestar-oaxaca.jpg\",\"articleSection\":[\"LOCAL\"],\"inLanguage\":\"es\"},{\"@type\":\"WebPage\",\"@id\":\"https:\\\/\\\/www.bbmnoticias.com\\\/labravaradiofm\\\/2023\\\/04\\\/03\\\/avanzan-estrategia-para-implementar-imss-bienestar-en-oaxaca\\\/\",\"url\":\"https:\\\/\\\/www.bbmnoticias.com\\\/labravaradiofm\\\/2023\\\/04\\\/03\\\/avanzan-estrategia-para-implementar-imss-bienestar-en-oaxaca\\\/\",\"name\":\"Avanzan estrategia para implementar IMSS- Bienestar en Oaxaca - LA BRAVA RADIO\",\"isPartOf\":{\"@id\":\"https:\\\/\\\/www.bbmnoticias.com\\\/labravaradiofm\\\/#website\"},\"primaryImageOfPage\":{\"@id\":\"https:\\\/\\\/www.bbmnoticias.com\\\/labravaradiofm\\\/2023\\\/04\\\/03\\\/avanzan-estrategia-para-implementar-imss-bienestar-en-oaxaca\\\/#primaryimage\"},\"image\":{\"@id\":\"https:\\\/\\\/www.bbmnoticias.com\\\/labravaradiofm\\\/2023\\\/04\\\/03\\\/avanzan-estrategia-para-implementar-imss-bienestar-en-oaxaca\\\/#primaryimage\"},\"thumbnailUrl\":\"https:\\\/\\\/www.bbmnoticias.com\\\/labravaradiofm\\\/wp-content\\\/uploads\\\/sites\\\/5\\\/2023\\\/04\\\/imss-bienestar-oaxaca.jpg\",\"datePublished\":\"2023-04-03T23:35:58+00:00\",\"author\":{\"@id\":\"https:\\\/\\\/www.bbmnoticias.com\\\/labravaradiofm\\\/#\\\/schema\\\/person\\\/34b139c617a70ea5bef5678bffe4dd7b\"},\"breadcrumb\":{\"@id\":\"https:\\\/\\\/www.bbmnoticias.com\\\/labravaradiofm\\\/2023\\\/04\\\/03\\\/avanzan-estrategia-para-implementar-imss-bienestar-en-oaxaca\\\/#breadcrumb\"},\"inLanguage\":\"es\",\"potentialAction\":[{\"@type\":\"ReadAction\",\"target\":[\"https:\\\/\\\/www.bbmnoticias.com\\\/labravaradiofm\\\/2023\\\/04\\\/03\\\/avanzan-estrategia-para-implementar-imss-bienestar-en-oaxaca\\\/\"]}]},{\"@type\":\"ImageObject\",\"inLanguage\":\"es\",\"@id\":\"https:\\\/\\\/www.bbmnoticias.com\\\/labravaradiofm\\\/2023\\\/04\\\/03\\\/avanzan-estrategia-para-implementar-imss-bienestar-en-oaxaca\\\/#primaryimage\",\"url\":\"https:\\\/\\\/www.bbmnoticias.com\\\/labravaradiofm\\\/wp-content\\\/uploads\\\/sites\\\/5\\\/2023\\\/04\\\/imss-bienestar-oaxaca.jpg\",\"contentUrl\":\"https:\\\/\\\/www.bbmnoticias.com\\\/labravaradiofm\\\/wp-content\\\/uploads\\\/sites\\\/5\\\/2023\\\/04\\\/imss-bienestar-oaxaca.jpg\",\"width\":800,\"height\":533},{\"@type\":\"BreadcrumbList\",\"@id\":\"https:\\\/\\\/www.bbmnoticias.com\\\/labravaradiofm\\\/2023\\\/04\\\/03\\\/avanzan-estrategia-para-implementar-imss-bienestar-en-oaxaca\\\/#breadcrumb\",\"itemListElement\":[{\"@type\":\"ListItem\",\"position\":1,\"name\":\"Inicio\",\"item\":\"https:\\\/\\\/www.bbmnoticias.com\\\/labravaradiofm\\\/\"},{\"@type\":\"ListItem\",\"position\":2,\"name\":\"Avanzan estrategia para implementar IMSS- Bienestar en Oaxaca\"}]},{\"@type\":\"WebSite\",\"@id\":\"https:\\\/\\\/www.bbmnoticias.com\\\/labravaradiofm\\\/#website\",\"url\":\"https:\\\/\\\/www.bbmnoticias.com\\\/labravaradiofm\\\/\",\"name\":\"LA BRAVA RADIO\",\"description\":\"Empresa productora de medios, Radiodifusi\u00f3n, Noticias, tendencias y todo lo que necesitas saber de la pol\u00edtica mexicana e internacional; entretenimiento, espect\u00e1culos, salud y mucho m\u00e1s.\",\"potentialAction\":[{\"@type\":\"SearchAction\",\"target\":{\"@type\":\"EntryPoint\",\"urlTemplate\":\"https:\\\/\\\/www.bbmnoticias.com\\\/labravaradiofm\\\/?s={search_term_string}\"},\"query-input\":{\"@type\":\"PropertyValueSpecification\",\"valueRequired\":true,\"valueName\":\"search_term_string\"}}],\"inLanguage\":\"es\"},{\"@type\":\"Person\",\"@id\":\"https:\\\/\\\/www.bbmnoticias.com\\\/labravaradiofm\\\/#\\\/schema\\\/person\\\/34b139c617a70ea5bef5678bffe4dd7b\",\"name\":\"Staff\",\"image\":{\"@type\":\"ImageObject\",\"inLanguage\":\"es\",\"@id\":\"https:\\\/\\\/secure.gravatar.com\\\/avatar\\\/fdd21ad66fd8b98c407f9dee5b5e588cfe7f0d8579ec20fa6527cd59bab7f0f0?s=96&d=mm&r=g\",\"url\":\"https:\\\/\\\/secure.gravatar.com\\\/avatar\\\/fdd21ad66fd8b98c407f9dee5b5e588cfe7f0d8579ec20fa6527cd59bab7f0f0?s=96&d=mm&r=g\",\"contentUrl\":\"https:\\\/\\\/secure.gravatar.com\\\/avatar\\\/fdd21ad66fd8b98c407f9dee5b5e588cfe7f0d8579ec20fa6527cd59bab7f0f0?s=96&d=mm&r=g\",\"caption\":\"Staff\"},\"url\":\"https:\\\/\\\/www.bbmnoticias.com\\\/labravaradiofm\\\/author\\\/redaccion\\\/\"}]}<\/script>\n<!-- \/ Yoast SEO plugin. -->","yoast_head_json":{"title":"Avanzan estrategia para implementar IMSS- Bienestar en Oaxaca - LA BRAVA RADIO","robots":{"index":"index","follow":"follow","max-snippet":"max-snippet:-1","max-image-preview":"max-image-preview:large","max-video-preview":"max-video-preview:-1"},"canonical":"https:\/\/www.bbmnoticias.com\/labravaradiofm\/2023\/04\/03\/avanzan-estrategia-para-implementar-imss-bienestar-en-oaxaca\/","og_locale":"es_MX","og_type":"article","og_title":"Avanzan estrategia para implementar IMSS- Bienestar en Oaxaca - LA BRAVA RADIO","og_description":"Oaxaca de Ju\u00e1rez, Oax, 03 de abril de 2023.- El Gobierno del Estado de Oaxaca y autoridades del Gobierno de M\u00e9xico, representados por el gabinete de salud federal, llevaron a cabo una mesa de trabajo para analizar los avances en el proceso de federalizaci\u00f3n de los servicios de salud del estado, cobertura del personal m\u00e9dico, [&hellip;]","og_url":"https:\/\/www.bbmnoticias.com\/labravaradiofm\/2023\/04\/03\/avanzan-estrategia-para-implementar-imss-bienestar-en-oaxaca\/","og_site_name":"LA BRAVA RADIO","article_published_time":"2023-04-03T23:35:58+00:00","og_image":[{"width":800,"height":533,"url":"https:\/\/www.bbmnoticias.com\/labravaradiofm\/wp-content\/uploads\/sites\/5\/2023\/04\/imss-bienestar-oaxaca.jpg","type":"image\/jpeg"}],"author":"Staff","twitter_card":"summary_large_image","twitter_misc":{"Escrito por":"Staff","Tiempo de lectura":"5 minutos"},"schema":{"@context":"https:\/\/schema.org","@graph":[{"@type":"Article","@id":"https:\/\/www.bbmnoticias.com\/labravaradiofm\/2023\/04\/03\/avanzan-estrategia-para-implementar-imss-bienestar-en-oaxaca\/#article","isPartOf":{"@id":"https:\/\/www.bbmnoticias.com\/labravaradiofm\/2023\/04\/03\/avanzan-estrategia-para-implementar-imss-bienestar-en-oaxaca\/"},"author":{"name":"Staff","@id":"https:\/\/www.bbmnoticias.com\/labravaradiofm\/#\/schema\/person\/34b139c617a70ea5bef5678bffe4dd7b"},"headline":"Avanzan estrategia para implementar IMSS- Bienestar en Oaxaca","datePublished":"2023-04-03T23:35:58+00:00","mainEntityOfPage":{"@id":"https:\/\/www.bbmnoticias.com\/labravaradiofm\/2023\/04\/03\/avanzan-estrategia-para-implementar-imss-bienestar-en-oaxaca\/"},"wordCount":931,"image":{"@id":"https:\/\/www.bbmnoticias.com\/labravaradiofm\/2023\/04\/03\/avanzan-estrategia-para-implementar-imss-bienestar-en-oaxaca\/#primaryimage"},"thumbnailUrl":"https:\/\/www.bbmnoticias.com\/labravaradiofm\/wp-content\/uploads\/sites\/5\/2023\/04\/imss-bienestar-oaxaca.jpg","articleSection":["LOCAL"],"inLanguage":"es"},{"@type":"WebPage","@id":"https:\/\/www.bbmnoticias.com\/labravaradiofm\/2023\/04\/03\/avanzan-estrategia-para-implementar-imss-bienestar-en-oaxaca\/","url":"https:\/\/www.bbmnoticias.com\/labravaradiofm\/2023\/04\/03\/avanzan-estrategia-para-implementar-imss-bienestar-en-oaxaca\/","name":"Avanzan estrategia para implementar IMSS- Bienestar en Oaxaca - LA BRAVA RADIO","isPartOf":{"@id":"https:\/\/www.bbmnoticias.com\/labravaradiofm\/#website"},"primaryImageOfPage":{"@id":"https:\/\/www.bbmnoticias.com\/labravaradiofm\/2023\/04\/03\/avanzan-estrategia-para-implementar-imss-bienestar-en-oaxaca\/#primaryimage"},"image":{"@id":"https:\/\/www.bbmnoticias.com\/labravaradiofm\/2023\/04\/03\/avanzan-estrategia-para-implementar-imss-bienestar-en-oaxaca\/#primaryimage"},"thumbnailUrl":"https:\/\/www.bbmnoticias.com\/labravaradiofm\/wp-content\/uploads\/sites\/5\/2023\/04\/imss-bienestar-oaxaca.jpg","datePublished":"2023-04-03T23:35:58+00:00","author":{"@id":"https:\/\/www.bbmnoticias.com\/labravaradiofm\/#\/schema\/person\/34b139c617a70ea5bef5678bffe4dd7b"},"breadcrumb":{"@id":"https:\/\/www.bbmnoticias.com\/labravaradiofm\/2023\/04\/03\/avanzan-estrategia-para-implementar-imss-bienestar-en-oaxaca\/#breadcrumb"},"inLanguage":"es","potentialAction":[{"@type":"ReadAction","target":["https:\/\/www.bbmnoticias.com\/labravaradiofm\/2023\/04\/03\/avanzan-estrategia-para-implementar-imss-bienestar-en-oaxaca\/"]}]},{"@type":"ImageObject","inLanguage":"es","@id":"https:\/\/www.bbmnoticias.com\/labravaradiofm\/2023\/04\/03\/avanzan-estrategia-para-implementar-imss-bienestar-en-oaxaca\/#primaryimage","url":"https:\/\/www.bbmnoticias.com\/labravaradiofm\/wp-content\/uploads\/sites\/5\/2023\/04\/imss-bienestar-oaxaca.jpg","contentUrl":"https:\/\/www.bbmnoticias.com\/labravaradiofm\/wp-content\/uploads\/sites\/5\/2023\/04\/imss-bienestar-oaxaca.jpg","width":800,"height":533},{"@type":"BreadcrumbList","@id":"https:\/\/www.bbmnoticias.com\/labravaradiofm\/2023\/04\/03\/avanzan-estrategia-para-implementar-imss-bienestar-en-oaxaca\/#breadcrumb","itemListElement":[{"@type":"ListItem","position":1,"name":"Inicio","item":"https:\/\/www.bbmnoticias.com\/labravaradiofm\/"},{"@type":"ListItem","position":2,"name":"Avanzan estrategia para implementar IMSS- Bienestar en Oaxaca"}]},{"@type":"WebSite","@id":"https:\/\/www.bbmnoticias.com\/labravaradiofm\/#website","url":"https:\/\/www.bbmnoticias.com\/labravaradiofm\/","name":"LA BRAVA RADIO","description":"Empresa productora de medios, Radiodifusi\u00f3n, Noticias, tendencias y todo lo que necesitas saber de la pol\u00edtica mexicana e internacional; entretenimiento, espect\u00e1culos, salud y mucho m\u00e1s.","potentialAction":[{"@type":"SearchAction","target":{"@type":"EntryPoint","urlTemplate":"https:\/\/www.bbmnoticias.com\/labravaradiofm\/?s={search_term_string}"},"query-input":{"@type":"PropertyValueSpecification","valueRequired":true,"valueName":"search_term_string"}}],"inLanguage":"es"},{"@type":"Person","@id":"https:\/\/www.bbmnoticias.com\/labravaradiofm\/#\/schema\/person\/34b139c617a70ea5bef5678bffe4dd7b","name":"Staff","image":{"@type":"ImageObject","inLanguage":"es","@id":"https:\/\/secure.gravatar.com\/avatar\/fdd21ad66fd8b98c407f9dee5b5e588cfe7f0d8579ec20fa6527cd59bab7f0f0?s=96&d=mm&r=g","url":"https:\/\/secure.gravatar.com\/avatar\/fdd21ad66fd8b98c407f9dee5b5e588cfe7f0d8579ec20fa6527cd59bab7f0f0?s=96&d=mm&r=g","contentUrl":"https:\/\/secure.gravatar.com\/avatar\/fdd21ad66fd8b98c407f9dee5b5e588cfe7f0d8579ec20fa6527cd59bab7f0f0?s=96&d=mm&r=g","caption":"Staff"},"url":"https:\/\/www.bbmnoticias.com\/labravaradiofm\/author\/redaccion\/"}]}},"_links":{"self":[{"href":"https:\/\/www.bbmnoticias.com\/labravaradiofm\/wp-json\/wp\/v2\/posts\/25791","targetHints":{"allow":["GET"]}}],"collection":[{"href":"https:\/\/www.bbmnoticias.com\/labravaradiofm\/wp-json\/wp\/v2\/posts"}],"about":[{"href":"https:\/\/www.bbmnoticias.com\/labravaradiofm\/wp-json\/wp\/v2\/types\/post"}],"author":[{"embeddable":true,"href":"https:\/\/www.bbmnoticias.com\/labravaradiofm\/wp-json\/wp\/v2\/users\/2"}],"replies":[{"embeddable":true,"href":"https:\/\/www.bbmnoticias.com\/labravaradiofm\/wp-json\/wp\/v2\/comments?post=25791"}],"version-history":[{"count":0,"href":"https:\/\/www.bbmnoticias.com\/labravaradiofm\/wp-json\/wp\/v2\/posts\/25791\/revisions"}],"wp:featuredmedia":[{"embeddable":true,"href":"https:\/\/www.bbmnoticias.com\/labravaradiofm\/wp-json\/wp\/v2\/media\/25792"}],"wp:attachment":[{"href":"https:\/\/www.bbmnoticias.com\/labravaradiofm\/wp-json\/wp\/v2\/media?parent=25791"}],"wp:term":[{"taxonomy":"category","embeddable":true,"href":"https:\/\/www.bbmnoticias.com\/labravaradiofm\/wp-json\/wp\/v2\/categories?post=25791"},{"taxonomy":"post_tag","embeddable":true,"href":"https:\/\/www.bbmnoticias.com\/labravaradiofm\/wp-json\/wp\/v2\/tags?post=25791"}],"curies":[{"name":"wp","href":"https:\/\/api.w.org\/{rel}","templated":true}]}}