{"id":25764,"date":"2023-04-03T10:47:46","date_gmt":"2023-04-03T16:47:46","guid":{"rendered":"https:\/\/www.bbmnoticias.com\/labravaradiofm\/?p=25764"},"modified":"2023-04-03T10:47:47","modified_gmt":"2023-04-03T16:47:47","slug":"trabajadores-de-vectores-y-paludismo-protestan-frente-al-palacio-de-gobierno","status":"publish","type":"post","link":"https:\/\/www.bbmnoticias.com\/labravaradiofm\/2023\/04\/03\/trabajadores-de-vectores-y-paludismo-protestan-frente-al-palacio-de-gobierno\/","title":{"rendered":"Trabajadores de Vectores y Paludismo protestan frente al Palacio de Gobierno"},"content":{"rendered":"<div style=\"margin-top: 0px; margin-bottom: 0px;\" class=\"sharethis-inline-share-buttons\" ><\/div>\n<p><strong>Oaxaca, Oax.- <\/strong>Trabajadores de la Secci\u00f3n 73 del Programa de Vectores y Paludismo protestan frente al Palacio de Gobierno, para exigir una reuni\u00f3n con representantes del Gobierno del Estado.<\/p>\n\n\n\n<p>Los trabajadores, quienes cumplieron una semana en paro, informaron que su movilizaci\u00f3n, es derivado a que no han tenido respuestas a sus demandas.<\/p>\n\n\n\n<p>Indicaron que hasta el momento, la \u00fanica manera de ser atendidos, es que liberen la toma de los SSO, situaci\u00f3n que no van a permitir.<\/p>\n\n\n\n<p>Jorge Alfredo Diaz L\u00f3pez, secretario general de la Secci\u00f3n 73 del \u00c1rea de Vectores, inform\u00f3 de sus demandas son herramientas de trabajo, cobertura de Seguro, equipos de c\u00f3mputo para el \u00e1rea administrativa y m\u00e1quinas de nebulizaci\u00f3n y expersi\u00f3n.<\/p>\n\n\n\n<p>Explic\u00f3 que desde hace varios meses vienen solicitando estas demandas, sin que hasta el momento tengan respuestas a ellas.<\/p>\n\n\n\n<p>En total son 900 trabajadores, quienes se encuentran en paro en el \u00e1rea de vectores y que han dejado sin servicio a la poblaci\u00f3n, pese al riesgo epidemi\u00f3logo que se est\u00e1 presentando.<\/p>\n\n\n\n<p>Advirtieron que de no ser escuchados, no descartan movilizaciones en la Ciudad de Oaxaca y otros regiones del estado.<\/p>\n","protected":false},"excerpt":{"rendered":"<p>Oaxaca, Oax.- Trabajadores de la Secci\u00f3n 73 del Programa de Vectores y Paludismo protestan frente al Palacio de Gobierno, para exigir una reuni\u00f3n con representantes del Gobierno del Estado. Los trabajadores, quienes cumplieron una semana en paro, informaron que su movilizaci\u00f3n, es derivado a que no han tenido respuestas a sus demandas. Indicaron que hasta [&hellip;]<\/p>\n","protected":false},"author":7,"featured_media":25765,"comment_status":"closed","ping_status":"closed","sticky":false,"template":"","format":"standard","meta":{"footnotes":""},"categories":[2],"tags":[],"class_list":{"0":"post-25764","1":"post","2":"type-post","3":"status-publish","4":"format-standard","5":"has-post-thumbnail","7":"category-oaxaca"},"yoast_head":"<!-- This site is optimized with the Yoast SEO plugin v27.4 - https:\/\/yoast.com\/product\/yoast-seo-wordpress\/ -->\n<title>Trabajadores de Vectores y Paludismo protestan frente al Palacio de Gobierno - LA BRAVA RADIO<\/title>\n<meta name=\"robots\" content=\"index, follow, max-snippet:-1, max-image-preview:large, max-video-preview:-1\" \/>\n<link rel=\"canonical\" href=\"https:\/\/www.bbmnoticias.com\/labravaradiofm\/2023\/04\/03\/trabajadores-de-vectores-y-paludismo-protestan-frente-al-palacio-de-gobierno\/\" \/>\n<meta property=\"og:locale\" content=\"es_MX\" \/>\n<meta property=\"og:type\" content=\"article\" \/>\n<meta property=\"og:title\" content=\"Trabajadores de Vectores y Paludismo protestan frente al Palacio de Gobierno - LA BRAVA RADIO\" \/>\n<meta property=\"og:description\" content=\"Oaxaca, Oax.- Trabajadores de la Secci\u00f3n 73 del Programa de Vectores y Paludismo protestan frente al Palacio de Gobierno, para exigir una reuni\u00f3n con representantes del Gobierno del Estado. Los trabajadores, quienes cumplieron una semana en paro, informaron que su movilizaci\u00f3n, es derivado a que no han tenido respuestas a sus demandas. Indicaron que hasta [&hellip;]\" \/>\n<meta property=\"og:url\" content=\"https:\/\/www.bbmnoticias.com\/labravaradiofm\/2023\/04\/03\/trabajadores-de-vectores-y-paludismo-protestan-frente-al-palacio-de-gobierno\/\" \/>\n<meta property=\"og:site_name\" content=\"LA BRAVA RADIO\" \/>\n<meta property=\"article:published_time\" content=\"2023-04-03T16:47:46+00:00\" \/>\n<meta property=\"article:modified_time\" content=\"2023-04-03T16:47:47+00:00\" \/>\n<meta property=\"og:image\" content=\"https:\/\/www.bbmnoticias.com\/labravaradiofm\/wp-content\/uploads\/sites\/5\/2023\/04\/trabajadores-vectores.jpg\" \/>\n\t<meta property=\"og:image:width\" content=\"781\" \/>\n\t<meta property=\"og:image:height\" content=\"540\" \/>\n\t<meta property=\"og:image:type\" content=\"image\/jpeg\" \/>\n<meta name=\"author\" content=\"Cuarta Plana\" \/>\n<meta name=\"twitter:card\" content=\"summary_large_image\" \/>\n<meta name=\"twitter:label1\" content=\"Escrito por\" \/>\n\t<meta name=\"twitter:data1\" content=\"Cuarta Plana\" \/>\n\t<meta name=\"twitter:label2\" content=\"Tiempo de lectura\" \/>\n\t<meta name=\"twitter:data2\" content=\"1 minuto\" \/>\n<script type=\"application\/ld+json\" class=\"yoast-schema-graph\">{\"@context\":\"https:\\\/\\\/schema.org\",\"@graph\":[{\"@type\":\"Article\",\"@id\":\"https:\\\/\\\/www.bbmnoticias.com\\\/labravaradiofm\\\/2023\\\/04\\\/03\\\/trabajadores-de-vectores-y-paludismo-protestan-frente-al-palacio-de-gobierno\\\/#article\",\"isPartOf\":{\"@id\":\"https:\\\/\\\/www.bbmnoticias.com\\\/labravaradiofm\\\/2023\\\/04\\\/03\\\/trabajadores-de-vectores-y-paludismo-protestan-frente-al-palacio-de-gobierno\\\/\"},\"author\":{\"name\":\"Cuarta Plana\",\"@id\":\"https:\\\/\\\/www.bbmnoticias.com\\\/labravaradiofm\\\/#\\\/schema\\\/person\\\/06701593a16bd7e2ef8a61c905892f7b\"},\"headline\":\"Trabajadores de Vectores y Paludismo protestan frente al Palacio de Gobierno\",\"datePublished\":\"2023-04-03T16:47:46+00:00\",\"dateModified\":\"2023-04-03T16:47:47+00:00\",\"mainEntityOfPage\":{\"@id\":\"https:\\\/\\\/www.bbmnoticias.com\\\/labravaradiofm\\\/2023\\\/04\\\/03\\\/trabajadores-de-vectores-y-paludismo-protestan-frente-al-palacio-de-gobierno\\\/\"},\"wordCount\":206,\"image\":{\"@id\":\"https:\\\/\\\/www.bbmnoticias.com\\\/labravaradiofm\\\/2023\\\/04\\\/03\\\/trabajadores-de-vectores-y-paludismo-protestan-frente-al-palacio-de-gobierno\\\/#primaryimage\"},\"thumbnailUrl\":\"https:\\\/\\\/www.bbmnoticias.com\\\/labravaradiofm\\\/wp-content\\\/uploads\\\/sites\\\/5\\\/2023\\\/04\\\/trabajadores-vectores.jpg\",\"articleSection\":[\"LOCAL\"],\"inLanguage\":\"es\"},{\"@type\":\"WebPage\",\"@id\":\"https:\\\/\\\/www.bbmnoticias.com\\\/labravaradiofm\\\/2023\\\/04\\\/03\\\/trabajadores-de-vectores-y-paludismo-protestan-frente-al-palacio-de-gobierno\\\/\",\"url\":\"https:\\\/\\\/www.bbmnoticias.com\\\/labravaradiofm\\\/2023\\\/04\\\/03\\\/trabajadores-de-vectores-y-paludismo-protestan-frente-al-palacio-de-gobierno\\\/\",\"name\":\"Trabajadores de Vectores y Paludismo protestan frente al Palacio de Gobierno - LA BRAVA RADIO\",\"isPartOf\":{\"@id\":\"https:\\\/\\\/www.bbmnoticias.com\\\/labravaradiofm\\\/#website\"},\"primaryImageOfPage\":{\"@id\":\"https:\\\/\\\/www.bbmnoticias.com\\\/labravaradiofm\\\/2023\\\/04\\\/03\\\/trabajadores-de-vectores-y-paludismo-protestan-frente-al-palacio-de-gobierno\\\/#primaryimage\"},\"image\":{\"@id\":\"https:\\\/\\\/www.bbmnoticias.com\\\/labravaradiofm\\\/2023\\\/04\\\/03\\\/trabajadores-de-vectores-y-paludismo-protestan-frente-al-palacio-de-gobierno\\\/#primaryimage\"},\"thumbnailUrl\":\"https:\\\/\\\/www.bbmnoticias.com\\\/labravaradiofm\\\/wp-content\\\/uploads\\\/sites\\\/5\\\/2023\\\/04\\\/trabajadores-vectores.jpg\",\"datePublished\":\"2023-04-03T16:47:46+00:00\",\"dateModified\":\"2023-04-03T16:47:47+00:00\",\"author\":{\"@id\":\"https:\\\/\\\/www.bbmnoticias.com\\\/labravaradiofm\\\/#\\\/schema\\\/person\\\/06701593a16bd7e2ef8a61c905892f7b\"},\"breadcrumb\":{\"@id\":\"https:\\\/\\\/www.bbmnoticias.com\\\/labravaradiofm\\\/2023\\\/04\\\/03\\\/trabajadores-de-vectores-y-paludismo-protestan-frente-al-palacio-de-gobierno\\\/#breadcrumb\"},\"inLanguage\":\"es\",\"potentialAction\":[{\"@type\":\"ReadAction\",\"target\":[\"https:\\\/\\\/www.bbmnoticias.com\\\/labravaradiofm\\\/2023\\\/04\\\/03\\\/trabajadores-de-vectores-y-paludismo-protestan-frente-al-palacio-de-gobierno\\\/\"]}]},{\"@type\":\"ImageObject\",\"inLanguage\":\"es\",\"@id\":\"https:\\\/\\\/www.bbmnoticias.com\\\/labravaradiofm\\\/2023\\\/04\\\/03\\\/trabajadores-de-vectores-y-paludismo-protestan-frente-al-palacio-de-gobierno\\\/#primaryimage\",\"url\":\"https:\\\/\\\/www.bbmnoticias.com\\\/labravaradiofm\\\/wp-content\\\/uploads\\\/sites\\\/5\\\/2023\\\/04\\\/trabajadores-vectores.jpg\",\"contentUrl\":\"https:\\\/\\\/www.bbmnoticias.com\\\/labravaradiofm\\\/wp-content\\\/uploads\\\/sites\\\/5\\\/2023\\\/04\\\/trabajadores-vectores.jpg\",\"width\":781,\"height\":540},{\"@type\":\"BreadcrumbList\",\"@id\":\"https:\\\/\\\/www.bbmnoticias.com\\\/labravaradiofm\\\/2023\\\/04\\\/03\\\/trabajadores-de-vectores-y-paludismo-protestan-frente-al-palacio-de-gobierno\\\/#breadcrumb\",\"itemListElement\":[{\"@type\":\"ListItem\",\"position\":1,\"name\":\"Inicio\",\"item\":\"https:\\\/\\\/www.bbmnoticias.com\\\/labravaradiofm\\\/\"},{\"@type\":\"ListItem\",\"position\":2,\"name\":\"Trabajadores de Vectores y Paludismo protestan frente al Palacio de Gobierno\"}]},{\"@type\":\"WebSite\",\"@id\":\"https:\\\/\\\/www.bbmnoticias.com\\\/labravaradiofm\\\/#website\",\"url\":\"https:\\\/\\\/www.bbmnoticias.com\\\/labravaradiofm\\\/\",\"name\":\"LA BRAVA RADIO\",\"description\":\"Empresa productora de medios, Radiodifusi\u00f3n, Noticias, tendencias y todo lo que necesitas saber de la pol\u00edtica mexicana e internacional; entretenimiento, espect\u00e1culos, salud y mucho m\u00e1s.\",\"potentialAction\":[{\"@type\":\"SearchAction\",\"target\":{\"@type\":\"EntryPoint\",\"urlTemplate\":\"https:\\\/\\\/www.bbmnoticias.com\\\/labravaradiofm\\\/?s={search_term_string}\"},\"query-input\":{\"@type\":\"PropertyValueSpecification\",\"valueRequired\":true,\"valueName\":\"search_term_string\"}}],\"inLanguage\":\"es\"},{\"@type\":\"Person\",\"@id\":\"https:\\\/\\\/www.bbmnoticias.com\\\/labravaradiofm\\\/#\\\/schema\\\/person\\\/06701593a16bd7e2ef8a61c905892f7b\",\"name\":\"Cuarta Plana\",\"image\":{\"@type\":\"ImageObject\",\"inLanguage\":\"es\",\"@id\":\"https:\\\/\\\/secure.gravatar.com\\\/avatar\\\/569aeac3582b4864a79ffcd8468ada657f9c0cbf68c06542116f60dfa8c3c2d7?s=96&d=mm&r=g\",\"url\":\"https:\\\/\\\/secure.gravatar.com\\\/avatar\\\/569aeac3582b4864a79ffcd8468ada657f9c0cbf68c06542116f60dfa8c3c2d7?s=96&d=mm&r=g\",\"contentUrl\":\"https:\\\/\\\/secure.gravatar.com\\\/avatar\\\/569aeac3582b4864a79ffcd8468ada657f9c0cbf68c06542116f60dfa8c3c2d7?s=96&d=mm&r=g\",\"caption\":\"Cuarta Plana\"},\"url\":\"https:\\\/\\\/www.bbmnoticias.com\\\/labravaradiofm\\\/author\\\/cuartaplana\\\/\"}]}<\/script>\n<!-- \/ Yoast SEO plugin. -->","yoast_head_json":{"title":"Trabajadores de Vectores y Paludismo protestan frente al Palacio de Gobierno - LA BRAVA RADIO","robots":{"index":"index","follow":"follow","max-snippet":"max-snippet:-1","max-image-preview":"max-image-preview:large","max-video-preview":"max-video-preview:-1"},"canonical":"https:\/\/www.bbmnoticias.com\/labravaradiofm\/2023\/04\/03\/trabajadores-de-vectores-y-paludismo-protestan-frente-al-palacio-de-gobierno\/","og_locale":"es_MX","og_type":"article","og_title":"Trabajadores de Vectores y Paludismo protestan frente al Palacio de Gobierno - LA BRAVA RADIO","og_description":"Oaxaca, Oax.- Trabajadores de la Secci\u00f3n 73 del Programa de Vectores y Paludismo protestan frente al Palacio de Gobierno, para exigir una reuni\u00f3n con representantes del Gobierno del Estado. Los trabajadores, quienes cumplieron una semana en paro, informaron que su movilizaci\u00f3n, es derivado a que no han tenido respuestas a sus demandas. Indicaron que hasta [&hellip;]","og_url":"https:\/\/www.bbmnoticias.com\/labravaradiofm\/2023\/04\/03\/trabajadores-de-vectores-y-paludismo-protestan-frente-al-palacio-de-gobierno\/","og_site_name":"LA BRAVA RADIO","article_published_time":"2023-04-03T16:47:46+00:00","article_modified_time":"2023-04-03T16:47:47+00:00","og_image":[{"width":781,"height":540,"url":"https:\/\/www.bbmnoticias.com\/labravaradiofm\/wp-content\/uploads\/sites\/5\/2023\/04\/trabajadores-vectores.jpg","type":"image\/jpeg"}],"author":"Cuarta Plana","twitter_card":"summary_large_image","twitter_misc":{"Escrito por":"Cuarta Plana","Tiempo de lectura":"1 minuto"},"schema":{"@context":"https:\/\/schema.org","@graph":[{"@type":"Article","@id":"https:\/\/www.bbmnoticias.com\/labravaradiofm\/2023\/04\/03\/trabajadores-de-vectores-y-paludismo-protestan-frente-al-palacio-de-gobierno\/#article","isPartOf":{"@id":"https:\/\/www.bbmnoticias.com\/labravaradiofm\/2023\/04\/03\/trabajadores-de-vectores-y-paludismo-protestan-frente-al-palacio-de-gobierno\/"},"author":{"name":"Cuarta Plana","@id":"https:\/\/www.bbmnoticias.com\/labravaradiofm\/#\/schema\/person\/06701593a16bd7e2ef8a61c905892f7b"},"headline":"Trabajadores de Vectores y Paludismo protestan frente al Palacio de Gobierno","datePublished":"2023-04-03T16:47:46+00:00","dateModified":"2023-04-03T16:47:47+00:00","mainEntityOfPage":{"@id":"https:\/\/www.bbmnoticias.com\/labravaradiofm\/2023\/04\/03\/trabajadores-de-vectores-y-paludismo-protestan-frente-al-palacio-de-gobierno\/"},"wordCount":206,"image":{"@id":"https:\/\/www.bbmnoticias.com\/labravaradiofm\/2023\/04\/03\/trabajadores-de-vectores-y-paludismo-protestan-frente-al-palacio-de-gobierno\/#primaryimage"},"thumbnailUrl":"https:\/\/www.bbmnoticias.com\/labravaradiofm\/wp-content\/uploads\/sites\/5\/2023\/04\/trabajadores-vectores.jpg","articleSection":["LOCAL"],"inLanguage":"es"},{"@type":"WebPage","@id":"https:\/\/www.bbmnoticias.com\/labravaradiofm\/2023\/04\/03\/trabajadores-de-vectores-y-paludismo-protestan-frente-al-palacio-de-gobierno\/","url":"https:\/\/www.bbmnoticias.com\/labravaradiofm\/2023\/04\/03\/trabajadores-de-vectores-y-paludismo-protestan-frente-al-palacio-de-gobierno\/","name":"Trabajadores de Vectores y Paludismo protestan frente al Palacio de Gobierno - LA BRAVA RADIO","isPartOf":{"@id":"https:\/\/www.bbmnoticias.com\/labravaradiofm\/#website"},"primaryImageOfPage":{"@id":"https:\/\/www.bbmnoticias.com\/labravaradiofm\/2023\/04\/03\/trabajadores-de-vectores-y-paludismo-protestan-frente-al-palacio-de-gobierno\/#primaryimage"},"image":{"@id":"https:\/\/www.bbmnoticias.com\/labravaradiofm\/2023\/04\/03\/trabajadores-de-vectores-y-paludismo-protestan-frente-al-palacio-de-gobierno\/#primaryimage"},"thumbnailUrl":"https:\/\/www.bbmnoticias.com\/labravaradiofm\/wp-content\/uploads\/sites\/5\/2023\/04\/trabajadores-vectores.jpg","datePublished":"2023-04-03T16:47:46+00:00","dateModified":"2023-04-03T16:47:47+00:00","author":{"@id":"https:\/\/www.bbmnoticias.com\/labravaradiofm\/#\/schema\/person\/06701593a16bd7e2ef8a61c905892f7b"},"breadcrumb":{"@id":"https:\/\/www.bbmnoticias.com\/labravaradiofm\/2023\/04\/03\/trabajadores-de-vectores-y-paludismo-protestan-frente-al-palacio-de-gobierno\/#breadcrumb"},"inLanguage":"es","potentialAction":[{"@type":"ReadAction","target":["https:\/\/www.bbmnoticias.com\/labravaradiofm\/2023\/04\/03\/trabajadores-de-vectores-y-paludismo-protestan-frente-al-palacio-de-gobierno\/"]}]},{"@type":"ImageObject","inLanguage":"es","@id":"https:\/\/www.bbmnoticias.com\/labravaradiofm\/2023\/04\/03\/trabajadores-de-vectores-y-paludismo-protestan-frente-al-palacio-de-gobierno\/#primaryimage","url":"https:\/\/www.bbmnoticias.com\/labravaradiofm\/wp-content\/uploads\/sites\/5\/2023\/04\/trabajadores-vectores.jpg","contentUrl":"https:\/\/www.bbmnoticias.com\/labravaradiofm\/wp-content\/uploads\/sites\/5\/2023\/04\/trabajadores-vectores.jpg","width":781,"height":540},{"@type":"BreadcrumbList","@id":"https:\/\/www.bbmnoticias.com\/labravaradiofm\/2023\/04\/03\/trabajadores-de-vectores-y-paludismo-protestan-frente-al-palacio-de-gobierno\/#breadcrumb","itemListElement":[{"@type":"ListItem","position":1,"name":"Inicio","item":"https:\/\/www.bbmnoticias.com\/labravaradiofm\/"},{"@type":"ListItem","position":2,"name":"Trabajadores de Vectores y Paludismo protestan frente al Palacio de Gobierno"}]},{"@type":"WebSite","@id":"https:\/\/www.bbmnoticias.com\/labravaradiofm\/#website","url":"https:\/\/www.bbmnoticias.com\/labravaradiofm\/","name":"LA BRAVA RADIO","description":"Empresa productora de medios, Radiodifusi\u00f3n, Noticias, tendencias y todo lo que necesitas saber de la pol\u00edtica mexicana e internacional; entretenimiento, espect\u00e1culos, salud y mucho m\u00e1s.","potentialAction":[{"@type":"SearchAction","target":{"@type":"EntryPoint","urlTemplate":"https:\/\/www.bbmnoticias.com\/labravaradiofm\/?s={search_term_string}"},"query-input":{"@type":"PropertyValueSpecification","valueRequired":true,"valueName":"search_term_string"}}],"inLanguage":"es"},{"@type":"Person","@id":"https:\/\/www.bbmnoticias.com\/labravaradiofm\/#\/schema\/person\/06701593a16bd7e2ef8a61c905892f7b","name":"Cuarta Plana","image":{"@type":"ImageObject","inLanguage":"es","@id":"https:\/\/secure.gravatar.com\/avatar\/569aeac3582b4864a79ffcd8468ada657f9c0cbf68c06542116f60dfa8c3c2d7?s=96&d=mm&r=g","url":"https:\/\/secure.gravatar.com\/avatar\/569aeac3582b4864a79ffcd8468ada657f9c0cbf68c06542116f60dfa8c3c2d7?s=96&d=mm&r=g","contentUrl":"https:\/\/secure.gravatar.com\/avatar\/569aeac3582b4864a79ffcd8468ada657f9c0cbf68c06542116f60dfa8c3c2d7?s=96&d=mm&r=g","caption":"Cuarta Plana"},"url":"https:\/\/www.bbmnoticias.com\/labravaradiofm\/author\/cuartaplana\/"}]}},"_links":{"self":[{"href":"https:\/\/www.bbmnoticias.com\/labravaradiofm\/wp-json\/wp\/v2\/posts\/25764","targetHints":{"allow":["GET"]}}],"collection":[{"href":"https:\/\/www.bbmnoticias.com\/labravaradiofm\/wp-json\/wp\/v2\/posts"}],"about":[{"href":"https:\/\/www.bbmnoticias.com\/labravaradiofm\/wp-json\/wp\/v2\/types\/post"}],"author":[{"embeddable":true,"href":"https:\/\/www.bbmnoticias.com\/labravaradiofm\/wp-json\/wp\/v2\/users\/7"}],"replies":[{"embeddable":true,"href":"https:\/\/www.bbmnoticias.com\/labravaradiofm\/wp-json\/wp\/v2\/comments?post=25764"}],"version-history":[{"count":0,"href":"https:\/\/www.bbmnoticias.com\/labravaradiofm\/wp-json\/wp\/v2\/posts\/25764\/revisions"}],"wp:featuredmedia":[{"embeddable":true,"href":"https:\/\/www.bbmnoticias.com\/labravaradiofm\/wp-json\/wp\/v2\/media\/25765"}],"wp:attachment":[{"href":"https:\/\/www.bbmnoticias.com\/labravaradiofm\/wp-json\/wp\/v2\/media?parent=25764"}],"wp:term":[{"taxonomy":"category","embeddable":true,"href":"https:\/\/www.bbmnoticias.com\/labravaradiofm\/wp-json\/wp\/v2\/categories?post=25764"},{"taxonomy":"post_tag","embeddable":true,"href":"https:\/\/www.bbmnoticias.com\/labravaradiofm\/wp-json\/wp\/v2\/tags?post=25764"}],"curies":[{"name":"wp","href":"https:\/\/api.w.org\/{rel}","templated":true}]}}