{"id":25741,"date":"2023-04-02T19:47:38","date_gmt":"2023-04-03T01:47:38","guid":{"rendered":"https:\/\/www.bbmnoticias.com\/labravaradiofm\/?p=25741"},"modified":"2023-04-02T19:47:39","modified_gmt":"2023-04-03T01:47:39","slug":"integrantes-de-los-sindicatos-cit-y-fito-se-suman-a-la-ctm","status":"publish","type":"post","link":"https:\/\/www.bbmnoticias.com\/labravaradiofm\/2023\/04\/02\/integrantes-de-los-sindicatos-cit-y-fito-se-suman-a-la-ctm\/","title":{"rendered":"Integrantes de los sindicatos CIT y FITO se suman a la CTM"},"content":{"rendered":"<div style=\"margin-top: 0px; margin-bottom: 0px;\" class=\"sharethis-inline-share-buttons\" ><\/div>\n<p>Salina Cruz, Oaxaca. Integrantes de los sindicatos CIT y FITO de la agencia municipal de Salinas del Marqu\u00e9s, se sumaron este domingo a la CTM y pegaron calcas a sus unidades de transporte de carga, atestiguando el evento los Secretarios; General y de Organizaci\u00f3n del Comit\u00e9 Ejecutivo Estatal de la CTM, Carlos Alberto Mejia Gil y Remigio G\u00f3mez Manubes, respectivamente.<\/p>\n\n\n\n<p>La reci\u00e9n nombrada Secretaria General de la Secci\u00f3n directa de la Federaci\u00f3n de Trabajadores de Oaxaca CTM, Iris Soledad Horta Miguel, reconoci\u00f3 la oportunidad que le est\u00e1n dando a las mujeres.<\/p>\n\n\n\n<p>\u201cSer\u00e1 un sindicato que va a florecer y con la visi\u00f3n de trabajar en unidad y buscamos el bienestar de las Salinas del Marqu\u00e9s\u201d, extern\u00f3.<\/p>\n\n\n\n<p>Luego de tomarles la protesta de ley a la esta secci\u00f3n, el Secretario General del Comit\u00e9 Ejecutivo Estatal de la CTM, Carlos Alberto Mejia Gil, expres\u00f3 que la Federaci\u00f3n est\u00e1 trazando un nueva ruta, en que prevalezca la unidad y la paz laboral, con la suma de nuevas ideas donde se le d\u00e9 la participaci\u00f3n a todos y sobre todo a las mujeres que son un sector importante en la sociedad.<\/p>\n\n\n\n<p>Desde luego, dijo, que est\u00e1n trabajando de la mano con los gobiernos federal y estatal en pro del desarrollo en nuestro estado.<\/p>\n\n\n\n<figure class=\"wp-block-image size-large\"><img loading=\"lazy\" decoding=\"async\" width=\"1024\" height=\"576\" src=\"https:\/\/www.bbmnoticias.com\/labravaradiofm\/wp-content\/uploads\/sites\/5\/2023\/04\/IMG-20230402-WA0020-1024x576.jpg\" alt=\"\" class=\"wp-image-25743\" srcset=\"https:\/\/www.bbmnoticias.com\/labravaradiofm\/wp-content\/uploads\/sites\/5\/2023\/04\/IMG-20230402-WA0020-1024x576.jpg 1024w, https:\/\/www.bbmnoticias.com\/labravaradiofm\/wp-content\/uploads\/sites\/5\/2023\/04\/IMG-20230402-WA0020-300x169.jpg 300w, https:\/\/www.bbmnoticias.com\/labravaradiofm\/wp-content\/uploads\/sites\/5\/2023\/04\/IMG-20230402-WA0020-768x432.jpg 768w, https:\/\/www.bbmnoticias.com\/labravaradiofm\/wp-content\/uploads\/sites\/5\/2023\/04\/IMG-20230402-WA0020-696x392.jpg 696w, https:\/\/www.bbmnoticias.com\/labravaradiofm\/wp-content\/uploads\/sites\/5\/2023\/04\/IMG-20230402-WA0020-1068x601.jpg 1068w, https:\/\/www.bbmnoticias.com\/labravaradiofm\/wp-content\/uploads\/sites\/5\/2023\/04\/IMG-20230402-WA0020-747x420.jpg 747w, https:\/\/www.bbmnoticias.com\/labravaradiofm\/wp-content\/uploads\/sites\/5\/2023\/04\/IMG-20230402-WA0020.jpg 1280w\" sizes=\"auto, (max-width: 1024px) 100vw, 1024px\" \/><\/figure>\n\n\n\n<p>Agreg\u00f3 que la suma de este n\u00famero importante de hombres y mujeres a la CTM es reflejo que las cosas est\u00e1n por el camino correcto en este sindicato.<\/p>\n\n\n\n<p>Por su parte el Secretario de Organizaci\u00f3n del Comit\u00e9 Ejecutivo Estatal, Remigio G\u00f3mez Manubes, dej\u00f3 en claro que la CTM no ser\u00e1n obst\u00e1culo en el desarrollo de Oaxaca y Salina Cruz, recalcando que est\u00e1n abiertos al di\u00e1logo.<\/p>\n\n\n\n<p>En ese contexto dio la bienvenida a los integrantes de esta secci\u00f3n de salineros, haciendo al mismo tiempo la invitaci\u00f3n a todos aquellos que deseen sumarse a la Federaci\u00f3n.<\/p>\n\n\n\n<p>Esta secci\u00f3n qued\u00f3 integrada por Iris Soledad Horta Miguel como Secretaria general, Eiliana<br>V\u00e1squez Mart\u00ednez como Secretaria de trabajo, Nicol\u00e1s Hern\u00e1ndez Barrera Secretario de Finanzas, Alejandra Garc\u00eda Garfias de Organizaci\u00f3n y Soledad Min\u00f3n Robles Secretaria de actas y acuerdos.<\/p>\n","protected":false},"excerpt":{"rendered":"<p>Salina Cruz, Oaxaca. Integrantes de los sindicatos CIT y FITO de la agencia municipal de Salinas del Marqu\u00e9s, se sumaron este domingo a la CTM y pegaron calcas a sus unidades de transporte de carga, atestiguando el evento los Secretarios; General y de Organizaci\u00f3n del Comit\u00e9 Ejecutivo Estatal de la CTM, Carlos Alberto Mejia Gil [&hellip;]<\/p>\n","protected":false},"author":3,"featured_media":25742,"comment_status":"closed","ping_status":"closed","sticky":false,"template":"","format":"standard","meta":{"footnotes":""},"categories":[2],"tags":[],"class_list":{"0":"post-25741","1":"post","2":"type-post","3":"status-publish","4":"format-standard","5":"has-post-thumbnail","7":"category-oaxaca"},"yoast_head":"<!-- This site is optimized with the Yoast SEO plugin v27.4 - https:\/\/yoast.com\/product\/yoast-seo-wordpress\/ -->\n<title>Integrantes de los sindicatos CIT y FITO se suman a la CTM - LA BRAVA RADIO<\/title>\n<meta name=\"robots\" content=\"index, follow, max-snippet:-1, max-image-preview:large, max-video-preview:-1\" \/>\n<link rel=\"canonical\" href=\"https:\/\/www.bbmnoticias.com\/labravaradiofm\/2023\/04\/02\/integrantes-de-los-sindicatos-cit-y-fito-se-suman-a-la-ctm\/\" \/>\n<meta property=\"og:locale\" content=\"es_MX\" \/>\n<meta property=\"og:type\" content=\"article\" \/>\n<meta property=\"og:title\" content=\"Integrantes de los sindicatos CIT y FITO se suman a la CTM - LA BRAVA RADIO\" \/>\n<meta property=\"og:description\" content=\"Salina Cruz, Oaxaca. Integrantes de los sindicatos CIT y FITO de la agencia municipal de Salinas del Marqu\u00e9s, se sumaron este domingo a la CTM y pegaron calcas a sus unidades de transporte de carga, atestiguando el evento los Secretarios; General y de Organizaci\u00f3n del Comit\u00e9 Ejecutivo Estatal de la CTM, Carlos Alberto Mejia Gil [&hellip;]\" \/>\n<meta property=\"og:url\" content=\"https:\/\/www.bbmnoticias.com\/labravaradiofm\/2023\/04\/02\/integrantes-de-los-sindicatos-cit-y-fito-se-suman-a-la-ctm\/\" \/>\n<meta property=\"og:site_name\" content=\"LA BRAVA RADIO\" \/>\n<meta property=\"article:author\" content=\"https:\/\/www.facebook.com\/EdwinMeneses30\" \/>\n<meta property=\"article:published_time\" content=\"2023-04-03T01:47:38+00:00\" \/>\n<meta property=\"article:modified_time\" content=\"2023-04-03T01:47:39+00:00\" \/>\n<meta property=\"og:image\" content=\"https:\/\/www.bbmnoticias.com\/labravaradiofm\/wp-content\/uploads\/sites\/5\/2023\/04\/IMG-20230402-WA0019.jpg\" \/>\n\t<meta property=\"og:image:width\" content=\"1280\" \/>\n\t<meta property=\"og:image:height\" content=\"720\" \/>\n\t<meta property=\"og:image:type\" content=\"image\/jpeg\" \/>\n<meta name=\"author\" content=\"Edwin MENESES\" \/>\n<meta name=\"twitter:card\" content=\"summary_large_image\" \/>\n<meta name=\"twitter:creator\" content=\"@https:\/\/twitter.com\/edwin_meneses81\" \/>\n<meta name=\"twitter:label1\" content=\"Escrito por\" \/>\n\t<meta name=\"twitter:data1\" content=\"Edwin MENESES\" \/>\n\t<meta name=\"twitter:label2\" content=\"Tiempo de lectura\" \/>\n\t<meta name=\"twitter:data2\" content=\"2 minutos\" \/>\n<script type=\"application\/ld+json\" class=\"yoast-schema-graph\">{\"@context\":\"https:\\\/\\\/schema.org\",\"@graph\":[{\"@type\":\"Article\",\"@id\":\"https:\\\/\\\/www.bbmnoticias.com\\\/labravaradiofm\\\/2023\\\/04\\\/02\\\/integrantes-de-los-sindicatos-cit-y-fito-se-suman-a-la-ctm\\\/#article\",\"isPartOf\":{\"@id\":\"https:\\\/\\\/www.bbmnoticias.com\\\/labravaradiofm\\\/2023\\\/04\\\/02\\\/integrantes-de-los-sindicatos-cit-y-fito-se-suman-a-la-ctm\\\/\"},\"author\":{\"name\":\"Edwin MENESES\",\"@id\":\"https:\\\/\\\/www.bbmnoticias.com\\\/labravaradiofm\\\/#\\\/schema\\\/person\\\/ac8532773d4f65dd24a852ecaf4c3ed0\"},\"headline\":\"Integrantes de los sindicatos CIT y FITO se suman a la CTM\",\"datePublished\":\"2023-04-03T01:47:38+00:00\",\"dateModified\":\"2023-04-03T01:47:39+00:00\",\"mainEntityOfPage\":{\"@id\":\"https:\\\/\\\/www.bbmnoticias.com\\\/labravaradiofm\\\/2023\\\/04\\\/02\\\/integrantes-de-los-sindicatos-cit-y-fito-se-suman-a-la-ctm\\\/\"},\"wordCount\":385,\"image\":{\"@id\":\"https:\\\/\\\/www.bbmnoticias.com\\\/labravaradiofm\\\/2023\\\/04\\\/02\\\/integrantes-de-los-sindicatos-cit-y-fito-se-suman-a-la-ctm\\\/#primaryimage\"},\"thumbnailUrl\":\"https:\\\/\\\/www.bbmnoticias.com\\\/labravaradiofm\\\/wp-content\\\/uploads\\\/sites\\\/5\\\/2023\\\/04\\\/IMG-20230402-WA0019.jpg\",\"articleSection\":[\"LOCAL\"],\"inLanguage\":\"es\"},{\"@type\":\"WebPage\",\"@id\":\"https:\\\/\\\/www.bbmnoticias.com\\\/labravaradiofm\\\/2023\\\/04\\\/02\\\/integrantes-de-los-sindicatos-cit-y-fito-se-suman-a-la-ctm\\\/\",\"url\":\"https:\\\/\\\/www.bbmnoticias.com\\\/labravaradiofm\\\/2023\\\/04\\\/02\\\/integrantes-de-los-sindicatos-cit-y-fito-se-suman-a-la-ctm\\\/\",\"name\":\"Integrantes de los sindicatos CIT y FITO se suman a la CTM - LA BRAVA RADIO\",\"isPartOf\":{\"@id\":\"https:\\\/\\\/www.bbmnoticias.com\\\/labravaradiofm\\\/#website\"},\"primaryImageOfPage\":{\"@id\":\"https:\\\/\\\/www.bbmnoticias.com\\\/labravaradiofm\\\/2023\\\/04\\\/02\\\/integrantes-de-los-sindicatos-cit-y-fito-se-suman-a-la-ctm\\\/#primaryimage\"},\"image\":{\"@id\":\"https:\\\/\\\/www.bbmnoticias.com\\\/labravaradiofm\\\/2023\\\/04\\\/02\\\/integrantes-de-los-sindicatos-cit-y-fito-se-suman-a-la-ctm\\\/#primaryimage\"},\"thumbnailUrl\":\"https:\\\/\\\/www.bbmnoticias.com\\\/labravaradiofm\\\/wp-content\\\/uploads\\\/sites\\\/5\\\/2023\\\/04\\\/IMG-20230402-WA0019.jpg\",\"datePublished\":\"2023-04-03T01:47:38+00:00\",\"dateModified\":\"2023-04-03T01:47:39+00:00\",\"author\":{\"@id\":\"https:\\\/\\\/www.bbmnoticias.com\\\/labravaradiofm\\\/#\\\/schema\\\/person\\\/ac8532773d4f65dd24a852ecaf4c3ed0\"},\"breadcrumb\":{\"@id\":\"https:\\\/\\\/www.bbmnoticias.com\\\/labravaradiofm\\\/2023\\\/04\\\/02\\\/integrantes-de-los-sindicatos-cit-y-fito-se-suman-a-la-ctm\\\/#breadcrumb\"},\"inLanguage\":\"es\",\"potentialAction\":[{\"@type\":\"ReadAction\",\"target\":[\"https:\\\/\\\/www.bbmnoticias.com\\\/labravaradiofm\\\/2023\\\/04\\\/02\\\/integrantes-de-los-sindicatos-cit-y-fito-se-suman-a-la-ctm\\\/\"]}]},{\"@type\":\"ImageObject\",\"inLanguage\":\"es\",\"@id\":\"https:\\\/\\\/www.bbmnoticias.com\\\/labravaradiofm\\\/2023\\\/04\\\/02\\\/integrantes-de-los-sindicatos-cit-y-fito-se-suman-a-la-ctm\\\/#primaryimage\",\"url\":\"https:\\\/\\\/www.bbmnoticias.com\\\/labravaradiofm\\\/wp-content\\\/uploads\\\/sites\\\/5\\\/2023\\\/04\\\/IMG-20230402-WA0019.jpg\",\"contentUrl\":\"https:\\\/\\\/www.bbmnoticias.com\\\/labravaradiofm\\\/wp-content\\\/uploads\\\/sites\\\/5\\\/2023\\\/04\\\/IMG-20230402-WA0019.jpg\",\"width\":1280,\"height\":720},{\"@type\":\"BreadcrumbList\",\"@id\":\"https:\\\/\\\/www.bbmnoticias.com\\\/labravaradiofm\\\/2023\\\/04\\\/02\\\/integrantes-de-los-sindicatos-cit-y-fito-se-suman-a-la-ctm\\\/#breadcrumb\",\"itemListElement\":[{\"@type\":\"ListItem\",\"position\":1,\"name\":\"Inicio\",\"item\":\"https:\\\/\\\/www.bbmnoticias.com\\\/labravaradiofm\\\/\"},{\"@type\":\"ListItem\",\"position\":2,\"name\":\"Integrantes de los sindicatos CIT y FITO se suman a la CTM\"}]},{\"@type\":\"WebSite\",\"@id\":\"https:\\\/\\\/www.bbmnoticias.com\\\/labravaradiofm\\\/#website\",\"url\":\"https:\\\/\\\/www.bbmnoticias.com\\\/labravaradiofm\\\/\",\"name\":\"LA BRAVA RADIO\",\"description\":\"Empresa productora de medios, Radiodifusi\u00f3n, Noticias, tendencias y todo lo que necesitas saber de la pol\u00edtica mexicana e internacional; entretenimiento, espect\u00e1culos, salud y mucho m\u00e1s.\",\"potentialAction\":[{\"@type\":\"SearchAction\",\"target\":{\"@type\":\"EntryPoint\",\"urlTemplate\":\"https:\\\/\\\/www.bbmnoticias.com\\\/labravaradiofm\\\/?s={search_term_string}\"},\"query-input\":{\"@type\":\"PropertyValueSpecification\",\"valueRequired\":true,\"valueName\":\"search_term_string\"}}],\"inLanguage\":\"es\"},{\"@type\":\"Person\",\"@id\":\"https:\\\/\\\/www.bbmnoticias.com\\\/labravaradiofm\\\/#\\\/schema\\\/person\\\/ac8532773d4f65dd24a852ecaf4c3ed0\",\"name\":\"Edwin MENESES\",\"image\":{\"@type\":\"ImageObject\",\"inLanguage\":\"es\",\"@id\":\"https:\\\/\\\/secure.gravatar.com\\\/avatar\\\/202a15439445248653d719ff745fa195bcc0553404b070fe317543754f253c4f?s=96&d=mm&r=g\",\"url\":\"https:\\\/\\\/secure.gravatar.com\\\/avatar\\\/202a15439445248653d719ff745fa195bcc0553404b070fe317543754f253c4f?s=96&d=mm&r=g\",\"contentUrl\":\"https:\\\/\\\/secure.gravatar.com\\\/avatar\\\/202a15439445248653d719ff745fa195bcc0553404b070fe317543754f253c4f?s=96&d=mm&r=g\",\"caption\":\"Edwin MENESES\"},\"sameAs\":[\"https:\\\/\\\/www.bbmnoticias.com\",\"https:\\\/\\\/www.facebook.com\\\/EdwinMeneses30\",\"https:\\\/\\\/x.com\\\/https:\\\/\\\/twitter.com\\\/edwin_meneses81\"],\"url\":\"https:\\\/\\\/www.bbmnoticias.com\\\/labravaradiofm\\\/author\\\/edwin\\\/\"}]}<\/script>\n<!-- \/ Yoast SEO plugin. -->","yoast_head_json":{"title":"Integrantes de los sindicatos CIT y FITO se suman a la CTM - LA BRAVA RADIO","robots":{"index":"index","follow":"follow","max-snippet":"max-snippet:-1","max-image-preview":"max-image-preview:large","max-video-preview":"max-video-preview:-1"},"canonical":"https:\/\/www.bbmnoticias.com\/labravaradiofm\/2023\/04\/02\/integrantes-de-los-sindicatos-cit-y-fito-se-suman-a-la-ctm\/","og_locale":"es_MX","og_type":"article","og_title":"Integrantes de los sindicatos CIT y FITO se suman a la CTM - LA BRAVA RADIO","og_description":"Salina Cruz, Oaxaca. Integrantes de los sindicatos CIT y FITO de la agencia municipal de Salinas del Marqu\u00e9s, se sumaron este domingo a la CTM y pegaron calcas a sus unidades de transporte de carga, atestiguando el evento los Secretarios; General y de Organizaci\u00f3n del Comit\u00e9 Ejecutivo Estatal de la CTM, Carlos Alberto Mejia Gil [&hellip;]","og_url":"https:\/\/www.bbmnoticias.com\/labravaradiofm\/2023\/04\/02\/integrantes-de-los-sindicatos-cit-y-fito-se-suman-a-la-ctm\/","og_site_name":"LA BRAVA RADIO","article_author":"https:\/\/www.facebook.com\/EdwinMeneses30","article_published_time":"2023-04-03T01:47:38+00:00","article_modified_time":"2023-04-03T01:47:39+00:00","og_image":[{"width":1280,"height":720,"url":"https:\/\/www.bbmnoticias.com\/labravaradiofm\/wp-content\/uploads\/sites\/5\/2023\/04\/IMG-20230402-WA0019.jpg","type":"image\/jpeg"}],"author":"Edwin MENESES","twitter_card":"summary_large_image","twitter_creator":"@https:\/\/twitter.com\/edwin_meneses81","twitter_misc":{"Escrito por":"Edwin MENESES","Tiempo de lectura":"2 minutos"},"schema":{"@context":"https:\/\/schema.org","@graph":[{"@type":"Article","@id":"https:\/\/www.bbmnoticias.com\/labravaradiofm\/2023\/04\/02\/integrantes-de-los-sindicatos-cit-y-fito-se-suman-a-la-ctm\/#article","isPartOf":{"@id":"https:\/\/www.bbmnoticias.com\/labravaradiofm\/2023\/04\/02\/integrantes-de-los-sindicatos-cit-y-fito-se-suman-a-la-ctm\/"},"author":{"name":"Edwin MENESES","@id":"https:\/\/www.bbmnoticias.com\/labravaradiofm\/#\/schema\/person\/ac8532773d4f65dd24a852ecaf4c3ed0"},"headline":"Integrantes de los sindicatos CIT y FITO se suman a la CTM","datePublished":"2023-04-03T01:47:38+00:00","dateModified":"2023-04-03T01:47:39+00:00","mainEntityOfPage":{"@id":"https:\/\/www.bbmnoticias.com\/labravaradiofm\/2023\/04\/02\/integrantes-de-los-sindicatos-cit-y-fito-se-suman-a-la-ctm\/"},"wordCount":385,"image":{"@id":"https:\/\/www.bbmnoticias.com\/labravaradiofm\/2023\/04\/02\/integrantes-de-los-sindicatos-cit-y-fito-se-suman-a-la-ctm\/#primaryimage"},"thumbnailUrl":"https:\/\/www.bbmnoticias.com\/labravaradiofm\/wp-content\/uploads\/sites\/5\/2023\/04\/IMG-20230402-WA0019.jpg","articleSection":["LOCAL"],"inLanguage":"es"},{"@type":"WebPage","@id":"https:\/\/www.bbmnoticias.com\/labravaradiofm\/2023\/04\/02\/integrantes-de-los-sindicatos-cit-y-fito-se-suman-a-la-ctm\/","url":"https:\/\/www.bbmnoticias.com\/labravaradiofm\/2023\/04\/02\/integrantes-de-los-sindicatos-cit-y-fito-se-suman-a-la-ctm\/","name":"Integrantes de los sindicatos CIT y FITO se suman a la CTM - LA BRAVA RADIO","isPartOf":{"@id":"https:\/\/www.bbmnoticias.com\/labravaradiofm\/#website"},"primaryImageOfPage":{"@id":"https:\/\/www.bbmnoticias.com\/labravaradiofm\/2023\/04\/02\/integrantes-de-los-sindicatos-cit-y-fito-se-suman-a-la-ctm\/#primaryimage"},"image":{"@id":"https:\/\/www.bbmnoticias.com\/labravaradiofm\/2023\/04\/02\/integrantes-de-los-sindicatos-cit-y-fito-se-suman-a-la-ctm\/#primaryimage"},"thumbnailUrl":"https:\/\/www.bbmnoticias.com\/labravaradiofm\/wp-content\/uploads\/sites\/5\/2023\/04\/IMG-20230402-WA0019.jpg","datePublished":"2023-04-03T01:47:38+00:00","dateModified":"2023-04-03T01:47:39+00:00","author":{"@id":"https:\/\/www.bbmnoticias.com\/labravaradiofm\/#\/schema\/person\/ac8532773d4f65dd24a852ecaf4c3ed0"},"breadcrumb":{"@id":"https:\/\/www.bbmnoticias.com\/labravaradiofm\/2023\/04\/02\/integrantes-de-los-sindicatos-cit-y-fito-se-suman-a-la-ctm\/#breadcrumb"},"inLanguage":"es","potentialAction":[{"@type":"ReadAction","target":["https:\/\/www.bbmnoticias.com\/labravaradiofm\/2023\/04\/02\/integrantes-de-los-sindicatos-cit-y-fito-se-suman-a-la-ctm\/"]}]},{"@type":"ImageObject","inLanguage":"es","@id":"https:\/\/www.bbmnoticias.com\/labravaradiofm\/2023\/04\/02\/integrantes-de-los-sindicatos-cit-y-fito-se-suman-a-la-ctm\/#primaryimage","url":"https:\/\/www.bbmnoticias.com\/labravaradiofm\/wp-content\/uploads\/sites\/5\/2023\/04\/IMG-20230402-WA0019.jpg","contentUrl":"https:\/\/www.bbmnoticias.com\/labravaradiofm\/wp-content\/uploads\/sites\/5\/2023\/04\/IMG-20230402-WA0019.jpg","width":1280,"height":720},{"@type":"BreadcrumbList","@id":"https:\/\/www.bbmnoticias.com\/labravaradiofm\/2023\/04\/02\/integrantes-de-los-sindicatos-cit-y-fito-se-suman-a-la-ctm\/#breadcrumb","itemListElement":[{"@type":"ListItem","position":1,"name":"Inicio","item":"https:\/\/www.bbmnoticias.com\/labravaradiofm\/"},{"@type":"ListItem","position":2,"name":"Integrantes de los sindicatos CIT y FITO se suman a la CTM"}]},{"@type":"WebSite","@id":"https:\/\/www.bbmnoticias.com\/labravaradiofm\/#website","url":"https:\/\/www.bbmnoticias.com\/labravaradiofm\/","name":"LA BRAVA RADIO","description":"Empresa productora de medios, Radiodifusi\u00f3n, Noticias, tendencias y todo lo que necesitas saber de la pol\u00edtica mexicana e internacional; entretenimiento, espect\u00e1culos, salud y mucho m\u00e1s.","potentialAction":[{"@type":"SearchAction","target":{"@type":"EntryPoint","urlTemplate":"https:\/\/www.bbmnoticias.com\/labravaradiofm\/?s={search_term_string}"},"query-input":{"@type":"PropertyValueSpecification","valueRequired":true,"valueName":"search_term_string"}}],"inLanguage":"es"},{"@type":"Person","@id":"https:\/\/www.bbmnoticias.com\/labravaradiofm\/#\/schema\/person\/ac8532773d4f65dd24a852ecaf4c3ed0","name":"Edwin MENESES","image":{"@type":"ImageObject","inLanguage":"es","@id":"https:\/\/secure.gravatar.com\/avatar\/202a15439445248653d719ff745fa195bcc0553404b070fe317543754f253c4f?s=96&d=mm&r=g","url":"https:\/\/secure.gravatar.com\/avatar\/202a15439445248653d719ff745fa195bcc0553404b070fe317543754f253c4f?s=96&d=mm&r=g","contentUrl":"https:\/\/secure.gravatar.com\/avatar\/202a15439445248653d719ff745fa195bcc0553404b070fe317543754f253c4f?s=96&d=mm&r=g","caption":"Edwin MENESES"},"sameAs":["https:\/\/www.bbmnoticias.com","https:\/\/www.facebook.com\/EdwinMeneses30","https:\/\/x.com\/https:\/\/twitter.com\/edwin_meneses81"],"url":"https:\/\/www.bbmnoticias.com\/labravaradiofm\/author\/edwin\/"}]}},"_links":{"self":[{"href":"https:\/\/www.bbmnoticias.com\/labravaradiofm\/wp-json\/wp\/v2\/posts\/25741","targetHints":{"allow":["GET"]}}],"collection":[{"href":"https:\/\/www.bbmnoticias.com\/labravaradiofm\/wp-json\/wp\/v2\/posts"}],"about":[{"href":"https:\/\/www.bbmnoticias.com\/labravaradiofm\/wp-json\/wp\/v2\/types\/post"}],"author":[{"embeddable":true,"href":"https:\/\/www.bbmnoticias.com\/labravaradiofm\/wp-json\/wp\/v2\/users\/3"}],"replies":[{"embeddable":true,"href":"https:\/\/www.bbmnoticias.com\/labravaradiofm\/wp-json\/wp\/v2\/comments?post=25741"}],"version-history":[{"count":0,"href":"https:\/\/www.bbmnoticias.com\/labravaradiofm\/wp-json\/wp\/v2\/posts\/25741\/revisions"}],"wp:featuredmedia":[{"embeddable":true,"href":"https:\/\/www.bbmnoticias.com\/labravaradiofm\/wp-json\/wp\/v2\/media\/25742"}],"wp:attachment":[{"href":"https:\/\/www.bbmnoticias.com\/labravaradiofm\/wp-json\/wp\/v2\/media?parent=25741"}],"wp:term":[{"taxonomy":"category","embeddable":true,"href":"https:\/\/www.bbmnoticias.com\/labravaradiofm\/wp-json\/wp\/v2\/categories?post=25741"},{"taxonomy":"post_tag","embeddable":true,"href":"https:\/\/www.bbmnoticias.com\/labravaradiofm\/wp-json\/wp\/v2\/tags?post=25741"}],"curies":[{"name":"wp","href":"https:\/\/api.w.org\/{rel}","templated":true}]}}