{"id":25725,"date":"2023-04-01T21:19:26","date_gmt":"2023-04-02T03:19:26","guid":{"rendered":"https:\/\/www.bbmnoticias.com\/labravaradiofm\/?p=25725"},"modified":"2023-04-01T21:19:27","modified_gmt":"2023-04-02T03:19:27","slug":"oaxaca-selecciona-a-su-impulsora-de-la-transformacion-2023","status":"publish","type":"post","link":"https:\/\/www.bbmnoticias.com\/labravaradiofm\/2023\/04\/01\/oaxaca-selecciona-a-su-impulsora-de-la-transformacion-2023\/","title":{"rendered":"Oaxaca selecciona a su Impulsora de la Transformaci\u00f3n 2023"},"content":{"rendered":"<div style=\"margin-top: 0px; margin-bottom: 0px;\" class=\"sharethis-inline-share-buttons\" ><\/div>\n<p><strong>Oaxaca de Ju\u00e1rez, Oax. 1 de abril de 2023.-<\/strong> Con la participaci\u00f3n de 27 ni\u00f1as, ni\u00f1os y adolescentes provenientes de las regiones de Valles Centrales, Sierra Sur, Sierra de Flores Mag\u00f3n y la Mixteca, el Sistema DIF Oaxaca en colaboraci\u00f3n con la Junta Local Ejecutiva del INE, realiz\u00f3 la elecci\u00f3n de Yamili, Desseri y Antonio como Impulsores de la Transformaci\u00f3n 2023.<\/p>\n\n\n\n<p>Esta actividad es resultado de una convocatoria emitida por el Departamento de Prevenci\u00f3n y Difusi\u00f3n de los Derechos de Ni\u00f1os, Ni\u00f1as y Adolescentes del Sistema DIF Estatal en los 570 municipios del estado, con el prop\u00f3sito de brindar a ni\u00f1as, ni\u00f1os y adolescentes, un espacio en el que puedan intercambiar experiencias sobre las acciones realizadas en sus \u00e1mbitos de acci\u00f3n de sus localidades y municipios.<\/p>\n\n\n\n<p>Las instalaciones del Centro de Evaluaci\u00f3n e Innovaci\u00f3n Educativa CEVIE de la UABJO fue sede de este ejercicio democr\u00e1tico, en el que a trav\u00e9s de mesas y equipos de trabajo, ni\u00f1as, ni\u00f1os y adolescentes desarrollaron dos temas con base en los 20 derechos estipulados en la Convenci\u00f3n de los Derechos de la Ni\u00f1ez, mismos que fueron sorteados al azar entre ni\u00f1as, ni\u00f1os y adolescentes impulsores.<\/p>\n\n\n\n<p>Luego de las presentaciones sobre sus derechos como al juego, a la educaci\u00f3n, vivienda, salud, entre otros, participaron en la elecci\u00f3n de las y el Impulsor de la Transformaci\u00f3n con la instalaci\u00f3n de casillas y el conteo de votos con la vigilancia de los consejeros del INE.<\/p>\n\n\n\n<p>De este ejercicio, Yamili fue la adolescente que obtuvo el primer lugar, seguida de Desseri y Antonio, quienes obtuvieron el segundo y tercer lugar en el n\u00famero de votos, respectivamente.<\/p>\n\n\n\n<p>La Red de Impulsoras e Impulsores de la Transformaci\u00f3n es un programa realizado por el Sistema Nacional para el Desarrollo Integral de la Familia (SNDIF). Esta Red est\u00e1 conformada por ni\u00f1as, ni\u00f1os y adolescentes de los 32 estados de la Rep\u00fablica Mexicana, quienes difunden y promueven sus derechos dentro de su n\u00facleo familiar, escolar y social, con el reconocimiento de autoridades locales, municipales e instancias gubernamentales, a fin de tener una participaci\u00f3n comunitaria.<\/p>\n\n\n\n<p>Cabe se\u00f1alar que las bases para el desarrollo del programa fueron que los ni\u00f1os, ni\u00f1as y adolescentes tuvieran entre 8 a 17 a\u00f1os, con inter\u00e9s en aprender y dar a conocer sus derechos; registrarse en su DIF Municipal mediante el formato de registro; llenar un formato de autorizaci\u00f3n de participaci\u00f3n por parte del o la tutora y otorgar una carta de autorizaci\u00f3n para utilizar imagen fotogr\u00e1fica o en video.<\/p>\n","protected":false},"excerpt":{"rendered":"<p>Oaxaca de Ju\u00e1rez, Oax. 1 de abril de 2023.- Con la participaci\u00f3n de 27 ni\u00f1as, ni\u00f1os y adolescentes provenientes de las regiones de Valles Centrales, Sierra Sur, Sierra de Flores Mag\u00f3n y la Mixteca, el Sistema DIF Oaxaca en colaboraci\u00f3n con la Junta Local Ejecutiva del INE, realiz\u00f3 la elecci\u00f3n de Yamili, Desseri y Antonio [&hellip;]<\/p>\n","protected":false},"author":2,"featured_media":25726,"comment_status":"closed","ping_status":"closed","sticky":false,"template":"","format":"standard","meta":{"footnotes":""},"categories":[2],"tags":[],"class_list":{"0":"post-25725","1":"post","2":"type-post","3":"status-publish","4":"format-standard","5":"has-post-thumbnail","7":"category-oaxaca"},"yoast_head":"<!-- This site is optimized with the Yoast SEO plugin v27.4 - https:\/\/yoast.com\/product\/yoast-seo-wordpress\/ -->\n<title>Oaxaca selecciona a su Impulsora de la Transformaci\u00f3n 2023 - LA BRAVA RADIO<\/title>\n<meta name=\"robots\" content=\"index, follow, max-snippet:-1, max-image-preview:large, max-video-preview:-1\" \/>\n<link rel=\"canonical\" href=\"https:\/\/www.bbmnoticias.com\/labravaradiofm\/2023\/04\/01\/oaxaca-selecciona-a-su-impulsora-de-la-transformacion-2023\/\" \/>\n<meta property=\"og:locale\" content=\"es_MX\" \/>\n<meta property=\"og:type\" content=\"article\" \/>\n<meta property=\"og:title\" content=\"Oaxaca selecciona a su Impulsora de la Transformaci\u00f3n 2023 - LA BRAVA RADIO\" \/>\n<meta property=\"og:description\" content=\"Oaxaca de Ju\u00e1rez, Oax. 1 de abril de 2023.- Con la participaci\u00f3n de 27 ni\u00f1as, ni\u00f1os y adolescentes provenientes de las regiones de Valles Centrales, Sierra Sur, Sierra de Flores Mag\u00f3n y la Mixteca, el Sistema DIF Oaxaca en colaboraci\u00f3n con la Junta Local Ejecutiva del INE, realiz\u00f3 la elecci\u00f3n de Yamili, Desseri y Antonio [&hellip;]\" \/>\n<meta property=\"og:url\" content=\"https:\/\/www.bbmnoticias.com\/labravaradiofm\/2023\/04\/01\/oaxaca-selecciona-a-su-impulsora-de-la-transformacion-2023\/\" \/>\n<meta property=\"og:site_name\" content=\"LA BRAVA RADIO\" \/>\n<meta property=\"article:published_time\" content=\"2023-04-02T03:19:26+00:00\" \/>\n<meta property=\"article:modified_time\" content=\"2023-04-02T03:19:27+00:00\" \/>\n<meta property=\"og:image\" content=\"https:\/\/www.bbmnoticias.com\/labravaradiofm\/wp-content\/uploads\/sites\/5\/2023\/04\/oaxaca-impulsora.jpg\" \/>\n\t<meta property=\"og:image:width\" content=\"800\" \/>\n\t<meta property=\"og:image:height\" content=\"525\" \/>\n\t<meta property=\"og:image:type\" content=\"image\/jpeg\" \/>\n<meta name=\"author\" content=\"Staff\" \/>\n<meta name=\"twitter:card\" content=\"summary_large_image\" \/>\n<meta name=\"twitter:label1\" content=\"Escrito por\" \/>\n\t<meta name=\"twitter:data1\" content=\"Staff\" \/>\n\t<meta name=\"twitter:label2\" content=\"Tiempo de lectura\" \/>\n\t<meta name=\"twitter:data2\" content=\"2 minutos\" \/>\n<script type=\"application\/ld+json\" class=\"yoast-schema-graph\">{\"@context\":\"https:\\\/\\\/schema.org\",\"@graph\":[{\"@type\":\"Article\",\"@id\":\"https:\\\/\\\/www.bbmnoticias.com\\\/labravaradiofm\\\/2023\\\/04\\\/01\\\/oaxaca-selecciona-a-su-impulsora-de-la-transformacion-2023\\\/#article\",\"isPartOf\":{\"@id\":\"https:\\\/\\\/www.bbmnoticias.com\\\/labravaradiofm\\\/2023\\\/04\\\/01\\\/oaxaca-selecciona-a-su-impulsora-de-la-transformacion-2023\\\/\"},\"author\":{\"name\":\"Staff\",\"@id\":\"https:\\\/\\\/www.bbmnoticias.com\\\/labravaradiofm\\\/#\\\/schema\\\/person\\\/34b139c617a70ea5bef5678bffe4dd7b\"},\"headline\":\"Oaxaca selecciona a su Impulsora de la Transformaci\u00f3n 2023\",\"datePublished\":\"2023-04-02T03:19:26+00:00\",\"dateModified\":\"2023-04-02T03:19:27+00:00\",\"mainEntityOfPage\":{\"@id\":\"https:\\\/\\\/www.bbmnoticias.com\\\/labravaradiofm\\\/2023\\\/04\\\/01\\\/oaxaca-selecciona-a-su-impulsora-de-la-transformacion-2023\\\/\"},\"wordCount\":457,\"image\":{\"@id\":\"https:\\\/\\\/www.bbmnoticias.com\\\/labravaradiofm\\\/2023\\\/04\\\/01\\\/oaxaca-selecciona-a-su-impulsora-de-la-transformacion-2023\\\/#primaryimage\"},\"thumbnailUrl\":\"https:\\\/\\\/www.bbmnoticias.com\\\/labravaradiofm\\\/wp-content\\\/uploads\\\/sites\\\/5\\\/2023\\\/04\\\/oaxaca-impulsora.jpg\",\"articleSection\":[\"LOCAL\"],\"inLanguage\":\"es\"},{\"@type\":\"WebPage\",\"@id\":\"https:\\\/\\\/www.bbmnoticias.com\\\/labravaradiofm\\\/2023\\\/04\\\/01\\\/oaxaca-selecciona-a-su-impulsora-de-la-transformacion-2023\\\/\",\"url\":\"https:\\\/\\\/www.bbmnoticias.com\\\/labravaradiofm\\\/2023\\\/04\\\/01\\\/oaxaca-selecciona-a-su-impulsora-de-la-transformacion-2023\\\/\",\"name\":\"Oaxaca selecciona a su Impulsora de la Transformaci\u00f3n 2023 - LA BRAVA RADIO\",\"isPartOf\":{\"@id\":\"https:\\\/\\\/www.bbmnoticias.com\\\/labravaradiofm\\\/#website\"},\"primaryImageOfPage\":{\"@id\":\"https:\\\/\\\/www.bbmnoticias.com\\\/labravaradiofm\\\/2023\\\/04\\\/01\\\/oaxaca-selecciona-a-su-impulsora-de-la-transformacion-2023\\\/#primaryimage\"},\"image\":{\"@id\":\"https:\\\/\\\/www.bbmnoticias.com\\\/labravaradiofm\\\/2023\\\/04\\\/01\\\/oaxaca-selecciona-a-su-impulsora-de-la-transformacion-2023\\\/#primaryimage\"},\"thumbnailUrl\":\"https:\\\/\\\/www.bbmnoticias.com\\\/labravaradiofm\\\/wp-content\\\/uploads\\\/sites\\\/5\\\/2023\\\/04\\\/oaxaca-impulsora.jpg\",\"datePublished\":\"2023-04-02T03:19:26+00:00\",\"dateModified\":\"2023-04-02T03:19:27+00:00\",\"author\":{\"@id\":\"https:\\\/\\\/www.bbmnoticias.com\\\/labravaradiofm\\\/#\\\/schema\\\/person\\\/34b139c617a70ea5bef5678bffe4dd7b\"},\"breadcrumb\":{\"@id\":\"https:\\\/\\\/www.bbmnoticias.com\\\/labravaradiofm\\\/2023\\\/04\\\/01\\\/oaxaca-selecciona-a-su-impulsora-de-la-transformacion-2023\\\/#breadcrumb\"},\"inLanguage\":\"es\",\"potentialAction\":[{\"@type\":\"ReadAction\",\"target\":[\"https:\\\/\\\/www.bbmnoticias.com\\\/labravaradiofm\\\/2023\\\/04\\\/01\\\/oaxaca-selecciona-a-su-impulsora-de-la-transformacion-2023\\\/\"]}]},{\"@type\":\"ImageObject\",\"inLanguage\":\"es\",\"@id\":\"https:\\\/\\\/www.bbmnoticias.com\\\/labravaradiofm\\\/2023\\\/04\\\/01\\\/oaxaca-selecciona-a-su-impulsora-de-la-transformacion-2023\\\/#primaryimage\",\"url\":\"https:\\\/\\\/www.bbmnoticias.com\\\/labravaradiofm\\\/wp-content\\\/uploads\\\/sites\\\/5\\\/2023\\\/04\\\/oaxaca-impulsora.jpg\",\"contentUrl\":\"https:\\\/\\\/www.bbmnoticias.com\\\/labravaradiofm\\\/wp-content\\\/uploads\\\/sites\\\/5\\\/2023\\\/04\\\/oaxaca-impulsora.jpg\",\"width\":800,\"height\":525},{\"@type\":\"BreadcrumbList\",\"@id\":\"https:\\\/\\\/www.bbmnoticias.com\\\/labravaradiofm\\\/2023\\\/04\\\/01\\\/oaxaca-selecciona-a-su-impulsora-de-la-transformacion-2023\\\/#breadcrumb\",\"itemListElement\":[{\"@type\":\"ListItem\",\"position\":1,\"name\":\"Inicio\",\"item\":\"https:\\\/\\\/www.bbmnoticias.com\\\/labravaradiofm\\\/\"},{\"@type\":\"ListItem\",\"position\":2,\"name\":\"Oaxaca selecciona a su Impulsora de la Transformaci\u00f3n 2023\"}]},{\"@type\":\"WebSite\",\"@id\":\"https:\\\/\\\/www.bbmnoticias.com\\\/labravaradiofm\\\/#website\",\"url\":\"https:\\\/\\\/www.bbmnoticias.com\\\/labravaradiofm\\\/\",\"name\":\"LA BRAVA RADIO\",\"description\":\"Empresa productora de medios, Radiodifusi\u00f3n, Noticias, tendencias y todo lo que necesitas saber de la pol\u00edtica mexicana e internacional; entretenimiento, espect\u00e1culos, salud y mucho m\u00e1s.\",\"potentialAction\":[{\"@type\":\"SearchAction\",\"target\":{\"@type\":\"EntryPoint\",\"urlTemplate\":\"https:\\\/\\\/www.bbmnoticias.com\\\/labravaradiofm\\\/?s={search_term_string}\"},\"query-input\":{\"@type\":\"PropertyValueSpecification\",\"valueRequired\":true,\"valueName\":\"search_term_string\"}}],\"inLanguage\":\"es\"},{\"@type\":\"Person\",\"@id\":\"https:\\\/\\\/www.bbmnoticias.com\\\/labravaradiofm\\\/#\\\/schema\\\/person\\\/34b139c617a70ea5bef5678bffe4dd7b\",\"name\":\"Staff\",\"image\":{\"@type\":\"ImageObject\",\"inLanguage\":\"es\",\"@id\":\"https:\\\/\\\/secure.gravatar.com\\\/avatar\\\/fdd21ad66fd8b98c407f9dee5b5e588cfe7f0d8579ec20fa6527cd59bab7f0f0?s=96&d=mm&r=g\",\"url\":\"https:\\\/\\\/secure.gravatar.com\\\/avatar\\\/fdd21ad66fd8b98c407f9dee5b5e588cfe7f0d8579ec20fa6527cd59bab7f0f0?s=96&d=mm&r=g\",\"contentUrl\":\"https:\\\/\\\/secure.gravatar.com\\\/avatar\\\/fdd21ad66fd8b98c407f9dee5b5e588cfe7f0d8579ec20fa6527cd59bab7f0f0?s=96&d=mm&r=g\",\"caption\":\"Staff\"},\"url\":\"https:\\\/\\\/www.bbmnoticias.com\\\/labravaradiofm\\\/author\\\/redaccion\\\/\"}]}<\/script>\n<!-- \/ Yoast SEO plugin. -->","yoast_head_json":{"title":"Oaxaca selecciona a su Impulsora de la Transformaci\u00f3n 2023 - LA BRAVA RADIO","robots":{"index":"index","follow":"follow","max-snippet":"max-snippet:-1","max-image-preview":"max-image-preview:large","max-video-preview":"max-video-preview:-1"},"canonical":"https:\/\/www.bbmnoticias.com\/labravaradiofm\/2023\/04\/01\/oaxaca-selecciona-a-su-impulsora-de-la-transformacion-2023\/","og_locale":"es_MX","og_type":"article","og_title":"Oaxaca selecciona a su Impulsora de la Transformaci\u00f3n 2023 - LA BRAVA RADIO","og_description":"Oaxaca de Ju\u00e1rez, Oax. 1 de abril de 2023.- Con la participaci\u00f3n de 27 ni\u00f1as, ni\u00f1os y adolescentes provenientes de las regiones de Valles Centrales, Sierra Sur, Sierra de Flores Mag\u00f3n y la Mixteca, el Sistema DIF Oaxaca en colaboraci\u00f3n con la Junta Local Ejecutiva del INE, realiz\u00f3 la elecci\u00f3n de Yamili, Desseri y Antonio [&hellip;]","og_url":"https:\/\/www.bbmnoticias.com\/labravaradiofm\/2023\/04\/01\/oaxaca-selecciona-a-su-impulsora-de-la-transformacion-2023\/","og_site_name":"LA BRAVA RADIO","article_published_time":"2023-04-02T03:19:26+00:00","article_modified_time":"2023-04-02T03:19:27+00:00","og_image":[{"width":800,"height":525,"url":"https:\/\/www.bbmnoticias.com\/labravaradiofm\/wp-content\/uploads\/sites\/5\/2023\/04\/oaxaca-impulsora.jpg","type":"image\/jpeg"}],"author":"Staff","twitter_card":"summary_large_image","twitter_misc":{"Escrito por":"Staff","Tiempo de lectura":"2 minutos"},"schema":{"@context":"https:\/\/schema.org","@graph":[{"@type":"Article","@id":"https:\/\/www.bbmnoticias.com\/labravaradiofm\/2023\/04\/01\/oaxaca-selecciona-a-su-impulsora-de-la-transformacion-2023\/#article","isPartOf":{"@id":"https:\/\/www.bbmnoticias.com\/labravaradiofm\/2023\/04\/01\/oaxaca-selecciona-a-su-impulsora-de-la-transformacion-2023\/"},"author":{"name":"Staff","@id":"https:\/\/www.bbmnoticias.com\/labravaradiofm\/#\/schema\/person\/34b139c617a70ea5bef5678bffe4dd7b"},"headline":"Oaxaca selecciona a su Impulsora de la Transformaci\u00f3n 2023","datePublished":"2023-04-02T03:19:26+00:00","dateModified":"2023-04-02T03:19:27+00:00","mainEntityOfPage":{"@id":"https:\/\/www.bbmnoticias.com\/labravaradiofm\/2023\/04\/01\/oaxaca-selecciona-a-su-impulsora-de-la-transformacion-2023\/"},"wordCount":457,"image":{"@id":"https:\/\/www.bbmnoticias.com\/labravaradiofm\/2023\/04\/01\/oaxaca-selecciona-a-su-impulsora-de-la-transformacion-2023\/#primaryimage"},"thumbnailUrl":"https:\/\/www.bbmnoticias.com\/labravaradiofm\/wp-content\/uploads\/sites\/5\/2023\/04\/oaxaca-impulsora.jpg","articleSection":["LOCAL"],"inLanguage":"es"},{"@type":"WebPage","@id":"https:\/\/www.bbmnoticias.com\/labravaradiofm\/2023\/04\/01\/oaxaca-selecciona-a-su-impulsora-de-la-transformacion-2023\/","url":"https:\/\/www.bbmnoticias.com\/labravaradiofm\/2023\/04\/01\/oaxaca-selecciona-a-su-impulsora-de-la-transformacion-2023\/","name":"Oaxaca selecciona a su Impulsora de la Transformaci\u00f3n 2023 - LA BRAVA RADIO","isPartOf":{"@id":"https:\/\/www.bbmnoticias.com\/labravaradiofm\/#website"},"primaryImageOfPage":{"@id":"https:\/\/www.bbmnoticias.com\/labravaradiofm\/2023\/04\/01\/oaxaca-selecciona-a-su-impulsora-de-la-transformacion-2023\/#primaryimage"},"image":{"@id":"https:\/\/www.bbmnoticias.com\/labravaradiofm\/2023\/04\/01\/oaxaca-selecciona-a-su-impulsora-de-la-transformacion-2023\/#primaryimage"},"thumbnailUrl":"https:\/\/www.bbmnoticias.com\/labravaradiofm\/wp-content\/uploads\/sites\/5\/2023\/04\/oaxaca-impulsora.jpg","datePublished":"2023-04-02T03:19:26+00:00","dateModified":"2023-04-02T03:19:27+00:00","author":{"@id":"https:\/\/www.bbmnoticias.com\/labravaradiofm\/#\/schema\/person\/34b139c617a70ea5bef5678bffe4dd7b"},"breadcrumb":{"@id":"https:\/\/www.bbmnoticias.com\/labravaradiofm\/2023\/04\/01\/oaxaca-selecciona-a-su-impulsora-de-la-transformacion-2023\/#breadcrumb"},"inLanguage":"es","potentialAction":[{"@type":"ReadAction","target":["https:\/\/www.bbmnoticias.com\/labravaradiofm\/2023\/04\/01\/oaxaca-selecciona-a-su-impulsora-de-la-transformacion-2023\/"]}]},{"@type":"ImageObject","inLanguage":"es","@id":"https:\/\/www.bbmnoticias.com\/labravaradiofm\/2023\/04\/01\/oaxaca-selecciona-a-su-impulsora-de-la-transformacion-2023\/#primaryimage","url":"https:\/\/www.bbmnoticias.com\/labravaradiofm\/wp-content\/uploads\/sites\/5\/2023\/04\/oaxaca-impulsora.jpg","contentUrl":"https:\/\/www.bbmnoticias.com\/labravaradiofm\/wp-content\/uploads\/sites\/5\/2023\/04\/oaxaca-impulsora.jpg","width":800,"height":525},{"@type":"BreadcrumbList","@id":"https:\/\/www.bbmnoticias.com\/labravaradiofm\/2023\/04\/01\/oaxaca-selecciona-a-su-impulsora-de-la-transformacion-2023\/#breadcrumb","itemListElement":[{"@type":"ListItem","position":1,"name":"Inicio","item":"https:\/\/www.bbmnoticias.com\/labravaradiofm\/"},{"@type":"ListItem","position":2,"name":"Oaxaca selecciona a su Impulsora de la Transformaci\u00f3n 2023"}]},{"@type":"WebSite","@id":"https:\/\/www.bbmnoticias.com\/labravaradiofm\/#website","url":"https:\/\/www.bbmnoticias.com\/labravaradiofm\/","name":"LA BRAVA RADIO","description":"Empresa productora de medios, Radiodifusi\u00f3n, Noticias, tendencias y todo lo que necesitas saber de la pol\u00edtica mexicana e internacional; entretenimiento, espect\u00e1culos, salud y mucho m\u00e1s.","potentialAction":[{"@type":"SearchAction","target":{"@type":"EntryPoint","urlTemplate":"https:\/\/www.bbmnoticias.com\/labravaradiofm\/?s={search_term_string}"},"query-input":{"@type":"PropertyValueSpecification","valueRequired":true,"valueName":"search_term_string"}}],"inLanguage":"es"},{"@type":"Person","@id":"https:\/\/www.bbmnoticias.com\/labravaradiofm\/#\/schema\/person\/34b139c617a70ea5bef5678bffe4dd7b","name":"Staff","image":{"@type":"ImageObject","inLanguage":"es","@id":"https:\/\/secure.gravatar.com\/avatar\/fdd21ad66fd8b98c407f9dee5b5e588cfe7f0d8579ec20fa6527cd59bab7f0f0?s=96&d=mm&r=g","url":"https:\/\/secure.gravatar.com\/avatar\/fdd21ad66fd8b98c407f9dee5b5e588cfe7f0d8579ec20fa6527cd59bab7f0f0?s=96&d=mm&r=g","contentUrl":"https:\/\/secure.gravatar.com\/avatar\/fdd21ad66fd8b98c407f9dee5b5e588cfe7f0d8579ec20fa6527cd59bab7f0f0?s=96&d=mm&r=g","caption":"Staff"},"url":"https:\/\/www.bbmnoticias.com\/labravaradiofm\/author\/redaccion\/"}]}},"_links":{"self":[{"href":"https:\/\/www.bbmnoticias.com\/labravaradiofm\/wp-json\/wp\/v2\/posts\/25725","targetHints":{"allow":["GET"]}}],"collection":[{"href":"https:\/\/www.bbmnoticias.com\/labravaradiofm\/wp-json\/wp\/v2\/posts"}],"about":[{"href":"https:\/\/www.bbmnoticias.com\/labravaradiofm\/wp-json\/wp\/v2\/types\/post"}],"author":[{"embeddable":true,"href":"https:\/\/www.bbmnoticias.com\/labravaradiofm\/wp-json\/wp\/v2\/users\/2"}],"replies":[{"embeddable":true,"href":"https:\/\/www.bbmnoticias.com\/labravaradiofm\/wp-json\/wp\/v2\/comments?post=25725"}],"version-history":[{"count":0,"href":"https:\/\/www.bbmnoticias.com\/labravaradiofm\/wp-json\/wp\/v2\/posts\/25725\/revisions"}],"wp:featuredmedia":[{"embeddable":true,"href":"https:\/\/www.bbmnoticias.com\/labravaradiofm\/wp-json\/wp\/v2\/media\/25726"}],"wp:attachment":[{"href":"https:\/\/www.bbmnoticias.com\/labravaradiofm\/wp-json\/wp\/v2\/media?parent=25725"}],"wp:term":[{"taxonomy":"category","embeddable":true,"href":"https:\/\/www.bbmnoticias.com\/labravaradiofm\/wp-json\/wp\/v2\/categories?post=25725"},{"taxonomy":"post_tag","embeddable":true,"href":"https:\/\/www.bbmnoticias.com\/labravaradiofm\/wp-json\/wp\/v2\/tags?post=25725"}],"curies":[{"name":"wp","href":"https:\/\/api.w.org\/{rel}","templated":true}]}}