{"id":25588,"date":"2023-03-29T18:21:56","date_gmt":"2023-03-30T00:21:56","guid":{"rendered":"https:\/\/www.bbmnoticias.com\/labravaradiofm\/?p=25588"},"modified":"2023-03-29T18:21:57","modified_gmt":"2023-03-30T00:21:57","slug":"elizabeth-lara-rodriguez-nueva-titular-de-la-ddhpo-en-oaxaca","status":"publish","type":"post","link":"https:\/\/www.bbmnoticias.com\/labravaradiofm\/2023\/03\/29\/elizabeth-lara-rodriguez-nueva-titular-de-la-ddhpo-en-oaxaca\/","title":{"rendered":"Elizabeth Lara Rodr\u00edguez nueva titular de la DDHPO en Oaxaca"},"content":{"rendered":"<div style=\"margin-top: 0px; margin-bottom: 0px;\" class=\"sharethis-inline-share-buttons\" ><\/div>\n<p><strong>Oaxaca, Oax.- <\/strong>El Congreso de Oaxaca designo a Elizabeth Lara Rodr\u00edguez como nuevo titular de la Defensor\u00eda de los Derechos Humanos del Pueblo de Oaxaca (DDHPO).<\/p>\n\n\n\n<p>Con votos 35 votos a favor, la LXV Legislatura hizo oficial la designaci\u00f3n de la Lara Rodr\u00edguez, quien era recomendada del sacerdote, Alejandro Solalinde.<\/p>\n\n\n\n<p>Por su parte Lenin Cruz Castro y Rosaberta Sim\u00f3n S\u00e1nchez no recibieron ning\u00fan voto a favor.<\/p>\n\n\n\n<p>La nueva ombudsm\u00e1n rimdi\u00f3 protesta al cargo ante los diputados integrantes de la Mesa Directiva y del Pleno del Congreso del Estado, cuya presidenta recomend\u00f3 a la nueva defensora a trabajar con profesionalismo en el cargo.<\/p>\n\n\n\n<p>Elizabeth Lara Rodr\u00edguez estar\u00e1 en el cargo por un periodo de siete a\u00f1os, tras la renuncia de Bernardo Rodr\u00edguez Alamilla.<\/p>\n","protected":false},"excerpt":{"rendered":"<p>Oaxaca, Oax.- El Congreso de Oaxaca designo a Elizabeth Lara Rodr\u00edguez como nuevo titular de la Defensor\u00eda de los Derechos Humanos del Pueblo de Oaxaca (DDHPO). Con votos 35 votos a favor, la LXV Legislatura hizo oficial la designaci\u00f3n de la Lara Rodr\u00edguez, quien era recomendada del sacerdote, Alejandro Solalinde. Por su parte Lenin Cruz [&hellip;]<\/p>\n","protected":false},"author":7,"featured_media":25589,"comment_status":"closed","ping_status":"closed","sticky":false,"template":"","format":"standard","meta":{"footnotes":""},"categories":[2],"tags":[],"class_list":{"0":"post-25588","1":"post","2":"type-post","3":"status-publish","4":"format-standard","5":"has-post-thumbnail","7":"category-oaxaca"},"yoast_head":"<!-- This site is optimized with the Yoast SEO plugin v27.4 - https:\/\/yoast.com\/product\/yoast-seo-wordpress\/ -->\n<title>Elizabeth Lara Rodr\u00edguez nueva titular de la DDHPO en Oaxaca - LA BRAVA RADIO<\/title>\n<meta name=\"robots\" content=\"index, follow, max-snippet:-1, max-image-preview:large, max-video-preview:-1\" \/>\n<link rel=\"canonical\" href=\"https:\/\/www.bbmnoticias.com\/labravaradiofm\/2023\/03\/29\/elizabeth-lara-rodriguez-nueva-titular-de-la-ddhpo-en-oaxaca\/\" \/>\n<meta property=\"og:locale\" content=\"es_MX\" \/>\n<meta property=\"og:type\" content=\"article\" \/>\n<meta property=\"og:title\" content=\"Elizabeth Lara Rodr\u00edguez nueva titular de la DDHPO en Oaxaca - LA BRAVA RADIO\" \/>\n<meta property=\"og:description\" content=\"Oaxaca, Oax.- El Congreso de Oaxaca designo a Elizabeth Lara Rodr\u00edguez como nuevo titular de la Defensor\u00eda de los Derechos Humanos del Pueblo de Oaxaca (DDHPO). Con votos 35 votos a favor, la LXV Legislatura hizo oficial la designaci\u00f3n de la Lara Rodr\u00edguez, quien era recomendada del sacerdote, Alejandro Solalinde. Por su parte Lenin Cruz [&hellip;]\" \/>\n<meta property=\"og:url\" content=\"https:\/\/www.bbmnoticias.com\/labravaradiofm\/2023\/03\/29\/elizabeth-lara-rodriguez-nueva-titular-de-la-ddhpo-en-oaxaca\/\" \/>\n<meta property=\"og:site_name\" content=\"LA BRAVA RADIO\" \/>\n<meta property=\"article:published_time\" content=\"2023-03-30T00:21:56+00:00\" \/>\n<meta property=\"article:modified_time\" content=\"2023-03-30T00:21:57+00:00\" \/>\n<meta property=\"og:image\" content=\"https:\/\/www.bbmnoticias.com\/labravaradiofm\/wp-content\/uploads\/sites\/5\/2023\/03\/elizabeth-lara.jpg\" \/>\n\t<meta property=\"og:image:width\" content=\"1600\" \/>\n\t<meta property=\"og:image:height\" content=\"736\" \/>\n\t<meta property=\"og:image:type\" content=\"image\/jpeg\" \/>\n<meta name=\"author\" content=\"Cuarta Plana\" \/>\n<meta name=\"twitter:card\" content=\"summary_large_image\" \/>\n<meta name=\"twitter:label1\" content=\"Escrito por\" \/>\n\t<meta name=\"twitter:data1\" content=\"Cuarta Plana\" \/>\n\t<meta name=\"twitter:label2\" content=\"Tiempo de lectura\" \/>\n\t<meta name=\"twitter:data2\" content=\"1 minuto\" \/>\n<script type=\"application\/ld+json\" class=\"yoast-schema-graph\">{\"@context\":\"https:\\\/\\\/schema.org\",\"@graph\":[{\"@type\":\"Article\",\"@id\":\"https:\\\/\\\/www.bbmnoticias.com\\\/labravaradiofm\\\/2023\\\/03\\\/29\\\/elizabeth-lara-rodriguez-nueva-titular-de-la-ddhpo-en-oaxaca\\\/#article\",\"isPartOf\":{\"@id\":\"https:\\\/\\\/www.bbmnoticias.com\\\/labravaradiofm\\\/2023\\\/03\\\/29\\\/elizabeth-lara-rodriguez-nueva-titular-de-la-ddhpo-en-oaxaca\\\/\"},\"author\":{\"name\":\"Cuarta Plana\",\"@id\":\"https:\\\/\\\/www.bbmnoticias.com\\\/labravaradiofm\\\/#\\\/schema\\\/person\\\/06701593a16bd7e2ef8a61c905892f7b\"},\"headline\":\"Elizabeth Lara Rodr\u00edguez nueva titular de la DDHPO en Oaxaca\",\"datePublished\":\"2023-03-30T00:21:56+00:00\",\"dateModified\":\"2023-03-30T00:21:57+00:00\",\"mainEntityOfPage\":{\"@id\":\"https:\\\/\\\/www.bbmnoticias.com\\\/labravaradiofm\\\/2023\\\/03\\\/29\\\/elizabeth-lara-rodriguez-nueva-titular-de-la-ddhpo-en-oaxaca\\\/\"},\"wordCount\":144,\"image\":{\"@id\":\"https:\\\/\\\/www.bbmnoticias.com\\\/labravaradiofm\\\/2023\\\/03\\\/29\\\/elizabeth-lara-rodriguez-nueva-titular-de-la-ddhpo-en-oaxaca\\\/#primaryimage\"},\"thumbnailUrl\":\"https:\\\/\\\/www.bbmnoticias.com\\\/labravaradiofm\\\/wp-content\\\/uploads\\\/sites\\\/5\\\/2023\\\/03\\\/elizabeth-lara.jpg\",\"articleSection\":[\"LOCAL\"],\"inLanguage\":\"es\"},{\"@type\":\"WebPage\",\"@id\":\"https:\\\/\\\/www.bbmnoticias.com\\\/labravaradiofm\\\/2023\\\/03\\\/29\\\/elizabeth-lara-rodriguez-nueva-titular-de-la-ddhpo-en-oaxaca\\\/\",\"url\":\"https:\\\/\\\/www.bbmnoticias.com\\\/labravaradiofm\\\/2023\\\/03\\\/29\\\/elizabeth-lara-rodriguez-nueva-titular-de-la-ddhpo-en-oaxaca\\\/\",\"name\":\"Elizabeth Lara Rodr\u00edguez nueva titular de la DDHPO en Oaxaca - LA BRAVA RADIO\",\"isPartOf\":{\"@id\":\"https:\\\/\\\/www.bbmnoticias.com\\\/labravaradiofm\\\/#website\"},\"primaryImageOfPage\":{\"@id\":\"https:\\\/\\\/www.bbmnoticias.com\\\/labravaradiofm\\\/2023\\\/03\\\/29\\\/elizabeth-lara-rodriguez-nueva-titular-de-la-ddhpo-en-oaxaca\\\/#primaryimage\"},\"image\":{\"@id\":\"https:\\\/\\\/www.bbmnoticias.com\\\/labravaradiofm\\\/2023\\\/03\\\/29\\\/elizabeth-lara-rodriguez-nueva-titular-de-la-ddhpo-en-oaxaca\\\/#primaryimage\"},\"thumbnailUrl\":\"https:\\\/\\\/www.bbmnoticias.com\\\/labravaradiofm\\\/wp-content\\\/uploads\\\/sites\\\/5\\\/2023\\\/03\\\/elizabeth-lara.jpg\",\"datePublished\":\"2023-03-30T00:21:56+00:00\",\"dateModified\":\"2023-03-30T00:21:57+00:00\",\"author\":{\"@id\":\"https:\\\/\\\/www.bbmnoticias.com\\\/labravaradiofm\\\/#\\\/schema\\\/person\\\/06701593a16bd7e2ef8a61c905892f7b\"},\"breadcrumb\":{\"@id\":\"https:\\\/\\\/www.bbmnoticias.com\\\/labravaradiofm\\\/2023\\\/03\\\/29\\\/elizabeth-lara-rodriguez-nueva-titular-de-la-ddhpo-en-oaxaca\\\/#breadcrumb\"},\"inLanguage\":\"es\",\"potentialAction\":[{\"@type\":\"ReadAction\",\"target\":[\"https:\\\/\\\/www.bbmnoticias.com\\\/labravaradiofm\\\/2023\\\/03\\\/29\\\/elizabeth-lara-rodriguez-nueva-titular-de-la-ddhpo-en-oaxaca\\\/\"]}]},{\"@type\":\"ImageObject\",\"inLanguage\":\"es\",\"@id\":\"https:\\\/\\\/www.bbmnoticias.com\\\/labravaradiofm\\\/2023\\\/03\\\/29\\\/elizabeth-lara-rodriguez-nueva-titular-de-la-ddhpo-en-oaxaca\\\/#primaryimage\",\"url\":\"https:\\\/\\\/www.bbmnoticias.com\\\/labravaradiofm\\\/wp-content\\\/uploads\\\/sites\\\/5\\\/2023\\\/03\\\/elizabeth-lara.jpg\",\"contentUrl\":\"https:\\\/\\\/www.bbmnoticias.com\\\/labravaradiofm\\\/wp-content\\\/uploads\\\/sites\\\/5\\\/2023\\\/03\\\/elizabeth-lara.jpg\",\"width\":1600,\"height\":736},{\"@type\":\"BreadcrumbList\",\"@id\":\"https:\\\/\\\/www.bbmnoticias.com\\\/labravaradiofm\\\/2023\\\/03\\\/29\\\/elizabeth-lara-rodriguez-nueva-titular-de-la-ddhpo-en-oaxaca\\\/#breadcrumb\",\"itemListElement\":[{\"@type\":\"ListItem\",\"position\":1,\"name\":\"Inicio\",\"item\":\"https:\\\/\\\/www.bbmnoticias.com\\\/labravaradiofm\\\/\"},{\"@type\":\"ListItem\",\"position\":2,\"name\":\"Elizabeth Lara Rodr\u00edguez nueva titular de la DDHPO en Oaxaca\"}]},{\"@type\":\"WebSite\",\"@id\":\"https:\\\/\\\/www.bbmnoticias.com\\\/labravaradiofm\\\/#website\",\"url\":\"https:\\\/\\\/www.bbmnoticias.com\\\/labravaradiofm\\\/\",\"name\":\"LA BRAVA RADIO\",\"description\":\"Empresa productora de medios, Radiodifusi\u00f3n, Noticias, tendencias y todo lo que necesitas saber de la pol\u00edtica mexicana e internacional; entretenimiento, espect\u00e1culos, salud y mucho m\u00e1s.\",\"potentialAction\":[{\"@type\":\"SearchAction\",\"target\":{\"@type\":\"EntryPoint\",\"urlTemplate\":\"https:\\\/\\\/www.bbmnoticias.com\\\/labravaradiofm\\\/?s={search_term_string}\"},\"query-input\":{\"@type\":\"PropertyValueSpecification\",\"valueRequired\":true,\"valueName\":\"search_term_string\"}}],\"inLanguage\":\"es\"},{\"@type\":\"Person\",\"@id\":\"https:\\\/\\\/www.bbmnoticias.com\\\/labravaradiofm\\\/#\\\/schema\\\/person\\\/06701593a16bd7e2ef8a61c905892f7b\",\"name\":\"Cuarta Plana\",\"image\":{\"@type\":\"ImageObject\",\"inLanguage\":\"es\",\"@id\":\"https:\\\/\\\/secure.gravatar.com\\\/avatar\\\/569aeac3582b4864a79ffcd8468ada657f9c0cbf68c06542116f60dfa8c3c2d7?s=96&d=mm&r=g\",\"url\":\"https:\\\/\\\/secure.gravatar.com\\\/avatar\\\/569aeac3582b4864a79ffcd8468ada657f9c0cbf68c06542116f60dfa8c3c2d7?s=96&d=mm&r=g\",\"contentUrl\":\"https:\\\/\\\/secure.gravatar.com\\\/avatar\\\/569aeac3582b4864a79ffcd8468ada657f9c0cbf68c06542116f60dfa8c3c2d7?s=96&d=mm&r=g\",\"caption\":\"Cuarta Plana\"},\"url\":\"https:\\\/\\\/www.bbmnoticias.com\\\/labravaradiofm\\\/author\\\/cuartaplana\\\/\"}]}<\/script>\n<!-- \/ Yoast SEO plugin. -->","yoast_head_json":{"title":"Elizabeth Lara Rodr\u00edguez nueva titular de la DDHPO en Oaxaca - LA BRAVA RADIO","robots":{"index":"index","follow":"follow","max-snippet":"max-snippet:-1","max-image-preview":"max-image-preview:large","max-video-preview":"max-video-preview:-1"},"canonical":"https:\/\/www.bbmnoticias.com\/labravaradiofm\/2023\/03\/29\/elizabeth-lara-rodriguez-nueva-titular-de-la-ddhpo-en-oaxaca\/","og_locale":"es_MX","og_type":"article","og_title":"Elizabeth Lara Rodr\u00edguez nueva titular de la DDHPO en Oaxaca - LA BRAVA RADIO","og_description":"Oaxaca, Oax.- El Congreso de Oaxaca designo a Elizabeth Lara Rodr\u00edguez como nuevo titular de la Defensor\u00eda de los Derechos Humanos del Pueblo de Oaxaca (DDHPO). Con votos 35 votos a favor, la LXV Legislatura hizo oficial la designaci\u00f3n de la Lara Rodr\u00edguez, quien era recomendada del sacerdote, Alejandro Solalinde. Por su parte Lenin Cruz [&hellip;]","og_url":"https:\/\/www.bbmnoticias.com\/labravaradiofm\/2023\/03\/29\/elizabeth-lara-rodriguez-nueva-titular-de-la-ddhpo-en-oaxaca\/","og_site_name":"LA BRAVA RADIO","article_published_time":"2023-03-30T00:21:56+00:00","article_modified_time":"2023-03-30T00:21:57+00:00","og_image":[{"width":1600,"height":736,"url":"https:\/\/www.bbmnoticias.com\/labravaradiofm\/wp-content\/uploads\/sites\/5\/2023\/03\/elizabeth-lara.jpg","type":"image\/jpeg"}],"author":"Cuarta Plana","twitter_card":"summary_large_image","twitter_misc":{"Escrito por":"Cuarta Plana","Tiempo de lectura":"1 minuto"},"schema":{"@context":"https:\/\/schema.org","@graph":[{"@type":"Article","@id":"https:\/\/www.bbmnoticias.com\/labravaradiofm\/2023\/03\/29\/elizabeth-lara-rodriguez-nueva-titular-de-la-ddhpo-en-oaxaca\/#article","isPartOf":{"@id":"https:\/\/www.bbmnoticias.com\/labravaradiofm\/2023\/03\/29\/elizabeth-lara-rodriguez-nueva-titular-de-la-ddhpo-en-oaxaca\/"},"author":{"name":"Cuarta Plana","@id":"https:\/\/www.bbmnoticias.com\/labravaradiofm\/#\/schema\/person\/06701593a16bd7e2ef8a61c905892f7b"},"headline":"Elizabeth Lara Rodr\u00edguez nueva titular de la DDHPO en Oaxaca","datePublished":"2023-03-30T00:21:56+00:00","dateModified":"2023-03-30T00:21:57+00:00","mainEntityOfPage":{"@id":"https:\/\/www.bbmnoticias.com\/labravaradiofm\/2023\/03\/29\/elizabeth-lara-rodriguez-nueva-titular-de-la-ddhpo-en-oaxaca\/"},"wordCount":144,"image":{"@id":"https:\/\/www.bbmnoticias.com\/labravaradiofm\/2023\/03\/29\/elizabeth-lara-rodriguez-nueva-titular-de-la-ddhpo-en-oaxaca\/#primaryimage"},"thumbnailUrl":"https:\/\/www.bbmnoticias.com\/labravaradiofm\/wp-content\/uploads\/sites\/5\/2023\/03\/elizabeth-lara.jpg","articleSection":["LOCAL"],"inLanguage":"es"},{"@type":"WebPage","@id":"https:\/\/www.bbmnoticias.com\/labravaradiofm\/2023\/03\/29\/elizabeth-lara-rodriguez-nueva-titular-de-la-ddhpo-en-oaxaca\/","url":"https:\/\/www.bbmnoticias.com\/labravaradiofm\/2023\/03\/29\/elizabeth-lara-rodriguez-nueva-titular-de-la-ddhpo-en-oaxaca\/","name":"Elizabeth Lara Rodr\u00edguez nueva titular de la DDHPO en Oaxaca - LA BRAVA RADIO","isPartOf":{"@id":"https:\/\/www.bbmnoticias.com\/labravaradiofm\/#website"},"primaryImageOfPage":{"@id":"https:\/\/www.bbmnoticias.com\/labravaradiofm\/2023\/03\/29\/elizabeth-lara-rodriguez-nueva-titular-de-la-ddhpo-en-oaxaca\/#primaryimage"},"image":{"@id":"https:\/\/www.bbmnoticias.com\/labravaradiofm\/2023\/03\/29\/elizabeth-lara-rodriguez-nueva-titular-de-la-ddhpo-en-oaxaca\/#primaryimage"},"thumbnailUrl":"https:\/\/www.bbmnoticias.com\/labravaradiofm\/wp-content\/uploads\/sites\/5\/2023\/03\/elizabeth-lara.jpg","datePublished":"2023-03-30T00:21:56+00:00","dateModified":"2023-03-30T00:21:57+00:00","author":{"@id":"https:\/\/www.bbmnoticias.com\/labravaradiofm\/#\/schema\/person\/06701593a16bd7e2ef8a61c905892f7b"},"breadcrumb":{"@id":"https:\/\/www.bbmnoticias.com\/labravaradiofm\/2023\/03\/29\/elizabeth-lara-rodriguez-nueva-titular-de-la-ddhpo-en-oaxaca\/#breadcrumb"},"inLanguage":"es","potentialAction":[{"@type":"ReadAction","target":["https:\/\/www.bbmnoticias.com\/labravaradiofm\/2023\/03\/29\/elizabeth-lara-rodriguez-nueva-titular-de-la-ddhpo-en-oaxaca\/"]}]},{"@type":"ImageObject","inLanguage":"es","@id":"https:\/\/www.bbmnoticias.com\/labravaradiofm\/2023\/03\/29\/elizabeth-lara-rodriguez-nueva-titular-de-la-ddhpo-en-oaxaca\/#primaryimage","url":"https:\/\/www.bbmnoticias.com\/labravaradiofm\/wp-content\/uploads\/sites\/5\/2023\/03\/elizabeth-lara.jpg","contentUrl":"https:\/\/www.bbmnoticias.com\/labravaradiofm\/wp-content\/uploads\/sites\/5\/2023\/03\/elizabeth-lara.jpg","width":1600,"height":736},{"@type":"BreadcrumbList","@id":"https:\/\/www.bbmnoticias.com\/labravaradiofm\/2023\/03\/29\/elizabeth-lara-rodriguez-nueva-titular-de-la-ddhpo-en-oaxaca\/#breadcrumb","itemListElement":[{"@type":"ListItem","position":1,"name":"Inicio","item":"https:\/\/www.bbmnoticias.com\/labravaradiofm\/"},{"@type":"ListItem","position":2,"name":"Elizabeth Lara Rodr\u00edguez nueva titular de la DDHPO en Oaxaca"}]},{"@type":"WebSite","@id":"https:\/\/www.bbmnoticias.com\/labravaradiofm\/#website","url":"https:\/\/www.bbmnoticias.com\/labravaradiofm\/","name":"LA BRAVA RADIO","description":"Empresa productora de medios, Radiodifusi\u00f3n, Noticias, tendencias y todo lo que necesitas saber de la pol\u00edtica mexicana e internacional; entretenimiento, espect\u00e1culos, salud y mucho m\u00e1s.","potentialAction":[{"@type":"SearchAction","target":{"@type":"EntryPoint","urlTemplate":"https:\/\/www.bbmnoticias.com\/labravaradiofm\/?s={search_term_string}"},"query-input":{"@type":"PropertyValueSpecification","valueRequired":true,"valueName":"search_term_string"}}],"inLanguage":"es"},{"@type":"Person","@id":"https:\/\/www.bbmnoticias.com\/labravaradiofm\/#\/schema\/person\/06701593a16bd7e2ef8a61c905892f7b","name":"Cuarta Plana","image":{"@type":"ImageObject","inLanguage":"es","@id":"https:\/\/secure.gravatar.com\/avatar\/569aeac3582b4864a79ffcd8468ada657f9c0cbf68c06542116f60dfa8c3c2d7?s=96&d=mm&r=g","url":"https:\/\/secure.gravatar.com\/avatar\/569aeac3582b4864a79ffcd8468ada657f9c0cbf68c06542116f60dfa8c3c2d7?s=96&d=mm&r=g","contentUrl":"https:\/\/secure.gravatar.com\/avatar\/569aeac3582b4864a79ffcd8468ada657f9c0cbf68c06542116f60dfa8c3c2d7?s=96&d=mm&r=g","caption":"Cuarta Plana"},"url":"https:\/\/www.bbmnoticias.com\/labravaradiofm\/author\/cuartaplana\/"}]}},"_links":{"self":[{"href":"https:\/\/www.bbmnoticias.com\/labravaradiofm\/wp-json\/wp\/v2\/posts\/25588","targetHints":{"allow":["GET"]}}],"collection":[{"href":"https:\/\/www.bbmnoticias.com\/labravaradiofm\/wp-json\/wp\/v2\/posts"}],"about":[{"href":"https:\/\/www.bbmnoticias.com\/labravaradiofm\/wp-json\/wp\/v2\/types\/post"}],"author":[{"embeddable":true,"href":"https:\/\/www.bbmnoticias.com\/labravaradiofm\/wp-json\/wp\/v2\/users\/7"}],"replies":[{"embeddable":true,"href":"https:\/\/www.bbmnoticias.com\/labravaradiofm\/wp-json\/wp\/v2\/comments?post=25588"}],"version-history":[{"count":0,"href":"https:\/\/www.bbmnoticias.com\/labravaradiofm\/wp-json\/wp\/v2\/posts\/25588\/revisions"}],"wp:featuredmedia":[{"embeddable":true,"href":"https:\/\/www.bbmnoticias.com\/labravaradiofm\/wp-json\/wp\/v2\/media\/25589"}],"wp:attachment":[{"href":"https:\/\/www.bbmnoticias.com\/labravaradiofm\/wp-json\/wp\/v2\/media?parent=25588"}],"wp:term":[{"taxonomy":"category","embeddable":true,"href":"https:\/\/www.bbmnoticias.com\/labravaradiofm\/wp-json\/wp\/v2\/categories?post=25588"},{"taxonomy":"post_tag","embeddable":true,"href":"https:\/\/www.bbmnoticias.com\/labravaradiofm\/wp-json\/wp\/v2\/tags?post=25588"}],"curies":[{"name":"wp","href":"https:\/\/api.w.org\/{rel}","templated":true}]}}