{"id":25583,"date":"2023-03-29T15:23:56","date_gmt":"2023-03-29T21:23:56","guid":{"rendered":"https:\/\/www.bbmnoticias.com\/labravaradiofm\/?p=25583"},"modified":"2023-03-29T15:23:57","modified_gmt":"2023-03-29T21:23:57","slug":"anuncia-gobernador-salomon-jara-recuperacion-de-la-infraestructura-hospitalaria-de-la-cuenca-del-papaloapan","status":"publish","type":"post","link":"https:\/\/www.bbmnoticias.com\/labravaradiofm\/2023\/03\/29\/anuncia-gobernador-salomon-jara-recuperacion-de-la-infraestructura-hospitalaria-de-la-cuenca-del-papaloapan\/","title":{"rendered":"Anuncia Gobernador Salom\u00f3n Jara recuperaci\u00f3n de la infraestructura hospitalaria de la Cuenca del Papaloapan"},"content":{"rendered":"<div style=\"margin-top: 0px; margin-bottom: 0px;\" class=\"sharethis-inline-share-buttons\" ><\/div>\n<p><strong>San Felipe Jalapa de D\u00edaz, Oax. 29 de marzo de 2023.-<\/strong>El Gobernador del Estado Salom\u00f3n Jara Cruz anunci\u00f3 que se realizar\u00e1 la recuperaci\u00f3n de la infraestructura hospitalaria en municipios de la Cuenca del Papaloapan.<\/p>\n\n\n\n<p>Durante el Sexto Encuentro con Autoridades Municipales de la zona mazateca, el Mandatario estatal inform\u00f3 que se atender\u00e1n los trabajos para la culminaci\u00f3n de la infraestructura m\u00e9dica en la regi\u00f3n, en los municipios de Acatl\u00e1n de P\u00e9rez Figueroa y San Felipe Jalapa de D\u00edaz, la cual fue abandonada en administraciones anteriores que solo dejaron \u201celefantes blancos\u201d.<\/p>\n\n\n\n<p>Dijo que para realizar estos trabajos ya se cuenta con la anuencia del Presidente de M\u00e9xico, Andr\u00e9s Manuel L\u00f3pez Obrador, gracias a la amistad, la cercan\u00eda y buena relaci\u00f3n que mantiene con \u00e9l.<\/p>\n\n\n\n<p>Resalt\u00f3 los trabajos que su administraci\u00f3n realiza en materia de salud, mediante la entrega de medicamentos, insumos, infraestructura y equipamiento de unidades m\u00e9dicas.<\/p>\n\n\n\n<p>En esta reuni\u00f3n que cont\u00f3 con la presencia de mun\u00edcipes de la regi\u00f3n de la Cuenca del Papaloapan, el titular del Poder Ejecutivo refiri\u00f3 que la indicaci\u00f3n que tiene el funcionariado es atender de manera directa y con un trato digno a la poblaci\u00f3n y a las autoridades municipales que se acerquen a la administraci\u00f3n.<\/p>\n\n\n\n<figure class=\"wp-block-image size-full\"><img loading=\"lazy\" decoding=\"async\" width=\"800\" height=\"533\" src=\"https:\/\/www.bbmnoticias.com\/labravaradiofm\/wp-content\/uploads\/sites\/5\/2023\/03\/sjc-salud2.jpg\" alt=\"\" class=\"wp-image-25585\" srcset=\"https:\/\/www.bbmnoticias.com\/labravaradiofm\/wp-content\/uploads\/sites\/5\/2023\/03\/sjc-salud2.jpg 800w, https:\/\/www.bbmnoticias.com\/labravaradiofm\/wp-content\/uploads\/sites\/5\/2023\/03\/sjc-salud2-300x200.jpg 300w, https:\/\/www.bbmnoticias.com\/labravaradiofm\/wp-content\/uploads\/sites\/5\/2023\/03\/sjc-salud2-768x512.jpg 768w, https:\/\/www.bbmnoticias.com\/labravaradiofm\/wp-content\/uploads\/sites\/5\/2023\/03\/sjc-salud2-696x464.jpg 696w, https:\/\/www.bbmnoticias.com\/labravaradiofm\/wp-content\/uploads\/sites\/5\/2023\/03\/sjc-salud2-630x420.jpg 630w\" sizes=\"auto, (max-width: 800px) 100vw, 800px\" \/><\/figure>\n\n\n\n<p>Afirm\u00f3 que mediante estos encuentros el Gobierno del Estado busca otorgar respuestas puntuales a las peticiones de las comunidades, sin acciones a caprichos de las personas gobernantes.<\/p>\n\n\n\n<p>&#8220;En Oaxaca se reorientar\u00e1n los recursos para ser aplicados en las necesidades prioritarias, para sacar a la entidad de la marginaci\u00f3n y del grado de pobreza&#8221;, indic\u00f3.<\/p>\n\n\n\n<p>A lo largo del Sexto Encuentro con Autoridades Municipales de la zona mazateca, las y los presidentes municipales presentaron al Gobernador de Oaxaca, las principales necesidades que existen en sus poblaciones en materia de salud, educaci\u00f3n, campo, infraestructura social, caminos, y confiaron en la atenci\u00f3n que la autoridad estatal brindar\u00e1 a estas particularidades.<\/p>\n\n\n\n<p>En este encuentro acompa\u00f1aron al Gobernador de Oaxaca las y los titulares de 22 dependencias estatales, quienes dieron atenci\u00f3n directa a las autoridades municipales.<\/p>\n","protected":false},"excerpt":{"rendered":"<p>San Felipe Jalapa de D\u00edaz, Oax. 29 de marzo de 2023.-El Gobernador del Estado Salom\u00f3n Jara Cruz anunci\u00f3 que se realizar\u00e1 la recuperaci\u00f3n de la infraestructura hospitalaria en municipios de la Cuenca del Papaloapan. Durante el Sexto Encuentro con Autoridades Municipales de la zona mazateca, el Mandatario estatal inform\u00f3 que se atender\u00e1n los trabajos para [&hellip;]<\/p>\n","protected":false},"author":2,"featured_media":25584,"comment_status":"closed","ping_status":"closed","sticky":false,"template":"","format":"standard","meta":{"footnotes":""},"categories":[2],"tags":[],"class_list":{"0":"post-25583","1":"post","2":"type-post","3":"status-publish","4":"format-standard","5":"has-post-thumbnail","7":"category-oaxaca"},"yoast_head":"<!-- This site is optimized with the Yoast SEO plugin v27.4 - https:\/\/yoast.com\/product\/yoast-seo-wordpress\/ -->\n<title>Anuncia Gobernador Salom\u00f3n Jara recuperaci\u00f3n de la infraestructura hospitalaria de la Cuenca del Papaloapan - LA BRAVA RADIO<\/title>\n<meta name=\"robots\" content=\"index, follow, max-snippet:-1, max-image-preview:large, max-video-preview:-1\" \/>\n<link rel=\"canonical\" href=\"https:\/\/www.bbmnoticias.com\/labravaradiofm\/2023\/03\/29\/anuncia-gobernador-salomon-jara-recuperacion-de-la-infraestructura-hospitalaria-de-la-cuenca-del-papaloapan\/\" \/>\n<meta property=\"og:locale\" content=\"es_MX\" \/>\n<meta property=\"og:type\" content=\"article\" \/>\n<meta property=\"og:title\" content=\"Anuncia Gobernador Salom\u00f3n Jara recuperaci\u00f3n de la infraestructura hospitalaria de la Cuenca del Papaloapan - LA BRAVA RADIO\" \/>\n<meta property=\"og:description\" content=\"San Felipe Jalapa de D\u00edaz, Oax. 29 de marzo de 2023.-El Gobernador del Estado Salom\u00f3n Jara Cruz anunci\u00f3 que se realizar\u00e1 la recuperaci\u00f3n de la infraestructura hospitalaria en municipios de la Cuenca del Papaloapan. Durante el Sexto Encuentro con Autoridades Municipales de la zona mazateca, el Mandatario estatal inform\u00f3 que se atender\u00e1n los trabajos para [&hellip;]\" \/>\n<meta property=\"og:url\" content=\"https:\/\/www.bbmnoticias.com\/labravaradiofm\/2023\/03\/29\/anuncia-gobernador-salomon-jara-recuperacion-de-la-infraestructura-hospitalaria-de-la-cuenca-del-papaloapan\/\" \/>\n<meta property=\"og:site_name\" content=\"LA BRAVA RADIO\" \/>\n<meta property=\"article:published_time\" content=\"2023-03-29T21:23:56+00:00\" \/>\n<meta property=\"article:modified_time\" content=\"2023-03-29T21:23:57+00:00\" \/>\n<meta property=\"og:image\" content=\"https:\/\/www.bbmnoticias.com\/labravaradiofm\/wp-content\/uploads\/sites\/5\/2023\/03\/sjc-salud.jpg\" \/>\n\t<meta property=\"og:image:width\" content=\"800\" \/>\n\t<meta property=\"og:image:height\" content=\"533\" \/>\n\t<meta property=\"og:image:type\" content=\"image\/jpeg\" \/>\n<meta name=\"author\" content=\"Staff\" \/>\n<meta name=\"twitter:card\" content=\"summary_large_image\" \/>\n<meta name=\"twitter:label1\" content=\"Escrito por\" \/>\n\t<meta name=\"twitter:data1\" content=\"Staff\" \/>\n\t<meta name=\"twitter:label2\" content=\"Tiempo de lectura\" \/>\n\t<meta name=\"twitter:data2\" content=\"2 minutos\" \/>\n<script type=\"application\/ld+json\" class=\"yoast-schema-graph\">{\"@context\":\"https:\\\/\\\/schema.org\",\"@graph\":[{\"@type\":\"Article\",\"@id\":\"https:\\\/\\\/www.bbmnoticias.com\\\/labravaradiofm\\\/2023\\\/03\\\/29\\\/anuncia-gobernador-salomon-jara-recuperacion-de-la-infraestructura-hospitalaria-de-la-cuenca-del-papaloapan\\\/#article\",\"isPartOf\":{\"@id\":\"https:\\\/\\\/www.bbmnoticias.com\\\/labravaradiofm\\\/2023\\\/03\\\/29\\\/anuncia-gobernador-salomon-jara-recuperacion-de-la-infraestructura-hospitalaria-de-la-cuenca-del-papaloapan\\\/\"},\"author\":{\"name\":\"Staff\",\"@id\":\"https:\\\/\\\/www.bbmnoticias.com\\\/labravaradiofm\\\/#\\\/schema\\\/person\\\/34b139c617a70ea5bef5678bffe4dd7b\"},\"headline\":\"Anuncia Gobernador Salom\u00f3n Jara recuperaci\u00f3n de la infraestructura hospitalaria de la Cuenca del Papaloapan\",\"datePublished\":\"2023-03-29T21:23:56+00:00\",\"dateModified\":\"2023-03-29T21:23:57+00:00\",\"mainEntityOfPage\":{\"@id\":\"https:\\\/\\\/www.bbmnoticias.com\\\/labravaradiofm\\\/2023\\\/03\\\/29\\\/anuncia-gobernador-salomon-jara-recuperacion-de-la-infraestructura-hospitalaria-de-la-cuenca-del-papaloapan\\\/\"},\"wordCount\":375,\"image\":{\"@id\":\"https:\\\/\\\/www.bbmnoticias.com\\\/labravaradiofm\\\/2023\\\/03\\\/29\\\/anuncia-gobernador-salomon-jara-recuperacion-de-la-infraestructura-hospitalaria-de-la-cuenca-del-papaloapan\\\/#primaryimage\"},\"thumbnailUrl\":\"https:\\\/\\\/www.bbmnoticias.com\\\/labravaradiofm\\\/wp-content\\\/uploads\\\/sites\\\/5\\\/2023\\\/03\\\/sjc-salud.jpg\",\"articleSection\":[\"LOCAL\"],\"inLanguage\":\"es\"},{\"@type\":\"WebPage\",\"@id\":\"https:\\\/\\\/www.bbmnoticias.com\\\/labravaradiofm\\\/2023\\\/03\\\/29\\\/anuncia-gobernador-salomon-jara-recuperacion-de-la-infraestructura-hospitalaria-de-la-cuenca-del-papaloapan\\\/\",\"url\":\"https:\\\/\\\/www.bbmnoticias.com\\\/labravaradiofm\\\/2023\\\/03\\\/29\\\/anuncia-gobernador-salomon-jara-recuperacion-de-la-infraestructura-hospitalaria-de-la-cuenca-del-papaloapan\\\/\",\"name\":\"Anuncia Gobernador Salom\u00f3n Jara recuperaci\u00f3n de la infraestructura hospitalaria de la Cuenca del Papaloapan - LA BRAVA RADIO\",\"isPartOf\":{\"@id\":\"https:\\\/\\\/www.bbmnoticias.com\\\/labravaradiofm\\\/#website\"},\"primaryImageOfPage\":{\"@id\":\"https:\\\/\\\/www.bbmnoticias.com\\\/labravaradiofm\\\/2023\\\/03\\\/29\\\/anuncia-gobernador-salomon-jara-recuperacion-de-la-infraestructura-hospitalaria-de-la-cuenca-del-papaloapan\\\/#primaryimage\"},\"image\":{\"@id\":\"https:\\\/\\\/www.bbmnoticias.com\\\/labravaradiofm\\\/2023\\\/03\\\/29\\\/anuncia-gobernador-salomon-jara-recuperacion-de-la-infraestructura-hospitalaria-de-la-cuenca-del-papaloapan\\\/#primaryimage\"},\"thumbnailUrl\":\"https:\\\/\\\/www.bbmnoticias.com\\\/labravaradiofm\\\/wp-content\\\/uploads\\\/sites\\\/5\\\/2023\\\/03\\\/sjc-salud.jpg\",\"datePublished\":\"2023-03-29T21:23:56+00:00\",\"dateModified\":\"2023-03-29T21:23:57+00:00\",\"author\":{\"@id\":\"https:\\\/\\\/www.bbmnoticias.com\\\/labravaradiofm\\\/#\\\/schema\\\/person\\\/34b139c617a70ea5bef5678bffe4dd7b\"},\"breadcrumb\":{\"@id\":\"https:\\\/\\\/www.bbmnoticias.com\\\/labravaradiofm\\\/2023\\\/03\\\/29\\\/anuncia-gobernador-salomon-jara-recuperacion-de-la-infraestructura-hospitalaria-de-la-cuenca-del-papaloapan\\\/#breadcrumb\"},\"inLanguage\":\"es\",\"potentialAction\":[{\"@type\":\"ReadAction\",\"target\":[\"https:\\\/\\\/www.bbmnoticias.com\\\/labravaradiofm\\\/2023\\\/03\\\/29\\\/anuncia-gobernador-salomon-jara-recuperacion-de-la-infraestructura-hospitalaria-de-la-cuenca-del-papaloapan\\\/\"]}]},{\"@type\":\"ImageObject\",\"inLanguage\":\"es\",\"@id\":\"https:\\\/\\\/www.bbmnoticias.com\\\/labravaradiofm\\\/2023\\\/03\\\/29\\\/anuncia-gobernador-salomon-jara-recuperacion-de-la-infraestructura-hospitalaria-de-la-cuenca-del-papaloapan\\\/#primaryimage\",\"url\":\"https:\\\/\\\/www.bbmnoticias.com\\\/labravaradiofm\\\/wp-content\\\/uploads\\\/sites\\\/5\\\/2023\\\/03\\\/sjc-salud.jpg\",\"contentUrl\":\"https:\\\/\\\/www.bbmnoticias.com\\\/labravaradiofm\\\/wp-content\\\/uploads\\\/sites\\\/5\\\/2023\\\/03\\\/sjc-salud.jpg\",\"width\":800,\"height\":533},{\"@type\":\"BreadcrumbList\",\"@id\":\"https:\\\/\\\/www.bbmnoticias.com\\\/labravaradiofm\\\/2023\\\/03\\\/29\\\/anuncia-gobernador-salomon-jara-recuperacion-de-la-infraestructura-hospitalaria-de-la-cuenca-del-papaloapan\\\/#breadcrumb\",\"itemListElement\":[{\"@type\":\"ListItem\",\"position\":1,\"name\":\"Inicio\",\"item\":\"https:\\\/\\\/www.bbmnoticias.com\\\/labravaradiofm\\\/\"},{\"@type\":\"ListItem\",\"position\":2,\"name\":\"Anuncia Gobernador Salom\u00f3n Jara recuperaci\u00f3n de la infraestructura hospitalaria de la Cuenca del Papaloapan\"}]},{\"@type\":\"WebSite\",\"@id\":\"https:\\\/\\\/www.bbmnoticias.com\\\/labravaradiofm\\\/#website\",\"url\":\"https:\\\/\\\/www.bbmnoticias.com\\\/labravaradiofm\\\/\",\"name\":\"LA BRAVA RADIO\",\"description\":\"Empresa productora de medios, Radiodifusi\u00f3n, Noticias, tendencias y todo lo que necesitas saber de la pol\u00edtica mexicana e internacional; entretenimiento, espect\u00e1culos, salud y mucho m\u00e1s.\",\"potentialAction\":[{\"@type\":\"SearchAction\",\"target\":{\"@type\":\"EntryPoint\",\"urlTemplate\":\"https:\\\/\\\/www.bbmnoticias.com\\\/labravaradiofm\\\/?s={search_term_string}\"},\"query-input\":{\"@type\":\"PropertyValueSpecification\",\"valueRequired\":true,\"valueName\":\"search_term_string\"}}],\"inLanguage\":\"es\"},{\"@type\":\"Person\",\"@id\":\"https:\\\/\\\/www.bbmnoticias.com\\\/labravaradiofm\\\/#\\\/schema\\\/person\\\/34b139c617a70ea5bef5678bffe4dd7b\",\"name\":\"Staff\",\"image\":{\"@type\":\"ImageObject\",\"inLanguage\":\"es\",\"@id\":\"https:\\\/\\\/secure.gravatar.com\\\/avatar\\\/fdd21ad66fd8b98c407f9dee5b5e588cfe7f0d8579ec20fa6527cd59bab7f0f0?s=96&d=mm&r=g\",\"url\":\"https:\\\/\\\/secure.gravatar.com\\\/avatar\\\/fdd21ad66fd8b98c407f9dee5b5e588cfe7f0d8579ec20fa6527cd59bab7f0f0?s=96&d=mm&r=g\",\"contentUrl\":\"https:\\\/\\\/secure.gravatar.com\\\/avatar\\\/fdd21ad66fd8b98c407f9dee5b5e588cfe7f0d8579ec20fa6527cd59bab7f0f0?s=96&d=mm&r=g\",\"caption\":\"Staff\"},\"url\":\"https:\\\/\\\/www.bbmnoticias.com\\\/labravaradiofm\\\/author\\\/redaccion\\\/\"}]}<\/script>\n<!-- \/ Yoast SEO plugin. -->","yoast_head_json":{"title":"Anuncia Gobernador Salom\u00f3n Jara recuperaci\u00f3n de la infraestructura hospitalaria de la Cuenca del Papaloapan - LA BRAVA RADIO","robots":{"index":"index","follow":"follow","max-snippet":"max-snippet:-1","max-image-preview":"max-image-preview:large","max-video-preview":"max-video-preview:-1"},"canonical":"https:\/\/www.bbmnoticias.com\/labravaradiofm\/2023\/03\/29\/anuncia-gobernador-salomon-jara-recuperacion-de-la-infraestructura-hospitalaria-de-la-cuenca-del-papaloapan\/","og_locale":"es_MX","og_type":"article","og_title":"Anuncia Gobernador Salom\u00f3n Jara recuperaci\u00f3n de la infraestructura hospitalaria de la Cuenca del Papaloapan - LA BRAVA RADIO","og_description":"San Felipe Jalapa de D\u00edaz, Oax. 29 de marzo de 2023.-El Gobernador del Estado Salom\u00f3n Jara Cruz anunci\u00f3 que se realizar\u00e1 la recuperaci\u00f3n de la infraestructura hospitalaria en municipios de la Cuenca del Papaloapan. Durante el Sexto Encuentro con Autoridades Municipales de la zona mazateca, el Mandatario estatal inform\u00f3 que se atender\u00e1n los trabajos para [&hellip;]","og_url":"https:\/\/www.bbmnoticias.com\/labravaradiofm\/2023\/03\/29\/anuncia-gobernador-salomon-jara-recuperacion-de-la-infraestructura-hospitalaria-de-la-cuenca-del-papaloapan\/","og_site_name":"LA BRAVA RADIO","article_published_time":"2023-03-29T21:23:56+00:00","article_modified_time":"2023-03-29T21:23:57+00:00","og_image":[{"width":800,"height":533,"url":"https:\/\/www.bbmnoticias.com\/labravaradiofm\/wp-content\/uploads\/sites\/5\/2023\/03\/sjc-salud.jpg","type":"image\/jpeg"}],"author":"Staff","twitter_card":"summary_large_image","twitter_misc":{"Escrito por":"Staff","Tiempo de lectura":"2 minutos"},"schema":{"@context":"https:\/\/schema.org","@graph":[{"@type":"Article","@id":"https:\/\/www.bbmnoticias.com\/labravaradiofm\/2023\/03\/29\/anuncia-gobernador-salomon-jara-recuperacion-de-la-infraestructura-hospitalaria-de-la-cuenca-del-papaloapan\/#article","isPartOf":{"@id":"https:\/\/www.bbmnoticias.com\/labravaradiofm\/2023\/03\/29\/anuncia-gobernador-salomon-jara-recuperacion-de-la-infraestructura-hospitalaria-de-la-cuenca-del-papaloapan\/"},"author":{"name":"Staff","@id":"https:\/\/www.bbmnoticias.com\/labravaradiofm\/#\/schema\/person\/34b139c617a70ea5bef5678bffe4dd7b"},"headline":"Anuncia Gobernador Salom\u00f3n Jara recuperaci\u00f3n de la infraestructura hospitalaria de la Cuenca del Papaloapan","datePublished":"2023-03-29T21:23:56+00:00","dateModified":"2023-03-29T21:23:57+00:00","mainEntityOfPage":{"@id":"https:\/\/www.bbmnoticias.com\/labravaradiofm\/2023\/03\/29\/anuncia-gobernador-salomon-jara-recuperacion-de-la-infraestructura-hospitalaria-de-la-cuenca-del-papaloapan\/"},"wordCount":375,"image":{"@id":"https:\/\/www.bbmnoticias.com\/labravaradiofm\/2023\/03\/29\/anuncia-gobernador-salomon-jara-recuperacion-de-la-infraestructura-hospitalaria-de-la-cuenca-del-papaloapan\/#primaryimage"},"thumbnailUrl":"https:\/\/www.bbmnoticias.com\/labravaradiofm\/wp-content\/uploads\/sites\/5\/2023\/03\/sjc-salud.jpg","articleSection":["LOCAL"],"inLanguage":"es"},{"@type":"WebPage","@id":"https:\/\/www.bbmnoticias.com\/labravaradiofm\/2023\/03\/29\/anuncia-gobernador-salomon-jara-recuperacion-de-la-infraestructura-hospitalaria-de-la-cuenca-del-papaloapan\/","url":"https:\/\/www.bbmnoticias.com\/labravaradiofm\/2023\/03\/29\/anuncia-gobernador-salomon-jara-recuperacion-de-la-infraestructura-hospitalaria-de-la-cuenca-del-papaloapan\/","name":"Anuncia Gobernador Salom\u00f3n Jara recuperaci\u00f3n de la infraestructura hospitalaria de la Cuenca del Papaloapan - LA BRAVA RADIO","isPartOf":{"@id":"https:\/\/www.bbmnoticias.com\/labravaradiofm\/#website"},"primaryImageOfPage":{"@id":"https:\/\/www.bbmnoticias.com\/labravaradiofm\/2023\/03\/29\/anuncia-gobernador-salomon-jara-recuperacion-de-la-infraestructura-hospitalaria-de-la-cuenca-del-papaloapan\/#primaryimage"},"image":{"@id":"https:\/\/www.bbmnoticias.com\/labravaradiofm\/2023\/03\/29\/anuncia-gobernador-salomon-jara-recuperacion-de-la-infraestructura-hospitalaria-de-la-cuenca-del-papaloapan\/#primaryimage"},"thumbnailUrl":"https:\/\/www.bbmnoticias.com\/labravaradiofm\/wp-content\/uploads\/sites\/5\/2023\/03\/sjc-salud.jpg","datePublished":"2023-03-29T21:23:56+00:00","dateModified":"2023-03-29T21:23:57+00:00","author":{"@id":"https:\/\/www.bbmnoticias.com\/labravaradiofm\/#\/schema\/person\/34b139c617a70ea5bef5678bffe4dd7b"},"breadcrumb":{"@id":"https:\/\/www.bbmnoticias.com\/labravaradiofm\/2023\/03\/29\/anuncia-gobernador-salomon-jara-recuperacion-de-la-infraestructura-hospitalaria-de-la-cuenca-del-papaloapan\/#breadcrumb"},"inLanguage":"es","potentialAction":[{"@type":"ReadAction","target":["https:\/\/www.bbmnoticias.com\/labravaradiofm\/2023\/03\/29\/anuncia-gobernador-salomon-jara-recuperacion-de-la-infraestructura-hospitalaria-de-la-cuenca-del-papaloapan\/"]}]},{"@type":"ImageObject","inLanguage":"es","@id":"https:\/\/www.bbmnoticias.com\/labravaradiofm\/2023\/03\/29\/anuncia-gobernador-salomon-jara-recuperacion-de-la-infraestructura-hospitalaria-de-la-cuenca-del-papaloapan\/#primaryimage","url":"https:\/\/www.bbmnoticias.com\/labravaradiofm\/wp-content\/uploads\/sites\/5\/2023\/03\/sjc-salud.jpg","contentUrl":"https:\/\/www.bbmnoticias.com\/labravaradiofm\/wp-content\/uploads\/sites\/5\/2023\/03\/sjc-salud.jpg","width":800,"height":533},{"@type":"BreadcrumbList","@id":"https:\/\/www.bbmnoticias.com\/labravaradiofm\/2023\/03\/29\/anuncia-gobernador-salomon-jara-recuperacion-de-la-infraestructura-hospitalaria-de-la-cuenca-del-papaloapan\/#breadcrumb","itemListElement":[{"@type":"ListItem","position":1,"name":"Inicio","item":"https:\/\/www.bbmnoticias.com\/labravaradiofm\/"},{"@type":"ListItem","position":2,"name":"Anuncia Gobernador Salom\u00f3n Jara recuperaci\u00f3n de la infraestructura hospitalaria de la Cuenca del Papaloapan"}]},{"@type":"WebSite","@id":"https:\/\/www.bbmnoticias.com\/labravaradiofm\/#website","url":"https:\/\/www.bbmnoticias.com\/labravaradiofm\/","name":"LA BRAVA RADIO","description":"Empresa productora de medios, Radiodifusi\u00f3n, Noticias, tendencias y todo lo que necesitas saber de la pol\u00edtica mexicana e internacional; entretenimiento, espect\u00e1culos, salud y mucho m\u00e1s.","potentialAction":[{"@type":"SearchAction","target":{"@type":"EntryPoint","urlTemplate":"https:\/\/www.bbmnoticias.com\/labravaradiofm\/?s={search_term_string}"},"query-input":{"@type":"PropertyValueSpecification","valueRequired":true,"valueName":"search_term_string"}}],"inLanguage":"es"},{"@type":"Person","@id":"https:\/\/www.bbmnoticias.com\/labravaradiofm\/#\/schema\/person\/34b139c617a70ea5bef5678bffe4dd7b","name":"Staff","image":{"@type":"ImageObject","inLanguage":"es","@id":"https:\/\/secure.gravatar.com\/avatar\/fdd21ad66fd8b98c407f9dee5b5e588cfe7f0d8579ec20fa6527cd59bab7f0f0?s=96&d=mm&r=g","url":"https:\/\/secure.gravatar.com\/avatar\/fdd21ad66fd8b98c407f9dee5b5e588cfe7f0d8579ec20fa6527cd59bab7f0f0?s=96&d=mm&r=g","contentUrl":"https:\/\/secure.gravatar.com\/avatar\/fdd21ad66fd8b98c407f9dee5b5e588cfe7f0d8579ec20fa6527cd59bab7f0f0?s=96&d=mm&r=g","caption":"Staff"},"url":"https:\/\/www.bbmnoticias.com\/labravaradiofm\/author\/redaccion\/"}]}},"_links":{"self":[{"href":"https:\/\/www.bbmnoticias.com\/labravaradiofm\/wp-json\/wp\/v2\/posts\/25583","targetHints":{"allow":["GET"]}}],"collection":[{"href":"https:\/\/www.bbmnoticias.com\/labravaradiofm\/wp-json\/wp\/v2\/posts"}],"about":[{"href":"https:\/\/www.bbmnoticias.com\/labravaradiofm\/wp-json\/wp\/v2\/types\/post"}],"author":[{"embeddable":true,"href":"https:\/\/www.bbmnoticias.com\/labravaradiofm\/wp-json\/wp\/v2\/users\/2"}],"replies":[{"embeddable":true,"href":"https:\/\/www.bbmnoticias.com\/labravaradiofm\/wp-json\/wp\/v2\/comments?post=25583"}],"version-history":[{"count":0,"href":"https:\/\/www.bbmnoticias.com\/labravaradiofm\/wp-json\/wp\/v2\/posts\/25583\/revisions"}],"wp:featuredmedia":[{"embeddable":true,"href":"https:\/\/www.bbmnoticias.com\/labravaradiofm\/wp-json\/wp\/v2\/media\/25584"}],"wp:attachment":[{"href":"https:\/\/www.bbmnoticias.com\/labravaradiofm\/wp-json\/wp\/v2\/media?parent=25583"}],"wp:term":[{"taxonomy":"category","embeddable":true,"href":"https:\/\/www.bbmnoticias.com\/labravaradiofm\/wp-json\/wp\/v2\/categories?post=25583"},{"taxonomy":"post_tag","embeddable":true,"href":"https:\/\/www.bbmnoticias.com\/labravaradiofm\/wp-json\/wp\/v2\/tags?post=25583"}],"curies":[{"name":"wp","href":"https:\/\/api.w.org\/{rel}","templated":true}]}}