{"id":25449,"date":"2023-03-27T09:44:26","date_gmt":"2023-03-27T15:44:26","guid":{"rendered":"https:\/\/www.bbmnoticias.com\/labravaradiofm\/?p=25449"},"modified":"2023-03-27T09:44:26","modified_gmt":"2023-03-27T15:44:26","slug":"libre-circulacion-vehicular-sobre-la-carretera-178-a-la-altura-de-yaitepec","status":"publish","type":"post","link":"https:\/\/www.bbmnoticias.com\/labravaradiofm\/2023\/03\/27\/libre-circulacion-vehicular-sobre-la-carretera-178-a-la-altura-de-yaitepec\/","title":{"rendered":"Libre circulaci\u00f3n vehicular sobre la carretera 178 a la altura de Yaitepec"},"content":{"rendered":"<div style=\"margin-top: 0px; margin-bottom: 0px;\" class=\"sharethis-inline-share-buttons\" ><\/div>\n<p><strong>Oaxaca, Oax.- <\/strong>Pobladores de Santiago Yaitepec retiraron el bloqueo que manten\u00edan sobre la carretera 178 en el tramo de San Lucas el Vidrio a Santa Catarina Juquila a la altura de esa poblaci\u00f3n.<\/p>\n\n\n\n<p>De acuerdo con el reporte, los pobladores retiraron el bloqueo desde la noche del domingo, aunque se desconoce los acuerdos a los que llegaron entre los grupos en disputa y con el propio Gobierno del Estado.<\/p>\n\n\n\n<p>Es de se\u00f1alar que el bloqueo se activ\u00f3 luego que un grupo armado intent\u00f3 reventar la asamblea general dwl domingo, lo que gener\u00f3 una confrontaci\u00f3n, donde salieron a relucir disparos de arma de fuego.<\/p>\n\n\n\n<p>En el lugar se report\u00f3 la muerte de P\u00e1nfilo Peralta y de dos personas desaparecidas, identificadas como Domingo P\u00e9rez, Bonifacio Carmona y Justino Dom\u00ednguez, sin embargo, m\u00e1s tarde se inform\u00f3 que no estaban desaparecidas y que hab\u00eda personas detenidas por estos hechos.<\/p>\n\n\n\n<p>Este grupo, se inform\u00f3, es contrario al presidente municipal, Rigoberto Vel\u00e1squez, quien ha sido se\u00f1alado de llevar a los hombres armados.<\/p>\n\n\n\n<p>Sin embargo, los ciudadanos responsabilizaron al titular de la Secretar\u00eda de Gobierno, Jes\u00fas Romero, de no querer atender la problem\u00e1tica post electoral de la zona.<\/p>\n","protected":false},"excerpt":{"rendered":"<p>Oaxaca, Oax.- Pobladores de Santiago Yaitepec retiraron el bloqueo que manten\u00edan sobre la carretera 178 en el tramo de San Lucas el Vidrio a Santa Catarina Juquila a la altura de esa poblaci\u00f3n. De acuerdo con el reporte, los pobladores retiraron el bloqueo desde la noche del domingo, aunque se desconoce los acuerdos a los [&hellip;]<\/p>\n","protected":false},"author":7,"featured_media":25450,"comment_status":"closed","ping_status":"closed","sticky":false,"template":"","format":"standard","meta":{"footnotes":""},"categories":[2],"tags":[],"class_list":{"0":"post-25449","1":"post","2":"type-post","3":"status-publish","4":"format-standard","5":"has-post-thumbnail","7":"category-oaxaca"},"yoast_head":"<!-- This site is optimized with the Yoast SEO plugin v27.4 - https:\/\/yoast.com\/product\/yoast-seo-wordpress\/ -->\n<title>Libre circulaci\u00f3n vehicular sobre la carretera 178 a la altura de Yaitepec - LA BRAVA RADIO<\/title>\n<meta name=\"robots\" content=\"index, follow, max-snippet:-1, max-image-preview:large, max-video-preview:-1\" \/>\n<link rel=\"canonical\" href=\"https:\/\/www.bbmnoticias.com\/labravaradiofm\/2023\/03\/27\/libre-circulacion-vehicular-sobre-la-carretera-178-a-la-altura-de-yaitepec\/\" \/>\n<meta property=\"og:locale\" content=\"es_MX\" \/>\n<meta property=\"og:type\" content=\"article\" \/>\n<meta property=\"og:title\" content=\"Libre circulaci\u00f3n vehicular sobre la carretera 178 a la altura de Yaitepec - LA BRAVA RADIO\" \/>\n<meta property=\"og:description\" content=\"Oaxaca, Oax.- Pobladores de Santiago Yaitepec retiraron el bloqueo que manten\u00edan sobre la carretera 178 en el tramo de San Lucas el Vidrio a Santa Catarina Juquila a la altura de esa poblaci\u00f3n. De acuerdo con el reporte, los pobladores retiraron el bloqueo desde la noche del domingo, aunque se desconoce los acuerdos a los [&hellip;]\" \/>\n<meta property=\"og:url\" content=\"https:\/\/www.bbmnoticias.com\/labravaradiofm\/2023\/03\/27\/libre-circulacion-vehicular-sobre-la-carretera-178-a-la-altura-de-yaitepec\/\" \/>\n<meta property=\"og:site_name\" content=\"LA BRAVA RADIO\" \/>\n<meta property=\"article:published_time\" content=\"2023-03-27T15:44:26+00:00\" \/>\n<meta property=\"og:image\" content=\"https:\/\/www.bbmnoticias.com\/labravaradiofm\/wp-content\/uploads\/sites\/5\/2023\/03\/yaitepec-bloqueo.jpg\" \/>\n\t<meta property=\"og:image:width\" content=\"960\" \/>\n\t<meta property=\"og:image:height\" content=\"659\" \/>\n\t<meta property=\"og:image:type\" content=\"image\/jpeg\" \/>\n<meta name=\"author\" content=\"Cuarta Plana\" \/>\n<meta name=\"twitter:card\" content=\"summary_large_image\" \/>\n<meta name=\"twitter:label1\" content=\"Escrito por\" \/>\n\t<meta name=\"twitter:data1\" content=\"Cuarta Plana\" \/>\n\t<meta name=\"twitter:label2\" content=\"Tiempo de lectura\" \/>\n\t<meta name=\"twitter:data2\" content=\"1 minuto\" \/>\n<script type=\"application\/ld+json\" class=\"yoast-schema-graph\">{\"@context\":\"https:\\\/\\\/schema.org\",\"@graph\":[{\"@type\":\"Article\",\"@id\":\"https:\\\/\\\/www.bbmnoticias.com\\\/labravaradiofm\\\/2023\\\/03\\\/27\\\/libre-circulacion-vehicular-sobre-la-carretera-178-a-la-altura-de-yaitepec\\\/#article\",\"isPartOf\":{\"@id\":\"https:\\\/\\\/www.bbmnoticias.com\\\/labravaradiofm\\\/2023\\\/03\\\/27\\\/libre-circulacion-vehicular-sobre-la-carretera-178-a-la-altura-de-yaitepec\\\/\"},\"author\":{\"name\":\"Cuarta Plana\",\"@id\":\"https:\\\/\\\/www.bbmnoticias.com\\\/labravaradiofm\\\/#\\\/schema\\\/person\\\/7d786f9fa529105f958c4791d75455f1\"},\"headline\":\"Libre circulaci\u00f3n vehicular sobre la carretera 178 a la altura de Yaitepec\",\"datePublished\":\"2023-03-27T15:44:26+00:00\",\"mainEntityOfPage\":{\"@id\":\"https:\\\/\\\/www.bbmnoticias.com\\\/labravaradiofm\\\/2023\\\/03\\\/27\\\/libre-circulacion-vehicular-sobre-la-carretera-178-a-la-altura-de-yaitepec\\\/\"},\"wordCount\":217,\"image\":{\"@id\":\"https:\\\/\\\/www.bbmnoticias.com\\\/labravaradiofm\\\/2023\\\/03\\\/27\\\/libre-circulacion-vehicular-sobre-la-carretera-178-a-la-altura-de-yaitepec\\\/#primaryimage\"},\"thumbnailUrl\":\"https:\\\/\\\/www.bbmnoticias.com\\\/labravaradiofm\\\/wp-content\\\/uploads\\\/sites\\\/5\\\/2023\\\/03\\\/yaitepec-bloqueo.jpg\",\"articleSection\":[\"LOCAL\"],\"inLanguage\":\"es\"},{\"@type\":\"WebPage\",\"@id\":\"https:\\\/\\\/www.bbmnoticias.com\\\/labravaradiofm\\\/2023\\\/03\\\/27\\\/libre-circulacion-vehicular-sobre-la-carretera-178-a-la-altura-de-yaitepec\\\/\",\"url\":\"https:\\\/\\\/www.bbmnoticias.com\\\/labravaradiofm\\\/2023\\\/03\\\/27\\\/libre-circulacion-vehicular-sobre-la-carretera-178-a-la-altura-de-yaitepec\\\/\",\"name\":\"Libre circulaci\u00f3n vehicular sobre la carretera 178 a la altura de Yaitepec - LA BRAVA RADIO\",\"isPartOf\":{\"@id\":\"https:\\\/\\\/www.bbmnoticias.com\\\/labravaradiofm\\\/#website\"},\"primaryImageOfPage\":{\"@id\":\"https:\\\/\\\/www.bbmnoticias.com\\\/labravaradiofm\\\/2023\\\/03\\\/27\\\/libre-circulacion-vehicular-sobre-la-carretera-178-a-la-altura-de-yaitepec\\\/#primaryimage\"},\"image\":{\"@id\":\"https:\\\/\\\/www.bbmnoticias.com\\\/labravaradiofm\\\/2023\\\/03\\\/27\\\/libre-circulacion-vehicular-sobre-la-carretera-178-a-la-altura-de-yaitepec\\\/#primaryimage\"},\"thumbnailUrl\":\"https:\\\/\\\/www.bbmnoticias.com\\\/labravaradiofm\\\/wp-content\\\/uploads\\\/sites\\\/5\\\/2023\\\/03\\\/yaitepec-bloqueo.jpg\",\"datePublished\":\"2023-03-27T15:44:26+00:00\",\"author\":{\"@id\":\"https:\\\/\\\/www.bbmnoticias.com\\\/labravaradiofm\\\/#\\\/schema\\\/person\\\/7d786f9fa529105f958c4791d75455f1\"},\"breadcrumb\":{\"@id\":\"https:\\\/\\\/www.bbmnoticias.com\\\/labravaradiofm\\\/2023\\\/03\\\/27\\\/libre-circulacion-vehicular-sobre-la-carretera-178-a-la-altura-de-yaitepec\\\/#breadcrumb\"},\"inLanguage\":\"es\",\"potentialAction\":[{\"@type\":\"ReadAction\",\"target\":[\"https:\\\/\\\/www.bbmnoticias.com\\\/labravaradiofm\\\/2023\\\/03\\\/27\\\/libre-circulacion-vehicular-sobre-la-carretera-178-a-la-altura-de-yaitepec\\\/\"]}]},{\"@type\":\"ImageObject\",\"inLanguage\":\"es\",\"@id\":\"https:\\\/\\\/www.bbmnoticias.com\\\/labravaradiofm\\\/2023\\\/03\\\/27\\\/libre-circulacion-vehicular-sobre-la-carretera-178-a-la-altura-de-yaitepec\\\/#primaryimage\",\"url\":\"https:\\\/\\\/www.bbmnoticias.com\\\/labravaradiofm\\\/wp-content\\\/uploads\\\/sites\\\/5\\\/2023\\\/03\\\/yaitepec-bloqueo.jpg\",\"contentUrl\":\"https:\\\/\\\/www.bbmnoticias.com\\\/labravaradiofm\\\/wp-content\\\/uploads\\\/sites\\\/5\\\/2023\\\/03\\\/yaitepec-bloqueo.jpg\",\"width\":960,\"height\":659},{\"@type\":\"BreadcrumbList\",\"@id\":\"https:\\\/\\\/www.bbmnoticias.com\\\/labravaradiofm\\\/2023\\\/03\\\/27\\\/libre-circulacion-vehicular-sobre-la-carretera-178-a-la-altura-de-yaitepec\\\/#breadcrumb\",\"itemListElement\":[{\"@type\":\"ListItem\",\"position\":1,\"name\":\"Inicio\",\"item\":\"https:\\\/\\\/www.bbmnoticias.com\\\/labravaradiofm\\\/\"},{\"@type\":\"ListItem\",\"position\":2,\"name\":\"Libre circulaci\u00f3n vehicular sobre la carretera 178 a la altura de Yaitepec\"}]},{\"@type\":\"WebSite\",\"@id\":\"https:\\\/\\\/www.bbmnoticias.com\\\/labravaradiofm\\\/#website\",\"url\":\"https:\\\/\\\/www.bbmnoticias.com\\\/labravaradiofm\\\/\",\"name\":\"LA BRAVA RADIO\",\"description\":\"Empresa productora de medios, Radiodifusi\u00f3n, Noticias, tendencias y todo lo que necesitas saber de la pol\u00edtica mexicana e internacional; entretenimiento, espect\u00e1culos, salud y mucho m\u00e1s.\",\"potentialAction\":[{\"@type\":\"SearchAction\",\"target\":{\"@type\":\"EntryPoint\",\"urlTemplate\":\"https:\\\/\\\/www.bbmnoticias.com\\\/labravaradiofm\\\/?s={search_term_string}\"},\"query-input\":{\"@type\":\"PropertyValueSpecification\",\"valueRequired\":true,\"valueName\":\"search_term_string\"}}],\"inLanguage\":\"es\"},{\"@type\":\"Person\",\"@id\":\"https:\\\/\\\/www.bbmnoticias.com\\\/labravaradiofm\\\/#\\\/schema\\\/person\\\/7d786f9fa529105f958c4791d75455f1\",\"name\":\"Cuarta Plana\",\"image\":{\"@type\":\"ImageObject\",\"inLanguage\":\"es\",\"@id\":\"https:\\\/\\\/secure.gravatar.com\\\/avatar\\\/569aeac3582b4864a79ffcd8468ada657f9c0cbf68c06542116f60dfa8c3c2d7?s=96&d=mm&r=g\",\"url\":\"https:\\\/\\\/secure.gravatar.com\\\/avatar\\\/569aeac3582b4864a79ffcd8468ada657f9c0cbf68c06542116f60dfa8c3c2d7?s=96&d=mm&r=g\",\"contentUrl\":\"https:\\\/\\\/secure.gravatar.com\\\/avatar\\\/569aeac3582b4864a79ffcd8468ada657f9c0cbf68c06542116f60dfa8c3c2d7?s=96&d=mm&r=g\",\"caption\":\"Cuarta Plana\"},\"url\":\"https:\\\/\\\/www.bbmnoticias.com\\\/labravaradiofm\\\/author\\\/cuartaplana\\\/\"}]}<\/script>\n<!-- \/ Yoast SEO plugin. -->","yoast_head_json":{"title":"Libre circulaci\u00f3n vehicular sobre la carretera 178 a la altura de Yaitepec - LA BRAVA RADIO","robots":{"index":"index","follow":"follow","max-snippet":"max-snippet:-1","max-image-preview":"max-image-preview:large","max-video-preview":"max-video-preview:-1"},"canonical":"https:\/\/www.bbmnoticias.com\/labravaradiofm\/2023\/03\/27\/libre-circulacion-vehicular-sobre-la-carretera-178-a-la-altura-de-yaitepec\/","og_locale":"es_MX","og_type":"article","og_title":"Libre circulaci\u00f3n vehicular sobre la carretera 178 a la altura de Yaitepec - LA BRAVA RADIO","og_description":"Oaxaca, Oax.- Pobladores de Santiago Yaitepec retiraron el bloqueo que manten\u00edan sobre la carretera 178 en el tramo de San Lucas el Vidrio a Santa Catarina Juquila a la altura de esa poblaci\u00f3n. De acuerdo con el reporte, los pobladores retiraron el bloqueo desde la noche del domingo, aunque se desconoce los acuerdos a los [&hellip;]","og_url":"https:\/\/www.bbmnoticias.com\/labravaradiofm\/2023\/03\/27\/libre-circulacion-vehicular-sobre-la-carretera-178-a-la-altura-de-yaitepec\/","og_site_name":"LA BRAVA RADIO","article_published_time":"2023-03-27T15:44:26+00:00","og_image":[{"width":960,"height":659,"url":"https:\/\/www.bbmnoticias.com\/labravaradiofm\/wp-content\/uploads\/sites\/5\/2023\/03\/yaitepec-bloqueo.jpg","type":"image\/jpeg"}],"author":"Cuarta Plana","twitter_card":"summary_large_image","twitter_misc":{"Escrito por":"Cuarta Plana","Tiempo de lectura":"1 minuto"},"schema":{"@context":"https:\/\/schema.org","@graph":[{"@type":"Article","@id":"https:\/\/www.bbmnoticias.com\/labravaradiofm\/2023\/03\/27\/libre-circulacion-vehicular-sobre-la-carretera-178-a-la-altura-de-yaitepec\/#article","isPartOf":{"@id":"https:\/\/www.bbmnoticias.com\/labravaradiofm\/2023\/03\/27\/libre-circulacion-vehicular-sobre-la-carretera-178-a-la-altura-de-yaitepec\/"},"author":{"name":"Cuarta Plana","@id":"https:\/\/www.bbmnoticias.com\/labravaradiofm\/#\/schema\/person\/7d786f9fa529105f958c4791d75455f1"},"headline":"Libre circulaci\u00f3n vehicular sobre la carretera 178 a la altura de Yaitepec","datePublished":"2023-03-27T15:44:26+00:00","mainEntityOfPage":{"@id":"https:\/\/www.bbmnoticias.com\/labravaradiofm\/2023\/03\/27\/libre-circulacion-vehicular-sobre-la-carretera-178-a-la-altura-de-yaitepec\/"},"wordCount":217,"image":{"@id":"https:\/\/www.bbmnoticias.com\/labravaradiofm\/2023\/03\/27\/libre-circulacion-vehicular-sobre-la-carretera-178-a-la-altura-de-yaitepec\/#primaryimage"},"thumbnailUrl":"https:\/\/www.bbmnoticias.com\/labravaradiofm\/wp-content\/uploads\/sites\/5\/2023\/03\/yaitepec-bloqueo.jpg","articleSection":["LOCAL"],"inLanguage":"es"},{"@type":"WebPage","@id":"https:\/\/www.bbmnoticias.com\/labravaradiofm\/2023\/03\/27\/libre-circulacion-vehicular-sobre-la-carretera-178-a-la-altura-de-yaitepec\/","url":"https:\/\/www.bbmnoticias.com\/labravaradiofm\/2023\/03\/27\/libre-circulacion-vehicular-sobre-la-carretera-178-a-la-altura-de-yaitepec\/","name":"Libre circulaci\u00f3n vehicular sobre la carretera 178 a la altura de Yaitepec - LA BRAVA RADIO","isPartOf":{"@id":"https:\/\/www.bbmnoticias.com\/labravaradiofm\/#website"},"primaryImageOfPage":{"@id":"https:\/\/www.bbmnoticias.com\/labravaradiofm\/2023\/03\/27\/libre-circulacion-vehicular-sobre-la-carretera-178-a-la-altura-de-yaitepec\/#primaryimage"},"image":{"@id":"https:\/\/www.bbmnoticias.com\/labravaradiofm\/2023\/03\/27\/libre-circulacion-vehicular-sobre-la-carretera-178-a-la-altura-de-yaitepec\/#primaryimage"},"thumbnailUrl":"https:\/\/www.bbmnoticias.com\/labravaradiofm\/wp-content\/uploads\/sites\/5\/2023\/03\/yaitepec-bloqueo.jpg","datePublished":"2023-03-27T15:44:26+00:00","author":{"@id":"https:\/\/www.bbmnoticias.com\/labravaradiofm\/#\/schema\/person\/7d786f9fa529105f958c4791d75455f1"},"breadcrumb":{"@id":"https:\/\/www.bbmnoticias.com\/labravaradiofm\/2023\/03\/27\/libre-circulacion-vehicular-sobre-la-carretera-178-a-la-altura-de-yaitepec\/#breadcrumb"},"inLanguage":"es","potentialAction":[{"@type":"ReadAction","target":["https:\/\/www.bbmnoticias.com\/labravaradiofm\/2023\/03\/27\/libre-circulacion-vehicular-sobre-la-carretera-178-a-la-altura-de-yaitepec\/"]}]},{"@type":"ImageObject","inLanguage":"es","@id":"https:\/\/www.bbmnoticias.com\/labravaradiofm\/2023\/03\/27\/libre-circulacion-vehicular-sobre-la-carretera-178-a-la-altura-de-yaitepec\/#primaryimage","url":"https:\/\/www.bbmnoticias.com\/labravaradiofm\/wp-content\/uploads\/sites\/5\/2023\/03\/yaitepec-bloqueo.jpg","contentUrl":"https:\/\/www.bbmnoticias.com\/labravaradiofm\/wp-content\/uploads\/sites\/5\/2023\/03\/yaitepec-bloqueo.jpg","width":960,"height":659},{"@type":"BreadcrumbList","@id":"https:\/\/www.bbmnoticias.com\/labravaradiofm\/2023\/03\/27\/libre-circulacion-vehicular-sobre-la-carretera-178-a-la-altura-de-yaitepec\/#breadcrumb","itemListElement":[{"@type":"ListItem","position":1,"name":"Inicio","item":"https:\/\/www.bbmnoticias.com\/labravaradiofm\/"},{"@type":"ListItem","position":2,"name":"Libre circulaci\u00f3n vehicular sobre la carretera 178 a la altura de Yaitepec"}]},{"@type":"WebSite","@id":"https:\/\/www.bbmnoticias.com\/labravaradiofm\/#website","url":"https:\/\/www.bbmnoticias.com\/labravaradiofm\/","name":"LA BRAVA RADIO","description":"Empresa productora de medios, Radiodifusi\u00f3n, Noticias, tendencias y todo lo que necesitas saber de la pol\u00edtica mexicana e internacional; entretenimiento, espect\u00e1culos, salud y mucho m\u00e1s.","potentialAction":[{"@type":"SearchAction","target":{"@type":"EntryPoint","urlTemplate":"https:\/\/www.bbmnoticias.com\/labravaradiofm\/?s={search_term_string}"},"query-input":{"@type":"PropertyValueSpecification","valueRequired":true,"valueName":"search_term_string"}}],"inLanguage":"es"},{"@type":"Person","@id":"https:\/\/www.bbmnoticias.com\/labravaradiofm\/#\/schema\/person\/7d786f9fa529105f958c4791d75455f1","name":"Cuarta Plana","image":{"@type":"ImageObject","inLanguage":"es","@id":"https:\/\/secure.gravatar.com\/avatar\/569aeac3582b4864a79ffcd8468ada657f9c0cbf68c06542116f60dfa8c3c2d7?s=96&d=mm&r=g","url":"https:\/\/secure.gravatar.com\/avatar\/569aeac3582b4864a79ffcd8468ada657f9c0cbf68c06542116f60dfa8c3c2d7?s=96&d=mm&r=g","contentUrl":"https:\/\/secure.gravatar.com\/avatar\/569aeac3582b4864a79ffcd8468ada657f9c0cbf68c06542116f60dfa8c3c2d7?s=96&d=mm&r=g","caption":"Cuarta Plana"},"url":"https:\/\/www.bbmnoticias.com\/labravaradiofm\/author\/cuartaplana\/"}]}},"_links":{"self":[{"href":"https:\/\/www.bbmnoticias.com\/labravaradiofm\/wp-json\/wp\/v2\/posts\/25449","targetHints":{"allow":["GET"]}}],"collection":[{"href":"https:\/\/www.bbmnoticias.com\/labravaradiofm\/wp-json\/wp\/v2\/posts"}],"about":[{"href":"https:\/\/www.bbmnoticias.com\/labravaradiofm\/wp-json\/wp\/v2\/types\/post"}],"author":[{"embeddable":true,"href":"https:\/\/www.bbmnoticias.com\/labravaradiofm\/wp-json\/wp\/v2\/users\/7"}],"replies":[{"embeddable":true,"href":"https:\/\/www.bbmnoticias.com\/labravaradiofm\/wp-json\/wp\/v2\/comments?post=25449"}],"version-history":[{"count":0,"href":"https:\/\/www.bbmnoticias.com\/labravaradiofm\/wp-json\/wp\/v2\/posts\/25449\/revisions"}],"wp:featuredmedia":[{"embeddable":true,"href":"https:\/\/www.bbmnoticias.com\/labravaradiofm\/wp-json\/wp\/v2\/media\/25450"}],"wp:attachment":[{"href":"https:\/\/www.bbmnoticias.com\/labravaradiofm\/wp-json\/wp\/v2\/media?parent=25449"}],"wp:term":[{"taxonomy":"category","embeddable":true,"href":"https:\/\/www.bbmnoticias.com\/labravaradiofm\/wp-json\/wp\/v2\/categories?post=25449"},{"taxonomy":"post_tag","embeddable":true,"href":"https:\/\/www.bbmnoticias.com\/labravaradiofm\/wp-json\/wp\/v2\/tags?post=25449"}],"curies":[{"name":"wp","href":"https:\/\/api.w.org\/{rel}","templated":true}]}}