{"id":25440,"date":"2023-03-26T19:20:34","date_gmt":"2023-03-27T01:20:34","guid":{"rendered":"https:\/\/www.bbmnoticias.com\/labravaradiofm\/?p=25440"},"modified":"2023-03-26T19:20:35","modified_gmt":"2023-03-27T01:20:35","slug":"llega-el-tequio-bienestar-a-la-sierra-de-flores-magon","status":"publish","type":"post","link":"https:\/\/www.bbmnoticias.com\/labravaradiofm\/2023\/03\/26\/llega-el-tequio-bienestar-a-la-sierra-de-flores-magon\/","title":{"rendered":"Llega el Tequio Bienestar a la Sierra de Flores Mag\u00f3n"},"content":{"rendered":"<div style=\"margin-top: 0px; margin-bottom: 0px;\" class=\"sharethis-inline-share-buttons\" ><\/div>\n<p><strong>San Antonio Nanahuat\u00edpam, Oax. 26 de marzo de 2023.<\/strong> Personal de la Secretar\u00eda de Bienestar, Tequio e Inclusi\u00f3n (Sebienti) encabezados por su titular, Laura Estrada Mauro, en coordinaci\u00f3n con la autoridad municipal y la poblaci\u00f3n de este municipio realizaron acciones de limpieza y rescate a orillas del r\u00edo, ubicado en el Distrito de Teotitl\u00e1n.<\/p>\n\n\n\n<p>A esta pr\u00e1ctica comunitaria se sum\u00f3 personal de diversas instancias. Como parte de las acciones de limpieza se realiz\u00f3 el barrido y la recolecci\u00f3n de la basura, separaci\u00f3n de los residuos en org\u00e1nico e inorg\u00e1nico, para ello se us\u00f3 una retroexcavadora y dos camiones de volteo.<\/p>\n\n\n\n<p>Al respecto, Laura Estrada Mauro inform\u00f3 que por instrucci\u00f3n del Gobernador, Salom\u00f3n Jara Cruz, se impulsan los Tequios Bienestar en las ocho regiones del estado y que tiene el prop\u00f3sito de rescatar esta pr\u00e1ctica ancestral de beneficio com\u00fan, que tambi\u00e9n fomenta la participaci\u00f3n de la ciudadan\u00eda.<\/p>\n\n\n\n<p>\u201cAgradezco el inter\u00e9s, la invitaci\u00f3n para hacer equipo y que hoy hagamos posible el Tequio Bienestar en la regi\u00f3n de la Sierra de Flores Mag\u00f3n, antes Ca\u00f1ada. En esta ocasi\u00f3n limpiamos la orilla de su r\u00edo, impactando en la salud y el medio ambiente de varias localidades ubicadas en este distrito\u201d, sostuvo.<\/p>\n\n\n\n<p>En tanto, el presidente de Nanahuat\u00edpam, Javier Jair Luna Hern\u00e1ndez, agradeci\u00f3 el apoyo del Gobierno del Estado y de la Sebienti por atender su solicitud. \u201cMe siento muy contento porque se est\u00e1 tomando en cuenta a la regi\u00f3n, a mi pueblo, y hoy vinieron hasta ac\u00e1 para trabajar a nuestro lado y limpiar a orillas de nuestro r\u00edo\u201d, dijo.<\/p>\n\n\n\n<p>En este tequio particip\u00f3 personal del Centro Coordinador de Pueblos Ind\u00edgenas de Cuicatl\u00e1n, Instituto Estatal para la Educaci\u00f3n de los Adultos (IEEA), Delegaci\u00f3n Regional del Sistema para el Desarrollo Integral de la Familia (DIF) Oaxaca, Conciliaci\u00f3n Agraria, Instituto para la Planeaci\u00f3n del Bienestar (Inplan) de Cuicatl\u00e1n, Secretar\u00eda de Desarrollo Agroalimentario y Desarrollo Rural (Sefader), Secretar\u00eda de Gobierno, Centro Penitenciario de Cuicatl\u00e1n y Direcci\u00f3n de Servicios Regionales.<\/p>\n","protected":false},"excerpt":{"rendered":"<p>San Antonio Nanahuat\u00edpam, Oax. 26 de marzo de 2023. Personal de la Secretar\u00eda de Bienestar, Tequio e Inclusi\u00f3n (Sebienti) encabezados por su titular, Laura Estrada Mauro, en coordinaci\u00f3n con la autoridad municipal y la poblaci\u00f3n de este municipio realizaron acciones de limpieza y rescate a orillas del r\u00edo, ubicado en el Distrito de Teotitl\u00e1n. A [&hellip;]<\/p>\n","protected":false},"author":2,"featured_media":25441,"comment_status":"closed","ping_status":"closed","sticky":false,"template":"","format":"standard","meta":{"footnotes":""},"categories":[2],"tags":[],"class_list":{"0":"post-25440","1":"post","2":"type-post","3":"status-publish","4":"format-standard","5":"has-post-thumbnail","7":"category-oaxaca"},"yoast_head":"<!-- This site is optimized with the Yoast SEO plugin v27.4 - https:\/\/yoast.com\/product\/yoast-seo-wordpress\/ -->\n<title>Llega el Tequio Bienestar a la Sierra de Flores Mag\u00f3n - LA BRAVA RADIO<\/title>\n<meta name=\"robots\" content=\"index, follow, max-snippet:-1, max-image-preview:large, max-video-preview:-1\" \/>\n<link rel=\"canonical\" href=\"https:\/\/www.bbmnoticias.com\/labravaradiofm\/2023\/03\/26\/llega-el-tequio-bienestar-a-la-sierra-de-flores-magon\/\" \/>\n<meta property=\"og:locale\" content=\"es_MX\" \/>\n<meta property=\"og:type\" content=\"article\" \/>\n<meta property=\"og:title\" content=\"Llega el Tequio Bienestar a la Sierra de Flores Mag\u00f3n - LA BRAVA RADIO\" \/>\n<meta property=\"og:description\" content=\"San Antonio Nanahuat\u00edpam, Oax. 26 de marzo de 2023. Personal de la Secretar\u00eda de Bienestar, Tequio e Inclusi\u00f3n (Sebienti) encabezados por su titular, Laura Estrada Mauro, en coordinaci\u00f3n con la autoridad municipal y la poblaci\u00f3n de este municipio realizaron acciones de limpieza y rescate a orillas del r\u00edo, ubicado en el Distrito de Teotitl\u00e1n. A [&hellip;]\" \/>\n<meta property=\"og:url\" content=\"https:\/\/www.bbmnoticias.com\/labravaradiofm\/2023\/03\/26\/llega-el-tequio-bienestar-a-la-sierra-de-flores-magon\/\" \/>\n<meta property=\"og:site_name\" content=\"LA BRAVA RADIO\" \/>\n<meta property=\"article:published_time\" content=\"2023-03-27T01:20:34+00:00\" \/>\n<meta property=\"article:modified_time\" content=\"2023-03-27T01:20:35+00:00\" \/>\n<meta property=\"og:image\" content=\"https:\/\/www.bbmnoticias.com\/labravaradiofm\/wp-content\/uploads\/sites\/5\/2023\/03\/teqio-bienestar01.jpg\" \/>\n\t<meta property=\"og:image:width\" content=\"800\" \/>\n\t<meta property=\"og:image:height\" content=\"450\" \/>\n\t<meta property=\"og:image:type\" content=\"image\/jpeg\" \/>\n<meta name=\"author\" content=\"Staff\" \/>\n<meta name=\"twitter:card\" content=\"summary_large_image\" \/>\n<meta name=\"twitter:label1\" content=\"Escrito por\" \/>\n\t<meta name=\"twitter:data1\" content=\"Staff\" \/>\n\t<meta name=\"twitter:label2\" content=\"Tiempo de lectura\" \/>\n\t<meta name=\"twitter:data2\" content=\"2 minutos\" \/>\n<script type=\"application\/ld+json\" class=\"yoast-schema-graph\">{\"@context\":\"https:\\\/\\\/schema.org\",\"@graph\":[{\"@type\":\"Article\",\"@id\":\"https:\\\/\\\/www.bbmnoticias.com\\\/labravaradiofm\\\/2023\\\/03\\\/26\\\/llega-el-tequio-bienestar-a-la-sierra-de-flores-magon\\\/#article\",\"isPartOf\":{\"@id\":\"https:\\\/\\\/www.bbmnoticias.com\\\/labravaradiofm\\\/2023\\\/03\\\/26\\\/llega-el-tequio-bienestar-a-la-sierra-de-flores-magon\\\/\"},\"author\":{\"name\":\"Staff\",\"@id\":\"https:\\\/\\\/www.bbmnoticias.com\\\/labravaradiofm\\\/#\\\/schema\\\/person\\\/68a9e9036ef3c5b55aeb2b71dc8bab45\"},\"headline\":\"Llega el Tequio Bienestar a la Sierra de Flores Mag\u00f3n\",\"datePublished\":\"2023-03-27T01:20:34+00:00\",\"dateModified\":\"2023-03-27T01:20:35+00:00\",\"mainEntityOfPage\":{\"@id\":\"https:\\\/\\\/www.bbmnoticias.com\\\/labravaradiofm\\\/2023\\\/03\\\/26\\\/llega-el-tequio-bienestar-a-la-sierra-de-flores-magon\\\/\"},\"wordCount\":374,\"image\":{\"@id\":\"https:\\\/\\\/www.bbmnoticias.com\\\/labravaradiofm\\\/2023\\\/03\\\/26\\\/llega-el-tequio-bienestar-a-la-sierra-de-flores-magon\\\/#primaryimage\"},\"thumbnailUrl\":\"https:\\\/\\\/www.bbmnoticias.com\\\/labravaradiofm\\\/wp-content\\\/uploads\\\/sites\\\/5\\\/2023\\\/03\\\/teqio-bienestar01.jpg\",\"articleSection\":[\"LOCAL\"],\"inLanguage\":\"es\"},{\"@type\":\"WebPage\",\"@id\":\"https:\\\/\\\/www.bbmnoticias.com\\\/labravaradiofm\\\/2023\\\/03\\\/26\\\/llega-el-tequio-bienestar-a-la-sierra-de-flores-magon\\\/\",\"url\":\"https:\\\/\\\/www.bbmnoticias.com\\\/labravaradiofm\\\/2023\\\/03\\\/26\\\/llega-el-tequio-bienestar-a-la-sierra-de-flores-magon\\\/\",\"name\":\"Llega el Tequio Bienestar a la Sierra de Flores Mag\u00f3n - LA BRAVA RADIO\",\"isPartOf\":{\"@id\":\"https:\\\/\\\/www.bbmnoticias.com\\\/labravaradiofm\\\/#website\"},\"primaryImageOfPage\":{\"@id\":\"https:\\\/\\\/www.bbmnoticias.com\\\/labravaradiofm\\\/2023\\\/03\\\/26\\\/llega-el-tequio-bienestar-a-la-sierra-de-flores-magon\\\/#primaryimage\"},\"image\":{\"@id\":\"https:\\\/\\\/www.bbmnoticias.com\\\/labravaradiofm\\\/2023\\\/03\\\/26\\\/llega-el-tequio-bienestar-a-la-sierra-de-flores-magon\\\/#primaryimage\"},\"thumbnailUrl\":\"https:\\\/\\\/www.bbmnoticias.com\\\/labravaradiofm\\\/wp-content\\\/uploads\\\/sites\\\/5\\\/2023\\\/03\\\/teqio-bienestar01.jpg\",\"datePublished\":\"2023-03-27T01:20:34+00:00\",\"dateModified\":\"2023-03-27T01:20:35+00:00\",\"author\":{\"@id\":\"https:\\\/\\\/www.bbmnoticias.com\\\/labravaradiofm\\\/#\\\/schema\\\/person\\\/68a9e9036ef3c5b55aeb2b71dc8bab45\"},\"breadcrumb\":{\"@id\":\"https:\\\/\\\/www.bbmnoticias.com\\\/labravaradiofm\\\/2023\\\/03\\\/26\\\/llega-el-tequio-bienestar-a-la-sierra-de-flores-magon\\\/#breadcrumb\"},\"inLanguage\":\"es\",\"potentialAction\":[{\"@type\":\"ReadAction\",\"target\":[\"https:\\\/\\\/www.bbmnoticias.com\\\/labravaradiofm\\\/2023\\\/03\\\/26\\\/llega-el-tequio-bienestar-a-la-sierra-de-flores-magon\\\/\"]}]},{\"@type\":\"ImageObject\",\"inLanguage\":\"es\",\"@id\":\"https:\\\/\\\/www.bbmnoticias.com\\\/labravaradiofm\\\/2023\\\/03\\\/26\\\/llega-el-tequio-bienestar-a-la-sierra-de-flores-magon\\\/#primaryimage\",\"url\":\"https:\\\/\\\/www.bbmnoticias.com\\\/labravaradiofm\\\/wp-content\\\/uploads\\\/sites\\\/5\\\/2023\\\/03\\\/teqio-bienestar01.jpg\",\"contentUrl\":\"https:\\\/\\\/www.bbmnoticias.com\\\/labravaradiofm\\\/wp-content\\\/uploads\\\/sites\\\/5\\\/2023\\\/03\\\/teqio-bienestar01.jpg\",\"width\":800,\"height\":450},{\"@type\":\"BreadcrumbList\",\"@id\":\"https:\\\/\\\/www.bbmnoticias.com\\\/labravaradiofm\\\/2023\\\/03\\\/26\\\/llega-el-tequio-bienestar-a-la-sierra-de-flores-magon\\\/#breadcrumb\",\"itemListElement\":[{\"@type\":\"ListItem\",\"position\":1,\"name\":\"Inicio\",\"item\":\"https:\\\/\\\/www.bbmnoticias.com\\\/labravaradiofm\\\/\"},{\"@type\":\"ListItem\",\"position\":2,\"name\":\"Llega el Tequio Bienestar a la Sierra de Flores Mag\u00f3n\"}]},{\"@type\":\"WebSite\",\"@id\":\"https:\\\/\\\/www.bbmnoticias.com\\\/labravaradiofm\\\/#website\",\"url\":\"https:\\\/\\\/www.bbmnoticias.com\\\/labravaradiofm\\\/\",\"name\":\"LA BRAVA RADIO\",\"description\":\"Empresa productora de medios, Radiodifusi\u00f3n, Noticias, tendencias y todo lo que necesitas saber de la pol\u00edtica mexicana e internacional; entretenimiento, espect\u00e1culos, salud y mucho m\u00e1s.\",\"potentialAction\":[{\"@type\":\"SearchAction\",\"target\":{\"@type\":\"EntryPoint\",\"urlTemplate\":\"https:\\\/\\\/www.bbmnoticias.com\\\/labravaradiofm\\\/?s={search_term_string}\"},\"query-input\":{\"@type\":\"PropertyValueSpecification\",\"valueRequired\":true,\"valueName\":\"search_term_string\"}}],\"inLanguage\":\"es\"},{\"@type\":\"Person\",\"@id\":\"https:\\\/\\\/www.bbmnoticias.com\\\/labravaradiofm\\\/#\\\/schema\\\/person\\\/68a9e9036ef3c5b55aeb2b71dc8bab45\",\"name\":\"Staff\",\"image\":{\"@type\":\"ImageObject\",\"inLanguage\":\"es\",\"@id\":\"https:\\\/\\\/secure.gravatar.com\\\/avatar\\\/fdd21ad66fd8b98c407f9dee5b5e588cfe7f0d8579ec20fa6527cd59bab7f0f0?s=96&d=mm&r=g\",\"url\":\"https:\\\/\\\/secure.gravatar.com\\\/avatar\\\/fdd21ad66fd8b98c407f9dee5b5e588cfe7f0d8579ec20fa6527cd59bab7f0f0?s=96&d=mm&r=g\",\"contentUrl\":\"https:\\\/\\\/secure.gravatar.com\\\/avatar\\\/fdd21ad66fd8b98c407f9dee5b5e588cfe7f0d8579ec20fa6527cd59bab7f0f0?s=96&d=mm&r=g\",\"caption\":\"Staff\"},\"url\":\"https:\\\/\\\/www.bbmnoticias.com\\\/labravaradiofm\\\/author\\\/redaccion\\\/\"}]}<\/script>\n<!-- \/ Yoast SEO plugin. -->","yoast_head_json":{"title":"Llega el Tequio Bienestar a la Sierra de Flores Mag\u00f3n - LA BRAVA RADIO","robots":{"index":"index","follow":"follow","max-snippet":"max-snippet:-1","max-image-preview":"max-image-preview:large","max-video-preview":"max-video-preview:-1"},"canonical":"https:\/\/www.bbmnoticias.com\/labravaradiofm\/2023\/03\/26\/llega-el-tequio-bienestar-a-la-sierra-de-flores-magon\/","og_locale":"es_MX","og_type":"article","og_title":"Llega el Tequio Bienestar a la Sierra de Flores Mag\u00f3n - LA BRAVA RADIO","og_description":"San Antonio Nanahuat\u00edpam, Oax. 26 de marzo de 2023. Personal de la Secretar\u00eda de Bienestar, Tequio e Inclusi\u00f3n (Sebienti) encabezados por su titular, Laura Estrada Mauro, en coordinaci\u00f3n con la autoridad municipal y la poblaci\u00f3n de este municipio realizaron acciones de limpieza y rescate a orillas del r\u00edo, ubicado en el Distrito de Teotitl\u00e1n. A [&hellip;]","og_url":"https:\/\/www.bbmnoticias.com\/labravaradiofm\/2023\/03\/26\/llega-el-tequio-bienestar-a-la-sierra-de-flores-magon\/","og_site_name":"LA BRAVA RADIO","article_published_time":"2023-03-27T01:20:34+00:00","article_modified_time":"2023-03-27T01:20:35+00:00","og_image":[{"width":800,"height":450,"url":"https:\/\/www.bbmnoticias.com\/labravaradiofm\/wp-content\/uploads\/sites\/5\/2023\/03\/teqio-bienestar01.jpg","type":"image\/jpeg"}],"author":"Staff","twitter_card":"summary_large_image","twitter_misc":{"Escrito por":"Staff","Tiempo de lectura":"2 minutos"},"schema":{"@context":"https:\/\/schema.org","@graph":[{"@type":"Article","@id":"https:\/\/www.bbmnoticias.com\/labravaradiofm\/2023\/03\/26\/llega-el-tequio-bienestar-a-la-sierra-de-flores-magon\/#article","isPartOf":{"@id":"https:\/\/www.bbmnoticias.com\/labravaradiofm\/2023\/03\/26\/llega-el-tequio-bienestar-a-la-sierra-de-flores-magon\/"},"author":{"name":"Staff","@id":"https:\/\/www.bbmnoticias.com\/labravaradiofm\/#\/schema\/person\/68a9e9036ef3c5b55aeb2b71dc8bab45"},"headline":"Llega el Tequio Bienestar a la Sierra de Flores Mag\u00f3n","datePublished":"2023-03-27T01:20:34+00:00","dateModified":"2023-03-27T01:20:35+00:00","mainEntityOfPage":{"@id":"https:\/\/www.bbmnoticias.com\/labravaradiofm\/2023\/03\/26\/llega-el-tequio-bienestar-a-la-sierra-de-flores-magon\/"},"wordCount":374,"image":{"@id":"https:\/\/www.bbmnoticias.com\/labravaradiofm\/2023\/03\/26\/llega-el-tequio-bienestar-a-la-sierra-de-flores-magon\/#primaryimage"},"thumbnailUrl":"https:\/\/www.bbmnoticias.com\/labravaradiofm\/wp-content\/uploads\/sites\/5\/2023\/03\/teqio-bienestar01.jpg","articleSection":["LOCAL"],"inLanguage":"es"},{"@type":"WebPage","@id":"https:\/\/www.bbmnoticias.com\/labravaradiofm\/2023\/03\/26\/llega-el-tequio-bienestar-a-la-sierra-de-flores-magon\/","url":"https:\/\/www.bbmnoticias.com\/labravaradiofm\/2023\/03\/26\/llega-el-tequio-bienestar-a-la-sierra-de-flores-magon\/","name":"Llega el Tequio Bienestar a la Sierra de Flores Mag\u00f3n - LA BRAVA RADIO","isPartOf":{"@id":"https:\/\/www.bbmnoticias.com\/labravaradiofm\/#website"},"primaryImageOfPage":{"@id":"https:\/\/www.bbmnoticias.com\/labravaradiofm\/2023\/03\/26\/llega-el-tequio-bienestar-a-la-sierra-de-flores-magon\/#primaryimage"},"image":{"@id":"https:\/\/www.bbmnoticias.com\/labravaradiofm\/2023\/03\/26\/llega-el-tequio-bienestar-a-la-sierra-de-flores-magon\/#primaryimage"},"thumbnailUrl":"https:\/\/www.bbmnoticias.com\/labravaradiofm\/wp-content\/uploads\/sites\/5\/2023\/03\/teqio-bienestar01.jpg","datePublished":"2023-03-27T01:20:34+00:00","dateModified":"2023-03-27T01:20:35+00:00","author":{"@id":"https:\/\/www.bbmnoticias.com\/labravaradiofm\/#\/schema\/person\/68a9e9036ef3c5b55aeb2b71dc8bab45"},"breadcrumb":{"@id":"https:\/\/www.bbmnoticias.com\/labravaradiofm\/2023\/03\/26\/llega-el-tequio-bienestar-a-la-sierra-de-flores-magon\/#breadcrumb"},"inLanguage":"es","potentialAction":[{"@type":"ReadAction","target":["https:\/\/www.bbmnoticias.com\/labravaradiofm\/2023\/03\/26\/llega-el-tequio-bienestar-a-la-sierra-de-flores-magon\/"]}]},{"@type":"ImageObject","inLanguage":"es","@id":"https:\/\/www.bbmnoticias.com\/labravaradiofm\/2023\/03\/26\/llega-el-tequio-bienestar-a-la-sierra-de-flores-magon\/#primaryimage","url":"https:\/\/www.bbmnoticias.com\/labravaradiofm\/wp-content\/uploads\/sites\/5\/2023\/03\/teqio-bienestar01.jpg","contentUrl":"https:\/\/www.bbmnoticias.com\/labravaradiofm\/wp-content\/uploads\/sites\/5\/2023\/03\/teqio-bienestar01.jpg","width":800,"height":450},{"@type":"BreadcrumbList","@id":"https:\/\/www.bbmnoticias.com\/labravaradiofm\/2023\/03\/26\/llega-el-tequio-bienestar-a-la-sierra-de-flores-magon\/#breadcrumb","itemListElement":[{"@type":"ListItem","position":1,"name":"Inicio","item":"https:\/\/www.bbmnoticias.com\/labravaradiofm\/"},{"@type":"ListItem","position":2,"name":"Llega el Tequio Bienestar a la Sierra de Flores Mag\u00f3n"}]},{"@type":"WebSite","@id":"https:\/\/www.bbmnoticias.com\/labravaradiofm\/#website","url":"https:\/\/www.bbmnoticias.com\/labravaradiofm\/","name":"LA BRAVA RADIO","description":"Empresa productora de medios, Radiodifusi\u00f3n, Noticias, tendencias y todo lo que necesitas saber de la pol\u00edtica mexicana e internacional; entretenimiento, espect\u00e1culos, salud y mucho m\u00e1s.","potentialAction":[{"@type":"SearchAction","target":{"@type":"EntryPoint","urlTemplate":"https:\/\/www.bbmnoticias.com\/labravaradiofm\/?s={search_term_string}"},"query-input":{"@type":"PropertyValueSpecification","valueRequired":true,"valueName":"search_term_string"}}],"inLanguage":"es"},{"@type":"Person","@id":"https:\/\/www.bbmnoticias.com\/labravaradiofm\/#\/schema\/person\/68a9e9036ef3c5b55aeb2b71dc8bab45","name":"Staff","image":{"@type":"ImageObject","inLanguage":"es","@id":"https:\/\/secure.gravatar.com\/avatar\/fdd21ad66fd8b98c407f9dee5b5e588cfe7f0d8579ec20fa6527cd59bab7f0f0?s=96&d=mm&r=g","url":"https:\/\/secure.gravatar.com\/avatar\/fdd21ad66fd8b98c407f9dee5b5e588cfe7f0d8579ec20fa6527cd59bab7f0f0?s=96&d=mm&r=g","contentUrl":"https:\/\/secure.gravatar.com\/avatar\/fdd21ad66fd8b98c407f9dee5b5e588cfe7f0d8579ec20fa6527cd59bab7f0f0?s=96&d=mm&r=g","caption":"Staff"},"url":"https:\/\/www.bbmnoticias.com\/labravaradiofm\/author\/redaccion\/"}]}},"_links":{"self":[{"href":"https:\/\/www.bbmnoticias.com\/labravaradiofm\/wp-json\/wp\/v2\/posts\/25440","targetHints":{"allow":["GET"]}}],"collection":[{"href":"https:\/\/www.bbmnoticias.com\/labravaradiofm\/wp-json\/wp\/v2\/posts"}],"about":[{"href":"https:\/\/www.bbmnoticias.com\/labravaradiofm\/wp-json\/wp\/v2\/types\/post"}],"author":[{"embeddable":true,"href":"https:\/\/www.bbmnoticias.com\/labravaradiofm\/wp-json\/wp\/v2\/users\/2"}],"replies":[{"embeddable":true,"href":"https:\/\/www.bbmnoticias.com\/labravaradiofm\/wp-json\/wp\/v2\/comments?post=25440"}],"version-history":[{"count":0,"href":"https:\/\/www.bbmnoticias.com\/labravaradiofm\/wp-json\/wp\/v2\/posts\/25440\/revisions"}],"wp:featuredmedia":[{"embeddable":true,"href":"https:\/\/www.bbmnoticias.com\/labravaradiofm\/wp-json\/wp\/v2\/media\/25441"}],"wp:attachment":[{"href":"https:\/\/www.bbmnoticias.com\/labravaradiofm\/wp-json\/wp\/v2\/media?parent=25440"}],"wp:term":[{"taxonomy":"category","embeddable":true,"href":"https:\/\/www.bbmnoticias.com\/labravaradiofm\/wp-json\/wp\/v2\/categories?post=25440"},{"taxonomy":"post_tag","embeddable":true,"href":"https:\/\/www.bbmnoticias.com\/labravaradiofm\/wp-json\/wp\/v2\/tags?post=25440"}],"curies":[{"name":"wp","href":"https:\/\/api.w.org\/{rel}","templated":true}]}}