{"id":25424,"date":"2023-03-25T20:24:24","date_gmt":"2023-03-26T02:24:24","guid":{"rendered":"https:\/\/www.bbmnoticias.com\/labravaradiofm\/?p=25424"},"modified":"2023-03-25T20:24:25","modified_gmt":"2023-03-26T02:24:25","slug":"tras-freno-de-la-corte-al-plan-b-amlo-se-lanza-en-su-contra-son-parte-de-la-mafia-del-poder-y-partidarios-de-la-oligarquia","status":"publish","type":"post","link":"https:\/\/www.bbmnoticias.com\/labravaradiofm\/2023\/03\/25\/tras-freno-de-la-corte-al-plan-b-amlo-se-lanza-en-su-contra-son-parte-de-la-mafia-del-poder-y-partidarios-de-la-oligarquia\/","title":{"rendered":"Tras freno de la Corte al Plan B, AMLO se lanza en su contra: \u201cSon parte de la mafia del poder y partidarios de la oligarqu\u00eda\u201d"},"content":{"rendered":"<div style=\"margin-top: 0px; margin-bottom: 0px;\" class=\"sharethis-inline-share-buttons\" ><\/div>\n<p>Luego que ayer por la noche el ministro de la <strong>Suprema Corte de Justicia de la Naci\u00f3n (SCJN) <\/strong>Javier Laynez Potisek admiti\u00f3 la controversia constitucional que interpuso el INE en contra del Plan B de la reforma electoral y que la frena por el momento, el presidente <strong>Andr\u00e9s Manuel L\u00f3pez Obrador <\/strong>se lanz\u00f3 en contra del M\u00e1ximo Tribunal y lo acus\u00f3 de ser parte de la \u201cmafia del poder\u201d y de ser partidarios de lo oligarqu\u00eda.<\/p>\n\n\n\n<p>En breve entrevista con medios al iniciar su gira de supervisi\u00f3n del <strong>Tren Maya<\/strong> por Quintana Roo, el jefe del Ejecutivo federal asegur\u00f3 en forma sarc\u00e1stica que \u201clos distinguidos miembros&#8221; del Poder Judicial y del INE est\u00e1n en contra de su reforma electoral porque quieren seguir ganando sueldos elevados, pues &#8220;su \u00fanico dios es el dinero&#8221; y ese es, afirm\u00f3, el fondo del asunto.<\/p>\n\n\n\n<p>\u201cEs la misma mafia, son iguales que <strong>Ciro (Murayama<\/strong>, consejero del INE, que Claudio X. Gonz\u00e1lez, que los conservadores que no quieren que haya democracia, porque ellos son partidarios de la oligarqu\u00eda, no de la democracia. \u00bfSaben qu\u00e9 es la oligarqu\u00eda? Es el gobierno de los ricos y la democracia es el gobierno del pueblo. Entonces ellos no quieren al gobierno del pueblo, entonces por eso no quieren la reforma electoral, eso es lo que est\u00e1 sucediendo.<\/p>\n\n\n\n<p>\u201cPero adem\u00e1s, los distinguidos miembros del Poder Judicial y de INE ganan m\u00e1s que lo que gana el Presidente de la Rep\u00fablica. Entonces como la ley lo que busca es reducir los sueldos elevadis\u00edmos, de los consejeros y de los jueces, magistrados, ministros de la Corte, pues no quieren porque ellos tiene como dios al dinero, su \u00fanico dios es el dinero. Ese es el fondo del asunto\u201d, dijo.<\/p>\n\n\n\n<p>Ayer, el ministro de la SCJN, <strong>Javier Laynez Potisek<\/strong> admiti\u00f3 la controversia constitucional que interpuso el Instituto Nacional Electoral (INE) en contra del Plan B de la reforma electoral y concedi\u00f3 la suspensi\u00f3n solicitada por el organismo, que frena por el momento la reforma.<\/p>\n\n\n\n<p>La suspensi\u00f3n decretada es para el efecto de que las cosas se mantengan en el estado en el que hoy se encuentran y rijan las disposiciones vigentes antes de la publicaci\u00f3n de reformas a diversas disposiciones de la Ley General de Instituciones y Procedimientos Electorales, de la Ley General de Partidos Pol\u00edticos, de la Ley Org\u00e1nica del Poder Judicial de la Federaci\u00f3n, y que expiden una nueva Ley General de los Medios de Impugnaci\u00f3n en Materia Electoral.<\/p>\n","protected":false},"excerpt":{"rendered":"<p>Luego que ayer por la noche el ministro de la Suprema Corte de Justicia de la Naci\u00f3n (SCJN) Javier Laynez Potisek admiti\u00f3 la controversia constitucional que interpuso el INE en contra del Plan B de la reforma electoral y que la frena por el momento, el presidente Andr\u00e9s Manuel L\u00f3pez Obrador se lanz\u00f3 en contra [&hellip;]<\/p>\n","protected":false},"author":2,"featured_media":25425,"comment_status":"closed","ping_status":"closed","sticky":false,"template":"","format":"standard","meta":{"footnotes":""},"categories":[19],"tags":[],"class_list":{"0":"post-25424","1":"post","2":"type-post","3":"status-publish","4":"format-standard","5":"has-post-thumbnail","7":"category-nacional"},"yoast_head":"<!-- This site is optimized with the Yoast SEO plugin v27.4 - https:\/\/yoast.com\/product\/yoast-seo-wordpress\/ -->\n<title>Tras freno de la Corte al Plan B, AMLO se lanza en su contra: \u201cSon parte de la mafia del poder y partidarios de la oligarqu\u00eda\u201d - LA BRAVA RADIO<\/title>\n<meta name=\"robots\" content=\"index, follow, max-snippet:-1, max-image-preview:large, max-video-preview:-1\" \/>\n<link rel=\"canonical\" href=\"https:\/\/www.bbmnoticias.com\/labravaradiofm\/2023\/03\/25\/tras-freno-de-la-corte-al-plan-b-amlo-se-lanza-en-su-contra-son-parte-de-la-mafia-del-poder-y-partidarios-de-la-oligarquia\/\" \/>\n<meta property=\"og:locale\" content=\"es_MX\" \/>\n<meta property=\"og:type\" content=\"article\" \/>\n<meta property=\"og:title\" content=\"Tras freno de la Corte al Plan B, AMLO se lanza en su contra: \u201cSon parte de la mafia del poder y partidarios de la oligarqu\u00eda\u201d - LA BRAVA RADIO\" \/>\n<meta property=\"og:description\" content=\"Luego que ayer por la noche el ministro de la Suprema Corte de Justicia de la Naci\u00f3n (SCJN) Javier Laynez Potisek admiti\u00f3 la controversia constitucional que interpuso el INE en contra del Plan B de la reforma electoral y que la frena por el momento, el presidente Andr\u00e9s Manuel L\u00f3pez Obrador se lanz\u00f3 en contra [&hellip;]\" \/>\n<meta property=\"og:url\" content=\"https:\/\/www.bbmnoticias.com\/labravaradiofm\/2023\/03\/25\/tras-freno-de-la-corte-al-plan-b-amlo-se-lanza-en-su-contra-son-parte-de-la-mafia-del-poder-y-partidarios-de-la-oligarquia\/\" \/>\n<meta property=\"og:site_name\" content=\"LA BRAVA RADIO\" \/>\n<meta property=\"article:published_time\" content=\"2023-03-26T02:24:24+00:00\" \/>\n<meta property=\"article:modified_time\" content=\"2023-03-26T02:24:25+00:00\" \/>\n<meta property=\"og:image\" content=\"https:\/\/www.bbmnoticias.com\/labravaradiofm\/wp-content\/uploads\/sites\/5\/2023\/03\/amlo.jpg\" \/>\n\t<meta property=\"og:image:width\" content=\"800\" \/>\n\t<meta property=\"og:image:height\" content=\"484\" \/>\n\t<meta property=\"og:image:type\" content=\"image\/jpeg\" \/>\n<meta name=\"author\" content=\"Staff\" \/>\n<meta name=\"twitter:card\" content=\"summary_large_image\" \/>\n<meta name=\"twitter:label1\" content=\"Escrito por\" \/>\n\t<meta name=\"twitter:data1\" content=\"Staff\" \/>\n\t<meta name=\"twitter:label2\" content=\"Tiempo de lectura\" \/>\n\t<meta name=\"twitter:data2\" content=\"2 minutos\" \/>\n<script type=\"application\/ld+json\" class=\"yoast-schema-graph\">{\"@context\":\"https:\\\/\\\/schema.org\",\"@graph\":[{\"@type\":\"Article\",\"@id\":\"https:\\\/\\\/www.bbmnoticias.com\\\/labravaradiofm\\\/2023\\\/03\\\/25\\\/tras-freno-de-la-corte-al-plan-b-amlo-se-lanza-en-su-contra-son-parte-de-la-mafia-del-poder-y-partidarios-de-la-oligarquia\\\/#article\",\"isPartOf\":{\"@id\":\"https:\\\/\\\/www.bbmnoticias.com\\\/labravaradiofm\\\/2023\\\/03\\\/25\\\/tras-freno-de-la-corte-al-plan-b-amlo-se-lanza-en-su-contra-son-parte-de-la-mafia-del-poder-y-partidarios-de-la-oligarquia\\\/\"},\"author\":{\"name\":\"Staff\",\"@id\":\"https:\\\/\\\/www.bbmnoticias.com\\\/labravaradiofm\\\/#\\\/schema\\\/person\\\/68a9e9036ef3c5b55aeb2b71dc8bab45\"},\"headline\":\"Tras freno de la Corte al Plan B, AMLO se lanza en su contra: \u201cSon parte de la mafia del poder y partidarios de la oligarqu\u00eda\u201d\",\"datePublished\":\"2023-03-26T02:24:24+00:00\",\"dateModified\":\"2023-03-26T02:24:25+00:00\",\"mainEntityOfPage\":{\"@id\":\"https:\\\/\\\/www.bbmnoticias.com\\\/labravaradiofm\\\/2023\\\/03\\\/25\\\/tras-freno-de-la-corte-al-plan-b-amlo-se-lanza-en-su-contra-son-parte-de-la-mafia-del-poder-y-partidarios-de-la-oligarquia\\\/\"},\"wordCount\":456,\"image\":{\"@id\":\"https:\\\/\\\/www.bbmnoticias.com\\\/labravaradiofm\\\/2023\\\/03\\\/25\\\/tras-freno-de-la-corte-al-plan-b-amlo-se-lanza-en-su-contra-son-parte-de-la-mafia-del-poder-y-partidarios-de-la-oligarquia\\\/#primaryimage\"},\"thumbnailUrl\":\"https:\\\/\\\/www.bbmnoticias.com\\\/labravaradiofm\\\/wp-content\\\/uploads\\\/sites\\\/5\\\/2023\\\/03\\\/amlo.jpg\",\"articleSection\":[\"NACIONAL\"],\"inLanguage\":\"es\"},{\"@type\":\"WebPage\",\"@id\":\"https:\\\/\\\/www.bbmnoticias.com\\\/labravaradiofm\\\/2023\\\/03\\\/25\\\/tras-freno-de-la-corte-al-plan-b-amlo-se-lanza-en-su-contra-son-parte-de-la-mafia-del-poder-y-partidarios-de-la-oligarquia\\\/\",\"url\":\"https:\\\/\\\/www.bbmnoticias.com\\\/labravaradiofm\\\/2023\\\/03\\\/25\\\/tras-freno-de-la-corte-al-plan-b-amlo-se-lanza-en-su-contra-son-parte-de-la-mafia-del-poder-y-partidarios-de-la-oligarquia\\\/\",\"name\":\"Tras freno de la Corte al Plan B, AMLO se lanza en su contra: \u201cSon parte de la mafia del poder y partidarios de la oligarqu\u00eda\u201d - LA BRAVA RADIO\",\"isPartOf\":{\"@id\":\"https:\\\/\\\/www.bbmnoticias.com\\\/labravaradiofm\\\/#website\"},\"primaryImageOfPage\":{\"@id\":\"https:\\\/\\\/www.bbmnoticias.com\\\/labravaradiofm\\\/2023\\\/03\\\/25\\\/tras-freno-de-la-corte-al-plan-b-amlo-se-lanza-en-su-contra-son-parte-de-la-mafia-del-poder-y-partidarios-de-la-oligarquia\\\/#primaryimage\"},\"image\":{\"@id\":\"https:\\\/\\\/www.bbmnoticias.com\\\/labravaradiofm\\\/2023\\\/03\\\/25\\\/tras-freno-de-la-corte-al-plan-b-amlo-se-lanza-en-su-contra-son-parte-de-la-mafia-del-poder-y-partidarios-de-la-oligarquia\\\/#primaryimage\"},\"thumbnailUrl\":\"https:\\\/\\\/www.bbmnoticias.com\\\/labravaradiofm\\\/wp-content\\\/uploads\\\/sites\\\/5\\\/2023\\\/03\\\/amlo.jpg\",\"datePublished\":\"2023-03-26T02:24:24+00:00\",\"dateModified\":\"2023-03-26T02:24:25+00:00\",\"author\":{\"@id\":\"https:\\\/\\\/www.bbmnoticias.com\\\/labravaradiofm\\\/#\\\/schema\\\/person\\\/68a9e9036ef3c5b55aeb2b71dc8bab45\"},\"breadcrumb\":{\"@id\":\"https:\\\/\\\/www.bbmnoticias.com\\\/labravaradiofm\\\/2023\\\/03\\\/25\\\/tras-freno-de-la-corte-al-plan-b-amlo-se-lanza-en-su-contra-son-parte-de-la-mafia-del-poder-y-partidarios-de-la-oligarquia\\\/#breadcrumb\"},\"inLanguage\":\"es\",\"potentialAction\":[{\"@type\":\"ReadAction\",\"target\":[\"https:\\\/\\\/www.bbmnoticias.com\\\/labravaradiofm\\\/2023\\\/03\\\/25\\\/tras-freno-de-la-corte-al-plan-b-amlo-se-lanza-en-su-contra-son-parte-de-la-mafia-del-poder-y-partidarios-de-la-oligarquia\\\/\"]}]},{\"@type\":\"ImageObject\",\"inLanguage\":\"es\",\"@id\":\"https:\\\/\\\/www.bbmnoticias.com\\\/labravaradiofm\\\/2023\\\/03\\\/25\\\/tras-freno-de-la-corte-al-plan-b-amlo-se-lanza-en-su-contra-son-parte-de-la-mafia-del-poder-y-partidarios-de-la-oligarquia\\\/#primaryimage\",\"url\":\"https:\\\/\\\/www.bbmnoticias.com\\\/labravaradiofm\\\/wp-content\\\/uploads\\\/sites\\\/5\\\/2023\\\/03\\\/amlo.jpg\",\"contentUrl\":\"https:\\\/\\\/www.bbmnoticias.com\\\/labravaradiofm\\\/wp-content\\\/uploads\\\/sites\\\/5\\\/2023\\\/03\\\/amlo.jpg\",\"width\":800,\"height\":484},{\"@type\":\"BreadcrumbList\",\"@id\":\"https:\\\/\\\/www.bbmnoticias.com\\\/labravaradiofm\\\/2023\\\/03\\\/25\\\/tras-freno-de-la-corte-al-plan-b-amlo-se-lanza-en-su-contra-son-parte-de-la-mafia-del-poder-y-partidarios-de-la-oligarquia\\\/#breadcrumb\",\"itemListElement\":[{\"@type\":\"ListItem\",\"position\":1,\"name\":\"Inicio\",\"item\":\"https:\\\/\\\/www.bbmnoticias.com\\\/labravaradiofm\\\/\"},{\"@type\":\"ListItem\",\"position\":2,\"name\":\"Tras freno de la Corte al Plan B, AMLO se lanza en su contra: \u201cSon parte de la mafia del poder y partidarios de la oligarqu\u00eda\u201d\"}]},{\"@type\":\"WebSite\",\"@id\":\"https:\\\/\\\/www.bbmnoticias.com\\\/labravaradiofm\\\/#website\",\"url\":\"https:\\\/\\\/www.bbmnoticias.com\\\/labravaradiofm\\\/\",\"name\":\"LA BRAVA RADIO\",\"description\":\"Empresa productora de medios, Radiodifusi\u00f3n, Noticias, tendencias y todo lo que necesitas saber de la pol\u00edtica mexicana e internacional; entretenimiento, espect\u00e1culos, salud y mucho m\u00e1s.\",\"potentialAction\":[{\"@type\":\"SearchAction\",\"target\":{\"@type\":\"EntryPoint\",\"urlTemplate\":\"https:\\\/\\\/www.bbmnoticias.com\\\/labravaradiofm\\\/?s={search_term_string}\"},\"query-input\":{\"@type\":\"PropertyValueSpecification\",\"valueRequired\":true,\"valueName\":\"search_term_string\"}}],\"inLanguage\":\"es\"},{\"@type\":\"Person\",\"@id\":\"https:\\\/\\\/www.bbmnoticias.com\\\/labravaradiofm\\\/#\\\/schema\\\/person\\\/68a9e9036ef3c5b55aeb2b71dc8bab45\",\"name\":\"Staff\",\"image\":{\"@type\":\"ImageObject\",\"inLanguage\":\"es\",\"@id\":\"https:\\\/\\\/secure.gravatar.com\\\/avatar\\\/fdd21ad66fd8b98c407f9dee5b5e588cfe7f0d8579ec20fa6527cd59bab7f0f0?s=96&d=mm&r=g\",\"url\":\"https:\\\/\\\/secure.gravatar.com\\\/avatar\\\/fdd21ad66fd8b98c407f9dee5b5e588cfe7f0d8579ec20fa6527cd59bab7f0f0?s=96&d=mm&r=g\",\"contentUrl\":\"https:\\\/\\\/secure.gravatar.com\\\/avatar\\\/fdd21ad66fd8b98c407f9dee5b5e588cfe7f0d8579ec20fa6527cd59bab7f0f0?s=96&d=mm&r=g\",\"caption\":\"Staff\"},\"url\":\"https:\\\/\\\/www.bbmnoticias.com\\\/labravaradiofm\\\/author\\\/redaccion\\\/\"}]}<\/script>\n<!-- \/ Yoast SEO plugin. -->","yoast_head_json":{"title":"Tras freno de la Corte al Plan B, AMLO se lanza en su contra: \u201cSon parte de la mafia del poder y partidarios de la oligarqu\u00eda\u201d - LA BRAVA RADIO","robots":{"index":"index","follow":"follow","max-snippet":"max-snippet:-1","max-image-preview":"max-image-preview:large","max-video-preview":"max-video-preview:-1"},"canonical":"https:\/\/www.bbmnoticias.com\/labravaradiofm\/2023\/03\/25\/tras-freno-de-la-corte-al-plan-b-amlo-se-lanza-en-su-contra-son-parte-de-la-mafia-del-poder-y-partidarios-de-la-oligarquia\/","og_locale":"es_MX","og_type":"article","og_title":"Tras freno de la Corte al Plan B, AMLO se lanza en su contra: \u201cSon parte de la mafia del poder y partidarios de la oligarqu\u00eda\u201d - LA BRAVA RADIO","og_description":"Luego que ayer por la noche el ministro de la Suprema Corte de Justicia de la Naci\u00f3n (SCJN) Javier Laynez Potisek admiti\u00f3 la controversia constitucional que interpuso el INE en contra del Plan B de la reforma electoral y que la frena por el momento, el presidente Andr\u00e9s Manuel L\u00f3pez Obrador se lanz\u00f3 en contra [&hellip;]","og_url":"https:\/\/www.bbmnoticias.com\/labravaradiofm\/2023\/03\/25\/tras-freno-de-la-corte-al-plan-b-amlo-se-lanza-en-su-contra-son-parte-de-la-mafia-del-poder-y-partidarios-de-la-oligarquia\/","og_site_name":"LA BRAVA RADIO","article_published_time":"2023-03-26T02:24:24+00:00","article_modified_time":"2023-03-26T02:24:25+00:00","og_image":[{"width":800,"height":484,"url":"https:\/\/www.bbmnoticias.com\/labravaradiofm\/wp-content\/uploads\/sites\/5\/2023\/03\/amlo.jpg","type":"image\/jpeg"}],"author":"Staff","twitter_card":"summary_large_image","twitter_misc":{"Escrito por":"Staff","Tiempo de lectura":"2 minutos"},"schema":{"@context":"https:\/\/schema.org","@graph":[{"@type":"Article","@id":"https:\/\/www.bbmnoticias.com\/labravaradiofm\/2023\/03\/25\/tras-freno-de-la-corte-al-plan-b-amlo-se-lanza-en-su-contra-son-parte-de-la-mafia-del-poder-y-partidarios-de-la-oligarquia\/#article","isPartOf":{"@id":"https:\/\/www.bbmnoticias.com\/labravaradiofm\/2023\/03\/25\/tras-freno-de-la-corte-al-plan-b-amlo-se-lanza-en-su-contra-son-parte-de-la-mafia-del-poder-y-partidarios-de-la-oligarquia\/"},"author":{"name":"Staff","@id":"https:\/\/www.bbmnoticias.com\/labravaradiofm\/#\/schema\/person\/68a9e9036ef3c5b55aeb2b71dc8bab45"},"headline":"Tras freno de la Corte al Plan B, AMLO se lanza en su contra: \u201cSon parte de la mafia del poder y partidarios de la oligarqu\u00eda\u201d","datePublished":"2023-03-26T02:24:24+00:00","dateModified":"2023-03-26T02:24:25+00:00","mainEntityOfPage":{"@id":"https:\/\/www.bbmnoticias.com\/labravaradiofm\/2023\/03\/25\/tras-freno-de-la-corte-al-plan-b-amlo-se-lanza-en-su-contra-son-parte-de-la-mafia-del-poder-y-partidarios-de-la-oligarquia\/"},"wordCount":456,"image":{"@id":"https:\/\/www.bbmnoticias.com\/labravaradiofm\/2023\/03\/25\/tras-freno-de-la-corte-al-plan-b-amlo-se-lanza-en-su-contra-son-parte-de-la-mafia-del-poder-y-partidarios-de-la-oligarquia\/#primaryimage"},"thumbnailUrl":"https:\/\/www.bbmnoticias.com\/labravaradiofm\/wp-content\/uploads\/sites\/5\/2023\/03\/amlo.jpg","articleSection":["NACIONAL"],"inLanguage":"es"},{"@type":"WebPage","@id":"https:\/\/www.bbmnoticias.com\/labravaradiofm\/2023\/03\/25\/tras-freno-de-la-corte-al-plan-b-amlo-se-lanza-en-su-contra-son-parte-de-la-mafia-del-poder-y-partidarios-de-la-oligarquia\/","url":"https:\/\/www.bbmnoticias.com\/labravaradiofm\/2023\/03\/25\/tras-freno-de-la-corte-al-plan-b-amlo-se-lanza-en-su-contra-son-parte-de-la-mafia-del-poder-y-partidarios-de-la-oligarquia\/","name":"Tras freno de la Corte al Plan B, AMLO se lanza en su contra: \u201cSon parte de la mafia del poder y partidarios de la oligarqu\u00eda\u201d - LA BRAVA RADIO","isPartOf":{"@id":"https:\/\/www.bbmnoticias.com\/labravaradiofm\/#website"},"primaryImageOfPage":{"@id":"https:\/\/www.bbmnoticias.com\/labravaradiofm\/2023\/03\/25\/tras-freno-de-la-corte-al-plan-b-amlo-se-lanza-en-su-contra-son-parte-de-la-mafia-del-poder-y-partidarios-de-la-oligarquia\/#primaryimage"},"image":{"@id":"https:\/\/www.bbmnoticias.com\/labravaradiofm\/2023\/03\/25\/tras-freno-de-la-corte-al-plan-b-amlo-se-lanza-en-su-contra-son-parte-de-la-mafia-del-poder-y-partidarios-de-la-oligarquia\/#primaryimage"},"thumbnailUrl":"https:\/\/www.bbmnoticias.com\/labravaradiofm\/wp-content\/uploads\/sites\/5\/2023\/03\/amlo.jpg","datePublished":"2023-03-26T02:24:24+00:00","dateModified":"2023-03-26T02:24:25+00:00","author":{"@id":"https:\/\/www.bbmnoticias.com\/labravaradiofm\/#\/schema\/person\/68a9e9036ef3c5b55aeb2b71dc8bab45"},"breadcrumb":{"@id":"https:\/\/www.bbmnoticias.com\/labravaradiofm\/2023\/03\/25\/tras-freno-de-la-corte-al-plan-b-amlo-se-lanza-en-su-contra-son-parte-de-la-mafia-del-poder-y-partidarios-de-la-oligarquia\/#breadcrumb"},"inLanguage":"es","potentialAction":[{"@type":"ReadAction","target":["https:\/\/www.bbmnoticias.com\/labravaradiofm\/2023\/03\/25\/tras-freno-de-la-corte-al-plan-b-amlo-se-lanza-en-su-contra-son-parte-de-la-mafia-del-poder-y-partidarios-de-la-oligarquia\/"]}]},{"@type":"ImageObject","inLanguage":"es","@id":"https:\/\/www.bbmnoticias.com\/labravaradiofm\/2023\/03\/25\/tras-freno-de-la-corte-al-plan-b-amlo-se-lanza-en-su-contra-son-parte-de-la-mafia-del-poder-y-partidarios-de-la-oligarquia\/#primaryimage","url":"https:\/\/www.bbmnoticias.com\/labravaradiofm\/wp-content\/uploads\/sites\/5\/2023\/03\/amlo.jpg","contentUrl":"https:\/\/www.bbmnoticias.com\/labravaradiofm\/wp-content\/uploads\/sites\/5\/2023\/03\/amlo.jpg","width":800,"height":484},{"@type":"BreadcrumbList","@id":"https:\/\/www.bbmnoticias.com\/labravaradiofm\/2023\/03\/25\/tras-freno-de-la-corte-al-plan-b-amlo-se-lanza-en-su-contra-son-parte-de-la-mafia-del-poder-y-partidarios-de-la-oligarquia\/#breadcrumb","itemListElement":[{"@type":"ListItem","position":1,"name":"Inicio","item":"https:\/\/www.bbmnoticias.com\/labravaradiofm\/"},{"@type":"ListItem","position":2,"name":"Tras freno de la Corte al Plan B, AMLO se lanza en su contra: \u201cSon parte de la mafia del poder y partidarios de la oligarqu\u00eda\u201d"}]},{"@type":"WebSite","@id":"https:\/\/www.bbmnoticias.com\/labravaradiofm\/#website","url":"https:\/\/www.bbmnoticias.com\/labravaradiofm\/","name":"LA BRAVA RADIO","description":"Empresa productora de medios, Radiodifusi\u00f3n, Noticias, tendencias y todo lo que necesitas saber de la pol\u00edtica mexicana e internacional; entretenimiento, espect\u00e1culos, salud y mucho m\u00e1s.","potentialAction":[{"@type":"SearchAction","target":{"@type":"EntryPoint","urlTemplate":"https:\/\/www.bbmnoticias.com\/labravaradiofm\/?s={search_term_string}"},"query-input":{"@type":"PropertyValueSpecification","valueRequired":true,"valueName":"search_term_string"}}],"inLanguage":"es"},{"@type":"Person","@id":"https:\/\/www.bbmnoticias.com\/labravaradiofm\/#\/schema\/person\/68a9e9036ef3c5b55aeb2b71dc8bab45","name":"Staff","image":{"@type":"ImageObject","inLanguage":"es","@id":"https:\/\/secure.gravatar.com\/avatar\/fdd21ad66fd8b98c407f9dee5b5e588cfe7f0d8579ec20fa6527cd59bab7f0f0?s=96&d=mm&r=g","url":"https:\/\/secure.gravatar.com\/avatar\/fdd21ad66fd8b98c407f9dee5b5e588cfe7f0d8579ec20fa6527cd59bab7f0f0?s=96&d=mm&r=g","contentUrl":"https:\/\/secure.gravatar.com\/avatar\/fdd21ad66fd8b98c407f9dee5b5e588cfe7f0d8579ec20fa6527cd59bab7f0f0?s=96&d=mm&r=g","caption":"Staff"},"url":"https:\/\/www.bbmnoticias.com\/labravaradiofm\/author\/redaccion\/"}]}},"_links":{"self":[{"href":"https:\/\/www.bbmnoticias.com\/labravaradiofm\/wp-json\/wp\/v2\/posts\/25424","targetHints":{"allow":["GET"]}}],"collection":[{"href":"https:\/\/www.bbmnoticias.com\/labravaradiofm\/wp-json\/wp\/v2\/posts"}],"about":[{"href":"https:\/\/www.bbmnoticias.com\/labravaradiofm\/wp-json\/wp\/v2\/types\/post"}],"author":[{"embeddable":true,"href":"https:\/\/www.bbmnoticias.com\/labravaradiofm\/wp-json\/wp\/v2\/users\/2"}],"replies":[{"embeddable":true,"href":"https:\/\/www.bbmnoticias.com\/labravaradiofm\/wp-json\/wp\/v2\/comments?post=25424"}],"version-history":[{"count":0,"href":"https:\/\/www.bbmnoticias.com\/labravaradiofm\/wp-json\/wp\/v2\/posts\/25424\/revisions"}],"wp:featuredmedia":[{"embeddable":true,"href":"https:\/\/www.bbmnoticias.com\/labravaradiofm\/wp-json\/wp\/v2\/media\/25425"}],"wp:attachment":[{"href":"https:\/\/www.bbmnoticias.com\/labravaradiofm\/wp-json\/wp\/v2\/media?parent=25424"}],"wp:term":[{"taxonomy":"category","embeddable":true,"href":"https:\/\/www.bbmnoticias.com\/labravaradiofm\/wp-json\/wp\/v2\/categories?post=25424"},{"taxonomy":"post_tag","embeddable":true,"href":"https:\/\/www.bbmnoticias.com\/labravaradiofm\/wp-json\/wp\/v2\/tags?post=25424"}],"curies":[{"name":"wp","href":"https:\/\/api.w.org\/{rel}","templated":true}]}}