{"id":25159,"date":"2023-03-20T13:06:24","date_gmt":"2023-03-20T19:06:24","guid":{"rendered":"https:\/\/www.bbmnoticias.com\/labravaradiofm\/?p=25159"},"modified":"2023-03-20T13:06:25","modified_gmt":"2023-03-20T19:06:25","slug":"hallan-6-cuerpos-calcinados-en-dos-autos-tras-balacera-en-puebla","status":"publish","type":"post","link":"https:\/\/www.bbmnoticias.com\/labravaradiofm\/2023\/03\/20\/hallan-6-cuerpos-calcinados-en-dos-autos-tras-balacera-en-puebla\/","title":{"rendered":"Hallan 6 cuerpos calcinados en dos autos, tras balacera en Puebla"},"content":{"rendered":"<div style=\"margin-top: 0px; margin-bottom: 0px;\" class=\"sharethis-inline-share-buttons\" ><\/div>\n<p>Seis cad\u00e1veres calcinados fueron encontrados en el interior de dos autom\u00f3viles incendiados en Huachinantla, comunidad de Jolalpan, municipio de la regi\u00f3n Mixteca de esta entidad y colindante con los estados de Guerrero y Oaxaca.<\/p>\n\n\n\n<p>Los cuerpos sin vida fueron descubiertos despu\u00e9s de que los vecinos denunciaron a los n\u00fameros telef\u00f3nicos de emergencia sobre una balacera en el lugar, por lo que se presume un multihomicidio a balazos, antes de iniciar el fuego.<\/p>\n\n\n\n<p>Hasta el momento, no hay una clara conclusi\u00f3n sobre el m\u00f3vil de este crimen; sin embargo, por las caracter\u00edsticas de este delito, una de las l\u00edneas de investigaci\u00f3n m\u00e1s confiable ser\u00e1 el ajuste de cuentas entre grupos criminales que se disputan la zona.<\/p>\n\n\n\n<p>Personal de la Fiscal\u00eda General del Estado (FGE) realiz\u00f3 las diligencias de levantamiento de cad\u00e1ver, sin que se hayan revelado identidades y sexos, como tampoco si perdieron la vida antes de la conflagraci\u00f3n, hasta que se realicen las autopsias.<\/p>\n","protected":false},"excerpt":{"rendered":"<p>Seis cad\u00e1veres calcinados fueron encontrados en el interior de dos autom\u00f3viles incendiados en Huachinantla, comunidad de Jolalpan, municipio de la regi\u00f3n Mixteca de esta entidad y colindante con los estados de Guerrero y Oaxaca. Los cuerpos sin vida fueron descubiertos despu\u00e9s de que los vecinos denunciaron a los n\u00fameros telef\u00f3nicos de emergencia sobre una balacera [&hellip;]<\/p>\n","protected":false},"author":8,"featured_media":25160,"comment_status":"closed","ping_status":"closed","sticky":false,"template":"","format":"standard","meta":{"footnotes":""},"categories":[19],"tags":[],"class_list":{"0":"post-25159","1":"post","2":"type-post","3":"status-publish","4":"format-standard","5":"has-post-thumbnail","7":"category-nacional"},"yoast_head":"<!-- This site is optimized with the Yoast SEO plugin v27.4 - https:\/\/yoast.com\/product\/yoast-seo-wordpress\/ -->\n<title>Hallan 6 cuerpos calcinados en dos autos, tras balacera en Puebla - LA BRAVA RADIO<\/title>\n<meta name=\"robots\" content=\"index, follow, max-snippet:-1, max-image-preview:large, max-video-preview:-1\" \/>\n<link rel=\"canonical\" href=\"https:\/\/www.bbmnoticias.com\/labravaradiofm\/2023\/03\/20\/hallan-6-cuerpos-calcinados-en-dos-autos-tras-balacera-en-puebla\/\" \/>\n<meta property=\"og:locale\" content=\"es_MX\" \/>\n<meta property=\"og:type\" content=\"article\" \/>\n<meta property=\"og:title\" content=\"Hallan 6 cuerpos calcinados en dos autos, tras balacera en Puebla - LA BRAVA RADIO\" \/>\n<meta property=\"og:description\" content=\"Seis cad\u00e1veres calcinados fueron encontrados en el interior de dos autom\u00f3viles incendiados en Huachinantla, comunidad de Jolalpan, municipio de la regi\u00f3n Mixteca de esta entidad y colindante con los estados de Guerrero y Oaxaca. Los cuerpos sin vida fueron descubiertos despu\u00e9s de que los vecinos denunciaron a los n\u00fameros telef\u00f3nicos de emergencia sobre una balacera [&hellip;]\" \/>\n<meta property=\"og:url\" content=\"https:\/\/www.bbmnoticias.com\/labravaradiofm\/2023\/03\/20\/hallan-6-cuerpos-calcinados-en-dos-autos-tras-balacera-en-puebla\/\" \/>\n<meta property=\"og:site_name\" content=\"LA BRAVA RADIO\" \/>\n<meta property=\"article:published_time\" content=\"2023-03-20T19:06:24+00:00\" \/>\n<meta property=\"article:modified_time\" content=\"2023-03-20T19:06:25+00:00\" \/>\n<meta property=\"og:image\" content=\"https:\/\/www.bbmnoticias.com\/labravaradiofm\/wp-content\/uploads\/sites\/5\/2023\/03\/puebla-calcinados.jpg\" \/>\n\t<meta property=\"og:image:width\" content=\"800\" \/>\n\t<meta property=\"og:image:height\" content=\"600\" \/>\n\t<meta property=\"og:image:type\" content=\"image\/jpeg\" \/>\n<meta name=\"author\" content=\"Exc\u00e9lsior\" \/>\n<meta name=\"twitter:card\" content=\"summary_large_image\" \/>\n<meta name=\"twitter:label1\" content=\"Escrito por\" \/>\n\t<meta name=\"twitter:data1\" content=\"Exc\u00e9lsior\" \/>\n\t<meta name=\"twitter:label2\" content=\"Tiempo de lectura\" \/>\n\t<meta name=\"twitter:data2\" content=\"1 minuto\" \/>\n<script type=\"application\/ld+json\" class=\"yoast-schema-graph\">{\"@context\":\"https:\\\/\\\/schema.org\",\"@graph\":[{\"@type\":\"Article\",\"@id\":\"https:\\\/\\\/www.bbmnoticias.com\\\/labravaradiofm\\\/2023\\\/03\\\/20\\\/hallan-6-cuerpos-calcinados-en-dos-autos-tras-balacera-en-puebla\\\/#article\",\"isPartOf\":{\"@id\":\"https:\\\/\\\/www.bbmnoticias.com\\\/labravaradiofm\\\/2023\\\/03\\\/20\\\/hallan-6-cuerpos-calcinados-en-dos-autos-tras-balacera-en-puebla\\\/\"},\"author\":{\"name\":\"Exc\u00e9lsior\",\"@id\":\"https:\\\/\\\/www.bbmnoticias.com\\\/labravaradiofm\\\/#\\\/schema\\\/person\\\/279575048ab2ce30543ef887b4b9095f\"},\"headline\":\"Hallan 6 cuerpos calcinados en dos autos, tras balacera en Puebla\",\"datePublished\":\"2023-03-20T19:06:24+00:00\",\"dateModified\":\"2023-03-20T19:06:25+00:00\",\"mainEntityOfPage\":{\"@id\":\"https:\\\/\\\/www.bbmnoticias.com\\\/labravaradiofm\\\/2023\\\/03\\\/20\\\/hallan-6-cuerpos-calcinados-en-dos-autos-tras-balacera-en-puebla\\\/\"},\"wordCount\":179,\"image\":{\"@id\":\"https:\\\/\\\/www.bbmnoticias.com\\\/labravaradiofm\\\/2023\\\/03\\\/20\\\/hallan-6-cuerpos-calcinados-en-dos-autos-tras-balacera-en-puebla\\\/#primaryimage\"},\"thumbnailUrl\":\"https:\\\/\\\/www.bbmnoticias.com\\\/labravaradiofm\\\/wp-content\\\/uploads\\\/sites\\\/5\\\/2023\\\/03\\\/puebla-calcinados.jpg\",\"articleSection\":[\"NACIONAL\"],\"inLanguage\":\"es\"},{\"@type\":\"WebPage\",\"@id\":\"https:\\\/\\\/www.bbmnoticias.com\\\/labravaradiofm\\\/2023\\\/03\\\/20\\\/hallan-6-cuerpos-calcinados-en-dos-autos-tras-balacera-en-puebla\\\/\",\"url\":\"https:\\\/\\\/www.bbmnoticias.com\\\/labravaradiofm\\\/2023\\\/03\\\/20\\\/hallan-6-cuerpos-calcinados-en-dos-autos-tras-balacera-en-puebla\\\/\",\"name\":\"Hallan 6 cuerpos calcinados en dos autos, tras balacera en Puebla - LA BRAVA RADIO\",\"isPartOf\":{\"@id\":\"https:\\\/\\\/www.bbmnoticias.com\\\/labravaradiofm\\\/#website\"},\"primaryImageOfPage\":{\"@id\":\"https:\\\/\\\/www.bbmnoticias.com\\\/labravaradiofm\\\/2023\\\/03\\\/20\\\/hallan-6-cuerpos-calcinados-en-dos-autos-tras-balacera-en-puebla\\\/#primaryimage\"},\"image\":{\"@id\":\"https:\\\/\\\/www.bbmnoticias.com\\\/labravaradiofm\\\/2023\\\/03\\\/20\\\/hallan-6-cuerpos-calcinados-en-dos-autos-tras-balacera-en-puebla\\\/#primaryimage\"},\"thumbnailUrl\":\"https:\\\/\\\/www.bbmnoticias.com\\\/labravaradiofm\\\/wp-content\\\/uploads\\\/sites\\\/5\\\/2023\\\/03\\\/puebla-calcinados.jpg\",\"datePublished\":\"2023-03-20T19:06:24+00:00\",\"dateModified\":\"2023-03-20T19:06:25+00:00\",\"author\":{\"@id\":\"https:\\\/\\\/www.bbmnoticias.com\\\/labravaradiofm\\\/#\\\/schema\\\/person\\\/279575048ab2ce30543ef887b4b9095f\"},\"breadcrumb\":{\"@id\":\"https:\\\/\\\/www.bbmnoticias.com\\\/labravaradiofm\\\/2023\\\/03\\\/20\\\/hallan-6-cuerpos-calcinados-en-dos-autos-tras-balacera-en-puebla\\\/#breadcrumb\"},\"inLanguage\":\"es\",\"potentialAction\":[{\"@type\":\"ReadAction\",\"target\":[\"https:\\\/\\\/www.bbmnoticias.com\\\/labravaradiofm\\\/2023\\\/03\\\/20\\\/hallan-6-cuerpos-calcinados-en-dos-autos-tras-balacera-en-puebla\\\/\"]}]},{\"@type\":\"ImageObject\",\"inLanguage\":\"es\",\"@id\":\"https:\\\/\\\/www.bbmnoticias.com\\\/labravaradiofm\\\/2023\\\/03\\\/20\\\/hallan-6-cuerpos-calcinados-en-dos-autos-tras-balacera-en-puebla\\\/#primaryimage\",\"url\":\"https:\\\/\\\/www.bbmnoticias.com\\\/labravaradiofm\\\/wp-content\\\/uploads\\\/sites\\\/5\\\/2023\\\/03\\\/puebla-calcinados.jpg\",\"contentUrl\":\"https:\\\/\\\/www.bbmnoticias.com\\\/labravaradiofm\\\/wp-content\\\/uploads\\\/sites\\\/5\\\/2023\\\/03\\\/puebla-calcinados.jpg\",\"width\":800,\"height\":600},{\"@type\":\"BreadcrumbList\",\"@id\":\"https:\\\/\\\/www.bbmnoticias.com\\\/labravaradiofm\\\/2023\\\/03\\\/20\\\/hallan-6-cuerpos-calcinados-en-dos-autos-tras-balacera-en-puebla\\\/#breadcrumb\",\"itemListElement\":[{\"@type\":\"ListItem\",\"position\":1,\"name\":\"Inicio\",\"item\":\"https:\\\/\\\/www.bbmnoticias.com\\\/labravaradiofm\\\/\"},{\"@type\":\"ListItem\",\"position\":2,\"name\":\"Hallan 6 cuerpos calcinados en dos autos, tras balacera en Puebla\"}]},{\"@type\":\"WebSite\",\"@id\":\"https:\\\/\\\/www.bbmnoticias.com\\\/labravaradiofm\\\/#website\",\"url\":\"https:\\\/\\\/www.bbmnoticias.com\\\/labravaradiofm\\\/\",\"name\":\"LA BRAVA RADIO\",\"description\":\"Empresa productora de medios, Radiodifusi\u00f3n, Noticias, tendencias y todo lo que necesitas saber de la pol\u00edtica mexicana e internacional; entretenimiento, espect\u00e1culos, salud y mucho m\u00e1s.\",\"potentialAction\":[{\"@type\":\"SearchAction\",\"target\":{\"@type\":\"EntryPoint\",\"urlTemplate\":\"https:\\\/\\\/www.bbmnoticias.com\\\/labravaradiofm\\\/?s={search_term_string}\"},\"query-input\":{\"@type\":\"PropertyValueSpecification\",\"valueRequired\":true,\"valueName\":\"search_term_string\"}}],\"inLanguage\":\"es\"},{\"@type\":\"Person\",\"@id\":\"https:\\\/\\\/www.bbmnoticias.com\\\/labravaradiofm\\\/#\\\/schema\\\/person\\\/279575048ab2ce30543ef887b4b9095f\",\"name\":\"Exc\u00e9lsior\",\"image\":{\"@type\":\"ImageObject\",\"inLanguage\":\"es\",\"@id\":\"https:\\\/\\\/secure.gravatar.com\\\/avatar\\\/497265c4dbe1cd0e2f3f1b19aba0f5779c7f95d09e139a5b83c1ecd47b4e780d?s=96&d=mm&r=g\",\"url\":\"https:\\\/\\\/secure.gravatar.com\\\/avatar\\\/497265c4dbe1cd0e2f3f1b19aba0f5779c7f95d09e139a5b83c1ecd47b4e780d?s=96&d=mm&r=g\",\"contentUrl\":\"https:\\\/\\\/secure.gravatar.com\\\/avatar\\\/497265c4dbe1cd0e2f3f1b19aba0f5779c7f95d09e139a5b83c1ecd47b4e780d?s=96&d=mm&r=g\",\"caption\":\"Exc\u00e9lsior\"},\"url\":\"https:\\\/\\\/www.bbmnoticias.com\\\/labravaradiofm\\\/author\\\/excelsior\\\/\"}]}<\/script>\n<!-- \/ Yoast SEO plugin. -->","yoast_head_json":{"title":"Hallan 6 cuerpos calcinados en dos autos, tras balacera en Puebla - LA BRAVA RADIO","robots":{"index":"index","follow":"follow","max-snippet":"max-snippet:-1","max-image-preview":"max-image-preview:large","max-video-preview":"max-video-preview:-1"},"canonical":"https:\/\/www.bbmnoticias.com\/labravaradiofm\/2023\/03\/20\/hallan-6-cuerpos-calcinados-en-dos-autos-tras-balacera-en-puebla\/","og_locale":"es_MX","og_type":"article","og_title":"Hallan 6 cuerpos calcinados en dos autos, tras balacera en Puebla - LA BRAVA RADIO","og_description":"Seis cad\u00e1veres calcinados fueron encontrados en el interior de dos autom\u00f3viles incendiados en Huachinantla, comunidad de Jolalpan, municipio de la regi\u00f3n Mixteca de esta entidad y colindante con los estados de Guerrero y Oaxaca. Los cuerpos sin vida fueron descubiertos despu\u00e9s de que los vecinos denunciaron a los n\u00fameros telef\u00f3nicos de emergencia sobre una balacera [&hellip;]","og_url":"https:\/\/www.bbmnoticias.com\/labravaradiofm\/2023\/03\/20\/hallan-6-cuerpos-calcinados-en-dos-autos-tras-balacera-en-puebla\/","og_site_name":"LA BRAVA RADIO","article_published_time":"2023-03-20T19:06:24+00:00","article_modified_time":"2023-03-20T19:06:25+00:00","og_image":[{"width":800,"height":600,"url":"https:\/\/www.bbmnoticias.com\/labravaradiofm\/wp-content\/uploads\/sites\/5\/2023\/03\/puebla-calcinados.jpg","type":"image\/jpeg"}],"author":"Exc\u00e9lsior","twitter_card":"summary_large_image","twitter_misc":{"Escrito por":"Exc\u00e9lsior","Tiempo de lectura":"1 minuto"},"schema":{"@context":"https:\/\/schema.org","@graph":[{"@type":"Article","@id":"https:\/\/www.bbmnoticias.com\/labravaradiofm\/2023\/03\/20\/hallan-6-cuerpos-calcinados-en-dos-autos-tras-balacera-en-puebla\/#article","isPartOf":{"@id":"https:\/\/www.bbmnoticias.com\/labravaradiofm\/2023\/03\/20\/hallan-6-cuerpos-calcinados-en-dos-autos-tras-balacera-en-puebla\/"},"author":{"name":"Exc\u00e9lsior","@id":"https:\/\/www.bbmnoticias.com\/labravaradiofm\/#\/schema\/person\/279575048ab2ce30543ef887b4b9095f"},"headline":"Hallan 6 cuerpos calcinados en dos autos, tras balacera en Puebla","datePublished":"2023-03-20T19:06:24+00:00","dateModified":"2023-03-20T19:06:25+00:00","mainEntityOfPage":{"@id":"https:\/\/www.bbmnoticias.com\/labravaradiofm\/2023\/03\/20\/hallan-6-cuerpos-calcinados-en-dos-autos-tras-balacera-en-puebla\/"},"wordCount":179,"image":{"@id":"https:\/\/www.bbmnoticias.com\/labravaradiofm\/2023\/03\/20\/hallan-6-cuerpos-calcinados-en-dos-autos-tras-balacera-en-puebla\/#primaryimage"},"thumbnailUrl":"https:\/\/www.bbmnoticias.com\/labravaradiofm\/wp-content\/uploads\/sites\/5\/2023\/03\/puebla-calcinados.jpg","articleSection":["NACIONAL"],"inLanguage":"es"},{"@type":"WebPage","@id":"https:\/\/www.bbmnoticias.com\/labravaradiofm\/2023\/03\/20\/hallan-6-cuerpos-calcinados-en-dos-autos-tras-balacera-en-puebla\/","url":"https:\/\/www.bbmnoticias.com\/labravaradiofm\/2023\/03\/20\/hallan-6-cuerpos-calcinados-en-dos-autos-tras-balacera-en-puebla\/","name":"Hallan 6 cuerpos calcinados en dos autos, tras balacera en Puebla - LA BRAVA RADIO","isPartOf":{"@id":"https:\/\/www.bbmnoticias.com\/labravaradiofm\/#website"},"primaryImageOfPage":{"@id":"https:\/\/www.bbmnoticias.com\/labravaradiofm\/2023\/03\/20\/hallan-6-cuerpos-calcinados-en-dos-autos-tras-balacera-en-puebla\/#primaryimage"},"image":{"@id":"https:\/\/www.bbmnoticias.com\/labravaradiofm\/2023\/03\/20\/hallan-6-cuerpos-calcinados-en-dos-autos-tras-balacera-en-puebla\/#primaryimage"},"thumbnailUrl":"https:\/\/www.bbmnoticias.com\/labravaradiofm\/wp-content\/uploads\/sites\/5\/2023\/03\/puebla-calcinados.jpg","datePublished":"2023-03-20T19:06:24+00:00","dateModified":"2023-03-20T19:06:25+00:00","author":{"@id":"https:\/\/www.bbmnoticias.com\/labravaradiofm\/#\/schema\/person\/279575048ab2ce30543ef887b4b9095f"},"breadcrumb":{"@id":"https:\/\/www.bbmnoticias.com\/labravaradiofm\/2023\/03\/20\/hallan-6-cuerpos-calcinados-en-dos-autos-tras-balacera-en-puebla\/#breadcrumb"},"inLanguage":"es","potentialAction":[{"@type":"ReadAction","target":["https:\/\/www.bbmnoticias.com\/labravaradiofm\/2023\/03\/20\/hallan-6-cuerpos-calcinados-en-dos-autos-tras-balacera-en-puebla\/"]}]},{"@type":"ImageObject","inLanguage":"es","@id":"https:\/\/www.bbmnoticias.com\/labravaradiofm\/2023\/03\/20\/hallan-6-cuerpos-calcinados-en-dos-autos-tras-balacera-en-puebla\/#primaryimage","url":"https:\/\/www.bbmnoticias.com\/labravaradiofm\/wp-content\/uploads\/sites\/5\/2023\/03\/puebla-calcinados.jpg","contentUrl":"https:\/\/www.bbmnoticias.com\/labravaradiofm\/wp-content\/uploads\/sites\/5\/2023\/03\/puebla-calcinados.jpg","width":800,"height":600},{"@type":"BreadcrumbList","@id":"https:\/\/www.bbmnoticias.com\/labravaradiofm\/2023\/03\/20\/hallan-6-cuerpos-calcinados-en-dos-autos-tras-balacera-en-puebla\/#breadcrumb","itemListElement":[{"@type":"ListItem","position":1,"name":"Inicio","item":"https:\/\/www.bbmnoticias.com\/labravaradiofm\/"},{"@type":"ListItem","position":2,"name":"Hallan 6 cuerpos calcinados en dos autos, tras balacera en Puebla"}]},{"@type":"WebSite","@id":"https:\/\/www.bbmnoticias.com\/labravaradiofm\/#website","url":"https:\/\/www.bbmnoticias.com\/labravaradiofm\/","name":"LA BRAVA RADIO","description":"Empresa productora de medios, Radiodifusi\u00f3n, Noticias, tendencias y todo lo que necesitas saber de la pol\u00edtica mexicana e internacional; entretenimiento, espect\u00e1culos, salud y mucho m\u00e1s.","potentialAction":[{"@type":"SearchAction","target":{"@type":"EntryPoint","urlTemplate":"https:\/\/www.bbmnoticias.com\/labravaradiofm\/?s={search_term_string}"},"query-input":{"@type":"PropertyValueSpecification","valueRequired":true,"valueName":"search_term_string"}}],"inLanguage":"es"},{"@type":"Person","@id":"https:\/\/www.bbmnoticias.com\/labravaradiofm\/#\/schema\/person\/279575048ab2ce30543ef887b4b9095f","name":"Exc\u00e9lsior","image":{"@type":"ImageObject","inLanguage":"es","@id":"https:\/\/secure.gravatar.com\/avatar\/497265c4dbe1cd0e2f3f1b19aba0f5779c7f95d09e139a5b83c1ecd47b4e780d?s=96&d=mm&r=g","url":"https:\/\/secure.gravatar.com\/avatar\/497265c4dbe1cd0e2f3f1b19aba0f5779c7f95d09e139a5b83c1ecd47b4e780d?s=96&d=mm&r=g","contentUrl":"https:\/\/secure.gravatar.com\/avatar\/497265c4dbe1cd0e2f3f1b19aba0f5779c7f95d09e139a5b83c1ecd47b4e780d?s=96&d=mm&r=g","caption":"Exc\u00e9lsior"},"url":"https:\/\/www.bbmnoticias.com\/labravaradiofm\/author\/excelsior\/"}]}},"_links":{"self":[{"href":"https:\/\/www.bbmnoticias.com\/labravaradiofm\/wp-json\/wp\/v2\/posts\/25159","targetHints":{"allow":["GET"]}}],"collection":[{"href":"https:\/\/www.bbmnoticias.com\/labravaradiofm\/wp-json\/wp\/v2\/posts"}],"about":[{"href":"https:\/\/www.bbmnoticias.com\/labravaradiofm\/wp-json\/wp\/v2\/types\/post"}],"author":[{"embeddable":true,"href":"https:\/\/www.bbmnoticias.com\/labravaradiofm\/wp-json\/wp\/v2\/users\/8"}],"replies":[{"embeddable":true,"href":"https:\/\/www.bbmnoticias.com\/labravaradiofm\/wp-json\/wp\/v2\/comments?post=25159"}],"version-history":[{"count":0,"href":"https:\/\/www.bbmnoticias.com\/labravaradiofm\/wp-json\/wp\/v2\/posts\/25159\/revisions"}],"wp:featuredmedia":[{"embeddable":true,"href":"https:\/\/www.bbmnoticias.com\/labravaradiofm\/wp-json\/wp\/v2\/media\/25160"}],"wp:attachment":[{"href":"https:\/\/www.bbmnoticias.com\/labravaradiofm\/wp-json\/wp\/v2\/media?parent=25159"}],"wp:term":[{"taxonomy":"category","embeddable":true,"href":"https:\/\/www.bbmnoticias.com\/labravaradiofm\/wp-json\/wp\/v2\/categories?post=25159"},{"taxonomy":"post_tag","embeddable":true,"href":"https:\/\/www.bbmnoticias.com\/labravaradiofm\/wp-json\/wp\/v2\/tags?post=25159"}],"curies":[{"name":"wp","href":"https:\/\/api.w.org\/{rel}","templated":true}]}}