{"id":25153,"date":"2023-03-20T11:43:34","date_gmt":"2023-03-20T17:43:34","guid":{"rendered":"https:\/\/www.bbmnoticias.com\/labravaradiofm\/?p=25153"},"modified":"2023-03-20T11:43:49","modified_gmt":"2023-03-20T17:43:49","slug":"salomon-jara-fernando-cruz-lopez","status":"publish","type":"post","link":"https:\/\/www.bbmnoticias.com\/labravaradiofm\/2023\/03\/20\/salomon-jara-fernando-cruz-lopez\/","title":{"rendered":"Salom\u00f3n Jara &#8211; Fernando Cruz L\u00f3pez"},"content":{"rendered":"<div style=\"margin-top: 0px; margin-bottom: 0px;\" class=\"sharethis-inline-share-buttons\" ><\/div>\n<p>Como oaxaque\u00f1os bien nacidos en nuestra tierra, siempre deseamos y queremos que le vaya bien a los gobernadores, anhelamos que se rodeen de gente honesta, capaz, inteligente, visionaria, propositiva, y sobre todo que tengan colaboradores honestos para poder desempe\u00f1ar con efectividad el alto honor que le confirieron en las urnas los ciudadanos.<\/p>\n\n\n\n<p>Es el caso del gobernador Salom\u00f3n Jara Cruz, puedo ver en el titular del ejecutivo a un hombre comprometido con su estado, con sus ideales, con sus principios, con ganas de encabezar el mejor gobierno que haya tenido la entidad, siempre revisando, checando, supervisando que los recursos se canalicen a los lugares correctos y siempre tratando de eficientar todo el dinero para hacer peque\u00f1as obras en las comunidades que durante d\u00e9cadas fueron olvidadas.<\/p>\n\n\n\n<p>Dispuesto a erradicar la corrupci\u00f3n, los viejos vicios y las malas pr\u00e1cticas gubernamentales, designo a un equipo de colaboradores, en donde hay de todo, la mayor\u00eda dicen ser de Morena, pero los hay del PRI, del PAN, o del Partido Verde, los colores no importan cuando se tienen las ganas y la convicci\u00f3n de sumarse al proyecto de gobierno de Jara Cruz.<\/p>\n\n\n\n<p>Lamentablemente no todos los colaboradores del gobernador del estado tienen en la actualidad la misma visi\u00f3n, varios ya traen sus proyectos personales, ya traen su propia visi\u00f3n y se est\u00e1n aprovechando del cargo para hacer acuerdos con pol\u00edticos del pasado, moverse y tratar de hacer sus respectivos grupos que m\u00e1s adelante les van a servir en sus supuestos proyectos pol\u00edticos.<\/p>\n\n\n\n<p>Lo anterior no est\u00e1 mal, todos tienen derecho a tener aspiraciones, pero \u00bfporque enga\u00f1ar al gobernador haci\u00e9ndole creer que van en la misma barca, cuando ya se bajaron hace rato para encabezar sus propios proyectos? \u00bfpara que hacer como que trabajan? si unos ya andan en plena campa\u00f1a y los que deber\u00edan resolver los problemas de la entidad o les quedo demasiado grande el saco o de plano no pueden con el paquete.<\/p>\n\n\n\n<p>Tenemos el caso del capit\u00e1n de Fragata, Iv\u00e1n Garc\u00eda \u00c1lvarez, quien se promociona como &nbsp;de la Infanter\u00eda de Marina, miembro de las Fuerzas Especiales y por si fuera poco Diplomado de Estado Mayor, actual secretario de Seguridad y Protecci\u00f3n Ciudadana, a quien la suerte no le ha favorecido o bien todo lo que aprendi\u00f3 fue de escritorio y jam\u00e1s ha estado en la acci\u00f3n, pues los hechos as\u00ed lo demuestran.<\/p>\n\n\n\n<p>La violencia que existe en toda la entidad no puede ser culpa del pasado gobierno, ellos batallaron e hicieron su trabajo, pero hoy la realidad es distinta, Oaxaca esta ba\u00f1ada de sangre, los feminicidios no paran, las ejecuciones son el pan de cada d\u00eda, la percepci\u00f3n de inseguridad es creciente entre la ciudadan\u00eda.<\/p>\n\n\n\n<p>Ya los diferentes prestadores de servicios tur\u00edsticos, empresarios y dem\u00e1s sectores productivos han comenzado a protestar, quieren ver resultados, pues en las dem\u00e1s \u00e1reas del gobierno los resultados son muy buenos, salvo en seguridad en donde reprueba el capit\u00e1n de fragata.<\/p>\n\n\n\n<p>O de plano no sabe absolutamente nada de seguridad publica, o est\u00e1 lleno de miedo o de plano le jugaron la cabeza de que pod\u00eda ser Secretario en esta administraci\u00f3n y ah\u00ed est\u00e1 sin saber que hacer, algo se tiene que hacer al respecto..s\u00edgame en Twitter como&nbsp; @visionpolitica7.<\/p>\n","protected":false},"excerpt":{"rendered":"<p>Como oaxaque\u00f1os bien nacidos en nuestra tierra, siempre deseamos y queremos que le vaya bien a los gobernadores, anhelamos que se rodeen de gente honesta, capaz, inteligente, visionaria, propositiva, y sobre todo que tengan colaboradores honestos para poder desempe\u00f1ar con efectividad el alto honor que le confirieron en las urnas los ciudadanos. Es el caso [&hellip;]<\/p>\n","protected":false},"author":17,"featured_media":23745,"comment_status":"closed","ping_status":"closed","sticky":false,"template":"","format":"standard","meta":{"footnotes":""},"categories":[22],"tags":[],"class_list":{"0":"post-25153","1":"post","2":"type-post","3":"status-publish","4":"format-standard","5":"has-post-thumbnail","7":"category-opinion"},"yoast_head":"<!-- This site is optimized with the Yoast SEO plugin v27.4 - https:\/\/yoast.com\/product\/yoast-seo-wordpress\/ -->\n<title>Salom\u00f3n Jara - Fernando Cruz L\u00f3pez - LA BRAVA RADIO<\/title>\n<meta name=\"robots\" content=\"index, follow, max-snippet:-1, max-image-preview:large, max-video-preview:-1\" \/>\n<link rel=\"canonical\" href=\"https:\/\/www.bbmnoticias.com\/labravaradiofm\/2023\/03\/20\/salomon-jara-fernando-cruz-lopez\/\" \/>\n<meta property=\"og:locale\" content=\"es_MX\" \/>\n<meta property=\"og:type\" content=\"article\" \/>\n<meta property=\"og:title\" content=\"Salom\u00f3n Jara - Fernando Cruz L\u00f3pez - LA BRAVA RADIO\" \/>\n<meta property=\"og:description\" content=\"Como oaxaque\u00f1os bien nacidos en nuestra tierra, siempre deseamos y queremos que le vaya bien a los gobernadores, anhelamos que se rodeen de gente honesta, capaz, inteligente, visionaria, propositiva, y sobre todo que tengan colaboradores honestos para poder desempe\u00f1ar con efectividad el alto honor que le confirieron en las urnas los ciudadanos. Es el caso [&hellip;]\" \/>\n<meta property=\"og:url\" content=\"https:\/\/www.bbmnoticias.com\/labravaradiofm\/2023\/03\/20\/salomon-jara-fernando-cruz-lopez\/\" \/>\n<meta property=\"og:site_name\" content=\"LA BRAVA RADIO\" \/>\n<meta property=\"article:published_time\" content=\"2023-03-20T17:43:34+00:00\" \/>\n<meta property=\"article:modified_time\" content=\"2023-03-20T17:43:49+00:00\" \/>\n<meta property=\"og:image\" content=\"https:\/\/www.bbmnoticias.com\/labravaradiofm\/wp-content\/uploads\/sites\/5\/2023\/02\/vision-politica.jpg\" \/>\n\t<meta property=\"og:image:width\" content=\"800\" \/>\n\t<meta property=\"og:image:height\" content=\"450\" \/>\n\t<meta property=\"og:image:type\" content=\"image\/jpeg\" \/>\n<meta name=\"author\" content=\"Fernando Cruz Lopez\" \/>\n<meta name=\"twitter:card\" content=\"summary_large_image\" \/>\n<meta name=\"twitter:label1\" content=\"Escrito por\" \/>\n\t<meta name=\"twitter:data1\" content=\"Fernando Cruz Lopez\" \/>\n\t<meta name=\"twitter:label2\" content=\"Tiempo de lectura\" \/>\n\t<meta name=\"twitter:data2\" content=\"3 minutos\" \/>\n<script type=\"application\/ld+json\" class=\"yoast-schema-graph\">{\"@context\":\"https:\\\/\\\/schema.org\",\"@graph\":[{\"@type\":\"Article\",\"@id\":\"https:\\\/\\\/www.bbmnoticias.com\\\/labravaradiofm\\\/2023\\\/03\\\/20\\\/salomon-jara-fernando-cruz-lopez\\\/#article\",\"isPartOf\":{\"@id\":\"https:\\\/\\\/www.bbmnoticias.com\\\/labravaradiofm\\\/2023\\\/03\\\/20\\\/salomon-jara-fernando-cruz-lopez\\\/\"},\"author\":{\"name\":\"Fernando Cruz Lopez\",\"@id\":\"https:\\\/\\\/www.bbmnoticias.com\\\/labravaradiofm\\\/#\\\/schema\\\/person\\\/5064050f91d1c493c1fd0f0d3a6bb745\"},\"headline\":\"Salom\u00f3n Jara &#8211; Fernando Cruz L\u00f3pez\",\"datePublished\":\"2023-03-20T17:43:34+00:00\",\"dateModified\":\"2023-03-20T17:43:49+00:00\",\"mainEntityOfPage\":{\"@id\":\"https:\\\/\\\/www.bbmnoticias.com\\\/labravaradiofm\\\/2023\\\/03\\\/20\\\/salomon-jara-fernando-cruz-lopez\\\/\"},\"wordCount\":580,\"image\":{\"@id\":\"https:\\\/\\\/www.bbmnoticias.com\\\/labravaradiofm\\\/2023\\\/03\\\/20\\\/salomon-jara-fernando-cruz-lopez\\\/#primaryimage\"},\"thumbnailUrl\":\"https:\\\/\\\/www.bbmnoticias.com\\\/labravaradiofm\\\/wp-content\\\/uploads\\\/sites\\\/5\\\/2023\\\/02\\\/vision-politica.jpg\",\"articleSection\":[\"OPINI\u00d3N\"],\"inLanguage\":\"es\"},{\"@type\":\"WebPage\",\"@id\":\"https:\\\/\\\/www.bbmnoticias.com\\\/labravaradiofm\\\/2023\\\/03\\\/20\\\/salomon-jara-fernando-cruz-lopez\\\/\",\"url\":\"https:\\\/\\\/www.bbmnoticias.com\\\/labravaradiofm\\\/2023\\\/03\\\/20\\\/salomon-jara-fernando-cruz-lopez\\\/\",\"name\":\"Salom\u00f3n Jara - Fernando Cruz L\u00f3pez - LA BRAVA RADIO\",\"isPartOf\":{\"@id\":\"https:\\\/\\\/www.bbmnoticias.com\\\/labravaradiofm\\\/#website\"},\"primaryImageOfPage\":{\"@id\":\"https:\\\/\\\/www.bbmnoticias.com\\\/labravaradiofm\\\/2023\\\/03\\\/20\\\/salomon-jara-fernando-cruz-lopez\\\/#primaryimage\"},\"image\":{\"@id\":\"https:\\\/\\\/www.bbmnoticias.com\\\/labravaradiofm\\\/2023\\\/03\\\/20\\\/salomon-jara-fernando-cruz-lopez\\\/#primaryimage\"},\"thumbnailUrl\":\"https:\\\/\\\/www.bbmnoticias.com\\\/labravaradiofm\\\/wp-content\\\/uploads\\\/sites\\\/5\\\/2023\\\/02\\\/vision-politica.jpg\",\"datePublished\":\"2023-03-20T17:43:34+00:00\",\"dateModified\":\"2023-03-20T17:43:49+00:00\",\"author\":{\"@id\":\"https:\\\/\\\/www.bbmnoticias.com\\\/labravaradiofm\\\/#\\\/schema\\\/person\\\/5064050f91d1c493c1fd0f0d3a6bb745\"},\"breadcrumb\":{\"@id\":\"https:\\\/\\\/www.bbmnoticias.com\\\/labravaradiofm\\\/2023\\\/03\\\/20\\\/salomon-jara-fernando-cruz-lopez\\\/#breadcrumb\"},\"inLanguage\":\"es\",\"potentialAction\":[{\"@type\":\"ReadAction\",\"target\":[\"https:\\\/\\\/www.bbmnoticias.com\\\/labravaradiofm\\\/2023\\\/03\\\/20\\\/salomon-jara-fernando-cruz-lopez\\\/\"]}]},{\"@type\":\"ImageObject\",\"inLanguage\":\"es\",\"@id\":\"https:\\\/\\\/www.bbmnoticias.com\\\/labravaradiofm\\\/2023\\\/03\\\/20\\\/salomon-jara-fernando-cruz-lopez\\\/#primaryimage\",\"url\":\"https:\\\/\\\/www.bbmnoticias.com\\\/labravaradiofm\\\/wp-content\\\/uploads\\\/sites\\\/5\\\/2023\\\/02\\\/vision-politica.jpg\",\"contentUrl\":\"https:\\\/\\\/www.bbmnoticias.com\\\/labravaradiofm\\\/wp-content\\\/uploads\\\/sites\\\/5\\\/2023\\\/02\\\/vision-politica.jpg\",\"width\":800,\"height\":450},{\"@type\":\"BreadcrumbList\",\"@id\":\"https:\\\/\\\/www.bbmnoticias.com\\\/labravaradiofm\\\/2023\\\/03\\\/20\\\/salomon-jara-fernando-cruz-lopez\\\/#breadcrumb\",\"itemListElement\":[{\"@type\":\"ListItem\",\"position\":1,\"name\":\"Inicio\",\"item\":\"https:\\\/\\\/www.bbmnoticias.com\\\/labravaradiofm\\\/\"},{\"@type\":\"ListItem\",\"position\":2,\"name\":\"Salom\u00f3n Jara &#8211; Fernando Cruz L\u00f3pez\"}]},{\"@type\":\"WebSite\",\"@id\":\"https:\\\/\\\/www.bbmnoticias.com\\\/labravaradiofm\\\/#website\",\"url\":\"https:\\\/\\\/www.bbmnoticias.com\\\/labravaradiofm\\\/\",\"name\":\"LA BRAVA RADIO\",\"description\":\"Empresa productora de medios, Radiodifusi\u00f3n, Noticias, tendencias y todo lo que necesitas saber de la pol\u00edtica mexicana e internacional; entretenimiento, espect\u00e1culos, salud y mucho m\u00e1s.\",\"potentialAction\":[{\"@type\":\"SearchAction\",\"target\":{\"@type\":\"EntryPoint\",\"urlTemplate\":\"https:\\\/\\\/www.bbmnoticias.com\\\/labravaradiofm\\\/?s={search_term_string}\"},\"query-input\":{\"@type\":\"PropertyValueSpecification\",\"valueRequired\":true,\"valueName\":\"search_term_string\"}}],\"inLanguage\":\"es\"},{\"@type\":\"Person\",\"@id\":\"https:\\\/\\\/www.bbmnoticias.com\\\/labravaradiofm\\\/#\\\/schema\\\/person\\\/5064050f91d1c493c1fd0f0d3a6bb745\",\"name\":\"Fernando Cruz Lopez\",\"image\":{\"@type\":\"ImageObject\",\"inLanguage\":\"es\",\"@id\":\"https:\\\/\\\/secure.gravatar.com\\\/avatar\\\/24fed790d7efc3946f883e94b0232fa4426e03d757f643152dbf2c77fa8a0e9a?s=96&d=mm&r=g\",\"url\":\"https:\\\/\\\/secure.gravatar.com\\\/avatar\\\/24fed790d7efc3946f883e94b0232fa4426e03d757f643152dbf2c77fa8a0e9a?s=96&d=mm&r=g\",\"contentUrl\":\"https:\\\/\\\/secure.gravatar.com\\\/avatar\\\/24fed790d7efc3946f883e94b0232fa4426e03d757f643152dbf2c77fa8a0e9a?s=96&d=mm&r=g\",\"caption\":\"Fernando Cruz Lopez\"},\"sameAs\":[\"https:\\\/\\\/www.bbmnoticias.com\"],\"url\":\"https:\\\/\\\/www.bbmnoticias.com\\\/labravaradiofm\\\/author\\\/fernandocruzlopez\\\/\"}]}<\/script>\n<!-- \/ Yoast SEO plugin. -->","yoast_head_json":{"title":"Salom\u00f3n Jara - Fernando Cruz L\u00f3pez - LA BRAVA RADIO","robots":{"index":"index","follow":"follow","max-snippet":"max-snippet:-1","max-image-preview":"max-image-preview:large","max-video-preview":"max-video-preview:-1"},"canonical":"https:\/\/www.bbmnoticias.com\/labravaradiofm\/2023\/03\/20\/salomon-jara-fernando-cruz-lopez\/","og_locale":"es_MX","og_type":"article","og_title":"Salom\u00f3n Jara - Fernando Cruz L\u00f3pez - LA BRAVA RADIO","og_description":"Como oaxaque\u00f1os bien nacidos en nuestra tierra, siempre deseamos y queremos que le vaya bien a los gobernadores, anhelamos que se rodeen de gente honesta, capaz, inteligente, visionaria, propositiva, y sobre todo que tengan colaboradores honestos para poder desempe\u00f1ar con efectividad el alto honor que le confirieron en las urnas los ciudadanos. Es el caso [&hellip;]","og_url":"https:\/\/www.bbmnoticias.com\/labravaradiofm\/2023\/03\/20\/salomon-jara-fernando-cruz-lopez\/","og_site_name":"LA BRAVA RADIO","article_published_time":"2023-03-20T17:43:34+00:00","article_modified_time":"2023-03-20T17:43:49+00:00","og_image":[{"width":800,"height":450,"url":"https:\/\/www.bbmnoticias.com\/labravaradiofm\/wp-content\/uploads\/sites\/5\/2023\/02\/vision-politica.jpg","type":"image\/jpeg"}],"author":"Fernando Cruz Lopez","twitter_card":"summary_large_image","twitter_misc":{"Escrito por":"Fernando Cruz Lopez","Tiempo de lectura":"3 minutos"},"schema":{"@context":"https:\/\/schema.org","@graph":[{"@type":"Article","@id":"https:\/\/www.bbmnoticias.com\/labravaradiofm\/2023\/03\/20\/salomon-jara-fernando-cruz-lopez\/#article","isPartOf":{"@id":"https:\/\/www.bbmnoticias.com\/labravaradiofm\/2023\/03\/20\/salomon-jara-fernando-cruz-lopez\/"},"author":{"name":"Fernando Cruz Lopez","@id":"https:\/\/www.bbmnoticias.com\/labravaradiofm\/#\/schema\/person\/5064050f91d1c493c1fd0f0d3a6bb745"},"headline":"Salom\u00f3n Jara &#8211; Fernando Cruz L\u00f3pez","datePublished":"2023-03-20T17:43:34+00:00","dateModified":"2023-03-20T17:43:49+00:00","mainEntityOfPage":{"@id":"https:\/\/www.bbmnoticias.com\/labravaradiofm\/2023\/03\/20\/salomon-jara-fernando-cruz-lopez\/"},"wordCount":580,"image":{"@id":"https:\/\/www.bbmnoticias.com\/labravaradiofm\/2023\/03\/20\/salomon-jara-fernando-cruz-lopez\/#primaryimage"},"thumbnailUrl":"https:\/\/www.bbmnoticias.com\/labravaradiofm\/wp-content\/uploads\/sites\/5\/2023\/02\/vision-politica.jpg","articleSection":["OPINI\u00d3N"],"inLanguage":"es"},{"@type":"WebPage","@id":"https:\/\/www.bbmnoticias.com\/labravaradiofm\/2023\/03\/20\/salomon-jara-fernando-cruz-lopez\/","url":"https:\/\/www.bbmnoticias.com\/labravaradiofm\/2023\/03\/20\/salomon-jara-fernando-cruz-lopez\/","name":"Salom\u00f3n Jara - Fernando Cruz L\u00f3pez - LA BRAVA RADIO","isPartOf":{"@id":"https:\/\/www.bbmnoticias.com\/labravaradiofm\/#website"},"primaryImageOfPage":{"@id":"https:\/\/www.bbmnoticias.com\/labravaradiofm\/2023\/03\/20\/salomon-jara-fernando-cruz-lopez\/#primaryimage"},"image":{"@id":"https:\/\/www.bbmnoticias.com\/labravaradiofm\/2023\/03\/20\/salomon-jara-fernando-cruz-lopez\/#primaryimage"},"thumbnailUrl":"https:\/\/www.bbmnoticias.com\/labravaradiofm\/wp-content\/uploads\/sites\/5\/2023\/02\/vision-politica.jpg","datePublished":"2023-03-20T17:43:34+00:00","dateModified":"2023-03-20T17:43:49+00:00","author":{"@id":"https:\/\/www.bbmnoticias.com\/labravaradiofm\/#\/schema\/person\/5064050f91d1c493c1fd0f0d3a6bb745"},"breadcrumb":{"@id":"https:\/\/www.bbmnoticias.com\/labravaradiofm\/2023\/03\/20\/salomon-jara-fernando-cruz-lopez\/#breadcrumb"},"inLanguage":"es","potentialAction":[{"@type":"ReadAction","target":["https:\/\/www.bbmnoticias.com\/labravaradiofm\/2023\/03\/20\/salomon-jara-fernando-cruz-lopez\/"]}]},{"@type":"ImageObject","inLanguage":"es","@id":"https:\/\/www.bbmnoticias.com\/labravaradiofm\/2023\/03\/20\/salomon-jara-fernando-cruz-lopez\/#primaryimage","url":"https:\/\/www.bbmnoticias.com\/labravaradiofm\/wp-content\/uploads\/sites\/5\/2023\/02\/vision-politica.jpg","contentUrl":"https:\/\/www.bbmnoticias.com\/labravaradiofm\/wp-content\/uploads\/sites\/5\/2023\/02\/vision-politica.jpg","width":800,"height":450},{"@type":"BreadcrumbList","@id":"https:\/\/www.bbmnoticias.com\/labravaradiofm\/2023\/03\/20\/salomon-jara-fernando-cruz-lopez\/#breadcrumb","itemListElement":[{"@type":"ListItem","position":1,"name":"Inicio","item":"https:\/\/www.bbmnoticias.com\/labravaradiofm\/"},{"@type":"ListItem","position":2,"name":"Salom\u00f3n Jara &#8211; Fernando Cruz L\u00f3pez"}]},{"@type":"WebSite","@id":"https:\/\/www.bbmnoticias.com\/labravaradiofm\/#website","url":"https:\/\/www.bbmnoticias.com\/labravaradiofm\/","name":"LA BRAVA RADIO","description":"Empresa productora de medios, Radiodifusi\u00f3n, Noticias, tendencias y todo lo que necesitas saber de la pol\u00edtica mexicana e internacional; entretenimiento, espect\u00e1culos, salud y mucho m\u00e1s.","potentialAction":[{"@type":"SearchAction","target":{"@type":"EntryPoint","urlTemplate":"https:\/\/www.bbmnoticias.com\/labravaradiofm\/?s={search_term_string}"},"query-input":{"@type":"PropertyValueSpecification","valueRequired":true,"valueName":"search_term_string"}}],"inLanguage":"es"},{"@type":"Person","@id":"https:\/\/www.bbmnoticias.com\/labravaradiofm\/#\/schema\/person\/5064050f91d1c493c1fd0f0d3a6bb745","name":"Fernando Cruz Lopez","image":{"@type":"ImageObject","inLanguage":"es","@id":"https:\/\/secure.gravatar.com\/avatar\/24fed790d7efc3946f883e94b0232fa4426e03d757f643152dbf2c77fa8a0e9a?s=96&d=mm&r=g","url":"https:\/\/secure.gravatar.com\/avatar\/24fed790d7efc3946f883e94b0232fa4426e03d757f643152dbf2c77fa8a0e9a?s=96&d=mm&r=g","contentUrl":"https:\/\/secure.gravatar.com\/avatar\/24fed790d7efc3946f883e94b0232fa4426e03d757f643152dbf2c77fa8a0e9a?s=96&d=mm&r=g","caption":"Fernando Cruz Lopez"},"sameAs":["https:\/\/www.bbmnoticias.com"],"url":"https:\/\/www.bbmnoticias.com\/labravaradiofm\/author\/fernandocruzlopez\/"}]}},"_links":{"self":[{"href":"https:\/\/www.bbmnoticias.com\/labravaradiofm\/wp-json\/wp\/v2\/posts\/25153","targetHints":{"allow":["GET"]}}],"collection":[{"href":"https:\/\/www.bbmnoticias.com\/labravaradiofm\/wp-json\/wp\/v2\/posts"}],"about":[{"href":"https:\/\/www.bbmnoticias.com\/labravaradiofm\/wp-json\/wp\/v2\/types\/post"}],"author":[{"embeddable":true,"href":"https:\/\/www.bbmnoticias.com\/labravaradiofm\/wp-json\/wp\/v2\/users\/17"}],"replies":[{"embeddable":true,"href":"https:\/\/www.bbmnoticias.com\/labravaradiofm\/wp-json\/wp\/v2\/comments?post=25153"}],"version-history":[{"count":0,"href":"https:\/\/www.bbmnoticias.com\/labravaradiofm\/wp-json\/wp\/v2\/posts\/25153\/revisions"}],"wp:featuredmedia":[{"embeddable":true,"href":"https:\/\/www.bbmnoticias.com\/labravaradiofm\/wp-json\/wp\/v2\/media\/23745"}],"wp:attachment":[{"href":"https:\/\/www.bbmnoticias.com\/labravaradiofm\/wp-json\/wp\/v2\/media?parent=25153"}],"wp:term":[{"taxonomy":"category","embeddable":true,"href":"https:\/\/www.bbmnoticias.com\/labravaradiofm\/wp-json\/wp\/v2\/categories?post=25153"},{"taxonomy":"post_tag","embeddable":true,"href":"https:\/\/www.bbmnoticias.com\/labravaradiofm\/wp-json\/wp\/v2\/tags?post=25153"}],"curies":[{"name":"wp","href":"https:\/\/api.w.org\/{rel}","templated":true}]}}