{"id":25150,"date":"2023-03-20T09:11:23","date_gmt":"2023-03-20T15:11:23","guid":{"rendered":"https:\/\/www.bbmnoticias.com\/labravaradiofm\/?p=25150"},"modified":"2023-03-20T09:11:23","modified_gmt":"2023-03-20T15:11:23","slug":"ni-con-la-visita-del-presidente-cesaran-movilizaciones-de-los-normalistas","status":"publish","type":"post","link":"https:\/\/www.bbmnoticias.com\/labravaradiofm\/2023\/03\/20\/ni-con-la-visita-del-presidente-cesaran-movilizaciones-de-los-normalistas\/","title":{"rendered":"Ni con la visita del Presidente, cesar\u00e1n movilizaciones de los &#8220;normalistas&#8221;"},"content":{"rendered":"<div style=\"margin-top: 0px; margin-bottom: 0px;\" class=\"sharethis-inline-share-buttons\" ><\/div>\n<p><strong>Oaxaca, Oax.- <\/strong>Egresados normalistas anunciaron que mantendr\u00e1n sus movilizaciones durante esta semana, a pesar de la visita del Presidente Andr\u00e9s Manuel L\u00f3pez Obrador.<\/p>\n\n\n\n<p>Desde el interior del plant\u00f3n que mantienen frente al edificio de la Secci\u00f3n 22 de la CNTE, los j\u00f3venes han se\u00f1alado que no van a cesar en sus movilizaciones, argumentando falta de respuestas a sus demandas.<\/p>\n\n\n\n<p>Incluso, no han descartado aumentar las protestas, con la finalidad de que el presidente, Andr\u00e9s Manuel L\u00f3pez Obrador voltee a ver la situaci\u00f3n que se est\u00e1 presentando en Oaxaca.<\/p>\n\n\n\n<p>En la misma postura se encuentran los estudiantes de la Integrantes de la Coordinadora Estudiantil de Normalistas del Estado de Oaxaca (CENEO), quienes exigen respuestas a su pliego de demandas.<\/p>\n\n\n\n<p>Los j\u00f3venes precisaron que contin\u00faan sin recibir respuestas contundentes a su pliego, por lo que se mantendr\u00e1n en sus movilizaciones.<\/p>\n\n\n\n<p>Es de se\u00f1alar que en el caso de egresado normalistas, piden plazas autom\u00e1ticas, mientras que en el caso de los normalistas est\u00e1n exigiendo temas de infraestructura, becas, etc.<\/p>\n","protected":false},"excerpt":{"rendered":"<p>Oaxaca, Oax.- Egresados normalistas anunciaron que mantendr\u00e1n sus movilizaciones durante esta semana, a pesar de la visita del Presidente Andr\u00e9s Manuel L\u00f3pez Obrador. Desde el interior del plant\u00f3n que mantienen frente al edificio de la Secci\u00f3n 22 de la CNTE, los j\u00f3venes han se\u00f1alado que no van a cesar en sus movilizaciones, argumentando falta de [&hellip;]<\/p>\n","protected":false},"author":7,"featured_media":25151,"comment_status":"closed","ping_status":"closed","sticky":false,"template":"","format":"standard","meta":{"footnotes":""},"categories":[2],"tags":[],"class_list":{"0":"post-25150","1":"post","2":"type-post","3":"status-publish","4":"format-standard","5":"has-post-thumbnail","7":"category-oaxaca"},"yoast_head":"<!-- This site is optimized with the Yoast SEO plugin v27.4 - https:\/\/yoast.com\/product\/yoast-seo-wordpress\/ -->\n<title>Ni con la visita del Presidente, cesar\u00e1n movilizaciones de los &quot;normalistas&quot; - LA BRAVA RADIO<\/title>\n<meta name=\"robots\" content=\"index, follow, max-snippet:-1, max-image-preview:large, max-video-preview:-1\" \/>\n<link rel=\"canonical\" href=\"https:\/\/www.bbmnoticias.com\/labravaradiofm\/2023\/03\/20\/ni-con-la-visita-del-presidente-cesaran-movilizaciones-de-los-normalistas\/\" \/>\n<meta property=\"og:locale\" content=\"es_MX\" \/>\n<meta property=\"og:type\" content=\"article\" \/>\n<meta property=\"og:title\" content=\"Ni con la visita del Presidente, cesar\u00e1n movilizaciones de los &quot;normalistas&quot; - LA BRAVA RADIO\" \/>\n<meta property=\"og:description\" content=\"Oaxaca, Oax.- Egresados normalistas anunciaron que mantendr\u00e1n sus movilizaciones durante esta semana, a pesar de la visita del Presidente Andr\u00e9s Manuel L\u00f3pez Obrador. Desde el interior del plant\u00f3n que mantienen frente al edificio de la Secci\u00f3n 22 de la CNTE, los j\u00f3venes han se\u00f1alado que no van a cesar en sus movilizaciones, argumentando falta de [&hellip;]\" \/>\n<meta property=\"og:url\" content=\"https:\/\/www.bbmnoticias.com\/labravaradiofm\/2023\/03\/20\/ni-con-la-visita-del-presidente-cesaran-movilizaciones-de-los-normalistas\/\" \/>\n<meta property=\"og:site_name\" content=\"LA BRAVA RADIO\" \/>\n<meta property=\"article:published_time\" content=\"2023-03-20T15:11:23+00:00\" \/>\n<meta property=\"og:image\" content=\"https:\/\/www.bbmnoticias.com\/labravaradiofm\/wp-content\/uploads\/sites\/5\/2023\/03\/normalistas-oaxaca-3.jpg\" \/>\n\t<meta property=\"og:image:width\" content=\"360\" \/>\n\t<meta property=\"og:image:height\" content=\"261\" \/>\n\t<meta property=\"og:image:type\" content=\"image\/jpeg\" \/>\n<meta name=\"author\" content=\"Cuarta Plana\" \/>\n<meta name=\"twitter:card\" content=\"summary_large_image\" \/>\n<meta name=\"twitter:label1\" content=\"Escrito por\" \/>\n\t<meta name=\"twitter:data1\" content=\"Cuarta Plana\" \/>\n\t<meta name=\"twitter:label2\" content=\"Tiempo de lectura\" \/>\n\t<meta name=\"twitter:data2\" content=\"1 minuto\" \/>\n<script type=\"application\/ld+json\" class=\"yoast-schema-graph\">{\"@context\":\"https:\\\/\\\/schema.org\",\"@graph\":[{\"@type\":\"Article\",\"@id\":\"https:\\\/\\\/www.bbmnoticias.com\\\/labravaradiofm\\\/2023\\\/03\\\/20\\\/ni-con-la-visita-del-presidente-cesaran-movilizaciones-de-los-normalistas\\\/#article\",\"isPartOf\":{\"@id\":\"https:\\\/\\\/www.bbmnoticias.com\\\/labravaradiofm\\\/2023\\\/03\\\/20\\\/ni-con-la-visita-del-presidente-cesaran-movilizaciones-de-los-normalistas\\\/\"},\"author\":{\"name\":\"Cuarta Plana\",\"@id\":\"https:\\\/\\\/www.bbmnoticias.com\\\/labravaradiofm\\\/#\\\/schema\\\/person\\\/06701593a16bd7e2ef8a61c905892f7b\"},\"headline\":\"Ni con la visita del Presidente, cesar\u00e1n movilizaciones de los &#8220;normalistas&#8221;\",\"datePublished\":\"2023-03-20T15:11:23+00:00\",\"mainEntityOfPage\":{\"@id\":\"https:\\\/\\\/www.bbmnoticias.com\\\/labravaradiofm\\\/2023\\\/03\\\/20\\\/ni-con-la-visita-del-presidente-cesaran-movilizaciones-de-los-normalistas\\\/\"},\"wordCount\":194,\"image\":{\"@id\":\"https:\\\/\\\/www.bbmnoticias.com\\\/labravaradiofm\\\/2023\\\/03\\\/20\\\/ni-con-la-visita-del-presidente-cesaran-movilizaciones-de-los-normalistas\\\/#primaryimage\"},\"thumbnailUrl\":\"https:\\\/\\\/www.bbmnoticias.com\\\/labravaradiofm\\\/wp-content\\\/uploads\\\/sites\\\/5\\\/2023\\\/03\\\/normalistas-oaxaca-3.jpg\",\"articleSection\":[\"LOCAL\"],\"inLanguage\":\"es\"},{\"@type\":\"WebPage\",\"@id\":\"https:\\\/\\\/www.bbmnoticias.com\\\/labravaradiofm\\\/2023\\\/03\\\/20\\\/ni-con-la-visita-del-presidente-cesaran-movilizaciones-de-los-normalistas\\\/\",\"url\":\"https:\\\/\\\/www.bbmnoticias.com\\\/labravaradiofm\\\/2023\\\/03\\\/20\\\/ni-con-la-visita-del-presidente-cesaran-movilizaciones-de-los-normalistas\\\/\",\"name\":\"Ni con la visita del Presidente, cesar\u00e1n movilizaciones de los \\\"normalistas\\\" - LA BRAVA RADIO\",\"isPartOf\":{\"@id\":\"https:\\\/\\\/www.bbmnoticias.com\\\/labravaradiofm\\\/#website\"},\"primaryImageOfPage\":{\"@id\":\"https:\\\/\\\/www.bbmnoticias.com\\\/labravaradiofm\\\/2023\\\/03\\\/20\\\/ni-con-la-visita-del-presidente-cesaran-movilizaciones-de-los-normalistas\\\/#primaryimage\"},\"image\":{\"@id\":\"https:\\\/\\\/www.bbmnoticias.com\\\/labravaradiofm\\\/2023\\\/03\\\/20\\\/ni-con-la-visita-del-presidente-cesaran-movilizaciones-de-los-normalistas\\\/#primaryimage\"},\"thumbnailUrl\":\"https:\\\/\\\/www.bbmnoticias.com\\\/labravaradiofm\\\/wp-content\\\/uploads\\\/sites\\\/5\\\/2023\\\/03\\\/normalistas-oaxaca-3.jpg\",\"datePublished\":\"2023-03-20T15:11:23+00:00\",\"author\":{\"@id\":\"https:\\\/\\\/www.bbmnoticias.com\\\/labravaradiofm\\\/#\\\/schema\\\/person\\\/06701593a16bd7e2ef8a61c905892f7b\"},\"breadcrumb\":{\"@id\":\"https:\\\/\\\/www.bbmnoticias.com\\\/labravaradiofm\\\/2023\\\/03\\\/20\\\/ni-con-la-visita-del-presidente-cesaran-movilizaciones-de-los-normalistas\\\/#breadcrumb\"},\"inLanguage\":\"es\",\"potentialAction\":[{\"@type\":\"ReadAction\",\"target\":[\"https:\\\/\\\/www.bbmnoticias.com\\\/labravaradiofm\\\/2023\\\/03\\\/20\\\/ni-con-la-visita-del-presidente-cesaran-movilizaciones-de-los-normalistas\\\/\"]}]},{\"@type\":\"ImageObject\",\"inLanguage\":\"es\",\"@id\":\"https:\\\/\\\/www.bbmnoticias.com\\\/labravaradiofm\\\/2023\\\/03\\\/20\\\/ni-con-la-visita-del-presidente-cesaran-movilizaciones-de-los-normalistas\\\/#primaryimage\",\"url\":\"https:\\\/\\\/www.bbmnoticias.com\\\/labravaradiofm\\\/wp-content\\\/uploads\\\/sites\\\/5\\\/2023\\\/03\\\/normalistas-oaxaca-3.jpg\",\"contentUrl\":\"https:\\\/\\\/www.bbmnoticias.com\\\/labravaradiofm\\\/wp-content\\\/uploads\\\/sites\\\/5\\\/2023\\\/03\\\/normalistas-oaxaca-3.jpg\",\"width\":360,\"height\":261},{\"@type\":\"BreadcrumbList\",\"@id\":\"https:\\\/\\\/www.bbmnoticias.com\\\/labravaradiofm\\\/2023\\\/03\\\/20\\\/ni-con-la-visita-del-presidente-cesaran-movilizaciones-de-los-normalistas\\\/#breadcrumb\",\"itemListElement\":[{\"@type\":\"ListItem\",\"position\":1,\"name\":\"Inicio\",\"item\":\"https:\\\/\\\/www.bbmnoticias.com\\\/labravaradiofm\\\/\"},{\"@type\":\"ListItem\",\"position\":2,\"name\":\"Ni con la visita del Presidente, cesar\u00e1n movilizaciones de los &#8220;normalistas&#8221;\"}]},{\"@type\":\"WebSite\",\"@id\":\"https:\\\/\\\/www.bbmnoticias.com\\\/labravaradiofm\\\/#website\",\"url\":\"https:\\\/\\\/www.bbmnoticias.com\\\/labravaradiofm\\\/\",\"name\":\"LA BRAVA RADIO\",\"description\":\"Empresa productora de medios, Radiodifusi\u00f3n, Noticias, tendencias y todo lo que necesitas saber de la pol\u00edtica mexicana e internacional; entretenimiento, espect\u00e1culos, salud y mucho m\u00e1s.\",\"potentialAction\":[{\"@type\":\"SearchAction\",\"target\":{\"@type\":\"EntryPoint\",\"urlTemplate\":\"https:\\\/\\\/www.bbmnoticias.com\\\/labravaradiofm\\\/?s={search_term_string}\"},\"query-input\":{\"@type\":\"PropertyValueSpecification\",\"valueRequired\":true,\"valueName\":\"search_term_string\"}}],\"inLanguage\":\"es\"},{\"@type\":\"Person\",\"@id\":\"https:\\\/\\\/www.bbmnoticias.com\\\/labravaradiofm\\\/#\\\/schema\\\/person\\\/06701593a16bd7e2ef8a61c905892f7b\",\"name\":\"Cuarta Plana\",\"image\":{\"@type\":\"ImageObject\",\"inLanguage\":\"es\",\"@id\":\"https:\\\/\\\/secure.gravatar.com\\\/avatar\\\/569aeac3582b4864a79ffcd8468ada657f9c0cbf68c06542116f60dfa8c3c2d7?s=96&d=mm&r=g\",\"url\":\"https:\\\/\\\/secure.gravatar.com\\\/avatar\\\/569aeac3582b4864a79ffcd8468ada657f9c0cbf68c06542116f60dfa8c3c2d7?s=96&d=mm&r=g\",\"contentUrl\":\"https:\\\/\\\/secure.gravatar.com\\\/avatar\\\/569aeac3582b4864a79ffcd8468ada657f9c0cbf68c06542116f60dfa8c3c2d7?s=96&d=mm&r=g\",\"caption\":\"Cuarta Plana\"},\"url\":\"https:\\\/\\\/www.bbmnoticias.com\\\/labravaradiofm\\\/author\\\/cuartaplana\\\/\"}]}<\/script>\n<!-- \/ Yoast SEO plugin. -->","yoast_head_json":{"title":"Ni con la visita del Presidente, cesar\u00e1n movilizaciones de los \"normalistas\" - LA BRAVA RADIO","robots":{"index":"index","follow":"follow","max-snippet":"max-snippet:-1","max-image-preview":"max-image-preview:large","max-video-preview":"max-video-preview:-1"},"canonical":"https:\/\/www.bbmnoticias.com\/labravaradiofm\/2023\/03\/20\/ni-con-la-visita-del-presidente-cesaran-movilizaciones-de-los-normalistas\/","og_locale":"es_MX","og_type":"article","og_title":"Ni con la visita del Presidente, cesar\u00e1n movilizaciones de los \"normalistas\" - LA BRAVA RADIO","og_description":"Oaxaca, Oax.- Egresados normalistas anunciaron que mantendr\u00e1n sus movilizaciones durante esta semana, a pesar de la visita del Presidente Andr\u00e9s Manuel L\u00f3pez Obrador. Desde el interior del plant\u00f3n que mantienen frente al edificio de la Secci\u00f3n 22 de la CNTE, los j\u00f3venes han se\u00f1alado que no van a cesar en sus movilizaciones, argumentando falta de [&hellip;]","og_url":"https:\/\/www.bbmnoticias.com\/labravaradiofm\/2023\/03\/20\/ni-con-la-visita-del-presidente-cesaran-movilizaciones-de-los-normalistas\/","og_site_name":"LA BRAVA RADIO","article_published_time":"2023-03-20T15:11:23+00:00","og_image":[{"width":360,"height":261,"url":"https:\/\/www.bbmnoticias.com\/labravaradiofm\/wp-content\/uploads\/sites\/5\/2023\/03\/normalistas-oaxaca-3.jpg","type":"image\/jpeg"}],"author":"Cuarta Plana","twitter_card":"summary_large_image","twitter_misc":{"Escrito por":"Cuarta Plana","Tiempo de lectura":"1 minuto"},"schema":{"@context":"https:\/\/schema.org","@graph":[{"@type":"Article","@id":"https:\/\/www.bbmnoticias.com\/labravaradiofm\/2023\/03\/20\/ni-con-la-visita-del-presidente-cesaran-movilizaciones-de-los-normalistas\/#article","isPartOf":{"@id":"https:\/\/www.bbmnoticias.com\/labravaradiofm\/2023\/03\/20\/ni-con-la-visita-del-presidente-cesaran-movilizaciones-de-los-normalistas\/"},"author":{"name":"Cuarta Plana","@id":"https:\/\/www.bbmnoticias.com\/labravaradiofm\/#\/schema\/person\/06701593a16bd7e2ef8a61c905892f7b"},"headline":"Ni con la visita del Presidente, cesar\u00e1n movilizaciones de los &#8220;normalistas&#8221;","datePublished":"2023-03-20T15:11:23+00:00","mainEntityOfPage":{"@id":"https:\/\/www.bbmnoticias.com\/labravaradiofm\/2023\/03\/20\/ni-con-la-visita-del-presidente-cesaran-movilizaciones-de-los-normalistas\/"},"wordCount":194,"image":{"@id":"https:\/\/www.bbmnoticias.com\/labravaradiofm\/2023\/03\/20\/ni-con-la-visita-del-presidente-cesaran-movilizaciones-de-los-normalistas\/#primaryimage"},"thumbnailUrl":"https:\/\/www.bbmnoticias.com\/labravaradiofm\/wp-content\/uploads\/sites\/5\/2023\/03\/normalistas-oaxaca-3.jpg","articleSection":["LOCAL"],"inLanguage":"es"},{"@type":"WebPage","@id":"https:\/\/www.bbmnoticias.com\/labravaradiofm\/2023\/03\/20\/ni-con-la-visita-del-presidente-cesaran-movilizaciones-de-los-normalistas\/","url":"https:\/\/www.bbmnoticias.com\/labravaradiofm\/2023\/03\/20\/ni-con-la-visita-del-presidente-cesaran-movilizaciones-de-los-normalistas\/","name":"Ni con la visita del Presidente, cesar\u00e1n movilizaciones de los \"normalistas\" - LA BRAVA RADIO","isPartOf":{"@id":"https:\/\/www.bbmnoticias.com\/labravaradiofm\/#website"},"primaryImageOfPage":{"@id":"https:\/\/www.bbmnoticias.com\/labravaradiofm\/2023\/03\/20\/ni-con-la-visita-del-presidente-cesaran-movilizaciones-de-los-normalistas\/#primaryimage"},"image":{"@id":"https:\/\/www.bbmnoticias.com\/labravaradiofm\/2023\/03\/20\/ni-con-la-visita-del-presidente-cesaran-movilizaciones-de-los-normalistas\/#primaryimage"},"thumbnailUrl":"https:\/\/www.bbmnoticias.com\/labravaradiofm\/wp-content\/uploads\/sites\/5\/2023\/03\/normalistas-oaxaca-3.jpg","datePublished":"2023-03-20T15:11:23+00:00","author":{"@id":"https:\/\/www.bbmnoticias.com\/labravaradiofm\/#\/schema\/person\/06701593a16bd7e2ef8a61c905892f7b"},"breadcrumb":{"@id":"https:\/\/www.bbmnoticias.com\/labravaradiofm\/2023\/03\/20\/ni-con-la-visita-del-presidente-cesaran-movilizaciones-de-los-normalistas\/#breadcrumb"},"inLanguage":"es","potentialAction":[{"@type":"ReadAction","target":["https:\/\/www.bbmnoticias.com\/labravaradiofm\/2023\/03\/20\/ni-con-la-visita-del-presidente-cesaran-movilizaciones-de-los-normalistas\/"]}]},{"@type":"ImageObject","inLanguage":"es","@id":"https:\/\/www.bbmnoticias.com\/labravaradiofm\/2023\/03\/20\/ni-con-la-visita-del-presidente-cesaran-movilizaciones-de-los-normalistas\/#primaryimage","url":"https:\/\/www.bbmnoticias.com\/labravaradiofm\/wp-content\/uploads\/sites\/5\/2023\/03\/normalistas-oaxaca-3.jpg","contentUrl":"https:\/\/www.bbmnoticias.com\/labravaradiofm\/wp-content\/uploads\/sites\/5\/2023\/03\/normalistas-oaxaca-3.jpg","width":360,"height":261},{"@type":"BreadcrumbList","@id":"https:\/\/www.bbmnoticias.com\/labravaradiofm\/2023\/03\/20\/ni-con-la-visita-del-presidente-cesaran-movilizaciones-de-los-normalistas\/#breadcrumb","itemListElement":[{"@type":"ListItem","position":1,"name":"Inicio","item":"https:\/\/www.bbmnoticias.com\/labravaradiofm\/"},{"@type":"ListItem","position":2,"name":"Ni con la visita del Presidente, cesar\u00e1n movilizaciones de los &#8220;normalistas&#8221;"}]},{"@type":"WebSite","@id":"https:\/\/www.bbmnoticias.com\/labravaradiofm\/#website","url":"https:\/\/www.bbmnoticias.com\/labravaradiofm\/","name":"LA BRAVA RADIO","description":"Empresa productora de medios, Radiodifusi\u00f3n, Noticias, tendencias y todo lo que necesitas saber de la pol\u00edtica mexicana e internacional; entretenimiento, espect\u00e1culos, salud y mucho m\u00e1s.","potentialAction":[{"@type":"SearchAction","target":{"@type":"EntryPoint","urlTemplate":"https:\/\/www.bbmnoticias.com\/labravaradiofm\/?s={search_term_string}"},"query-input":{"@type":"PropertyValueSpecification","valueRequired":true,"valueName":"search_term_string"}}],"inLanguage":"es"},{"@type":"Person","@id":"https:\/\/www.bbmnoticias.com\/labravaradiofm\/#\/schema\/person\/06701593a16bd7e2ef8a61c905892f7b","name":"Cuarta Plana","image":{"@type":"ImageObject","inLanguage":"es","@id":"https:\/\/secure.gravatar.com\/avatar\/569aeac3582b4864a79ffcd8468ada657f9c0cbf68c06542116f60dfa8c3c2d7?s=96&d=mm&r=g","url":"https:\/\/secure.gravatar.com\/avatar\/569aeac3582b4864a79ffcd8468ada657f9c0cbf68c06542116f60dfa8c3c2d7?s=96&d=mm&r=g","contentUrl":"https:\/\/secure.gravatar.com\/avatar\/569aeac3582b4864a79ffcd8468ada657f9c0cbf68c06542116f60dfa8c3c2d7?s=96&d=mm&r=g","caption":"Cuarta Plana"},"url":"https:\/\/www.bbmnoticias.com\/labravaradiofm\/author\/cuartaplana\/"}]}},"_links":{"self":[{"href":"https:\/\/www.bbmnoticias.com\/labravaradiofm\/wp-json\/wp\/v2\/posts\/25150","targetHints":{"allow":["GET"]}}],"collection":[{"href":"https:\/\/www.bbmnoticias.com\/labravaradiofm\/wp-json\/wp\/v2\/posts"}],"about":[{"href":"https:\/\/www.bbmnoticias.com\/labravaradiofm\/wp-json\/wp\/v2\/types\/post"}],"author":[{"embeddable":true,"href":"https:\/\/www.bbmnoticias.com\/labravaradiofm\/wp-json\/wp\/v2\/users\/7"}],"replies":[{"embeddable":true,"href":"https:\/\/www.bbmnoticias.com\/labravaradiofm\/wp-json\/wp\/v2\/comments?post=25150"}],"version-history":[{"count":0,"href":"https:\/\/www.bbmnoticias.com\/labravaradiofm\/wp-json\/wp\/v2\/posts\/25150\/revisions"}],"wp:featuredmedia":[{"embeddable":true,"href":"https:\/\/www.bbmnoticias.com\/labravaradiofm\/wp-json\/wp\/v2\/media\/25151"}],"wp:attachment":[{"href":"https:\/\/www.bbmnoticias.com\/labravaradiofm\/wp-json\/wp\/v2\/media?parent=25150"}],"wp:term":[{"taxonomy":"category","embeddable":true,"href":"https:\/\/www.bbmnoticias.com\/labravaradiofm\/wp-json\/wp\/v2\/categories?post=25150"},{"taxonomy":"post_tag","embeddable":true,"href":"https:\/\/www.bbmnoticias.com\/labravaradiofm\/wp-json\/wp\/v2\/tags?post=25150"}],"curies":[{"name":"wp","href":"https:\/\/api.w.org\/{rel}","templated":true}]}}