{"id":25136,"date":"2023-03-19T20:46:00","date_gmt":"2023-03-20T02:46:00","guid":{"rendered":"https:\/\/www.bbmnoticias.com\/labravaradiofm\/?p=25136"},"modified":"2023-03-19T20:46:00","modified_gmt":"2023-03-20T02:46:00","slug":"gobierno-de-nl-advierte-a-pemex-por-posible-clausura-de-refineria-de-cadereyta-por-emision-de-gases-nocivos","status":"publish","type":"post","link":"https:\/\/www.bbmnoticias.com\/labravaradiofm\/2023\/03\/19\/gobierno-de-nl-advierte-a-pemex-por-posible-clausura-de-refineria-de-cadereyta-por-emision-de-gases-nocivos\/","title":{"rendered":"Gobierno de NL advierte a Pemex por posible clausura de refiner\u00eda de Cadereyta por emisi\u00f3n de gases nocivos"},"content":{"rendered":"<div style=\"margin-top: 0px; margin-bottom: 0px;\" class=\"sharethis-inline-share-buttons\" ><\/div>\n<p>El gobierno de <strong>Nuevo Le\u00f3n<\/strong>, del emecista <strong>Samuel Garc\u00eda<\/strong>, inform\u00f3 que no descarta la clausura de la refiner\u00eda de Cadereyta, de Petr\u00f3leos Mexcanos, luego de que han sido constantes las emisiones de gases nocivos a la salud en el \u00e1rea metropolitana de <strong>Monterrey.<\/strong><\/p>\n\n\n\n<p>En un comunicado, la administraci\u00f3n del gobernador <strong>Samuel Garc\u00eda<\/strong> explica que, pese a ser de injerencia federal, el estado tiene la facultad de cerrar la refiner\u00eda de Petr\u00f3leos Mexicanos.<\/p>\n\n\n\n<p>F\u00e9lix Arratia, Secretario de Medio Ambiente en el estado, se\u00f1al\u00f3 en el comunicado que se puede llegar a una clausura, a pesar de que la refiner\u00eda es de injerencia federal, con fundamento en el art\u00edculo 230 de la Ley Ambiental del Estado, el cual a la letra dice:<\/p>\n\n\n\n<p>\u201cCuando se detecte alguna presunta irregularidad de competencia federal, y la Secretar\u00eda o los Municipios, seg\u00fan sea el caso, determinen la existencia de elementos suficientes para configurar una infracci\u00f3n a las disposiciones ambientales que correspondan, podr\u00e1n aplicar por s\u00ed, las medidas de seguridad que resulten necesarias para proteger el equilibrio ecol\u00f3gico y evitar da\u00f1os al ambiente, sin perjuicio de las facultades que a la Federaci\u00f3n competen en la materia, y en un t\u00e9rmino no mayor a 2-d\u00edas h\u00e1biles, pondr\u00e1n los hechos en conocimiento de la autoridad que corresponda y le remitir\u00e1n copia de todo lo actuado; en caso de ser un asunto de competencia Municipal que atienda el Estado o viceversa, se actuar\u00e1 conforme al mismo procedimiento.<\/p>\n\n\n\n<p>&#8220;La autoridad responsable deber\u00e1 de hacer del conocimiento de la autoridad que haya detectado la irregularidad en primera instancia, las actuaciones subsecuentes, hasta su conclusi\u00f3n\u201d, dice el art\u00edculo citado por el comunicado.<\/p>\n\n\n\n<p>En un video en redes sociales, el gobernador afirma que en redes sociales circulan videos alarmantes de la contaminaci\u00f3n emitida por la refiner\u00eda.<\/p>\n\n\n\n<p>&#8220;Estoy pidiendo una reuni\u00f3n urgente con el director y estoy hablando con el Presidente&#8221;, dice Garc\u00eda.&nbsp;<\/p>\n\n\n\n<p>Refiere que la falla se debe a unos compresores y esto &#8220;descontrol\u00f3 la operaci\u00f3n de la planta catal\u00edtica. Vamos a poner sanciones fuertes&#8221;, dijo el mandatario.<\/p>\n\n\n\n<p>Seg\u00fan el Sistema Integral de Monitoreo Ambiental de la Secretar\u00eda de Medio Ambiente en Nuevo Le\u00f3n, la estaci\u00f3n situada en Cadereyta ha reportado un incremento en las emisiones por las noches.<\/p>\n\n\n\n<p>&#8220;Cada noche a partir aproximadamente de las 20:00 horas se intensifican las emisiones de la Refiner\u00eda de Cadereyta. En especial durante esta \u00e9poca del a\u00f1o y debido a las condiciones meteorol\u00f3gicas prevalecientes, es muy obvio el impacto de sus emisiones que pueden observarse como se dispersan por el \u00c1rea Metropolitana de Monterrey.&#8221;<\/p>\n\n\n\n<p>Y es que en el reciente inventario de emisiones se ha determinado que la Refiner\u00eda de Cadereyta emite m\u00e1s del 90% de todo el di\u00f3xido de azufre que se emite en el \u00c1rea Metropolitana de Monterrey.&nbsp;El di\u00f3xido de azufre es un gas que afecta la salud de la poblaci\u00f3n de manera aguda en especial de las v\u00edas respiratorias, la boca y los ojos. Del mismo modo el di\u00f3xido de azufre es precursor de part\u00edculas PM 2.5 en espec\u00edfico de sulfatos. Los sulfatos representan alrededor del 20% de las part\u00edculas menores a 2.5 micras (PM 2.5).<\/p>\n\n\n\n<p>La exposici\u00f3n a estas part\u00edculas por un largo plazo, dice el comunicado de Nuevo Le\u00f3n, est\u00e1 vinculada a un incremento en la proporci\u00f3n de casos de enfermedades tales como la diabetes, enfermedades isqu\u00e9micas del coraz\u00f3n, accidentes cerebro vasculares, enfermedad pulmonar obstructiva cr\u00f3nica, c\u00e1ncer de pulm\u00f3n e infecciones respiratorias agudas;&nbsp; entre otras enfermedades.<\/p>\n","protected":false},"excerpt":{"rendered":"<p>El gobierno de Nuevo Le\u00f3n, del emecista Samuel Garc\u00eda, inform\u00f3 que no descarta la clausura de la refiner\u00eda de Cadereyta, de Petr\u00f3leos Mexcanos, luego de que han sido constantes las emisiones de gases nocivos a la salud en el \u00e1rea metropolitana de Monterrey. En un comunicado, la administraci\u00f3n del gobernador Samuel Garc\u00eda explica que, pese [&hellip;]<\/p>\n","protected":false},"author":2,"featured_media":25137,"comment_status":"closed","ping_status":"closed","sticky":false,"template":"","format":"standard","meta":{"footnotes":""},"categories":[19],"tags":[],"class_list":{"0":"post-25136","1":"post","2":"type-post","3":"status-publish","4":"format-standard","5":"has-post-thumbnail","7":"category-nacional"},"yoast_head":"<!-- This site is optimized with the Yoast SEO plugin v27.4 - https:\/\/yoast.com\/product\/yoast-seo-wordpress\/ -->\n<title>Gobierno de NL advierte a Pemex por posible clausura de refiner\u00eda de Cadereyta por emisi\u00f3n de gases nocivos - LA BRAVA RADIO<\/title>\n<meta name=\"robots\" content=\"index, follow, max-snippet:-1, max-image-preview:large, max-video-preview:-1\" \/>\n<link rel=\"canonical\" href=\"https:\/\/www.bbmnoticias.com\/labravaradiofm\/2023\/03\/19\/gobierno-de-nl-advierte-a-pemex-por-posible-clausura-de-refineria-de-cadereyta-por-emision-de-gases-nocivos\/\" \/>\n<meta property=\"og:locale\" content=\"es_MX\" \/>\n<meta property=\"og:type\" content=\"article\" \/>\n<meta property=\"og:title\" content=\"Gobierno de NL advierte a Pemex por posible clausura de refiner\u00eda de Cadereyta por emisi\u00f3n de gases nocivos - LA BRAVA RADIO\" \/>\n<meta property=\"og:description\" content=\"El gobierno de Nuevo Le\u00f3n, del emecista Samuel Garc\u00eda, inform\u00f3 que no descarta la clausura de la refiner\u00eda de Cadereyta, de Petr\u00f3leos Mexcanos, luego de que han sido constantes las emisiones de gases nocivos a la salud en el \u00e1rea metropolitana de Monterrey. En un comunicado, la administraci\u00f3n del gobernador Samuel Garc\u00eda explica que, pese [&hellip;]\" \/>\n<meta property=\"og:url\" content=\"https:\/\/www.bbmnoticias.com\/labravaradiofm\/2023\/03\/19\/gobierno-de-nl-advierte-a-pemex-por-posible-clausura-de-refineria-de-cadereyta-por-emision-de-gases-nocivos\/\" \/>\n<meta property=\"og:site_name\" content=\"LA BRAVA RADIO\" \/>\n<meta property=\"article:published_time\" content=\"2023-03-20T02:46:00+00:00\" \/>\n<meta property=\"og:image\" content=\"https:\/\/www.bbmnoticias.com\/labravaradiofm\/wp-content\/uploads\/sites\/5\/2023\/03\/sameul_garcia_pemex_refineria.jpg\" \/>\n\t<meta property=\"og:image:width\" content=\"1201\" \/>\n\t<meta property=\"og:image:height\" content=\"740\" \/>\n\t<meta property=\"og:image:type\" content=\"image\/jpeg\" \/>\n<meta name=\"author\" content=\"Staff\" \/>\n<meta name=\"twitter:card\" content=\"summary_large_image\" \/>\n<meta name=\"twitter:label1\" content=\"Escrito por\" \/>\n\t<meta name=\"twitter:data1\" content=\"Staff\" \/>\n\t<meta name=\"twitter:label2\" content=\"Tiempo de lectura\" \/>\n\t<meta name=\"twitter:data2\" content=\"3 minutos\" \/>\n<script type=\"application\/ld+json\" class=\"yoast-schema-graph\">{\"@context\":\"https:\\\/\\\/schema.org\",\"@graph\":[{\"@type\":\"Article\",\"@id\":\"https:\\\/\\\/www.bbmnoticias.com\\\/labravaradiofm\\\/2023\\\/03\\\/19\\\/gobierno-de-nl-advierte-a-pemex-por-posible-clausura-de-refineria-de-cadereyta-por-emision-de-gases-nocivos\\\/#article\",\"isPartOf\":{\"@id\":\"https:\\\/\\\/www.bbmnoticias.com\\\/labravaradiofm\\\/2023\\\/03\\\/19\\\/gobierno-de-nl-advierte-a-pemex-por-posible-clausura-de-refineria-de-cadereyta-por-emision-de-gases-nocivos\\\/\"},\"author\":{\"name\":\"Staff\",\"@id\":\"https:\\\/\\\/www.bbmnoticias.com\\\/labravaradiofm\\\/#\\\/schema\\\/person\\\/34b139c617a70ea5bef5678bffe4dd7b\"},\"headline\":\"Gobierno de NL advierte a Pemex por posible clausura de refiner\u00eda de Cadereyta por emisi\u00f3n de gases nocivos\",\"datePublished\":\"2023-03-20T02:46:00+00:00\",\"mainEntityOfPage\":{\"@id\":\"https:\\\/\\\/www.bbmnoticias.com\\\/labravaradiofm\\\/2023\\\/03\\\/19\\\/gobierno-de-nl-advierte-a-pemex-por-posible-clausura-de-refineria-de-cadereyta-por-emision-de-gases-nocivos\\\/\"},\"wordCount\":639,\"image\":{\"@id\":\"https:\\\/\\\/www.bbmnoticias.com\\\/labravaradiofm\\\/2023\\\/03\\\/19\\\/gobierno-de-nl-advierte-a-pemex-por-posible-clausura-de-refineria-de-cadereyta-por-emision-de-gases-nocivos\\\/#primaryimage\"},\"thumbnailUrl\":\"https:\\\/\\\/www.bbmnoticias.com\\\/labravaradiofm\\\/wp-content\\\/uploads\\\/sites\\\/5\\\/2023\\\/03\\\/sameul_garcia_pemex_refineria.jpg\",\"articleSection\":[\"NACIONAL\"],\"inLanguage\":\"es\"},{\"@type\":\"WebPage\",\"@id\":\"https:\\\/\\\/www.bbmnoticias.com\\\/labravaradiofm\\\/2023\\\/03\\\/19\\\/gobierno-de-nl-advierte-a-pemex-por-posible-clausura-de-refineria-de-cadereyta-por-emision-de-gases-nocivos\\\/\",\"url\":\"https:\\\/\\\/www.bbmnoticias.com\\\/labravaradiofm\\\/2023\\\/03\\\/19\\\/gobierno-de-nl-advierte-a-pemex-por-posible-clausura-de-refineria-de-cadereyta-por-emision-de-gases-nocivos\\\/\",\"name\":\"Gobierno de NL advierte a Pemex por posible clausura de refiner\u00eda de Cadereyta por emisi\u00f3n de gases nocivos - LA BRAVA RADIO\",\"isPartOf\":{\"@id\":\"https:\\\/\\\/www.bbmnoticias.com\\\/labravaradiofm\\\/#website\"},\"primaryImageOfPage\":{\"@id\":\"https:\\\/\\\/www.bbmnoticias.com\\\/labravaradiofm\\\/2023\\\/03\\\/19\\\/gobierno-de-nl-advierte-a-pemex-por-posible-clausura-de-refineria-de-cadereyta-por-emision-de-gases-nocivos\\\/#primaryimage\"},\"image\":{\"@id\":\"https:\\\/\\\/www.bbmnoticias.com\\\/labravaradiofm\\\/2023\\\/03\\\/19\\\/gobierno-de-nl-advierte-a-pemex-por-posible-clausura-de-refineria-de-cadereyta-por-emision-de-gases-nocivos\\\/#primaryimage\"},\"thumbnailUrl\":\"https:\\\/\\\/www.bbmnoticias.com\\\/labravaradiofm\\\/wp-content\\\/uploads\\\/sites\\\/5\\\/2023\\\/03\\\/sameul_garcia_pemex_refineria.jpg\",\"datePublished\":\"2023-03-20T02:46:00+00:00\",\"author\":{\"@id\":\"https:\\\/\\\/www.bbmnoticias.com\\\/labravaradiofm\\\/#\\\/schema\\\/person\\\/34b139c617a70ea5bef5678bffe4dd7b\"},\"breadcrumb\":{\"@id\":\"https:\\\/\\\/www.bbmnoticias.com\\\/labravaradiofm\\\/2023\\\/03\\\/19\\\/gobierno-de-nl-advierte-a-pemex-por-posible-clausura-de-refineria-de-cadereyta-por-emision-de-gases-nocivos\\\/#breadcrumb\"},\"inLanguage\":\"es\",\"potentialAction\":[{\"@type\":\"ReadAction\",\"target\":[\"https:\\\/\\\/www.bbmnoticias.com\\\/labravaradiofm\\\/2023\\\/03\\\/19\\\/gobierno-de-nl-advierte-a-pemex-por-posible-clausura-de-refineria-de-cadereyta-por-emision-de-gases-nocivos\\\/\"]}]},{\"@type\":\"ImageObject\",\"inLanguage\":\"es\",\"@id\":\"https:\\\/\\\/www.bbmnoticias.com\\\/labravaradiofm\\\/2023\\\/03\\\/19\\\/gobierno-de-nl-advierte-a-pemex-por-posible-clausura-de-refineria-de-cadereyta-por-emision-de-gases-nocivos\\\/#primaryimage\",\"url\":\"https:\\\/\\\/www.bbmnoticias.com\\\/labravaradiofm\\\/wp-content\\\/uploads\\\/sites\\\/5\\\/2023\\\/03\\\/sameul_garcia_pemex_refineria.jpg\",\"contentUrl\":\"https:\\\/\\\/www.bbmnoticias.com\\\/labravaradiofm\\\/wp-content\\\/uploads\\\/sites\\\/5\\\/2023\\\/03\\\/sameul_garcia_pemex_refineria.jpg\",\"width\":1201,\"height\":740},{\"@type\":\"BreadcrumbList\",\"@id\":\"https:\\\/\\\/www.bbmnoticias.com\\\/labravaradiofm\\\/2023\\\/03\\\/19\\\/gobierno-de-nl-advierte-a-pemex-por-posible-clausura-de-refineria-de-cadereyta-por-emision-de-gases-nocivos\\\/#breadcrumb\",\"itemListElement\":[{\"@type\":\"ListItem\",\"position\":1,\"name\":\"Inicio\",\"item\":\"https:\\\/\\\/www.bbmnoticias.com\\\/labravaradiofm\\\/\"},{\"@type\":\"ListItem\",\"position\":2,\"name\":\"Gobierno de NL advierte a Pemex por posible clausura de refiner\u00eda de Cadereyta por emisi\u00f3n de gases nocivos\"}]},{\"@type\":\"WebSite\",\"@id\":\"https:\\\/\\\/www.bbmnoticias.com\\\/labravaradiofm\\\/#website\",\"url\":\"https:\\\/\\\/www.bbmnoticias.com\\\/labravaradiofm\\\/\",\"name\":\"LA BRAVA RADIO\",\"description\":\"Empresa productora de medios, Radiodifusi\u00f3n, Noticias, tendencias y todo lo que necesitas saber de la pol\u00edtica mexicana e internacional; entretenimiento, espect\u00e1culos, salud y mucho m\u00e1s.\",\"potentialAction\":[{\"@type\":\"SearchAction\",\"target\":{\"@type\":\"EntryPoint\",\"urlTemplate\":\"https:\\\/\\\/www.bbmnoticias.com\\\/labravaradiofm\\\/?s={search_term_string}\"},\"query-input\":{\"@type\":\"PropertyValueSpecification\",\"valueRequired\":true,\"valueName\":\"search_term_string\"}}],\"inLanguage\":\"es\"},{\"@type\":\"Person\",\"@id\":\"https:\\\/\\\/www.bbmnoticias.com\\\/labravaradiofm\\\/#\\\/schema\\\/person\\\/34b139c617a70ea5bef5678bffe4dd7b\",\"name\":\"Staff\",\"image\":{\"@type\":\"ImageObject\",\"inLanguage\":\"es\",\"@id\":\"https:\\\/\\\/secure.gravatar.com\\\/avatar\\\/fdd21ad66fd8b98c407f9dee5b5e588cfe7f0d8579ec20fa6527cd59bab7f0f0?s=96&d=mm&r=g\",\"url\":\"https:\\\/\\\/secure.gravatar.com\\\/avatar\\\/fdd21ad66fd8b98c407f9dee5b5e588cfe7f0d8579ec20fa6527cd59bab7f0f0?s=96&d=mm&r=g\",\"contentUrl\":\"https:\\\/\\\/secure.gravatar.com\\\/avatar\\\/fdd21ad66fd8b98c407f9dee5b5e588cfe7f0d8579ec20fa6527cd59bab7f0f0?s=96&d=mm&r=g\",\"caption\":\"Staff\"},\"url\":\"https:\\\/\\\/www.bbmnoticias.com\\\/labravaradiofm\\\/author\\\/redaccion\\\/\"}]}<\/script>\n<!-- \/ Yoast SEO plugin. -->","yoast_head_json":{"title":"Gobierno de NL advierte a Pemex por posible clausura de refiner\u00eda de Cadereyta por emisi\u00f3n de gases nocivos - LA BRAVA RADIO","robots":{"index":"index","follow":"follow","max-snippet":"max-snippet:-1","max-image-preview":"max-image-preview:large","max-video-preview":"max-video-preview:-1"},"canonical":"https:\/\/www.bbmnoticias.com\/labravaradiofm\/2023\/03\/19\/gobierno-de-nl-advierte-a-pemex-por-posible-clausura-de-refineria-de-cadereyta-por-emision-de-gases-nocivos\/","og_locale":"es_MX","og_type":"article","og_title":"Gobierno de NL advierte a Pemex por posible clausura de refiner\u00eda de Cadereyta por emisi\u00f3n de gases nocivos - LA BRAVA RADIO","og_description":"El gobierno de Nuevo Le\u00f3n, del emecista Samuel Garc\u00eda, inform\u00f3 que no descarta la clausura de la refiner\u00eda de Cadereyta, de Petr\u00f3leos Mexcanos, luego de que han sido constantes las emisiones de gases nocivos a la salud en el \u00e1rea metropolitana de Monterrey. En un comunicado, la administraci\u00f3n del gobernador Samuel Garc\u00eda explica que, pese [&hellip;]","og_url":"https:\/\/www.bbmnoticias.com\/labravaradiofm\/2023\/03\/19\/gobierno-de-nl-advierte-a-pemex-por-posible-clausura-de-refineria-de-cadereyta-por-emision-de-gases-nocivos\/","og_site_name":"LA BRAVA RADIO","article_published_time":"2023-03-20T02:46:00+00:00","og_image":[{"width":1201,"height":740,"url":"https:\/\/www.bbmnoticias.com\/labravaradiofm\/wp-content\/uploads\/sites\/5\/2023\/03\/sameul_garcia_pemex_refineria.jpg","type":"image\/jpeg"}],"author":"Staff","twitter_card":"summary_large_image","twitter_misc":{"Escrito por":"Staff","Tiempo de lectura":"3 minutos"},"schema":{"@context":"https:\/\/schema.org","@graph":[{"@type":"Article","@id":"https:\/\/www.bbmnoticias.com\/labravaradiofm\/2023\/03\/19\/gobierno-de-nl-advierte-a-pemex-por-posible-clausura-de-refineria-de-cadereyta-por-emision-de-gases-nocivos\/#article","isPartOf":{"@id":"https:\/\/www.bbmnoticias.com\/labravaradiofm\/2023\/03\/19\/gobierno-de-nl-advierte-a-pemex-por-posible-clausura-de-refineria-de-cadereyta-por-emision-de-gases-nocivos\/"},"author":{"name":"Staff","@id":"https:\/\/www.bbmnoticias.com\/labravaradiofm\/#\/schema\/person\/34b139c617a70ea5bef5678bffe4dd7b"},"headline":"Gobierno de NL advierte a Pemex por posible clausura de refiner\u00eda de Cadereyta por emisi\u00f3n de gases nocivos","datePublished":"2023-03-20T02:46:00+00:00","mainEntityOfPage":{"@id":"https:\/\/www.bbmnoticias.com\/labravaradiofm\/2023\/03\/19\/gobierno-de-nl-advierte-a-pemex-por-posible-clausura-de-refineria-de-cadereyta-por-emision-de-gases-nocivos\/"},"wordCount":639,"image":{"@id":"https:\/\/www.bbmnoticias.com\/labravaradiofm\/2023\/03\/19\/gobierno-de-nl-advierte-a-pemex-por-posible-clausura-de-refineria-de-cadereyta-por-emision-de-gases-nocivos\/#primaryimage"},"thumbnailUrl":"https:\/\/www.bbmnoticias.com\/labravaradiofm\/wp-content\/uploads\/sites\/5\/2023\/03\/sameul_garcia_pemex_refineria.jpg","articleSection":["NACIONAL"],"inLanguage":"es"},{"@type":"WebPage","@id":"https:\/\/www.bbmnoticias.com\/labravaradiofm\/2023\/03\/19\/gobierno-de-nl-advierte-a-pemex-por-posible-clausura-de-refineria-de-cadereyta-por-emision-de-gases-nocivos\/","url":"https:\/\/www.bbmnoticias.com\/labravaradiofm\/2023\/03\/19\/gobierno-de-nl-advierte-a-pemex-por-posible-clausura-de-refineria-de-cadereyta-por-emision-de-gases-nocivos\/","name":"Gobierno de NL advierte a Pemex por posible clausura de refiner\u00eda de Cadereyta por emisi\u00f3n de gases nocivos - LA BRAVA RADIO","isPartOf":{"@id":"https:\/\/www.bbmnoticias.com\/labravaradiofm\/#website"},"primaryImageOfPage":{"@id":"https:\/\/www.bbmnoticias.com\/labravaradiofm\/2023\/03\/19\/gobierno-de-nl-advierte-a-pemex-por-posible-clausura-de-refineria-de-cadereyta-por-emision-de-gases-nocivos\/#primaryimage"},"image":{"@id":"https:\/\/www.bbmnoticias.com\/labravaradiofm\/2023\/03\/19\/gobierno-de-nl-advierte-a-pemex-por-posible-clausura-de-refineria-de-cadereyta-por-emision-de-gases-nocivos\/#primaryimage"},"thumbnailUrl":"https:\/\/www.bbmnoticias.com\/labravaradiofm\/wp-content\/uploads\/sites\/5\/2023\/03\/sameul_garcia_pemex_refineria.jpg","datePublished":"2023-03-20T02:46:00+00:00","author":{"@id":"https:\/\/www.bbmnoticias.com\/labravaradiofm\/#\/schema\/person\/34b139c617a70ea5bef5678bffe4dd7b"},"breadcrumb":{"@id":"https:\/\/www.bbmnoticias.com\/labravaradiofm\/2023\/03\/19\/gobierno-de-nl-advierte-a-pemex-por-posible-clausura-de-refineria-de-cadereyta-por-emision-de-gases-nocivos\/#breadcrumb"},"inLanguage":"es","potentialAction":[{"@type":"ReadAction","target":["https:\/\/www.bbmnoticias.com\/labravaradiofm\/2023\/03\/19\/gobierno-de-nl-advierte-a-pemex-por-posible-clausura-de-refineria-de-cadereyta-por-emision-de-gases-nocivos\/"]}]},{"@type":"ImageObject","inLanguage":"es","@id":"https:\/\/www.bbmnoticias.com\/labravaradiofm\/2023\/03\/19\/gobierno-de-nl-advierte-a-pemex-por-posible-clausura-de-refineria-de-cadereyta-por-emision-de-gases-nocivos\/#primaryimage","url":"https:\/\/www.bbmnoticias.com\/labravaradiofm\/wp-content\/uploads\/sites\/5\/2023\/03\/sameul_garcia_pemex_refineria.jpg","contentUrl":"https:\/\/www.bbmnoticias.com\/labravaradiofm\/wp-content\/uploads\/sites\/5\/2023\/03\/sameul_garcia_pemex_refineria.jpg","width":1201,"height":740},{"@type":"BreadcrumbList","@id":"https:\/\/www.bbmnoticias.com\/labravaradiofm\/2023\/03\/19\/gobierno-de-nl-advierte-a-pemex-por-posible-clausura-de-refineria-de-cadereyta-por-emision-de-gases-nocivos\/#breadcrumb","itemListElement":[{"@type":"ListItem","position":1,"name":"Inicio","item":"https:\/\/www.bbmnoticias.com\/labravaradiofm\/"},{"@type":"ListItem","position":2,"name":"Gobierno de NL advierte a Pemex por posible clausura de refiner\u00eda de Cadereyta por emisi\u00f3n de gases nocivos"}]},{"@type":"WebSite","@id":"https:\/\/www.bbmnoticias.com\/labravaradiofm\/#website","url":"https:\/\/www.bbmnoticias.com\/labravaradiofm\/","name":"LA BRAVA RADIO","description":"Empresa productora de medios, Radiodifusi\u00f3n, Noticias, tendencias y todo lo que necesitas saber de la pol\u00edtica mexicana e internacional; entretenimiento, espect\u00e1culos, salud y mucho m\u00e1s.","potentialAction":[{"@type":"SearchAction","target":{"@type":"EntryPoint","urlTemplate":"https:\/\/www.bbmnoticias.com\/labravaradiofm\/?s={search_term_string}"},"query-input":{"@type":"PropertyValueSpecification","valueRequired":true,"valueName":"search_term_string"}}],"inLanguage":"es"},{"@type":"Person","@id":"https:\/\/www.bbmnoticias.com\/labravaradiofm\/#\/schema\/person\/34b139c617a70ea5bef5678bffe4dd7b","name":"Staff","image":{"@type":"ImageObject","inLanguage":"es","@id":"https:\/\/secure.gravatar.com\/avatar\/fdd21ad66fd8b98c407f9dee5b5e588cfe7f0d8579ec20fa6527cd59bab7f0f0?s=96&d=mm&r=g","url":"https:\/\/secure.gravatar.com\/avatar\/fdd21ad66fd8b98c407f9dee5b5e588cfe7f0d8579ec20fa6527cd59bab7f0f0?s=96&d=mm&r=g","contentUrl":"https:\/\/secure.gravatar.com\/avatar\/fdd21ad66fd8b98c407f9dee5b5e588cfe7f0d8579ec20fa6527cd59bab7f0f0?s=96&d=mm&r=g","caption":"Staff"},"url":"https:\/\/www.bbmnoticias.com\/labravaradiofm\/author\/redaccion\/"}]}},"_links":{"self":[{"href":"https:\/\/www.bbmnoticias.com\/labravaradiofm\/wp-json\/wp\/v2\/posts\/25136","targetHints":{"allow":["GET"]}}],"collection":[{"href":"https:\/\/www.bbmnoticias.com\/labravaradiofm\/wp-json\/wp\/v2\/posts"}],"about":[{"href":"https:\/\/www.bbmnoticias.com\/labravaradiofm\/wp-json\/wp\/v2\/types\/post"}],"author":[{"embeddable":true,"href":"https:\/\/www.bbmnoticias.com\/labravaradiofm\/wp-json\/wp\/v2\/users\/2"}],"replies":[{"embeddable":true,"href":"https:\/\/www.bbmnoticias.com\/labravaradiofm\/wp-json\/wp\/v2\/comments?post=25136"}],"version-history":[{"count":0,"href":"https:\/\/www.bbmnoticias.com\/labravaradiofm\/wp-json\/wp\/v2\/posts\/25136\/revisions"}],"wp:featuredmedia":[{"embeddable":true,"href":"https:\/\/www.bbmnoticias.com\/labravaradiofm\/wp-json\/wp\/v2\/media\/25137"}],"wp:attachment":[{"href":"https:\/\/www.bbmnoticias.com\/labravaradiofm\/wp-json\/wp\/v2\/media?parent=25136"}],"wp:term":[{"taxonomy":"category","embeddable":true,"href":"https:\/\/www.bbmnoticias.com\/labravaradiofm\/wp-json\/wp\/v2\/categories?post=25136"},{"taxonomy":"post_tag","embeddable":true,"href":"https:\/\/www.bbmnoticias.com\/labravaradiofm\/wp-json\/wp\/v2\/tags?post=25136"}],"curies":[{"name":"wp","href":"https:\/\/api.w.org\/{rel}","templated":true}]}}