{"id":25123,"date":"2023-03-19T20:16:31","date_gmt":"2023-03-20T02:16:31","guid":{"rendered":"https:\/\/www.bbmnoticias.com\/labravaradiofm\/?p=25123"},"modified":"2023-03-19T20:16:32","modified_gmt":"2023-03-20T02:16:32","slug":"soldados-de-la-sedena-habrian-sido-emboscados-en-la-sierra-de-guerrero","status":"publish","type":"post","link":"https:\/\/www.bbmnoticias.com\/labravaradiofm\/2023\/03\/19\/soldados-de-la-sedena-habrian-sido-emboscados-en-la-sierra-de-guerrero\/","title":{"rendered":"Soldados de la Sedena habr\u00edan sido emboscados en la sierra de Guerrero"},"content":{"rendered":"<div style=\"margin-top: 0px; margin-bottom: 0px;\" class=\"sharethis-inline-share-buttons\" ><\/div>\n<p>La tarde noche del viernes 17 de marzo se report\u00f3 el <strong>enfrentamiento de soldados<\/strong> de la Secretar\u00eda de Defensa Nacional (<strong>Sedena<\/strong>) con grupos armados de civiles en la comunidad de <strong>El Pescado<\/strong>, <strong>Coyuca de Catal\u00e1n<\/strong> en la <strong>sierra de Guerrero.<\/strong><\/p>\n\n\n\n<p>De acuerdo con la Mesa de Coordinaci\u00f3n para la Construcci\u00f3n de la Paz de Guerrero inform\u00f3 de este enfrentamiento en la tambi\u00e9n regi\u00f3n de Tierra Caliente a trav\u00e9s de un comunicado.<\/p>\n\n\n\n<p>La coordinaci\u00f3n detall\u00f3 que tras obtener este reporte del enfrentamiento, elementos de los tres niveles de seguridad se trasladaron hasta comunidad de <strong>El Pescado<\/strong>, <strong>Coyuca de Catal\u00e1n<\/strong> en la <strong>sierra de Guerrero.<\/strong><\/p>\n\n\n\n<p>Tambi\u00e9n la misma coordinaci\u00f3n se\u00f1ala que de acuerdo con el reporte establecido por la Sedena, elementos militares se encontraban realizando recorridos de vigilancia para inhibir los delitos en las comunidades serranas de las regiones de Costa Grande y Tierra Caliente, cuando se dio el enfrentamiento.<\/p>\n\n\n\n<p>Aunque despu\u00e9s de este comunicado no dieron m\u00e1s informaci\u00f3n del enfrentamiento, sin embargo de manera extraoficial se indic\u00f3 que todo se trato de una emboscada a los soldados.<\/p>\n\n\n\n<h2 class=\"wp-block-heading\">Emboscada de soldados en la comunidad de El Pescado, Coyuca de Catal\u00e1n, Guerrero deja 8 muertos y 2 heridos; entre los decesos hay miembros de la Sedena<\/h2>\n\n\n\n<p>El reportero Juan Manuel Molina, resalta que de manera extraoficial se reporta que este hecho fue una <strong>emboscada de soldados<\/strong> en la comunidad de <strong>El Pescado<\/strong>, <strong>Coyuca de Catal\u00e1n<\/strong>, <strong>Guerrero <\/strong>que dej\u00f3 como saldo <strong>8 muertos y 2 heridos<\/strong>:<\/p>\n\n\n\n<ul class=\"wp-block-list\">\n<li>2 soldados muertos<\/li>\n\n\n\n<li>6 sicarios muertos<\/li>\n\n\n\n<li>2 heridos<\/li>\n<\/ul>\n\n\n\n<p>Por su partel medio local Api Guerrero se\u00f1ala que esta emboscada a los soldados se dio al rededor de las 4 de la tarde en los poblados de El Pescado y Huajes del Ejido.<\/p>\n\n\n\n<p>Asimismo, menciona que el apoyo a los soldados que fueron emboscados sali\u00f3 de Chilpancingo hacia el lugar de los hechos, el cual est\u00e1 una distancia de al menos 8 horas en veh\u00edculo.<\/p>\n\n\n\n<h2 class=\"wp-block-heading\">Apuntan a La Familia Michoacana como responsable de la emboscada a los soldados en la comunidad de El Pescado, Coyuca de Catal\u00e1n, Guerrero<\/h2>\n\n\n\n<p>Tambi\u00e9n el mismo medio Api Guerrero apunta que de manera extraoficial apuntan al grupo del crimen organizado de <strong>La Familia Michoacana<\/strong> como el <strong>responsable de la emboscada<\/strong> a los soldados en la comunidad de El Pescado, Coyuca de Catal\u00e1n, Guerrero.<\/p>\n\n\n\n<p>Hasta ahora esta informaci\u00f3n no ha sido corroborada por ninguna autoridad oficial, as\u00ed como de la emboscada a los soldados en la comunidad de El Pescado, Coyuca de Catal\u00e1n, Guerrero.<\/p>\n","protected":false},"excerpt":{"rendered":"<p>La tarde noche del viernes 17 de marzo se report\u00f3 el enfrentamiento de soldados de la Secretar\u00eda de Defensa Nacional (Sedena) con grupos armados de civiles en la comunidad de El Pescado, Coyuca de Catal\u00e1n en la sierra de Guerrero. De acuerdo con la Mesa de Coordinaci\u00f3n para la Construcci\u00f3n de la Paz de Guerrero [&hellip;]<\/p>\n","protected":false},"author":2,"featured_media":25124,"comment_status":"closed","ping_status":"closed","sticky":false,"template":"","format":"standard","meta":{"footnotes":""},"categories":[19],"tags":[],"class_list":{"0":"post-25123","1":"post","2":"type-post","3":"status-publish","4":"format-standard","5":"has-post-thumbnail","7":"category-nacional"},"yoast_head":"<!-- This site is optimized with the Yoast SEO plugin v27.4 - https:\/\/yoast.com\/product\/yoast-seo-wordpress\/ -->\n<title>Soldados de la Sedena habr\u00edan sido emboscados en la sierra de Guerrero - LA BRAVA RADIO<\/title>\n<meta name=\"robots\" content=\"index, follow, max-snippet:-1, max-image-preview:large, max-video-preview:-1\" \/>\n<link rel=\"canonical\" href=\"https:\/\/www.bbmnoticias.com\/labravaradiofm\/2023\/03\/19\/soldados-de-la-sedena-habrian-sido-emboscados-en-la-sierra-de-guerrero\/\" \/>\n<meta property=\"og:locale\" content=\"es_MX\" \/>\n<meta property=\"og:type\" content=\"article\" \/>\n<meta property=\"og:title\" content=\"Soldados de la Sedena habr\u00edan sido emboscados en la sierra de Guerrero - LA BRAVA RADIO\" \/>\n<meta property=\"og:description\" content=\"La tarde noche del viernes 17 de marzo se report\u00f3 el enfrentamiento de soldados de la Secretar\u00eda de Defensa Nacional (Sedena) con grupos armados de civiles en la comunidad de El Pescado, Coyuca de Catal\u00e1n en la sierra de Guerrero. De acuerdo con la Mesa de Coordinaci\u00f3n para la Construcci\u00f3n de la Paz de Guerrero [&hellip;]\" \/>\n<meta property=\"og:url\" content=\"https:\/\/www.bbmnoticias.com\/labravaradiofm\/2023\/03\/19\/soldados-de-la-sedena-habrian-sido-emboscados-en-la-sierra-de-guerrero\/\" \/>\n<meta property=\"og:site_name\" content=\"LA BRAVA RADIO\" \/>\n<meta property=\"article:published_time\" content=\"2023-03-20T02:16:31+00:00\" \/>\n<meta property=\"article:modified_time\" content=\"2023-03-20T02:16:32+00:00\" \/>\n<meta property=\"og:image\" content=\"https:\/\/www.bbmnoticias.com\/labravaradiofm\/wp-content\/uploads\/sites\/5\/2023\/03\/ejercito.jpg\" \/>\n\t<meta property=\"og:image:width\" content=\"640\" \/>\n\t<meta property=\"og:image:height\" content=\"360\" \/>\n\t<meta property=\"og:image:type\" content=\"image\/jpeg\" \/>\n<meta name=\"author\" content=\"Staff\" \/>\n<meta name=\"twitter:card\" content=\"summary_large_image\" \/>\n<meta name=\"twitter:label1\" content=\"Escrito por\" \/>\n\t<meta name=\"twitter:data1\" content=\"Staff\" \/>\n\t<meta name=\"twitter:label2\" content=\"Tiempo de lectura\" \/>\n\t<meta name=\"twitter:data2\" content=\"2 minutos\" \/>\n<script type=\"application\/ld+json\" class=\"yoast-schema-graph\">{\"@context\":\"https:\\\/\\\/schema.org\",\"@graph\":[{\"@type\":\"Article\",\"@id\":\"https:\\\/\\\/www.bbmnoticias.com\\\/labravaradiofm\\\/2023\\\/03\\\/19\\\/soldados-de-la-sedena-habrian-sido-emboscados-en-la-sierra-de-guerrero\\\/#article\",\"isPartOf\":{\"@id\":\"https:\\\/\\\/www.bbmnoticias.com\\\/labravaradiofm\\\/2023\\\/03\\\/19\\\/soldados-de-la-sedena-habrian-sido-emboscados-en-la-sierra-de-guerrero\\\/\"},\"author\":{\"name\":\"Staff\",\"@id\":\"https:\\\/\\\/www.bbmnoticias.com\\\/labravaradiofm\\\/#\\\/schema\\\/person\\\/34b139c617a70ea5bef5678bffe4dd7b\"},\"headline\":\"Soldados de la Sedena habr\u00edan sido emboscados en la sierra de Guerrero\",\"datePublished\":\"2023-03-20T02:16:31+00:00\",\"dateModified\":\"2023-03-20T02:16:32+00:00\",\"mainEntityOfPage\":{\"@id\":\"https:\\\/\\\/www.bbmnoticias.com\\\/labravaradiofm\\\/2023\\\/03\\\/19\\\/soldados-de-la-sedena-habrian-sido-emboscados-en-la-sierra-de-guerrero\\\/\"},\"wordCount\":436,\"image\":{\"@id\":\"https:\\\/\\\/www.bbmnoticias.com\\\/labravaradiofm\\\/2023\\\/03\\\/19\\\/soldados-de-la-sedena-habrian-sido-emboscados-en-la-sierra-de-guerrero\\\/#primaryimage\"},\"thumbnailUrl\":\"https:\\\/\\\/www.bbmnoticias.com\\\/labravaradiofm\\\/wp-content\\\/uploads\\\/sites\\\/5\\\/2023\\\/03\\\/ejercito.jpg\",\"articleSection\":[\"NACIONAL\"],\"inLanguage\":\"es\"},{\"@type\":\"WebPage\",\"@id\":\"https:\\\/\\\/www.bbmnoticias.com\\\/labravaradiofm\\\/2023\\\/03\\\/19\\\/soldados-de-la-sedena-habrian-sido-emboscados-en-la-sierra-de-guerrero\\\/\",\"url\":\"https:\\\/\\\/www.bbmnoticias.com\\\/labravaradiofm\\\/2023\\\/03\\\/19\\\/soldados-de-la-sedena-habrian-sido-emboscados-en-la-sierra-de-guerrero\\\/\",\"name\":\"Soldados de la Sedena habr\u00edan sido emboscados en la sierra de Guerrero - LA BRAVA RADIO\",\"isPartOf\":{\"@id\":\"https:\\\/\\\/www.bbmnoticias.com\\\/labravaradiofm\\\/#website\"},\"primaryImageOfPage\":{\"@id\":\"https:\\\/\\\/www.bbmnoticias.com\\\/labravaradiofm\\\/2023\\\/03\\\/19\\\/soldados-de-la-sedena-habrian-sido-emboscados-en-la-sierra-de-guerrero\\\/#primaryimage\"},\"image\":{\"@id\":\"https:\\\/\\\/www.bbmnoticias.com\\\/labravaradiofm\\\/2023\\\/03\\\/19\\\/soldados-de-la-sedena-habrian-sido-emboscados-en-la-sierra-de-guerrero\\\/#primaryimage\"},\"thumbnailUrl\":\"https:\\\/\\\/www.bbmnoticias.com\\\/labravaradiofm\\\/wp-content\\\/uploads\\\/sites\\\/5\\\/2023\\\/03\\\/ejercito.jpg\",\"datePublished\":\"2023-03-20T02:16:31+00:00\",\"dateModified\":\"2023-03-20T02:16:32+00:00\",\"author\":{\"@id\":\"https:\\\/\\\/www.bbmnoticias.com\\\/labravaradiofm\\\/#\\\/schema\\\/person\\\/34b139c617a70ea5bef5678bffe4dd7b\"},\"breadcrumb\":{\"@id\":\"https:\\\/\\\/www.bbmnoticias.com\\\/labravaradiofm\\\/2023\\\/03\\\/19\\\/soldados-de-la-sedena-habrian-sido-emboscados-en-la-sierra-de-guerrero\\\/#breadcrumb\"},\"inLanguage\":\"es\",\"potentialAction\":[{\"@type\":\"ReadAction\",\"target\":[\"https:\\\/\\\/www.bbmnoticias.com\\\/labravaradiofm\\\/2023\\\/03\\\/19\\\/soldados-de-la-sedena-habrian-sido-emboscados-en-la-sierra-de-guerrero\\\/\"]}]},{\"@type\":\"ImageObject\",\"inLanguage\":\"es\",\"@id\":\"https:\\\/\\\/www.bbmnoticias.com\\\/labravaradiofm\\\/2023\\\/03\\\/19\\\/soldados-de-la-sedena-habrian-sido-emboscados-en-la-sierra-de-guerrero\\\/#primaryimage\",\"url\":\"https:\\\/\\\/www.bbmnoticias.com\\\/labravaradiofm\\\/wp-content\\\/uploads\\\/sites\\\/5\\\/2023\\\/03\\\/ejercito.jpg\",\"contentUrl\":\"https:\\\/\\\/www.bbmnoticias.com\\\/labravaradiofm\\\/wp-content\\\/uploads\\\/sites\\\/5\\\/2023\\\/03\\\/ejercito.jpg\",\"width\":640,\"height\":360},{\"@type\":\"BreadcrumbList\",\"@id\":\"https:\\\/\\\/www.bbmnoticias.com\\\/labravaradiofm\\\/2023\\\/03\\\/19\\\/soldados-de-la-sedena-habrian-sido-emboscados-en-la-sierra-de-guerrero\\\/#breadcrumb\",\"itemListElement\":[{\"@type\":\"ListItem\",\"position\":1,\"name\":\"Inicio\",\"item\":\"https:\\\/\\\/www.bbmnoticias.com\\\/labravaradiofm\\\/\"},{\"@type\":\"ListItem\",\"position\":2,\"name\":\"Soldados de la Sedena habr\u00edan sido emboscados en la sierra de Guerrero\"}]},{\"@type\":\"WebSite\",\"@id\":\"https:\\\/\\\/www.bbmnoticias.com\\\/labravaradiofm\\\/#website\",\"url\":\"https:\\\/\\\/www.bbmnoticias.com\\\/labravaradiofm\\\/\",\"name\":\"LA BRAVA RADIO\",\"description\":\"Empresa productora de medios, Radiodifusi\u00f3n, Noticias, tendencias y todo lo que necesitas saber de la pol\u00edtica mexicana e internacional; entretenimiento, espect\u00e1culos, salud y mucho m\u00e1s.\",\"potentialAction\":[{\"@type\":\"SearchAction\",\"target\":{\"@type\":\"EntryPoint\",\"urlTemplate\":\"https:\\\/\\\/www.bbmnoticias.com\\\/labravaradiofm\\\/?s={search_term_string}\"},\"query-input\":{\"@type\":\"PropertyValueSpecification\",\"valueRequired\":true,\"valueName\":\"search_term_string\"}}],\"inLanguage\":\"es\"},{\"@type\":\"Person\",\"@id\":\"https:\\\/\\\/www.bbmnoticias.com\\\/labravaradiofm\\\/#\\\/schema\\\/person\\\/34b139c617a70ea5bef5678bffe4dd7b\",\"name\":\"Staff\",\"image\":{\"@type\":\"ImageObject\",\"inLanguage\":\"es\",\"@id\":\"https:\\\/\\\/secure.gravatar.com\\\/avatar\\\/fdd21ad66fd8b98c407f9dee5b5e588cfe7f0d8579ec20fa6527cd59bab7f0f0?s=96&d=mm&r=g\",\"url\":\"https:\\\/\\\/secure.gravatar.com\\\/avatar\\\/fdd21ad66fd8b98c407f9dee5b5e588cfe7f0d8579ec20fa6527cd59bab7f0f0?s=96&d=mm&r=g\",\"contentUrl\":\"https:\\\/\\\/secure.gravatar.com\\\/avatar\\\/fdd21ad66fd8b98c407f9dee5b5e588cfe7f0d8579ec20fa6527cd59bab7f0f0?s=96&d=mm&r=g\",\"caption\":\"Staff\"},\"url\":\"https:\\\/\\\/www.bbmnoticias.com\\\/labravaradiofm\\\/author\\\/redaccion\\\/\"}]}<\/script>\n<!-- \/ Yoast SEO plugin. -->","yoast_head_json":{"title":"Soldados de la Sedena habr\u00edan sido emboscados en la sierra de Guerrero - LA BRAVA RADIO","robots":{"index":"index","follow":"follow","max-snippet":"max-snippet:-1","max-image-preview":"max-image-preview:large","max-video-preview":"max-video-preview:-1"},"canonical":"https:\/\/www.bbmnoticias.com\/labravaradiofm\/2023\/03\/19\/soldados-de-la-sedena-habrian-sido-emboscados-en-la-sierra-de-guerrero\/","og_locale":"es_MX","og_type":"article","og_title":"Soldados de la Sedena habr\u00edan sido emboscados en la sierra de Guerrero - LA BRAVA RADIO","og_description":"La tarde noche del viernes 17 de marzo se report\u00f3 el enfrentamiento de soldados de la Secretar\u00eda de Defensa Nacional (Sedena) con grupos armados de civiles en la comunidad de El Pescado, Coyuca de Catal\u00e1n en la sierra de Guerrero. De acuerdo con la Mesa de Coordinaci\u00f3n para la Construcci\u00f3n de la Paz de Guerrero [&hellip;]","og_url":"https:\/\/www.bbmnoticias.com\/labravaradiofm\/2023\/03\/19\/soldados-de-la-sedena-habrian-sido-emboscados-en-la-sierra-de-guerrero\/","og_site_name":"LA BRAVA RADIO","article_published_time":"2023-03-20T02:16:31+00:00","article_modified_time":"2023-03-20T02:16:32+00:00","og_image":[{"width":640,"height":360,"url":"https:\/\/www.bbmnoticias.com\/labravaradiofm\/wp-content\/uploads\/sites\/5\/2023\/03\/ejercito.jpg","type":"image\/jpeg"}],"author":"Staff","twitter_card":"summary_large_image","twitter_misc":{"Escrito por":"Staff","Tiempo de lectura":"2 minutos"},"schema":{"@context":"https:\/\/schema.org","@graph":[{"@type":"Article","@id":"https:\/\/www.bbmnoticias.com\/labravaradiofm\/2023\/03\/19\/soldados-de-la-sedena-habrian-sido-emboscados-en-la-sierra-de-guerrero\/#article","isPartOf":{"@id":"https:\/\/www.bbmnoticias.com\/labravaradiofm\/2023\/03\/19\/soldados-de-la-sedena-habrian-sido-emboscados-en-la-sierra-de-guerrero\/"},"author":{"name":"Staff","@id":"https:\/\/www.bbmnoticias.com\/labravaradiofm\/#\/schema\/person\/34b139c617a70ea5bef5678bffe4dd7b"},"headline":"Soldados de la Sedena habr\u00edan sido emboscados en la sierra de Guerrero","datePublished":"2023-03-20T02:16:31+00:00","dateModified":"2023-03-20T02:16:32+00:00","mainEntityOfPage":{"@id":"https:\/\/www.bbmnoticias.com\/labravaradiofm\/2023\/03\/19\/soldados-de-la-sedena-habrian-sido-emboscados-en-la-sierra-de-guerrero\/"},"wordCount":436,"image":{"@id":"https:\/\/www.bbmnoticias.com\/labravaradiofm\/2023\/03\/19\/soldados-de-la-sedena-habrian-sido-emboscados-en-la-sierra-de-guerrero\/#primaryimage"},"thumbnailUrl":"https:\/\/www.bbmnoticias.com\/labravaradiofm\/wp-content\/uploads\/sites\/5\/2023\/03\/ejercito.jpg","articleSection":["NACIONAL"],"inLanguage":"es"},{"@type":"WebPage","@id":"https:\/\/www.bbmnoticias.com\/labravaradiofm\/2023\/03\/19\/soldados-de-la-sedena-habrian-sido-emboscados-en-la-sierra-de-guerrero\/","url":"https:\/\/www.bbmnoticias.com\/labravaradiofm\/2023\/03\/19\/soldados-de-la-sedena-habrian-sido-emboscados-en-la-sierra-de-guerrero\/","name":"Soldados de la Sedena habr\u00edan sido emboscados en la sierra de Guerrero - LA BRAVA RADIO","isPartOf":{"@id":"https:\/\/www.bbmnoticias.com\/labravaradiofm\/#website"},"primaryImageOfPage":{"@id":"https:\/\/www.bbmnoticias.com\/labravaradiofm\/2023\/03\/19\/soldados-de-la-sedena-habrian-sido-emboscados-en-la-sierra-de-guerrero\/#primaryimage"},"image":{"@id":"https:\/\/www.bbmnoticias.com\/labravaradiofm\/2023\/03\/19\/soldados-de-la-sedena-habrian-sido-emboscados-en-la-sierra-de-guerrero\/#primaryimage"},"thumbnailUrl":"https:\/\/www.bbmnoticias.com\/labravaradiofm\/wp-content\/uploads\/sites\/5\/2023\/03\/ejercito.jpg","datePublished":"2023-03-20T02:16:31+00:00","dateModified":"2023-03-20T02:16:32+00:00","author":{"@id":"https:\/\/www.bbmnoticias.com\/labravaradiofm\/#\/schema\/person\/34b139c617a70ea5bef5678bffe4dd7b"},"breadcrumb":{"@id":"https:\/\/www.bbmnoticias.com\/labravaradiofm\/2023\/03\/19\/soldados-de-la-sedena-habrian-sido-emboscados-en-la-sierra-de-guerrero\/#breadcrumb"},"inLanguage":"es","potentialAction":[{"@type":"ReadAction","target":["https:\/\/www.bbmnoticias.com\/labravaradiofm\/2023\/03\/19\/soldados-de-la-sedena-habrian-sido-emboscados-en-la-sierra-de-guerrero\/"]}]},{"@type":"ImageObject","inLanguage":"es","@id":"https:\/\/www.bbmnoticias.com\/labravaradiofm\/2023\/03\/19\/soldados-de-la-sedena-habrian-sido-emboscados-en-la-sierra-de-guerrero\/#primaryimage","url":"https:\/\/www.bbmnoticias.com\/labravaradiofm\/wp-content\/uploads\/sites\/5\/2023\/03\/ejercito.jpg","contentUrl":"https:\/\/www.bbmnoticias.com\/labravaradiofm\/wp-content\/uploads\/sites\/5\/2023\/03\/ejercito.jpg","width":640,"height":360},{"@type":"BreadcrumbList","@id":"https:\/\/www.bbmnoticias.com\/labravaradiofm\/2023\/03\/19\/soldados-de-la-sedena-habrian-sido-emboscados-en-la-sierra-de-guerrero\/#breadcrumb","itemListElement":[{"@type":"ListItem","position":1,"name":"Inicio","item":"https:\/\/www.bbmnoticias.com\/labravaradiofm\/"},{"@type":"ListItem","position":2,"name":"Soldados de la Sedena habr\u00edan sido emboscados en la sierra de Guerrero"}]},{"@type":"WebSite","@id":"https:\/\/www.bbmnoticias.com\/labravaradiofm\/#website","url":"https:\/\/www.bbmnoticias.com\/labravaradiofm\/","name":"LA BRAVA RADIO","description":"Empresa productora de medios, Radiodifusi\u00f3n, Noticias, tendencias y todo lo que necesitas saber de la pol\u00edtica mexicana e internacional; entretenimiento, espect\u00e1culos, salud y mucho m\u00e1s.","potentialAction":[{"@type":"SearchAction","target":{"@type":"EntryPoint","urlTemplate":"https:\/\/www.bbmnoticias.com\/labravaradiofm\/?s={search_term_string}"},"query-input":{"@type":"PropertyValueSpecification","valueRequired":true,"valueName":"search_term_string"}}],"inLanguage":"es"},{"@type":"Person","@id":"https:\/\/www.bbmnoticias.com\/labravaradiofm\/#\/schema\/person\/34b139c617a70ea5bef5678bffe4dd7b","name":"Staff","image":{"@type":"ImageObject","inLanguage":"es","@id":"https:\/\/secure.gravatar.com\/avatar\/fdd21ad66fd8b98c407f9dee5b5e588cfe7f0d8579ec20fa6527cd59bab7f0f0?s=96&d=mm&r=g","url":"https:\/\/secure.gravatar.com\/avatar\/fdd21ad66fd8b98c407f9dee5b5e588cfe7f0d8579ec20fa6527cd59bab7f0f0?s=96&d=mm&r=g","contentUrl":"https:\/\/secure.gravatar.com\/avatar\/fdd21ad66fd8b98c407f9dee5b5e588cfe7f0d8579ec20fa6527cd59bab7f0f0?s=96&d=mm&r=g","caption":"Staff"},"url":"https:\/\/www.bbmnoticias.com\/labravaradiofm\/author\/redaccion\/"}]}},"_links":{"self":[{"href":"https:\/\/www.bbmnoticias.com\/labravaradiofm\/wp-json\/wp\/v2\/posts\/25123","targetHints":{"allow":["GET"]}}],"collection":[{"href":"https:\/\/www.bbmnoticias.com\/labravaradiofm\/wp-json\/wp\/v2\/posts"}],"about":[{"href":"https:\/\/www.bbmnoticias.com\/labravaradiofm\/wp-json\/wp\/v2\/types\/post"}],"author":[{"embeddable":true,"href":"https:\/\/www.bbmnoticias.com\/labravaradiofm\/wp-json\/wp\/v2\/users\/2"}],"replies":[{"embeddable":true,"href":"https:\/\/www.bbmnoticias.com\/labravaradiofm\/wp-json\/wp\/v2\/comments?post=25123"}],"version-history":[{"count":0,"href":"https:\/\/www.bbmnoticias.com\/labravaradiofm\/wp-json\/wp\/v2\/posts\/25123\/revisions"}],"wp:featuredmedia":[{"embeddable":true,"href":"https:\/\/www.bbmnoticias.com\/labravaradiofm\/wp-json\/wp\/v2\/media\/25124"}],"wp:attachment":[{"href":"https:\/\/www.bbmnoticias.com\/labravaradiofm\/wp-json\/wp\/v2\/media?parent=25123"}],"wp:term":[{"taxonomy":"category","embeddable":true,"href":"https:\/\/www.bbmnoticias.com\/labravaradiofm\/wp-json\/wp\/v2\/categories?post=25123"},{"taxonomy":"post_tag","embeddable":true,"href":"https:\/\/www.bbmnoticias.com\/labravaradiofm\/wp-json\/wp\/v2\/tags?post=25123"}],"curies":[{"name":"wp","href":"https:\/\/api.w.org\/{rel}","templated":true}]}}