{"id":2497,"date":"2021-09-24T14:35:00","date_gmt":"2021-09-24T19:35:00","guid":{"rendered":"https:\/\/www.bbmnoticias.com\/labravaradiofm\/?p=2497"},"modified":"2021-09-24T14:35:01","modified_gmt":"2021-09-24T19:35:01","slug":"segob-gestiona-liberacion-de-mujeres-presas-por-abortar","status":"publish","type":"post","link":"https:\/\/www.bbmnoticias.com\/labravaradiofm\/2021\/09\/24\/segob-gestiona-liberacion-de-mujeres-presas-por-abortar\/","title":{"rendered":"Segob gestiona liberaci\u00f3n de mujeres presas por abortar"},"content":{"rendered":"<div style=\"margin-top: 0px; margin-bottom: 0px;\" class=\"sharethis-inline-share-buttons\" ><\/div>\n<p>M\u00e9xico.- La Secretar\u00eda de Gobernaci\u00f3n (<strong>Segob<\/strong>) comenz\u00f3 con las gestiones para la liberaci\u00f3n de mujeres procesadas o sentenciadas por interrumpir su embarazo.<\/p>\n\n\n\n<p>El proceso de <strong>liberaci\u00f3n de mujeres<\/strong> presas por abortar se trabajar\u00e1 en conjunto con diversas instituciones de las 32 entidades federativas, tales como:<\/p>\n\n\n\n<ul class=\"wp-block-list\"><li>La Unidad de Apoyo al Sistema de Justicia<\/li><li>La Comisi\u00f3n Nacional para Prevenir y Erradicar la Violencia contra las Mujeres (<strong>Conavim<\/strong>)<\/li><li>La Comisi\u00f3n Nacional de Tribunales Superiores de Justicia de los Estados Unidos Mexicanos (Conatrib)<\/li><li>Sistemas penitenciarios<\/li><li>Defensor\u00edas p\u00fablicas.<\/li><\/ul>\n\n\n\n<p>El comienzo de los trabajos para la liberaci\u00f3n de mujeres procesadas o sentenciadas por interrumpir su embarazo tiene lugar luegdo de la resoluci\u00f3n emitida por la Suprema Corte de Justicia de la Naci\u00f3n (<strong>SCJN<\/strong>) contra la criminalizaci\u00f3n del aborto.<\/p>\n\n\n\n<p>El 7 de septiembre de 2021, la SCJN se pronunci\u00f3 a favor de garantizar el derecho de las mujeres y personas gestantes a decidir sobre su embarazo, sin tener que enfrentar consecuencias penales.<\/p>\n\n\n\n<h2 class=\"wp-block-heading\">Liberan a mujer encarcelada por aborto espont\u00e1neo en Veracruz<\/h2>\n\n\n\n<p>Tras la resoluci\u00f3n hist\u00f3rica de la <strong>SCJN, <\/strong>en Veracruz una mujer que fue encarcelada acusada de homicidio doloso, fue liberada por las autoridades.<\/p>\n\n\n\n<p>La mujer en Veracruz fue v\u00edctima de un<strong> aborto <\/strong>espont\u00e1neo, no obstante, fue acusada y procesada como homicida.<\/p>\n\n\n\n<p>La liberaci\u00f3n de Diana Patricia se dio el pasado 15 de septiembre luego de permanecer encarcelada 5 meses en un reclusorio de Acayucan, <strong>Veracruz.<\/strong><\/p>\n\n\n\n<p>De acuerdo con las declaraciones a Diana se le hab\u00eda acusado de matar a su beb\u00e9 asfixi\u00e1ndolo, cuando lo que en realidad hab\u00eda pasado era un aborto espont\u00e1neo luego de un embarazo, de un ni\u00f1o que deseaba, de 5 meses y de alto riesgo.<\/p>\n\n\n\n<p>Diana, viv\u00eda en condici\u00f3n de pobreza por lo que ten\u00eda que trabajar en diferentes oficios y en la venta de empanadas y otros antojitos. Debido al alto riesgo de suembarazo, termin\u00f3 por sufrir el <strong>aborto.<\/strong><\/p>\n\n\n\n<p>Fue gracias al el fallo de la Suprema Corte de Justicia de la Naci\u00f3n para despenalizar el aborto, se comenz\u00f3 a revisar su caso y posteriormente se dio su liberaci\u00f3n.<\/p>\n","protected":false},"excerpt":{"rendered":"<p>M\u00e9xico.- La Secretar\u00eda de Gobernaci\u00f3n (Segob) comenz\u00f3 con las gestiones para la liberaci\u00f3n de mujeres procesadas o sentenciadas por interrumpir su embarazo. El proceso de liberaci\u00f3n de mujeres presas por abortar se trabajar\u00e1 en conjunto con diversas instituciones de las 32 entidades federativas, tales como: La Unidad de Apoyo al Sistema de Justicia La Comisi\u00f3n [&hellip;]<\/p>\n","protected":false},"author":12,"featured_media":2498,"comment_status":"closed","ping_status":"closed","sticky":false,"template":"","format":"standard","meta":{"footnotes":""},"categories":[19],"tags":[],"class_list":{"0":"post-2497","1":"post","2":"type-post","3":"status-publish","4":"format-standard","5":"has-post-thumbnail","7":"category-nacional"},"yoast_head":"<!-- This site is optimized with the Yoast SEO plugin v27.4 - https:\/\/yoast.com\/product\/yoast-seo-wordpress\/ -->\n<title>Segob gestiona liberaci\u00f3n de mujeres presas por abortar - LA BRAVA RADIO<\/title>\n<meta name=\"description\" content=\"El proceso de liberaci\u00f3n de mujeres presas por abortar se trabajar\u00e1 en conjunto con diversas instituciones de las 32 entidades federativas\" \/>\n<meta name=\"robots\" content=\"index, follow, max-snippet:-1, max-image-preview:large, max-video-preview:-1\" \/>\n<link rel=\"canonical\" href=\"https:\/\/www.bbmnoticias.com\/labravaradiofm\/2021\/09\/24\/segob-gestiona-liberacion-de-mujeres-presas-por-abortar\/\" \/>\n<meta property=\"og:locale\" content=\"es_MX\" \/>\n<meta property=\"og:type\" content=\"article\" \/>\n<meta property=\"og:title\" content=\"Segob gestiona liberaci\u00f3n de mujeres presas por abortar - LA BRAVA RADIO\" \/>\n<meta property=\"og:description\" content=\"El proceso de liberaci\u00f3n de mujeres presas por abortar se trabajar\u00e1 en conjunto con diversas instituciones de las 32 entidades federativas\" \/>\n<meta property=\"og:url\" content=\"https:\/\/www.bbmnoticias.com\/labravaradiofm\/2021\/09\/24\/segob-gestiona-liberacion-de-mujeres-presas-por-abortar\/\" \/>\n<meta property=\"og:site_name\" content=\"LA BRAVA RADIO\" \/>\n<meta property=\"article:published_time\" content=\"2021-09-24T19:35:00+00:00\" \/>\n<meta property=\"article:modified_time\" content=\"2021-09-24T19:35:01+00:00\" \/>\n<meta property=\"og:image\" content=\"https:\/\/www.bbmnoticias.com\/labravaradiofm\/wp-content\/uploads\/sites\/5\/2021\/09\/nacional24092021-14.jpeg\" \/>\n\t<meta property=\"og:image:width\" content=\"640\" \/>\n\t<meta property=\"og:image:height\" content=\"360\" \/>\n\t<meta property=\"og:image:type\" content=\"image\/jpeg\" \/>\n<meta name=\"author\" content=\"SDPnoticias\" \/>\n<meta name=\"twitter:card\" content=\"summary_large_image\" \/>\n<meta name=\"twitter:label1\" content=\"Escrito por\" \/>\n\t<meta name=\"twitter:data1\" content=\"SDPnoticias\" \/>\n\t<meta name=\"twitter:label2\" content=\"Tiempo de lectura\" \/>\n\t<meta name=\"twitter:data2\" content=\"2 minutos\" \/>\n<script type=\"application\/ld+json\" class=\"yoast-schema-graph\">{\"@context\":\"https:\\\/\\\/schema.org\",\"@graph\":[{\"@type\":\"Article\",\"@id\":\"https:\\\/\\\/www.bbmnoticias.com\\\/labravaradiofm\\\/2021\\\/09\\\/24\\\/segob-gestiona-liberacion-de-mujeres-presas-por-abortar\\\/#article\",\"isPartOf\":{\"@id\":\"https:\\\/\\\/www.bbmnoticias.com\\\/labravaradiofm\\\/2021\\\/09\\\/24\\\/segob-gestiona-liberacion-de-mujeres-presas-por-abortar\\\/\"},\"author\":{\"name\":\"SDPnoticias\",\"@id\":\"https:\\\/\\\/www.bbmnoticias.com\\\/labravaradiofm\\\/#\\\/schema\\\/person\\\/dd54c3159a8392b3c13f071a62fce1fb\"},\"headline\":\"Segob gestiona liberaci\u00f3n de mujeres presas por abortar\",\"datePublished\":\"2021-09-24T19:35:00+00:00\",\"dateModified\":\"2021-09-24T19:35:01+00:00\",\"mainEntityOfPage\":{\"@id\":\"https:\\\/\\\/www.bbmnoticias.com\\\/labravaradiofm\\\/2021\\\/09\\\/24\\\/segob-gestiona-liberacion-de-mujeres-presas-por-abortar\\\/\"},\"wordCount\":372,\"image\":{\"@id\":\"https:\\\/\\\/www.bbmnoticias.com\\\/labravaradiofm\\\/2021\\\/09\\\/24\\\/segob-gestiona-liberacion-de-mujeres-presas-por-abortar\\\/#primaryimage\"},\"thumbnailUrl\":\"https:\\\/\\\/www.bbmnoticias.com\\\/labravaradiofm\\\/wp-content\\\/uploads\\\/sites\\\/5\\\/2021\\\/09\\\/nacional24092021-14.jpeg\",\"articleSection\":[\"NACIONAL\"],\"inLanguage\":\"es\"},{\"@type\":\"WebPage\",\"@id\":\"https:\\\/\\\/www.bbmnoticias.com\\\/labravaradiofm\\\/2021\\\/09\\\/24\\\/segob-gestiona-liberacion-de-mujeres-presas-por-abortar\\\/\",\"url\":\"https:\\\/\\\/www.bbmnoticias.com\\\/labravaradiofm\\\/2021\\\/09\\\/24\\\/segob-gestiona-liberacion-de-mujeres-presas-por-abortar\\\/\",\"name\":\"Segob gestiona liberaci\u00f3n de mujeres presas por abortar - LA BRAVA RADIO\",\"isPartOf\":{\"@id\":\"https:\\\/\\\/www.bbmnoticias.com\\\/labravaradiofm\\\/#website\"},\"primaryImageOfPage\":{\"@id\":\"https:\\\/\\\/www.bbmnoticias.com\\\/labravaradiofm\\\/2021\\\/09\\\/24\\\/segob-gestiona-liberacion-de-mujeres-presas-por-abortar\\\/#primaryimage\"},\"image\":{\"@id\":\"https:\\\/\\\/www.bbmnoticias.com\\\/labravaradiofm\\\/2021\\\/09\\\/24\\\/segob-gestiona-liberacion-de-mujeres-presas-por-abortar\\\/#primaryimage\"},\"thumbnailUrl\":\"https:\\\/\\\/www.bbmnoticias.com\\\/labravaradiofm\\\/wp-content\\\/uploads\\\/sites\\\/5\\\/2021\\\/09\\\/nacional24092021-14.jpeg\",\"datePublished\":\"2021-09-24T19:35:00+00:00\",\"dateModified\":\"2021-09-24T19:35:01+00:00\",\"author\":{\"@id\":\"https:\\\/\\\/www.bbmnoticias.com\\\/labravaradiofm\\\/#\\\/schema\\\/person\\\/dd54c3159a8392b3c13f071a62fce1fb\"},\"description\":\"El proceso de liberaci\u00f3n de mujeres presas por abortar se trabajar\u00e1 en conjunto con diversas instituciones de las 32 entidades federativas\",\"breadcrumb\":{\"@id\":\"https:\\\/\\\/www.bbmnoticias.com\\\/labravaradiofm\\\/2021\\\/09\\\/24\\\/segob-gestiona-liberacion-de-mujeres-presas-por-abortar\\\/#breadcrumb\"},\"inLanguage\":\"es\",\"potentialAction\":[{\"@type\":\"ReadAction\",\"target\":[\"https:\\\/\\\/www.bbmnoticias.com\\\/labravaradiofm\\\/2021\\\/09\\\/24\\\/segob-gestiona-liberacion-de-mujeres-presas-por-abortar\\\/\"]}]},{\"@type\":\"ImageObject\",\"inLanguage\":\"es\",\"@id\":\"https:\\\/\\\/www.bbmnoticias.com\\\/labravaradiofm\\\/2021\\\/09\\\/24\\\/segob-gestiona-liberacion-de-mujeres-presas-por-abortar\\\/#primaryimage\",\"url\":\"https:\\\/\\\/www.bbmnoticias.com\\\/labravaradiofm\\\/wp-content\\\/uploads\\\/sites\\\/5\\\/2021\\\/09\\\/nacional24092021-14.jpeg\",\"contentUrl\":\"https:\\\/\\\/www.bbmnoticias.com\\\/labravaradiofm\\\/wp-content\\\/uploads\\\/sites\\\/5\\\/2021\\\/09\\\/nacional24092021-14.jpeg\",\"width\":640,\"height\":360},{\"@type\":\"BreadcrumbList\",\"@id\":\"https:\\\/\\\/www.bbmnoticias.com\\\/labravaradiofm\\\/2021\\\/09\\\/24\\\/segob-gestiona-liberacion-de-mujeres-presas-por-abortar\\\/#breadcrumb\",\"itemListElement\":[{\"@type\":\"ListItem\",\"position\":1,\"name\":\"Inicio\",\"item\":\"https:\\\/\\\/www.bbmnoticias.com\\\/labravaradiofm\\\/\"},{\"@type\":\"ListItem\",\"position\":2,\"name\":\"Segob gestiona liberaci\u00f3n de mujeres presas por abortar\"}]},{\"@type\":\"WebSite\",\"@id\":\"https:\\\/\\\/www.bbmnoticias.com\\\/labravaradiofm\\\/#website\",\"url\":\"https:\\\/\\\/www.bbmnoticias.com\\\/labravaradiofm\\\/\",\"name\":\"LA BRAVA RADIO\",\"description\":\"Empresa productora de medios, Radiodifusi\u00f3n, Noticias, tendencias y todo lo que necesitas saber de la pol\u00edtica mexicana e internacional; entretenimiento, espect\u00e1culos, salud y mucho m\u00e1s.\",\"potentialAction\":[{\"@type\":\"SearchAction\",\"target\":{\"@type\":\"EntryPoint\",\"urlTemplate\":\"https:\\\/\\\/www.bbmnoticias.com\\\/labravaradiofm\\\/?s={search_term_string}\"},\"query-input\":{\"@type\":\"PropertyValueSpecification\",\"valueRequired\":true,\"valueName\":\"search_term_string\"}}],\"inLanguage\":\"es\"},{\"@type\":\"Person\",\"@id\":\"https:\\\/\\\/www.bbmnoticias.com\\\/labravaradiofm\\\/#\\\/schema\\\/person\\\/dd54c3159a8392b3c13f071a62fce1fb\",\"name\":\"SDPnoticias\",\"image\":{\"@type\":\"ImageObject\",\"inLanguage\":\"es\",\"@id\":\"https:\\\/\\\/secure.gravatar.com\\\/avatar\\\/015ede9175a06d999d8b2b09e108b48c9e008e4ee44a647956086b51bbce326c?s=96&d=mm&r=g\",\"url\":\"https:\\\/\\\/secure.gravatar.com\\\/avatar\\\/015ede9175a06d999d8b2b09e108b48c9e008e4ee44a647956086b51bbce326c?s=96&d=mm&r=g\",\"contentUrl\":\"https:\\\/\\\/secure.gravatar.com\\\/avatar\\\/015ede9175a06d999d8b2b09e108b48c9e008e4ee44a647956086b51bbce326c?s=96&d=mm&r=g\",\"caption\":\"SDPnoticias\"},\"url\":\"https:\\\/\\\/www.bbmnoticias.com\\\/labravaradiofm\\\/author\\\/sdpnoticias\\\/\"}]}<\/script>\n<!-- \/ Yoast SEO plugin. -->","yoast_head_json":{"title":"Segob gestiona liberaci\u00f3n de mujeres presas por abortar - LA BRAVA RADIO","description":"El proceso de liberaci\u00f3n de mujeres presas por abortar se trabajar\u00e1 en conjunto con diversas instituciones de las 32 entidades federativas","robots":{"index":"index","follow":"follow","max-snippet":"max-snippet:-1","max-image-preview":"max-image-preview:large","max-video-preview":"max-video-preview:-1"},"canonical":"https:\/\/www.bbmnoticias.com\/labravaradiofm\/2021\/09\/24\/segob-gestiona-liberacion-de-mujeres-presas-por-abortar\/","og_locale":"es_MX","og_type":"article","og_title":"Segob gestiona liberaci\u00f3n de mujeres presas por abortar - LA BRAVA RADIO","og_description":"El proceso de liberaci\u00f3n de mujeres presas por abortar se trabajar\u00e1 en conjunto con diversas instituciones de las 32 entidades federativas","og_url":"https:\/\/www.bbmnoticias.com\/labravaradiofm\/2021\/09\/24\/segob-gestiona-liberacion-de-mujeres-presas-por-abortar\/","og_site_name":"LA BRAVA RADIO","article_published_time":"2021-09-24T19:35:00+00:00","article_modified_time":"2021-09-24T19:35:01+00:00","og_image":[{"width":640,"height":360,"url":"https:\/\/www.bbmnoticias.com\/labravaradiofm\/wp-content\/uploads\/sites\/5\/2021\/09\/nacional24092021-14.jpeg","type":"image\/jpeg"}],"author":"SDPnoticias","twitter_card":"summary_large_image","twitter_misc":{"Escrito por":"SDPnoticias","Tiempo de lectura":"2 minutos"},"schema":{"@context":"https:\/\/schema.org","@graph":[{"@type":"Article","@id":"https:\/\/www.bbmnoticias.com\/labravaradiofm\/2021\/09\/24\/segob-gestiona-liberacion-de-mujeres-presas-por-abortar\/#article","isPartOf":{"@id":"https:\/\/www.bbmnoticias.com\/labravaradiofm\/2021\/09\/24\/segob-gestiona-liberacion-de-mujeres-presas-por-abortar\/"},"author":{"name":"SDPnoticias","@id":"https:\/\/www.bbmnoticias.com\/labravaradiofm\/#\/schema\/person\/dd54c3159a8392b3c13f071a62fce1fb"},"headline":"Segob gestiona liberaci\u00f3n de mujeres presas por abortar","datePublished":"2021-09-24T19:35:00+00:00","dateModified":"2021-09-24T19:35:01+00:00","mainEntityOfPage":{"@id":"https:\/\/www.bbmnoticias.com\/labravaradiofm\/2021\/09\/24\/segob-gestiona-liberacion-de-mujeres-presas-por-abortar\/"},"wordCount":372,"image":{"@id":"https:\/\/www.bbmnoticias.com\/labravaradiofm\/2021\/09\/24\/segob-gestiona-liberacion-de-mujeres-presas-por-abortar\/#primaryimage"},"thumbnailUrl":"https:\/\/www.bbmnoticias.com\/labravaradiofm\/wp-content\/uploads\/sites\/5\/2021\/09\/nacional24092021-14.jpeg","articleSection":["NACIONAL"],"inLanguage":"es"},{"@type":"WebPage","@id":"https:\/\/www.bbmnoticias.com\/labravaradiofm\/2021\/09\/24\/segob-gestiona-liberacion-de-mujeres-presas-por-abortar\/","url":"https:\/\/www.bbmnoticias.com\/labravaradiofm\/2021\/09\/24\/segob-gestiona-liberacion-de-mujeres-presas-por-abortar\/","name":"Segob gestiona liberaci\u00f3n de mujeres presas por abortar - LA BRAVA RADIO","isPartOf":{"@id":"https:\/\/www.bbmnoticias.com\/labravaradiofm\/#website"},"primaryImageOfPage":{"@id":"https:\/\/www.bbmnoticias.com\/labravaradiofm\/2021\/09\/24\/segob-gestiona-liberacion-de-mujeres-presas-por-abortar\/#primaryimage"},"image":{"@id":"https:\/\/www.bbmnoticias.com\/labravaradiofm\/2021\/09\/24\/segob-gestiona-liberacion-de-mujeres-presas-por-abortar\/#primaryimage"},"thumbnailUrl":"https:\/\/www.bbmnoticias.com\/labravaradiofm\/wp-content\/uploads\/sites\/5\/2021\/09\/nacional24092021-14.jpeg","datePublished":"2021-09-24T19:35:00+00:00","dateModified":"2021-09-24T19:35:01+00:00","author":{"@id":"https:\/\/www.bbmnoticias.com\/labravaradiofm\/#\/schema\/person\/dd54c3159a8392b3c13f071a62fce1fb"},"description":"El proceso de liberaci\u00f3n de mujeres presas por abortar se trabajar\u00e1 en conjunto con diversas instituciones de las 32 entidades federativas","breadcrumb":{"@id":"https:\/\/www.bbmnoticias.com\/labravaradiofm\/2021\/09\/24\/segob-gestiona-liberacion-de-mujeres-presas-por-abortar\/#breadcrumb"},"inLanguage":"es","potentialAction":[{"@type":"ReadAction","target":["https:\/\/www.bbmnoticias.com\/labravaradiofm\/2021\/09\/24\/segob-gestiona-liberacion-de-mujeres-presas-por-abortar\/"]}]},{"@type":"ImageObject","inLanguage":"es","@id":"https:\/\/www.bbmnoticias.com\/labravaradiofm\/2021\/09\/24\/segob-gestiona-liberacion-de-mujeres-presas-por-abortar\/#primaryimage","url":"https:\/\/www.bbmnoticias.com\/labravaradiofm\/wp-content\/uploads\/sites\/5\/2021\/09\/nacional24092021-14.jpeg","contentUrl":"https:\/\/www.bbmnoticias.com\/labravaradiofm\/wp-content\/uploads\/sites\/5\/2021\/09\/nacional24092021-14.jpeg","width":640,"height":360},{"@type":"BreadcrumbList","@id":"https:\/\/www.bbmnoticias.com\/labravaradiofm\/2021\/09\/24\/segob-gestiona-liberacion-de-mujeres-presas-por-abortar\/#breadcrumb","itemListElement":[{"@type":"ListItem","position":1,"name":"Inicio","item":"https:\/\/www.bbmnoticias.com\/labravaradiofm\/"},{"@type":"ListItem","position":2,"name":"Segob gestiona liberaci\u00f3n de mujeres presas por abortar"}]},{"@type":"WebSite","@id":"https:\/\/www.bbmnoticias.com\/labravaradiofm\/#website","url":"https:\/\/www.bbmnoticias.com\/labravaradiofm\/","name":"LA BRAVA RADIO","description":"Empresa productora de medios, Radiodifusi\u00f3n, Noticias, tendencias y todo lo que necesitas saber de la pol\u00edtica mexicana e internacional; entretenimiento, espect\u00e1culos, salud y mucho m\u00e1s.","potentialAction":[{"@type":"SearchAction","target":{"@type":"EntryPoint","urlTemplate":"https:\/\/www.bbmnoticias.com\/labravaradiofm\/?s={search_term_string}"},"query-input":{"@type":"PropertyValueSpecification","valueRequired":true,"valueName":"search_term_string"}}],"inLanguage":"es"},{"@type":"Person","@id":"https:\/\/www.bbmnoticias.com\/labravaradiofm\/#\/schema\/person\/dd54c3159a8392b3c13f071a62fce1fb","name":"SDPnoticias","image":{"@type":"ImageObject","inLanguage":"es","@id":"https:\/\/secure.gravatar.com\/avatar\/015ede9175a06d999d8b2b09e108b48c9e008e4ee44a647956086b51bbce326c?s=96&d=mm&r=g","url":"https:\/\/secure.gravatar.com\/avatar\/015ede9175a06d999d8b2b09e108b48c9e008e4ee44a647956086b51bbce326c?s=96&d=mm&r=g","contentUrl":"https:\/\/secure.gravatar.com\/avatar\/015ede9175a06d999d8b2b09e108b48c9e008e4ee44a647956086b51bbce326c?s=96&d=mm&r=g","caption":"SDPnoticias"},"url":"https:\/\/www.bbmnoticias.com\/labravaradiofm\/author\/sdpnoticias\/"}]}},"_links":{"self":[{"href":"https:\/\/www.bbmnoticias.com\/labravaradiofm\/wp-json\/wp\/v2\/posts\/2497","targetHints":{"allow":["GET"]}}],"collection":[{"href":"https:\/\/www.bbmnoticias.com\/labravaradiofm\/wp-json\/wp\/v2\/posts"}],"about":[{"href":"https:\/\/www.bbmnoticias.com\/labravaradiofm\/wp-json\/wp\/v2\/types\/post"}],"author":[{"embeddable":true,"href":"https:\/\/www.bbmnoticias.com\/labravaradiofm\/wp-json\/wp\/v2\/users\/12"}],"replies":[{"embeddable":true,"href":"https:\/\/www.bbmnoticias.com\/labravaradiofm\/wp-json\/wp\/v2\/comments?post=2497"}],"version-history":[{"count":0,"href":"https:\/\/www.bbmnoticias.com\/labravaradiofm\/wp-json\/wp\/v2\/posts\/2497\/revisions"}],"wp:featuredmedia":[{"embeddable":true,"href":"https:\/\/www.bbmnoticias.com\/labravaradiofm\/wp-json\/wp\/v2\/media\/2498"}],"wp:attachment":[{"href":"https:\/\/www.bbmnoticias.com\/labravaradiofm\/wp-json\/wp\/v2\/media?parent=2497"}],"wp:term":[{"taxonomy":"category","embeddable":true,"href":"https:\/\/www.bbmnoticias.com\/labravaradiofm\/wp-json\/wp\/v2\/categories?post=2497"},{"taxonomy":"post_tag","embeddable":true,"href":"https:\/\/www.bbmnoticias.com\/labravaradiofm\/wp-json\/wp\/v2\/tags?post=2497"}],"curies":[{"name":"wp","href":"https:\/\/api.w.org\/{rel}","templated":true}]}}