{"id":24967,"date":"2023-03-15T09:19:19","date_gmt":"2023-03-15T15:19:19","guid":{"rendered":"https:\/\/www.bbmnoticias.com\/labravaradiofm\/?p=24967"},"modified":"2023-03-15T09:19:19","modified_gmt":"2023-03-15T15:19:19","slug":"amlo-anuncia-propuesta-para-sustituir-uso-medico-de-fentanilo-y-prohibir-su-importacion","status":"publish","type":"post","link":"https:\/\/www.bbmnoticias.com\/labravaradiofm\/2023\/03\/15\/amlo-anuncia-propuesta-para-sustituir-uso-medico-de-fentanilo-y-prohibir-su-importacion\/","title":{"rendered":"AMLO anuncia propuesta para sustituir uso m\u00e9dico de fentanilo y prohibir su importaci\u00f3n"},"content":{"rendered":"<div style=\"margin-top: 0px; margin-bottom: 0px;\" class=\"sharethis-inline-share-buttons\" ><\/div>\n<p>El <strong>presidente Andr\u00e9s Manuel L\u00f3pez Obrador<\/strong> anunci\u00f3 que pedir\u00e1 a <strong>m\u00e9dicos<\/strong> y<strong> cient\u00edficos mexicanos<\/strong> que se analice la posibilidad de sustituir el <strong>fentanilo<\/strong> con fines m\u00e9dicos por otros <strong>analg\u00e9sicos<\/strong> y con esto <strong>prohibirse su importaci\u00f3n <\/strong>a nuestro pa\u00eds.<\/p>\n\n\n\n<p>En conferencia de prensa matutina, el jefe del Ejecutivo federal adelant\u00f3 que si esta propuesta prospera en M\u00e9xico, pedir\u00e1 que tambi\u00e9n lo hagan en Estados Unidos.<\/p>\n\n\n\n<p>\u201cVoy a pedir a m\u00e9dicos y cient\u00edficos mexicanos que analicen la posibilidad de que podamos sustituir el fentanilo con fines m\u00e9dicos por otros analg\u00e9sicos para dejar de usarlo. A ver si es posible porque antes se usaban otros analg\u00e9sicos y entonces, aunque tenemos el control que no se ten\u00eda antes sobre el ingreso del fentanilo con usos m\u00e9dicos, de todas formas al estar prohibido ya no habr\u00eda ninguna posibilidad de que pudiese importarse y lo sustituimos por otros analg\u00e9sicos.<\/p>\n\n\n\n<p>&#8220;A ver si esto es viable, con el compromiso de que todo lo que entre de manera ilegal y de contrabando va a seguir siendo combatido. Esto mismo, si lo hacemos en M\u00e9xico vamos a pedir que lo haga en Estados Unidos\u201d, dijo.<\/p>\n","protected":false},"excerpt":{"rendered":"<p>El presidente Andr\u00e9s Manuel L\u00f3pez Obrador anunci\u00f3 que pedir\u00e1 a m\u00e9dicos y cient\u00edficos mexicanos que se analice la posibilidad de sustituir el fentanilo con fines m\u00e9dicos por otros analg\u00e9sicos y con esto prohibirse su importaci\u00f3n a nuestro pa\u00eds. En conferencia de prensa matutina, el jefe del Ejecutivo federal adelant\u00f3 que si esta propuesta prospera en [&hellip;]<\/p>\n","protected":false},"author":10,"featured_media":24968,"comment_status":"closed","ping_status":"closed","sticky":false,"template":"","format":"standard","meta":{"footnotes":""},"categories":[19],"tags":[],"class_list":{"0":"post-24967","1":"post","2":"type-post","3":"status-publish","4":"format-standard","5":"has-post-thumbnail","7":"category-nacional"},"yoast_head":"<!-- This site is optimized with the Yoast SEO plugin v27.4 - https:\/\/yoast.com\/product\/yoast-seo-wordpress\/ -->\n<title>AMLO anuncia propuesta para sustituir uso m\u00e9dico de fentanilo y prohibir su importaci\u00f3n - LA BRAVA RADIO<\/title>\n<meta name=\"robots\" content=\"index, follow, max-snippet:-1, max-image-preview:large, max-video-preview:-1\" \/>\n<link rel=\"canonical\" href=\"https:\/\/www.bbmnoticias.com\/labravaradiofm\/2023\/03\/15\/amlo-anuncia-propuesta-para-sustituir-uso-medico-de-fentanilo-y-prohibir-su-importacion\/\" \/>\n<meta property=\"og:locale\" content=\"es_MX\" \/>\n<meta property=\"og:type\" content=\"article\" \/>\n<meta property=\"og:title\" content=\"AMLO anuncia propuesta para sustituir uso m\u00e9dico de fentanilo y prohibir su importaci\u00f3n - LA BRAVA RADIO\" \/>\n<meta property=\"og:description\" content=\"El presidente Andr\u00e9s Manuel L\u00f3pez Obrador anunci\u00f3 que pedir\u00e1 a m\u00e9dicos y cient\u00edficos mexicanos que se analice la posibilidad de sustituir el fentanilo con fines m\u00e9dicos por otros analg\u00e9sicos y con esto prohibirse su importaci\u00f3n a nuestro pa\u00eds. En conferencia de prensa matutina, el jefe del Ejecutivo federal adelant\u00f3 que si esta propuesta prospera en [&hellip;]\" \/>\n<meta property=\"og:url\" content=\"https:\/\/www.bbmnoticias.com\/labravaradiofm\/2023\/03\/15\/amlo-anuncia-propuesta-para-sustituir-uso-medico-de-fentanilo-y-prohibir-su-importacion\/\" \/>\n<meta property=\"og:site_name\" content=\"LA BRAVA RADIO\" \/>\n<meta property=\"article:published_time\" content=\"2023-03-15T15:19:19+00:00\" \/>\n<meta property=\"og:image\" content=\"https:\/\/www.bbmnoticias.com\/labravaradiofm\/wp-content\/uploads\/sites\/5\/2023\/03\/010medicamentos-2.webp\" \/>\n\t<meta property=\"og:image:width\" content=\"1201\" \/>\n\t<meta property=\"og:image:height\" content=\"754\" \/>\n\t<meta property=\"og:image:type\" content=\"image\/webp\" \/>\n<meta name=\"author\" content=\"El Universal\" \/>\n<meta name=\"twitter:card\" content=\"summary_large_image\" \/>\n<meta name=\"twitter:label1\" content=\"Escrito por\" \/>\n\t<meta name=\"twitter:data1\" content=\"El Universal\" \/>\n\t<meta name=\"twitter:label2\" content=\"Tiempo de lectura\" \/>\n\t<meta name=\"twitter:data2\" content=\"1 minuto\" \/>\n<script type=\"application\/ld+json\" class=\"yoast-schema-graph\">{\"@context\":\"https:\\\/\\\/schema.org\",\"@graph\":[{\"@type\":\"Article\",\"@id\":\"https:\\\/\\\/www.bbmnoticias.com\\\/labravaradiofm\\\/2023\\\/03\\\/15\\\/amlo-anuncia-propuesta-para-sustituir-uso-medico-de-fentanilo-y-prohibir-su-importacion\\\/#article\",\"isPartOf\":{\"@id\":\"https:\\\/\\\/www.bbmnoticias.com\\\/labravaradiofm\\\/2023\\\/03\\\/15\\\/amlo-anuncia-propuesta-para-sustituir-uso-medico-de-fentanilo-y-prohibir-su-importacion\\\/\"},\"author\":{\"name\":\"El Universal\",\"@id\":\"https:\\\/\\\/www.bbmnoticias.com\\\/labravaradiofm\\\/#\\\/schema\\\/person\\\/9d7a6a319e0df750bc43fc190d0b889b\"},\"headline\":\"AMLO anuncia propuesta para sustituir uso m\u00e9dico de fentanilo y prohibir su importaci\u00f3n\",\"datePublished\":\"2023-03-15T15:19:19+00:00\",\"mainEntityOfPage\":{\"@id\":\"https:\\\/\\\/www.bbmnoticias.com\\\/labravaradiofm\\\/2023\\\/03\\\/15\\\/amlo-anuncia-propuesta-para-sustituir-uso-medico-de-fentanilo-y-prohibir-su-importacion\\\/\"},\"wordCount\":221,\"image\":{\"@id\":\"https:\\\/\\\/www.bbmnoticias.com\\\/labravaradiofm\\\/2023\\\/03\\\/15\\\/amlo-anuncia-propuesta-para-sustituir-uso-medico-de-fentanilo-y-prohibir-su-importacion\\\/#primaryimage\"},\"thumbnailUrl\":\"https:\\\/\\\/www.bbmnoticias.com\\\/labravaradiofm\\\/wp-content\\\/uploads\\\/sites\\\/5\\\/2023\\\/03\\\/010medicamentos-2.webp\",\"articleSection\":[\"NACIONAL\"],\"inLanguage\":\"es\"},{\"@type\":\"WebPage\",\"@id\":\"https:\\\/\\\/www.bbmnoticias.com\\\/labravaradiofm\\\/2023\\\/03\\\/15\\\/amlo-anuncia-propuesta-para-sustituir-uso-medico-de-fentanilo-y-prohibir-su-importacion\\\/\",\"url\":\"https:\\\/\\\/www.bbmnoticias.com\\\/labravaradiofm\\\/2023\\\/03\\\/15\\\/amlo-anuncia-propuesta-para-sustituir-uso-medico-de-fentanilo-y-prohibir-su-importacion\\\/\",\"name\":\"AMLO anuncia propuesta para sustituir uso m\u00e9dico de fentanilo y prohibir su importaci\u00f3n - LA BRAVA RADIO\",\"isPartOf\":{\"@id\":\"https:\\\/\\\/www.bbmnoticias.com\\\/labravaradiofm\\\/#website\"},\"primaryImageOfPage\":{\"@id\":\"https:\\\/\\\/www.bbmnoticias.com\\\/labravaradiofm\\\/2023\\\/03\\\/15\\\/amlo-anuncia-propuesta-para-sustituir-uso-medico-de-fentanilo-y-prohibir-su-importacion\\\/#primaryimage\"},\"image\":{\"@id\":\"https:\\\/\\\/www.bbmnoticias.com\\\/labravaradiofm\\\/2023\\\/03\\\/15\\\/amlo-anuncia-propuesta-para-sustituir-uso-medico-de-fentanilo-y-prohibir-su-importacion\\\/#primaryimage\"},\"thumbnailUrl\":\"https:\\\/\\\/www.bbmnoticias.com\\\/labravaradiofm\\\/wp-content\\\/uploads\\\/sites\\\/5\\\/2023\\\/03\\\/010medicamentos-2.webp\",\"datePublished\":\"2023-03-15T15:19:19+00:00\",\"author\":{\"@id\":\"https:\\\/\\\/www.bbmnoticias.com\\\/labravaradiofm\\\/#\\\/schema\\\/person\\\/9d7a6a319e0df750bc43fc190d0b889b\"},\"breadcrumb\":{\"@id\":\"https:\\\/\\\/www.bbmnoticias.com\\\/labravaradiofm\\\/2023\\\/03\\\/15\\\/amlo-anuncia-propuesta-para-sustituir-uso-medico-de-fentanilo-y-prohibir-su-importacion\\\/#breadcrumb\"},\"inLanguage\":\"es\",\"potentialAction\":[{\"@type\":\"ReadAction\",\"target\":[\"https:\\\/\\\/www.bbmnoticias.com\\\/labravaradiofm\\\/2023\\\/03\\\/15\\\/amlo-anuncia-propuesta-para-sustituir-uso-medico-de-fentanilo-y-prohibir-su-importacion\\\/\"]}]},{\"@type\":\"ImageObject\",\"inLanguage\":\"es\",\"@id\":\"https:\\\/\\\/www.bbmnoticias.com\\\/labravaradiofm\\\/2023\\\/03\\\/15\\\/amlo-anuncia-propuesta-para-sustituir-uso-medico-de-fentanilo-y-prohibir-su-importacion\\\/#primaryimage\",\"url\":\"https:\\\/\\\/www.bbmnoticias.com\\\/labravaradiofm\\\/wp-content\\\/uploads\\\/sites\\\/5\\\/2023\\\/03\\\/010medicamentos-2.webp\",\"contentUrl\":\"https:\\\/\\\/www.bbmnoticias.com\\\/labravaradiofm\\\/wp-content\\\/uploads\\\/sites\\\/5\\\/2023\\\/03\\\/010medicamentos-2.webp\",\"width\":1201,\"height\":754},{\"@type\":\"BreadcrumbList\",\"@id\":\"https:\\\/\\\/www.bbmnoticias.com\\\/labravaradiofm\\\/2023\\\/03\\\/15\\\/amlo-anuncia-propuesta-para-sustituir-uso-medico-de-fentanilo-y-prohibir-su-importacion\\\/#breadcrumb\",\"itemListElement\":[{\"@type\":\"ListItem\",\"position\":1,\"name\":\"Inicio\",\"item\":\"https:\\\/\\\/www.bbmnoticias.com\\\/labravaradiofm\\\/\"},{\"@type\":\"ListItem\",\"position\":2,\"name\":\"AMLO anuncia propuesta para sustituir uso m\u00e9dico de fentanilo y prohibir su importaci\u00f3n\"}]},{\"@type\":\"WebSite\",\"@id\":\"https:\\\/\\\/www.bbmnoticias.com\\\/labravaradiofm\\\/#website\",\"url\":\"https:\\\/\\\/www.bbmnoticias.com\\\/labravaradiofm\\\/\",\"name\":\"LA BRAVA RADIO\",\"description\":\"Empresa productora de medios, Radiodifusi\u00f3n, Noticias, tendencias y todo lo que necesitas saber de la pol\u00edtica mexicana e internacional; entretenimiento, espect\u00e1culos, salud y mucho m\u00e1s.\",\"potentialAction\":[{\"@type\":\"SearchAction\",\"target\":{\"@type\":\"EntryPoint\",\"urlTemplate\":\"https:\\\/\\\/www.bbmnoticias.com\\\/labravaradiofm\\\/?s={search_term_string}\"},\"query-input\":{\"@type\":\"PropertyValueSpecification\",\"valueRequired\":true,\"valueName\":\"search_term_string\"}}],\"inLanguage\":\"es\"},{\"@type\":\"Person\",\"@id\":\"https:\\\/\\\/www.bbmnoticias.com\\\/labravaradiofm\\\/#\\\/schema\\\/person\\\/9d7a6a319e0df750bc43fc190d0b889b\",\"name\":\"El Universal\",\"image\":{\"@type\":\"ImageObject\",\"inLanguage\":\"es\",\"@id\":\"https:\\\/\\\/secure.gravatar.com\\\/avatar\\\/71c770e6e00bd7cb8183e56d1c59f81601544fbe41d802d7c17d05c9e25f7d06?s=96&d=mm&r=g\",\"url\":\"https:\\\/\\\/secure.gravatar.com\\\/avatar\\\/71c770e6e00bd7cb8183e56d1c59f81601544fbe41d802d7c17d05c9e25f7d06?s=96&d=mm&r=g\",\"contentUrl\":\"https:\\\/\\\/secure.gravatar.com\\\/avatar\\\/71c770e6e00bd7cb8183e56d1c59f81601544fbe41d802d7c17d05c9e25f7d06?s=96&d=mm&r=g\",\"caption\":\"El Universal\"},\"url\":\"https:\\\/\\\/www.bbmnoticias.com\\\/labravaradiofm\\\/author\\\/eluniversal\\\/\"}]}<\/script>\n<!-- \/ Yoast SEO plugin. -->","yoast_head_json":{"title":"AMLO anuncia propuesta para sustituir uso m\u00e9dico de fentanilo y prohibir su importaci\u00f3n - LA BRAVA RADIO","robots":{"index":"index","follow":"follow","max-snippet":"max-snippet:-1","max-image-preview":"max-image-preview:large","max-video-preview":"max-video-preview:-1"},"canonical":"https:\/\/www.bbmnoticias.com\/labravaradiofm\/2023\/03\/15\/amlo-anuncia-propuesta-para-sustituir-uso-medico-de-fentanilo-y-prohibir-su-importacion\/","og_locale":"es_MX","og_type":"article","og_title":"AMLO anuncia propuesta para sustituir uso m\u00e9dico de fentanilo y prohibir su importaci\u00f3n - LA BRAVA RADIO","og_description":"El presidente Andr\u00e9s Manuel L\u00f3pez Obrador anunci\u00f3 que pedir\u00e1 a m\u00e9dicos y cient\u00edficos mexicanos que se analice la posibilidad de sustituir el fentanilo con fines m\u00e9dicos por otros analg\u00e9sicos y con esto prohibirse su importaci\u00f3n a nuestro pa\u00eds. En conferencia de prensa matutina, el jefe del Ejecutivo federal adelant\u00f3 que si esta propuesta prospera en [&hellip;]","og_url":"https:\/\/www.bbmnoticias.com\/labravaradiofm\/2023\/03\/15\/amlo-anuncia-propuesta-para-sustituir-uso-medico-de-fentanilo-y-prohibir-su-importacion\/","og_site_name":"LA BRAVA RADIO","article_published_time":"2023-03-15T15:19:19+00:00","og_image":[{"width":1201,"height":754,"url":"https:\/\/www.bbmnoticias.com\/labravaradiofm\/wp-content\/uploads\/sites\/5\/2023\/03\/010medicamentos-2.webp","type":"image\/webp"}],"author":"El Universal","twitter_card":"summary_large_image","twitter_misc":{"Escrito por":"El Universal","Tiempo de lectura":"1 minuto"},"schema":{"@context":"https:\/\/schema.org","@graph":[{"@type":"Article","@id":"https:\/\/www.bbmnoticias.com\/labravaradiofm\/2023\/03\/15\/amlo-anuncia-propuesta-para-sustituir-uso-medico-de-fentanilo-y-prohibir-su-importacion\/#article","isPartOf":{"@id":"https:\/\/www.bbmnoticias.com\/labravaradiofm\/2023\/03\/15\/amlo-anuncia-propuesta-para-sustituir-uso-medico-de-fentanilo-y-prohibir-su-importacion\/"},"author":{"name":"El Universal","@id":"https:\/\/www.bbmnoticias.com\/labravaradiofm\/#\/schema\/person\/9d7a6a319e0df750bc43fc190d0b889b"},"headline":"AMLO anuncia propuesta para sustituir uso m\u00e9dico de fentanilo y prohibir su importaci\u00f3n","datePublished":"2023-03-15T15:19:19+00:00","mainEntityOfPage":{"@id":"https:\/\/www.bbmnoticias.com\/labravaradiofm\/2023\/03\/15\/amlo-anuncia-propuesta-para-sustituir-uso-medico-de-fentanilo-y-prohibir-su-importacion\/"},"wordCount":221,"image":{"@id":"https:\/\/www.bbmnoticias.com\/labravaradiofm\/2023\/03\/15\/amlo-anuncia-propuesta-para-sustituir-uso-medico-de-fentanilo-y-prohibir-su-importacion\/#primaryimage"},"thumbnailUrl":"https:\/\/www.bbmnoticias.com\/labravaradiofm\/wp-content\/uploads\/sites\/5\/2023\/03\/010medicamentos-2.webp","articleSection":["NACIONAL"],"inLanguage":"es"},{"@type":"WebPage","@id":"https:\/\/www.bbmnoticias.com\/labravaradiofm\/2023\/03\/15\/amlo-anuncia-propuesta-para-sustituir-uso-medico-de-fentanilo-y-prohibir-su-importacion\/","url":"https:\/\/www.bbmnoticias.com\/labravaradiofm\/2023\/03\/15\/amlo-anuncia-propuesta-para-sustituir-uso-medico-de-fentanilo-y-prohibir-su-importacion\/","name":"AMLO anuncia propuesta para sustituir uso m\u00e9dico de fentanilo y prohibir su importaci\u00f3n - LA BRAVA RADIO","isPartOf":{"@id":"https:\/\/www.bbmnoticias.com\/labravaradiofm\/#website"},"primaryImageOfPage":{"@id":"https:\/\/www.bbmnoticias.com\/labravaradiofm\/2023\/03\/15\/amlo-anuncia-propuesta-para-sustituir-uso-medico-de-fentanilo-y-prohibir-su-importacion\/#primaryimage"},"image":{"@id":"https:\/\/www.bbmnoticias.com\/labravaradiofm\/2023\/03\/15\/amlo-anuncia-propuesta-para-sustituir-uso-medico-de-fentanilo-y-prohibir-su-importacion\/#primaryimage"},"thumbnailUrl":"https:\/\/www.bbmnoticias.com\/labravaradiofm\/wp-content\/uploads\/sites\/5\/2023\/03\/010medicamentos-2.webp","datePublished":"2023-03-15T15:19:19+00:00","author":{"@id":"https:\/\/www.bbmnoticias.com\/labravaradiofm\/#\/schema\/person\/9d7a6a319e0df750bc43fc190d0b889b"},"breadcrumb":{"@id":"https:\/\/www.bbmnoticias.com\/labravaradiofm\/2023\/03\/15\/amlo-anuncia-propuesta-para-sustituir-uso-medico-de-fentanilo-y-prohibir-su-importacion\/#breadcrumb"},"inLanguage":"es","potentialAction":[{"@type":"ReadAction","target":["https:\/\/www.bbmnoticias.com\/labravaradiofm\/2023\/03\/15\/amlo-anuncia-propuesta-para-sustituir-uso-medico-de-fentanilo-y-prohibir-su-importacion\/"]}]},{"@type":"ImageObject","inLanguage":"es","@id":"https:\/\/www.bbmnoticias.com\/labravaradiofm\/2023\/03\/15\/amlo-anuncia-propuesta-para-sustituir-uso-medico-de-fentanilo-y-prohibir-su-importacion\/#primaryimage","url":"https:\/\/www.bbmnoticias.com\/labravaradiofm\/wp-content\/uploads\/sites\/5\/2023\/03\/010medicamentos-2.webp","contentUrl":"https:\/\/www.bbmnoticias.com\/labravaradiofm\/wp-content\/uploads\/sites\/5\/2023\/03\/010medicamentos-2.webp","width":1201,"height":754},{"@type":"BreadcrumbList","@id":"https:\/\/www.bbmnoticias.com\/labravaradiofm\/2023\/03\/15\/amlo-anuncia-propuesta-para-sustituir-uso-medico-de-fentanilo-y-prohibir-su-importacion\/#breadcrumb","itemListElement":[{"@type":"ListItem","position":1,"name":"Inicio","item":"https:\/\/www.bbmnoticias.com\/labravaradiofm\/"},{"@type":"ListItem","position":2,"name":"AMLO anuncia propuesta para sustituir uso m\u00e9dico de fentanilo y prohibir su importaci\u00f3n"}]},{"@type":"WebSite","@id":"https:\/\/www.bbmnoticias.com\/labravaradiofm\/#website","url":"https:\/\/www.bbmnoticias.com\/labravaradiofm\/","name":"LA BRAVA RADIO","description":"Empresa productora de medios, Radiodifusi\u00f3n, Noticias, tendencias y todo lo que necesitas saber de la pol\u00edtica mexicana e internacional; entretenimiento, espect\u00e1culos, salud y mucho m\u00e1s.","potentialAction":[{"@type":"SearchAction","target":{"@type":"EntryPoint","urlTemplate":"https:\/\/www.bbmnoticias.com\/labravaradiofm\/?s={search_term_string}"},"query-input":{"@type":"PropertyValueSpecification","valueRequired":true,"valueName":"search_term_string"}}],"inLanguage":"es"},{"@type":"Person","@id":"https:\/\/www.bbmnoticias.com\/labravaradiofm\/#\/schema\/person\/9d7a6a319e0df750bc43fc190d0b889b","name":"El Universal","image":{"@type":"ImageObject","inLanguage":"es","@id":"https:\/\/secure.gravatar.com\/avatar\/71c770e6e00bd7cb8183e56d1c59f81601544fbe41d802d7c17d05c9e25f7d06?s=96&d=mm&r=g","url":"https:\/\/secure.gravatar.com\/avatar\/71c770e6e00bd7cb8183e56d1c59f81601544fbe41d802d7c17d05c9e25f7d06?s=96&d=mm&r=g","contentUrl":"https:\/\/secure.gravatar.com\/avatar\/71c770e6e00bd7cb8183e56d1c59f81601544fbe41d802d7c17d05c9e25f7d06?s=96&d=mm&r=g","caption":"El Universal"},"url":"https:\/\/www.bbmnoticias.com\/labravaradiofm\/author\/eluniversal\/"}]}},"_links":{"self":[{"href":"https:\/\/www.bbmnoticias.com\/labravaradiofm\/wp-json\/wp\/v2\/posts\/24967","targetHints":{"allow":["GET"]}}],"collection":[{"href":"https:\/\/www.bbmnoticias.com\/labravaradiofm\/wp-json\/wp\/v2\/posts"}],"about":[{"href":"https:\/\/www.bbmnoticias.com\/labravaradiofm\/wp-json\/wp\/v2\/types\/post"}],"author":[{"embeddable":true,"href":"https:\/\/www.bbmnoticias.com\/labravaradiofm\/wp-json\/wp\/v2\/users\/10"}],"replies":[{"embeddable":true,"href":"https:\/\/www.bbmnoticias.com\/labravaradiofm\/wp-json\/wp\/v2\/comments?post=24967"}],"version-history":[{"count":0,"href":"https:\/\/www.bbmnoticias.com\/labravaradiofm\/wp-json\/wp\/v2\/posts\/24967\/revisions"}],"wp:featuredmedia":[{"embeddable":true,"href":"https:\/\/www.bbmnoticias.com\/labravaradiofm\/wp-json\/wp\/v2\/media\/24968"}],"wp:attachment":[{"href":"https:\/\/www.bbmnoticias.com\/labravaradiofm\/wp-json\/wp\/v2\/media?parent=24967"}],"wp:term":[{"taxonomy":"category","embeddable":true,"href":"https:\/\/www.bbmnoticias.com\/labravaradiofm\/wp-json\/wp\/v2\/categories?post=24967"},{"taxonomy":"post_tag","embeddable":true,"href":"https:\/\/www.bbmnoticias.com\/labravaradiofm\/wp-json\/wp\/v2\/tags?post=24967"}],"curies":[{"name":"wp","href":"https:\/\/api.w.org\/{rel}","templated":true}]}}