{"id":2494,"date":"2021-09-24T14:22:59","date_gmt":"2021-09-24T19:22:59","guid":{"rendered":"https:\/\/www.bbmnoticias.com\/labravaradiofm\/?p=2494"},"modified":"2021-09-24T14:23:00","modified_gmt":"2021-09-24T19:23:00","slug":"por-el-delito-de-robo-sentencian-a-masculino-en-la-costa","status":"publish","type":"post","link":"https:\/\/www.bbmnoticias.com\/labravaradiofm\/2021\/09\/24\/por-el-delito-de-robo-sentencian-a-masculino-en-la-costa\/","title":{"rendered":"Por el delito de robo, sentencian a masculino en la costa"},"content":{"rendered":"<div style=\"margin-top: 0px; margin-bottom: 0px;\" class=\"sharethis-inline-share-buttons\" ><\/div>\n<p><strong>Oaxaca de Ju\u00e1rez, Oax.-<\/strong> La Fiscal\u00eda General del Estado de Oaxaca (FGEO) obtuvo, del Tribunal de Enjuiciamiento, sentencia condenatoria de 2 a\u00f1os de prisi\u00f3n contra A. D. J. R. C., responsable del delito de robo calificado con violencia a las personas en agravio de S. A. G., cometido en mayo de 2021 en San Juan Bautista Tuxtepec, regi\u00f3n de la Cuenca del Papaloapan.<\/p>\n\n\n\n<p>De acuerdo con la causa penal 143\/2021, el 8 de mayo de 2021, aproximadamente a las 13:35 horas, el imputado intercept\u00f3 a la v\u00edctima para despojarla de una fuerte suma de dinero luego de salir de un banco y estaba a punto de abordar su veh\u00edculo estacionado en inmediaciones de una plaza comercial, ubicada en el referido municipio.<\/p>\n\n\n\n<p>Luego de cometer el delito y darse a la fuga, A. D. J. R. C. fue detenido en flagrancia por Agentes Estatales de Investigaci\u00f3n y presentado de forma inmediata ante el Juzgado de Control.<\/p>\n\n\n\n<p>En audiencia, el Tribunal de Enjuiciamiento dict\u00f3 sentencia condenatoria contra el responsable, imponiendo la pena de 2 a\u00f1os y ocho meses de prisi\u00f3n y ordenando el pago de 13 mil pesos por reparaci\u00f3n del da\u00f1o.<\/p>\n","protected":false},"excerpt":{"rendered":"<p>Oaxaca de Ju\u00e1rez, Oax.- La Fiscal\u00eda General del Estado de Oaxaca (FGEO) obtuvo, del Tribunal de Enjuiciamiento, sentencia condenatoria de 2 a\u00f1os de prisi\u00f3n contra A. D. J. R. C., responsable del delito de robo calificado con violencia a las personas en agravio de S. A. G., cometido en mayo de 2021 en San Juan [&hellip;]<\/p>\n","protected":false},"author":2,"featured_media":2495,"comment_status":"closed","ping_status":"closed","sticky":false,"template":"","format":"standard","meta":{"footnotes":""},"categories":[20],"tags":[],"class_list":{"0":"post-2494","1":"post","2":"type-post","3":"status-publish","4":"format-standard","5":"has-post-thumbnail","7":"category-policiaca"},"yoast_head":"<!-- This site is optimized with the Yoast SEO plugin v27.4 - https:\/\/yoast.com\/product\/yoast-seo-wordpress\/ -->\n<title>Por el delito de robo, sentencian a masculino en la costa - LA BRAVA RADIO<\/title>\n<meta name=\"description\" content=\"El Tribunal dict\u00f3 sentencia condenatoria contra el responsable, imponiendo la pena de 2 a\u00f1os y ocho meses de prisi\u00f3n\" \/>\n<meta name=\"robots\" content=\"index, follow, max-snippet:-1, max-image-preview:large, max-video-preview:-1\" \/>\n<link rel=\"canonical\" href=\"https:\/\/www.bbmnoticias.com\/labravaradiofm\/2021\/09\/24\/por-el-delito-de-robo-sentencian-a-masculino-en-la-costa\/\" \/>\n<meta property=\"og:locale\" content=\"es_MX\" \/>\n<meta property=\"og:type\" content=\"article\" \/>\n<meta property=\"og:title\" content=\"Por el delito de robo, sentencian a masculino en la costa - LA BRAVA RADIO\" \/>\n<meta property=\"og:description\" content=\"El Tribunal dict\u00f3 sentencia condenatoria contra el responsable, imponiendo la pena de 2 a\u00f1os y ocho meses de prisi\u00f3n\" \/>\n<meta property=\"og:url\" content=\"https:\/\/www.bbmnoticias.com\/labravaradiofm\/2021\/09\/24\/por-el-delito-de-robo-sentencian-a-masculino-en-la-costa\/\" \/>\n<meta property=\"og:site_name\" content=\"LA BRAVA RADIO\" \/>\n<meta property=\"article:published_time\" content=\"2021-09-24T19:22:59+00:00\" \/>\n<meta property=\"article:modified_time\" content=\"2021-09-24T19:23:00+00:00\" \/>\n<meta property=\"og:image\" content=\"https:\/\/www.bbmnoticias.com\/labravaradiofm\/wp-content\/uploads\/sites\/5\/2021\/09\/policiaca24092021-12.jpg\" \/>\n\t<meta property=\"og:image:width\" content=\"980\" \/>\n\t<meta property=\"og:image:height\" content=\"653\" \/>\n\t<meta property=\"og:image:type\" content=\"image\/jpeg\" \/>\n<meta name=\"author\" content=\"Staff\" \/>\n<meta name=\"twitter:card\" content=\"summary_large_image\" \/>\n<meta name=\"twitter:label1\" content=\"Escrito por\" \/>\n\t<meta name=\"twitter:data1\" content=\"Staff\" \/>\n\t<meta name=\"twitter:label2\" content=\"Tiempo de lectura\" \/>\n\t<meta name=\"twitter:data2\" content=\"1 minuto\" \/>\n<script type=\"application\/ld+json\" class=\"yoast-schema-graph\">{\"@context\":\"https:\\\/\\\/schema.org\",\"@graph\":[{\"@type\":\"Article\",\"@id\":\"https:\\\/\\\/www.bbmnoticias.com\\\/labravaradiofm\\\/2021\\\/09\\\/24\\\/por-el-delito-de-robo-sentencian-a-masculino-en-la-costa\\\/#article\",\"isPartOf\":{\"@id\":\"https:\\\/\\\/www.bbmnoticias.com\\\/labravaradiofm\\\/2021\\\/09\\\/24\\\/por-el-delito-de-robo-sentencian-a-masculino-en-la-costa\\\/\"},\"author\":{\"name\":\"Staff\",\"@id\":\"https:\\\/\\\/www.bbmnoticias.com\\\/labravaradiofm\\\/#\\\/schema\\\/person\\\/34b139c617a70ea5bef5678bffe4dd7b\"},\"headline\":\"Por el delito de robo, sentencian a masculino en la costa\",\"datePublished\":\"2021-09-24T19:22:59+00:00\",\"dateModified\":\"2021-09-24T19:23:00+00:00\",\"mainEntityOfPage\":{\"@id\":\"https:\\\/\\\/www.bbmnoticias.com\\\/labravaradiofm\\\/2021\\\/09\\\/24\\\/por-el-delito-de-robo-sentencian-a-masculino-en-la-costa\\\/\"},\"wordCount\":206,\"image\":{\"@id\":\"https:\\\/\\\/www.bbmnoticias.com\\\/labravaradiofm\\\/2021\\\/09\\\/24\\\/por-el-delito-de-robo-sentencian-a-masculino-en-la-costa\\\/#primaryimage\"},\"thumbnailUrl\":\"https:\\\/\\\/www.bbmnoticias.com\\\/labravaradiofm\\\/wp-content\\\/uploads\\\/sites\\\/5\\\/2021\\\/09\\\/policiaca24092021-12.jpg\",\"articleSection\":[\"POLICIACA\"],\"inLanguage\":\"es\"},{\"@type\":\"WebPage\",\"@id\":\"https:\\\/\\\/www.bbmnoticias.com\\\/labravaradiofm\\\/2021\\\/09\\\/24\\\/por-el-delito-de-robo-sentencian-a-masculino-en-la-costa\\\/\",\"url\":\"https:\\\/\\\/www.bbmnoticias.com\\\/labravaradiofm\\\/2021\\\/09\\\/24\\\/por-el-delito-de-robo-sentencian-a-masculino-en-la-costa\\\/\",\"name\":\"Por el delito de robo, sentencian a masculino en la costa - LA BRAVA RADIO\",\"isPartOf\":{\"@id\":\"https:\\\/\\\/www.bbmnoticias.com\\\/labravaradiofm\\\/#website\"},\"primaryImageOfPage\":{\"@id\":\"https:\\\/\\\/www.bbmnoticias.com\\\/labravaradiofm\\\/2021\\\/09\\\/24\\\/por-el-delito-de-robo-sentencian-a-masculino-en-la-costa\\\/#primaryimage\"},\"image\":{\"@id\":\"https:\\\/\\\/www.bbmnoticias.com\\\/labravaradiofm\\\/2021\\\/09\\\/24\\\/por-el-delito-de-robo-sentencian-a-masculino-en-la-costa\\\/#primaryimage\"},\"thumbnailUrl\":\"https:\\\/\\\/www.bbmnoticias.com\\\/labravaradiofm\\\/wp-content\\\/uploads\\\/sites\\\/5\\\/2021\\\/09\\\/policiaca24092021-12.jpg\",\"datePublished\":\"2021-09-24T19:22:59+00:00\",\"dateModified\":\"2021-09-24T19:23:00+00:00\",\"author\":{\"@id\":\"https:\\\/\\\/www.bbmnoticias.com\\\/labravaradiofm\\\/#\\\/schema\\\/person\\\/34b139c617a70ea5bef5678bffe4dd7b\"},\"description\":\"El Tribunal dict\u00f3 sentencia condenatoria contra el responsable, imponiendo la pena de 2 a\u00f1os y ocho meses de prisi\u00f3n\",\"breadcrumb\":{\"@id\":\"https:\\\/\\\/www.bbmnoticias.com\\\/labravaradiofm\\\/2021\\\/09\\\/24\\\/por-el-delito-de-robo-sentencian-a-masculino-en-la-costa\\\/#breadcrumb\"},\"inLanguage\":\"es\",\"potentialAction\":[{\"@type\":\"ReadAction\",\"target\":[\"https:\\\/\\\/www.bbmnoticias.com\\\/labravaradiofm\\\/2021\\\/09\\\/24\\\/por-el-delito-de-robo-sentencian-a-masculino-en-la-costa\\\/\"]}]},{\"@type\":\"ImageObject\",\"inLanguage\":\"es\",\"@id\":\"https:\\\/\\\/www.bbmnoticias.com\\\/labravaradiofm\\\/2021\\\/09\\\/24\\\/por-el-delito-de-robo-sentencian-a-masculino-en-la-costa\\\/#primaryimage\",\"url\":\"https:\\\/\\\/www.bbmnoticias.com\\\/labravaradiofm\\\/wp-content\\\/uploads\\\/sites\\\/5\\\/2021\\\/09\\\/policiaca24092021-12.jpg\",\"contentUrl\":\"https:\\\/\\\/www.bbmnoticias.com\\\/labravaradiofm\\\/wp-content\\\/uploads\\\/sites\\\/5\\\/2021\\\/09\\\/policiaca24092021-12.jpg\",\"width\":980,\"height\":653},{\"@type\":\"BreadcrumbList\",\"@id\":\"https:\\\/\\\/www.bbmnoticias.com\\\/labravaradiofm\\\/2021\\\/09\\\/24\\\/por-el-delito-de-robo-sentencian-a-masculino-en-la-costa\\\/#breadcrumb\",\"itemListElement\":[{\"@type\":\"ListItem\",\"position\":1,\"name\":\"Inicio\",\"item\":\"https:\\\/\\\/www.bbmnoticias.com\\\/labravaradiofm\\\/\"},{\"@type\":\"ListItem\",\"position\":2,\"name\":\"Por el delito de robo, sentencian a masculino en la costa\"}]},{\"@type\":\"WebSite\",\"@id\":\"https:\\\/\\\/www.bbmnoticias.com\\\/labravaradiofm\\\/#website\",\"url\":\"https:\\\/\\\/www.bbmnoticias.com\\\/labravaradiofm\\\/\",\"name\":\"LA BRAVA RADIO\",\"description\":\"Empresa productora de medios, Radiodifusi\u00f3n, Noticias, tendencias y todo lo que necesitas saber de la pol\u00edtica mexicana e internacional; entretenimiento, espect\u00e1culos, salud y mucho m\u00e1s.\",\"potentialAction\":[{\"@type\":\"SearchAction\",\"target\":{\"@type\":\"EntryPoint\",\"urlTemplate\":\"https:\\\/\\\/www.bbmnoticias.com\\\/labravaradiofm\\\/?s={search_term_string}\"},\"query-input\":{\"@type\":\"PropertyValueSpecification\",\"valueRequired\":true,\"valueName\":\"search_term_string\"}}],\"inLanguage\":\"es\"},{\"@type\":\"Person\",\"@id\":\"https:\\\/\\\/www.bbmnoticias.com\\\/labravaradiofm\\\/#\\\/schema\\\/person\\\/34b139c617a70ea5bef5678bffe4dd7b\",\"name\":\"Staff\",\"image\":{\"@type\":\"ImageObject\",\"inLanguage\":\"es\",\"@id\":\"https:\\\/\\\/secure.gravatar.com\\\/avatar\\\/fdd21ad66fd8b98c407f9dee5b5e588cfe7f0d8579ec20fa6527cd59bab7f0f0?s=96&d=mm&r=g\",\"url\":\"https:\\\/\\\/secure.gravatar.com\\\/avatar\\\/fdd21ad66fd8b98c407f9dee5b5e588cfe7f0d8579ec20fa6527cd59bab7f0f0?s=96&d=mm&r=g\",\"contentUrl\":\"https:\\\/\\\/secure.gravatar.com\\\/avatar\\\/fdd21ad66fd8b98c407f9dee5b5e588cfe7f0d8579ec20fa6527cd59bab7f0f0?s=96&d=mm&r=g\",\"caption\":\"Staff\"},\"url\":\"https:\\\/\\\/www.bbmnoticias.com\\\/labravaradiofm\\\/author\\\/redaccion\\\/\"}]}<\/script>\n<!-- \/ Yoast SEO plugin. -->","yoast_head_json":{"title":"Por el delito de robo, sentencian a masculino en la costa - LA BRAVA RADIO","description":"El Tribunal dict\u00f3 sentencia condenatoria contra el responsable, imponiendo la pena de 2 a\u00f1os y ocho meses de prisi\u00f3n","robots":{"index":"index","follow":"follow","max-snippet":"max-snippet:-1","max-image-preview":"max-image-preview:large","max-video-preview":"max-video-preview:-1"},"canonical":"https:\/\/www.bbmnoticias.com\/labravaradiofm\/2021\/09\/24\/por-el-delito-de-robo-sentencian-a-masculino-en-la-costa\/","og_locale":"es_MX","og_type":"article","og_title":"Por el delito de robo, sentencian a masculino en la costa - LA BRAVA RADIO","og_description":"El Tribunal dict\u00f3 sentencia condenatoria contra el responsable, imponiendo la pena de 2 a\u00f1os y ocho meses de prisi\u00f3n","og_url":"https:\/\/www.bbmnoticias.com\/labravaradiofm\/2021\/09\/24\/por-el-delito-de-robo-sentencian-a-masculino-en-la-costa\/","og_site_name":"LA BRAVA RADIO","article_published_time":"2021-09-24T19:22:59+00:00","article_modified_time":"2021-09-24T19:23:00+00:00","og_image":[{"width":980,"height":653,"url":"https:\/\/www.bbmnoticias.com\/labravaradiofm\/wp-content\/uploads\/sites\/5\/2021\/09\/policiaca24092021-12.jpg","type":"image\/jpeg"}],"author":"Staff","twitter_card":"summary_large_image","twitter_misc":{"Escrito por":"Staff","Tiempo de lectura":"1 minuto"},"schema":{"@context":"https:\/\/schema.org","@graph":[{"@type":"Article","@id":"https:\/\/www.bbmnoticias.com\/labravaradiofm\/2021\/09\/24\/por-el-delito-de-robo-sentencian-a-masculino-en-la-costa\/#article","isPartOf":{"@id":"https:\/\/www.bbmnoticias.com\/labravaradiofm\/2021\/09\/24\/por-el-delito-de-robo-sentencian-a-masculino-en-la-costa\/"},"author":{"name":"Staff","@id":"https:\/\/www.bbmnoticias.com\/labravaradiofm\/#\/schema\/person\/34b139c617a70ea5bef5678bffe4dd7b"},"headline":"Por el delito de robo, sentencian a masculino en la costa","datePublished":"2021-09-24T19:22:59+00:00","dateModified":"2021-09-24T19:23:00+00:00","mainEntityOfPage":{"@id":"https:\/\/www.bbmnoticias.com\/labravaradiofm\/2021\/09\/24\/por-el-delito-de-robo-sentencian-a-masculino-en-la-costa\/"},"wordCount":206,"image":{"@id":"https:\/\/www.bbmnoticias.com\/labravaradiofm\/2021\/09\/24\/por-el-delito-de-robo-sentencian-a-masculino-en-la-costa\/#primaryimage"},"thumbnailUrl":"https:\/\/www.bbmnoticias.com\/labravaradiofm\/wp-content\/uploads\/sites\/5\/2021\/09\/policiaca24092021-12.jpg","articleSection":["POLICIACA"],"inLanguage":"es"},{"@type":"WebPage","@id":"https:\/\/www.bbmnoticias.com\/labravaradiofm\/2021\/09\/24\/por-el-delito-de-robo-sentencian-a-masculino-en-la-costa\/","url":"https:\/\/www.bbmnoticias.com\/labravaradiofm\/2021\/09\/24\/por-el-delito-de-robo-sentencian-a-masculino-en-la-costa\/","name":"Por el delito de robo, sentencian a masculino en la costa - LA BRAVA RADIO","isPartOf":{"@id":"https:\/\/www.bbmnoticias.com\/labravaradiofm\/#website"},"primaryImageOfPage":{"@id":"https:\/\/www.bbmnoticias.com\/labravaradiofm\/2021\/09\/24\/por-el-delito-de-robo-sentencian-a-masculino-en-la-costa\/#primaryimage"},"image":{"@id":"https:\/\/www.bbmnoticias.com\/labravaradiofm\/2021\/09\/24\/por-el-delito-de-robo-sentencian-a-masculino-en-la-costa\/#primaryimage"},"thumbnailUrl":"https:\/\/www.bbmnoticias.com\/labravaradiofm\/wp-content\/uploads\/sites\/5\/2021\/09\/policiaca24092021-12.jpg","datePublished":"2021-09-24T19:22:59+00:00","dateModified":"2021-09-24T19:23:00+00:00","author":{"@id":"https:\/\/www.bbmnoticias.com\/labravaradiofm\/#\/schema\/person\/34b139c617a70ea5bef5678bffe4dd7b"},"description":"El Tribunal dict\u00f3 sentencia condenatoria contra el responsable, imponiendo la pena de 2 a\u00f1os y ocho meses de prisi\u00f3n","breadcrumb":{"@id":"https:\/\/www.bbmnoticias.com\/labravaradiofm\/2021\/09\/24\/por-el-delito-de-robo-sentencian-a-masculino-en-la-costa\/#breadcrumb"},"inLanguage":"es","potentialAction":[{"@type":"ReadAction","target":["https:\/\/www.bbmnoticias.com\/labravaradiofm\/2021\/09\/24\/por-el-delito-de-robo-sentencian-a-masculino-en-la-costa\/"]}]},{"@type":"ImageObject","inLanguage":"es","@id":"https:\/\/www.bbmnoticias.com\/labravaradiofm\/2021\/09\/24\/por-el-delito-de-robo-sentencian-a-masculino-en-la-costa\/#primaryimage","url":"https:\/\/www.bbmnoticias.com\/labravaradiofm\/wp-content\/uploads\/sites\/5\/2021\/09\/policiaca24092021-12.jpg","contentUrl":"https:\/\/www.bbmnoticias.com\/labravaradiofm\/wp-content\/uploads\/sites\/5\/2021\/09\/policiaca24092021-12.jpg","width":980,"height":653},{"@type":"BreadcrumbList","@id":"https:\/\/www.bbmnoticias.com\/labravaradiofm\/2021\/09\/24\/por-el-delito-de-robo-sentencian-a-masculino-en-la-costa\/#breadcrumb","itemListElement":[{"@type":"ListItem","position":1,"name":"Inicio","item":"https:\/\/www.bbmnoticias.com\/labravaradiofm\/"},{"@type":"ListItem","position":2,"name":"Por el delito de robo, sentencian a masculino en la costa"}]},{"@type":"WebSite","@id":"https:\/\/www.bbmnoticias.com\/labravaradiofm\/#website","url":"https:\/\/www.bbmnoticias.com\/labravaradiofm\/","name":"LA BRAVA RADIO","description":"Empresa productora de medios, Radiodifusi\u00f3n, Noticias, tendencias y todo lo que necesitas saber de la pol\u00edtica mexicana e internacional; entretenimiento, espect\u00e1culos, salud y mucho m\u00e1s.","potentialAction":[{"@type":"SearchAction","target":{"@type":"EntryPoint","urlTemplate":"https:\/\/www.bbmnoticias.com\/labravaradiofm\/?s={search_term_string}"},"query-input":{"@type":"PropertyValueSpecification","valueRequired":true,"valueName":"search_term_string"}}],"inLanguage":"es"},{"@type":"Person","@id":"https:\/\/www.bbmnoticias.com\/labravaradiofm\/#\/schema\/person\/34b139c617a70ea5bef5678bffe4dd7b","name":"Staff","image":{"@type":"ImageObject","inLanguage":"es","@id":"https:\/\/secure.gravatar.com\/avatar\/fdd21ad66fd8b98c407f9dee5b5e588cfe7f0d8579ec20fa6527cd59bab7f0f0?s=96&d=mm&r=g","url":"https:\/\/secure.gravatar.com\/avatar\/fdd21ad66fd8b98c407f9dee5b5e588cfe7f0d8579ec20fa6527cd59bab7f0f0?s=96&d=mm&r=g","contentUrl":"https:\/\/secure.gravatar.com\/avatar\/fdd21ad66fd8b98c407f9dee5b5e588cfe7f0d8579ec20fa6527cd59bab7f0f0?s=96&d=mm&r=g","caption":"Staff"},"url":"https:\/\/www.bbmnoticias.com\/labravaradiofm\/author\/redaccion\/"}]}},"_links":{"self":[{"href":"https:\/\/www.bbmnoticias.com\/labravaradiofm\/wp-json\/wp\/v2\/posts\/2494","targetHints":{"allow":["GET"]}}],"collection":[{"href":"https:\/\/www.bbmnoticias.com\/labravaradiofm\/wp-json\/wp\/v2\/posts"}],"about":[{"href":"https:\/\/www.bbmnoticias.com\/labravaradiofm\/wp-json\/wp\/v2\/types\/post"}],"author":[{"embeddable":true,"href":"https:\/\/www.bbmnoticias.com\/labravaradiofm\/wp-json\/wp\/v2\/users\/2"}],"replies":[{"embeddable":true,"href":"https:\/\/www.bbmnoticias.com\/labravaradiofm\/wp-json\/wp\/v2\/comments?post=2494"}],"version-history":[{"count":0,"href":"https:\/\/www.bbmnoticias.com\/labravaradiofm\/wp-json\/wp\/v2\/posts\/2494\/revisions"}],"wp:featuredmedia":[{"embeddable":true,"href":"https:\/\/www.bbmnoticias.com\/labravaradiofm\/wp-json\/wp\/v2\/media\/2495"}],"wp:attachment":[{"href":"https:\/\/www.bbmnoticias.com\/labravaradiofm\/wp-json\/wp\/v2\/media?parent=2494"}],"wp:term":[{"taxonomy":"category","embeddable":true,"href":"https:\/\/www.bbmnoticias.com\/labravaradiofm\/wp-json\/wp\/v2\/categories?post=2494"},{"taxonomy":"post_tag","embeddable":true,"href":"https:\/\/www.bbmnoticias.com\/labravaradiofm\/wp-json\/wp\/v2\/tags?post=2494"}],"curies":[{"name":"wp","href":"https:\/\/api.w.org\/{rel}","templated":true}]}}