{"id":24840,"date":"2023-03-13T12:29:48","date_gmt":"2023-03-13T18:29:48","guid":{"rendered":"https:\/\/www.bbmnoticias.com\/labravaradiofm\/?p=24840"},"modified":"2023-03-13T12:29:48","modified_gmt":"2023-03-13T18:29:48","slug":"llama-salomon-jara-a-normalistas-a-deslindarse-de-actores-politicos-que-solo-deslegitiman-su-lucha","status":"publish","type":"post","link":"https:\/\/www.bbmnoticias.com\/labravaradiofm\/2023\/03\/13\/llama-salomon-jara-a-normalistas-a-deslindarse-de-actores-politicos-que-solo-deslegitiman-su-lucha\/","title":{"rendered":"Llama Salom\u00f3n Jara a normalistas a deslindarse de actores pol\u00edticos que solo deslegitiman su lucha"},"content":{"rendered":"<div style=\"margin-top: 0px; margin-bottom: 0px;\" class=\"sharethis-inline-share-buttons\" ><\/div>\n<p>\u2022 El Gobernador exhort\u00f3 a las y los maestros y dirigentes de la Secci\u00f3n 22 a que asuman un mayor compromiso con las nuevas generaciones que aspiran a ser parte de la educaci\u00f3n del estado<\/p>\n\n\n\n<p>Oaxaca de Ju\u00e1rez, Oax. 13 de marzo de 2023. Ante los hechos vand\u00e1licos registrados este domingo en el z\u00f3calo de la ciudad de Oaxaca, el Gobernador del Estado Salom\u00f3n Jara Cruz hizo un llamado a las y los normalistas que demandan 818 plazas, a que se conduzcan en el marco del respeto a la sociedad y el pueblo de Oaxaca, y no permitir la intromisi\u00f3n de intereses ajenos a su movimiento.<\/p>\n\n\n\n<p>\u201cEs repudiable, s\u00ed. Es momento que la juventud normalista se deslinde de actores pol\u00edticos que solo buscan provocar, polarizar y profundizar conflictos que no existen\u201d, expres\u00f3, al tiempo de se\u00f1alar que la actuaci\u00f3n de las y los normalistas es incomprensible, aun cuando el Gobierno de Oaxaca ya les ha informado que en total cuenta con mil 601 plazas, por lo que no hay motivo para que contin\u00faen con su plant\u00f3n.<\/p>\n\n\n\n<p>Salom\u00f3n Jara Cruz expres\u00f3 que su gobierno ha sido respetuoso del ejercicio de los derechos y libertades de manifestaci\u00f3n; sin embargo, no coincide con las pr\u00e1cticas violentas que atentan contra la ciudadan\u00eda y su patrimonio.<\/p>\n\n\n\n<p>\u201cReconocemos la legitimidad de la lucha social y reivindicamos estas causas justas. Apostamos siempre al di\u00e1logo y a la conciliaci\u00f3n con todos los sectores y organizaciones, pero es importante que todos sepan que las cosas ya no ser\u00e1n como antes, con negociaciones en lo oscurito ni de car\u00e1cter personal\u201d, afirm\u00f3.<\/p>\n\n\n\n<p>Asever\u00f3 que este Gobierno de la Transformaci\u00f3n que emana del movimiento que encabeza el Presidente Andr\u00e9s Manuel L\u00f3pez Obrador jam\u00e1s dejar\u00e1 de solidarse y apoyar la lucha del magisterio, pero no se someter\u00e1 a chantajes ni presiones. \u201cNo es saludable que un gobierno permita que se adopten pr\u00e1cticas violentas, eso no ayuda para dialogar. Este Gobierno no tolerar\u00e1 m\u00e1s actos vand\u00e1licos, la sociedad ya est\u00e1 cansada del caos y anarqu\u00eda\u201d, dijo.<\/p>\n\n\n\n<p>De esta manera, exhort\u00f3 a las y los maestros y dirigentes de la Secci\u00f3n 22 a que asuman un mayor compromiso con las nuevas generaciones que aspiran a ser parte de la educaci\u00f3n del estado. \u201cSomos un gobierno progresista, de izquierda, popular democr\u00e1tico y vamos a enfrentar los embates del conservadurismo de la derecha y de quienes no quieren que avance las condiciones de vida de nuestro pa\u00eds\u201d, expres\u00f3.<\/p>\n\n\n\n<p><strong>Gobierno de Oaxaca respalda pol\u00edtica del Presidente de M\u00e9xico en defensa del inter\u00e9s del Estado Mexicano<\/strong><\/p>\n\n\n\n<p>Durante la conferencia ma\u00f1anera de cada lunes, el Gobernador de Oaxaca Salom\u00f3n Jara Cruz expres\u00f3 que su Gobierno se sum\u00f3 junto con 20 gobernadoras y gobernadores, y la Jefa de Gobierno de la Ciudad de M\u00e9xico, emanados del movimiento de la Transformaci\u00f3n, a la postura del Presidente de M\u00e9xico Andr\u00e9s Manuel L\u00f3pez Obrador que rechaza la intervenci\u00f3n militar de Estados unidos a M\u00e9xico con el pretexto de combatir a los carteles en el pa\u00eds.<\/p>\n\n\n\n<p>\u201cRechazamos cualquier acci\u00f3n o declaraci\u00f3n que atente contra nuestra soberan\u00eda; Oaxaca no va a permitir eso. Respaldamos la pol\u00edtica del Presidente de M\u00e9xico en defensa del inter\u00e9s del Estado Mexicano\u201d, afirm\u00f3.<\/p>\n\n\n\n<p>Expres\u00f3 que las acusaciones y pol\u00edticas unilaterales no sirven para nada, y lo que se debe hacer es estrechar y fortalecer los lazos de cooperaci\u00f3n y asumir una responsabilidad compartida ante la demanda y consumo de fentanilo, as\u00ed como del tr\u00e1fico de armas en Estados Unidos. \u201cSon temas que deben atender de manera integral y colectiva\u201d, dijo.<\/p>\n\n\n\n<p>No habr\u00e1 impunidad en el caso del C\u00e1rtel del Despojo: Salom\u00f3n Jara<\/p>\n\n\n\n<p>Durante este encuentro con los medios, el Gobernador de Oaxaca Salom\u00f3n Jara Cruz dio a conocer que como parte de las investigaciones contra el Cartel del Despojo, durante la semana pasada se liber\u00f3 una orden de aprehensi\u00f3n contra el extitular del Instituto Catastral de Oaxaca, Jorge Armando Z\u00e1rate Medina, en el delito de ejercicio il\u00edcito del servicio p\u00fablico cometido en agravio de la administraci\u00f3n p\u00fablica del estado de Oaxaca.<\/p>\n\n\n\n<p>Expres\u00f3 que si bien su Gobierno ser\u00e1 respetuoso de la presunci\u00f3n de inocencia, estar\u00e1 atento al proceso para que con la independencia judicial con que cuentan los jueces se emita una sentencia apegada a derecho. \u201cNo habr\u00e1 impunidad\u201d<\/p>\n\n\n\n<p>Concluyen asambleas de evaluaci\u00f3n en los 31 municipios afectados por Agatha<\/p>\n\n\n\n<p>El Gobernador de Oaxaca Salom\u00f3n Jara Cruz tambi\u00e9n anunci\u00f3 que este fin de semana se concluyeron las Asambleas Evaluativas del Plan de apoyo a personas afectadas por el hurac\u00e1n Agatha, que fue una encomienda del Presidente Andr\u00e9s Manuel L\u00f3pez Obrador, para conocer las acciones realizadas y atender las que a\u00fan est\u00e1n pendientes.<\/p>\n\n\n\n<p>Expres\u00f3 que el objetivo fue conocer la aplicaci\u00f3n de los mil 200 millones de pesos que el Gobierno de M\u00e9xico les otorg\u00f3 directamente a los 31 municipios afectados para atender las afectaciones de este fen\u00f3meno natural en mayo de 2022.<\/p>\n\n\n\n<figure class=\"wp-block-image size-full\"><img loading=\"lazy\" decoding=\"async\" width=\"800\" height=\"533\" src=\"https:\/\/www.bbmnoticias.com\/labravaradiofm\/wp-content\/uploads\/sites\/5\/2023\/03\/sjc-normalistas-conferencia2.jpg\" alt=\"\" class=\"wp-image-24842\" srcset=\"https:\/\/www.bbmnoticias.com\/labravaradiofm\/wp-content\/uploads\/sites\/5\/2023\/03\/sjc-normalistas-conferencia2.jpg 800w, https:\/\/www.bbmnoticias.com\/labravaradiofm\/wp-content\/uploads\/sites\/5\/2023\/03\/sjc-normalistas-conferencia2-300x200.jpg 300w, https:\/\/www.bbmnoticias.com\/labravaradiofm\/wp-content\/uploads\/sites\/5\/2023\/03\/sjc-normalistas-conferencia2-768x512.jpg 768w, https:\/\/www.bbmnoticias.com\/labravaradiofm\/wp-content\/uploads\/sites\/5\/2023\/03\/sjc-normalistas-conferencia2-696x464.jpg 696w, https:\/\/www.bbmnoticias.com\/labravaradiofm\/wp-content\/uploads\/sites\/5\/2023\/03\/sjc-normalistas-conferencia2-630x420.jpg 630w\" sizes=\"auto, (max-width: 800px) 100vw, 800px\" \/><\/figure>\n\n\n\n<p>Reconoci\u00f3 que en la gran mayor\u00eda de los municipios los recursos fueron administrados de manera correcta y en beneficio de sus habitantes, salvo en localidades como San Mateo Pi\u00f1as, Santiago Xanica y San Mateo R\u00edo Hondo, entre otros, en los que las autoridades no pudieron solventar la aplicaci\u00f3n de este apoyo.<\/p>\n\n\n\n<p>El informe de estos recursos, dijo, se le rendir\u00e1 al Presidente de M\u00e9xico en su pr\u00f3xima visita a la entidad, considerada del 19 al 21 de este mes, marco en el cual tambi\u00e9n se contar\u00e1 con la presencia de varios legisladores de Estados Unidos como John Kerry, quienes corroborar\u00e1n el trabajo que se est\u00e1 realizando en el Corredor Interoce\u00e1nico.<\/p>\n\n\n\n<p>\u201cNos da gusto que en el marco de la pol\u00edtica de desarrollo y bienestar del sur- sureste, el Gobierno de M\u00e9xico promueva esta reuni\u00f3n. Ahora Oaxaca se convertir\u00e1 en el nuevo punto geopol\u00edtico y estrat\u00e9gico para el comercio global. Tenemos la gran oportunidad de que Oaxaca entre en la etapa de proyecci\u00f3n internacional sin precedentes\u201d dijo.<\/p>\n\n\n\n<p>Anuncia Salom\u00f3 Jara nueva gira de trabajo en 100 municipios con \u00edndices de pobreza<\/p>\n\n\n\n<p>En este marco, el Gobernador Salom\u00f3n Jara Cruz anunci\u00f3 que en los pr\u00f3ximos d\u00edas iniciar\u00e1 una gira de trabajo por los 100 municipios con mayores \u00edndices de marginaci\u00f3n, a los cuales se buscar\u00e1 atender mediante una nueva planeaci\u00f3n enfocada en su desarrollo.<\/p>\n\n\n\n<p>\u201cNo vamos a dejar nunca de atender a las comunidades. Queremos que nuestros municipios m\u00e1s pobres tenga los servicios. Nunca m\u00e1s un municipio en el abandono\u201d, dijo.<\/p>\n\n\n\n<p>En este sentido, expres\u00f3 que se acercar\u00e1n los servicios y programas con que cuenta el Gobierno del Estado, y se buscar\u00e1 orientar los esfuerzos para atender sus necesidades.<\/p>\n","protected":false},"excerpt":{"rendered":"<p>\u2022 El Gobernador exhort\u00f3 a las y los maestros y dirigentes de la Secci\u00f3n 22 a que asuman un mayor compromiso con las nuevas generaciones que aspiran a ser parte de la educaci\u00f3n del estado Oaxaca de Ju\u00e1rez, Oax. 13 de marzo de 2023. Ante los hechos vand\u00e1licos registrados este domingo en el z\u00f3calo de [&hellip;]<\/p>\n","protected":false},"author":2,"featured_media":24841,"comment_status":"closed","ping_status":"closed","sticky":false,"template":"","format":"standard","meta":{"footnotes":""},"categories":[2],"tags":[],"class_list":{"0":"post-24840","1":"post","2":"type-post","3":"status-publish","4":"format-standard","5":"has-post-thumbnail","7":"category-oaxaca"},"yoast_head":"<!-- This site is optimized with the Yoast SEO plugin v27.4 - https:\/\/yoast.com\/product\/yoast-seo-wordpress\/ -->\n<title>Llama Salom\u00f3n Jara a normalistas a deslindarse de actores pol\u00edticos que solo deslegitiman su lucha - LA BRAVA RADIO<\/title>\n<meta name=\"robots\" content=\"index, follow, max-snippet:-1, max-image-preview:large, max-video-preview:-1\" \/>\n<link rel=\"canonical\" href=\"https:\/\/www.bbmnoticias.com\/labravaradiofm\/2023\/03\/13\/llama-salomon-jara-a-normalistas-a-deslindarse-de-actores-politicos-que-solo-deslegitiman-su-lucha\/\" \/>\n<meta property=\"og:locale\" content=\"es_MX\" \/>\n<meta property=\"og:type\" content=\"article\" \/>\n<meta property=\"og:title\" content=\"Llama Salom\u00f3n Jara a normalistas a deslindarse de actores pol\u00edticos que solo deslegitiman su lucha - LA BRAVA RADIO\" \/>\n<meta property=\"og:description\" content=\"\u2022 El Gobernador exhort\u00f3 a las y los maestros y dirigentes de la Secci\u00f3n 22 a que asuman un mayor compromiso con las nuevas generaciones que aspiran a ser parte de la educaci\u00f3n del estado Oaxaca de Ju\u00e1rez, Oax. 13 de marzo de 2023. Ante los hechos vand\u00e1licos registrados este domingo en el z\u00f3calo de [&hellip;]\" \/>\n<meta property=\"og:url\" content=\"https:\/\/www.bbmnoticias.com\/labravaradiofm\/2023\/03\/13\/llama-salomon-jara-a-normalistas-a-deslindarse-de-actores-politicos-que-solo-deslegitiman-su-lucha\/\" \/>\n<meta property=\"og:site_name\" content=\"LA BRAVA RADIO\" \/>\n<meta property=\"article:published_time\" content=\"2023-03-13T18:29:48+00:00\" \/>\n<meta property=\"og:image\" content=\"https:\/\/www.bbmnoticias.com\/labravaradiofm\/wp-content\/uploads\/sites\/5\/2023\/03\/sjc-normalistas-conferencia.jpg\" \/>\n\t<meta property=\"og:image:width\" content=\"800\" \/>\n\t<meta property=\"og:image:height\" content=\"534\" \/>\n\t<meta property=\"og:image:type\" content=\"image\/jpeg\" \/>\n<meta name=\"author\" content=\"Staff\" \/>\n<meta name=\"twitter:card\" content=\"summary_large_image\" \/>\n<meta name=\"twitter:label1\" content=\"Escrito por\" \/>\n\t<meta name=\"twitter:data1\" content=\"Staff\" \/>\n\t<meta name=\"twitter:label2\" content=\"Tiempo de lectura\" \/>\n\t<meta name=\"twitter:data2\" content=\"6 minutos\" \/>\n<script type=\"application\/ld+json\" class=\"yoast-schema-graph\">{\"@context\":\"https:\\\/\\\/schema.org\",\"@graph\":[{\"@type\":\"Article\",\"@id\":\"https:\\\/\\\/www.bbmnoticias.com\\\/labravaradiofm\\\/2023\\\/03\\\/13\\\/llama-salomon-jara-a-normalistas-a-deslindarse-de-actores-politicos-que-solo-deslegitiman-su-lucha\\\/#article\",\"isPartOf\":{\"@id\":\"https:\\\/\\\/www.bbmnoticias.com\\\/labravaradiofm\\\/2023\\\/03\\\/13\\\/llama-salomon-jara-a-normalistas-a-deslindarse-de-actores-politicos-que-solo-deslegitiman-su-lucha\\\/\"},\"author\":{\"name\":\"Staff\",\"@id\":\"https:\\\/\\\/www.bbmnoticias.com\\\/labravaradiofm\\\/#\\\/schema\\\/person\\\/68a9e9036ef3c5b55aeb2b71dc8bab45\"},\"headline\":\"Llama Salom\u00f3n Jara a normalistas a deslindarse de actores pol\u00edticos que solo deslegitiman su lucha\",\"datePublished\":\"2023-03-13T18:29:48+00:00\",\"mainEntityOfPage\":{\"@id\":\"https:\\\/\\\/www.bbmnoticias.com\\\/labravaradiofm\\\/2023\\\/03\\\/13\\\/llama-salomon-jara-a-normalistas-a-deslindarse-de-actores-politicos-que-solo-deslegitiman-su-lucha\\\/\"},\"wordCount\":1177,\"image\":{\"@id\":\"https:\\\/\\\/www.bbmnoticias.com\\\/labravaradiofm\\\/2023\\\/03\\\/13\\\/llama-salomon-jara-a-normalistas-a-deslindarse-de-actores-politicos-que-solo-deslegitiman-su-lucha\\\/#primaryimage\"},\"thumbnailUrl\":\"https:\\\/\\\/www.bbmnoticias.com\\\/labravaradiofm\\\/wp-content\\\/uploads\\\/sites\\\/5\\\/2023\\\/03\\\/sjc-normalistas-conferencia.jpg\",\"articleSection\":[\"LOCAL\"],\"inLanguage\":\"es\"},{\"@type\":\"WebPage\",\"@id\":\"https:\\\/\\\/www.bbmnoticias.com\\\/labravaradiofm\\\/2023\\\/03\\\/13\\\/llama-salomon-jara-a-normalistas-a-deslindarse-de-actores-politicos-que-solo-deslegitiman-su-lucha\\\/\",\"url\":\"https:\\\/\\\/www.bbmnoticias.com\\\/labravaradiofm\\\/2023\\\/03\\\/13\\\/llama-salomon-jara-a-normalistas-a-deslindarse-de-actores-politicos-que-solo-deslegitiman-su-lucha\\\/\",\"name\":\"Llama Salom\u00f3n Jara a normalistas a deslindarse de actores pol\u00edticos que solo deslegitiman su lucha - LA BRAVA RADIO\",\"isPartOf\":{\"@id\":\"https:\\\/\\\/www.bbmnoticias.com\\\/labravaradiofm\\\/#website\"},\"primaryImageOfPage\":{\"@id\":\"https:\\\/\\\/www.bbmnoticias.com\\\/labravaradiofm\\\/2023\\\/03\\\/13\\\/llama-salomon-jara-a-normalistas-a-deslindarse-de-actores-politicos-que-solo-deslegitiman-su-lucha\\\/#primaryimage\"},\"image\":{\"@id\":\"https:\\\/\\\/www.bbmnoticias.com\\\/labravaradiofm\\\/2023\\\/03\\\/13\\\/llama-salomon-jara-a-normalistas-a-deslindarse-de-actores-politicos-que-solo-deslegitiman-su-lucha\\\/#primaryimage\"},\"thumbnailUrl\":\"https:\\\/\\\/www.bbmnoticias.com\\\/labravaradiofm\\\/wp-content\\\/uploads\\\/sites\\\/5\\\/2023\\\/03\\\/sjc-normalistas-conferencia.jpg\",\"datePublished\":\"2023-03-13T18:29:48+00:00\",\"author\":{\"@id\":\"https:\\\/\\\/www.bbmnoticias.com\\\/labravaradiofm\\\/#\\\/schema\\\/person\\\/68a9e9036ef3c5b55aeb2b71dc8bab45\"},\"breadcrumb\":{\"@id\":\"https:\\\/\\\/www.bbmnoticias.com\\\/labravaradiofm\\\/2023\\\/03\\\/13\\\/llama-salomon-jara-a-normalistas-a-deslindarse-de-actores-politicos-que-solo-deslegitiman-su-lucha\\\/#breadcrumb\"},\"inLanguage\":\"es\",\"potentialAction\":[{\"@type\":\"ReadAction\",\"target\":[\"https:\\\/\\\/www.bbmnoticias.com\\\/labravaradiofm\\\/2023\\\/03\\\/13\\\/llama-salomon-jara-a-normalistas-a-deslindarse-de-actores-politicos-que-solo-deslegitiman-su-lucha\\\/\"]}]},{\"@type\":\"ImageObject\",\"inLanguage\":\"es\",\"@id\":\"https:\\\/\\\/www.bbmnoticias.com\\\/labravaradiofm\\\/2023\\\/03\\\/13\\\/llama-salomon-jara-a-normalistas-a-deslindarse-de-actores-politicos-que-solo-deslegitiman-su-lucha\\\/#primaryimage\",\"url\":\"https:\\\/\\\/www.bbmnoticias.com\\\/labravaradiofm\\\/wp-content\\\/uploads\\\/sites\\\/5\\\/2023\\\/03\\\/sjc-normalistas-conferencia.jpg\",\"contentUrl\":\"https:\\\/\\\/www.bbmnoticias.com\\\/labravaradiofm\\\/wp-content\\\/uploads\\\/sites\\\/5\\\/2023\\\/03\\\/sjc-normalistas-conferencia.jpg\",\"width\":800,\"height\":534},{\"@type\":\"BreadcrumbList\",\"@id\":\"https:\\\/\\\/www.bbmnoticias.com\\\/labravaradiofm\\\/2023\\\/03\\\/13\\\/llama-salomon-jara-a-normalistas-a-deslindarse-de-actores-politicos-que-solo-deslegitiman-su-lucha\\\/#breadcrumb\",\"itemListElement\":[{\"@type\":\"ListItem\",\"position\":1,\"name\":\"Inicio\",\"item\":\"https:\\\/\\\/www.bbmnoticias.com\\\/labravaradiofm\\\/\"},{\"@type\":\"ListItem\",\"position\":2,\"name\":\"Llama Salom\u00f3n Jara a normalistas a deslindarse de actores pol\u00edticos que solo deslegitiman su lucha\"}]},{\"@type\":\"WebSite\",\"@id\":\"https:\\\/\\\/www.bbmnoticias.com\\\/labravaradiofm\\\/#website\",\"url\":\"https:\\\/\\\/www.bbmnoticias.com\\\/labravaradiofm\\\/\",\"name\":\"LA BRAVA RADIO\",\"description\":\"Empresa productora de medios, Radiodifusi\u00f3n, Noticias, tendencias y todo lo que necesitas saber de la pol\u00edtica mexicana e internacional; entretenimiento, espect\u00e1culos, salud y mucho m\u00e1s.\",\"potentialAction\":[{\"@type\":\"SearchAction\",\"target\":{\"@type\":\"EntryPoint\",\"urlTemplate\":\"https:\\\/\\\/www.bbmnoticias.com\\\/labravaradiofm\\\/?s={search_term_string}\"},\"query-input\":{\"@type\":\"PropertyValueSpecification\",\"valueRequired\":true,\"valueName\":\"search_term_string\"}}],\"inLanguage\":\"es\"},{\"@type\":\"Person\",\"@id\":\"https:\\\/\\\/www.bbmnoticias.com\\\/labravaradiofm\\\/#\\\/schema\\\/person\\\/68a9e9036ef3c5b55aeb2b71dc8bab45\",\"name\":\"Staff\",\"image\":{\"@type\":\"ImageObject\",\"inLanguage\":\"es\",\"@id\":\"https:\\\/\\\/secure.gravatar.com\\\/avatar\\\/fdd21ad66fd8b98c407f9dee5b5e588cfe7f0d8579ec20fa6527cd59bab7f0f0?s=96&d=mm&r=g\",\"url\":\"https:\\\/\\\/secure.gravatar.com\\\/avatar\\\/fdd21ad66fd8b98c407f9dee5b5e588cfe7f0d8579ec20fa6527cd59bab7f0f0?s=96&d=mm&r=g\",\"contentUrl\":\"https:\\\/\\\/secure.gravatar.com\\\/avatar\\\/fdd21ad66fd8b98c407f9dee5b5e588cfe7f0d8579ec20fa6527cd59bab7f0f0?s=96&d=mm&r=g\",\"caption\":\"Staff\"},\"url\":\"https:\\\/\\\/www.bbmnoticias.com\\\/labravaradiofm\\\/author\\\/redaccion\\\/\"}]}<\/script>\n<!-- \/ Yoast SEO plugin. -->","yoast_head_json":{"title":"Llama Salom\u00f3n Jara a normalistas a deslindarse de actores pol\u00edticos que solo deslegitiman su lucha - LA BRAVA RADIO","robots":{"index":"index","follow":"follow","max-snippet":"max-snippet:-1","max-image-preview":"max-image-preview:large","max-video-preview":"max-video-preview:-1"},"canonical":"https:\/\/www.bbmnoticias.com\/labravaradiofm\/2023\/03\/13\/llama-salomon-jara-a-normalistas-a-deslindarse-de-actores-politicos-que-solo-deslegitiman-su-lucha\/","og_locale":"es_MX","og_type":"article","og_title":"Llama Salom\u00f3n Jara a normalistas a deslindarse de actores pol\u00edticos que solo deslegitiman su lucha - LA BRAVA RADIO","og_description":"\u2022 El Gobernador exhort\u00f3 a las y los maestros y dirigentes de la Secci\u00f3n 22 a que asuman un mayor compromiso con las nuevas generaciones que aspiran a ser parte de la educaci\u00f3n del estado Oaxaca de Ju\u00e1rez, Oax. 13 de marzo de 2023. Ante los hechos vand\u00e1licos registrados este domingo en el z\u00f3calo de [&hellip;]","og_url":"https:\/\/www.bbmnoticias.com\/labravaradiofm\/2023\/03\/13\/llama-salomon-jara-a-normalistas-a-deslindarse-de-actores-politicos-que-solo-deslegitiman-su-lucha\/","og_site_name":"LA BRAVA RADIO","article_published_time":"2023-03-13T18:29:48+00:00","og_image":[{"width":800,"height":534,"url":"https:\/\/www.bbmnoticias.com\/labravaradiofm\/wp-content\/uploads\/sites\/5\/2023\/03\/sjc-normalistas-conferencia.jpg","type":"image\/jpeg"}],"author":"Staff","twitter_card":"summary_large_image","twitter_misc":{"Escrito por":"Staff","Tiempo de lectura":"6 minutos"},"schema":{"@context":"https:\/\/schema.org","@graph":[{"@type":"Article","@id":"https:\/\/www.bbmnoticias.com\/labravaradiofm\/2023\/03\/13\/llama-salomon-jara-a-normalistas-a-deslindarse-de-actores-politicos-que-solo-deslegitiman-su-lucha\/#article","isPartOf":{"@id":"https:\/\/www.bbmnoticias.com\/labravaradiofm\/2023\/03\/13\/llama-salomon-jara-a-normalistas-a-deslindarse-de-actores-politicos-que-solo-deslegitiman-su-lucha\/"},"author":{"name":"Staff","@id":"https:\/\/www.bbmnoticias.com\/labravaradiofm\/#\/schema\/person\/68a9e9036ef3c5b55aeb2b71dc8bab45"},"headline":"Llama Salom\u00f3n Jara a normalistas a deslindarse de actores pol\u00edticos que solo deslegitiman su lucha","datePublished":"2023-03-13T18:29:48+00:00","mainEntityOfPage":{"@id":"https:\/\/www.bbmnoticias.com\/labravaradiofm\/2023\/03\/13\/llama-salomon-jara-a-normalistas-a-deslindarse-de-actores-politicos-que-solo-deslegitiman-su-lucha\/"},"wordCount":1177,"image":{"@id":"https:\/\/www.bbmnoticias.com\/labravaradiofm\/2023\/03\/13\/llama-salomon-jara-a-normalistas-a-deslindarse-de-actores-politicos-que-solo-deslegitiman-su-lucha\/#primaryimage"},"thumbnailUrl":"https:\/\/www.bbmnoticias.com\/labravaradiofm\/wp-content\/uploads\/sites\/5\/2023\/03\/sjc-normalistas-conferencia.jpg","articleSection":["LOCAL"],"inLanguage":"es"},{"@type":"WebPage","@id":"https:\/\/www.bbmnoticias.com\/labravaradiofm\/2023\/03\/13\/llama-salomon-jara-a-normalistas-a-deslindarse-de-actores-politicos-que-solo-deslegitiman-su-lucha\/","url":"https:\/\/www.bbmnoticias.com\/labravaradiofm\/2023\/03\/13\/llama-salomon-jara-a-normalistas-a-deslindarse-de-actores-politicos-que-solo-deslegitiman-su-lucha\/","name":"Llama Salom\u00f3n Jara a normalistas a deslindarse de actores pol\u00edticos que solo deslegitiman su lucha - LA BRAVA RADIO","isPartOf":{"@id":"https:\/\/www.bbmnoticias.com\/labravaradiofm\/#website"},"primaryImageOfPage":{"@id":"https:\/\/www.bbmnoticias.com\/labravaradiofm\/2023\/03\/13\/llama-salomon-jara-a-normalistas-a-deslindarse-de-actores-politicos-que-solo-deslegitiman-su-lucha\/#primaryimage"},"image":{"@id":"https:\/\/www.bbmnoticias.com\/labravaradiofm\/2023\/03\/13\/llama-salomon-jara-a-normalistas-a-deslindarse-de-actores-politicos-que-solo-deslegitiman-su-lucha\/#primaryimage"},"thumbnailUrl":"https:\/\/www.bbmnoticias.com\/labravaradiofm\/wp-content\/uploads\/sites\/5\/2023\/03\/sjc-normalistas-conferencia.jpg","datePublished":"2023-03-13T18:29:48+00:00","author":{"@id":"https:\/\/www.bbmnoticias.com\/labravaradiofm\/#\/schema\/person\/68a9e9036ef3c5b55aeb2b71dc8bab45"},"breadcrumb":{"@id":"https:\/\/www.bbmnoticias.com\/labravaradiofm\/2023\/03\/13\/llama-salomon-jara-a-normalistas-a-deslindarse-de-actores-politicos-que-solo-deslegitiman-su-lucha\/#breadcrumb"},"inLanguage":"es","potentialAction":[{"@type":"ReadAction","target":["https:\/\/www.bbmnoticias.com\/labravaradiofm\/2023\/03\/13\/llama-salomon-jara-a-normalistas-a-deslindarse-de-actores-politicos-que-solo-deslegitiman-su-lucha\/"]}]},{"@type":"ImageObject","inLanguage":"es","@id":"https:\/\/www.bbmnoticias.com\/labravaradiofm\/2023\/03\/13\/llama-salomon-jara-a-normalistas-a-deslindarse-de-actores-politicos-que-solo-deslegitiman-su-lucha\/#primaryimage","url":"https:\/\/www.bbmnoticias.com\/labravaradiofm\/wp-content\/uploads\/sites\/5\/2023\/03\/sjc-normalistas-conferencia.jpg","contentUrl":"https:\/\/www.bbmnoticias.com\/labravaradiofm\/wp-content\/uploads\/sites\/5\/2023\/03\/sjc-normalistas-conferencia.jpg","width":800,"height":534},{"@type":"BreadcrumbList","@id":"https:\/\/www.bbmnoticias.com\/labravaradiofm\/2023\/03\/13\/llama-salomon-jara-a-normalistas-a-deslindarse-de-actores-politicos-que-solo-deslegitiman-su-lucha\/#breadcrumb","itemListElement":[{"@type":"ListItem","position":1,"name":"Inicio","item":"https:\/\/www.bbmnoticias.com\/labravaradiofm\/"},{"@type":"ListItem","position":2,"name":"Llama Salom\u00f3n Jara a normalistas a deslindarse de actores pol\u00edticos que solo deslegitiman su lucha"}]},{"@type":"WebSite","@id":"https:\/\/www.bbmnoticias.com\/labravaradiofm\/#website","url":"https:\/\/www.bbmnoticias.com\/labravaradiofm\/","name":"LA BRAVA RADIO","description":"Empresa productora de medios, Radiodifusi\u00f3n, Noticias, tendencias y todo lo que necesitas saber de la pol\u00edtica mexicana e internacional; entretenimiento, espect\u00e1culos, salud y mucho m\u00e1s.","potentialAction":[{"@type":"SearchAction","target":{"@type":"EntryPoint","urlTemplate":"https:\/\/www.bbmnoticias.com\/labravaradiofm\/?s={search_term_string}"},"query-input":{"@type":"PropertyValueSpecification","valueRequired":true,"valueName":"search_term_string"}}],"inLanguage":"es"},{"@type":"Person","@id":"https:\/\/www.bbmnoticias.com\/labravaradiofm\/#\/schema\/person\/68a9e9036ef3c5b55aeb2b71dc8bab45","name":"Staff","image":{"@type":"ImageObject","inLanguage":"es","@id":"https:\/\/secure.gravatar.com\/avatar\/fdd21ad66fd8b98c407f9dee5b5e588cfe7f0d8579ec20fa6527cd59bab7f0f0?s=96&d=mm&r=g","url":"https:\/\/secure.gravatar.com\/avatar\/fdd21ad66fd8b98c407f9dee5b5e588cfe7f0d8579ec20fa6527cd59bab7f0f0?s=96&d=mm&r=g","contentUrl":"https:\/\/secure.gravatar.com\/avatar\/fdd21ad66fd8b98c407f9dee5b5e588cfe7f0d8579ec20fa6527cd59bab7f0f0?s=96&d=mm&r=g","caption":"Staff"},"url":"https:\/\/www.bbmnoticias.com\/labravaradiofm\/author\/redaccion\/"}]}},"_links":{"self":[{"href":"https:\/\/www.bbmnoticias.com\/labravaradiofm\/wp-json\/wp\/v2\/posts\/24840","targetHints":{"allow":["GET"]}}],"collection":[{"href":"https:\/\/www.bbmnoticias.com\/labravaradiofm\/wp-json\/wp\/v2\/posts"}],"about":[{"href":"https:\/\/www.bbmnoticias.com\/labravaradiofm\/wp-json\/wp\/v2\/types\/post"}],"author":[{"embeddable":true,"href":"https:\/\/www.bbmnoticias.com\/labravaradiofm\/wp-json\/wp\/v2\/users\/2"}],"replies":[{"embeddable":true,"href":"https:\/\/www.bbmnoticias.com\/labravaradiofm\/wp-json\/wp\/v2\/comments?post=24840"}],"version-history":[{"count":0,"href":"https:\/\/www.bbmnoticias.com\/labravaradiofm\/wp-json\/wp\/v2\/posts\/24840\/revisions"}],"wp:featuredmedia":[{"embeddable":true,"href":"https:\/\/www.bbmnoticias.com\/labravaradiofm\/wp-json\/wp\/v2\/media\/24841"}],"wp:attachment":[{"href":"https:\/\/www.bbmnoticias.com\/labravaradiofm\/wp-json\/wp\/v2\/media?parent=24840"}],"wp:term":[{"taxonomy":"category","embeddable":true,"href":"https:\/\/www.bbmnoticias.com\/labravaradiofm\/wp-json\/wp\/v2\/categories?post=24840"},{"taxonomy":"post_tag","embeddable":true,"href":"https:\/\/www.bbmnoticias.com\/labravaradiofm\/wp-json\/wp\/v2\/tags?post=24840"}],"curies":[{"name":"wp","href":"https:\/\/api.w.org\/{rel}","templated":true}]}}