{"id":24816,"date":"2023-03-13T08:36:48","date_gmt":"2023-03-13T14:36:48","guid":{"rendered":"https:\/\/www.bbmnoticias.com\/labravaradiofm\/?p=24816"},"modified":"2023-03-13T08:36:48","modified_gmt":"2023-03-13T14:36:48","slug":"al-normalista-lo-aprehendieron-por-fumar-marihuana-y-molestar-a-transeuntes","status":"publish","type":"post","link":"https:\/\/www.bbmnoticias.com\/labravaradiofm\/2023\/03\/13\/al-normalista-lo-aprehendieron-por-fumar-marihuana-y-molestar-a-transeuntes\/","title":{"rendered":"Al normalista lo aprehendieron por fumar marihuana y molestar a trans\u00e9untes"},"content":{"rendered":"<div style=\"margin-top: 0px; margin-bottom: 0px;\" class=\"sharethis-inline-share-buttons\" ><\/div>\n<p><strong>Oaxaca, Oax.- <\/strong>Resulta que la detenci\u00f3n del &#8220;normalista&#8221;, por lo que sus compa\u00f1eros cometieron actos vand\u00e1licos contra el Palacio de Gobierno, golpes y robo a un ciudadano, fue por est\u00e1r fumando marihuana y molestar a trans\u00e9untes en inmediaciones del plant\u00f3n que desde hace m\u00e1s de un mes mantienen sobre las calles de Armenta y L\u00f3pez y Guerrero en la Ciudad de Oaxaca.<\/p>\n\n\n\n<p>&#8220;Solo era un cigarrillo de marihuana. Le estaba quemando las patas al chamuco, pero no ten\u00edan porqu\u00e9 detenerlo&#8230;&#8221;, se\u00f1alaban entre broma y broma sus compa\u00f1eros, quienes armados con bombas molotov, palos y resorteras, los manifestantes vandalizaron las puertas y ventanales de palacio de gobierno, adem\u00e1s de agredir impunemente a paseantes.<\/p>\n\n\n\n<p>El presunto normalista estaba molestando a personas que pasaban por esos lugares, fue denunciado. Lleg\u00f3 la polic\u00eda municipal y lo detuvo. Estaba completamente drogado, seg\u00fan lo manifestaron los elementos de seguridad que lo detuvieron, porque adem\u00e1s le hicieron examenes y sali\u00f3 positivo.<\/p>\n\n\n\n<figure class=\"wp-block-embed is-type-rich is-provider-twitter wp-block-embed-twitter\"><div class=\"wp-block-embed__wrapper\">\n<blockquote class=\"twitter-tweet\" data-width=\"550\" data-dnt=\"true\"><p lang=\"es\" dir=\"ltr\"><a href=\"https:\/\/twitter.com\/hashtag\/Video?src=hash&amp;ref_src=twsrc%5Etfw\">#Video<\/a>: Vandalizan normalistas el Palacio de Gobierno. <a href=\"https:\/\/twitter.com\/hashtag\/Oaxaca?src=hash&amp;ref_src=twsrc%5Etfw\">#Oaxaca<\/a><br><br>En las im\u00e1genes se observa como un &quot;estudiante&quot; noquea a un adulto mayor. <br><br>V\u00eda: <a href=\"https:\/\/twitter.com\/hugovelasco18?ref_src=twsrc%5Etfw\">@hugovelasco18<\/a> <a href=\"https:\/\/t.co\/yYlU7v54Ul\">pic.twitter.com\/yYlU7v54Ul<\/a><\/p>&mdash; M\u00e1s Noticias Oaxaca (@Masnoticias0ax) <a href=\"https:\/\/twitter.com\/Masnoticias0ax\/status\/1635134598991745024?ref_src=twsrc%5Etfw\">March 13, 2023<\/a><\/blockquote><script async src=\"https:\/\/platform.twitter.com\/widgets.js\" charset=\"utf-8\"><\/script>\n<\/div><\/figure>\n\n\n\n<p>Los hechos ocurrieron por la tarde-noche de \u00e9ste domingo, despu\u00e9s de que se inform\u00f3 en el campamento de los normalistas de la detenci\u00f3n de uno de sus integrantes que fue trasladado a los separos preventivos de la Polic\u00eda Municipal de \u00e9sta ciudad de Oaxaca.<\/p>\n\n\n\n<p>Luego que ciudadanos denunciaron que hab\u00edan sido agredidos por una &#8220;persona drogada&#8221;, el futuro maestro, adicto a la cannabis, fue sorprendido por los uniformados cuando \u201cle quemaba los patas al chamuco\u201d y es que el intenso olor a petate quemado lo delat\u00f3, por lo que fue conducido a las celdas de la corporaci\u00f3n para cumplir con la sanci\u00f3n administrativa correspondiente.<\/p>\n\n\n\n<p>Sin embargo, la reacci\u00f3n de los normalistas en plant\u00f3n no se hizo esperar y armados de palos, tubos, bombas molotov, resorteras y piedras, se dirigieron a palacio de gobierno en donde causaron destrozos en puertas, ventanales y el balc\u00f3n central.<\/p>\n\n\n\n<p>Tras agredir a personas de todas las edades, da\u00f1ar las jardineras y quemar llantas en la puerta principal del inmueble, funcionarios de la Secretar\u00eda de Gobierno intervinieron para liberar al detenido y entregarlo a sus compa\u00f1eros en plant\u00f3n en la segunda calle de Guerrero<\/p>\n\n\n\n<p>De esta forma, los inconformes depusieron su actitud violenta y r\u00e1pidamente se refugiaron en su campamento dejando evidencias de su alta peligrosidad y por la impunidad con que actu\u00e1n ante la complacencia gubernamental.<\/p>\n","protected":false},"excerpt":{"rendered":"<p>Oaxaca, Oax.- Resulta que la detenci\u00f3n del &#8220;normalista&#8221;, por lo que sus compa\u00f1eros cometieron actos vand\u00e1licos contra el Palacio de Gobierno, golpes y robo a un ciudadano, fue por est\u00e1r fumando marihuana y molestar a trans\u00e9untes en inmediaciones del plant\u00f3n que desde hace m\u00e1s de un mes mantienen sobre las calles de Armenta y L\u00f3pez [&hellip;]<\/p>\n","protected":false},"author":7,"featured_media":24817,"comment_status":"closed","ping_status":"closed","sticky":false,"template":"","format":"standard","meta":{"footnotes":""},"categories":[2],"tags":[],"class_list":{"0":"post-24816","1":"post","2":"type-post","3":"status-publish","4":"format-standard","5":"has-post-thumbnail","7":"category-oaxaca"},"yoast_head":"<!-- This site is optimized with the Yoast SEO plugin v27.4 - https:\/\/yoast.com\/product\/yoast-seo-wordpress\/ -->\n<title>Al normalista lo aprehendieron por fumar marihuana y molestar a trans\u00e9untes - LA BRAVA RADIO<\/title>\n<meta name=\"robots\" content=\"index, follow, max-snippet:-1, max-image-preview:large, max-video-preview:-1\" \/>\n<link rel=\"canonical\" href=\"https:\/\/www.bbmnoticias.com\/labravaradiofm\/2023\/03\/13\/al-normalista-lo-aprehendieron-por-fumar-marihuana-y-molestar-a-transeuntes\/\" \/>\n<meta property=\"og:locale\" content=\"es_MX\" \/>\n<meta property=\"og:type\" content=\"article\" \/>\n<meta property=\"og:title\" content=\"Al normalista lo aprehendieron por fumar marihuana y molestar a trans\u00e9untes - LA BRAVA RADIO\" \/>\n<meta property=\"og:description\" content=\"Oaxaca, Oax.- Resulta que la detenci\u00f3n del &#8220;normalista&#8221;, por lo que sus compa\u00f1eros cometieron actos vand\u00e1licos contra el Palacio de Gobierno, golpes y robo a un ciudadano, fue por est\u00e1r fumando marihuana y molestar a trans\u00e9untes en inmediaciones del plant\u00f3n que desde hace m\u00e1s de un mes mantienen sobre las calles de Armenta y L\u00f3pez [&hellip;]\" \/>\n<meta property=\"og:url\" content=\"https:\/\/www.bbmnoticias.com\/labravaradiofm\/2023\/03\/13\/al-normalista-lo-aprehendieron-por-fumar-marihuana-y-molestar-a-transeuntes\/\" \/>\n<meta property=\"og:site_name\" content=\"LA BRAVA RADIO\" \/>\n<meta property=\"article:published_time\" content=\"2023-03-13T14:36:48+00:00\" \/>\n<meta property=\"og:image\" content=\"https:\/\/www.bbmnoticias.com\/labravaradiofm\/wp-content\/uploads\/sites\/5\/2023\/03\/normalistas.jpg\" \/>\n\t<meta property=\"og:image:width\" content=\"2048\" \/>\n\t<meta property=\"og:image:height\" content=\"922\" \/>\n\t<meta property=\"og:image:type\" content=\"image\/jpeg\" \/>\n<meta name=\"author\" content=\"Cuarta Plana\" \/>\n<meta name=\"twitter:card\" content=\"summary_large_image\" \/>\n<meta name=\"twitter:label1\" content=\"Escrito por\" \/>\n\t<meta name=\"twitter:data1\" content=\"Cuarta Plana\" \/>\n\t<meta name=\"twitter:label2\" content=\"Tiempo de lectura\" \/>\n\t<meta name=\"twitter:data2\" content=\"2 minutos\" \/>\n<script type=\"application\/ld+json\" class=\"yoast-schema-graph\">{\"@context\":\"https:\\\/\\\/schema.org\",\"@graph\":[{\"@type\":\"Article\",\"@id\":\"https:\\\/\\\/www.bbmnoticias.com\\\/labravaradiofm\\\/2023\\\/03\\\/13\\\/al-normalista-lo-aprehendieron-por-fumar-marihuana-y-molestar-a-transeuntes\\\/#article\",\"isPartOf\":{\"@id\":\"https:\\\/\\\/www.bbmnoticias.com\\\/labravaradiofm\\\/2023\\\/03\\\/13\\\/al-normalista-lo-aprehendieron-por-fumar-marihuana-y-molestar-a-transeuntes\\\/\"},\"author\":{\"name\":\"Cuarta Plana\",\"@id\":\"https:\\\/\\\/www.bbmnoticias.com\\\/labravaradiofm\\\/#\\\/schema\\\/person\\\/7d786f9fa529105f958c4791d75455f1\"},\"headline\":\"Al normalista lo aprehendieron por fumar marihuana y molestar a trans\u00e9untes\",\"datePublished\":\"2023-03-13T14:36:48+00:00\",\"mainEntityOfPage\":{\"@id\":\"https:\\\/\\\/www.bbmnoticias.com\\\/labravaradiofm\\\/2023\\\/03\\\/13\\\/al-normalista-lo-aprehendieron-por-fumar-marihuana-y-molestar-a-transeuntes\\\/\"},\"wordCount\":424,\"image\":{\"@id\":\"https:\\\/\\\/www.bbmnoticias.com\\\/labravaradiofm\\\/2023\\\/03\\\/13\\\/al-normalista-lo-aprehendieron-por-fumar-marihuana-y-molestar-a-transeuntes\\\/#primaryimage\"},\"thumbnailUrl\":\"https:\\\/\\\/www.bbmnoticias.com\\\/labravaradiofm\\\/wp-content\\\/uploads\\\/sites\\\/5\\\/2023\\\/03\\\/normalistas.jpg\",\"articleSection\":[\"LOCAL\"],\"inLanguage\":\"es\"},{\"@type\":\"WebPage\",\"@id\":\"https:\\\/\\\/www.bbmnoticias.com\\\/labravaradiofm\\\/2023\\\/03\\\/13\\\/al-normalista-lo-aprehendieron-por-fumar-marihuana-y-molestar-a-transeuntes\\\/\",\"url\":\"https:\\\/\\\/www.bbmnoticias.com\\\/labravaradiofm\\\/2023\\\/03\\\/13\\\/al-normalista-lo-aprehendieron-por-fumar-marihuana-y-molestar-a-transeuntes\\\/\",\"name\":\"Al normalista lo aprehendieron por fumar marihuana y molestar a trans\u00e9untes - LA BRAVA RADIO\",\"isPartOf\":{\"@id\":\"https:\\\/\\\/www.bbmnoticias.com\\\/labravaradiofm\\\/#website\"},\"primaryImageOfPage\":{\"@id\":\"https:\\\/\\\/www.bbmnoticias.com\\\/labravaradiofm\\\/2023\\\/03\\\/13\\\/al-normalista-lo-aprehendieron-por-fumar-marihuana-y-molestar-a-transeuntes\\\/#primaryimage\"},\"image\":{\"@id\":\"https:\\\/\\\/www.bbmnoticias.com\\\/labravaradiofm\\\/2023\\\/03\\\/13\\\/al-normalista-lo-aprehendieron-por-fumar-marihuana-y-molestar-a-transeuntes\\\/#primaryimage\"},\"thumbnailUrl\":\"https:\\\/\\\/www.bbmnoticias.com\\\/labravaradiofm\\\/wp-content\\\/uploads\\\/sites\\\/5\\\/2023\\\/03\\\/normalistas.jpg\",\"datePublished\":\"2023-03-13T14:36:48+00:00\",\"author\":{\"@id\":\"https:\\\/\\\/www.bbmnoticias.com\\\/labravaradiofm\\\/#\\\/schema\\\/person\\\/7d786f9fa529105f958c4791d75455f1\"},\"breadcrumb\":{\"@id\":\"https:\\\/\\\/www.bbmnoticias.com\\\/labravaradiofm\\\/2023\\\/03\\\/13\\\/al-normalista-lo-aprehendieron-por-fumar-marihuana-y-molestar-a-transeuntes\\\/#breadcrumb\"},\"inLanguage\":\"es\",\"potentialAction\":[{\"@type\":\"ReadAction\",\"target\":[\"https:\\\/\\\/www.bbmnoticias.com\\\/labravaradiofm\\\/2023\\\/03\\\/13\\\/al-normalista-lo-aprehendieron-por-fumar-marihuana-y-molestar-a-transeuntes\\\/\"]}]},{\"@type\":\"ImageObject\",\"inLanguage\":\"es\",\"@id\":\"https:\\\/\\\/www.bbmnoticias.com\\\/labravaradiofm\\\/2023\\\/03\\\/13\\\/al-normalista-lo-aprehendieron-por-fumar-marihuana-y-molestar-a-transeuntes\\\/#primaryimage\",\"url\":\"https:\\\/\\\/www.bbmnoticias.com\\\/labravaradiofm\\\/wp-content\\\/uploads\\\/sites\\\/5\\\/2023\\\/03\\\/normalistas.jpg\",\"contentUrl\":\"https:\\\/\\\/www.bbmnoticias.com\\\/labravaradiofm\\\/wp-content\\\/uploads\\\/sites\\\/5\\\/2023\\\/03\\\/normalistas.jpg\",\"width\":2048,\"height\":922},{\"@type\":\"BreadcrumbList\",\"@id\":\"https:\\\/\\\/www.bbmnoticias.com\\\/labravaradiofm\\\/2023\\\/03\\\/13\\\/al-normalista-lo-aprehendieron-por-fumar-marihuana-y-molestar-a-transeuntes\\\/#breadcrumb\",\"itemListElement\":[{\"@type\":\"ListItem\",\"position\":1,\"name\":\"Inicio\",\"item\":\"https:\\\/\\\/www.bbmnoticias.com\\\/labravaradiofm\\\/\"},{\"@type\":\"ListItem\",\"position\":2,\"name\":\"Al normalista lo aprehendieron por fumar marihuana y molestar a trans\u00e9untes\"}]},{\"@type\":\"WebSite\",\"@id\":\"https:\\\/\\\/www.bbmnoticias.com\\\/labravaradiofm\\\/#website\",\"url\":\"https:\\\/\\\/www.bbmnoticias.com\\\/labravaradiofm\\\/\",\"name\":\"LA BRAVA RADIO\",\"description\":\"Empresa productora de medios, Radiodifusi\u00f3n, Noticias, tendencias y todo lo que necesitas saber de la pol\u00edtica mexicana e internacional; entretenimiento, espect\u00e1culos, salud y mucho m\u00e1s.\",\"potentialAction\":[{\"@type\":\"SearchAction\",\"target\":{\"@type\":\"EntryPoint\",\"urlTemplate\":\"https:\\\/\\\/www.bbmnoticias.com\\\/labravaradiofm\\\/?s={search_term_string}\"},\"query-input\":{\"@type\":\"PropertyValueSpecification\",\"valueRequired\":true,\"valueName\":\"search_term_string\"}}],\"inLanguage\":\"es\"},{\"@type\":\"Person\",\"@id\":\"https:\\\/\\\/www.bbmnoticias.com\\\/labravaradiofm\\\/#\\\/schema\\\/person\\\/7d786f9fa529105f958c4791d75455f1\",\"name\":\"Cuarta Plana\",\"image\":{\"@type\":\"ImageObject\",\"inLanguage\":\"es\",\"@id\":\"https:\\\/\\\/secure.gravatar.com\\\/avatar\\\/569aeac3582b4864a79ffcd8468ada657f9c0cbf68c06542116f60dfa8c3c2d7?s=96&d=mm&r=g\",\"url\":\"https:\\\/\\\/secure.gravatar.com\\\/avatar\\\/569aeac3582b4864a79ffcd8468ada657f9c0cbf68c06542116f60dfa8c3c2d7?s=96&d=mm&r=g\",\"contentUrl\":\"https:\\\/\\\/secure.gravatar.com\\\/avatar\\\/569aeac3582b4864a79ffcd8468ada657f9c0cbf68c06542116f60dfa8c3c2d7?s=96&d=mm&r=g\",\"caption\":\"Cuarta Plana\"},\"url\":\"https:\\\/\\\/www.bbmnoticias.com\\\/labravaradiofm\\\/author\\\/cuartaplana\\\/\"}]}<\/script>\n<!-- \/ Yoast SEO plugin. -->","yoast_head_json":{"title":"Al normalista lo aprehendieron por fumar marihuana y molestar a trans\u00e9untes - LA BRAVA RADIO","robots":{"index":"index","follow":"follow","max-snippet":"max-snippet:-1","max-image-preview":"max-image-preview:large","max-video-preview":"max-video-preview:-1"},"canonical":"https:\/\/www.bbmnoticias.com\/labravaradiofm\/2023\/03\/13\/al-normalista-lo-aprehendieron-por-fumar-marihuana-y-molestar-a-transeuntes\/","og_locale":"es_MX","og_type":"article","og_title":"Al normalista lo aprehendieron por fumar marihuana y molestar a trans\u00e9untes - LA BRAVA RADIO","og_description":"Oaxaca, Oax.- Resulta que la detenci\u00f3n del &#8220;normalista&#8221;, por lo que sus compa\u00f1eros cometieron actos vand\u00e1licos contra el Palacio de Gobierno, golpes y robo a un ciudadano, fue por est\u00e1r fumando marihuana y molestar a trans\u00e9untes en inmediaciones del plant\u00f3n que desde hace m\u00e1s de un mes mantienen sobre las calles de Armenta y L\u00f3pez [&hellip;]","og_url":"https:\/\/www.bbmnoticias.com\/labravaradiofm\/2023\/03\/13\/al-normalista-lo-aprehendieron-por-fumar-marihuana-y-molestar-a-transeuntes\/","og_site_name":"LA BRAVA RADIO","article_published_time":"2023-03-13T14:36:48+00:00","og_image":[{"width":2048,"height":922,"url":"https:\/\/www.bbmnoticias.com\/labravaradiofm\/wp-content\/uploads\/sites\/5\/2023\/03\/normalistas.jpg","type":"image\/jpeg"}],"author":"Cuarta Plana","twitter_card":"summary_large_image","twitter_misc":{"Escrito por":"Cuarta Plana","Tiempo de lectura":"2 minutos"},"schema":{"@context":"https:\/\/schema.org","@graph":[{"@type":"Article","@id":"https:\/\/www.bbmnoticias.com\/labravaradiofm\/2023\/03\/13\/al-normalista-lo-aprehendieron-por-fumar-marihuana-y-molestar-a-transeuntes\/#article","isPartOf":{"@id":"https:\/\/www.bbmnoticias.com\/labravaradiofm\/2023\/03\/13\/al-normalista-lo-aprehendieron-por-fumar-marihuana-y-molestar-a-transeuntes\/"},"author":{"name":"Cuarta Plana","@id":"https:\/\/www.bbmnoticias.com\/labravaradiofm\/#\/schema\/person\/7d786f9fa529105f958c4791d75455f1"},"headline":"Al normalista lo aprehendieron por fumar marihuana y molestar a trans\u00e9untes","datePublished":"2023-03-13T14:36:48+00:00","mainEntityOfPage":{"@id":"https:\/\/www.bbmnoticias.com\/labravaradiofm\/2023\/03\/13\/al-normalista-lo-aprehendieron-por-fumar-marihuana-y-molestar-a-transeuntes\/"},"wordCount":424,"image":{"@id":"https:\/\/www.bbmnoticias.com\/labravaradiofm\/2023\/03\/13\/al-normalista-lo-aprehendieron-por-fumar-marihuana-y-molestar-a-transeuntes\/#primaryimage"},"thumbnailUrl":"https:\/\/www.bbmnoticias.com\/labravaradiofm\/wp-content\/uploads\/sites\/5\/2023\/03\/normalistas.jpg","articleSection":["LOCAL"],"inLanguage":"es"},{"@type":"WebPage","@id":"https:\/\/www.bbmnoticias.com\/labravaradiofm\/2023\/03\/13\/al-normalista-lo-aprehendieron-por-fumar-marihuana-y-molestar-a-transeuntes\/","url":"https:\/\/www.bbmnoticias.com\/labravaradiofm\/2023\/03\/13\/al-normalista-lo-aprehendieron-por-fumar-marihuana-y-molestar-a-transeuntes\/","name":"Al normalista lo aprehendieron por fumar marihuana y molestar a trans\u00e9untes - LA BRAVA RADIO","isPartOf":{"@id":"https:\/\/www.bbmnoticias.com\/labravaradiofm\/#website"},"primaryImageOfPage":{"@id":"https:\/\/www.bbmnoticias.com\/labravaradiofm\/2023\/03\/13\/al-normalista-lo-aprehendieron-por-fumar-marihuana-y-molestar-a-transeuntes\/#primaryimage"},"image":{"@id":"https:\/\/www.bbmnoticias.com\/labravaradiofm\/2023\/03\/13\/al-normalista-lo-aprehendieron-por-fumar-marihuana-y-molestar-a-transeuntes\/#primaryimage"},"thumbnailUrl":"https:\/\/www.bbmnoticias.com\/labravaradiofm\/wp-content\/uploads\/sites\/5\/2023\/03\/normalistas.jpg","datePublished":"2023-03-13T14:36:48+00:00","author":{"@id":"https:\/\/www.bbmnoticias.com\/labravaradiofm\/#\/schema\/person\/7d786f9fa529105f958c4791d75455f1"},"breadcrumb":{"@id":"https:\/\/www.bbmnoticias.com\/labravaradiofm\/2023\/03\/13\/al-normalista-lo-aprehendieron-por-fumar-marihuana-y-molestar-a-transeuntes\/#breadcrumb"},"inLanguage":"es","potentialAction":[{"@type":"ReadAction","target":["https:\/\/www.bbmnoticias.com\/labravaradiofm\/2023\/03\/13\/al-normalista-lo-aprehendieron-por-fumar-marihuana-y-molestar-a-transeuntes\/"]}]},{"@type":"ImageObject","inLanguage":"es","@id":"https:\/\/www.bbmnoticias.com\/labravaradiofm\/2023\/03\/13\/al-normalista-lo-aprehendieron-por-fumar-marihuana-y-molestar-a-transeuntes\/#primaryimage","url":"https:\/\/www.bbmnoticias.com\/labravaradiofm\/wp-content\/uploads\/sites\/5\/2023\/03\/normalistas.jpg","contentUrl":"https:\/\/www.bbmnoticias.com\/labravaradiofm\/wp-content\/uploads\/sites\/5\/2023\/03\/normalistas.jpg","width":2048,"height":922},{"@type":"BreadcrumbList","@id":"https:\/\/www.bbmnoticias.com\/labravaradiofm\/2023\/03\/13\/al-normalista-lo-aprehendieron-por-fumar-marihuana-y-molestar-a-transeuntes\/#breadcrumb","itemListElement":[{"@type":"ListItem","position":1,"name":"Inicio","item":"https:\/\/www.bbmnoticias.com\/labravaradiofm\/"},{"@type":"ListItem","position":2,"name":"Al normalista lo aprehendieron por fumar marihuana y molestar a trans\u00e9untes"}]},{"@type":"WebSite","@id":"https:\/\/www.bbmnoticias.com\/labravaradiofm\/#website","url":"https:\/\/www.bbmnoticias.com\/labravaradiofm\/","name":"LA BRAVA RADIO","description":"Empresa productora de medios, Radiodifusi\u00f3n, Noticias, tendencias y todo lo que necesitas saber de la pol\u00edtica mexicana e internacional; entretenimiento, espect\u00e1culos, salud y mucho m\u00e1s.","potentialAction":[{"@type":"SearchAction","target":{"@type":"EntryPoint","urlTemplate":"https:\/\/www.bbmnoticias.com\/labravaradiofm\/?s={search_term_string}"},"query-input":{"@type":"PropertyValueSpecification","valueRequired":true,"valueName":"search_term_string"}}],"inLanguage":"es"},{"@type":"Person","@id":"https:\/\/www.bbmnoticias.com\/labravaradiofm\/#\/schema\/person\/7d786f9fa529105f958c4791d75455f1","name":"Cuarta Plana","image":{"@type":"ImageObject","inLanguage":"es","@id":"https:\/\/secure.gravatar.com\/avatar\/569aeac3582b4864a79ffcd8468ada657f9c0cbf68c06542116f60dfa8c3c2d7?s=96&d=mm&r=g","url":"https:\/\/secure.gravatar.com\/avatar\/569aeac3582b4864a79ffcd8468ada657f9c0cbf68c06542116f60dfa8c3c2d7?s=96&d=mm&r=g","contentUrl":"https:\/\/secure.gravatar.com\/avatar\/569aeac3582b4864a79ffcd8468ada657f9c0cbf68c06542116f60dfa8c3c2d7?s=96&d=mm&r=g","caption":"Cuarta Plana"},"url":"https:\/\/www.bbmnoticias.com\/labravaradiofm\/author\/cuartaplana\/"}]}},"_links":{"self":[{"href":"https:\/\/www.bbmnoticias.com\/labravaradiofm\/wp-json\/wp\/v2\/posts\/24816","targetHints":{"allow":["GET"]}}],"collection":[{"href":"https:\/\/www.bbmnoticias.com\/labravaradiofm\/wp-json\/wp\/v2\/posts"}],"about":[{"href":"https:\/\/www.bbmnoticias.com\/labravaradiofm\/wp-json\/wp\/v2\/types\/post"}],"author":[{"embeddable":true,"href":"https:\/\/www.bbmnoticias.com\/labravaradiofm\/wp-json\/wp\/v2\/users\/7"}],"replies":[{"embeddable":true,"href":"https:\/\/www.bbmnoticias.com\/labravaradiofm\/wp-json\/wp\/v2\/comments?post=24816"}],"version-history":[{"count":0,"href":"https:\/\/www.bbmnoticias.com\/labravaradiofm\/wp-json\/wp\/v2\/posts\/24816\/revisions"}],"wp:featuredmedia":[{"embeddable":true,"href":"https:\/\/www.bbmnoticias.com\/labravaradiofm\/wp-json\/wp\/v2\/media\/24817"}],"wp:attachment":[{"href":"https:\/\/www.bbmnoticias.com\/labravaradiofm\/wp-json\/wp\/v2\/media?parent=24816"}],"wp:term":[{"taxonomy":"category","embeddable":true,"href":"https:\/\/www.bbmnoticias.com\/labravaradiofm\/wp-json\/wp\/v2\/categories?post=24816"},{"taxonomy":"post_tag","embeddable":true,"href":"https:\/\/www.bbmnoticias.com\/labravaradiofm\/wp-json\/wp\/v2\/tags?post=24816"}],"curies":[{"name":"wp","href":"https:\/\/api.w.org\/{rel}","templated":true}]}}