{"id":24805,"date":"2023-03-13T07:31:04","date_gmt":"2023-03-13T13:31:04","guid":{"rendered":"https:\/\/www.bbmnoticias.com\/labravaradiofm\/?p=24805"},"modified":"2023-03-13T08:27:10","modified_gmt":"2023-03-13T14:27:10","slug":"juez-dicta-prision-preventiva-a-presunto-feminicida-de-yere-que-tenia-de-14-anos","status":"publish","type":"post","link":"https:\/\/www.bbmnoticias.com\/labravaradiofm\/2023\/03\/13\/juez-dicta-prision-preventiva-a-presunto-feminicida-de-yere-que-tenia-de-14-anos\/","title":{"rendered":"Juez dicta prisi\u00f3n preventiva a presunto feminicida de Yere, con apenas 14 a\u00f1os de edad"},"content":{"rendered":"<div style=\"margin-top: 0px; margin-bottom: 0px;\" class=\"sharethis-inline-share-buttons\" ><\/div>\n<p><strong>Francisco Tom\u00e1s &#8220;N&#8221;<\/strong>, presunto feminicida de <strong>Yere<\/strong>, quien fue detenido el pasado 11 de febrero por la Fiscal\u00eda General de Justicia de<strong> Nuevo Le\u00f3n<\/strong>, fue imputado con prisi\u00f3n preventiva oficiosa, la cual deber\u00e1 cumplir en el <strong>Centro de Reinserci\u00f3n Social Estatal.<\/strong><\/p>\n\n\n\n<p>El juez estim\u00f3 que son suficientes elementos aportados por la Fiscal\u00eda para resolver la situaci\u00f3n jur\u00eddica del detenido, dictando en su contra auto de vinculaci\u00f3n a proceso por tres delitos que se le imputaron.<\/p>\n\n\n\n<p>De acuerdo con los tres <strong>delitos<\/strong> que se le imputan a <strong>Francisco Tomas \u201cN\u201d<\/strong> son: <strong>violaci\u00f3n, feminicidio y robo a casa habitaci\u00f3n<\/strong>, de los cuales seg\u00fan el juez, la Fiscal\u00eda ha tenido las suficientes evidencias probatorias.<\/p>\n\n\n\n<p>Los peritos determinaron que la causa de la muerte de la menor se debi\u00f3 a <strong>asfixia por ahorcamiento<\/strong>, quienes tambi\u00e9n informaron que hab\u00eda suficiente evidencia de que, <strong>Yere sufri\u00f3 violencia sexual antes de ser asfixiada<\/strong>.<\/p>\n\n\n\n<p>Seg\u00fan las autoridades, posterior a dicha acci\u00f3n,<strong> Francisco Tom\u00e1s &#8220;N&#8221;<\/strong> se apoder\u00f3 de algunas pertenencias de la adolescente y diversos objetos del interior del domicilio, del cual sali\u00f3 huyendo hacia un rumbo desconocido.<\/p>\n\n\n\n<p>Reportes de la Fiscal\u00eda de Estado de Nuevo Le\u00f3n, <strong>Francisco \u201cN\u201d<\/strong>, indican que pudo haber tenido una relaci\u00f3n de confianza con <strong>Yere<\/strong>, siendo esta una evidencia suficiente para determinar que dicho crimen fue por violencia de g\u00e9nero.<\/p>\n\n\n\n<p>Se dio a conocer que se concedi\u00f3 un plazo de cuatro meses para el cierre de la investigaci\u00f3n complementaria para dar un veredicto final en relaci\u00f3n al caso del feminicidio.<\/p>\n\n\n\n<p><strong>Caso de Yere, adolescente asesinada en la colonia Villa de San \u00c1ngel, Monterrey<\/strong><\/p>\n\n\n\n<p>La v\u00edctima, <strong>Yere de 14 a\u00f1os de edad<\/strong>, fue encontrada muerta el pasado 27 de febrero del 2023 al interior de su casa, ubicada en la Colonia Villa de San \u00c1ngel en Monterrey.<\/p>\n\n\n\n<p>El crimen fue cometido en una casa de la calle Celem\u00edn y Est\u00e9reo, cerca de una esquina y en la que el acceso al domicilio se encuentra f\u00e1cilmente escalando una barda; el cuerpo de Yere fue encontrado por una amiga de la escuela secundaria.<\/p>\n\n\n\n<p>De acuerdo con la pruebas periciales, se presume que el hecho violento habr\u00eda ocurrido el domingo 26 de febrero. La adolescente que apenas el s\u00e1bado 25 de febrero cumpli\u00f3 14 a\u00f1os, habr\u00eda sido <strong>abusada sexualmente <\/strong>y luego asesinada presuntamente por dos personas, quienes en ese momento ingresaron a la casa mientras ella se encontraba sola.<\/p>\n","protected":false},"excerpt":{"rendered":"<p>Francisco Tom\u00e1s &#8220;N&#8221;, presunto feminicida de Yere, quien fue detenido el pasado 11 de febrero por la Fiscal\u00eda General de Justicia de Nuevo Le\u00f3n, fue imputado con prisi\u00f3n preventiva oficiosa, la cual deber\u00e1 cumplir en el Centro de Reinserci\u00f3n Social Estatal. El juez estim\u00f3 que son suficientes elementos aportados por la Fiscal\u00eda para resolver la [&hellip;]<\/p>\n","protected":false},"author":8,"featured_media":24806,"comment_status":"closed","ping_status":"closed","sticky":false,"template":"","format":"standard","meta":{"footnotes":""},"categories":[19],"tags":[],"class_list":{"0":"post-24805","1":"post","2":"type-post","3":"status-publish","4":"format-standard","5":"has-post-thumbnail","7":"category-nacional"},"yoast_head":"<!-- This site is optimized with the Yoast SEO plugin v27.4 - https:\/\/yoast.com\/product\/yoast-seo-wordpress\/ -->\n<title>Juez dicta prisi\u00f3n preventiva a presunto feminicida de Yere, con apenas 14 a\u00f1os de edad - LA BRAVA RADIO<\/title>\n<meta name=\"robots\" content=\"index, follow, max-snippet:-1, max-image-preview:large, max-video-preview:-1\" \/>\n<link rel=\"canonical\" href=\"https:\/\/www.bbmnoticias.com\/labravaradiofm\/2023\/03\/13\/juez-dicta-prision-preventiva-a-presunto-feminicida-de-yere-que-tenia-de-14-anos\/\" \/>\n<meta property=\"og:locale\" content=\"es_MX\" \/>\n<meta property=\"og:type\" content=\"article\" \/>\n<meta property=\"og:title\" content=\"Juez dicta prisi\u00f3n preventiva a presunto feminicida de Yere, con apenas 14 a\u00f1os de edad - LA BRAVA RADIO\" \/>\n<meta property=\"og:description\" content=\"Francisco Tom\u00e1s &#8220;N&#8221;, presunto feminicida de Yere, quien fue detenido el pasado 11 de febrero por la Fiscal\u00eda General de Justicia de Nuevo Le\u00f3n, fue imputado con prisi\u00f3n preventiva oficiosa, la cual deber\u00e1 cumplir en el Centro de Reinserci\u00f3n Social Estatal. El juez estim\u00f3 que son suficientes elementos aportados por la Fiscal\u00eda para resolver la [&hellip;]\" \/>\n<meta property=\"og:url\" content=\"https:\/\/www.bbmnoticias.com\/labravaradiofm\/2023\/03\/13\/juez-dicta-prision-preventiva-a-presunto-feminicida-de-yere-que-tenia-de-14-anos\/\" \/>\n<meta property=\"og:site_name\" content=\"LA BRAVA RADIO\" \/>\n<meta property=\"article:published_time\" content=\"2023-03-13T13:31:04+00:00\" \/>\n<meta property=\"article:modified_time\" content=\"2023-03-13T14:27:10+00:00\" \/>\n<meta property=\"og:image\" content=\"https:\/\/www.bbmnoticias.com\/labravaradiofm\/wp-content\/uploads\/sites\/5\/2023\/03\/francisco-tomas.jpg\" \/>\n\t<meta property=\"og:image:width\" content=\"800\" \/>\n\t<meta property=\"og:image:height\" content=\"600\" \/>\n\t<meta property=\"og:image:type\" content=\"image\/jpeg\" \/>\n<meta name=\"author\" content=\"Exc\u00e9lsior\" \/>\n<meta name=\"twitter:card\" content=\"summary_large_image\" \/>\n<meta name=\"twitter:label1\" content=\"Escrito por\" \/>\n\t<meta name=\"twitter:data1\" content=\"Exc\u00e9lsior\" \/>\n\t<meta name=\"twitter:label2\" content=\"Tiempo de lectura\" \/>\n\t<meta name=\"twitter:data2\" content=\"2 minutos\" \/>\n<script type=\"application\/ld+json\" class=\"yoast-schema-graph\">{\"@context\":\"https:\\\/\\\/schema.org\",\"@graph\":[{\"@type\":\"Article\",\"@id\":\"https:\\\/\\\/www.bbmnoticias.com\\\/labravaradiofm\\\/2023\\\/03\\\/13\\\/juez-dicta-prision-preventiva-a-presunto-feminicida-de-yere-que-tenia-de-14-anos\\\/#article\",\"isPartOf\":{\"@id\":\"https:\\\/\\\/www.bbmnoticias.com\\\/labravaradiofm\\\/2023\\\/03\\\/13\\\/juez-dicta-prision-preventiva-a-presunto-feminicida-de-yere-que-tenia-de-14-anos\\\/\"},\"author\":{\"name\":\"Exc\u00e9lsior\",\"@id\":\"https:\\\/\\\/www.bbmnoticias.com\\\/labravaradiofm\\\/#\\\/schema\\\/person\\\/56f4677efb93d47930db8f58aa971b20\"},\"headline\":\"Juez dicta prisi\u00f3n preventiva a presunto feminicida de Yere, con apenas 14 a\u00f1os de edad\",\"datePublished\":\"2023-03-13T13:31:04+00:00\",\"dateModified\":\"2023-03-13T14:27:10+00:00\",\"mainEntityOfPage\":{\"@id\":\"https:\\\/\\\/www.bbmnoticias.com\\\/labravaradiofm\\\/2023\\\/03\\\/13\\\/juez-dicta-prision-preventiva-a-presunto-feminicida-de-yere-que-tenia-de-14-anos\\\/\"},\"wordCount\":433,\"image\":{\"@id\":\"https:\\\/\\\/www.bbmnoticias.com\\\/labravaradiofm\\\/2023\\\/03\\\/13\\\/juez-dicta-prision-preventiva-a-presunto-feminicida-de-yere-que-tenia-de-14-anos\\\/#primaryimage\"},\"thumbnailUrl\":\"https:\\\/\\\/www.bbmnoticias.com\\\/labravaradiofm\\\/wp-content\\\/uploads\\\/sites\\\/5\\\/2023\\\/03\\\/francisco-tomas.jpg\",\"articleSection\":[\"NACIONAL\"],\"inLanguage\":\"es\"},{\"@type\":\"WebPage\",\"@id\":\"https:\\\/\\\/www.bbmnoticias.com\\\/labravaradiofm\\\/2023\\\/03\\\/13\\\/juez-dicta-prision-preventiva-a-presunto-feminicida-de-yere-que-tenia-de-14-anos\\\/\",\"url\":\"https:\\\/\\\/www.bbmnoticias.com\\\/labravaradiofm\\\/2023\\\/03\\\/13\\\/juez-dicta-prision-preventiva-a-presunto-feminicida-de-yere-que-tenia-de-14-anos\\\/\",\"name\":\"Juez dicta prisi\u00f3n preventiva a presunto feminicida de Yere, con apenas 14 a\u00f1os de edad - LA BRAVA RADIO\",\"isPartOf\":{\"@id\":\"https:\\\/\\\/www.bbmnoticias.com\\\/labravaradiofm\\\/#website\"},\"primaryImageOfPage\":{\"@id\":\"https:\\\/\\\/www.bbmnoticias.com\\\/labravaradiofm\\\/2023\\\/03\\\/13\\\/juez-dicta-prision-preventiva-a-presunto-feminicida-de-yere-que-tenia-de-14-anos\\\/#primaryimage\"},\"image\":{\"@id\":\"https:\\\/\\\/www.bbmnoticias.com\\\/labravaradiofm\\\/2023\\\/03\\\/13\\\/juez-dicta-prision-preventiva-a-presunto-feminicida-de-yere-que-tenia-de-14-anos\\\/#primaryimage\"},\"thumbnailUrl\":\"https:\\\/\\\/www.bbmnoticias.com\\\/labravaradiofm\\\/wp-content\\\/uploads\\\/sites\\\/5\\\/2023\\\/03\\\/francisco-tomas.jpg\",\"datePublished\":\"2023-03-13T13:31:04+00:00\",\"dateModified\":\"2023-03-13T14:27:10+00:00\",\"author\":{\"@id\":\"https:\\\/\\\/www.bbmnoticias.com\\\/labravaradiofm\\\/#\\\/schema\\\/person\\\/56f4677efb93d47930db8f58aa971b20\"},\"breadcrumb\":{\"@id\":\"https:\\\/\\\/www.bbmnoticias.com\\\/labravaradiofm\\\/2023\\\/03\\\/13\\\/juez-dicta-prision-preventiva-a-presunto-feminicida-de-yere-que-tenia-de-14-anos\\\/#breadcrumb\"},\"inLanguage\":\"es\",\"potentialAction\":[{\"@type\":\"ReadAction\",\"target\":[\"https:\\\/\\\/www.bbmnoticias.com\\\/labravaradiofm\\\/2023\\\/03\\\/13\\\/juez-dicta-prision-preventiva-a-presunto-feminicida-de-yere-que-tenia-de-14-anos\\\/\"]}]},{\"@type\":\"ImageObject\",\"inLanguage\":\"es\",\"@id\":\"https:\\\/\\\/www.bbmnoticias.com\\\/labravaradiofm\\\/2023\\\/03\\\/13\\\/juez-dicta-prision-preventiva-a-presunto-feminicida-de-yere-que-tenia-de-14-anos\\\/#primaryimage\",\"url\":\"https:\\\/\\\/www.bbmnoticias.com\\\/labravaradiofm\\\/wp-content\\\/uploads\\\/sites\\\/5\\\/2023\\\/03\\\/francisco-tomas.jpg\",\"contentUrl\":\"https:\\\/\\\/www.bbmnoticias.com\\\/labravaradiofm\\\/wp-content\\\/uploads\\\/sites\\\/5\\\/2023\\\/03\\\/francisco-tomas.jpg\",\"width\":800,\"height\":600},{\"@type\":\"BreadcrumbList\",\"@id\":\"https:\\\/\\\/www.bbmnoticias.com\\\/labravaradiofm\\\/2023\\\/03\\\/13\\\/juez-dicta-prision-preventiva-a-presunto-feminicida-de-yere-que-tenia-de-14-anos\\\/#breadcrumb\",\"itemListElement\":[{\"@type\":\"ListItem\",\"position\":1,\"name\":\"Inicio\",\"item\":\"https:\\\/\\\/www.bbmnoticias.com\\\/labravaradiofm\\\/\"},{\"@type\":\"ListItem\",\"position\":2,\"name\":\"Juez dicta prisi\u00f3n preventiva a presunto feminicida de Yere, con apenas 14 a\u00f1os de edad\"}]},{\"@type\":\"WebSite\",\"@id\":\"https:\\\/\\\/www.bbmnoticias.com\\\/labravaradiofm\\\/#website\",\"url\":\"https:\\\/\\\/www.bbmnoticias.com\\\/labravaradiofm\\\/\",\"name\":\"LA BRAVA RADIO\",\"description\":\"Empresa productora de medios, Radiodifusi\u00f3n, Noticias, tendencias y todo lo que necesitas saber de la pol\u00edtica mexicana e internacional; entretenimiento, espect\u00e1culos, salud y mucho m\u00e1s.\",\"potentialAction\":[{\"@type\":\"SearchAction\",\"target\":{\"@type\":\"EntryPoint\",\"urlTemplate\":\"https:\\\/\\\/www.bbmnoticias.com\\\/labravaradiofm\\\/?s={search_term_string}\"},\"query-input\":{\"@type\":\"PropertyValueSpecification\",\"valueRequired\":true,\"valueName\":\"search_term_string\"}}],\"inLanguage\":\"es\"},{\"@type\":\"Person\",\"@id\":\"https:\\\/\\\/www.bbmnoticias.com\\\/labravaradiofm\\\/#\\\/schema\\\/person\\\/56f4677efb93d47930db8f58aa971b20\",\"name\":\"Exc\u00e9lsior\",\"image\":{\"@type\":\"ImageObject\",\"inLanguage\":\"es\",\"@id\":\"https:\\\/\\\/secure.gravatar.com\\\/avatar\\\/497265c4dbe1cd0e2f3f1b19aba0f5779c7f95d09e139a5b83c1ecd47b4e780d?s=96&d=mm&r=g\",\"url\":\"https:\\\/\\\/secure.gravatar.com\\\/avatar\\\/497265c4dbe1cd0e2f3f1b19aba0f5779c7f95d09e139a5b83c1ecd47b4e780d?s=96&d=mm&r=g\",\"contentUrl\":\"https:\\\/\\\/secure.gravatar.com\\\/avatar\\\/497265c4dbe1cd0e2f3f1b19aba0f5779c7f95d09e139a5b83c1ecd47b4e780d?s=96&d=mm&r=g\",\"caption\":\"Exc\u00e9lsior\"},\"url\":\"https:\\\/\\\/www.bbmnoticias.com\\\/labravaradiofm\\\/author\\\/excelsior\\\/\"}]}<\/script>\n<!-- \/ Yoast SEO plugin. -->","yoast_head_json":{"title":"Juez dicta prisi\u00f3n preventiva a presunto feminicida de Yere, con apenas 14 a\u00f1os de edad - LA BRAVA RADIO","robots":{"index":"index","follow":"follow","max-snippet":"max-snippet:-1","max-image-preview":"max-image-preview:large","max-video-preview":"max-video-preview:-1"},"canonical":"https:\/\/www.bbmnoticias.com\/labravaradiofm\/2023\/03\/13\/juez-dicta-prision-preventiva-a-presunto-feminicida-de-yere-que-tenia-de-14-anos\/","og_locale":"es_MX","og_type":"article","og_title":"Juez dicta prisi\u00f3n preventiva a presunto feminicida de Yere, con apenas 14 a\u00f1os de edad - LA BRAVA RADIO","og_description":"Francisco Tom\u00e1s &#8220;N&#8221;, presunto feminicida de Yere, quien fue detenido el pasado 11 de febrero por la Fiscal\u00eda General de Justicia de Nuevo Le\u00f3n, fue imputado con prisi\u00f3n preventiva oficiosa, la cual deber\u00e1 cumplir en el Centro de Reinserci\u00f3n Social Estatal. El juez estim\u00f3 que son suficientes elementos aportados por la Fiscal\u00eda para resolver la [&hellip;]","og_url":"https:\/\/www.bbmnoticias.com\/labravaradiofm\/2023\/03\/13\/juez-dicta-prision-preventiva-a-presunto-feminicida-de-yere-que-tenia-de-14-anos\/","og_site_name":"LA BRAVA RADIO","article_published_time":"2023-03-13T13:31:04+00:00","article_modified_time":"2023-03-13T14:27:10+00:00","og_image":[{"width":800,"height":600,"url":"https:\/\/www.bbmnoticias.com\/labravaradiofm\/wp-content\/uploads\/sites\/5\/2023\/03\/francisco-tomas.jpg","type":"image\/jpeg"}],"author":"Exc\u00e9lsior","twitter_card":"summary_large_image","twitter_misc":{"Escrito por":"Exc\u00e9lsior","Tiempo de lectura":"2 minutos"},"schema":{"@context":"https:\/\/schema.org","@graph":[{"@type":"Article","@id":"https:\/\/www.bbmnoticias.com\/labravaradiofm\/2023\/03\/13\/juez-dicta-prision-preventiva-a-presunto-feminicida-de-yere-que-tenia-de-14-anos\/#article","isPartOf":{"@id":"https:\/\/www.bbmnoticias.com\/labravaradiofm\/2023\/03\/13\/juez-dicta-prision-preventiva-a-presunto-feminicida-de-yere-que-tenia-de-14-anos\/"},"author":{"name":"Exc\u00e9lsior","@id":"https:\/\/www.bbmnoticias.com\/labravaradiofm\/#\/schema\/person\/56f4677efb93d47930db8f58aa971b20"},"headline":"Juez dicta prisi\u00f3n preventiva a presunto feminicida de Yere, con apenas 14 a\u00f1os de edad","datePublished":"2023-03-13T13:31:04+00:00","dateModified":"2023-03-13T14:27:10+00:00","mainEntityOfPage":{"@id":"https:\/\/www.bbmnoticias.com\/labravaradiofm\/2023\/03\/13\/juez-dicta-prision-preventiva-a-presunto-feminicida-de-yere-que-tenia-de-14-anos\/"},"wordCount":433,"image":{"@id":"https:\/\/www.bbmnoticias.com\/labravaradiofm\/2023\/03\/13\/juez-dicta-prision-preventiva-a-presunto-feminicida-de-yere-que-tenia-de-14-anos\/#primaryimage"},"thumbnailUrl":"https:\/\/www.bbmnoticias.com\/labravaradiofm\/wp-content\/uploads\/sites\/5\/2023\/03\/francisco-tomas.jpg","articleSection":["NACIONAL"],"inLanguage":"es"},{"@type":"WebPage","@id":"https:\/\/www.bbmnoticias.com\/labravaradiofm\/2023\/03\/13\/juez-dicta-prision-preventiva-a-presunto-feminicida-de-yere-que-tenia-de-14-anos\/","url":"https:\/\/www.bbmnoticias.com\/labravaradiofm\/2023\/03\/13\/juez-dicta-prision-preventiva-a-presunto-feminicida-de-yere-que-tenia-de-14-anos\/","name":"Juez dicta prisi\u00f3n preventiva a presunto feminicida de Yere, con apenas 14 a\u00f1os de edad - LA BRAVA RADIO","isPartOf":{"@id":"https:\/\/www.bbmnoticias.com\/labravaradiofm\/#website"},"primaryImageOfPage":{"@id":"https:\/\/www.bbmnoticias.com\/labravaradiofm\/2023\/03\/13\/juez-dicta-prision-preventiva-a-presunto-feminicida-de-yere-que-tenia-de-14-anos\/#primaryimage"},"image":{"@id":"https:\/\/www.bbmnoticias.com\/labravaradiofm\/2023\/03\/13\/juez-dicta-prision-preventiva-a-presunto-feminicida-de-yere-que-tenia-de-14-anos\/#primaryimage"},"thumbnailUrl":"https:\/\/www.bbmnoticias.com\/labravaradiofm\/wp-content\/uploads\/sites\/5\/2023\/03\/francisco-tomas.jpg","datePublished":"2023-03-13T13:31:04+00:00","dateModified":"2023-03-13T14:27:10+00:00","author":{"@id":"https:\/\/www.bbmnoticias.com\/labravaradiofm\/#\/schema\/person\/56f4677efb93d47930db8f58aa971b20"},"breadcrumb":{"@id":"https:\/\/www.bbmnoticias.com\/labravaradiofm\/2023\/03\/13\/juez-dicta-prision-preventiva-a-presunto-feminicida-de-yere-que-tenia-de-14-anos\/#breadcrumb"},"inLanguage":"es","potentialAction":[{"@type":"ReadAction","target":["https:\/\/www.bbmnoticias.com\/labravaradiofm\/2023\/03\/13\/juez-dicta-prision-preventiva-a-presunto-feminicida-de-yere-que-tenia-de-14-anos\/"]}]},{"@type":"ImageObject","inLanguage":"es","@id":"https:\/\/www.bbmnoticias.com\/labravaradiofm\/2023\/03\/13\/juez-dicta-prision-preventiva-a-presunto-feminicida-de-yere-que-tenia-de-14-anos\/#primaryimage","url":"https:\/\/www.bbmnoticias.com\/labravaradiofm\/wp-content\/uploads\/sites\/5\/2023\/03\/francisco-tomas.jpg","contentUrl":"https:\/\/www.bbmnoticias.com\/labravaradiofm\/wp-content\/uploads\/sites\/5\/2023\/03\/francisco-tomas.jpg","width":800,"height":600},{"@type":"BreadcrumbList","@id":"https:\/\/www.bbmnoticias.com\/labravaradiofm\/2023\/03\/13\/juez-dicta-prision-preventiva-a-presunto-feminicida-de-yere-que-tenia-de-14-anos\/#breadcrumb","itemListElement":[{"@type":"ListItem","position":1,"name":"Inicio","item":"https:\/\/www.bbmnoticias.com\/labravaradiofm\/"},{"@type":"ListItem","position":2,"name":"Juez dicta prisi\u00f3n preventiva a presunto feminicida de Yere, con apenas 14 a\u00f1os de edad"}]},{"@type":"WebSite","@id":"https:\/\/www.bbmnoticias.com\/labravaradiofm\/#website","url":"https:\/\/www.bbmnoticias.com\/labravaradiofm\/","name":"LA BRAVA RADIO","description":"Empresa productora de medios, Radiodifusi\u00f3n, Noticias, tendencias y todo lo que necesitas saber de la pol\u00edtica mexicana e internacional; entretenimiento, espect\u00e1culos, salud y mucho m\u00e1s.","potentialAction":[{"@type":"SearchAction","target":{"@type":"EntryPoint","urlTemplate":"https:\/\/www.bbmnoticias.com\/labravaradiofm\/?s={search_term_string}"},"query-input":{"@type":"PropertyValueSpecification","valueRequired":true,"valueName":"search_term_string"}}],"inLanguage":"es"},{"@type":"Person","@id":"https:\/\/www.bbmnoticias.com\/labravaradiofm\/#\/schema\/person\/56f4677efb93d47930db8f58aa971b20","name":"Exc\u00e9lsior","image":{"@type":"ImageObject","inLanguage":"es","@id":"https:\/\/secure.gravatar.com\/avatar\/497265c4dbe1cd0e2f3f1b19aba0f5779c7f95d09e139a5b83c1ecd47b4e780d?s=96&d=mm&r=g","url":"https:\/\/secure.gravatar.com\/avatar\/497265c4dbe1cd0e2f3f1b19aba0f5779c7f95d09e139a5b83c1ecd47b4e780d?s=96&d=mm&r=g","contentUrl":"https:\/\/secure.gravatar.com\/avatar\/497265c4dbe1cd0e2f3f1b19aba0f5779c7f95d09e139a5b83c1ecd47b4e780d?s=96&d=mm&r=g","caption":"Exc\u00e9lsior"},"url":"https:\/\/www.bbmnoticias.com\/labravaradiofm\/author\/excelsior\/"}]}},"_links":{"self":[{"href":"https:\/\/www.bbmnoticias.com\/labravaradiofm\/wp-json\/wp\/v2\/posts\/24805","targetHints":{"allow":["GET"]}}],"collection":[{"href":"https:\/\/www.bbmnoticias.com\/labravaradiofm\/wp-json\/wp\/v2\/posts"}],"about":[{"href":"https:\/\/www.bbmnoticias.com\/labravaradiofm\/wp-json\/wp\/v2\/types\/post"}],"author":[{"embeddable":true,"href":"https:\/\/www.bbmnoticias.com\/labravaradiofm\/wp-json\/wp\/v2\/users\/8"}],"replies":[{"embeddable":true,"href":"https:\/\/www.bbmnoticias.com\/labravaradiofm\/wp-json\/wp\/v2\/comments?post=24805"}],"version-history":[{"count":0,"href":"https:\/\/www.bbmnoticias.com\/labravaradiofm\/wp-json\/wp\/v2\/posts\/24805\/revisions"}],"wp:featuredmedia":[{"embeddable":true,"href":"https:\/\/www.bbmnoticias.com\/labravaradiofm\/wp-json\/wp\/v2\/media\/24806"}],"wp:attachment":[{"href":"https:\/\/www.bbmnoticias.com\/labravaradiofm\/wp-json\/wp\/v2\/media?parent=24805"}],"wp:term":[{"taxonomy":"category","embeddable":true,"href":"https:\/\/www.bbmnoticias.com\/labravaradiofm\/wp-json\/wp\/v2\/categories?post=24805"},{"taxonomy":"post_tag","embeddable":true,"href":"https:\/\/www.bbmnoticias.com\/labravaradiofm\/wp-json\/wp\/v2\/tags?post=24805"}],"curies":[{"name":"wp","href":"https:\/\/api.w.org\/{rel}","templated":true}]}}