{"id":24798,"date":"2023-03-13T07:32:00","date_gmt":"2023-03-13T13:32:00","guid":{"rendered":"https:\/\/www.bbmnoticias.com\/labravaradiofm\/?p=24798"},"modified":"2023-03-13T15:39:27","modified_gmt":"2023-03-13T21:39:27","slug":"el-canto-del-buho-pedro-botero","status":"publish","type":"post","link":"https:\/\/www.bbmnoticias.com\/labravaradiofm\/2023\/03\/13\/el-canto-del-buho-pedro-botero\/","title":{"rendered":"El Canto del B\u00faho &#8211; Pedro Botero"},"content":{"rendered":"<div style=\"margin-top: 0px; margin-bottom: 0px;\" class=\"sharethis-inline-share-buttons\" ><\/div>\n<p><strong>*Un primer lugar nada honroso.<\/strong><br><strong>*Del festejo a la cruda realidad.<\/strong><br><strong>*2 feminicidios m\u00e1s en Salina Cruz.<\/strong><br><strong>*La \u201ccurva de aprendizaje\u201d en seguridad \u201cya basta\u201d.<\/strong><\/p>\n\n\n\n<p>Al d\u00eda siguiente del festejo de los <strong>100 d\u00edas del gobierno que encabeza el Ing. Salom\u00f3n Jara Cruz<\/strong>, Oaxaca amaneci\u00f3 en el primer lugar de feminicidios en el pa\u00eds. Un primer lugar <strong>nada honroso<\/strong> para los y las oaxaque\u00f1as.<\/p>\n\n\n\n<p>Mientras los actores corr\u00edan la parranda de la prolongaci\u00f3n de los festejos de los primeros 100 d\u00edas, la cruda realidad los alcanzaba. El mismo viernes por la noche, la maestra de preescolar <strong>Atenea de 27 a\u00f1os de edad, ca\u00eda abatida<\/strong> a balazos en la ciudad y puerto de Salina Cruz; ese puerto gobernado por el <strong>morenista Daniel M\u00e9ndez<\/strong>,&nbsp; llamado a convertirse en el polo de desarrollo del Istmo de Tehuantepec. El mismo puerto, que en el 2022, sus ciudadanos se estremecieron por el asesinato de otra joven al interior de los separos de la polic\u00eda municipal.<\/p>\n\n\n\n<p>Esa noche del viernes 10, los salinacrucenses, se fueron a dormir con el mal sabor de boca que les dej\u00f3 la <strong>MUERTE<\/strong> de la <strong>joven Maestra Atenea<\/strong>. Lejos estaban de que despertar\u00edan con la noticia de otro feminicidio, ahora de Juquila Muriel de 30 a\u00f1os, en la agencia de Bah\u00eda la Ventosa. 2 femicidios en menos de 12 horas. Que tragedia.<\/p>\n\n\n\n<p><strong>M\u00e1s de 5 feminicidios en Salina Cruz, en sus 15 mes de gobierno. Qu\u00e9 est\u00e1 pasando en el puerto?<\/strong><\/p>\n\n\n\n<p>Apenas en agosto del 2022, la noche del 19 de ese mes, apenas tres horas despu\u00e9s de ser detenida por elementos de la polic\u00eda municipal, acusada de una falta administrativa, Abigail H., de 30 a\u00f1os, fue localizada sin vida en el interior de los separos de la c\u00e1rcel de esta ciudad y puerto.<\/p>\n\n\n\n<p><strong>La joven Abigail Hay Urrutia<\/strong> fue encontrada sin vida al interior de la celda, luego de ser detenida, seg\u00fan testimonios de su familia, horas despu\u00e9s el padre de la&nbsp; joven fue avisado que su hija se hab\u00eda colgado con su propia interior, citamos uno de los testimonios de la familia dados a conocer en sus redes sociales.<\/p>\n\n\n\n<p><strong>\u201cAbigail fue torturada y asesinada en la c\u00e1rcel de Salina Cruz, no en la calle\u201d, afirm\u00f3 su padre<\/strong><\/p>\n\n\n\n<p>Por este caso fueron detenidos el juez c\u00edvico calificador, Joel Alberto Luis Vel\u00e1squez, el comisario de la polic\u00eda municipal, y dos polic\u00edas, todos puestos en libertad.<\/p>\n\n\n\n<p>Despu\u00e9s vino el asesinato de una empresaria del transporte. Los sicarios le cerraron el paso a su camioneta en calzada refiner\u00eda, bajaron de su veh\u00edculo para dispararle a quemarropa.<\/p>\n\n\n\n<p><strong>Adriana Eugenia Mendoza<\/strong>, fue asesinada muy cerca de la portada principal de la Refiner\u00eda Antonio Dovali Jaime, donde regularmente, hay elementos de la Guardia Nacional y de la vigilancia de Pemex.<\/p>\n\n\n\n<p>Con estas cifras, Oaxaca, fue calificada como la <strong>entidad con m\u00e1s feminicidios de todo el pa\u00eds.<\/strong> Esto, seg\u00fan cifras oficiales del Secretario Ejecutivo del Sistema Nacional de Seguridad P\u00fablica, al 10 de marzo se han registrado 11 feminicidios.<\/p>\n\n\n\n<p>La presidenta del Grupo de Estudios Sobre la Mujer Rosario Castellanos (<strong>GESMujer<\/strong>),<strong>&nbsp;Ang\u00e9lica Ayala Ortiz<\/strong>, ha reconocido&nbsp; que&nbsp;<strong>Oaxaca&nbsp;<\/strong>se encuentra en un estado cr\u00edtico, puesto que <a href=\"https:\/\/www.infobae.com\/mexico\/2023\/02\/28\/oaxaca-lidera-como-el-estado-con-mayor-numero-de-feminicidios-durante-primer-mes-de-2023\/\" target=\"_blank\" rel=\"noreferrer noopener\"><strong><em>ocupa el primer lugar de feminicidios a nivel nacional<\/em><\/strong><\/a>.<\/p>\n\n\n\n<p><strong>\u201cDeshonroso, lamentable e indignante primer lugar. Desafortunadamente&nbsp;Oaxaca tiene del 98 % al 100 % de impunidad en casos de feminicidios, esto manda una mala se\u00f1al de que no se sanciona al que agrede\u201d. (nota de Paola Montserrat de Infobae).<\/strong><\/p>\n\n\n\n<p><strong>\u201cOaxaca se coloc\u00f3 en la primera posici\u00f3n de feminicidios y desapariciones&nbsp;<\/strong>dejando atr\u00e1s a entidades como el Estado de M\u00e9xico, la capital del pa\u00eds y Nuevo Le\u00f3n, quienes hab\u00edan encabezado la lista en diferentes periodos\u201d.<\/p>\n\n\n\n<p>Los tres primeros meses de este&nbsp; 2023&nbsp; han sido mortales para nuestras ni\u00f1as y mujeres oaxaqaue\u00f1as. Nuestra entidad tiene el 14 % de feminicidios del pa\u00eds.<\/p>\n\n\n\n<p><strong>La periodista, influencer, hermana pero principalmente MUJER &nbsp;Martha Izquierdo,<\/strong> dos d\u00edas antes de su viaje a la ciudad de M\u00e9xico grab\u00f3 dos tiktok con el Hashtag #basta #feminicidios #salinacruz #alto. Para aquellos que no lo pudieron ver, aqu\u00ed les dejo el texto de los dos tiktok:<\/p>\n\n\n\n<p>\u201cHoy no es 8 de marzo pero tambi\u00e9n tenemos que levantar la voz en menos de 12 horas dos mujeres fueron asesinadas en el puerto de Salina Cruz, Oaxaca. Nos amanecemos con la terrible noticia de que ambas mujeres muertas y estos feminicidios se suman a los tantos en la regi\u00f3n, en el estado, en el pa\u00eds, cimbran a la sociedad. Juquila y Atenea, eran dos j\u00f3venes mujeres que realizaban sus actividades de manera cotidiana y ayer les quitaron la vida las asesinaron con violencia y no hace falta que sea 8 de marzo para levantar la voz, para que estas situaciones no se sigan repitiendo, lo he pedido una y otra vez, pero tal parece que nadie nos escucha, por eso muchas mujeres tienen que realizar acciones de pintas para que a lo mejor como respetan a los monumentos puedan respetar la vida de las mujeres y hagan algo para evitar que no las sigan matando. Atenea y Juquila, hoy forman parte del dolor que nos lacera, los feminicidios que no cesan, y antes solo pens\u00e1bamos que solo era en el resto del pa\u00eds, hoy no hay lugar en M\u00e9xico, ya sea en el norte, centro y en el sur en donde no se cometan feminicidios. Duele, duele porque le quitan la vida a un ser humano, a una mujer; Atenea era maestra de preescolar le daba mucho amor a los ni\u00f1os y su crimen fue mientras manejaba su veh\u00edculo. Juquila, vendedora de mariscos en el mercado, se encontraba en las festividades de la Agencia la Ventosa y hasta ah\u00ed llegaron y las mataron, no podemos permitir que esto siga pasando, tenemos que hacer algo para que no nos sigan faltando ni una m\u00e1s. Y no se necesita que sea 8 de marzo para levantar la voz y decir \u201cya basta\u201d de tantos feminicidios en M\u00e9xico.<\/p>\n\n\n\n<p><strong>\u201cY muchos se han de preguntar \u201cY tu qu\u00e9 haces?&#8230;<\/strong> yo quisiera en estos <strong>momentos encabezar una marcha en el puerto de Salina Cruz y exigir<\/strong> a las autoridades un alto a esta ola de violencia que est\u00e1 acabando con la vida de las mujeres , sin embargo, tengo que viajar a la ciudad de M\u00e9xico para someterme a un cateterismo, no estoy en condiciones f\u00edsicas para marchar; y no tengo el tiempo en estos momentos para ir al puerto de Salina Cruz y organizarlo. Pero desde mi trinchera alzo la voz me siento agredida tambi\u00e9n, porque no puede estar pasando esto en esta regi\u00f3n del Istmo, donde efectivamente las estad\u00edsticas demuestran los casos de feminicidios que tenemos en diversos municipios, <strong>Mat\u00edas Romero, Petapa, Ixtepec Chahuites, Juchit\u00e1n, Tapanatepec y SALINA CRUZ.<\/strong> No es posible que siga sucediendo, porque pudo ser mi hermana, mi t\u00eda, mi sobrina, mi hija &nbsp;y no podemos imaginar el dolor que significa para sus familias al perder un ser querido, mucho menos en estas condiciones violentas. As\u00ed que vamos a levantar la voz de nuestras trincheras las que puedan marchar h\u00e1galo, no dejemos que sigan siendo parte de las estad\u00edsticas, que nuestra voz se escuche para parar estos feminicidios que nos laceran, que lastiman y que ponen de manifiesto que no estamos equivocadas cuando cada a\u00f1o el 8 de marzo exigimos <strong>UN BASTA A LOS FEMINICIDIOS, QUE EXIGIMOS JUSTICIA POR LAS QUE YA NO EST\u00c1N, POR LAS MUERTAS, POR LAS DESAPARICIDAS. Hoy no dejemos que estos feminicidios solamente queden archivados, que se de con los responsables, porque solo de esta manera podemos entender que abra justicia para quienes hoy ya no est\u00e1n con nosotras\u201d.<\/strong><\/p>\n\n\n\n<p><strong>Hasta aqu\u00ed las dos grabaciones de tiktok de Martha Izquierdo<\/strong>. Nuestra querida hermana <strong>Martha<\/strong>, de no ser intervenida ma\u00f1ana martes del coraz\u00f3n, sin duda, <strong>estar\u00eda encabezando una marcha EXIGIENDO UN ALTO A LOS FEMINICIDIOS Y CONDENADA PARA AQUELLOS QUE MATAN, VIOLAN Y DESAPARECEN A LAS MUJERES.<\/strong> Desde aqu\u00ed <strong>levantamos una oraci\u00f3n<\/strong> para <strong>que nuestro Padre Jes\u00fas, <\/strong>&nbsp;guie las manos de los cirujanos cardi\u00f3logos y sea un \u00e9xito el cateterismo; y&nbsp; pronto la tengamos de regreso <strong>para encabezar esta marcha que necesita de voces como la de Martha Izquierdo y muchas voces m\u00e1s.<\/strong><\/p>\n\n\n\n<p>Por hoy es tocho. Recuerden, cuando el B\u00faho canta el indio muere. Pd.- <strong>Se\u00f1or Gobernador Salom\u00f3n Jara, <\/strong>no permita que su sexenio de gobierno, continue manch\u00e1ndose y cargando con estos feminicidios. No permita que la entidad que usted gobierna continue en estos primeros lugares de feminicidios<strong>. \u00a1No lo permita!<\/strong> Tiene que pasar del discurso a los hechos<strong>. La seguridad de sus gobernados y MUJERES usted ha dicho que es una de sus PRIORIDADES, luego entonces, gire instrucciones<\/strong> para que los responsables de esa SEGURIDAD den resultados<strong>. La ciudadan\u00eda se lo agradecer\u00e1<\/strong>.<\/p>\n\n\n\n<p><strong>La \u201ccurva de aprendizaje\u201d en materia de SEGURIDAD<\/strong>, ya coloc\u00f3 a la entidad en los primeros lugares de feminicidio. Es momento de un \u201c<strong>manotazo<\/strong>\u201d en la mesa.<\/p>\n\n\n\n<p class=\"has-text-align-center\"><strong>Esc\u00fachanos en los noticieros Heraldo Istmo. Primera y segunda edici\u00f3n<\/strong><br><strong>De 08:00 a 09:00 y de 15:00 a 16:00 horas en el 106.5 FM XHSCCK Heraldo Radio.<\/strong><br><strong>Y en Facebook Bbmnoticias Oaxaca<\/strong><br><strong>Twitter @buho_botero @bbmnoticias1<\/strong><br><a href=\"http:\/\/www.bbmnoticias.com\/labravaradiofm\"><strong>www.bbmnoticias.com\/labravaradiofm<\/strong><\/a><br><a href=\"http:\/\/www.labravaradiofm.com\"><strong>www.labravaradiofm.com<\/strong><\/a><\/p>\n","protected":false},"excerpt":{"rendered":"<p>*Un primer lugar nada honroso.*Del festejo a la cruda realidad.*2 feminicidios m\u00e1s en Salina Cruz.*La \u201ccurva de aprendizaje\u201d en seguridad \u201cya basta\u201d. Al d\u00eda siguiente del festejo de los 100 d\u00edas del gobierno que encabeza el Ing. Salom\u00f3n Jara Cruz, Oaxaca amaneci\u00f3 en el primer lugar de feminicidios en el pa\u00eds. Un primer lugar nada [&hellip;]<\/p>\n","protected":false},"author":18,"featured_media":24799,"comment_status":"closed","ping_status":"closed","sticky":false,"template":"","format":"standard","meta":{"footnotes":""},"categories":[950],"tags":[],"class_list":{"0":"post-24798","1":"post","2":"type-post","3":"status-publish","4":"format-standard","5":"has-post-thumbnail","7":"category-el-canto-del-buho"},"yoast_head":"<!-- This site is optimized with the Yoast SEO plugin v27.4 - https:\/\/yoast.com\/product\/yoast-seo-wordpress\/ -->\n<title>El Canto del B\u00faho - Pedro Botero - LA BRAVA RADIO<\/title>\n<meta name=\"robots\" content=\"index, follow, max-snippet:-1, max-image-preview:large, max-video-preview:-1\" \/>\n<link rel=\"canonical\" href=\"https:\/\/www.bbmnoticias.com\/labravaradiofm\/2023\/03\/13\/el-canto-del-buho-pedro-botero\/\" \/>\n<meta property=\"og:locale\" content=\"es_MX\" \/>\n<meta property=\"og:type\" content=\"article\" \/>\n<meta property=\"og:title\" content=\"El Canto del B\u00faho - Pedro Botero - LA BRAVA RADIO\" \/>\n<meta property=\"og:description\" content=\"*Un primer lugar nada honroso.*Del festejo a la cruda realidad.*2 feminicidios m\u00e1s en Salina Cruz.*La \u201ccurva de aprendizaje\u201d en seguridad \u201cya basta\u201d. Al d\u00eda siguiente del festejo de los 100 d\u00edas del gobierno que encabeza el Ing. Salom\u00f3n Jara Cruz, Oaxaca amaneci\u00f3 en el primer lugar de feminicidios en el pa\u00eds. Un primer lugar nada [&hellip;]\" \/>\n<meta property=\"og:url\" content=\"https:\/\/www.bbmnoticias.com\/labravaradiofm\/2023\/03\/13\/el-canto-del-buho-pedro-botero\/\" \/>\n<meta property=\"og:site_name\" content=\"LA BRAVA RADIO\" \/>\n<meta property=\"article:published_time\" content=\"2023-03-13T13:32:00+00:00\" \/>\n<meta property=\"article:modified_time\" content=\"2023-03-13T21:39:27+00:00\" \/>\n<meta property=\"og:image\" content=\"https:\/\/www.bbmnoticias.com\/labravaradiofm\/wp-content\/uploads\/sites\/5\/2023\/03\/elcanto13032023.jpg\" \/>\n\t<meta property=\"og:image:width\" content=\"650\" \/>\n\t<meta property=\"og:image:height\" content=\"360\" \/>\n\t<meta property=\"og:image:type\" content=\"image\/jpeg\" \/>\n<meta name=\"author\" content=\"Pedro Botero\" \/>\n<meta name=\"twitter:card\" content=\"summary_large_image\" \/>\n<meta name=\"twitter:label1\" content=\"Escrito por\" \/>\n\t<meta name=\"twitter:data1\" content=\"Pedro Botero\" \/>\n\t<meta name=\"twitter:label2\" content=\"Tiempo de lectura\" \/>\n\t<meta name=\"twitter:data2\" content=\"7 minutos\" \/>\n<script type=\"application\/ld+json\" class=\"yoast-schema-graph\">{\"@context\":\"https:\\\/\\\/schema.org\",\"@graph\":[{\"@type\":\"Article\",\"@id\":\"https:\\\/\\\/www.bbmnoticias.com\\\/labravaradiofm\\\/2023\\\/03\\\/13\\\/el-canto-del-buho-pedro-botero\\\/#article\",\"isPartOf\":{\"@id\":\"https:\\\/\\\/www.bbmnoticias.com\\\/labravaradiofm\\\/2023\\\/03\\\/13\\\/el-canto-del-buho-pedro-botero\\\/\"},\"author\":{\"name\":\"Pedro Botero\",\"@id\":\"https:\\\/\\\/www.bbmnoticias.com\\\/labravaradiofm\\\/#\\\/schema\\\/person\\\/b1f24ff43a407a5f7093af0d867e2717\"},\"headline\":\"El Canto del B\u00faho &#8211; Pedro Botero\",\"datePublished\":\"2023-03-13T13:32:00+00:00\",\"dateModified\":\"2023-03-13T21:39:27+00:00\",\"mainEntityOfPage\":{\"@id\":\"https:\\\/\\\/www.bbmnoticias.com\\\/labravaradiofm\\\/2023\\\/03\\\/13\\\/el-canto-del-buho-pedro-botero\\\/\"},\"wordCount\":1591,\"image\":{\"@id\":\"https:\\\/\\\/www.bbmnoticias.com\\\/labravaradiofm\\\/2023\\\/03\\\/13\\\/el-canto-del-buho-pedro-botero\\\/#primaryimage\"},\"thumbnailUrl\":\"https:\\\/\\\/www.bbmnoticias.com\\\/labravaradiofm\\\/wp-content\\\/uploads\\\/sites\\\/5\\\/2023\\\/03\\\/elcanto13032023.jpg\",\"articleSection\":[\"EL CANTO DEL B\u00daHO\"],\"inLanguage\":\"es\"},{\"@type\":\"WebPage\",\"@id\":\"https:\\\/\\\/www.bbmnoticias.com\\\/labravaradiofm\\\/2023\\\/03\\\/13\\\/el-canto-del-buho-pedro-botero\\\/\",\"url\":\"https:\\\/\\\/www.bbmnoticias.com\\\/labravaradiofm\\\/2023\\\/03\\\/13\\\/el-canto-del-buho-pedro-botero\\\/\",\"name\":\"El Canto del B\u00faho - Pedro Botero - LA BRAVA RADIO\",\"isPartOf\":{\"@id\":\"https:\\\/\\\/www.bbmnoticias.com\\\/labravaradiofm\\\/#website\"},\"primaryImageOfPage\":{\"@id\":\"https:\\\/\\\/www.bbmnoticias.com\\\/labravaradiofm\\\/2023\\\/03\\\/13\\\/el-canto-del-buho-pedro-botero\\\/#primaryimage\"},\"image\":{\"@id\":\"https:\\\/\\\/www.bbmnoticias.com\\\/labravaradiofm\\\/2023\\\/03\\\/13\\\/el-canto-del-buho-pedro-botero\\\/#primaryimage\"},\"thumbnailUrl\":\"https:\\\/\\\/www.bbmnoticias.com\\\/labravaradiofm\\\/wp-content\\\/uploads\\\/sites\\\/5\\\/2023\\\/03\\\/elcanto13032023.jpg\",\"datePublished\":\"2023-03-13T13:32:00+00:00\",\"dateModified\":\"2023-03-13T21:39:27+00:00\",\"author\":{\"@id\":\"https:\\\/\\\/www.bbmnoticias.com\\\/labravaradiofm\\\/#\\\/schema\\\/person\\\/b1f24ff43a407a5f7093af0d867e2717\"},\"breadcrumb\":{\"@id\":\"https:\\\/\\\/www.bbmnoticias.com\\\/labravaradiofm\\\/2023\\\/03\\\/13\\\/el-canto-del-buho-pedro-botero\\\/#breadcrumb\"},\"inLanguage\":\"es\",\"potentialAction\":[{\"@type\":\"ReadAction\",\"target\":[\"https:\\\/\\\/www.bbmnoticias.com\\\/labravaradiofm\\\/2023\\\/03\\\/13\\\/el-canto-del-buho-pedro-botero\\\/\"]}]},{\"@type\":\"ImageObject\",\"inLanguage\":\"es\",\"@id\":\"https:\\\/\\\/www.bbmnoticias.com\\\/labravaradiofm\\\/2023\\\/03\\\/13\\\/el-canto-del-buho-pedro-botero\\\/#primaryimage\",\"url\":\"https:\\\/\\\/www.bbmnoticias.com\\\/labravaradiofm\\\/wp-content\\\/uploads\\\/sites\\\/5\\\/2023\\\/03\\\/elcanto13032023.jpg\",\"contentUrl\":\"https:\\\/\\\/www.bbmnoticias.com\\\/labravaradiofm\\\/wp-content\\\/uploads\\\/sites\\\/5\\\/2023\\\/03\\\/elcanto13032023.jpg\",\"width\":650,\"height\":360},{\"@type\":\"BreadcrumbList\",\"@id\":\"https:\\\/\\\/www.bbmnoticias.com\\\/labravaradiofm\\\/2023\\\/03\\\/13\\\/el-canto-del-buho-pedro-botero\\\/#breadcrumb\",\"itemListElement\":[{\"@type\":\"ListItem\",\"position\":1,\"name\":\"Inicio\",\"item\":\"https:\\\/\\\/www.bbmnoticias.com\\\/labravaradiofm\\\/\"},{\"@type\":\"ListItem\",\"position\":2,\"name\":\"El Canto del B\u00faho &#8211; Pedro Botero\"}]},{\"@type\":\"WebSite\",\"@id\":\"https:\\\/\\\/www.bbmnoticias.com\\\/labravaradiofm\\\/#website\",\"url\":\"https:\\\/\\\/www.bbmnoticias.com\\\/labravaradiofm\\\/\",\"name\":\"LA BRAVA RADIO\",\"description\":\"Empresa productora de medios, Radiodifusi\u00f3n, Noticias, tendencias y todo lo que necesitas saber de la pol\u00edtica mexicana e internacional; entretenimiento, espect\u00e1culos, salud y mucho m\u00e1s.\",\"potentialAction\":[{\"@type\":\"SearchAction\",\"target\":{\"@type\":\"EntryPoint\",\"urlTemplate\":\"https:\\\/\\\/www.bbmnoticias.com\\\/labravaradiofm\\\/?s={search_term_string}\"},\"query-input\":{\"@type\":\"PropertyValueSpecification\",\"valueRequired\":true,\"valueName\":\"search_term_string\"}}],\"inLanguage\":\"es\"},{\"@type\":\"Person\",\"@id\":\"https:\\\/\\\/www.bbmnoticias.com\\\/labravaradiofm\\\/#\\\/schema\\\/person\\\/b1f24ff43a407a5f7093af0d867e2717\",\"name\":\"Pedro Botero\",\"image\":{\"@type\":\"ImageObject\",\"inLanguage\":\"es\",\"@id\":\"https:\\\/\\\/secure.gravatar.com\\\/avatar\\\/3e1604f74223697b158b4f0509f030050c1609806bd1c24b9ac5d9759b30b353?s=96&d=mm&r=g\",\"url\":\"https:\\\/\\\/secure.gravatar.com\\\/avatar\\\/3e1604f74223697b158b4f0509f030050c1609806bd1c24b9ac5d9759b30b353?s=96&d=mm&r=g\",\"contentUrl\":\"https:\\\/\\\/secure.gravatar.com\\\/avatar\\\/3e1604f74223697b158b4f0509f030050c1609806bd1c24b9ac5d9759b30b353?s=96&d=mm&r=g\",\"caption\":\"Pedro Botero\"},\"sameAs\":[\"http:\\\/\\\/www.bbmnoticias.com\"],\"url\":\"https:\\\/\\\/www.bbmnoticias.com\\\/labravaradiofm\\\/author\\\/pedrobotero\\\/\"}]}<\/script>\n<!-- \/ Yoast SEO plugin. -->","yoast_head_json":{"title":"El Canto del B\u00faho - Pedro Botero - LA BRAVA RADIO","robots":{"index":"index","follow":"follow","max-snippet":"max-snippet:-1","max-image-preview":"max-image-preview:large","max-video-preview":"max-video-preview:-1"},"canonical":"https:\/\/www.bbmnoticias.com\/labravaradiofm\/2023\/03\/13\/el-canto-del-buho-pedro-botero\/","og_locale":"es_MX","og_type":"article","og_title":"El Canto del B\u00faho - Pedro Botero - LA BRAVA RADIO","og_description":"*Un primer lugar nada honroso.*Del festejo a la cruda realidad.*2 feminicidios m\u00e1s en Salina Cruz.*La \u201ccurva de aprendizaje\u201d en seguridad \u201cya basta\u201d. Al d\u00eda siguiente del festejo de los 100 d\u00edas del gobierno que encabeza el Ing. Salom\u00f3n Jara Cruz, Oaxaca amaneci\u00f3 en el primer lugar de feminicidios en el pa\u00eds. Un primer lugar nada [&hellip;]","og_url":"https:\/\/www.bbmnoticias.com\/labravaradiofm\/2023\/03\/13\/el-canto-del-buho-pedro-botero\/","og_site_name":"LA BRAVA RADIO","article_published_time":"2023-03-13T13:32:00+00:00","article_modified_time":"2023-03-13T21:39:27+00:00","og_image":[{"width":650,"height":360,"url":"https:\/\/www.bbmnoticias.com\/labravaradiofm\/wp-content\/uploads\/sites\/5\/2023\/03\/elcanto13032023.jpg","type":"image\/jpeg"}],"author":"Pedro Botero","twitter_card":"summary_large_image","twitter_misc":{"Escrito por":"Pedro Botero","Tiempo de lectura":"7 minutos"},"schema":{"@context":"https:\/\/schema.org","@graph":[{"@type":"Article","@id":"https:\/\/www.bbmnoticias.com\/labravaradiofm\/2023\/03\/13\/el-canto-del-buho-pedro-botero\/#article","isPartOf":{"@id":"https:\/\/www.bbmnoticias.com\/labravaradiofm\/2023\/03\/13\/el-canto-del-buho-pedro-botero\/"},"author":{"name":"Pedro Botero","@id":"https:\/\/www.bbmnoticias.com\/labravaradiofm\/#\/schema\/person\/b1f24ff43a407a5f7093af0d867e2717"},"headline":"El Canto del B\u00faho &#8211; Pedro Botero","datePublished":"2023-03-13T13:32:00+00:00","dateModified":"2023-03-13T21:39:27+00:00","mainEntityOfPage":{"@id":"https:\/\/www.bbmnoticias.com\/labravaradiofm\/2023\/03\/13\/el-canto-del-buho-pedro-botero\/"},"wordCount":1591,"image":{"@id":"https:\/\/www.bbmnoticias.com\/labravaradiofm\/2023\/03\/13\/el-canto-del-buho-pedro-botero\/#primaryimage"},"thumbnailUrl":"https:\/\/www.bbmnoticias.com\/labravaradiofm\/wp-content\/uploads\/sites\/5\/2023\/03\/elcanto13032023.jpg","articleSection":["EL CANTO DEL B\u00daHO"],"inLanguage":"es"},{"@type":"WebPage","@id":"https:\/\/www.bbmnoticias.com\/labravaradiofm\/2023\/03\/13\/el-canto-del-buho-pedro-botero\/","url":"https:\/\/www.bbmnoticias.com\/labravaradiofm\/2023\/03\/13\/el-canto-del-buho-pedro-botero\/","name":"El Canto del B\u00faho - Pedro Botero - LA BRAVA RADIO","isPartOf":{"@id":"https:\/\/www.bbmnoticias.com\/labravaradiofm\/#website"},"primaryImageOfPage":{"@id":"https:\/\/www.bbmnoticias.com\/labravaradiofm\/2023\/03\/13\/el-canto-del-buho-pedro-botero\/#primaryimage"},"image":{"@id":"https:\/\/www.bbmnoticias.com\/labravaradiofm\/2023\/03\/13\/el-canto-del-buho-pedro-botero\/#primaryimage"},"thumbnailUrl":"https:\/\/www.bbmnoticias.com\/labravaradiofm\/wp-content\/uploads\/sites\/5\/2023\/03\/elcanto13032023.jpg","datePublished":"2023-03-13T13:32:00+00:00","dateModified":"2023-03-13T21:39:27+00:00","author":{"@id":"https:\/\/www.bbmnoticias.com\/labravaradiofm\/#\/schema\/person\/b1f24ff43a407a5f7093af0d867e2717"},"breadcrumb":{"@id":"https:\/\/www.bbmnoticias.com\/labravaradiofm\/2023\/03\/13\/el-canto-del-buho-pedro-botero\/#breadcrumb"},"inLanguage":"es","potentialAction":[{"@type":"ReadAction","target":["https:\/\/www.bbmnoticias.com\/labravaradiofm\/2023\/03\/13\/el-canto-del-buho-pedro-botero\/"]}]},{"@type":"ImageObject","inLanguage":"es","@id":"https:\/\/www.bbmnoticias.com\/labravaradiofm\/2023\/03\/13\/el-canto-del-buho-pedro-botero\/#primaryimage","url":"https:\/\/www.bbmnoticias.com\/labravaradiofm\/wp-content\/uploads\/sites\/5\/2023\/03\/elcanto13032023.jpg","contentUrl":"https:\/\/www.bbmnoticias.com\/labravaradiofm\/wp-content\/uploads\/sites\/5\/2023\/03\/elcanto13032023.jpg","width":650,"height":360},{"@type":"BreadcrumbList","@id":"https:\/\/www.bbmnoticias.com\/labravaradiofm\/2023\/03\/13\/el-canto-del-buho-pedro-botero\/#breadcrumb","itemListElement":[{"@type":"ListItem","position":1,"name":"Inicio","item":"https:\/\/www.bbmnoticias.com\/labravaradiofm\/"},{"@type":"ListItem","position":2,"name":"El Canto del B\u00faho &#8211; Pedro Botero"}]},{"@type":"WebSite","@id":"https:\/\/www.bbmnoticias.com\/labravaradiofm\/#website","url":"https:\/\/www.bbmnoticias.com\/labravaradiofm\/","name":"LA BRAVA RADIO","description":"Empresa productora de medios, Radiodifusi\u00f3n, Noticias, tendencias y todo lo que necesitas saber de la pol\u00edtica mexicana e internacional; entretenimiento, espect\u00e1culos, salud y mucho m\u00e1s.","potentialAction":[{"@type":"SearchAction","target":{"@type":"EntryPoint","urlTemplate":"https:\/\/www.bbmnoticias.com\/labravaradiofm\/?s={search_term_string}"},"query-input":{"@type":"PropertyValueSpecification","valueRequired":true,"valueName":"search_term_string"}}],"inLanguage":"es"},{"@type":"Person","@id":"https:\/\/www.bbmnoticias.com\/labravaradiofm\/#\/schema\/person\/b1f24ff43a407a5f7093af0d867e2717","name":"Pedro Botero","image":{"@type":"ImageObject","inLanguage":"es","@id":"https:\/\/secure.gravatar.com\/avatar\/3e1604f74223697b158b4f0509f030050c1609806bd1c24b9ac5d9759b30b353?s=96&d=mm&r=g","url":"https:\/\/secure.gravatar.com\/avatar\/3e1604f74223697b158b4f0509f030050c1609806bd1c24b9ac5d9759b30b353?s=96&d=mm&r=g","contentUrl":"https:\/\/secure.gravatar.com\/avatar\/3e1604f74223697b158b4f0509f030050c1609806bd1c24b9ac5d9759b30b353?s=96&d=mm&r=g","caption":"Pedro Botero"},"sameAs":["http:\/\/www.bbmnoticias.com"],"url":"https:\/\/www.bbmnoticias.com\/labravaradiofm\/author\/pedrobotero\/"}]}},"_links":{"self":[{"href":"https:\/\/www.bbmnoticias.com\/labravaradiofm\/wp-json\/wp\/v2\/posts\/24798","targetHints":{"allow":["GET"]}}],"collection":[{"href":"https:\/\/www.bbmnoticias.com\/labravaradiofm\/wp-json\/wp\/v2\/posts"}],"about":[{"href":"https:\/\/www.bbmnoticias.com\/labravaradiofm\/wp-json\/wp\/v2\/types\/post"}],"author":[{"embeddable":true,"href":"https:\/\/www.bbmnoticias.com\/labravaradiofm\/wp-json\/wp\/v2\/users\/18"}],"replies":[{"embeddable":true,"href":"https:\/\/www.bbmnoticias.com\/labravaradiofm\/wp-json\/wp\/v2\/comments?post=24798"}],"version-history":[{"count":0,"href":"https:\/\/www.bbmnoticias.com\/labravaradiofm\/wp-json\/wp\/v2\/posts\/24798\/revisions"}],"wp:featuredmedia":[{"embeddable":true,"href":"https:\/\/www.bbmnoticias.com\/labravaradiofm\/wp-json\/wp\/v2\/media\/24799"}],"wp:attachment":[{"href":"https:\/\/www.bbmnoticias.com\/labravaradiofm\/wp-json\/wp\/v2\/media?parent=24798"}],"wp:term":[{"taxonomy":"category","embeddable":true,"href":"https:\/\/www.bbmnoticias.com\/labravaradiofm\/wp-json\/wp\/v2\/categories?post=24798"},{"taxonomy":"post_tag","embeddable":true,"href":"https:\/\/www.bbmnoticias.com\/labravaradiofm\/wp-json\/wp\/v2\/tags?post=24798"}],"curies":[{"name":"wp","href":"https:\/\/api.w.org\/{rel}","templated":true}]}}