{"id":24313,"date":"2023-03-09T11:59:07","date_gmt":"2023-03-09T17:59:07","guid":{"rendered":"https:\/\/www.bbmnoticias.com\/labravaradiofm\/?p=24313"},"modified":"2023-03-09T11:59:07","modified_gmt":"2023-03-09T17:59:07","slug":"tribunal-ordena-restituir-a-edmundo-jacobo-molina-como-secretario-ejecutivo-del-ine","status":"publish","type":"post","link":"https:\/\/www.bbmnoticias.com\/labravaradiofm\/2023\/03\/09\/tribunal-ordena-restituir-a-edmundo-jacobo-molina-como-secretario-ejecutivo-del-ine\/","title":{"rendered":"Tribunal ordena restituir a Edmundo Jacobo Molina como secretario ejecutivo del INE"},"content":{"rendered":"<div style=\"margin-top: 0px; margin-bottom: 0px;\" class=\"sharethis-inline-share-buttons\" ><\/div>\n<p>Debido a que fue electo para el periodo 2020-2026, un tribunal en materia administrativa orden\u00f3 la restituci\u00f3n de <strong>Edmundo Jacobo Molina<\/strong>, en la Secretar\u00eda Ejecutiva del Instituto Nacional Electoral (<strong>INE<\/strong>), cargo del que fue destituido tras la entrada en vigor de la segunda parte de la reforma electoral.<\/p>\n\n\n\n<p>En sesi\u00f3n extraordinaria virtual, el Noveno Tribunal Colegiado en Materia Administrativa de la Ciudad de M\u00e9xico otorg\u00f3 a Molina una <strong>suspensi\u00f3n contra la destituci\u00f3n del cargo<\/strong>, prevista en el llamado <strong>Plan B de la reforma electoral<\/strong>.<\/p>\n\n\n\n<p>Entre las razones que los magistrados expresaron para conceder la medida cautelar al funcionario electoral, est\u00e1n que<strong> no existe motivo para cesarlo<\/strong>, pues fue electo para el periodo 2020-2026.<\/p>\n\n\n\n<p>Al momento de la entrada en vigor de la segunda parte del Plan B, Edmundo Jacobo \u201c<strong>contaba con un nombramiento <\/strong>que no hab\u00eda fenecido y el cese de sus funciones no deriva de un procedimiento administrativo por indebido desempe\u00f1o, sino deviene de una reforma del \u00a0ente legislativo, luego entonces estos dos argumentos son m\u00e1s que suficientes para revestir el buen derecho\u201d, coment\u00f3 el magistrado Edwin Garc\u00eda Baeza.<\/p>\n\n\n\n<h2 class=\"wp-block-heading\">No hay raz\u00f3n para remover a Edmundo Jacobo de su cargo: magistrada<\/h2>\n\n\n\n<p>La magistrada Carolina Isabel Alcal\u00e1 Valenzuela, quien propuso otorgar la suspensi\u00f3n a Edmundo Jacobo, expuso que no hubo ninguna raz\u00f3n, como alg\u00fan dictamen, que demeritara sus conocimientos y experiencia en el cargo, para remover al <strong>Secretario Ejecutivo del INE<\/strong>, m\u00e1s que lo establecido en la reforma electoral, que se\u00f1ala que deb\u00eda designarse a otra persona, lo que sucedi\u00f3 el 3 de marzo.<\/p>\n\n\n\n<p>\u201cNo se advierte una raz\u00f3n por la que el cambio de facultades justifique que se terminan anticipadamente la titularidad del nombramiento que se hab\u00eda venido ejerciendo por la persona aqu\u00ed quejosa (Edmundo Jacobo Molina), como pudiera ser la instauraci\u00f3n de alg\u00fan procedimiento o alg\u00fan dictamen valorativo que demerite sus conocimientos y experiencia, sino que \u00fanicamente se establece que habr\u00e1 de designarse a una persona diversa, lo cual ocurri\u00f3 el tres de marzo\u201d, se\u00f1al\u00f3.<\/p>\n","protected":false},"excerpt":{"rendered":"<p>Debido a que fue electo para el periodo 2020-2026, un tribunal en materia administrativa orden\u00f3 la restituci\u00f3n de Edmundo Jacobo Molina, en la Secretar\u00eda Ejecutiva del Instituto Nacional Electoral (INE), cargo del que fue destituido tras la entrada en vigor de la segunda parte de la reforma electoral. En sesi\u00f3n extraordinaria virtual, el Noveno Tribunal [&hellip;]<\/p>\n","protected":false},"author":2,"featured_media":24314,"comment_status":"closed","ping_status":"closed","sticky":false,"template":"","format":"standard","meta":{"footnotes":""},"categories":[19],"tags":[],"class_list":{"0":"post-24313","1":"post","2":"type-post","3":"status-publish","4":"format-standard","5":"has-post-thumbnail","7":"category-nacional"},"yoast_head":"<!-- This site is optimized with the Yoast SEO plugin v27.4 - https:\/\/yoast.com\/product\/yoast-seo-wordpress\/ -->\n<title>Tribunal ordena restituir a Edmundo Jacobo Molina como secretario ejecutivo del INE - LA BRAVA RADIO<\/title>\n<meta name=\"robots\" content=\"index, follow, max-snippet:-1, max-image-preview:large, max-video-preview:-1\" \/>\n<link rel=\"canonical\" href=\"https:\/\/www.bbmnoticias.com\/labravaradiofm\/2023\/03\/09\/tribunal-ordena-restituir-a-edmundo-jacobo-molina-como-secretario-ejecutivo-del-ine\/\" \/>\n<meta property=\"og:locale\" content=\"es_MX\" \/>\n<meta property=\"og:type\" content=\"article\" \/>\n<meta property=\"og:title\" content=\"Tribunal ordena restituir a Edmundo Jacobo Molina como secretario ejecutivo del INE - LA BRAVA RADIO\" \/>\n<meta property=\"og:description\" content=\"Debido a que fue electo para el periodo 2020-2026, un tribunal en materia administrativa orden\u00f3 la restituci\u00f3n de Edmundo Jacobo Molina, en la Secretar\u00eda Ejecutiva del Instituto Nacional Electoral (INE), cargo del que fue destituido tras la entrada en vigor de la segunda parte de la reforma electoral. En sesi\u00f3n extraordinaria virtual, el Noveno Tribunal [&hellip;]\" \/>\n<meta property=\"og:url\" content=\"https:\/\/www.bbmnoticias.com\/labravaradiofm\/2023\/03\/09\/tribunal-ordena-restituir-a-edmundo-jacobo-molina-como-secretario-ejecutivo-del-ine\/\" \/>\n<meta property=\"og:site_name\" content=\"LA BRAVA RADIO\" \/>\n<meta property=\"article:published_time\" content=\"2023-03-09T17:59:07+00:00\" \/>\n<meta property=\"og:image\" content=\"https:\/\/www.bbmnoticias.com\/labravaradiofm\/wp-content\/uploads\/sites\/5\/2023\/03\/edmundo-jacobo-restitucion.jpeg\" \/>\n\t<meta property=\"og:image:width\" content=\"1201\" \/>\n\t<meta property=\"og:image:height\" content=\"740\" \/>\n\t<meta property=\"og:image:type\" content=\"image\/jpeg\" \/>\n<meta name=\"author\" content=\"Staff\" \/>\n<meta name=\"twitter:card\" content=\"summary_large_image\" \/>\n<meta name=\"twitter:label1\" content=\"Escrito por\" \/>\n\t<meta name=\"twitter:data1\" content=\"Staff\" \/>\n\t<meta name=\"twitter:label2\" content=\"Tiempo de lectura\" \/>\n\t<meta name=\"twitter:data2\" content=\"2 minutos\" \/>\n<script type=\"application\/ld+json\" class=\"yoast-schema-graph\">{\"@context\":\"https:\\\/\\\/schema.org\",\"@graph\":[{\"@type\":\"Article\",\"@id\":\"https:\\\/\\\/www.bbmnoticias.com\\\/labravaradiofm\\\/2023\\\/03\\\/09\\\/tribunal-ordena-restituir-a-edmundo-jacobo-molina-como-secretario-ejecutivo-del-ine\\\/#article\",\"isPartOf\":{\"@id\":\"https:\\\/\\\/www.bbmnoticias.com\\\/labravaradiofm\\\/2023\\\/03\\\/09\\\/tribunal-ordena-restituir-a-edmundo-jacobo-molina-como-secretario-ejecutivo-del-ine\\\/\"},\"author\":{\"name\":\"Staff\",\"@id\":\"https:\\\/\\\/www.bbmnoticias.com\\\/labravaradiofm\\\/#\\\/schema\\\/person\\\/68a9e9036ef3c5b55aeb2b71dc8bab45\"},\"headline\":\"Tribunal ordena restituir a Edmundo Jacobo Molina como secretario ejecutivo del INE\",\"datePublished\":\"2023-03-09T17:59:07+00:00\",\"mainEntityOfPage\":{\"@id\":\"https:\\\/\\\/www.bbmnoticias.com\\\/labravaradiofm\\\/2023\\\/03\\\/09\\\/tribunal-ordena-restituir-a-edmundo-jacobo-molina-como-secretario-ejecutivo-del-ine\\\/\"},\"wordCount\":362,\"image\":{\"@id\":\"https:\\\/\\\/www.bbmnoticias.com\\\/labravaradiofm\\\/2023\\\/03\\\/09\\\/tribunal-ordena-restituir-a-edmundo-jacobo-molina-como-secretario-ejecutivo-del-ine\\\/#primaryimage\"},\"thumbnailUrl\":\"https:\\\/\\\/www.bbmnoticias.com\\\/labravaradiofm\\\/wp-content\\\/uploads\\\/sites\\\/5\\\/2023\\\/03\\\/edmundo-jacobo-restitucion.jpeg\",\"articleSection\":[\"NACIONAL\"],\"inLanguage\":\"es\"},{\"@type\":\"WebPage\",\"@id\":\"https:\\\/\\\/www.bbmnoticias.com\\\/labravaradiofm\\\/2023\\\/03\\\/09\\\/tribunal-ordena-restituir-a-edmundo-jacobo-molina-como-secretario-ejecutivo-del-ine\\\/\",\"url\":\"https:\\\/\\\/www.bbmnoticias.com\\\/labravaradiofm\\\/2023\\\/03\\\/09\\\/tribunal-ordena-restituir-a-edmundo-jacobo-molina-como-secretario-ejecutivo-del-ine\\\/\",\"name\":\"Tribunal ordena restituir a Edmundo Jacobo Molina como secretario ejecutivo del INE - LA BRAVA RADIO\",\"isPartOf\":{\"@id\":\"https:\\\/\\\/www.bbmnoticias.com\\\/labravaradiofm\\\/#website\"},\"primaryImageOfPage\":{\"@id\":\"https:\\\/\\\/www.bbmnoticias.com\\\/labravaradiofm\\\/2023\\\/03\\\/09\\\/tribunal-ordena-restituir-a-edmundo-jacobo-molina-como-secretario-ejecutivo-del-ine\\\/#primaryimage\"},\"image\":{\"@id\":\"https:\\\/\\\/www.bbmnoticias.com\\\/labravaradiofm\\\/2023\\\/03\\\/09\\\/tribunal-ordena-restituir-a-edmundo-jacobo-molina-como-secretario-ejecutivo-del-ine\\\/#primaryimage\"},\"thumbnailUrl\":\"https:\\\/\\\/www.bbmnoticias.com\\\/labravaradiofm\\\/wp-content\\\/uploads\\\/sites\\\/5\\\/2023\\\/03\\\/edmundo-jacobo-restitucion.jpeg\",\"datePublished\":\"2023-03-09T17:59:07+00:00\",\"author\":{\"@id\":\"https:\\\/\\\/www.bbmnoticias.com\\\/labravaradiofm\\\/#\\\/schema\\\/person\\\/68a9e9036ef3c5b55aeb2b71dc8bab45\"},\"breadcrumb\":{\"@id\":\"https:\\\/\\\/www.bbmnoticias.com\\\/labravaradiofm\\\/2023\\\/03\\\/09\\\/tribunal-ordena-restituir-a-edmundo-jacobo-molina-como-secretario-ejecutivo-del-ine\\\/#breadcrumb\"},\"inLanguage\":\"es\",\"potentialAction\":[{\"@type\":\"ReadAction\",\"target\":[\"https:\\\/\\\/www.bbmnoticias.com\\\/labravaradiofm\\\/2023\\\/03\\\/09\\\/tribunal-ordena-restituir-a-edmundo-jacobo-molina-como-secretario-ejecutivo-del-ine\\\/\"]}]},{\"@type\":\"ImageObject\",\"inLanguage\":\"es\",\"@id\":\"https:\\\/\\\/www.bbmnoticias.com\\\/labravaradiofm\\\/2023\\\/03\\\/09\\\/tribunal-ordena-restituir-a-edmundo-jacobo-molina-como-secretario-ejecutivo-del-ine\\\/#primaryimage\",\"url\":\"https:\\\/\\\/www.bbmnoticias.com\\\/labravaradiofm\\\/wp-content\\\/uploads\\\/sites\\\/5\\\/2023\\\/03\\\/edmundo-jacobo-restitucion.jpeg\",\"contentUrl\":\"https:\\\/\\\/www.bbmnoticias.com\\\/labravaradiofm\\\/wp-content\\\/uploads\\\/sites\\\/5\\\/2023\\\/03\\\/edmundo-jacobo-restitucion.jpeg\",\"width\":1201,\"height\":740},{\"@type\":\"BreadcrumbList\",\"@id\":\"https:\\\/\\\/www.bbmnoticias.com\\\/labravaradiofm\\\/2023\\\/03\\\/09\\\/tribunal-ordena-restituir-a-edmundo-jacobo-molina-como-secretario-ejecutivo-del-ine\\\/#breadcrumb\",\"itemListElement\":[{\"@type\":\"ListItem\",\"position\":1,\"name\":\"Inicio\",\"item\":\"https:\\\/\\\/www.bbmnoticias.com\\\/labravaradiofm\\\/\"},{\"@type\":\"ListItem\",\"position\":2,\"name\":\"Tribunal ordena restituir a Edmundo Jacobo Molina como secretario ejecutivo del INE\"}]},{\"@type\":\"WebSite\",\"@id\":\"https:\\\/\\\/www.bbmnoticias.com\\\/labravaradiofm\\\/#website\",\"url\":\"https:\\\/\\\/www.bbmnoticias.com\\\/labravaradiofm\\\/\",\"name\":\"LA BRAVA RADIO\",\"description\":\"Empresa productora de medios, Radiodifusi\u00f3n, Noticias, tendencias y todo lo que necesitas saber de la pol\u00edtica mexicana e internacional; entretenimiento, espect\u00e1culos, salud y mucho m\u00e1s.\",\"potentialAction\":[{\"@type\":\"SearchAction\",\"target\":{\"@type\":\"EntryPoint\",\"urlTemplate\":\"https:\\\/\\\/www.bbmnoticias.com\\\/labravaradiofm\\\/?s={search_term_string}\"},\"query-input\":{\"@type\":\"PropertyValueSpecification\",\"valueRequired\":true,\"valueName\":\"search_term_string\"}}],\"inLanguage\":\"es\"},{\"@type\":\"Person\",\"@id\":\"https:\\\/\\\/www.bbmnoticias.com\\\/labravaradiofm\\\/#\\\/schema\\\/person\\\/68a9e9036ef3c5b55aeb2b71dc8bab45\",\"name\":\"Staff\",\"image\":{\"@type\":\"ImageObject\",\"inLanguage\":\"es\",\"@id\":\"https:\\\/\\\/secure.gravatar.com\\\/avatar\\\/fdd21ad66fd8b98c407f9dee5b5e588cfe7f0d8579ec20fa6527cd59bab7f0f0?s=96&d=mm&r=g\",\"url\":\"https:\\\/\\\/secure.gravatar.com\\\/avatar\\\/fdd21ad66fd8b98c407f9dee5b5e588cfe7f0d8579ec20fa6527cd59bab7f0f0?s=96&d=mm&r=g\",\"contentUrl\":\"https:\\\/\\\/secure.gravatar.com\\\/avatar\\\/fdd21ad66fd8b98c407f9dee5b5e588cfe7f0d8579ec20fa6527cd59bab7f0f0?s=96&d=mm&r=g\",\"caption\":\"Staff\"},\"url\":\"https:\\\/\\\/www.bbmnoticias.com\\\/labravaradiofm\\\/author\\\/redaccion\\\/\"}]}<\/script>\n<!-- \/ Yoast SEO plugin. -->","yoast_head_json":{"title":"Tribunal ordena restituir a Edmundo Jacobo Molina como secretario ejecutivo del INE - LA BRAVA RADIO","robots":{"index":"index","follow":"follow","max-snippet":"max-snippet:-1","max-image-preview":"max-image-preview:large","max-video-preview":"max-video-preview:-1"},"canonical":"https:\/\/www.bbmnoticias.com\/labravaradiofm\/2023\/03\/09\/tribunal-ordena-restituir-a-edmundo-jacobo-molina-como-secretario-ejecutivo-del-ine\/","og_locale":"es_MX","og_type":"article","og_title":"Tribunal ordena restituir a Edmundo Jacobo Molina como secretario ejecutivo del INE - LA BRAVA RADIO","og_description":"Debido a que fue electo para el periodo 2020-2026, un tribunal en materia administrativa orden\u00f3 la restituci\u00f3n de Edmundo Jacobo Molina, en la Secretar\u00eda Ejecutiva del Instituto Nacional Electoral (INE), cargo del que fue destituido tras la entrada en vigor de la segunda parte de la reforma electoral. En sesi\u00f3n extraordinaria virtual, el Noveno Tribunal [&hellip;]","og_url":"https:\/\/www.bbmnoticias.com\/labravaradiofm\/2023\/03\/09\/tribunal-ordena-restituir-a-edmundo-jacobo-molina-como-secretario-ejecutivo-del-ine\/","og_site_name":"LA BRAVA RADIO","article_published_time":"2023-03-09T17:59:07+00:00","og_image":[{"width":1201,"height":740,"url":"https:\/\/www.bbmnoticias.com\/labravaradiofm\/wp-content\/uploads\/sites\/5\/2023\/03\/edmundo-jacobo-restitucion.jpeg","type":"image\/jpeg"}],"author":"Staff","twitter_card":"summary_large_image","twitter_misc":{"Escrito por":"Staff","Tiempo de lectura":"2 minutos"},"schema":{"@context":"https:\/\/schema.org","@graph":[{"@type":"Article","@id":"https:\/\/www.bbmnoticias.com\/labravaradiofm\/2023\/03\/09\/tribunal-ordena-restituir-a-edmundo-jacobo-molina-como-secretario-ejecutivo-del-ine\/#article","isPartOf":{"@id":"https:\/\/www.bbmnoticias.com\/labravaradiofm\/2023\/03\/09\/tribunal-ordena-restituir-a-edmundo-jacobo-molina-como-secretario-ejecutivo-del-ine\/"},"author":{"name":"Staff","@id":"https:\/\/www.bbmnoticias.com\/labravaradiofm\/#\/schema\/person\/68a9e9036ef3c5b55aeb2b71dc8bab45"},"headline":"Tribunal ordena restituir a Edmundo Jacobo Molina como secretario ejecutivo del INE","datePublished":"2023-03-09T17:59:07+00:00","mainEntityOfPage":{"@id":"https:\/\/www.bbmnoticias.com\/labravaradiofm\/2023\/03\/09\/tribunal-ordena-restituir-a-edmundo-jacobo-molina-como-secretario-ejecutivo-del-ine\/"},"wordCount":362,"image":{"@id":"https:\/\/www.bbmnoticias.com\/labravaradiofm\/2023\/03\/09\/tribunal-ordena-restituir-a-edmundo-jacobo-molina-como-secretario-ejecutivo-del-ine\/#primaryimage"},"thumbnailUrl":"https:\/\/www.bbmnoticias.com\/labravaradiofm\/wp-content\/uploads\/sites\/5\/2023\/03\/edmundo-jacobo-restitucion.jpeg","articleSection":["NACIONAL"],"inLanguage":"es"},{"@type":"WebPage","@id":"https:\/\/www.bbmnoticias.com\/labravaradiofm\/2023\/03\/09\/tribunal-ordena-restituir-a-edmundo-jacobo-molina-como-secretario-ejecutivo-del-ine\/","url":"https:\/\/www.bbmnoticias.com\/labravaradiofm\/2023\/03\/09\/tribunal-ordena-restituir-a-edmundo-jacobo-molina-como-secretario-ejecutivo-del-ine\/","name":"Tribunal ordena restituir a Edmundo Jacobo Molina como secretario ejecutivo del INE - LA BRAVA RADIO","isPartOf":{"@id":"https:\/\/www.bbmnoticias.com\/labravaradiofm\/#website"},"primaryImageOfPage":{"@id":"https:\/\/www.bbmnoticias.com\/labravaradiofm\/2023\/03\/09\/tribunal-ordena-restituir-a-edmundo-jacobo-molina-como-secretario-ejecutivo-del-ine\/#primaryimage"},"image":{"@id":"https:\/\/www.bbmnoticias.com\/labravaradiofm\/2023\/03\/09\/tribunal-ordena-restituir-a-edmundo-jacobo-molina-como-secretario-ejecutivo-del-ine\/#primaryimage"},"thumbnailUrl":"https:\/\/www.bbmnoticias.com\/labravaradiofm\/wp-content\/uploads\/sites\/5\/2023\/03\/edmundo-jacobo-restitucion.jpeg","datePublished":"2023-03-09T17:59:07+00:00","author":{"@id":"https:\/\/www.bbmnoticias.com\/labravaradiofm\/#\/schema\/person\/68a9e9036ef3c5b55aeb2b71dc8bab45"},"breadcrumb":{"@id":"https:\/\/www.bbmnoticias.com\/labravaradiofm\/2023\/03\/09\/tribunal-ordena-restituir-a-edmundo-jacobo-molina-como-secretario-ejecutivo-del-ine\/#breadcrumb"},"inLanguage":"es","potentialAction":[{"@type":"ReadAction","target":["https:\/\/www.bbmnoticias.com\/labravaradiofm\/2023\/03\/09\/tribunal-ordena-restituir-a-edmundo-jacobo-molina-como-secretario-ejecutivo-del-ine\/"]}]},{"@type":"ImageObject","inLanguage":"es","@id":"https:\/\/www.bbmnoticias.com\/labravaradiofm\/2023\/03\/09\/tribunal-ordena-restituir-a-edmundo-jacobo-molina-como-secretario-ejecutivo-del-ine\/#primaryimage","url":"https:\/\/www.bbmnoticias.com\/labravaradiofm\/wp-content\/uploads\/sites\/5\/2023\/03\/edmundo-jacobo-restitucion.jpeg","contentUrl":"https:\/\/www.bbmnoticias.com\/labravaradiofm\/wp-content\/uploads\/sites\/5\/2023\/03\/edmundo-jacobo-restitucion.jpeg","width":1201,"height":740},{"@type":"BreadcrumbList","@id":"https:\/\/www.bbmnoticias.com\/labravaradiofm\/2023\/03\/09\/tribunal-ordena-restituir-a-edmundo-jacobo-molina-como-secretario-ejecutivo-del-ine\/#breadcrumb","itemListElement":[{"@type":"ListItem","position":1,"name":"Inicio","item":"https:\/\/www.bbmnoticias.com\/labravaradiofm\/"},{"@type":"ListItem","position":2,"name":"Tribunal ordena restituir a Edmundo Jacobo Molina como secretario ejecutivo del INE"}]},{"@type":"WebSite","@id":"https:\/\/www.bbmnoticias.com\/labravaradiofm\/#website","url":"https:\/\/www.bbmnoticias.com\/labravaradiofm\/","name":"LA BRAVA RADIO","description":"Empresa productora de medios, Radiodifusi\u00f3n, Noticias, tendencias y todo lo que necesitas saber de la pol\u00edtica mexicana e internacional; entretenimiento, espect\u00e1culos, salud y mucho m\u00e1s.","potentialAction":[{"@type":"SearchAction","target":{"@type":"EntryPoint","urlTemplate":"https:\/\/www.bbmnoticias.com\/labravaradiofm\/?s={search_term_string}"},"query-input":{"@type":"PropertyValueSpecification","valueRequired":true,"valueName":"search_term_string"}}],"inLanguage":"es"},{"@type":"Person","@id":"https:\/\/www.bbmnoticias.com\/labravaradiofm\/#\/schema\/person\/68a9e9036ef3c5b55aeb2b71dc8bab45","name":"Staff","image":{"@type":"ImageObject","inLanguage":"es","@id":"https:\/\/secure.gravatar.com\/avatar\/fdd21ad66fd8b98c407f9dee5b5e588cfe7f0d8579ec20fa6527cd59bab7f0f0?s=96&d=mm&r=g","url":"https:\/\/secure.gravatar.com\/avatar\/fdd21ad66fd8b98c407f9dee5b5e588cfe7f0d8579ec20fa6527cd59bab7f0f0?s=96&d=mm&r=g","contentUrl":"https:\/\/secure.gravatar.com\/avatar\/fdd21ad66fd8b98c407f9dee5b5e588cfe7f0d8579ec20fa6527cd59bab7f0f0?s=96&d=mm&r=g","caption":"Staff"},"url":"https:\/\/www.bbmnoticias.com\/labravaradiofm\/author\/redaccion\/"}]}},"_links":{"self":[{"href":"https:\/\/www.bbmnoticias.com\/labravaradiofm\/wp-json\/wp\/v2\/posts\/24313","targetHints":{"allow":["GET"]}}],"collection":[{"href":"https:\/\/www.bbmnoticias.com\/labravaradiofm\/wp-json\/wp\/v2\/posts"}],"about":[{"href":"https:\/\/www.bbmnoticias.com\/labravaradiofm\/wp-json\/wp\/v2\/types\/post"}],"author":[{"embeddable":true,"href":"https:\/\/www.bbmnoticias.com\/labravaradiofm\/wp-json\/wp\/v2\/users\/2"}],"replies":[{"embeddable":true,"href":"https:\/\/www.bbmnoticias.com\/labravaradiofm\/wp-json\/wp\/v2\/comments?post=24313"}],"version-history":[{"count":0,"href":"https:\/\/www.bbmnoticias.com\/labravaradiofm\/wp-json\/wp\/v2\/posts\/24313\/revisions"}],"wp:featuredmedia":[{"embeddable":true,"href":"https:\/\/www.bbmnoticias.com\/labravaradiofm\/wp-json\/wp\/v2\/media\/24314"}],"wp:attachment":[{"href":"https:\/\/www.bbmnoticias.com\/labravaradiofm\/wp-json\/wp\/v2\/media?parent=24313"}],"wp:term":[{"taxonomy":"category","embeddable":true,"href":"https:\/\/www.bbmnoticias.com\/labravaradiofm\/wp-json\/wp\/v2\/categories?post=24313"},{"taxonomy":"post_tag","embeddable":true,"href":"https:\/\/www.bbmnoticias.com\/labravaradiofm\/wp-json\/wp\/v2\/tags?post=24313"}],"curies":[{"name":"wp","href":"https:\/\/api.w.org\/{rel}","templated":true}]}}