{"id":24282,"date":"2023-03-08T14:16:28","date_gmt":"2023-03-08T20:16:28","guid":{"rendered":"https:\/\/www.bbmnoticias.com\/labravaradiofm\/?p=24282"},"modified":"2023-03-08T15:53:47","modified_gmt":"2023-03-08T21:53:47","slug":"recrimina-la-seccion-22-relacion-entre-titular-de-la-sego-y-ulises-ruiz-ortiz","status":"publish","type":"post","link":"https:\/\/www.bbmnoticias.com\/labravaradiofm\/2023\/03\/08\/recrimina-la-seccion-22-relacion-entre-titular-de-la-sego-y-ulises-ruiz-ortiz\/","title":{"rendered":"Recrimina la Secci\u00f3n 22, relaci\u00f3n entre titular de la Sego y Ulises Ruiz Ortiz"},"content":{"rendered":"<div style=\"margin-top: 0px; margin-bottom: 0px;\" class=\"sharethis-inline-share-buttons\" ><\/div>\n<p><strong>Oaxaca, Oax.- <\/strong>Maestras de la Secci\u00f3n 22 de la Coordinadora Nacional de Trabajadores de la Educaci\u00f3n (CNTE) denunciaron al titular de la Secretar\u00eda de Gobierno (Sego), Jes\u00fas Romero L\u00f3pez, de su relaci\u00f3n con el exgobernador de Oaxaca, Ulises Ruiz Ortiz.<\/p>\n\n\n\n<p>En el marco de su mitin, luego de la marcha por el D\u00eda Internacional de la Mujer, las docentes se\u00f1alaron que la Secci\u00f3n 22 de la CNTE no olvida la reprensi\u00f3n y vejaci\u00f3n de la que fueron v\u00edctimas por el &#8220;Carnicero de Chalcatongo&#8221;.<\/p>\n\n\n\n<p>En ese sentido, se exigieron al gobernador, Salom\u00f3n Jara Cruz, que revise a sus funcionarios, luego que dijeron que Jes\u00fas Romero favorece los intereses del exgobernador.<\/p>\n\n\n\n<p>Indicaron que seguir\u00e1n con la demanda de justicia, luego que en el 2006, muchas maestras fueron v\u00edctimas de represi\u00f3n.<\/p>\n\n\n\n<p>Asimismo, pidieron a la administraci\u00f3n de Salom\u00f3n Jara, garantice la seguridad en las mujeres, as\u00ed como justicia a las fallecidas.<\/p>\n\n\n\n<p>Es de se\u00f1alar que durante el mensaje, tambi\u00e9n algunas maestras recriminaron a la dirigencia anterior de Eloy L\u00f3pez Hern\u00e1ndez por temas de machismo.<\/p>\n\n\n\n<p>Las maestras marcharon del Monumento a la Madre al z\u00f3calo capitalino.<\/p>\n","protected":false},"excerpt":{"rendered":"<p>Oaxaca, Oax.- Maestras de la Secci\u00f3n 22 de la Coordinadora Nacional de Trabajadores de la Educaci\u00f3n (CNTE) denunciaron al titular de la Secretar\u00eda de Gobierno (Sego), Jes\u00fas Romero L\u00f3pez, de su relaci\u00f3n con el exgobernador de Oaxaca, Ulises Ruiz Ortiz. En el marco de su mitin, luego de la marcha por el D\u00eda Internacional de [&hellip;]<\/p>\n","protected":false},"author":7,"featured_media":24283,"comment_status":"closed","ping_status":"closed","sticky":false,"template":"","format":"standard","meta":{"footnotes":""},"categories":[2],"tags":[],"class_list":{"0":"post-24282","1":"post","2":"type-post","3":"status-publish","4":"format-standard","5":"has-post-thumbnail","7":"category-oaxaca"},"yoast_head":"<!-- This site is optimized with the Yoast SEO plugin v27.4 - https:\/\/yoast.com\/product\/yoast-seo-wordpress\/ -->\n<title>Recrimina la Secci\u00f3n 22, relaci\u00f3n entre titular de la Sego y Ulises Ruiz Ortiz - LA BRAVA RADIO<\/title>\n<meta name=\"robots\" content=\"index, follow, max-snippet:-1, max-image-preview:large, max-video-preview:-1\" \/>\n<link rel=\"canonical\" href=\"https:\/\/www.bbmnoticias.com\/labravaradiofm\/2023\/03\/08\/recrimina-la-seccion-22-relacion-entre-titular-de-la-sego-y-ulises-ruiz-ortiz\/\" \/>\n<meta property=\"og:locale\" content=\"es_MX\" \/>\n<meta property=\"og:type\" content=\"article\" \/>\n<meta property=\"og:title\" content=\"Recrimina la Secci\u00f3n 22, relaci\u00f3n entre titular de la Sego y Ulises Ruiz Ortiz - LA BRAVA RADIO\" \/>\n<meta property=\"og:description\" content=\"Oaxaca, Oax.- Maestras de la Secci\u00f3n 22 de la Coordinadora Nacional de Trabajadores de la Educaci\u00f3n (CNTE) denunciaron al titular de la Secretar\u00eda de Gobierno (Sego), Jes\u00fas Romero L\u00f3pez, de su relaci\u00f3n con el exgobernador de Oaxaca, Ulises Ruiz Ortiz. En el marco de su mitin, luego de la marcha por el D\u00eda Internacional de [&hellip;]\" \/>\n<meta property=\"og:url\" content=\"https:\/\/www.bbmnoticias.com\/labravaradiofm\/2023\/03\/08\/recrimina-la-seccion-22-relacion-entre-titular-de-la-sego-y-ulises-ruiz-ortiz\/\" \/>\n<meta property=\"og:site_name\" content=\"LA BRAVA RADIO\" \/>\n<meta property=\"article:published_time\" content=\"2023-03-08T20:16:28+00:00\" \/>\n<meta property=\"article:modified_time\" content=\"2023-03-08T21:53:47+00:00\" \/>\n<meta property=\"og:image\" content=\"https:\/\/www.bbmnoticias.com\/labravaradiofm\/wp-content\/uploads\/sites\/5\/2023\/03\/seccion22-mitin.jpg\" \/>\n\t<meta property=\"og:image:width\" content=\"680\" \/>\n\t<meta property=\"og:image:height\" content=\"352\" \/>\n\t<meta property=\"og:image:type\" content=\"image\/jpeg\" \/>\n<meta name=\"author\" content=\"Cuarta Plana\" \/>\n<meta name=\"twitter:card\" content=\"summary_large_image\" \/>\n<meta name=\"twitter:label1\" content=\"Escrito por\" \/>\n\t<meta name=\"twitter:data1\" content=\"Cuarta Plana\" \/>\n\t<meta name=\"twitter:label2\" content=\"Tiempo de lectura\" \/>\n\t<meta name=\"twitter:data2\" content=\"1 minuto\" \/>\n<script type=\"application\/ld+json\" class=\"yoast-schema-graph\">{\"@context\":\"https:\\\/\\\/schema.org\",\"@graph\":[{\"@type\":\"Article\",\"@id\":\"https:\\\/\\\/www.bbmnoticias.com\\\/labravaradiofm\\\/2023\\\/03\\\/08\\\/recrimina-la-seccion-22-relacion-entre-titular-de-la-sego-y-ulises-ruiz-ortiz\\\/#article\",\"isPartOf\":{\"@id\":\"https:\\\/\\\/www.bbmnoticias.com\\\/labravaradiofm\\\/2023\\\/03\\\/08\\\/recrimina-la-seccion-22-relacion-entre-titular-de-la-sego-y-ulises-ruiz-ortiz\\\/\"},\"author\":{\"name\":\"Cuarta Plana\",\"@id\":\"https:\\\/\\\/www.bbmnoticias.com\\\/labravaradiofm\\\/#\\\/schema\\\/person\\\/7d786f9fa529105f958c4791d75455f1\"},\"headline\":\"Recrimina la Secci\u00f3n 22, relaci\u00f3n entre titular de la Sego y Ulises Ruiz Ortiz\",\"datePublished\":\"2023-03-08T20:16:28+00:00\",\"dateModified\":\"2023-03-08T21:53:47+00:00\",\"mainEntityOfPage\":{\"@id\":\"https:\\\/\\\/www.bbmnoticias.com\\\/labravaradiofm\\\/2023\\\/03\\\/08\\\/recrimina-la-seccion-22-relacion-entre-titular-de-la-sego-y-ulises-ruiz-ortiz\\\/\"},\"wordCount\":219,\"image\":{\"@id\":\"https:\\\/\\\/www.bbmnoticias.com\\\/labravaradiofm\\\/2023\\\/03\\\/08\\\/recrimina-la-seccion-22-relacion-entre-titular-de-la-sego-y-ulises-ruiz-ortiz\\\/#primaryimage\"},\"thumbnailUrl\":\"https:\\\/\\\/www.bbmnoticias.com\\\/labravaradiofm\\\/wp-content\\\/uploads\\\/sites\\\/5\\\/2023\\\/03\\\/seccion22-mitin.jpg\",\"articleSection\":[\"LOCAL\"],\"inLanguage\":\"es\"},{\"@type\":\"WebPage\",\"@id\":\"https:\\\/\\\/www.bbmnoticias.com\\\/labravaradiofm\\\/2023\\\/03\\\/08\\\/recrimina-la-seccion-22-relacion-entre-titular-de-la-sego-y-ulises-ruiz-ortiz\\\/\",\"url\":\"https:\\\/\\\/www.bbmnoticias.com\\\/labravaradiofm\\\/2023\\\/03\\\/08\\\/recrimina-la-seccion-22-relacion-entre-titular-de-la-sego-y-ulises-ruiz-ortiz\\\/\",\"name\":\"Recrimina la Secci\u00f3n 22, relaci\u00f3n entre titular de la Sego y Ulises Ruiz Ortiz - LA BRAVA RADIO\",\"isPartOf\":{\"@id\":\"https:\\\/\\\/www.bbmnoticias.com\\\/labravaradiofm\\\/#website\"},\"primaryImageOfPage\":{\"@id\":\"https:\\\/\\\/www.bbmnoticias.com\\\/labravaradiofm\\\/2023\\\/03\\\/08\\\/recrimina-la-seccion-22-relacion-entre-titular-de-la-sego-y-ulises-ruiz-ortiz\\\/#primaryimage\"},\"image\":{\"@id\":\"https:\\\/\\\/www.bbmnoticias.com\\\/labravaradiofm\\\/2023\\\/03\\\/08\\\/recrimina-la-seccion-22-relacion-entre-titular-de-la-sego-y-ulises-ruiz-ortiz\\\/#primaryimage\"},\"thumbnailUrl\":\"https:\\\/\\\/www.bbmnoticias.com\\\/labravaradiofm\\\/wp-content\\\/uploads\\\/sites\\\/5\\\/2023\\\/03\\\/seccion22-mitin.jpg\",\"datePublished\":\"2023-03-08T20:16:28+00:00\",\"dateModified\":\"2023-03-08T21:53:47+00:00\",\"author\":{\"@id\":\"https:\\\/\\\/www.bbmnoticias.com\\\/labravaradiofm\\\/#\\\/schema\\\/person\\\/7d786f9fa529105f958c4791d75455f1\"},\"breadcrumb\":{\"@id\":\"https:\\\/\\\/www.bbmnoticias.com\\\/labravaradiofm\\\/2023\\\/03\\\/08\\\/recrimina-la-seccion-22-relacion-entre-titular-de-la-sego-y-ulises-ruiz-ortiz\\\/#breadcrumb\"},\"inLanguage\":\"es\",\"potentialAction\":[{\"@type\":\"ReadAction\",\"target\":[\"https:\\\/\\\/www.bbmnoticias.com\\\/labravaradiofm\\\/2023\\\/03\\\/08\\\/recrimina-la-seccion-22-relacion-entre-titular-de-la-sego-y-ulises-ruiz-ortiz\\\/\"]}]},{\"@type\":\"ImageObject\",\"inLanguage\":\"es\",\"@id\":\"https:\\\/\\\/www.bbmnoticias.com\\\/labravaradiofm\\\/2023\\\/03\\\/08\\\/recrimina-la-seccion-22-relacion-entre-titular-de-la-sego-y-ulises-ruiz-ortiz\\\/#primaryimage\",\"url\":\"https:\\\/\\\/www.bbmnoticias.com\\\/labravaradiofm\\\/wp-content\\\/uploads\\\/sites\\\/5\\\/2023\\\/03\\\/seccion22-mitin.jpg\",\"contentUrl\":\"https:\\\/\\\/www.bbmnoticias.com\\\/labravaradiofm\\\/wp-content\\\/uploads\\\/sites\\\/5\\\/2023\\\/03\\\/seccion22-mitin.jpg\",\"width\":680,\"height\":352},{\"@type\":\"BreadcrumbList\",\"@id\":\"https:\\\/\\\/www.bbmnoticias.com\\\/labravaradiofm\\\/2023\\\/03\\\/08\\\/recrimina-la-seccion-22-relacion-entre-titular-de-la-sego-y-ulises-ruiz-ortiz\\\/#breadcrumb\",\"itemListElement\":[{\"@type\":\"ListItem\",\"position\":1,\"name\":\"Inicio\",\"item\":\"https:\\\/\\\/www.bbmnoticias.com\\\/labravaradiofm\\\/\"},{\"@type\":\"ListItem\",\"position\":2,\"name\":\"Recrimina la Secci\u00f3n 22, relaci\u00f3n entre titular de la Sego y Ulises Ruiz Ortiz\"}]},{\"@type\":\"WebSite\",\"@id\":\"https:\\\/\\\/www.bbmnoticias.com\\\/labravaradiofm\\\/#website\",\"url\":\"https:\\\/\\\/www.bbmnoticias.com\\\/labravaradiofm\\\/\",\"name\":\"LA BRAVA RADIO\",\"description\":\"Empresa productora de medios, Radiodifusi\u00f3n, Noticias, tendencias y todo lo que necesitas saber de la pol\u00edtica mexicana e internacional; entretenimiento, espect\u00e1culos, salud y mucho m\u00e1s.\",\"potentialAction\":[{\"@type\":\"SearchAction\",\"target\":{\"@type\":\"EntryPoint\",\"urlTemplate\":\"https:\\\/\\\/www.bbmnoticias.com\\\/labravaradiofm\\\/?s={search_term_string}\"},\"query-input\":{\"@type\":\"PropertyValueSpecification\",\"valueRequired\":true,\"valueName\":\"search_term_string\"}}],\"inLanguage\":\"es\"},{\"@type\":\"Person\",\"@id\":\"https:\\\/\\\/www.bbmnoticias.com\\\/labravaradiofm\\\/#\\\/schema\\\/person\\\/7d786f9fa529105f958c4791d75455f1\",\"name\":\"Cuarta Plana\",\"image\":{\"@type\":\"ImageObject\",\"inLanguage\":\"es\",\"@id\":\"https:\\\/\\\/secure.gravatar.com\\\/avatar\\\/569aeac3582b4864a79ffcd8468ada657f9c0cbf68c06542116f60dfa8c3c2d7?s=96&d=mm&r=g\",\"url\":\"https:\\\/\\\/secure.gravatar.com\\\/avatar\\\/569aeac3582b4864a79ffcd8468ada657f9c0cbf68c06542116f60dfa8c3c2d7?s=96&d=mm&r=g\",\"contentUrl\":\"https:\\\/\\\/secure.gravatar.com\\\/avatar\\\/569aeac3582b4864a79ffcd8468ada657f9c0cbf68c06542116f60dfa8c3c2d7?s=96&d=mm&r=g\",\"caption\":\"Cuarta Plana\"},\"url\":\"https:\\\/\\\/www.bbmnoticias.com\\\/labravaradiofm\\\/author\\\/cuartaplana\\\/\"}]}<\/script>\n<!-- \/ Yoast SEO plugin. -->","yoast_head_json":{"title":"Recrimina la Secci\u00f3n 22, relaci\u00f3n entre titular de la Sego y Ulises Ruiz Ortiz - LA BRAVA RADIO","robots":{"index":"index","follow":"follow","max-snippet":"max-snippet:-1","max-image-preview":"max-image-preview:large","max-video-preview":"max-video-preview:-1"},"canonical":"https:\/\/www.bbmnoticias.com\/labravaradiofm\/2023\/03\/08\/recrimina-la-seccion-22-relacion-entre-titular-de-la-sego-y-ulises-ruiz-ortiz\/","og_locale":"es_MX","og_type":"article","og_title":"Recrimina la Secci\u00f3n 22, relaci\u00f3n entre titular de la Sego y Ulises Ruiz Ortiz - LA BRAVA RADIO","og_description":"Oaxaca, Oax.- Maestras de la Secci\u00f3n 22 de la Coordinadora Nacional de Trabajadores de la Educaci\u00f3n (CNTE) denunciaron al titular de la Secretar\u00eda de Gobierno (Sego), Jes\u00fas Romero L\u00f3pez, de su relaci\u00f3n con el exgobernador de Oaxaca, Ulises Ruiz Ortiz. En el marco de su mitin, luego de la marcha por el D\u00eda Internacional de [&hellip;]","og_url":"https:\/\/www.bbmnoticias.com\/labravaradiofm\/2023\/03\/08\/recrimina-la-seccion-22-relacion-entre-titular-de-la-sego-y-ulises-ruiz-ortiz\/","og_site_name":"LA BRAVA RADIO","article_published_time":"2023-03-08T20:16:28+00:00","article_modified_time":"2023-03-08T21:53:47+00:00","og_image":[{"width":680,"height":352,"url":"https:\/\/www.bbmnoticias.com\/labravaradiofm\/wp-content\/uploads\/sites\/5\/2023\/03\/seccion22-mitin.jpg","type":"image\/jpeg"}],"author":"Cuarta Plana","twitter_card":"summary_large_image","twitter_misc":{"Escrito por":"Cuarta Plana","Tiempo de lectura":"1 minuto"},"schema":{"@context":"https:\/\/schema.org","@graph":[{"@type":"Article","@id":"https:\/\/www.bbmnoticias.com\/labravaradiofm\/2023\/03\/08\/recrimina-la-seccion-22-relacion-entre-titular-de-la-sego-y-ulises-ruiz-ortiz\/#article","isPartOf":{"@id":"https:\/\/www.bbmnoticias.com\/labravaradiofm\/2023\/03\/08\/recrimina-la-seccion-22-relacion-entre-titular-de-la-sego-y-ulises-ruiz-ortiz\/"},"author":{"name":"Cuarta Plana","@id":"https:\/\/www.bbmnoticias.com\/labravaradiofm\/#\/schema\/person\/7d786f9fa529105f958c4791d75455f1"},"headline":"Recrimina la Secci\u00f3n 22, relaci\u00f3n entre titular de la Sego y Ulises Ruiz Ortiz","datePublished":"2023-03-08T20:16:28+00:00","dateModified":"2023-03-08T21:53:47+00:00","mainEntityOfPage":{"@id":"https:\/\/www.bbmnoticias.com\/labravaradiofm\/2023\/03\/08\/recrimina-la-seccion-22-relacion-entre-titular-de-la-sego-y-ulises-ruiz-ortiz\/"},"wordCount":219,"image":{"@id":"https:\/\/www.bbmnoticias.com\/labravaradiofm\/2023\/03\/08\/recrimina-la-seccion-22-relacion-entre-titular-de-la-sego-y-ulises-ruiz-ortiz\/#primaryimage"},"thumbnailUrl":"https:\/\/www.bbmnoticias.com\/labravaradiofm\/wp-content\/uploads\/sites\/5\/2023\/03\/seccion22-mitin.jpg","articleSection":["LOCAL"],"inLanguage":"es"},{"@type":"WebPage","@id":"https:\/\/www.bbmnoticias.com\/labravaradiofm\/2023\/03\/08\/recrimina-la-seccion-22-relacion-entre-titular-de-la-sego-y-ulises-ruiz-ortiz\/","url":"https:\/\/www.bbmnoticias.com\/labravaradiofm\/2023\/03\/08\/recrimina-la-seccion-22-relacion-entre-titular-de-la-sego-y-ulises-ruiz-ortiz\/","name":"Recrimina la Secci\u00f3n 22, relaci\u00f3n entre titular de la Sego y Ulises Ruiz Ortiz - LA BRAVA RADIO","isPartOf":{"@id":"https:\/\/www.bbmnoticias.com\/labravaradiofm\/#website"},"primaryImageOfPage":{"@id":"https:\/\/www.bbmnoticias.com\/labravaradiofm\/2023\/03\/08\/recrimina-la-seccion-22-relacion-entre-titular-de-la-sego-y-ulises-ruiz-ortiz\/#primaryimage"},"image":{"@id":"https:\/\/www.bbmnoticias.com\/labravaradiofm\/2023\/03\/08\/recrimina-la-seccion-22-relacion-entre-titular-de-la-sego-y-ulises-ruiz-ortiz\/#primaryimage"},"thumbnailUrl":"https:\/\/www.bbmnoticias.com\/labravaradiofm\/wp-content\/uploads\/sites\/5\/2023\/03\/seccion22-mitin.jpg","datePublished":"2023-03-08T20:16:28+00:00","dateModified":"2023-03-08T21:53:47+00:00","author":{"@id":"https:\/\/www.bbmnoticias.com\/labravaradiofm\/#\/schema\/person\/7d786f9fa529105f958c4791d75455f1"},"breadcrumb":{"@id":"https:\/\/www.bbmnoticias.com\/labravaradiofm\/2023\/03\/08\/recrimina-la-seccion-22-relacion-entre-titular-de-la-sego-y-ulises-ruiz-ortiz\/#breadcrumb"},"inLanguage":"es","potentialAction":[{"@type":"ReadAction","target":["https:\/\/www.bbmnoticias.com\/labravaradiofm\/2023\/03\/08\/recrimina-la-seccion-22-relacion-entre-titular-de-la-sego-y-ulises-ruiz-ortiz\/"]}]},{"@type":"ImageObject","inLanguage":"es","@id":"https:\/\/www.bbmnoticias.com\/labravaradiofm\/2023\/03\/08\/recrimina-la-seccion-22-relacion-entre-titular-de-la-sego-y-ulises-ruiz-ortiz\/#primaryimage","url":"https:\/\/www.bbmnoticias.com\/labravaradiofm\/wp-content\/uploads\/sites\/5\/2023\/03\/seccion22-mitin.jpg","contentUrl":"https:\/\/www.bbmnoticias.com\/labravaradiofm\/wp-content\/uploads\/sites\/5\/2023\/03\/seccion22-mitin.jpg","width":680,"height":352},{"@type":"BreadcrumbList","@id":"https:\/\/www.bbmnoticias.com\/labravaradiofm\/2023\/03\/08\/recrimina-la-seccion-22-relacion-entre-titular-de-la-sego-y-ulises-ruiz-ortiz\/#breadcrumb","itemListElement":[{"@type":"ListItem","position":1,"name":"Inicio","item":"https:\/\/www.bbmnoticias.com\/labravaradiofm\/"},{"@type":"ListItem","position":2,"name":"Recrimina la Secci\u00f3n 22, relaci\u00f3n entre titular de la Sego y Ulises Ruiz Ortiz"}]},{"@type":"WebSite","@id":"https:\/\/www.bbmnoticias.com\/labravaradiofm\/#website","url":"https:\/\/www.bbmnoticias.com\/labravaradiofm\/","name":"LA BRAVA RADIO","description":"Empresa productora de medios, Radiodifusi\u00f3n, Noticias, tendencias y todo lo que necesitas saber de la pol\u00edtica mexicana e internacional; entretenimiento, espect\u00e1culos, salud y mucho m\u00e1s.","potentialAction":[{"@type":"SearchAction","target":{"@type":"EntryPoint","urlTemplate":"https:\/\/www.bbmnoticias.com\/labravaradiofm\/?s={search_term_string}"},"query-input":{"@type":"PropertyValueSpecification","valueRequired":true,"valueName":"search_term_string"}}],"inLanguage":"es"},{"@type":"Person","@id":"https:\/\/www.bbmnoticias.com\/labravaradiofm\/#\/schema\/person\/7d786f9fa529105f958c4791d75455f1","name":"Cuarta Plana","image":{"@type":"ImageObject","inLanguage":"es","@id":"https:\/\/secure.gravatar.com\/avatar\/569aeac3582b4864a79ffcd8468ada657f9c0cbf68c06542116f60dfa8c3c2d7?s=96&d=mm&r=g","url":"https:\/\/secure.gravatar.com\/avatar\/569aeac3582b4864a79ffcd8468ada657f9c0cbf68c06542116f60dfa8c3c2d7?s=96&d=mm&r=g","contentUrl":"https:\/\/secure.gravatar.com\/avatar\/569aeac3582b4864a79ffcd8468ada657f9c0cbf68c06542116f60dfa8c3c2d7?s=96&d=mm&r=g","caption":"Cuarta Plana"},"url":"https:\/\/www.bbmnoticias.com\/labravaradiofm\/author\/cuartaplana\/"}]}},"_links":{"self":[{"href":"https:\/\/www.bbmnoticias.com\/labravaradiofm\/wp-json\/wp\/v2\/posts\/24282","targetHints":{"allow":["GET"]}}],"collection":[{"href":"https:\/\/www.bbmnoticias.com\/labravaradiofm\/wp-json\/wp\/v2\/posts"}],"about":[{"href":"https:\/\/www.bbmnoticias.com\/labravaradiofm\/wp-json\/wp\/v2\/types\/post"}],"author":[{"embeddable":true,"href":"https:\/\/www.bbmnoticias.com\/labravaradiofm\/wp-json\/wp\/v2\/users\/7"}],"replies":[{"embeddable":true,"href":"https:\/\/www.bbmnoticias.com\/labravaradiofm\/wp-json\/wp\/v2\/comments?post=24282"}],"version-history":[{"count":0,"href":"https:\/\/www.bbmnoticias.com\/labravaradiofm\/wp-json\/wp\/v2\/posts\/24282\/revisions"}],"wp:featuredmedia":[{"embeddable":true,"href":"https:\/\/www.bbmnoticias.com\/labravaradiofm\/wp-json\/wp\/v2\/media\/24283"}],"wp:attachment":[{"href":"https:\/\/www.bbmnoticias.com\/labravaradiofm\/wp-json\/wp\/v2\/media?parent=24282"}],"wp:term":[{"taxonomy":"category","embeddable":true,"href":"https:\/\/www.bbmnoticias.com\/labravaradiofm\/wp-json\/wp\/v2\/categories?post=24282"},{"taxonomy":"post_tag","embeddable":true,"href":"https:\/\/www.bbmnoticias.com\/labravaradiofm\/wp-json\/wp\/v2\/tags?post=24282"}],"curies":[{"name":"wp","href":"https:\/\/api.w.org\/{rel}","templated":true}]}}