{"id":24279,"date":"2023-03-08T12:45:11","date_gmt":"2023-03-08T18:45:11","guid":{"rendered":"https:\/\/www.bbmnoticias.com\/labravaradiofm\/?p=24279"},"modified":"2023-03-08T12:45:12","modified_gmt":"2023-03-08T18:45:12","slug":"fortalece-imss-oaxaca-sus-servicios-a-traves-de-su-personal-femenino","status":"publish","type":"post","link":"https:\/\/www.bbmnoticias.com\/labravaradiofm\/2023\/03\/08\/fortalece-imss-oaxaca-sus-servicios-a-traves-de-su-personal-femenino\/","title":{"rendered":"Fortalece IMSS Oaxaca sus servicios a trav\u00e9s de su personal femenino"},"content":{"rendered":"<div style=\"margin-top: 0px; margin-bottom: 0px;\" class=\"sharethis-inline-share-buttons\" ><\/div>\n<p>En el marco del D\u00eda Internacional de la Mujer, que se conmemora el 8 de marzo, el Instituto Mexicano del Seguro Social (IMSS) en Oaxaca reconoce el gran trabajo que realiza su personal en oficinas administrativas, Unidades de Medicina Familiar (UMF) y hospitales.<\/p>\n\n\n\n<p>A lo largo de los a\u00f1os, el IMSS ha trabajado en favor de las mujeres, con el fin de otorgar m\u00e1s espacios y garantizar sus derechos y oportunidades, alcanzando la igualdad de g\u00e9nero dentro de la instituci\u00f3n de salud.<\/p>\n\n\n\n<p>De acuerdo con la titular de la Jefatura de Servicios de Desarrollo de Personal, Senorina Castro Moreno, la representaci\u00f3n est\u00e1 conformada por 4 mil 349 mujeres entre el R\u00e9gimen Ordinario y el Programa IMSS-BIENESTAR; y 1 mil 346, que se encuentran en los listados de bolsa de trabajo para cubrir ausentismo programado y no programado (591 en listado de sustitutos IMSS-Ordinario y 755 en listado de sustitutos de IMSS-BIENESTAR), sumando un total de 5 mil 695 mujeres, quienes d\u00eda a d\u00eda entregan lo mejor de s\u00ed para ofrecer un trato digno a la poblaci\u00f3n derechohabiente.<\/p>\n\n\n\n<p>Coment\u00f3 que el IMSS trabaja para fomentar el liderazgo del personal femenino dentro de los diferentes centros de trabajo, con el objetivo de que todas las voces sean escuchadas y tomadas en cuenta, lo que permite crear un entorno de igualdad de oportunidades.<\/p>\n\n\n\n<p>Asimismo, Castro Moreno expres\u00f3 que todav\u00eda falta mucho por trabajar y lograr que las brechas de desigualdad desaparezcan para garantizar su seguridad, su desarrollo y profesionalismo en los diferentes espacios donde ejercen sus labores.<\/p>\n\n\n\n<p>El IMSS en Oaxaca reconoce el gran trabajo y desempe\u00f1o con el que realizan sus actividades las mujeres en diversas \u00e1reas de la instituci\u00f3n.<\/p>\n","protected":false},"excerpt":{"rendered":"<p>En el marco del D\u00eda Internacional de la Mujer, que se conmemora el 8 de marzo, el Instituto Mexicano del Seguro Social (IMSS) en Oaxaca reconoce el gran trabajo que realiza su personal en oficinas administrativas, Unidades de Medicina Familiar (UMF) y hospitales. A lo largo de los a\u00f1os, el IMSS ha trabajado en favor [&hellip;]<\/p>\n","protected":false},"author":2,"featured_media":24280,"comment_status":"closed","ping_status":"closed","sticky":false,"template":"","format":"standard","meta":{"footnotes":""},"categories":[2],"tags":[],"class_list":{"0":"post-24279","1":"post","2":"type-post","3":"status-publish","4":"format-standard","5":"has-post-thumbnail","7":"category-oaxaca"},"yoast_head":"<!-- This site is optimized with the Yoast SEO plugin v27.4 - https:\/\/yoast.com\/product\/yoast-seo-wordpress\/ -->\n<title>Fortalece IMSS Oaxaca sus servicios a trav\u00e9s de su personal femenino - LA BRAVA RADIO<\/title>\n<meta name=\"robots\" content=\"index, follow, max-snippet:-1, max-image-preview:large, max-video-preview:-1\" \/>\n<link rel=\"canonical\" href=\"https:\/\/www.bbmnoticias.com\/labravaradiofm\/2023\/03\/08\/fortalece-imss-oaxaca-sus-servicios-a-traves-de-su-personal-femenino\/\" \/>\n<meta property=\"og:locale\" content=\"es_MX\" \/>\n<meta property=\"og:type\" content=\"article\" \/>\n<meta property=\"og:title\" content=\"Fortalece IMSS Oaxaca sus servicios a trav\u00e9s de su personal femenino - LA BRAVA RADIO\" \/>\n<meta property=\"og:description\" content=\"En el marco del D\u00eda Internacional de la Mujer, que se conmemora el 8 de marzo, el Instituto Mexicano del Seguro Social (IMSS) en Oaxaca reconoce el gran trabajo que realiza su personal en oficinas administrativas, Unidades de Medicina Familiar (UMF) y hospitales. A lo largo de los a\u00f1os, el IMSS ha trabajado en favor [&hellip;]\" \/>\n<meta property=\"og:url\" content=\"https:\/\/www.bbmnoticias.com\/labravaradiofm\/2023\/03\/08\/fortalece-imss-oaxaca-sus-servicios-a-traves-de-su-personal-femenino\/\" \/>\n<meta property=\"og:site_name\" content=\"LA BRAVA RADIO\" \/>\n<meta property=\"article:published_time\" content=\"2023-03-08T18:45:11+00:00\" \/>\n<meta property=\"article:modified_time\" content=\"2023-03-08T18:45:12+00:00\" \/>\n<meta property=\"og:image\" content=\"https:\/\/www.bbmnoticias.com\/labravaradiofm\/wp-content\/uploads\/sites\/5\/2023\/03\/l06032023-5.jpeg\" \/>\n\t<meta property=\"og:image:width\" content=\"1280\" \/>\n\t<meta property=\"og:image:height\" content=\"749\" \/>\n\t<meta property=\"og:image:type\" content=\"image\/jpeg\" \/>\n<meta name=\"author\" content=\"Staff\" \/>\n<meta name=\"twitter:card\" content=\"summary_large_image\" \/>\n<meta name=\"twitter:label1\" content=\"Escrito por\" \/>\n\t<meta name=\"twitter:data1\" content=\"Staff\" \/>\n\t<meta name=\"twitter:label2\" content=\"Tiempo de lectura\" \/>\n\t<meta name=\"twitter:data2\" content=\"2 minutos\" \/>\n<script type=\"application\/ld+json\" class=\"yoast-schema-graph\">{\"@context\":\"https:\\\/\\\/schema.org\",\"@graph\":[{\"@type\":\"Article\",\"@id\":\"https:\\\/\\\/www.bbmnoticias.com\\\/labravaradiofm\\\/2023\\\/03\\\/08\\\/fortalece-imss-oaxaca-sus-servicios-a-traves-de-su-personal-femenino\\\/#article\",\"isPartOf\":{\"@id\":\"https:\\\/\\\/www.bbmnoticias.com\\\/labravaradiofm\\\/2023\\\/03\\\/08\\\/fortalece-imss-oaxaca-sus-servicios-a-traves-de-su-personal-femenino\\\/\"},\"author\":{\"name\":\"Staff\",\"@id\":\"https:\\\/\\\/www.bbmnoticias.com\\\/labravaradiofm\\\/#\\\/schema\\\/person\\\/68a9e9036ef3c5b55aeb2b71dc8bab45\"},\"headline\":\"Fortalece IMSS Oaxaca sus servicios a trav\u00e9s de su personal femenino\",\"datePublished\":\"2023-03-08T18:45:11+00:00\",\"dateModified\":\"2023-03-08T18:45:12+00:00\",\"mainEntityOfPage\":{\"@id\":\"https:\\\/\\\/www.bbmnoticias.com\\\/labravaradiofm\\\/2023\\\/03\\\/08\\\/fortalece-imss-oaxaca-sus-servicios-a-traves-de-su-personal-femenino\\\/\"},\"wordCount\":294,\"image\":{\"@id\":\"https:\\\/\\\/www.bbmnoticias.com\\\/labravaradiofm\\\/2023\\\/03\\\/08\\\/fortalece-imss-oaxaca-sus-servicios-a-traves-de-su-personal-femenino\\\/#primaryimage\"},\"thumbnailUrl\":\"https:\\\/\\\/www.bbmnoticias.com\\\/labravaradiofm\\\/wp-content\\\/uploads\\\/sites\\\/5\\\/2023\\\/03\\\/l06032023-5.jpeg\",\"articleSection\":[\"LOCAL\"],\"inLanguage\":\"es\"},{\"@type\":\"WebPage\",\"@id\":\"https:\\\/\\\/www.bbmnoticias.com\\\/labravaradiofm\\\/2023\\\/03\\\/08\\\/fortalece-imss-oaxaca-sus-servicios-a-traves-de-su-personal-femenino\\\/\",\"url\":\"https:\\\/\\\/www.bbmnoticias.com\\\/labravaradiofm\\\/2023\\\/03\\\/08\\\/fortalece-imss-oaxaca-sus-servicios-a-traves-de-su-personal-femenino\\\/\",\"name\":\"Fortalece IMSS Oaxaca sus servicios a trav\u00e9s de su personal femenino - LA BRAVA RADIO\",\"isPartOf\":{\"@id\":\"https:\\\/\\\/www.bbmnoticias.com\\\/labravaradiofm\\\/#website\"},\"primaryImageOfPage\":{\"@id\":\"https:\\\/\\\/www.bbmnoticias.com\\\/labravaradiofm\\\/2023\\\/03\\\/08\\\/fortalece-imss-oaxaca-sus-servicios-a-traves-de-su-personal-femenino\\\/#primaryimage\"},\"image\":{\"@id\":\"https:\\\/\\\/www.bbmnoticias.com\\\/labravaradiofm\\\/2023\\\/03\\\/08\\\/fortalece-imss-oaxaca-sus-servicios-a-traves-de-su-personal-femenino\\\/#primaryimage\"},\"thumbnailUrl\":\"https:\\\/\\\/www.bbmnoticias.com\\\/labravaradiofm\\\/wp-content\\\/uploads\\\/sites\\\/5\\\/2023\\\/03\\\/l06032023-5.jpeg\",\"datePublished\":\"2023-03-08T18:45:11+00:00\",\"dateModified\":\"2023-03-08T18:45:12+00:00\",\"author\":{\"@id\":\"https:\\\/\\\/www.bbmnoticias.com\\\/labravaradiofm\\\/#\\\/schema\\\/person\\\/68a9e9036ef3c5b55aeb2b71dc8bab45\"},\"breadcrumb\":{\"@id\":\"https:\\\/\\\/www.bbmnoticias.com\\\/labravaradiofm\\\/2023\\\/03\\\/08\\\/fortalece-imss-oaxaca-sus-servicios-a-traves-de-su-personal-femenino\\\/#breadcrumb\"},\"inLanguage\":\"es\",\"potentialAction\":[{\"@type\":\"ReadAction\",\"target\":[\"https:\\\/\\\/www.bbmnoticias.com\\\/labravaradiofm\\\/2023\\\/03\\\/08\\\/fortalece-imss-oaxaca-sus-servicios-a-traves-de-su-personal-femenino\\\/\"]}]},{\"@type\":\"ImageObject\",\"inLanguage\":\"es\",\"@id\":\"https:\\\/\\\/www.bbmnoticias.com\\\/labravaradiofm\\\/2023\\\/03\\\/08\\\/fortalece-imss-oaxaca-sus-servicios-a-traves-de-su-personal-femenino\\\/#primaryimage\",\"url\":\"https:\\\/\\\/www.bbmnoticias.com\\\/labravaradiofm\\\/wp-content\\\/uploads\\\/sites\\\/5\\\/2023\\\/03\\\/l06032023-5.jpeg\",\"contentUrl\":\"https:\\\/\\\/www.bbmnoticias.com\\\/labravaradiofm\\\/wp-content\\\/uploads\\\/sites\\\/5\\\/2023\\\/03\\\/l06032023-5.jpeg\",\"width\":1280,\"height\":749},{\"@type\":\"BreadcrumbList\",\"@id\":\"https:\\\/\\\/www.bbmnoticias.com\\\/labravaradiofm\\\/2023\\\/03\\\/08\\\/fortalece-imss-oaxaca-sus-servicios-a-traves-de-su-personal-femenino\\\/#breadcrumb\",\"itemListElement\":[{\"@type\":\"ListItem\",\"position\":1,\"name\":\"Inicio\",\"item\":\"https:\\\/\\\/www.bbmnoticias.com\\\/labravaradiofm\\\/\"},{\"@type\":\"ListItem\",\"position\":2,\"name\":\"Fortalece IMSS Oaxaca sus servicios a trav\u00e9s de su personal femenino\"}]},{\"@type\":\"WebSite\",\"@id\":\"https:\\\/\\\/www.bbmnoticias.com\\\/labravaradiofm\\\/#website\",\"url\":\"https:\\\/\\\/www.bbmnoticias.com\\\/labravaradiofm\\\/\",\"name\":\"LA BRAVA RADIO\",\"description\":\"Empresa productora de medios, Radiodifusi\u00f3n, Noticias, tendencias y todo lo que necesitas saber de la pol\u00edtica mexicana e internacional; entretenimiento, espect\u00e1culos, salud y mucho m\u00e1s.\",\"potentialAction\":[{\"@type\":\"SearchAction\",\"target\":{\"@type\":\"EntryPoint\",\"urlTemplate\":\"https:\\\/\\\/www.bbmnoticias.com\\\/labravaradiofm\\\/?s={search_term_string}\"},\"query-input\":{\"@type\":\"PropertyValueSpecification\",\"valueRequired\":true,\"valueName\":\"search_term_string\"}}],\"inLanguage\":\"es\"},{\"@type\":\"Person\",\"@id\":\"https:\\\/\\\/www.bbmnoticias.com\\\/labravaradiofm\\\/#\\\/schema\\\/person\\\/68a9e9036ef3c5b55aeb2b71dc8bab45\",\"name\":\"Staff\",\"image\":{\"@type\":\"ImageObject\",\"inLanguage\":\"es\",\"@id\":\"https:\\\/\\\/secure.gravatar.com\\\/avatar\\\/fdd21ad66fd8b98c407f9dee5b5e588cfe7f0d8579ec20fa6527cd59bab7f0f0?s=96&d=mm&r=g\",\"url\":\"https:\\\/\\\/secure.gravatar.com\\\/avatar\\\/fdd21ad66fd8b98c407f9dee5b5e588cfe7f0d8579ec20fa6527cd59bab7f0f0?s=96&d=mm&r=g\",\"contentUrl\":\"https:\\\/\\\/secure.gravatar.com\\\/avatar\\\/fdd21ad66fd8b98c407f9dee5b5e588cfe7f0d8579ec20fa6527cd59bab7f0f0?s=96&d=mm&r=g\",\"caption\":\"Staff\"},\"url\":\"https:\\\/\\\/www.bbmnoticias.com\\\/labravaradiofm\\\/author\\\/redaccion\\\/\"}]}<\/script>\n<!-- \/ Yoast SEO plugin. -->","yoast_head_json":{"title":"Fortalece IMSS Oaxaca sus servicios a trav\u00e9s de su personal femenino - LA BRAVA RADIO","robots":{"index":"index","follow":"follow","max-snippet":"max-snippet:-1","max-image-preview":"max-image-preview:large","max-video-preview":"max-video-preview:-1"},"canonical":"https:\/\/www.bbmnoticias.com\/labravaradiofm\/2023\/03\/08\/fortalece-imss-oaxaca-sus-servicios-a-traves-de-su-personal-femenino\/","og_locale":"es_MX","og_type":"article","og_title":"Fortalece IMSS Oaxaca sus servicios a trav\u00e9s de su personal femenino - LA BRAVA RADIO","og_description":"En el marco del D\u00eda Internacional de la Mujer, que se conmemora el 8 de marzo, el Instituto Mexicano del Seguro Social (IMSS) en Oaxaca reconoce el gran trabajo que realiza su personal en oficinas administrativas, Unidades de Medicina Familiar (UMF) y hospitales. A lo largo de los a\u00f1os, el IMSS ha trabajado en favor [&hellip;]","og_url":"https:\/\/www.bbmnoticias.com\/labravaradiofm\/2023\/03\/08\/fortalece-imss-oaxaca-sus-servicios-a-traves-de-su-personal-femenino\/","og_site_name":"LA BRAVA RADIO","article_published_time":"2023-03-08T18:45:11+00:00","article_modified_time":"2023-03-08T18:45:12+00:00","og_image":[{"width":1280,"height":749,"url":"https:\/\/www.bbmnoticias.com\/labravaradiofm\/wp-content\/uploads\/sites\/5\/2023\/03\/l06032023-5.jpeg","type":"image\/jpeg"}],"author":"Staff","twitter_card":"summary_large_image","twitter_misc":{"Escrito por":"Staff","Tiempo de lectura":"2 minutos"},"schema":{"@context":"https:\/\/schema.org","@graph":[{"@type":"Article","@id":"https:\/\/www.bbmnoticias.com\/labravaradiofm\/2023\/03\/08\/fortalece-imss-oaxaca-sus-servicios-a-traves-de-su-personal-femenino\/#article","isPartOf":{"@id":"https:\/\/www.bbmnoticias.com\/labravaradiofm\/2023\/03\/08\/fortalece-imss-oaxaca-sus-servicios-a-traves-de-su-personal-femenino\/"},"author":{"name":"Staff","@id":"https:\/\/www.bbmnoticias.com\/labravaradiofm\/#\/schema\/person\/68a9e9036ef3c5b55aeb2b71dc8bab45"},"headline":"Fortalece IMSS Oaxaca sus servicios a trav\u00e9s de su personal femenino","datePublished":"2023-03-08T18:45:11+00:00","dateModified":"2023-03-08T18:45:12+00:00","mainEntityOfPage":{"@id":"https:\/\/www.bbmnoticias.com\/labravaradiofm\/2023\/03\/08\/fortalece-imss-oaxaca-sus-servicios-a-traves-de-su-personal-femenino\/"},"wordCount":294,"image":{"@id":"https:\/\/www.bbmnoticias.com\/labravaradiofm\/2023\/03\/08\/fortalece-imss-oaxaca-sus-servicios-a-traves-de-su-personal-femenino\/#primaryimage"},"thumbnailUrl":"https:\/\/www.bbmnoticias.com\/labravaradiofm\/wp-content\/uploads\/sites\/5\/2023\/03\/l06032023-5.jpeg","articleSection":["LOCAL"],"inLanguage":"es"},{"@type":"WebPage","@id":"https:\/\/www.bbmnoticias.com\/labravaradiofm\/2023\/03\/08\/fortalece-imss-oaxaca-sus-servicios-a-traves-de-su-personal-femenino\/","url":"https:\/\/www.bbmnoticias.com\/labravaradiofm\/2023\/03\/08\/fortalece-imss-oaxaca-sus-servicios-a-traves-de-su-personal-femenino\/","name":"Fortalece IMSS Oaxaca sus servicios a trav\u00e9s de su personal femenino - LA BRAVA RADIO","isPartOf":{"@id":"https:\/\/www.bbmnoticias.com\/labravaradiofm\/#website"},"primaryImageOfPage":{"@id":"https:\/\/www.bbmnoticias.com\/labravaradiofm\/2023\/03\/08\/fortalece-imss-oaxaca-sus-servicios-a-traves-de-su-personal-femenino\/#primaryimage"},"image":{"@id":"https:\/\/www.bbmnoticias.com\/labravaradiofm\/2023\/03\/08\/fortalece-imss-oaxaca-sus-servicios-a-traves-de-su-personal-femenino\/#primaryimage"},"thumbnailUrl":"https:\/\/www.bbmnoticias.com\/labravaradiofm\/wp-content\/uploads\/sites\/5\/2023\/03\/l06032023-5.jpeg","datePublished":"2023-03-08T18:45:11+00:00","dateModified":"2023-03-08T18:45:12+00:00","author":{"@id":"https:\/\/www.bbmnoticias.com\/labravaradiofm\/#\/schema\/person\/68a9e9036ef3c5b55aeb2b71dc8bab45"},"breadcrumb":{"@id":"https:\/\/www.bbmnoticias.com\/labravaradiofm\/2023\/03\/08\/fortalece-imss-oaxaca-sus-servicios-a-traves-de-su-personal-femenino\/#breadcrumb"},"inLanguage":"es","potentialAction":[{"@type":"ReadAction","target":["https:\/\/www.bbmnoticias.com\/labravaradiofm\/2023\/03\/08\/fortalece-imss-oaxaca-sus-servicios-a-traves-de-su-personal-femenino\/"]}]},{"@type":"ImageObject","inLanguage":"es","@id":"https:\/\/www.bbmnoticias.com\/labravaradiofm\/2023\/03\/08\/fortalece-imss-oaxaca-sus-servicios-a-traves-de-su-personal-femenino\/#primaryimage","url":"https:\/\/www.bbmnoticias.com\/labravaradiofm\/wp-content\/uploads\/sites\/5\/2023\/03\/l06032023-5.jpeg","contentUrl":"https:\/\/www.bbmnoticias.com\/labravaradiofm\/wp-content\/uploads\/sites\/5\/2023\/03\/l06032023-5.jpeg","width":1280,"height":749},{"@type":"BreadcrumbList","@id":"https:\/\/www.bbmnoticias.com\/labravaradiofm\/2023\/03\/08\/fortalece-imss-oaxaca-sus-servicios-a-traves-de-su-personal-femenino\/#breadcrumb","itemListElement":[{"@type":"ListItem","position":1,"name":"Inicio","item":"https:\/\/www.bbmnoticias.com\/labravaradiofm\/"},{"@type":"ListItem","position":2,"name":"Fortalece IMSS Oaxaca sus servicios a trav\u00e9s de su personal femenino"}]},{"@type":"WebSite","@id":"https:\/\/www.bbmnoticias.com\/labravaradiofm\/#website","url":"https:\/\/www.bbmnoticias.com\/labravaradiofm\/","name":"LA BRAVA RADIO","description":"Empresa productora de medios, Radiodifusi\u00f3n, Noticias, tendencias y todo lo que necesitas saber de la pol\u00edtica mexicana e internacional; entretenimiento, espect\u00e1culos, salud y mucho m\u00e1s.","potentialAction":[{"@type":"SearchAction","target":{"@type":"EntryPoint","urlTemplate":"https:\/\/www.bbmnoticias.com\/labravaradiofm\/?s={search_term_string}"},"query-input":{"@type":"PropertyValueSpecification","valueRequired":true,"valueName":"search_term_string"}}],"inLanguage":"es"},{"@type":"Person","@id":"https:\/\/www.bbmnoticias.com\/labravaradiofm\/#\/schema\/person\/68a9e9036ef3c5b55aeb2b71dc8bab45","name":"Staff","image":{"@type":"ImageObject","inLanguage":"es","@id":"https:\/\/secure.gravatar.com\/avatar\/fdd21ad66fd8b98c407f9dee5b5e588cfe7f0d8579ec20fa6527cd59bab7f0f0?s=96&d=mm&r=g","url":"https:\/\/secure.gravatar.com\/avatar\/fdd21ad66fd8b98c407f9dee5b5e588cfe7f0d8579ec20fa6527cd59bab7f0f0?s=96&d=mm&r=g","contentUrl":"https:\/\/secure.gravatar.com\/avatar\/fdd21ad66fd8b98c407f9dee5b5e588cfe7f0d8579ec20fa6527cd59bab7f0f0?s=96&d=mm&r=g","caption":"Staff"},"url":"https:\/\/www.bbmnoticias.com\/labravaradiofm\/author\/redaccion\/"}]}},"_links":{"self":[{"href":"https:\/\/www.bbmnoticias.com\/labravaradiofm\/wp-json\/wp\/v2\/posts\/24279","targetHints":{"allow":["GET"]}}],"collection":[{"href":"https:\/\/www.bbmnoticias.com\/labravaradiofm\/wp-json\/wp\/v2\/posts"}],"about":[{"href":"https:\/\/www.bbmnoticias.com\/labravaradiofm\/wp-json\/wp\/v2\/types\/post"}],"author":[{"embeddable":true,"href":"https:\/\/www.bbmnoticias.com\/labravaradiofm\/wp-json\/wp\/v2\/users\/2"}],"replies":[{"embeddable":true,"href":"https:\/\/www.bbmnoticias.com\/labravaradiofm\/wp-json\/wp\/v2\/comments?post=24279"}],"version-history":[{"count":0,"href":"https:\/\/www.bbmnoticias.com\/labravaradiofm\/wp-json\/wp\/v2\/posts\/24279\/revisions"}],"wp:featuredmedia":[{"embeddable":true,"href":"https:\/\/www.bbmnoticias.com\/labravaradiofm\/wp-json\/wp\/v2\/media\/24280"}],"wp:attachment":[{"href":"https:\/\/www.bbmnoticias.com\/labravaradiofm\/wp-json\/wp\/v2\/media?parent=24279"}],"wp:term":[{"taxonomy":"category","embeddable":true,"href":"https:\/\/www.bbmnoticias.com\/labravaradiofm\/wp-json\/wp\/v2\/categories?post=24279"},{"taxonomy":"post_tag","embeddable":true,"href":"https:\/\/www.bbmnoticias.com\/labravaradiofm\/wp-json\/wp\/v2\/tags?post=24279"}],"curies":[{"name":"wp","href":"https:\/\/api.w.org\/{rel}","templated":true}]}}