{"id":24276,"date":"2023-03-08T12:41:01","date_gmt":"2023-03-08T18:41:01","guid":{"rendered":"https:\/\/www.bbmnoticias.com\/labravaradiofm\/?p=24276"},"modified":"2023-03-08T12:41:02","modified_gmt":"2023-03-08T18:41:02","slug":"reabre-ifreo-registraduria-en-teotitlan-de-flores-magon","status":"publish","type":"post","link":"https:\/\/www.bbmnoticias.com\/labravaradiofm\/2023\/03\/08\/reabre-ifreo-registraduria-en-teotitlan-de-flores-magon\/","title":{"rendered":"Reabre IFREO Registradur\u00eda en Teotitl\u00e1n de Flores Mag\u00f3n"},"content":{"rendered":"<div style=\"margin-top: 0px; margin-bottom: 0px;\" class=\"sharethis-inline-share-buttons\" ><\/div>\n<ul class=\"wp-block-list\">\n<li><em>Durante los cinco a\u00f1os que estuvo cerrado el espacio, el acervo fue resguardado en las oficinas centrales ubicadas en Oaxaca de Ju\u00e1rez<\/em><\/li>\n<\/ul>\n\n\n\n<p>Despu\u00e9s de cinco a\u00f1os de permanecer cerradas las instalaciones de la Registradur\u00eda Distrital del Instituto de la Funci\u00f3n Registral del Estado de Oaxaca (IFREO) en Teotitl\u00e1n de Flores Mag\u00f3n, fueron reabiertas.<\/p>\n\n\n\n<p>El organismo inform\u00f3 que la oficina atender\u00e1 a 26 municipios de la regi\u00f3n Sierra de Flores Mag\u00f3n y contar\u00e1 con un espacio adecuado para el resguardo del acervo registral.<\/p>\n\n\n\n<p>La Registradur\u00eda de Teotitl\u00e1n de Flores Mag\u00f3n tiene bajo su seguridad 199 libros, 24 legajos del municipio de Teotitl\u00e1n de Flores Mag\u00f3n y 189 libros del municipio de Huautla de Jim\u00e9nez.<\/p>\n\n\n\n<p>Con estas acciones se cumple el eje de gobierno \u201cReparaci\u00f3n Hist\u00f3rica de los Pueblos\u201d, acercando los servicios registrales y devolvi\u00e9ndole a la poblaci\u00f3n la seguridad jur\u00eddica de sus propiedades y bienes inmuebles.<\/p>\n\n\n\n<p>La gesti\u00f3n del nuevo espacio que dar\u00e1 servicios p\u00fablicos, estuvo a cargo del director general de la dependencia, Giovanni Ria\u00f1os Saguil\u00e1n, ante el presidente municipal del lugar, Genaro Leonardo Sosa S\u00e1nchez.<\/p>\n\n\n\n<p>Durante los cinco a\u00f1os que estuvo cerrado el espacio, el acervo fue resguardado en las oficinas centrales ubicadas en Oaxaca de Ju\u00e1rez, lo que originaba el traslado obligatorio de las personas usuarias hasta la capital oaxaque\u00f1a para realizar sus tr\u00e1mites.<\/p>\n","protected":false},"excerpt":{"rendered":"<p>Despu\u00e9s de cinco a\u00f1os de permanecer cerradas las instalaciones de la Registradur\u00eda Distrital del Instituto de la Funci\u00f3n Registral del Estado de Oaxaca (IFREO) en Teotitl\u00e1n de Flores Mag\u00f3n, fueron reabiertas. El organismo inform\u00f3 que la oficina atender\u00e1 a 26 municipios de la regi\u00f3n Sierra de Flores Mag\u00f3n y contar\u00e1 con un espacio adecuado para [&hellip;]<\/p>\n","protected":false},"author":2,"featured_media":24277,"comment_status":"closed","ping_status":"closed","sticky":false,"template":"","format":"standard","meta":{"footnotes":""},"categories":[2],"tags":[],"class_list":{"0":"post-24276","1":"post","2":"type-post","3":"status-publish","4":"format-standard","5":"has-post-thumbnail","7":"category-oaxaca"},"yoast_head":"<!-- This site is optimized with the Yoast SEO plugin v27.4 - https:\/\/yoast.com\/product\/yoast-seo-wordpress\/ -->\n<title>Reabre IFREO Registradur\u00eda en Teotitl\u00e1n de Flores Mag\u00f3n - LA BRAVA RADIO<\/title>\n<meta name=\"robots\" content=\"index, follow, max-snippet:-1, max-image-preview:large, max-video-preview:-1\" \/>\n<link rel=\"canonical\" href=\"https:\/\/www.bbmnoticias.com\/labravaradiofm\/2023\/03\/08\/reabre-ifreo-registraduria-en-teotitlan-de-flores-magon\/\" \/>\n<meta property=\"og:locale\" content=\"es_MX\" \/>\n<meta property=\"og:type\" content=\"article\" \/>\n<meta property=\"og:title\" content=\"Reabre IFREO Registradur\u00eda en Teotitl\u00e1n de Flores Mag\u00f3n - LA BRAVA RADIO\" \/>\n<meta property=\"og:description\" content=\"Despu\u00e9s de cinco a\u00f1os de permanecer cerradas las instalaciones de la Registradur\u00eda Distrital del Instituto de la Funci\u00f3n Registral del Estado de Oaxaca (IFREO) en Teotitl\u00e1n de Flores Mag\u00f3n, fueron reabiertas. El organismo inform\u00f3 que la oficina atender\u00e1 a 26 municipios de la regi\u00f3n Sierra de Flores Mag\u00f3n y contar\u00e1 con un espacio adecuado para [&hellip;]\" \/>\n<meta property=\"og:url\" content=\"https:\/\/www.bbmnoticias.com\/labravaradiofm\/2023\/03\/08\/reabre-ifreo-registraduria-en-teotitlan-de-flores-magon\/\" \/>\n<meta property=\"og:site_name\" content=\"LA BRAVA RADIO\" \/>\n<meta property=\"article:published_time\" content=\"2023-03-08T18:41:01+00:00\" \/>\n<meta property=\"article:modified_time\" content=\"2023-03-08T18:41:02+00:00\" \/>\n<meta property=\"og:image\" content=\"https:\/\/www.bbmnoticias.com\/labravaradiofm\/wp-content\/uploads\/sites\/5\/2023\/03\/l08032023-4.jpeg\" \/>\n\t<meta property=\"og:image:width\" content=\"1600\" \/>\n\t<meta property=\"og:image:height\" content=\"1200\" \/>\n\t<meta property=\"og:image:type\" content=\"image\/jpeg\" \/>\n<meta name=\"author\" content=\"Staff\" \/>\n<meta name=\"twitter:card\" content=\"summary_large_image\" \/>\n<meta name=\"twitter:label1\" content=\"Escrito por\" \/>\n\t<meta name=\"twitter:data1\" content=\"Staff\" \/>\n\t<meta name=\"twitter:label2\" content=\"Tiempo de lectura\" \/>\n\t<meta name=\"twitter:data2\" content=\"1 minuto\" \/>\n<script type=\"application\/ld+json\" class=\"yoast-schema-graph\">{\"@context\":\"https:\\\/\\\/schema.org\",\"@graph\":[{\"@type\":\"Article\",\"@id\":\"https:\\\/\\\/www.bbmnoticias.com\\\/labravaradiofm\\\/2023\\\/03\\\/08\\\/reabre-ifreo-registraduria-en-teotitlan-de-flores-magon\\\/#article\",\"isPartOf\":{\"@id\":\"https:\\\/\\\/www.bbmnoticias.com\\\/labravaradiofm\\\/2023\\\/03\\\/08\\\/reabre-ifreo-registraduria-en-teotitlan-de-flores-magon\\\/\"},\"author\":{\"name\":\"Staff\",\"@id\":\"https:\\\/\\\/www.bbmnoticias.com\\\/labravaradiofm\\\/#\\\/schema\\\/person\\\/68a9e9036ef3c5b55aeb2b71dc8bab45\"},\"headline\":\"Reabre IFREO Registradur\u00eda en Teotitl\u00e1n de Flores Mag\u00f3n\",\"datePublished\":\"2023-03-08T18:41:01+00:00\",\"dateModified\":\"2023-03-08T18:41:02+00:00\",\"mainEntityOfPage\":{\"@id\":\"https:\\\/\\\/www.bbmnoticias.com\\\/labravaradiofm\\\/2023\\\/03\\\/08\\\/reabre-ifreo-registraduria-en-teotitlan-de-flores-magon\\\/\"},\"wordCount\":253,\"image\":{\"@id\":\"https:\\\/\\\/www.bbmnoticias.com\\\/labravaradiofm\\\/2023\\\/03\\\/08\\\/reabre-ifreo-registraduria-en-teotitlan-de-flores-magon\\\/#primaryimage\"},\"thumbnailUrl\":\"https:\\\/\\\/www.bbmnoticias.com\\\/labravaradiofm\\\/wp-content\\\/uploads\\\/sites\\\/5\\\/2023\\\/03\\\/l08032023-4.jpeg\",\"articleSection\":[\"LOCAL\"],\"inLanguage\":\"es\"},{\"@type\":\"WebPage\",\"@id\":\"https:\\\/\\\/www.bbmnoticias.com\\\/labravaradiofm\\\/2023\\\/03\\\/08\\\/reabre-ifreo-registraduria-en-teotitlan-de-flores-magon\\\/\",\"url\":\"https:\\\/\\\/www.bbmnoticias.com\\\/labravaradiofm\\\/2023\\\/03\\\/08\\\/reabre-ifreo-registraduria-en-teotitlan-de-flores-magon\\\/\",\"name\":\"Reabre IFREO Registradur\u00eda en Teotitl\u00e1n de Flores Mag\u00f3n - LA BRAVA RADIO\",\"isPartOf\":{\"@id\":\"https:\\\/\\\/www.bbmnoticias.com\\\/labravaradiofm\\\/#website\"},\"primaryImageOfPage\":{\"@id\":\"https:\\\/\\\/www.bbmnoticias.com\\\/labravaradiofm\\\/2023\\\/03\\\/08\\\/reabre-ifreo-registraduria-en-teotitlan-de-flores-magon\\\/#primaryimage\"},\"image\":{\"@id\":\"https:\\\/\\\/www.bbmnoticias.com\\\/labravaradiofm\\\/2023\\\/03\\\/08\\\/reabre-ifreo-registraduria-en-teotitlan-de-flores-magon\\\/#primaryimage\"},\"thumbnailUrl\":\"https:\\\/\\\/www.bbmnoticias.com\\\/labravaradiofm\\\/wp-content\\\/uploads\\\/sites\\\/5\\\/2023\\\/03\\\/l08032023-4.jpeg\",\"datePublished\":\"2023-03-08T18:41:01+00:00\",\"dateModified\":\"2023-03-08T18:41:02+00:00\",\"author\":{\"@id\":\"https:\\\/\\\/www.bbmnoticias.com\\\/labravaradiofm\\\/#\\\/schema\\\/person\\\/68a9e9036ef3c5b55aeb2b71dc8bab45\"},\"breadcrumb\":{\"@id\":\"https:\\\/\\\/www.bbmnoticias.com\\\/labravaradiofm\\\/2023\\\/03\\\/08\\\/reabre-ifreo-registraduria-en-teotitlan-de-flores-magon\\\/#breadcrumb\"},\"inLanguage\":\"es\",\"potentialAction\":[{\"@type\":\"ReadAction\",\"target\":[\"https:\\\/\\\/www.bbmnoticias.com\\\/labravaradiofm\\\/2023\\\/03\\\/08\\\/reabre-ifreo-registraduria-en-teotitlan-de-flores-magon\\\/\"]}]},{\"@type\":\"ImageObject\",\"inLanguage\":\"es\",\"@id\":\"https:\\\/\\\/www.bbmnoticias.com\\\/labravaradiofm\\\/2023\\\/03\\\/08\\\/reabre-ifreo-registraduria-en-teotitlan-de-flores-magon\\\/#primaryimage\",\"url\":\"https:\\\/\\\/www.bbmnoticias.com\\\/labravaradiofm\\\/wp-content\\\/uploads\\\/sites\\\/5\\\/2023\\\/03\\\/l08032023-4.jpeg\",\"contentUrl\":\"https:\\\/\\\/www.bbmnoticias.com\\\/labravaradiofm\\\/wp-content\\\/uploads\\\/sites\\\/5\\\/2023\\\/03\\\/l08032023-4.jpeg\",\"width\":1600,\"height\":1200},{\"@type\":\"BreadcrumbList\",\"@id\":\"https:\\\/\\\/www.bbmnoticias.com\\\/labravaradiofm\\\/2023\\\/03\\\/08\\\/reabre-ifreo-registraduria-en-teotitlan-de-flores-magon\\\/#breadcrumb\",\"itemListElement\":[{\"@type\":\"ListItem\",\"position\":1,\"name\":\"Inicio\",\"item\":\"https:\\\/\\\/www.bbmnoticias.com\\\/labravaradiofm\\\/\"},{\"@type\":\"ListItem\",\"position\":2,\"name\":\"Reabre IFREO Registradur\u00eda en Teotitl\u00e1n de Flores Mag\u00f3n\"}]},{\"@type\":\"WebSite\",\"@id\":\"https:\\\/\\\/www.bbmnoticias.com\\\/labravaradiofm\\\/#website\",\"url\":\"https:\\\/\\\/www.bbmnoticias.com\\\/labravaradiofm\\\/\",\"name\":\"LA BRAVA RADIO\",\"description\":\"Empresa productora de medios, Radiodifusi\u00f3n, Noticias, tendencias y todo lo que necesitas saber de la pol\u00edtica mexicana e internacional; entretenimiento, espect\u00e1culos, salud y mucho m\u00e1s.\",\"potentialAction\":[{\"@type\":\"SearchAction\",\"target\":{\"@type\":\"EntryPoint\",\"urlTemplate\":\"https:\\\/\\\/www.bbmnoticias.com\\\/labravaradiofm\\\/?s={search_term_string}\"},\"query-input\":{\"@type\":\"PropertyValueSpecification\",\"valueRequired\":true,\"valueName\":\"search_term_string\"}}],\"inLanguage\":\"es\"},{\"@type\":\"Person\",\"@id\":\"https:\\\/\\\/www.bbmnoticias.com\\\/labravaradiofm\\\/#\\\/schema\\\/person\\\/68a9e9036ef3c5b55aeb2b71dc8bab45\",\"name\":\"Staff\",\"image\":{\"@type\":\"ImageObject\",\"inLanguage\":\"es\",\"@id\":\"https:\\\/\\\/secure.gravatar.com\\\/avatar\\\/fdd21ad66fd8b98c407f9dee5b5e588cfe7f0d8579ec20fa6527cd59bab7f0f0?s=96&d=mm&r=g\",\"url\":\"https:\\\/\\\/secure.gravatar.com\\\/avatar\\\/fdd21ad66fd8b98c407f9dee5b5e588cfe7f0d8579ec20fa6527cd59bab7f0f0?s=96&d=mm&r=g\",\"contentUrl\":\"https:\\\/\\\/secure.gravatar.com\\\/avatar\\\/fdd21ad66fd8b98c407f9dee5b5e588cfe7f0d8579ec20fa6527cd59bab7f0f0?s=96&d=mm&r=g\",\"caption\":\"Staff\"},\"url\":\"https:\\\/\\\/www.bbmnoticias.com\\\/labravaradiofm\\\/author\\\/redaccion\\\/\"}]}<\/script>\n<!-- \/ Yoast SEO plugin. -->","yoast_head_json":{"title":"Reabre IFREO Registradur\u00eda en Teotitl\u00e1n de Flores Mag\u00f3n - LA BRAVA RADIO","robots":{"index":"index","follow":"follow","max-snippet":"max-snippet:-1","max-image-preview":"max-image-preview:large","max-video-preview":"max-video-preview:-1"},"canonical":"https:\/\/www.bbmnoticias.com\/labravaradiofm\/2023\/03\/08\/reabre-ifreo-registraduria-en-teotitlan-de-flores-magon\/","og_locale":"es_MX","og_type":"article","og_title":"Reabre IFREO Registradur\u00eda en Teotitl\u00e1n de Flores Mag\u00f3n - LA BRAVA RADIO","og_description":"Despu\u00e9s de cinco a\u00f1os de permanecer cerradas las instalaciones de la Registradur\u00eda Distrital del Instituto de la Funci\u00f3n Registral del Estado de Oaxaca (IFREO) en Teotitl\u00e1n de Flores Mag\u00f3n, fueron reabiertas. El organismo inform\u00f3 que la oficina atender\u00e1 a 26 municipios de la regi\u00f3n Sierra de Flores Mag\u00f3n y contar\u00e1 con un espacio adecuado para [&hellip;]","og_url":"https:\/\/www.bbmnoticias.com\/labravaradiofm\/2023\/03\/08\/reabre-ifreo-registraduria-en-teotitlan-de-flores-magon\/","og_site_name":"LA BRAVA RADIO","article_published_time":"2023-03-08T18:41:01+00:00","article_modified_time":"2023-03-08T18:41:02+00:00","og_image":[{"width":1600,"height":1200,"url":"https:\/\/www.bbmnoticias.com\/labravaradiofm\/wp-content\/uploads\/sites\/5\/2023\/03\/l08032023-4.jpeg","type":"image\/jpeg"}],"author":"Staff","twitter_card":"summary_large_image","twitter_misc":{"Escrito por":"Staff","Tiempo de lectura":"1 minuto"},"schema":{"@context":"https:\/\/schema.org","@graph":[{"@type":"Article","@id":"https:\/\/www.bbmnoticias.com\/labravaradiofm\/2023\/03\/08\/reabre-ifreo-registraduria-en-teotitlan-de-flores-magon\/#article","isPartOf":{"@id":"https:\/\/www.bbmnoticias.com\/labravaradiofm\/2023\/03\/08\/reabre-ifreo-registraduria-en-teotitlan-de-flores-magon\/"},"author":{"name":"Staff","@id":"https:\/\/www.bbmnoticias.com\/labravaradiofm\/#\/schema\/person\/68a9e9036ef3c5b55aeb2b71dc8bab45"},"headline":"Reabre IFREO Registradur\u00eda en Teotitl\u00e1n de Flores Mag\u00f3n","datePublished":"2023-03-08T18:41:01+00:00","dateModified":"2023-03-08T18:41:02+00:00","mainEntityOfPage":{"@id":"https:\/\/www.bbmnoticias.com\/labravaradiofm\/2023\/03\/08\/reabre-ifreo-registraduria-en-teotitlan-de-flores-magon\/"},"wordCount":253,"image":{"@id":"https:\/\/www.bbmnoticias.com\/labravaradiofm\/2023\/03\/08\/reabre-ifreo-registraduria-en-teotitlan-de-flores-magon\/#primaryimage"},"thumbnailUrl":"https:\/\/www.bbmnoticias.com\/labravaradiofm\/wp-content\/uploads\/sites\/5\/2023\/03\/l08032023-4.jpeg","articleSection":["LOCAL"],"inLanguage":"es"},{"@type":"WebPage","@id":"https:\/\/www.bbmnoticias.com\/labravaradiofm\/2023\/03\/08\/reabre-ifreo-registraduria-en-teotitlan-de-flores-magon\/","url":"https:\/\/www.bbmnoticias.com\/labravaradiofm\/2023\/03\/08\/reabre-ifreo-registraduria-en-teotitlan-de-flores-magon\/","name":"Reabre IFREO Registradur\u00eda en Teotitl\u00e1n de Flores Mag\u00f3n - LA BRAVA RADIO","isPartOf":{"@id":"https:\/\/www.bbmnoticias.com\/labravaradiofm\/#website"},"primaryImageOfPage":{"@id":"https:\/\/www.bbmnoticias.com\/labravaradiofm\/2023\/03\/08\/reabre-ifreo-registraduria-en-teotitlan-de-flores-magon\/#primaryimage"},"image":{"@id":"https:\/\/www.bbmnoticias.com\/labravaradiofm\/2023\/03\/08\/reabre-ifreo-registraduria-en-teotitlan-de-flores-magon\/#primaryimage"},"thumbnailUrl":"https:\/\/www.bbmnoticias.com\/labravaradiofm\/wp-content\/uploads\/sites\/5\/2023\/03\/l08032023-4.jpeg","datePublished":"2023-03-08T18:41:01+00:00","dateModified":"2023-03-08T18:41:02+00:00","author":{"@id":"https:\/\/www.bbmnoticias.com\/labravaradiofm\/#\/schema\/person\/68a9e9036ef3c5b55aeb2b71dc8bab45"},"breadcrumb":{"@id":"https:\/\/www.bbmnoticias.com\/labravaradiofm\/2023\/03\/08\/reabre-ifreo-registraduria-en-teotitlan-de-flores-magon\/#breadcrumb"},"inLanguage":"es","potentialAction":[{"@type":"ReadAction","target":["https:\/\/www.bbmnoticias.com\/labravaradiofm\/2023\/03\/08\/reabre-ifreo-registraduria-en-teotitlan-de-flores-magon\/"]}]},{"@type":"ImageObject","inLanguage":"es","@id":"https:\/\/www.bbmnoticias.com\/labravaradiofm\/2023\/03\/08\/reabre-ifreo-registraduria-en-teotitlan-de-flores-magon\/#primaryimage","url":"https:\/\/www.bbmnoticias.com\/labravaradiofm\/wp-content\/uploads\/sites\/5\/2023\/03\/l08032023-4.jpeg","contentUrl":"https:\/\/www.bbmnoticias.com\/labravaradiofm\/wp-content\/uploads\/sites\/5\/2023\/03\/l08032023-4.jpeg","width":1600,"height":1200},{"@type":"BreadcrumbList","@id":"https:\/\/www.bbmnoticias.com\/labravaradiofm\/2023\/03\/08\/reabre-ifreo-registraduria-en-teotitlan-de-flores-magon\/#breadcrumb","itemListElement":[{"@type":"ListItem","position":1,"name":"Inicio","item":"https:\/\/www.bbmnoticias.com\/labravaradiofm\/"},{"@type":"ListItem","position":2,"name":"Reabre IFREO Registradur\u00eda en Teotitl\u00e1n de Flores Mag\u00f3n"}]},{"@type":"WebSite","@id":"https:\/\/www.bbmnoticias.com\/labravaradiofm\/#website","url":"https:\/\/www.bbmnoticias.com\/labravaradiofm\/","name":"LA BRAVA RADIO","description":"Empresa productora de medios, Radiodifusi\u00f3n, Noticias, tendencias y todo lo que necesitas saber de la pol\u00edtica mexicana e internacional; entretenimiento, espect\u00e1culos, salud y mucho m\u00e1s.","potentialAction":[{"@type":"SearchAction","target":{"@type":"EntryPoint","urlTemplate":"https:\/\/www.bbmnoticias.com\/labravaradiofm\/?s={search_term_string}"},"query-input":{"@type":"PropertyValueSpecification","valueRequired":true,"valueName":"search_term_string"}}],"inLanguage":"es"},{"@type":"Person","@id":"https:\/\/www.bbmnoticias.com\/labravaradiofm\/#\/schema\/person\/68a9e9036ef3c5b55aeb2b71dc8bab45","name":"Staff","image":{"@type":"ImageObject","inLanguage":"es","@id":"https:\/\/secure.gravatar.com\/avatar\/fdd21ad66fd8b98c407f9dee5b5e588cfe7f0d8579ec20fa6527cd59bab7f0f0?s=96&d=mm&r=g","url":"https:\/\/secure.gravatar.com\/avatar\/fdd21ad66fd8b98c407f9dee5b5e588cfe7f0d8579ec20fa6527cd59bab7f0f0?s=96&d=mm&r=g","contentUrl":"https:\/\/secure.gravatar.com\/avatar\/fdd21ad66fd8b98c407f9dee5b5e588cfe7f0d8579ec20fa6527cd59bab7f0f0?s=96&d=mm&r=g","caption":"Staff"},"url":"https:\/\/www.bbmnoticias.com\/labravaradiofm\/author\/redaccion\/"}]}},"_links":{"self":[{"href":"https:\/\/www.bbmnoticias.com\/labravaradiofm\/wp-json\/wp\/v2\/posts\/24276","targetHints":{"allow":["GET"]}}],"collection":[{"href":"https:\/\/www.bbmnoticias.com\/labravaradiofm\/wp-json\/wp\/v2\/posts"}],"about":[{"href":"https:\/\/www.bbmnoticias.com\/labravaradiofm\/wp-json\/wp\/v2\/types\/post"}],"author":[{"embeddable":true,"href":"https:\/\/www.bbmnoticias.com\/labravaradiofm\/wp-json\/wp\/v2\/users\/2"}],"replies":[{"embeddable":true,"href":"https:\/\/www.bbmnoticias.com\/labravaradiofm\/wp-json\/wp\/v2\/comments?post=24276"}],"version-history":[{"count":0,"href":"https:\/\/www.bbmnoticias.com\/labravaradiofm\/wp-json\/wp\/v2\/posts\/24276\/revisions"}],"wp:featuredmedia":[{"embeddable":true,"href":"https:\/\/www.bbmnoticias.com\/labravaradiofm\/wp-json\/wp\/v2\/media\/24277"}],"wp:attachment":[{"href":"https:\/\/www.bbmnoticias.com\/labravaradiofm\/wp-json\/wp\/v2\/media?parent=24276"}],"wp:term":[{"taxonomy":"category","embeddable":true,"href":"https:\/\/www.bbmnoticias.com\/labravaradiofm\/wp-json\/wp\/v2\/categories?post=24276"},{"taxonomy":"post_tag","embeddable":true,"href":"https:\/\/www.bbmnoticias.com\/labravaradiofm\/wp-json\/wp\/v2\/tags?post=24276"}],"curies":[{"name":"wp","href":"https:\/\/api.w.org\/{rel}","templated":true}]}}