{"id":2422,"date":"2021-09-23T19:39:43","date_gmt":"2021-09-24T00:39:43","guid":{"rendered":"https:\/\/www.bbmnoticias.com\/labravaradiofm\/?p=2422"},"modified":"2021-09-23T19:39:44","modified_gmt":"2021-09-24T00:39:44","slug":"cuando-inicia-el-horario-de-invierno-2021-en-mexico","status":"publish","type":"post","link":"https:\/\/www.bbmnoticias.com\/labravaradiofm\/2021\/09\/23\/cuando-inicia-el-horario-de-invierno-2021-en-mexico\/","title":{"rendered":"\u00bfCu\u00e1ndo inicia el horario de invierno 2021 en M\u00e9xico?"},"content":{"rendered":"<div style=\"margin-top: 0px; margin-bottom: 0px;\" class=\"sharethis-inline-share-buttons\" ><\/div>\n<p>El verano est\u00e1 por terminar y con ello, el oto\u00f1o entr\u00f3 ayer a las 14:21 horas del centro, con el llamado <strong>equinoccio de oto\u00f1o<\/strong>.<\/p>\n\n\n\n<p>Poco despu\u00e9s de la nueva estaci\u00f3n llega tambi\u00e9n la hora de cambiar el reloj por el <strong>horario de invierno 2021<\/strong>.<br>Historia del cambio de horario en M\u00e9xico<\/p>\n\n\n\n<p>El horario de verano inici\u00f3 en 1996, durante el gobierno de Ernesto Zedillo, por medio del &#8220;Decreto por el que se establece el horario estacional que se aplicar\u00e1 en los Estados Unidos Mexicanos&#8221;, seg\u00fan la\u00a0Secretar\u00eda de Energ\u00eda.<\/p>\n\n\n\n<p>Desde ese momento, su objetivo ha sido &#8220;hacer mejor uso de la luz solar durante los meses de mayor insolaci\u00f3n, para as\u00ed obtener una reducci\u00f3n en el consumo de energ\u00eda el\u00e9ctrica en las horas de mayor demanda de electricidad&#8221;, seg\u00fan indica el&nbsp;Fideicomiso para el Ahorro de Energ\u00eda El\u00e9ctrica (Fide).<\/p>\n\n\n\n<p>El horario de verano se utiliza en varios pa\u00edses del mundo, sin embargo ha habido voces en contra de este modelo.<\/p>\n\n\n\n<p>En el 2020,\u00a0el presidente\u00a0Andr\u00e9s Manuel L\u00f3pez Obrador\u00a0revel\u00f3 que solicit\u00f3 a la Secretar\u00eda de Energ\u00eda\u00a0(SE) un dictamen t\u00e9cnico sobre los ahorros que tiene el\u00a0cambio de horario\u00a0el pa\u00eds, y dependiendo de sus resultados, asegur\u00f3, considerar\u00e1 hacer un cambio en este programa. Sin embargo, hasta el momento el horario de verano persiste en M\u00e9xico.<\/p>\n\n\n\n<h2 class=\"wp-block-heading\">C\u00f3mo se mide la hora en M\u00e9xico<\/h2>\n\n\n\n<p>La Hora Oficial de los Estados Unidos Mexicanos se genera en base a la operaci\u00f3n de una serie de relojes at\u00f3micos ubicados en el Centro Nacional de Metrolog\u00eda. La variabilidad de la Hora Oficial es cercana a 0.03 millon\u00e9simas de segundo por a\u00f1o y es independiente de las variaciones en la rotaci\u00f3n terrestre.<\/p>\n\n\n\n<p>La Hora Oficial en los Estados Unidos Mexicanos es la materializaci\u00f3n de las escalas de tiempo que rigen en el territorio nacional y corresponden a la realizaci\u00f3n del UTC en nuestro pa\u00eds. El CENAM, como lo indican sus atribuciones en la LFMyN, establece el patr\u00f3n nacional de escalas de tiempo, u hora oficial, y la Secretar\u00eda de Econom\u00eda lo reconoce como tal (publicaci\u00f3n del DOF del lunes 4 de junio del 2007), en virtud de la atribuci\u00f3n que la LFMyN le otorga. La Hora Oficial en los Estados Unidos Mexicanos est\u00e1 definida en t\u00e9rminos del UTC (CNM) de acuerdo a las siguientes relaciones:<br>Tiempo del Sureste = UTC (CNM) \u2013 5<br>Tiempo del Centro = UTC (CNM) \u2013 N<br>Tiempo del Pac\u00edfico = UTC (CNM) \u2013 (N+1)<br>Tiempo del Noroeste = UTC (CNM) \u2013 (N+2)<br>Donde N es 6 horas para el horario de invierno y 5 horas para el horario de verano. El Horario de verano se aplica del primer domingo de abril a las 02:00 de la ma\u00f1ana al \u00faltimo domingo de octubre a las 02:00 de la ma\u00f1ana.<\/p>\n\n\n\n<h2 class=\"wp-block-heading\">Cu\u00e1ndo inicia el horario de invierno 2021 y termina el horario de verano 2021<\/h2>\n\n\n\n<p>El Centro&nbsp;Nacional de Metrolog\u00eda (CNM) se\u00f1ala que para el a\u00f1o en curso 2021, el horario de verano en el territorio nacional (excepto la franja fronteriza con los Estados Unidos de Am\u00e9rica) da inicio el domingo 4 de abril y termina el domingo 31 de octubre.<\/p>\n\n\n\n<p>Por lo tanto, el horario de invierno comenzar\u00e1 el <strong>domingo 31 de octubre<\/strong> a las 02:00 horas y concluir\u00e1 el&nbsp;3 de abril de 2022.<\/p>\n\n\n\n<h2 class=\"wp-block-heading\">\u00bfEn el horario de invierno 2021 se adelanta o se atrasa el reloj?<\/h2>\n\n\n\n<p>Lo m\u00e1s recomendable es que la noche del s\u00e1bado 30 de octubre se deben atrasar manualmente los relojes an\u00e1logos, aunque los dispositivos inteligentes como celulares, smartwatch y tablets lo hacen autom\u00e1ticamente.<\/p>\n\n\n\n<h2 class=\"wp-block-heading\">\u00bfEl cambio de horario en invierno se hace en todos los estados?<\/h2>\n\n\n\n<p>No en todos los estados se realiza el cambio de horario en invierno el 31 de octubre del 2021, pues en la franja fronteriza el horario de verano termina hasta el primer domingo de noviembre, es decir el 7 de noviembre, a las 02:00 horas.<\/p>\n\n\n\n<p>Adem\u00e1s, Sonora y Quintana Roo tampoco tendr\u00e1n que realizar este cambio, pues\u00a0no contemplan la aplicaci\u00f3n del horario de verano.<\/p>\n","protected":false},"excerpt":{"rendered":"<p>El verano est\u00e1 por terminar y con ello, el oto\u00f1o entr\u00f3 ayer a las 14:21 horas del centro, con el llamado equinoccio de oto\u00f1o. Poco despu\u00e9s de la nueva estaci\u00f3n llega tambi\u00e9n la hora de cambiar el reloj por el horario de invierno 2021.Historia del cambio de horario en M\u00e9xico El horario de verano inici\u00f3 [&hellip;]<\/p>\n","protected":false},"author":4,"featured_media":2423,"comment_status":"closed","ping_status":"closed","sticky":false,"template":"","format":"standard","meta":{"footnotes":""},"categories":[2],"tags":[],"class_list":{"0":"post-2422","1":"post","2":"type-post","3":"status-publish","4":"format-standard","5":"has-post-thumbnail","7":"category-oaxaca"},"yoast_head":"<!-- This site is optimized with the Yoast SEO plugin v27.4 - https:\/\/yoast.com\/product\/yoast-seo-wordpress\/ -->\n<title>\u00bfCu\u00e1ndo inicia el horario de invierno 2021 en M\u00e9xico? - LA BRAVA RADIO<\/title>\n<meta name=\"description\" content=\"El horario de verano se utiliza en varios pa\u00edses del mundo, sin embargo ha habido voces en contra de este modelo.\" \/>\n<meta name=\"robots\" content=\"index, follow, max-snippet:-1, max-image-preview:large, max-video-preview:-1\" \/>\n<link rel=\"canonical\" href=\"https:\/\/www.bbmnoticias.com\/labravaradiofm\/2021\/09\/23\/cuando-inicia-el-horario-de-invierno-2021-en-mexico\/\" \/>\n<meta property=\"og:locale\" content=\"es_MX\" \/>\n<meta property=\"og:type\" content=\"article\" \/>\n<meta property=\"og:title\" content=\"\u00bfCu\u00e1ndo inicia el horario de invierno 2021 en M\u00e9xico? - LA BRAVA RADIO\" \/>\n<meta property=\"og:description\" content=\"El horario de verano se utiliza en varios pa\u00edses del mundo, sin embargo ha habido voces en contra de este modelo.\" \/>\n<meta property=\"og:url\" content=\"https:\/\/www.bbmnoticias.com\/labravaradiofm\/2021\/09\/23\/cuando-inicia-el-horario-de-invierno-2021-en-mexico\/\" \/>\n<meta property=\"og:site_name\" content=\"LA BRAVA RADIO\" \/>\n<meta property=\"article:published_time\" content=\"2021-09-24T00:39:43+00:00\" \/>\n<meta property=\"article:modified_time\" content=\"2021-09-24T00:39:44+00:00\" \/>\n<meta property=\"og:image\" content=\"https:\/\/www.bbmnoticias.com\/labravaradiofm\/wp-content\/uploads\/sites\/5\/2021\/09\/nacional23092021-11.jpg\" \/>\n\t<meta property=\"og:image:width\" content=\"1200\" \/>\n\t<meta property=\"og:image:height\" content=\"739\" \/>\n\t<meta property=\"og:image:type\" content=\"image\/jpeg\" \/>\n<meta name=\"author\" content=\"Agencias\" \/>\n<meta name=\"twitter:card\" content=\"summary_large_image\" \/>\n<meta name=\"twitter:label1\" content=\"Escrito por\" \/>\n\t<meta name=\"twitter:data1\" content=\"Agencias\" \/>\n\t<meta name=\"twitter:label2\" content=\"Tiempo de lectura\" \/>\n\t<meta name=\"twitter:data2\" content=\"3 minutos\" \/>\n<script type=\"application\/ld+json\" class=\"yoast-schema-graph\">{\"@context\":\"https:\\\/\\\/schema.org\",\"@graph\":[{\"@type\":\"Article\",\"@id\":\"https:\\\/\\\/www.bbmnoticias.com\\\/labravaradiofm\\\/2021\\\/09\\\/23\\\/cuando-inicia-el-horario-de-invierno-2021-en-mexico\\\/#article\",\"isPartOf\":{\"@id\":\"https:\\\/\\\/www.bbmnoticias.com\\\/labravaradiofm\\\/2021\\\/09\\\/23\\\/cuando-inicia-el-horario-de-invierno-2021-en-mexico\\\/\"},\"author\":{\"name\":\"Agencias\",\"@id\":\"https:\\\/\\\/www.bbmnoticias.com\\\/labravaradiofm\\\/#\\\/schema\\\/person\\\/857a3daf5c8142f29919023f377fbfad\"},\"headline\":\"\u00bfCu\u00e1ndo inicia el horario de invierno 2021 en M\u00e9xico?\",\"datePublished\":\"2021-09-24T00:39:43+00:00\",\"dateModified\":\"2021-09-24T00:39:44+00:00\",\"mainEntityOfPage\":{\"@id\":\"https:\\\/\\\/www.bbmnoticias.com\\\/labravaradiofm\\\/2021\\\/09\\\/23\\\/cuando-inicia-el-horario-de-invierno-2021-en-mexico\\\/\"},\"wordCount\":697,\"image\":{\"@id\":\"https:\\\/\\\/www.bbmnoticias.com\\\/labravaradiofm\\\/2021\\\/09\\\/23\\\/cuando-inicia-el-horario-de-invierno-2021-en-mexico\\\/#primaryimage\"},\"thumbnailUrl\":\"https:\\\/\\\/www.bbmnoticias.com\\\/labravaradiofm\\\/wp-content\\\/uploads\\\/sites\\\/5\\\/2021\\\/09\\\/nacional23092021-11.jpg\",\"articleSection\":[\"LOCAL\"],\"inLanguage\":\"es\"},{\"@type\":\"WebPage\",\"@id\":\"https:\\\/\\\/www.bbmnoticias.com\\\/labravaradiofm\\\/2021\\\/09\\\/23\\\/cuando-inicia-el-horario-de-invierno-2021-en-mexico\\\/\",\"url\":\"https:\\\/\\\/www.bbmnoticias.com\\\/labravaradiofm\\\/2021\\\/09\\\/23\\\/cuando-inicia-el-horario-de-invierno-2021-en-mexico\\\/\",\"name\":\"\u00bfCu\u00e1ndo inicia el horario de invierno 2021 en M\u00e9xico? - LA BRAVA RADIO\",\"isPartOf\":{\"@id\":\"https:\\\/\\\/www.bbmnoticias.com\\\/labravaradiofm\\\/#website\"},\"primaryImageOfPage\":{\"@id\":\"https:\\\/\\\/www.bbmnoticias.com\\\/labravaradiofm\\\/2021\\\/09\\\/23\\\/cuando-inicia-el-horario-de-invierno-2021-en-mexico\\\/#primaryimage\"},\"image\":{\"@id\":\"https:\\\/\\\/www.bbmnoticias.com\\\/labravaradiofm\\\/2021\\\/09\\\/23\\\/cuando-inicia-el-horario-de-invierno-2021-en-mexico\\\/#primaryimage\"},\"thumbnailUrl\":\"https:\\\/\\\/www.bbmnoticias.com\\\/labravaradiofm\\\/wp-content\\\/uploads\\\/sites\\\/5\\\/2021\\\/09\\\/nacional23092021-11.jpg\",\"datePublished\":\"2021-09-24T00:39:43+00:00\",\"dateModified\":\"2021-09-24T00:39:44+00:00\",\"author\":{\"@id\":\"https:\\\/\\\/www.bbmnoticias.com\\\/labravaradiofm\\\/#\\\/schema\\\/person\\\/857a3daf5c8142f29919023f377fbfad\"},\"description\":\"El horario de verano se utiliza en varios pa\u00edses del mundo, sin embargo ha habido voces en contra de este modelo.\",\"breadcrumb\":{\"@id\":\"https:\\\/\\\/www.bbmnoticias.com\\\/labravaradiofm\\\/2021\\\/09\\\/23\\\/cuando-inicia-el-horario-de-invierno-2021-en-mexico\\\/#breadcrumb\"},\"inLanguage\":\"es\",\"potentialAction\":[{\"@type\":\"ReadAction\",\"target\":[\"https:\\\/\\\/www.bbmnoticias.com\\\/labravaradiofm\\\/2021\\\/09\\\/23\\\/cuando-inicia-el-horario-de-invierno-2021-en-mexico\\\/\"]}]},{\"@type\":\"ImageObject\",\"inLanguage\":\"es\",\"@id\":\"https:\\\/\\\/www.bbmnoticias.com\\\/labravaradiofm\\\/2021\\\/09\\\/23\\\/cuando-inicia-el-horario-de-invierno-2021-en-mexico\\\/#primaryimage\",\"url\":\"https:\\\/\\\/www.bbmnoticias.com\\\/labravaradiofm\\\/wp-content\\\/uploads\\\/sites\\\/5\\\/2021\\\/09\\\/nacional23092021-11.jpg\",\"contentUrl\":\"https:\\\/\\\/www.bbmnoticias.com\\\/labravaradiofm\\\/wp-content\\\/uploads\\\/sites\\\/5\\\/2021\\\/09\\\/nacional23092021-11.jpg\",\"width\":1200,\"height\":739},{\"@type\":\"BreadcrumbList\",\"@id\":\"https:\\\/\\\/www.bbmnoticias.com\\\/labravaradiofm\\\/2021\\\/09\\\/23\\\/cuando-inicia-el-horario-de-invierno-2021-en-mexico\\\/#breadcrumb\",\"itemListElement\":[{\"@type\":\"ListItem\",\"position\":1,\"name\":\"Inicio\",\"item\":\"https:\\\/\\\/www.bbmnoticias.com\\\/labravaradiofm\\\/\"},{\"@type\":\"ListItem\",\"position\":2,\"name\":\"\u00bfCu\u00e1ndo inicia el horario de invierno 2021 en M\u00e9xico?\"}]},{\"@type\":\"WebSite\",\"@id\":\"https:\\\/\\\/www.bbmnoticias.com\\\/labravaradiofm\\\/#website\",\"url\":\"https:\\\/\\\/www.bbmnoticias.com\\\/labravaradiofm\\\/\",\"name\":\"LA BRAVA RADIO\",\"description\":\"Empresa productora de medios, Radiodifusi\u00f3n, Noticias, tendencias y todo lo que necesitas saber de la pol\u00edtica mexicana e internacional; entretenimiento, espect\u00e1culos, salud y mucho m\u00e1s.\",\"potentialAction\":[{\"@type\":\"SearchAction\",\"target\":{\"@type\":\"EntryPoint\",\"urlTemplate\":\"https:\\\/\\\/www.bbmnoticias.com\\\/labravaradiofm\\\/?s={search_term_string}\"},\"query-input\":{\"@type\":\"PropertyValueSpecification\",\"valueRequired\":true,\"valueName\":\"search_term_string\"}}],\"inLanguage\":\"es\"},{\"@type\":\"Person\",\"@id\":\"https:\\\/\\\/www.bbmnoticias.com\\\/labravaradiofm\\\/#\\\/schema\\\/person\\\/857a3daf5c8142f29919023f377fbfad\",\"name\":\"Agencias\",\"image\":{\"@type\":\"ImageObject\",\"inLanguage\":\"es\",\"@id\":\"https:\\\/\\\/secure.gravatar.com\\\/avatar\\\/739e0b61adf9e398b425c36718c8752286da0e8cd90f20ce9a86678abc26aa0d?s=96&d=mm&r=g\",\"url\":\"https:\\\/\\\/secure.gravatar.com\\\/avatar\\\/739e0b61adf9e398b425c36718c8752286da0e8cd90f20ce9a86678abc26aa0d?s=96&d=mm&r=g\",\"contentUrl\":\"https:\\\/\\\/secure.gravatar.com\\\/avatar\\\/739e0b61adf9e398b425c36718c8752286da0e8cd90f20ce9a86678abc26aa0d?s=96&d=mm&r=g\",\"caption\":\"Agencias\"},\"url\":\"https:\\\/\\\/www.bbmnoticias.com\\\/labravaradiofm\\\/author\\\/agencias\\\/\"}]}<\/script>\n<!-- \/ Yoast SEO plugin. -->","yoast_head_json":{"title":"\u00bfCu\u00e1ndo inicia el horario de invierno 2021 en M\u00e9xico? - LA BRAVA RADIO","description":"El horario de verano se utiliza en varios pa\u00edses del mundo, sin embargo ha habido voces en contra de este modelo.","robots":{"index":"index","follow":"follow","max-snippet":"max-snippet:-1","max-image-preview":"max-image-preview:large","max-video-preview":"max-video-preview:-1"},"canonical":"https:\/\/www.bbmnoticias.com\/labravaradiofm\/2021\/09\/23\/cuando-inicia-el-horario-de-invierno-2021-en-mexico\/","og_locale":"es_MX","og_type":"article","og_title":"\u00bfCu\u00e1ndo inicia el horario de invierno 2021 en M\u00e9xico? - LA BRAVA RADIO","og_description":"El horario de verano se utiliza en varios pa\u00edses del mundo, sin embargo ha habido voces en contra de este modelo.","og_url":"https:\/\/www.bbmnoticias.com\/labravaradiofm\/2021\/09\/23\/cuando-inicia-el-horario-de-invierno-2021-en-mexico\/","og_site_name":"LA BRAVA RADIO","article_published_time":"2021-09-24T00:39:43+00:00","article_modified_time":"2021-09-24T00:39:44+00:00","og_image":[{"width":1200,"height":739,"url":"https:\/\/www.bbmnoticias.com\/labravaradiofm\/wp-content\/uploads\/sites\/5\/2021\/09\/nacional23092021-11.jpg","type":"image\/jpeg"}],"author":"Agencias","twitter_card":"summary_large_image","twitter_misc":{"Escrito por":"Agencias","Tiempo de lectura":"3 minutos"},"schema":{"@context":"https:\/\/schema.org","@graph":[{"@type":"Article","@id":"https:\/\/www.bbmnoticias.com\/labravaradiofm\/2021\/09\/23\/cuando-inicia-el-horario-de-invierno-2021-en-mexico\/#article","isPartOf":{"@id":"https:\/\/www.bbmnoticias.com\/labravaradiofm\/2021\/09\/23\/cuando-inicia-el-horario-de-invierno-2021-en-mexico\/"},"author":{"name":"Agencias","@id":"https:\/\/www.bbmnoticias.com\/labravaradiofm\/#\/schema\/person\/857a3daf5c8142f29919023f377fbfad"},"headline":"\u00bfCu\u00e1ndo inicia el horario de invierno 2021 en M\u00e9xico?","datePublished":"2021-09-24T00:39:43+00:00","dateModified":"2021-09-24T00:39:44+00:00","mainEntityOfPage":{"@id":"https:\/\/www.bbmnoticias.com\/labravaradiofm\/2021\/09\/23\/cuando-inicia-el-horario-de-invierno-2021-en-mexico\/"},"wordCount":697,"image":{"@id":"https:\/\/www.bbmnoticias.com\/labravaradiofm\/2021\/09\/23\/cuando-inicia-el-horario-de-invierno-2021-en-mexico\/#primaryimage"},"thumbnailUrl":"https:\/\/www.bbmnoticias.com\/labravaradiofm\/wp-content\/uploads\/sites\/5\/2021\/09\/nacional23092021-11.jpg","articleSection":["LOCAL"],"inLanguage":"es"},{"@type":"WebPage","@id":"https:\/\/www.bbmnoticias.com\/labravaradiofm\/2021\/09\/23\/cuando-inicia-el-horario-de-invierno-2021-en-mexico\/","url":"https:\/\/www.bbmnoticias.com\/labravaradiofm\/2021\/09\/23\/cuando-inicia-el-horario-de-invierno-2021-en-mexico\/","name":"\u00bfCu\u00e1ndo inicia el horario de invierno 2021 en M\u00e9xico? - LA BRAVA RADIO","isPartOf":{"@id":"https:\/\/www.bbmnoticias.com\/labravaradiofm\/#website"},"primaryImageOfPage":{"@id":"https:\/\/www.bbmnoticias.com\/labravaradiofm\/2021\/09\/23\/cuando-inicia-el-horario-de-invierno-2021-en-mexico\/#primaryimage"},"image":{"@id":"https:\/\/www.bbmnoticias.com\/labravaradiofm\/2021\/09\/23\/cuando-inicia-el-horario-de-invierno-2021-en-mexico\/#primaryimage"},"thumbnailUrl":"https:\/\/www.bbmnoticias.com\/labravaradiofm\/wp-content\/uploads\/sites\/5\/2021\/09\/nacional23092021-11.jpg","datePublished":"2021-09-24T00:39:43+00:00","dateModified":"2021-09-24T00:39:44+00:00","author":{"@id":"https:\/\/www.bbmnoticias.com\/labravaradiofm\/#\/schema\/person\/857a3daf5c8142f29919023f377fbfad"},"description":"El horario de verano se utiliza en varios pa\u00edses del mundo, sin embargo ha habido voces en contra de este modelo.","breadcrumb":{"@id":"https:\/\/www.bbmnoticias.com\/labravaradiofm\/2021\/09\/23\/cuando-inicia-el-horario-de-invierno-2021-en-mexico\/#breadcrumb"},"inLanguage":"es","potentialAction":[{"@type":"ReadAction","target":["https:\/\/www.bbmnoticias.com\/labravaradiofm\/2021\/09\/23\/cuando-inicia-el-horario-de-invierno-2021-en-mexico\/"]}]},{"@type":"ImageObject","inLanguage":"es","@id":"https:\/\/www.bbmnoticias.com\/labravaradiofm\/2021\/09\/23\/cuando-inicia-el-horario-de-invierno-2021-en-mexico\/#primaryimage","url":"https:\/\/www.bbmnoticias.com\/labravaradiofm\/wp-content\/uploads\/sites\/5\/2021\/09\/nacional23092021-11.jpg","contentUrl":"https:\/\/www.bbmnoticias.com\/labravaradiofm\/wp-content\/uploads\/sites\/5\/2021\/09\/nacional23092021-11.jpg","width":1200,"height":739},{"@type":"BreadcrumbList","@id":"https:\/\/www.bbmnoticias.com\/labravaradiofm\/2021\/09\/23\/cuando-inicia-el-horario-de-invierno-2021-en-mexico\/#breadcrumb","itemListElement":[{"@type":"ListItem","position":1,"name":"Inicio","item":"https:\/\/www.bbmnoticias.com\/labravaradiofm\/"},{"@type":"ListItem","position":2,"name":"\u00bfCu\u00e1ndo inicia el horario de invierno 2021 en M\u00e9xico?"}]},{"@type":"WebSite","@id":"https:\/\/www.bbmnoticias.com\/labravaradiofm\/#website","url":"https:\/\/www.bbmnoticias.com\/labravaradiofm\/","name":"LA BRAVA RADIO","description":"Empresa productora de medios, Radiodifusi\u00f3n, Noticias, tendencias y todo lo que necesitas saber de la pol\u00edtica mexicana e internacional; entretenimiento, espect\u00e1culos, salud y mucho m\u00e1s.","potentialAction":[{"@type":"SearchAction","target":{"@type":"EntryPoint","urlTemplate":"https:\/\/www.bbmnoticias.com\/labravaradiofm\/?s={search_term_string}"},"query-input":{"@type":"PropertyValueSpecification","valueRequired":true,"valueName":"search_term_string"}}],"inLanguage":"es"},{"@type":"Person","@id":"https:\/\/www.bbmnoticias.com\/labravaradiofm\/#\/schema\/person\/857a3daf5c8142f29919023f377fbfad","name":"Agencias","image":{"@type":"ImageObject","inLanguage":"es","@id":"https:\/\/secure.gravatar.com\/avatar\/739e0b61adf9e398b425c36718c8752286da0e8cd90f20ce9a86678abc26aa0d?s=96&d=mm&r=g","url":"https:\/\/secure.gravatar.com\/avatar\/739e0b61adf9e398b425c36718c8752286da0e8cd90f20ce9a86678abc26aa0d?s=96&d=mm&r=g","contentUrl":"https:\/\/secure.gravatar.com\/avatar\/739e0b61adf9e398b425c36718c8752286da0e8cd90f20ce9a86678abc26aa0d?s=96&d=mm&r=g","caption":"Agencias"},"url":"https:\/\/www.bbmnoticias.com\/labravaradiofm\/author\/agencias\/"}]}},"_links":{"self":[{"href":"https:\/\/www.bbmnoticias.com\/labravaradiofm\/wp-json\/wp\/v2\/posts\/2422","targetHints":{"allow":["GET"]}}],"collection":[{"href":"https:\/\/www.bbmnoticias.com\/labravaradiofm\/wp-json\/wp\/v2\/posts"}],"about":[{"href":"https:\/\/www.bbmnoticias.com\/labravaradiofm\/wp-json\/wp\/v2\/types\/post"}],"author":[{"embeddable":true,"href":"https:\/\/www.bbmnoticias.com\/labravaradiofm\/wp-json\/wp\/v2\/users\/4"}],"replies":[{"embeddable":true,"href":"https:\/\/www.bbmnoticias.com\/labravaradiofm\/wp-json\/wp\/v2\/comments?post=2422"}],"version-history":[{"count":0,"href":"https:\/\/www.bbmnoticias.com\/labravaradiofm\/wp-json\/wp\/v2\/posts\/2422\/revisions"}],"wp:featuredmedia":[{"embeddable":true,"href":"https:\/\/www.bbmnoticias.com\/labravaradiofm\/wp-json\/wp\/v2\/media\/2423"}],"wp:attachment":[{"href":"https:\/\/www.bbmnoticias.com\/labravaradiofm\/wp-json\/wp\/v2\/media?parent=2422"}],"wp:term":[{"taxonomy":"category","embeddable":true,"href":"https:\/\/www.bbmnoticias.com\/labravaradiofm\/wp-json\/wp\/v2\/categories?post=2422"},{"taxonomy":"post_tag","embeddable":true,"href":"https:\/\/www.bbmnoticias.com\/labravaradiofm\/wp-json\/wp\/v2\/tags?post=2422"}],"curies":[{"name":"wp","href":"https:\/\/api.w.org\/{rel}","templated":true}]}}