{"id":2419,"date":"2021-09-23T19:36:59","date_gmt":"2021-09-24T00:36:59","guid":{"rendered":"https:\/\/www.bbmnoticias.com\/labravaradiofm\/?p=2419"},"modified":"2021-09-23T19:37:00","modified_gmt":"2021-09-24T00:37:00","slug":"renuncia-enviado-de-eu-en-haiti-y-denuncia-las-deportaciones-inhumanas-de-migrantes","status":"publish","type":"post","link":"https:\/\/www.bbmnoticias.com\/labravaradiofm\/2021\/09\/23\/renuncia-enviado-de-eu-en-haiti-y-denuncia-las-deportaciones-inhumanas-de-migrantes\/","title":{"rendered":"Renuncia enviado de EU en Hait\u00ed y denuncia las deportaciones &#8220;inhumanas&#8221; de migrantes"},"content":{"rendered":"<div style=\"margin-top: 0px; margin-bottom: 0px;\" class=\"sharethis-inline-share-buttons\" ><\/div>\n<p>El enviado especial de la administraci\u00f3n de<strong> Joe Biden<\/strong> a <strong>Hait\u00ed <\/strong>renunci\u00f3, al protestar contra las expulsiones &#8220;inhumanas&#8221; a gran escala de migrantes haitianos a su tierra natal asolada por conflictos civiles y desastres naturales, dijeron el jueves funcionarios estadounidenses.<\/p>\n\n\n\n<p>Daniel Foote fue nombrado para el cargo en julio, luego del asesinato del presidente de <strong>Hait\u00ed<\/strong>. Incluso antes de las expulsiones de migrantes de la peque\u00f1a ciudad fronteriza de Del R\u00edo en Texas, se sab\u00eda que el diplom\u00e1tico de carrera estaba profundamente frustrado con lo que consideraba una falta de urgencia en Washington y un ritmo glacial en los esfuerzos para mejorar las condiciones en <strong>Hait\u00ed<\/strong>.<\/p>\n\n\n\n<p>Foote le escribi\u00f3 al secretario de Estado Antony Blinken que renunciar\u00eda de inmediato &#8220;con una profunda decepci\u00f3n y disculpas a quienes buscan cambios cruciales&#8221;.<\/p>\n\n\n\n<p>&#8220;No me asociar\u00e9 con la decisi\u00f3n inhumana y contraproducente de <strong>Estados Unidos <\/strong>de deportar a miles de refugiados haitianos e inmigrantes ilegales a <strong>Hait\u00ed<\/strong>, un pa\u00eds donde los funcionarios estadounidenses est\u00e1n confinados a recintos seguros debido al peligro que representan las bandas armadas para la vida diaria&#8221;, dijo. &#8220;Nuestro enfoque de pol\u00edticas para <strong>Hait\u00ed <\/strong>sigue siendo profundamente defectuoso, y mis recomendaciones de pol\u00edticas han sido ignoradas y descartadas, cuando no se editaron para proyectar una narrativa diferente a la m\u00eda&#8221;.<\/p>\n\n\n\n<p>Dos funcionarios estadounidenses con conocimiento directo del asunto confirmaron la renuncia bajo condici\u00f3n de anonimato porque no estaban autorizados a discutirlo p\u00fablicamente.<\/p>\n","protected":false},"excerpt":{"rendered":"<p>El enviado especial de la administraci\u00f3n de Joe Biden a Hait\u00ed renunci\u00f3, al protestar contra las expulsiones &#8220;inhumanas&#8221; a gran escala de migrantes haitianos a su tierra natal asolada por conflictos civiles y desastres naturales, dijeron el jueves funcionarios estadounidenses. Daniel Foote fue nombrado para el cargo en julio, luego del asesinato del presidente de [&hellip;]<\/p>\n","protected":false},"author":10,"featured_media":2420,"comment_status":"closed","ping_status":"closed","sticky":false,"template":"","format":"standard","meta":{"footnotes":""},"categories":[1],"tags":[],"class_list":{"0":"post-2419","1":"post","2":"type-post","3":"status-publish","4":"format-standard","5":"has-post-thumbnail","7":"category-sin-categoria"},"yoast_head":"<!-- This site is optimized with the Yoast SEO plugin v27.4 - https:\/\/yoast.com\/product\/yoast-seo-wordpress\/ -->\n<title>Renuncia enviado de EU en Hait\u00ed y denuncia las deportaciones &quot;inhumanas&quot; de migrantes - LA BRAVA RADIO<\/title>\n<meta name=\"description\" content=\"Foote le escribi\u00f3 al secretario de Estado Antony Blinken que renunciar\u00eda de inmediato con una profunda decepci\u00f3n y disculpas\" \/>\n<meta name=\"robots\" content=\"index, follow, max-snippet:-1, max-image-preview:large, max-video-preview:-1\" \/>\n<link rel=\"canonical\" href=\"https:\/\/www.bbmnoticias.com\/labravaradiofm\/2021\/09\/23\/renuncia-enviado-de-eu-en-haiti-y-denuncia-las-deportaciones-inhumanas-de-migrantes\/\" \/>\n<meta property=\"og:locale\" content=\"es_MX\" \/>\n<meta property=\"og:type\" content=\"article\" \/>\n<meta property=\"og:title\" content=\"Renuncia enviado de EU en Hait\u00ed y denuncia las deportaciones &quot;inhumanas&quot; de migrantes - LA BRAVA RADIO\" \/>\n<meta property=\"og:description\" content=\"Foote le escribi\u00f3 al secretario de Estado Antony Blinken que renunciar\u00eda de inmediato con una profunda decepci\u00f3n y disculpas\" \/>\n<meta property=\"og:url\" content=\"https:\/\/www.bbmnoticias.com\/labravaradiofm\/2021\/09\/23\/renuncia-enviado-de-eu-en-haiti-y-denuncia-las-deportaciones-inhumanas-de-migrantes\/\" \/>\n<meta property=\"og:site_name\" content=\"LA BRAVA RADIO\" \/>\n<meta property=\"article:published_time\" content=\"2021-09-24T00:36:59+00:00\" \/>\n<meta property=\"article:modified_time\" content=\"2021-09-24T00:37:00+00:00\" \/>\n<meta property=\"og:image\" content=\"https:\/\/www.bbmnoticias.com\/labravaradiofm\/wp-content\/uploads\/sites\/5\/2021\/09\/internacional23092021-1.webp\" \/>\n\t<meta property=\"og:image:width\" content=\"1201\" \/>\n\t<meta property=\"og:image:height\" content=\"740\" \/>\n\t<meta property=\"og:image:type\" content=\"image\/webp\" \/>\n<meta name=\"author\" content=\"El Universal\" \/>\n<meta name=\"twitter:card\" content=\"summary_large_image\" \/>\n<meta name=\"twitter:label1\" content=\"Escrito por\" \/>\n\t<meta name=\"twitter:data1\" content=\"El Universal\" \/>\n\t<meta name=\"twitter:label2\" content=\"Tiempo de lectura\" \/>\n\t<meta name=\"twitter:data2\" content=\"2 minutos\" \/>\n<script type=\"application\/ld+json\" class=\"yoast-schema-graph\">{\"@context\":\"https:\\\/\\\/schema.org\",\"@graph\":[{\"@type\":\"Article\",\"@id\":\"https:\\\/\\\/www.bbmnoticias.com\\\/labravaradiofm\\\/2021\\\/09\\\/23\\\/renuncia-enviado-de-eu-en-haiti-y-denuncia-las-deportaciones-inhumanas-de-migrantes\\\/#article\",\"isPartOf\":{\"@id\":\"https:\\\/\\\/www.bbmnoticias.com\\\/labravaradiofm\\\/2021\\\/09\\\/23\\\/renuncia-enviado-de-eu-en-haiti-y-denuncia-las-deportaciones-inhumanas-de-migrantes\\\/\"},\"author\":{\"name\":\"El Universal\",\"@id\":\"https:\\\/\\\/www.bbmnoticias.com\\\/labravaradiofm\\\/#\\\/schema\\\/person\\\/9d7a6a319e0df750bc43fc190d0b889b\"},\"headline\":\"Renuncia enviado de EU en Hait\u00ed y denuncia las deportaciones &#8220;inhumanas&#8221; de migrantes\",\"datePublished\":\"2021-09-24T00:36:59+00:00\",\"dateModified\":\"2021-09-24T00:37:00+00:00\",\"mainEntityOfPage\":{\"@id\":\"https:\\\/\\\/www.bbmnoticias.com\\\/labravaradiofm\\\/2021\\\/09\\\/23\\\/renuncia-enviado-de-eu-en-haiti-y-denuncia-las-deportaciones-inhumanas-de-migrantes\\\/\"},\"wordCount\":260,\"image\":{\"@id\":\"https:\\\/\\\/www.bbmnoticias.com\\\/labravaradiofm\\\/2021\\\/09\\\/23\\\/renuncia-enviado-de-eu-en-haiti-y-denuncia-las-deportaciones-inhumanas-de-migrantes\\\/#primaryimage\"},\"thumbnailUrl\":\"https:\\\/\\\/www.bbmnoticias.com\\\/labravaradiofm\\\/wp-content\\\/uploads\\\/sites\\\/5\\\/2021\\\/09\\\/internacional23092021-1.webp\",\"inLanguage\":\"es\"},{\"@type\":\"WebPage\",\"@id\":\"https:\\\/\\\/www.bbmnoticias.com\\\/labravaradiofm\\\/2021\\\/09\\\/23\\\/renuncia-enviado-de-eu-en-haiti-y-denuncia-las-deportaciones-inhumanas-de-migrantes\\\/\",\"url\":\"https:\\\/\\\/www.bbmnoticias.com\\\/labravaradiofm\\\/2021\\\/09\\\/23\\\/renuncia-enviado-de-eu-en-haiti-y-denuncia-las-deportaciones-inhumanas-de-migrantes\\\/\",\"name\":\"Renuncia enviado de EU en Hait\u00ed y denuncia las deportaciones \\\"inhumanas\\\" de migrantes - LA BRAVA RADIO\",\"isPartOf\":{\"@id\":\"https:\\\/\\\/www.bbmnoticias.com\\\/labravaradiofm\\\/#website\"},\"primaryImageOfPage\":{\"@id\":\"https:\\\/\\\/www.bbmnoticias.com\\\/labravaradiofm\\\/2021\\\/09\\\/23\\\/renuncia-enviado-de-eu-en-haiti-y-denuncia-las-deportaciones-inhumanas-de-migrantes\\\/#primaryimage\"},\"image\":{\"@id\":\"https:\\\/\\\/www.bbmnoticias.com\\\/labravaradiofm\\\/2021\\\/09\\\/23\\\/renuncia-enviado-de-eu-en-haiti-y-denuncia-las-deportaciones-inhumanas-de-migrantes\\\/#primaryimage\"},\"thumbnailUrl\":\"https:\\\/\\\/www.bbmnoticias.com\\\/labravaradiofm\\\/wp-content\\\/uploads\\\/sites\\\/5\\\/2021\\\/09\\\/internacional23092021-1.webp\",\"datePublished\":\"2021-09-24T00:36:59+00:00\",\"dateModified\":\"2021-09-24T00:37:00+00:00\",\"author\":{\"@id\":\"https:\\\/\\\/www.bbmnoticias.com\\\/labravaradiofm\\\/#\\\/schema\\\/person\\\/9d7a6a319e0df750bc43fc190d0b889b\"},\"description\":\"Foote le escribi\u00f3 al secretario de Estado Antony Blinken que renunciar\u00eda de inmediato con una profunda decepci\u00f3n y disculpas\",\"breadcrumb\":{\"@id\":\"https:\\\/\\\/www.bbmnoticias.com\\\/labravaradiofm\\\/2021\\\/09\\\/23\\\/renuncia-enviado-de-eu-en-haiti-y-denuncia-las-deportaciones-inhumanas-de-migrantes\\\/#breadcrumb\"},\"inLanguage\":\"es\",\"potentialAction\":[{\"@type\":\"ReadAction\",\"target\":[\"https:\\\/\\\/www.bbmnoticias.com\\\/labravaradiofm\\\/2021\\\/09\\\/23\\\/renuncia-enviado-de-eu-en-haiti-y-denuncia-las-deportaciones-inhumanas-de-migrantes\\\/\"]}]},{\"@type\":\"ImageObject\",\"inLanguage\":\"es\",\"@id\":\"https:\\\/\\\/www.bbmnoticias.com\\\/labravaradiofm\\\/2021\\\/09\\\/23\\\/renuncia-enviado-de-eu-en-haiti-y-denuncia-las-deportaciones-inhumanas-de-migrantes\\\/#primaryimage\",\"url\":\"https:\\\/\\\/www.bbmnoticias.com\\\/labravaradiofm\\\/wp-content\\\/uploads\\\/sites\\\/5\\\/2021\\\/09\\\/internacional23092021-1.webp\",\"contentUrl\":\"https:\\\/\\\/www.bbmnoticias.com\\\/labravaradiofm\\\/wp-content\\\/uploads\\\/sites\\\/5\\\/2021\\\/09\\\/internacional23092021-1.webp\",\"width\":1201,\"height\":740},{\"@type\":\"BreadcrumbList\",\"@id\":\"https:\\\/\\\/www.bbmnoticias.com\\\/labravaradiofm\\\/2021\\\/09\\\/23\\\/renuncia-enviado-de-eu-en-haiti-y-denuncia-las-deportaciones-inhumanas-de-migrantes\\\/#breadcrumb\",\"itemListElement\":[{\"@type\":\"ListItem\",\"position\":1,\"name\":\"Inicio\",\"item\":\"https:\\\/\\\/www.bbmnoticias.com\\\/labravaradiofm\\\/\"},{\"@type\":\"ListItem\",\"position\":2,\"name\":\"Renuncia enviado de EU en Hait\u00ed y denuncia las deportaciones &#8220;inhumanas&#8221; de migrantes\"}]},{\"@type\":\"WebSite\",\"@id\":\"https:\\\/\\\/www.bbmnoticias.com\\\/labravaradiofm\\\/#website\",\"url\":\"https:\\\/\\\/www.bbmnoticias.com\\\/labravaradiofm\\\/\",\"name\":\"LA BRAVA RADIO\",\"description\":\"Empresa productora de medios, Radiodifusi\u00f3n, Noticias, tendencias y todo lo que necesitas saber de la pol\u00edtica mexicana e internacional; entretenimiento, espect\u00e1culos, salud y mucho m\u00e1s.\",\"potentialAction\":[{\"@type\":\"SearchAction\",\"target\":{\"@type\":\"EntryPoint\",\"urlTemplate\":\"https:\\\/\\\/www.bbmnoticias.com\\\/labravaradiofm\\\/?s={search_term_string}\"},\"query-input\":{\"@type\":\"PropertyValueSpecification\",\"valueRequired\":true,\"valueName\":\"search_term_string\"}}],\"inLanguage\":\"es\"},{\"@type\":\"Person\",\"@id\":\"https:\\\/\\\/www.bbmnoticias.com\\\/labravaradiofm\\\/#\\\/schema\\\/person\\\/9d7a6a319e0df750bc43fc190d0b889b\",\"name\":\"El Universal\",\"image\":{\"@type\":\"ImageObject\",\"inLanguage\":\"es\",\"@id\":\"https:\\\/\\\/secure.gravatar.com\\\/avatar\\\/71c770e6e00bd7cb8183e56d1c59f81601544fbe41d802d7c17d05c9e25f7d06?s=96&d=mm&r=g\",\"url\":\"https:\\\/\\\/secure.gravatar.com\\\/avatar\\\/71c770e6e00bd7cb8183e56d1c59f81601544fbe41d802d7c17d05c9e25f7d06?s=96&d=mm&r=g\",\"contentUrl\":\"https:\\\/\\\/secure.gravatar.com\\\/avatar\\\/71c770e6e00bd7cb8183e56d1c59f81601544fbe41d802d7c17d05c9e25f7d06?s=96&d=mm&r=g\",\"caption\":\"El Universal\"},\"url\":\"https:\\\/\\\/www.bbmnoticias.com\\\/labravaradiofm\\\/author\\\/eluniversal\\\/\"}]}<\/script>\n<!-- \/ Yoast SEO plugin. -->","yoast_head_json":{"title":"Renuncia enviado de EU en Hait\u00ed y denuncia las deportaciones \"inhumanas\" de migrantes - LA BRAVA RADIO","description":"Foote le escribi\u00f3 al secretario de Estado Antony Blinken que renunciar\u00eda de inmediato con una profunda decepci\u00f3n y disculpas","robots":{"index":"index","follow":"follow","max-snippet":"max-snippet:-1","max-image-preview":"max-image-preview:large","max-video-preview":"max-video-preview:-1"},"canonical":"https:\/\/www.bbmnoticias.com\/labravaradiofm\/2021\/09\/23\/renuncia-enviado-de-eu-en-haiti-y-denuncia-las-deportaciones-inhumanas-de-migrantes\/","og_locale":"es_MX","og_type":"article","og_title":"Renuncia enviado de EU en Hait\u00ed y denuncia las deportaciones \"inhumanas\" de migrantes - LA BRAVA RADIO","og_description":"Foote le escribi\u00f3 al secretario de Estado Antony Blinken que renunciar\u00eda de inmediato con una profunda decepci\u00f3n y disculpas","og_url":"https:\/\/www.bbmnoticias.com\/labravaradiofm\/2021\/09\/23\/renuncia-enviado-de-eu-en-haiti-y-denuncia-las-deportaciones-inhumanas-de-migrantes\/","og_site_name":"LA BRAVA RADIO","article_published_time":"2021-09-24T00:36:59+00:00","article_modified_time":"2021-09-24T00:37:00+00:00","og_image":[{"width":1201,"height":740,"url":"https:\/\/www.bbmnoticias.com\/labravaradiofm\/wp-content\/uploads\/sites\/5\/2021\/09\/internacional23092021-1.webp","type":"image\/webp"}],"author":"El Universal","twitter_card":"summary_large_image","twitter_misc":{"Escrito por":"El Universal","Tiempo de lectura":"2 minutos"},"schema":{"@context":"https:\/\/schema.org","@graph":[{"@type":"Article","@id":"https:\/\/www.bbmnoticias.com\/labravaradiofm\/2021\/09\/23\/renuncia-enviado-de-eu-en-haiti-y-denuncia-las-deportaciones-inhumanas-de-migrantes\/#article","isPartOf":{"@id":"https:\/\/www.bbmnoticias.com\/labravaradiofm\/2021\/09\/23\/renuncia-enviado-de-eu-en-haiti-y-denuncia-las-deportaciones-inhumanas-de-migrantes\/"},"author":{"name":"El Universal","@id":"https:\/\/www.bbmnoticias.com\/labravaradiofm\/#\/schema\/person\/9d7a6a319e0df750bc43fc190d0b889b"},"headline":"Renuncia enviado de EU en Hait\u00ed y denuncia las deportaciones &#8220;inhumanas&#8221; de migrantes","datePublished":"2021-09-24T00:36:59+00:00","dateModified":"2021-09-24T00:37:00+00:00","mainEntityOfPage":{"@id":"https:\/\/www.bbmnoticias.com\/labravaradiofm\/2021\/09\/23\/renuncia-enviado-de-eu-en-haiti-y-denuncia-las-deportaciones-inhumanas-de-migrantes\/"},"wordCount":260,"image":{"@id":"https:\/\/www.bbmnoticias.com\/labravaradiofm\/2021\/09\/23\/renuncia-enviado-de-eu-en-haiti-y-denuncia-las-deportaciones-inhumanas-de-migrantes\/#primaryimage"},"thumbnailUrl":"https:\/\/www.bbmnoticias.com\/labravaradiofm\/wp-content\/uploads\/sites\/5\/2021\/09\/internacional23092021-1.webp","inLanguage":"es"},{"@type":"WebPage","@id":"https:\/\/www.bbmnoticias.com\/labravaradiofm\/2021\/09\/23\/renuncia-enviado-de-eu-en-haiti-y-denuncia-las-deportaciones-inhumanas-de-migrantes\/","url":"https:\/\/www.bbmnoticias.com\/labravaradiofm\/2021\/09\/23\/renuncia-enviado-de-eu-en-haiti-y-denuncia-las-deportaciones-inhumanas-de-migrantes\/","name":"Renuncia enviado de EU en Hait\u00ed y denuncia las deportaciones \"inhumanas\" de migrantes - LA BRAVA RADIO","isPartOf":{"@id":"https:\/\/www.bbmnoticias.com\/labravaradiofm\/#website"},"primaryImageOfPage":{"@id":"https:\/\/www.bbmnoticias.com\/labravaradiofm\/2021\/09\/23\/renuncia-enviado-de-eu-en-haiti-y-denuncia-las-deportaciones-inhumanas-de-migrantes\/#primaryimage"},"image":{"@id":"https:\/\/www.bbmnoticias.com\/labravaradiofm\/2021\/09\/23\/renuncia-enviado-de-eu-en-haiti-y-denuncia-las-deportaciones-inhumanas-de-migrantes\/#primaryimage"},"thumbnailUrl":"https:\/\/www.bbmnoticias.com\/labravaradiofm\/wp-content\/uploads\/sites\/5\/2021\/09\/internacional23092021-1.webp","datePublished":"2021-09-24T00:36:59+00:00","dateModified":"2021-09-24T00:37:00+00:00","author":{"@id":"https:\/\/www.bbmnoticias.com\/labravaradiofm\/#\/schema\/person\/9d7a6a319e0df750bc43fc190d0b889b"},"description":"Foote le escribi\u00f3 al secretario de Estado Antony Blinken que renunciar\u00eda de inmediato con una profunda decepci\u00f3n y disculpas","breadcrumb":{"@id":"https:\/\/www.bbmnoticias.com\/labravaradiofm\/2021\/09\/23\/renuncia-enviado-de-eu-en-haiti-y-denuncia-las-deportaciones-inhumanas-de-migrantes\/#breadcrumb"},"inLanguage":"es","potentialAction":[{"@type":"ReadAction","target":["https:\/\/www.bbmnoticias.com\/labravaradiofm\/2021\/09\/23\/renuncia-enviado-de-eu-en-haiti-y-denuncia-las-deportaciones-inhumanas-de-migrantes\/"]}]},{"@type":"ImageObject","inLanguage":"es","@id":"https:\/\/www.bbmnoticias.com\/labravaradiofm\/2021\/09\/23\/renuncia-enviado-de-eu-en-haiti-y-denuncia-las-deportaciones-inhumanas-de-migrantes\/#primaryimage","url":"https:\/\/www.bbmnoticias.com\/labravaradiofm\/wp-content\/uploads\/sites\/5\/2021\/09\/internacional23092021-1.webp","contentUrl":"https:\/\/www.bbmnoticias.com\/labravaradiofm\/wp-content\/uploads\/sites\/5\/2021\/09\/internacional23092021-1.webp","width":1201,"height":740},{"@type":"BreadcrumbList","@id":"https:\/\/www.bbmnoticias.com\/labravaradiofm\/2021\/09\/23\/renuncia-enviado-de-eu-en-haiti-y-denuncia-las-deportaciones-inhumanas-de-migrantes\/#breadcrumb","itemListElement":[{"@type":"ListItem","position":1,"name":"Inicio","item":"https:\/\/www.bbmnoticias.com\/labravaradiofm\/"},{"@type":"ListItem","position":2,"name":"Renuncia enviado de EU en Hait\u00ed y denuncia las deportaciones &#8220;inhumanas&#8221; de migrantes"}]},{"@type":"WebSite","@id":"https:\/\/www.bbmnoticias.com\/labravaradiofm\/#website","url":"https:\/\/www.bbmnoticias.com\/labravaradiofm\/","name":"LA BRAVA RADIO","description":"Empresa productora de medios, Radiodifusi\u00f3n, Noticias, tendencias y todo lo que necesitas saber de la pol\u00edtica mexicana e internacional; entretenimiento, espect\u00e1culos, salud y mucho m\u00e1s.","potentialAction":[{"@type":"SearchAction","target":{"@type":"EntryPoint","urlTemplate":"https:\/\/www.bbmnoticias.com\/labravaradiofm\/?s={search_term_string}"},"query-input":{"@type":"PropertyValueSpecification","valueRequired":true,"valueName":"search_term_string"}}],"inLanguage":"es"},{"@type":"Person","@id":"https:\/\/www.bbmnoticias.com\/labravaradiofm\/#\/schema\/person\/9d7a6a319e0df750bc43fc190d0b889b","name":"El Universal","image":{"@type":"ImageObject","inLanguage":"es","@id":"https:\/\/secure.gravatar.com\/avatar\/71c770e6e00bd7cb8183e56d1c59f81601544fbe41d802d7c17d05c9e25f7d06?s=96&d=mm&r=g","url":"https:\/\/secure.gravatar.com\/avatar\/71c770e6e00bd7cb8183e56d1c59f81601544fbe41d802d7c17d05c9e25f7d06?s=96&d=mm&r=g","contentUrl":"https:\/\/secure.gravatar.com\/avatar\/71c770e6e00bd7cb8183e56d1c59f81601544fbe41d802d7c17d05c9e25f7d06?s=96&d=mm&r=g","caption":"El Universal"},"url":"https:\/\/www.bbmnoticias.com\/labravaradiofm\/author\/eluniversal\/"}]}},"_links":{"self":[{"href":"https:\/\/www.bbmnoticias.com\/labravaradiofm\/wp-json\/wp\/v2\/posts\/2419","targetHints":{"allow":["GET"]}}],"collection":[{"href":"https:\/\/www.bbmnoticias.com\/labravaradiofm\/wp-json\/wp\/v2\/posts"}],"about":[{"href":"https:\/\/www.bbmnoticias.com\/labravaradiofm\/wp-json\/wp\/v2\/types\/post"}],"author":[{"embeddable":true,"href":"https:\/\/www.bbmnoticias.com\/labravaradiofm\/wp-json\/wp\/v2\/users\/10"}],"replies":[{"embeddable":true,"href":"https:\/\/www.bbmnoticias.com\/labravaradiofm\/wp-json\/wp\/v2\/comments?post=2419"}],"version-history":[{"count":0,"href":"https:\/\/www.bbmnoticias.com\/labravaradiofm\/wp-json\/wp\/v2\/posts\/2419\/revisions"}],"wp:featuredmedia":[{"embeddable":true,"href":"https:\/\/www.bbmnoticias.com\/labravaradiofm\/wp-json\/wp\/v2\/media\/2420"}],"wp:attachment":[{"href":"https:\/\/www.bbmnoticias.com\/labravaradiofm\/wp-json\/wp\/v2\/media?parent=2419"}],"wp:term":[{"taxonomy":"category","embeddable":true,"href":"https:\/\/www.bbmnoticias.com\/labravaradiofm\/wp-json\/wp\/v2\/categories?post=2419"},{"taxonomy":"post_tag","embeddable":true,"href":"https:\/\/www.bbmnoticias.com\/labravaradiofm\/wp-json\/wp\/v2\/tags?post=2419"}],"curies":[{"name":"wp","href":"https:\/\/api.w.org\/{rel}","templated":true}]}}