{"id":23946,"date":"2023-02-24T16:47:05","date_gmt":"2023-02-24T22:47:05","guid":{"rendered":"https:\/\/www.bbmnoticias.com\/labravaradiofm\/?p=23946"},"modified":"2023-02-24T16:47:06","modified_gmt":"2023-02-24T22:47:06","slug":"despues-de-10-anos-instala-salomon-jara-consejo-estatal-de-pesca-y-acuicultura-del-estado","status":"publish","type":"post","link":"https:\/\/www.bbmnoticias.com\/labravaradiofm\/2023\/02\/24\/despues-de-10-anos-instala-salomon-jara-consejo-estatal-de-pesca-y-acuicultura-del-estado\/","title":{"rendered":"Despu\u00e9s de 10 a\u00f1os, instala Salom\u00f3n Jara Consejo Estatal de Pesca y Acuicultura del Estado"},"content":{"rendered":"<div style=\"margin-top: 0px; margin-bottom: 0px;\" class=\"sharethis-inline-share-buttons\" ><\/div>\n<p>Este organismo tiene la responsabilidad de proponer programas de car\u00e1cter estatal, regional y municipal para el manejo adecuado de este sector que impulsen el desarrollo de estas actividades, principalmente en comunidades ind\u00edgenas<\/p>\n\n\n\n<p>Oaxaca de Ju\u00e1rez, Oax.- Despu\u00e9s de 10 a\u00f1os sin sesionar, el Gobernador Estado Salom\u00f3n Jara Cruz instal\u00f3 el Consejo Estatal de Pesca y Acuicultura de Oaxaca con el fin de implementar acciones efectivas para reconocer, proteger y fomentar a este sector, entre ellas la pesca artesanal practicada por las comunidades ind\u00edgenas, de manera sustentable y para el fortalecimiento de la soberan\u00eda alimentaria con desarrollo econ\u00f3mico.<\/p>\n\n\n\n<p>En su car\u00e1cter de Presidente de este organismo, el Mandatario Estatal propuso que sesionara cada tres meses. Tambi\u00e9n tom\u00f3 la protesta a las y los nuevos integrantes de este Consejo Estatal, en el que participan funcionariado federal, estatal y de los 39 municipios con actividad pesquera y acu\u00edcola, as\u00ed como de organizaciones productoras pescadoras y de acuicultura y de instituciones educativas del nivel superior.<\/p>\n\n\n\n<p>Expuso que este Consejo tiene la responsabilidad de proponer programas de car\u00e1cter estatal, regional y municipal para el manejo adecuado de cultivos y pesquer\u00edas que impulsen el desarrollo de estas actividades, as\u00ed como fortalecer las acciones de inspecci\u00f3n y vigilancia, y la descentralizaci\u00f3n de programas, recursos y funciones a trav\u00e9s de la Secretar\u00eda de Fomento Agroalimentario y Desarrollo Rural (Sefader).<\/p>\n\n\n\n<p>\u201cNo podemos permitir que nuestras pescadoras y pescadores ribere\u00f1os, las y los acuicultores sigan a la deriva, hay que acompa\u00f1arlos. Este gobierno, es un gobierno cercano al pueblo, a las comunidades, a los productores, a todas y todos\u201d, destac\u00f3.<\/p>\n\n\n\n<p>Ante el director general de Infraestructura de la Comisi\u00f3n Nacional de Acuacultura y Pesca (Conapesca), Jorge Avil\u00e9s Sen\u00e9s, el Jefe del Ejecutivo estatal, dijo que este Consejo constituye el foro intersectorial de apoyo, coordinaci\u00f3n, consulta, concertaci\u00f3n y asesor\u00eda a favor de este sector, y que tenga como prioridades esenciales contribuir al apoyo, fomento, productividad, regulaci\u00f3n y control de las actividades e incrementar la competitividad del mismo.<\/p>\n\n\n\n<p>Resalt\u00f3 que se deber\u00e1 considerar los aspectos sociales, tecnol\u00f3gicos, productivos, biol\u00f3gicos y ambientales, as\u00ed como promover la coordinaci\u00f3n y colaboraci\u00f3n entre las distintas dependencias y organismos de la administraci\u00f3n p\u00fablica, federal, estatal y municipal, en la que se promueva, en todo momento, la calidad de vida de las y los pescadores y acuicultores de la entidad.<\/p>\n\n\n\n<p>Por lo que les invit\u00f3 a implementar acciones efectivas para reconocer, proteger, y fomentar la pesca artesanal y procurar y promover que las comunidades y pueblos ind\u00edgenas y originarias, les sean respetados sus derechos, preferentemente sobre recursos pesqueros y acu\u00edcolas en donde habitan.<\/p>\n\n\n\n<p>Les exhort\u00f3 a priorizar los mecanismos que permitan garantizar que la pesca y la acuicultura se oriente a la producci\u00f3n de alimentos, al fortalecimiento de la soberan\u00eda alimentaria y a la generaci\u00f3n de empleos dignos y mejor renumerados.<\/p>\n\n\n\n<p><br>En su oportunidad el director general de Infraestructura de la Conapesca, Jorge Avil\u00e9s Sen\u00e9s, reconoci\u00f3 al gobierno de Salom\u00f3n Jara Cruz la integraci\u00f3n de este Consejo, ya que representa un apoyo para quienes se dedican a impulsar este sector, tal como lo establece el Presidente de M\u00e9xico, Andr\u00e9s Manuel L\u00f3pez Obrador de brindar una mayor atenci\u00f3n a quienes se encuentran en comunidades ind\u00edgenas o municipios que forman parte del Corredor Interoce\u00e1nico del Istmo de Tehuantepec.<\/p>\n\n\n\n<p>\u201cEste acto es el reflejo de la visi\u00f3n democr\u00e1tica del Gobierno de la Cuarta Transformaci\u00f3n, que encabeza el Presidente de la Naci\u00f3n, de ense\u00f1ar y ampliar los espacios de participaci\u00f3n de la ciudadan\u00eda para fortalecer la toma de decisiones de la vida p\u00fablica, como en este caso de pesca y acuicultura\u201d, refiri\u00f3.<\/p>\n\n\n\n<p>Dijo que los trabajo que realice este Consejo se har\u00e1 mediante el respeto y la responsabilidad social y gubernamental compartidas y con apego a la norma jur\u00eddica para garantizar que la pesca y la acuicultura se efect\u00faen bajo las premisas ineludibles de la sustentabilidad.<\/p>\n\n\n\n<p>El titular de la Secretar\u00eda de Fomento Agroalimentario y Desarrollo Rural (Sefader), V\u00edctor L\u00f3pez Leyva, en su car\u00e1cter de secretario del Consejo, condujo la sesi\u00f3n y ley\u00f3 los acuerdos establecidos.<\/p>\n","protected":false},"excerpt":{"rendered":"<p>Este organismo tiene la responsabilidad de proponer programas de car\u00e1cter estatal, regional y municipal para el manejo adecuado de este sector que impulsen el desarrollo de estas actividades, principalmente en comunidades ind\u00edgenas Oaxaca de Ju\u00e1rez, Oax.- Despu\u00e9s de 10 a\u00f1os sin sesionar, el Gobernador Estado Salom\u00f3n Jara Cruz instal\u00f3 el Consejo Estatal de Pesca y [&hellip;]<\/p>\n","protected":false},"author":2,"featured_media":23947,"comment_status":"closed","ping_status":"closed","sticky":false,"template":"","format":"standard","meta":{"footnotes":""},"categories":[2],"tags":[],"class_list":{"0":"post-23946","1":"post","2":"type-post","3":"status-publish","4":"format-standard","5":"has-post-thumbnail","7":"category-oaxaca"},"yoast_head":"<!-- This site is optimized with the Yoast SEO plugin v27.4 - https:\/\/yoast.com\/product\/yoast-seo-wordpress\/ -->\n<title>Despu\u00e9s de 10 a\u00f1os, instala Salom\u00f3n Jara Consejo Estatal de Pesca y Acuicultura del Estado - LA BRAVA RADIO<\/title>\n<meta name=\"robots\" content=\"index, follow, max-snippet:-1, max-image-preview:large, max-video-preview:-1\" \/>\n<link rel=\"canonical\" href=\"https:\/\/www.bbmnoticias.com\/labravaradiofm\/2023\/02\/24\/despues-de-10-anos-instala-salomon-jara-consejo-estatal-de-pesca-y-acuicultura-del-estado\/\" \/>\n<meta property=\"og:locale\" content=\"es_MX\" \/>\n<meta property=\"og:type\" content=\"article\" \/>\n<meta property=\"og:title\" content=\"Despu\u00e9s de 10 a\u00f1os, instala Salom\u00f3n Jara Consejo Estatal de Pesca y Acuicultura del Estado - LA BRAVA RADIO\" \/>\n<meta property=\"og:description\" content=\"Este organismo tiene la responsabilidad de proponer programas de car\u00e1cter estatal, regional y municipal para el manejo adecuado de este sector que impulsen el desarrollo de estas actividades, principalmente en comunidades ind\u00edgenas Oaxaca de Ju\u00e1rez, Oax.- Despu\u00e9s de 10 a\u00f1os sin sesionar, el Gobernador Estado Salom\u00f3n Jara Cruz instal\u00f3 el Consejo Estatal de Pesca y [&hellip;]\" \/>\n<meta property=\"og:url\" content=\"https:\/\/www.bbmnoticias.com\/labravaradiofm\/2023\/02\/24\/despues-de-10-anos-instala-salomon-jara-consejo-estatal-de-pesca-y-acuicultura-del-estado\/\" \/>\n<meta property=\"og:site_name\" content=\"LA BRAVA RADIO\" \/>\n<meta property=\"article:published_time\" content=\"2023-02-24T22:47:05+00:00\" \/>\n<meta property=\"article:modified_time\" content=\"2023-02-24T22:47:06+00:00\" \/>\n<meta property=\"og:image\" content=\"https:\/\/www.bbmnoticias.com\/labravaradiofm\/wp-content\/uploads\/sites\/5\/2023\/02\/l24022023-5.jpg\" \/>\n\t<meta property=\"og:image:width\" content=\"1280\" \/>\n\t<meta property=\"og:image:height\" content=\"853\" \/>\n\t<meta property=\"og:image:type\" content=\"image\/jpeg\" \/>\n<meta name=\"author\" content=\"Staff\" \/>\n<meta name=\"twitter:card\" content=\"summary_large_image\" \/>\n<meta name=\"twitter:label1\" content=\"Escrito por\" \/>\n\t<meta name=\"twitter:data1\" content=\"Staff\" \/>\n\t<meta name=\"twitter:label2\" content=\"Tiempo de lectura\" \/>\n\t<meta name=\"twitter:data2\" content=\"4 minutos\" \/>\n<script type=\"application\/ld+json\" class=\"yoast-schema-graph\">{\"@context\":\"https:\\\/\\\/schema.org\",\"@graph\":[{\"@type\":\"Article\",\"@id\":\"https:\\\/\\\/www.bbmnoticias.com\\\/labravaradiofm\\\/2023\\\/02\\\/24\\\/despues-de-10-anos-instala-salomon-jara-consejo-estatal-de-pesca-y-acuicultura-del-estado\\\/#article\",\"isPartOf\":{\"@id\":\"https:\\\/\\\/www.bbmnoticias.com\\\/labravaradiofm\\\/2023\\\/02\\\/24\\\/despues-de-10-anos-instala-salomon-jara-consejo-estatal-de-pesca-y-acuicultura-del-estado\\\/\"},\"author\":{\"name\":\"Staff\",\"@id\":\"https:\\\/\\\/www.bbmnoticias.com\\\/labravaradiofm\\\/#\\\/schema\\\/person\\\/68a9e9036ef3c5b55aeb2b71dc8bab45\"},\"headline\":\"Despu\u00e9s de 10 a\u00f1os, instala Salom\u00f3n Jara Consejo Estatal de Pesca y Acuicultura del Estado\",\"datePublished\":\"2023-02-24T22:47:05+00:00\",\"dateModified\":\"2023-02-24T22:47:06+00:00\",\"mainEntityOfPage\":{\"@id\":\"https:\\\/\\\/www.bbmnoticias.com\\\/labravaradiofm\\\/2023\\\/02\\\/24\\\/despues-de-10-anos-instala-salomon-jara-consejo-estatal-de-pesca-y-acuicultura-del-estado\\\/\"},\"wordCount\":743,\"image\":{\"@id\":\"https:\\\/\\\/www.bbmnoticias.com\\\/labravaradiofm\\\/2023\\\/02\\\/24\\\/despues-de-10-anos-instala-salomon-jara-consejo-estatal-de-pesca-y-acuicultura-del-estado\\\/#primaryimage\"},\"thumbnailUrl\":\"https:\\\/\\\/www.bbmnoticias.com\\\/labravaradiofm\\\/wp-content\\\/uploads\\\/sites\\\/5\\\/2023\\\/02\\\/l24022023-5.jpg\",\"articleSection\":[\"LOCAL\"],\"inLanguage\":\"es\"},{\"@type\":\"WebPage\",\"@id\":\"https:\\\/\\\/www.bbmnoticias.com\\\/labravaradiofm\\\/2023\\\/02\\\/24\\\/despues-de-10-anos-instala-salomon-jara-consejo-estatal-de-pesca-y-acuicultura-del-estado\\\/\",\"url\":\"https:\\\/\\\/www.bbmnoticias.com\\\/labravaradiofm\\\/2023\\\/02\\\/24\\\/despues-de-10-anos-instala-salomon-jara-consejo-estatal-de-pesca-y-acuicultura-del-estado\\\/\",\"name\":\"Despu\u00e9s de 10 a\u00f1os, instala Salom\u00f3n Jara Consejo Estatal de Pesca y Acuicultura del Estado - LA BRAVA RADIO\",\"isPartOf\":{\"@id\":\"https:\\\/\\\/www.bbmnoticias.com\\\/labravaradiofm\\\/#website\"},\"primaryImageOfPage\":{\"@id\":\"https:\\\/\\\/www.bbmnoticias.com\\\/labravaradiofm\\\/2023\\\/02\\\/24\\\/despues-de-10-anos-instala-salomon-jara-consejo-estatal-de-pesca-y-acuicultura-del-estado\\\/#primaryimage\"},\"image\":{\"@id\":\"https:\\\/\\\/www.bbmnoticias.com\\\/labravaradiofm\\\/2023\\\/02\\\/24\\\/despues-de-10-anos-instala-salomon-jara-consejo-estatal-de-pesca-y-acuicultura-del-estado\\\/#primaryimage\"},\"thumbnailUrl\":\"https:\\\/\\\/www.bbmnoticias.com\\\/labravaradiofm\\\/wp-content\\\/uploads\\\/sites\\\/5\\\/2023\\\/02\\\/l24022023-5.jpg\",\"datePublished\":\"2023-02-24T22:47:05+00:00\",\"dateModified\":\"2023-02-24T22:47:06+00:00\",\"author\":{\"@id\":\"https:\\\/\\\/www.bbmnoticias.com\\\/labravaradiofm\\\/#\\\/schema\\\/person\\\/68a9e9036ef3c5b55aeb2b71dc8bab45\"},\"breadcrumb\":{\"@id\":\"https:\\\/\\\/www.bbmnoticias.com\\\/labravaradiofm\\\/2023\\\/02\\\/24\\\/despues-de-10-anos-instala-salomon-jara-consejo-estatal-de-pesca-y-acuicultura-del-estado\\\/#breadcrumb\"},\"inLanguage\":\"es\",\"potentialAction\":[{\"@type\":\"ReadAction\",\"target\":[\"https:\\\/\\\/www.bbmnoticias.com\\\/labravaradiofm\\\/2023\\\/02\\\/24\\\/despues-de-10-anos-instala-salomon-jara-consejo-estatal-de-pesca-y-acuicultura-del-estado\\\/\"]}]},{\"@type\":\"ImageObject\",\"inLanguage\":\"es\",\"@id\":\"https:\\\/\\\/www.bbmnoticias.com\\\/labravaradiofm\\\/2023\\\/02\\\/24\\\/despues-de-10-anos-instala-salomon-jara-consejo-estatal-de-pesca-y-acuicultura-del-estado\\\/#primaryimage\",\"url\":\"https:\\\/\\\/www.bbmnoticias.com\\\/labravaradiofm\\\/wp-content\\\/uploads\\\/sites\\\/5\\\/2023\\\/02\\\/l24022023-5.jpg\",\"contentUrl\":\"https:\\\/\\\/www.bbmnoticias.com\\\/labravaradiofm\\\/wp-content\\\/uploads\\\/sites\\\/5\\\/2023\\\/02\\\/l24022023-5.jpg\",\"width\":1280,\"height\":853},{\"@type\":\"BreadcrumbList\",\"@id\":\"https:\\\/\\\/www.bbmnoticias.com\\\/labravaradiofm\\\/2023\\\/02\\\/24\\\/despues-de-10-anos-instala-salomon-jara-consejo-estatal-de-pesca-y-acuicultura-del-estado\\\/#breadcrumb\",\"itemListElement\":[{\"@type\":\"ListItem\",\"position\":1,\"name\":\"Inicio\",\"item\":\"https:\\\/\\\/www.bbmnoticias.com\\\/labravaradiofm\\\/\"},{\"@type\":\"ListItem\",\"position\":2,\"name\":\"Despu\u00e9s de 10 a\u00f1os, instala Salom\u00f3n Jara Consejo Estatal de Pesca y Acuicultura del Estado\"}]},{\"@type\":\"WebSite\",\"@id\":\"https:\\\/\\\/www.bbmnoticias.com\\\/labravaradiofm\\\/#website\",\"url\":\"https:\\\/\\\/www.bbmnoticias.com\\\/labravaradiofm\\\/\",\"name\":\"LA BRAVA RADIO\",\"description\":\"Empresa productora de medios, Radiodifusi\u00f3n, Noticias, tendencias y todo lo que necesitas saber de la pol\u00edtica mexicana e internacional; entretenimiento, espect\u00e1culos, salud y mucho m\u00e1s.\",\"potentialAction\":[{\"@type\":\"SearchAction\",\"target\":{\"@type\":\"EntryPoint\",\"urlTemplate\":\"https:\\\/\\\/www.bbmnoticias.com\\\/labravaradiofm\\\/?s={search_term_string}\"},\"query-input\":{\"@type\":\"PropertyValueSpecification\",\"valueRequired\":true,\"valueName\":\"search_term_string\"}}],\"inLanguage\":\"es\"},{\"@type\":\"Person\",\"@id\":\"https:\\\/\\\/www.bbmnoticias.com\\\/labravaradiofm\\\/#\\\/schema\\\/person\\\/68a9e9036ef3c5b55aeb2b71dc8bab45\",\"name\":\"Staff\",\"image\":{\"@type\":\"ImageObject\",\"inLanguage\":\"es\",\"@id\":\"https:\\\/\\\/secure.gravatar.com\\\/avatar\\\/fdd21ad66fd8b98c407f9dee5b5e588cfe7f0d8579ec20fa6527cd59bab7f0f0?s=96&d=mm&r=g\",\"url\":\"https:\\\/\\\/secure.gravatar.com\\\/avatar\\\/fdd21ad66fd8b98c407f9dee5b5e588cfe7f0d8579ec20fa6527cd59bab7f0f0?s=96&d=mm&r=g\",\"contentUrl\":\"https:\\\/\\\/secure.gravatar.com\\\/avatar\\\/fdd21ad66fd8b98c407f9dee5b5e588cfe7f0d8579ec20fa6527cd59bab7f0f0?s=96&d=mm&r=g\",\"caption\":\"Staff\"},\"url\":\"https:\\\/\\\/www.bbmnoticias.com\\\/labravaradiofm\\\/author\\\/redaccion\\\/\"}]}<\/script>\n<!-- \/ Yoast SEO plugin. -->","yoast_head_json":{"title":"Despu\u00e9s de 10 a\u00f1os, instala Salom\u00f3n Jara Consejo Estatal de Pesca y Acuicultura del Estado - LA BRAVA RADIO","robots":{"index":"index","follow":"follow","max-snippet":"max-snippet:-1","max-image-preview":"max-image-preview:large","max-video-preview":"max-video-preview:-1"},"canonical":"https:\/\/www.bbmnoticias.com\/labravaradiofm\/2023\/02\/24\/despues-de-10-anos-instala-salomon-jara-consejo-estatal-de-pesca-y-acuicultura-del-estado\/","og_locale":"es_MX","og_type":"article","og_title":"Despu\u00e9s de 10 a\u00f1os, instala Salom\u00f3n Jara Consejo Estatal de Pesca y Acuicultura del Estado - LA BRAVA RADIO","og_description":"Este organismo tiene la responsabilidad de proponer programas de car\u00e1cter estatal, regional y municipal para el manejo adecuado de este sector que impulsen el desarrollo de estas actividades, principalmente en comunidades ind\u00edgenas Oaxaca de Ju\u00e1rez, Oax.- Despu\u00e9s de 10 a\u00f1os sin sesionar, el Gobernador Estado Salom\u00f3n Jara Cruz instal\u00f3 el Consejo Estatal de Pesca y [&hellip;]","og_url":"https:\/\/www.bbmnoticias.com\/labravaradiofm\/2023\/02\/24\/despues-de-10-anos-instala-salomon-jara-consejo-estatal-de-pesca-y-acuicultura-del-estado\/","og_site_name":"LA BRAVA RADIO","article_published_time":"2023-02-24T22:47:05+00:00","article_modified_time":"2023-02-24T22:47:06+00:00","og_image":[{"width":1280,"height":853,"url":"https:\/\/www.bbmnoticias.com\/labravaradiofm\/wp-content\/uploads\/sites\/5\/2023\/02\/l24022023-5.jpg","type":"image\/jpeg"}],"author":"Staff","twitter_card":"summary_large_image","twitter_misc":{"Escrito por":"Staff","Tiempo de lectura":"4 minutos"},"schema":{"@context":"https:\/\/schema.org","@graph":[{"@type":"Article","@id":"https:\/\/www.bbmnoticias.com\/labravaradiofm\/2023\/02\/24\/despues-de-10-anos-instala-salomon-jara-consejo-estatal-de-pesca-y-acuicultura-del-estado\/#article","isPartOf":{"@id":"https:\/\/www.bbmnoticias.com\/labravaradiofm\/2023\/02\/24\/despues-de-10-anos-instala-salomon-jara-consejo-estatal-de-pesca-y-acuicultura-del-estado\/"},"author":{"name":"Staff","@id":"https:\/\/www.bbmnoticias.com\/labravaradiofm\/#\/schema\/person\/68a9e9036ef3c5b55aeb2b71dc8bab45"},"headline":"Despu\u00e9s de 10 a\u00f1os, instala Salom\u00f3n Jara Consejo Estatal de Pesca y Acuicultura del Estado","datePublished":"2023-02-24T22:47:05+00:00","dateModified":"2023-02-24T22:47:06+00:00","mainEntityOfPage":{"@id":"https:\/\/www.bbmnoticias.com\/labravaradiofm\/2023\/02\/24\/despues-de-10-anos-instala-salomon-jara-consejo-estatal-de-pesca-y-acuicultura-del-estado\/"},"wordCount":743,"image":{"@id":"https:\/\/www.bbmnoticias.com\/labravaradiofm\/2023\/02\/24\/despues-de-10-anos-instala-salomon-jara-consejo-estatal-de-pesca-y-acuicultura-del-estado\/#primaryimage"},"thumbnailUrl":"https:\/\/www.bbmnoticias.com\/labravaradiofm\/wp-content\/uploads\/sites\/5\/2023\/02\/l24022023-5.jpg","articleSection":["LOCAL"],"inLanguage":"es"},{"@type":"WebPage","@id":"https:\/\/www.bbmnoticias.com\/labravaradiofm\/2023\/02\/24\/despues-de-10-anos-instala-salomon-jara-consejo-estatal-de-pesca-y-acuicultura-del-estado\/","url":"https:\/\/www.bbmnoticias.com\/labravaradiofm\/2023\/02\/24\/despues-de-10-anos-instala-salomon-jara-consejo-estatal-de-pesca-y-acuicultura-del-estado\/","name":"Despu\u00e9s de 10 a\u00f1os, instala Salom\u00f3n Jara Consejo Estatal de Pesca y Acuicultura del Estado - LA BRAVA RADIO","isPartOf":{"@id":"https:\/\/www.bbmnoticias.com\/labravaradiofm\/#website"},"primaryImageOfPage":{"@id":"https:\/\/www.bbmnoticias.com\/labravaradiofm\/2023\/02\/24\/despues-de-10-anos-instala-salomon-jara-consejo-estatal-de-pesca-y-acuicultura-del-estado\/#primaryimage"},"image":{"@id":"https:\/\/www.bbmnoticias.com\/labravaradiofm\/2023\/02\/24\/despues-de-10-anos-instala-salomon-jara-consejo-estatal-de-pesca-y-acuicultura-del-estado\/#primaryimage"},"thumbnailUrl":"https:\/\/www.bbmnoticias.com\/labravaradiofm\/wp-content\/uploads\/sites\/5\/2023\/02\/l24022023-5.jpg","datePublished":"2023-02-24T22:47:05+00:00","dateModified":"2023-02-24T22:47:06+00:00","author":{"@id":"https:\/\/www.bbmnoticias.com\/labravaradiofm\/#\/schema\/person\/68a9e9036ef3c5b55aeb2b71dc8bab45"},"breadcrumb":{"@id":"https:\/\/www.bbmnoticias.com\/labravaradiofm\/2023\/02\/24\/despues-de-10-anos-instala-salomon-jara-consejo-estatal-de-pesca-y-acuicultura-del-estado\/#breadcrumb"},"inLanguage":"es","potentialAction":[{"@type":"ReadAction","target":["https:\/\/www.bbmnoticias.com\/labravaradiofm\/2023\/02\/24\/despues-de-10-anos-instala-salomon-jara-consejo-estatal-de-pesca-y-acuicultura-del-estado\/"]}]},{"@type":"ImageObject","inLanguage":"es","@id":"https:\/\/www.bbmnoticias.com\/labravaradiofm\/2023\/02\/24\/despues-de-10-anos-instala-salomon-jara-consejo-estatal-de-pesca-y-acuicultura-del-estado\/#primaryimage","url":"https:\/\/www.bbmnoticias.com\/labravaradiofm\/wp-content\/uploads\/sites\/5\/2023\/02\/l24022023-5.jpg","contentUrl":"https:\/\/www.bbmnoticias.com\/labravaradiofm\/wp-content\/uploads\/sites\/5\/2023\/02\/l24022023-5.jpg","width":1280,"height":853},{"@type":"BreadcrumbList","@id":"https:\/\/www.bbmnoticias.com\/labravaradiofm\/2023\/02\/24\/despues-de-10-anos-instala-salomon-jara-consejo-estatal-de-pesca-y-acuicultura-del-estado\/#breadcrumb","itemListElement":[{"@type":"ListItem","position":1,"name":"Inicio","item":"https:\/\/www.bbmnoticias.com\/labravaradiofm\/"},{"@type":"ListItem","position":2,"name":"Despu\u00e9s de 10 a\u00f1os, instala Salom\u00f3n Jara Consejo Estatal de Pesca y Acuicultura del Estado"}]},{"@type":"WebSite","@id":"https:\/\/www.bbmnoticias.com\/labravaradiofm\/#website","url":"https:\/\/www.bbmnoticias.com\/labravaradiofm\/","name":"LA BRAVA RADIO","description":"Empresa productora de medios, Radiodifusi\u00f3n, Noticias, tendencias y todo lo que necesitas saber de la pol\u00edtica mexicana e internacional; entretenimiento, espect\u00e1culos, salud y mucho m\u00e1s.","potentialAction":[{"@type":"SearchAction","target":{"@type":"EntryPoint","urlTemplate":"https:\/\/www.bbmnoticias.com\/labravaradiofm\/?s={search_term_string}"},"query-input":{"@type":"PropertyValueSpecification","valueRequired":true,"valueName":"search_term_string"}}],"inLanguage":"es"},{"@type":"Person","@id":"https:\/\/www.bbmnoticias.com\/labravaradiofm\/#\/schema\/person\/68a9e9036ef3c5b55aeb2b71dc8bab45","name":"Staff","image":{"@type":"ImageObject","inLanguage":"es","@id":"https:\/\/secure.gravatar.com\/avatar\/fdd21ad66fd8b98c407f9dee5b5e588cfe7f0d8579ec20fa6527cd59bab7f0f0?s=96&d=mm&r=g","url":"https:\/\/secure.gravatar.com\/avatar\/fdd21ad66fd8b98c407f9dee5b5e588cfe7f0d8579ec20fa6527cd59bab7f0f0?s=96&d=mm&r=g","contentUrl":"https:\/\/secure.gravatar.com\/avatar\/fdd21ad66fd8b98c407f9dee5b5e588cfe7f0d8579ec20fa6527cd59bab7f0f0?s=96&d=mm&r=g","caption":"Staff"},"url":"https:\/\/www.bbmnoticias.com\/labravaradiofm\/author\/redaccion\/"}]}},"_links":{"self":[{"href":"https:\/\/www.bbmnoticias.com\/labravaradiofm\/wp-json\/wp\/v2\/posts\/23946","targetHints":{"allow":["GET"]}}],"collection":[{"href":"https:\/\/www.bbmnoticias.com\/labravaradiofm\/wp-json\/wp\/v2\/posts"}],"about":[{"href":"https:\/\/www.bbmnoticias.com\/labravaradiofm\/wp-json\/wp\/v2\/types\/post"}],"author":[{"embeddable":true,"href":"https:\/\/www.bbmnoticias.com\/labravaradiofm\/wp-json\/wp\/v2\/users\/2"}],"replies":[{"embeddable":true,"href":"https:\/\/www.bbmnoticias.com\/labravaradiofm\/wp-json\/wp\/v2\/comments?post=23946"}],"version-history":[{"count":0,"href":"https:\/\/www.bbmnoticias.com\/labravaradiofm\/wp-json\/wp\/v2\/posts\/23946\/revisions"}],"wp:featuredmedia":[{"embeddable":true,"href":"https:\/\/www.bbmnoticias.com\/labravaradiofm\/wp-json\/wp\/v2\/media\/23947"}],"wp:attachment":[{"href":"https:\/\/www.bbmnoticias.com\/labravaradiofm\/wp-json\/wp\/v2\/media?parent=23946"}],"wp:term":[{"taxonomy":"category","embeddable":true,"href":"https:\/\/www.bbmnoticias.com\/labravaradiofm\/wp-json\/wp\/v2\/categories?post=23946"},{"taxonomy":"post_tag","embeddable":true,"href":"https:\/\/www.bbmnoticias.com\/labravaradiofm\/wp-json\/wp\/v2\/tags?post=23946"}],"curies":[{"name":"wp","href":"https:\/\/api.w.org\/{rel}","templated":true}]}}