{"id":23943,"date":"2023-02-24T16:33:23","date_gmt":"2023-02-24T22:33:23","guid":{"rendered":"https:\/\/www.bbmnoticias.com\/labravaradiofm\/?p=23943"},"modified":"2023-03-14T09:29:48","modified_gmt":"2023-03-14T15:29:48","slug":"la-piedra-para-escolleras-negocio-de-vivillos-el-canto-del-buho","status":"publish","type":"post","link":"https:\/\/www.bbmnoticias.com\/labravaradiofm\/2023\/02\/24\/la-piedra-para-escolleras-negocio-de-vivillos-el-canto-del-buho\/","title":{"rendered":"LA PIEDRA PARA ESCOLLERAS, NEGOCIO DE VIVILLOS &#8211; El Canto del B\u00faho"},"content":{"rendered":"<div style=\"margin-top: 0px; margin-bottom: 0px;\" class=\"sharethis-inline-share-buttons\" ><\/div>\n<p><strong>*FORO TEMATICO SECTORIAL PASARELA.<\/strong>&nbsp;<\/p>\n\n\n\n<p><strong>*SECRETARIO DE ECONOMIA LE HACE\u201d FUCHI\u201d AL ISTMO.&nbsp;<\/strong>&nbsp;<\/p>\n\n\n\n<p><strong>*SIN ESCOLLERA, NO HAY INTEROCE\u00c1NICO.&nbsp;<\/strong>&nbsp;<\/p>\n\n\n\n<p>La venta de piedra para la obra de la Escollera de las Salinas del Marqu\u00e9s, abri\u00f3 los espacios para <strong>los carro\u00f1eros de siempre<\/strong>. Todos quieren estar metidos en la venta de la piedra.&nbsp;&nbsp;<\/p>\n\n\n\n<p>Desde los que no tienen ni siquiera una camioneta para el acarreo y <strong>mucho menos tierra<\/strong> en los ejidos donde se encuentran los bancos con la piedra que re\u00fane los requisitos para la obra, hasta los que no tienen vela en el entierro, <strong>pero si muchas ambiciones y necesidades<\/strong>. Todos quieren sacar raja de la venta de piedra.&nbsp;&nbsp;<\/p>\n\n\n\n<p>As\u00ed con estos vivillos.&nbsp;&nbsp;<\/p>\n\n\n\n<p>Asociaciones formadas al margen de la ley con <strong>\u201cespejitos\u201d en mano<\/strong>, visitan los ejidos en la intentona de <strong>estafar<\/strong> a los ejidatarios; que ven en la construcci\u00f3n de la escollera la <strong>oportunidad<\/strong> de salir de la pobreza.&nbsp;&nbsp;<\/p>\n\n\n\n<p>Los primeros dos a\u00f1os de la construcci\u00f3n de la Escollera toc\u00f3 el turno al Gobierno de <strong>Alejandro Murat, por el gobierno federal, Rafael Mar\u00edn Mollinedo<\/strong> y funcionarios <strong>vivillos<\/strong> que vivieron su orgasmo de bonanza.&nbsp;&nbsp;<\/p>\n\n\n\n<p>La empresa constructora a pesar de todas las ambiciones y trabas en su ruta de la obra, conforme a lo estipulado <strong>avanza para cumplir su promesa<\/strong> de entrega en diciembre de este 2023. En tiempo y forma.&nbsp;&nbsp;<\/p>\n\n\n\n<p><strong>Pese a las ambiciones desbordadas<\/strong> no solo de los <strong>vivillos asociados creadores de empresas con t\u00edtulos rimbombantes, sindicatos malandrines, \u201casesores\u201d econ\u00f3micos, ejidatarios no menos ambiciosos, autores de la industria del chantaje<\/strong> y sus movilizaciones al mejor postor para bloquear y presionar a la empresa constructora, etc, etc., la construcci\u00f3n de la escollera avanza.&nbsp;&nbsp;&nbsp;<\/p>\n\n\n\n<p>Con la llegada del gobierno de la 4T de la \u201cPrimavera Oaxaque\u00f1a\u201d, no se hicieron esperar las <strong>\u201cmariposas del pantano\u201d <\/strong>en busca del ansiado negocio de la venta de la piedra.&nbsp;&nbsp;<\/p>\n\n\n\n<p>Disfrazados de funcionarios de la secretar\u00eda de gobierno de Oaxaca, la sub secretar\u00eda Yesenia Nolasco v\u00eda su \u201c<strong>sembrado<\/strong>\u201d Delegado de Gobierno, <strong>JOS\u00c9 ABEL GIL ROJAS<\/strong>&nbsp; en el Distrito de Salina Cruz, opera a favor de la <strong>empresa Infraestructura y Energ\u00edas Renovable LAYSA, <\/strong>misma, que est\u00e1 a punto de provocar un enfrentamiento entre los ejidatarios de Santa Cruz Bamba y Garrapatero del Municipio de Santo Domingo Tehuantepec, denunciaron ejidatarios afectados.&nbsp;<\/p>\n\n\n\n<p>\u201cLa mano que mueve la cuna<strong>\u201d es la de la sub secretaria de gobierno\u201d,<\/strong> aseguran los ejidatarios afectados.&nbsp;&nbsp;<\/p>\n\n\n\n<p>No es la primera vez que el nombre de <strong>Yesenia Nolasco es mencionado<\/strong> en los temas de la <strong>Escollera y del Corredor Interoce\u00e1nico<\/strong>. La primera vez fue en el tema de los sindicatos donde lejos de mediar como funcionaria, se coloc\u00f3 a favor <strong>del sindicato CIT- FITO<\/strong>, permitiendo las agresiones a sus contrapartes <strong>de CATEM, CTM due\u00f1os de los contratos de las obras de la Escollera y la planta coquizadora.&nbsp;<\/strong>&nbsp;<\/p>\n\n\n\n<p>El titular de la Secretar\u00eda General&nbsp; del Gobierno de Oaxaca, Jes\u00fas Romero (\u201cel mero mero\u201d), har\u00eda bien en registrar los movimientos de su sub secretaria antes de que lo meta en situaciones delicadas entre sindicatos y ejidatarios. La sangre puede llegar al r\u00edo.&nbsp;&nbsp;<\/p>\n\n\n\n<p>Apenas el jueves y viernes, el periodista Cristhian Nolasco de BBM Noticias y Heraldo Radio Istmo, public\u00f3 un par de notas donde se\u00f1ala los abusos de la empresa <strong>Infraestructura y Energ\u00edas Renovable LAYSA, <\/strong>denunciados por la ejidatarios afectados de de Santa Cruz Bamba y Garrapatero del Municipio de Santo Domingo Tehuantepec, denunciaron ejidatarios afectados.&nbsp;<\/p>\n\n\n\n<p>Para los que no leyeron las notas, aqu\u00ed reproduzco una de ellas. Comillas de principio a fin:&nbsp;&nbsp;<\/p>\n\n\n\n<p>\u201cCon la complacencia de funcionarios de la Secretar\u00eda de Marina y del Gobierno del Estado de Oaxaca, la empresa Infraestructura y Energ\u00edas Renovable LAYSA, con mentiras y promesas incumplidas provoca conflicto y divide a pobladores de los ejidos de Santa Cruz Bamba y Garrapatero del Municipio de Santo Domingo Tehuantepec, denunciaron ejidatarios afectados.&nbsp;&nbsp;<\/p>\n\n\n\n<p>A pesar de haber estado laborando fuera del marco de la ley, la Secretar\u00eda de MARINA Y EL Gobierno del Estado, a trav\u00e9s de sus respectivos representantes han celebrado minutas de acuerdo donde presuntamente han dado consentimiento para enga\u00f1ar a la comunidad con promesas de pago dejando como garant\u00edas cheques a nombre del Gobierno del Estado, precisaron los afectados.&nbsp;&nbsp;<\/p>\n\n\n\n<p>&#8211;\u201cAqu\u00ed hay solo dos cosas, o las autoridades se prestan a las mentiras de la empresa Infraestructura y Energ\u00edas Renovables LAYSA o tambi\u00e9n los enga\u00f1aron los de la empresa?, se preguntaron.&nbsp;&nbsp;<\/p>\n\n\n\n<p>\u201cNo es la primera ves que solicitamos atiendan nuestras solicitudes de demandas\u201d. La comunidad ha pedido de distintas formas que se atienda a sus solicitudes, dichos organismos han permitido que la problem\u00e1tica crezca y han sido c\u00f3mplices en la divisi\u00f3n que ha creado la empresa INFRAESTRUCTURA Y ENERG\u00cdAS RENOVABLES LAYSA S.A. de C.V. entre el mismo ejido y sus comunidades, se\u00f1alaron.&nbsp;&nbsp;&nbsp;<\/p>\n\n\n\n<p>La problem\u00e1tica ha escalado a tal nivel que est\u00e1 a punto de iniciarse un enfrentamiento f\u00edsico entre los involucrados.&nbsp;<\/p>\n\n\n\n<p>&#8212; \u00bfQu\u00e9 intereses ocultan las dependencias en este tema?&nbsp;<\/p>\n\n\n\n<p>&nbsp;A pesar que la \u00faltima minuta celebrada el 05 de febrero establece compromisos muy concretos y espec\u00edficos, es la hora en que la Secretaria de Marina a trav\u00e9s de su representante el Capit\u00e1n de Nav\u00edo el C. ADIEL ESTRADA V\u00c1ZQUEZ y Gobierno del estado&nbsp; a trav\u00e9s de su representante el C. JOS\u00c9 ABEL GIL ROJAS siguen abogando por la empresa que ha defraudado, robado, humillado a los habitantes del ejido Santa Cruz Bamba y Garrapatero municipio de distrito de Santo Domingo Tehuantepec del estado de Oaxaca,&nbsp; atropellando de esta manera sus derechos.&nbsp;<\/p>\n\n\n\n<p>&#8212; \u00bfC\u00f3mo es posible que una empresa como INFRAESTRUCTURA Y ENERG\u00cdAS RENOVABLES LAYSA S.A. DE C.V. pueda a trav\u00e9s de su Administradora \u00danica la C. Mar\u00eda Natividad Gordillo Espinosa pasar por encima de la ley?, se preguntaron los ejidatarios.&nbsp;&nbsp;<\/p>\n\n\n\n<p>&nbsp;En los documentos que tenemos en la mesa de la redacci\u00f3n de Heraldo Istmo 106.5 FM , dentro de la minuta se establece que de incumplir en alguno de los puntos, el contrato se dar\u00e1 por rescindido;&nbsp; al d\u00eda de hoy el ejido no puede extraer m\u00e1s materia para suministrar al rompeolas, parte del corredor Interoce\u00e1nico s\u00f3lo porque una persona en complicidad con organismos de gobierno no quiere pagar los adeudos ni retirarse del banco de piedra.&nbsp;<\/p>\n\n\n\n<p>Cabe hacer menci\u00f3n que el C.&nbsp; Presidente de la Rep\u00fablica el Lic. Andr\u00e9s Manuel L\u00f3pez Obrador ha hecho \u00e9nfasis en la importancia de esta macro obra y ha pedido que se atienda de forma prioritaria todo lo que impida la finalizaci\u00f3n de su construcci\u00f3n.&nbsp;<\/p>\n\n\n\n<p>Recordemos que sin Escollera no hay Interoce\u00e1nico; toda vez que la Escollera es de vital importancia para la creaci\u00f3n del nuevo puerto comercial y petrolero de Salina Cruz, que junto con el puerto de Coatzacoalcos, Veracruz, son los dos puertos por donde se manejar\u00e1n las mercanc\u00edas que se mover\u00e1n por el Corredor Interoce\u00e1nico.&nbsp;&nbsp;&nbsp;<\/p>\n\n\n\n<p>&nbsp;El ejido ha culpado a INFRAESTRUCTURA Y ENERGIS RENOVABLES LAYSA S.A. DE C.V. por estar deteniendo la continuidad del suministro del material p\u00e9treo al rompeolas. El banco de piedra del ejido a pesar de estar abierto para la venta de producto, no ha podido funcionar desde el d\u00eda lunes 20 de febrero debido a la negativa de dicha empresa para retirarse de la comunidad.&nbsp;<\/p>\n\n\n\n<p>&nbsp;Los ejidatarios denuncian los atropellos cometidos por la C. Mar\u00eda Natividad Gordillo E.&nbsp; en colaboraci\u00f3n de las autoridades que firmaron la minuta a la que se hace referencia.&nbsp;<\/p>\n\n\n\n<p>Nuevamente se reitera y se hace \u00e9nfasis en la importancia que tiene para el ejido que este tema se atienda con la comisi\u00f3n designada y con la empresa OBRAS ATALIA MEXICO S.A. DE C.V. a quien el ejido y sus comunidades reconocen como administradores exclusivos del banco a trav\u00e9s de su Apoderado Legal el C. Luis Tom\u00e1s Espa\u00f1a P\u00e9rez\u201d.&nbsp;<\/p>\n\n\n\n<p><strong>Hasta aqu\u00ed la nota de BBM.&nbsp;<\/strong>&nbsp;<\/p>\n\n\n\n<p><strong>\u00a1\u00a1Cuidado, se\u00f1or Gobernador Salom\u00f3n Jara!!! ,<\/strong> con lo que est\u00e1 sucediendo en torno a la escollera de Salina Cruz. <strong>Muchas manos moviendo la cuna<\/strong> que puede llevar a tener un conflicto de funestas consecuencias.&nbsp;&nbsp;<\/p>\n\n\n\n<p><strong>Es necesario que voltee a ver lo que se vive en Salina Cruz<\/strong>. Sus mismos funcionarios de la SEGOB OAX <strong>lo pueden meter en un conflicto que se puede convertir en un campo de batalla en donde haya derramamiento de sangre de hermanos de ejidatarios.&nbsp;<\/strong>&nbsp;<\/p>\n\n\n\n<p><strong>EN CORTO&nbsp;<\/strong>&nbsp;<\/p>\n\n\n\n<p><strong>\u00a1 M\u00e1s de lo mismo!&#8230; <\/strong>El primer Foro Tem\u00e1tico Electoral llevado acabo en Salina Cruz, fue un fracaso. As\u00ed fue calificativo por los invitados.&nbsp;<\/p>\n\n\n\n<p><strong>1.- De entrada, una falta de respeto<\/strong> para los invitados por las m\u00e1s de dos horas de retraso en la instalaci\u00f3n de las mesas tem\u00e1ticas.&nbsp;&nbsp;<\/p>\n\n\n\n<p><strong>2.- La ausencia del titular de la Secretar\u00eda Econom\u00eda Ra\u00fal Ruiz Robles <\/strong>y de su Directora en el evento. Siendo la dependencia responsable del evento, el secretario le hizo el feo a los istme\u00f1os. La ausencia de Ruiz Robles , <strong>les confirm\u00f3 a los empresarios<\/strong> que la pol\u00edtica del Secretario, es la de <strong>centralizar en la capital del estado<\/strong> los temas que tienen que ver con su oficina. Lo hizo en la <strong>campa\u00f1a del Ing. Salom\u00f3n Jara Cruz<\/strong>, donde <strong>nunca convoc\u00f3 al sector empresarial de la regi\u00f3n del Istmo. Fuchi con el Istmo. Solo le recordamos que el Corredor Interoce\u00e1nico, la Escollera, la planta Coquizadora temas que est\u00e1n moviendo la econom\u00eda del Istmo de Tehuantepec, est\u00e1n en Oaxaca.&nbsp;<\/strong>&nbsp;<\/p>\n\n\n\n<p>3.- El evento fue calificado como pasarela de los funcionarios que aspiran a un cargo elecci\u00f3n popular. <strong>Por cierto, el titular del IEEPO, Emilio Montero, lleg\u00f3 con un sequito de guardaespaldas (CHOGUMAS)<\/strong> y con elementos de la <strong>polic\u00eda municipal de Juchit\u00e1n<\/strong>. Los patrulleros prepotentes se apoderaron de los espacios del estacionamiento tapando los accesos de salida del mismo. Mientras que en Juchit\u00e1n la inseguridad a todo lo que da, el ex presidente y hoy titular del IEEPO usando las patrullas y sus elementos para su gira en eventos del d\u00eda de la Bandera y en Foros de la Secretar\u00eda de Econom\u00eda. Lo bueno que son diferentes a los anteriores.&nbsp;&nbsp;<\/p>\n\n\n\n<p><strong>ENCLAVE 20-23&nbsp;<\/strong>&nbsp;<\/p>\n\n\n\n<p><strong>Todos los s\u00e1bados no deje de escuchar el programa ENCLAVE 20-23. Muy recomendable.&nbsp;<\/strong>&nbsp;<\/p>\n\n\n\n<p>Lo mejor de la zona de la radio para conversar con usted.&nbsp;&nbsp;<\/p>\n\n\n\n<p>Un programa de informaci\u00f3n, an\u00e1lisis y comentarios donde los especialistas platican del sureste del pa\u00eds.&nbsp;&nbsp;<\/p>\n\n\n\n<p>Ma\u00f1ana s\u00e1bado 25 de febrero a partir de las 12:00 horas en HERALDO ISTMO 106.5 FM LA BRAVA y en Facebook Bbmnoticias Oaxaca. Tambi\u00e9n en los portales <a href=\"http:\/\/www.bbmnoticias.com\/labravaradiofm\" target=\"_blank\" rel=\"noreferrer noopener\">www.bbmnoticias.com\/labravaradiofm<\/a> y <a href=\"http:\/\/www.labravaradiofm.com\" target=\"_blank\" rel=\"noreferrer noopener\">www.labravaradiofm.com<\/a>&nbsp;&nbsp;<\/p>\n\n\n\n<p><strong>El tema: Los migrantes de Centroam\u00e9rica: \u00bfM\u00e9xico o Estados Unidos?<\/strong>&nbsp;<\/p>\n\n\n\n<p><strong>Conducen los periodistas;&nbsp; Francisco J. S\u00e1nchez y Alberto Fern\u00e1ndez Portilla&nbsp;<\/strong>&nbsp;<\/p>\n\n\n\n<p><strong>Invitados: Dra. Laura Valeria Gonz\u00e1lez-Murphy. Premio a la Excelencia en Liderazgo del Empire Justice Center y Ganador del Premio Ontli.&nbsp;<\/strong>&nbsp;<\/p>\n\n\n\n<p><strong>Padre Alejandro Solalinde, activista defensor de los derechos humanos de los migrantes.&nbsp;<\/strong>&nbsp;<\/p>\n\n\n\n<p><strong>Daniel Emmanuel L\u00f3pez L\u00f3pez, periodista, empresario y ex migrante en los Estados Unidos.&nbsp;<\/strong>&nbsp;<\/p>\n\n\n\n<p><strong>No se lo pierdan. Promete estar de lujo.&nbsp;<\/strong>&nbsp;<\/p>\n\n\n\n<p>Por hoy es tocho. Recuerden, cuando el b\u00faho canta el indio muere. <strong>Pd.- \u00a1\u00a1\u00a1 Ponme donde hay!!!&#8230; La que anda loca de contenta es la sub secretaria de Gobierno @SEGO_OAX Yesenia Nolasco. Veamos<\/strong>: 1.- Tiene mano para colocar a los Administradore$$$$ municipales. Palomea la terna. 2.- Coloc\u00f3 a su esposo como Director del hangar del Gobierno del Estado. Muy buen presupuesto. \u201cSuerte te de Dios\u2026 \u201c&nbsp;<\/p>\n\n\n\n<p class=\"has-text-align-center\"><strong>Esc\u00fachanos en el Noticiero Heraldo Istmo y BBM Noticias.&nbsp;<\/strong>&nbsp;<br><strong>De 08:00&nbsp; a 09:00&nbsp; y de 15:00&nbsp; a 16:00 horas de lunes a viernes por el 106.5 FM XHSCCK&nbsp;<\/strong>&nbsp;<br><strong>Facebook Bbmnoticias Oaxaca&nbsp;<\/strong>&nbsp;<br><strong>Twitter @buho_botero y @bbmnoticias1&nbsp;<\/strong>&nbsp;<\/p>\n","protected":false},"excerpt":{"rendered":"<p>*FORO TEMATICO SECTORIAL PASARELA.&nbsp; *SECRETARIO DE ECONOMIA LE HACE\u201d FUCHI\u201d AL ISTMO.&nbsp;&nbsp; *SIN ESCOLLERA, NO HAY INTEROCE\u00c1NICO.&nbsp;&nbsp; La venta de piedra para la obra de la Escollera de las Salinas del Marqu\u00e9s, abri\u00f3 los espacios para los carro\u00f1eros de siempre. Todos quieren estar metidos en la venta de la piedra.&nbsp;&nbsp; Desde los que no tienen [&hellip;]<\/p>\n","protected":false},"author":18,"featured_media":23944,"comment_status":"closed","ping_status":"closed","sticky":false,"template":"","format":"standard","meta":{"footnotes":""},"categories":[950,22],"tags":[],"class_list":{"0":"post-23943","1":"post","2":"type-post","3":"status-publish","4":"format-standard","5":"has-post-thumbnail","7":"category-el-canto-del-buho","8":"category-opinion"},"yoast_head":"<!-- This site is optimized with the Yoast SEO plugin v27.4 - https:\/\/yoast.com\/product\/yoast-seo-wordpress\/ -->\n<title>LA PIEDRA PARA ESCOLLERAS, NEGOCIO DE VIVILLOS - El Canto del B\u00faho - LA BRAVA RADIO<\/title>\n<meta name=\"robots\" content=\"index, follow, max-snippet:-1, max-image-preview:large, max-video-preview:-1\" \/>\n<link rel=\"canonical\" href=\"https:\/\/www.bbmnoticias.com\/labravaradiofm\/2023\/02\/24\/la-piedra-para-escolleras-negocio-de-vivillos-el-canto-del-buho\/\" \/>\n<meta property=\"og:locale\" content=\"es_MX\" \/>\n<meta property=\"og:type\" content=\"article\" \/>\n<meta property=\"og:title\" content=\"LA PIEDRA PARA ESCOLLERAS, NEGOCIO DE VIVILLOS - El Canto del B\u00faho - LA BRAVA RADIO\" \/>\n<meta property=\"og:description\" content=\"*FORO TEMATICO SECTORIAL PASARELA.&nbsp; *SECRETARIO DE ECONOMIA LE HACE\u201d FUCHI\u201d AL ISTMO.&nbsp;&nbsp; *SIN ESCOLLERA, NO HAY INTEROCE\u00c1NICO.&nbsp;&nbsp; La venta de piedra para la obra de la Escollera de las Salinas del Marqu\u00e9s, abri\u00f3 los espacios para los carro\u00f1eros de siempre. Todos quieren estar metidos en la venta de la piedra.&nbsp;&nbsp; Desde los que no tienen [&hellip;]\" \/>\n<meta property=\"og:url\" content=\"https:\/\/www.bbmnoticias.com\/labravaradiofm\/2023\/02\/24\/la-piedra-para-escolleras-negocio-de-vivillos-el-canto-del-buho\/\" \/>\n<meta property=\"og:site_name\" content=\"LA BRAVA RADIO\" \/>\n<meta property=\"article:published_time\" content=\"2023-02-24T22:33:23+00:00\" \/>\n<meta property=\"article:modified_time\" content=\"2023-03-14T15:29:48+00:00\" \/>\n<meta property=\"og:image\" content=\"https:\/\/www.bbmnoticias.com\/labravaradiofm\/wp-content\/uploads\/sites\/5\/2023\/02\/elcanto24022023.jpg\" \/>\n\t<meta property=\"og:image:width\" content=\"650\" \/>\n\t<meta property=\"og:image:height\" content=\"360\" \/>\n\t<meta property=\"og:image:type\" content=\"image\/jpeg\" \/>\n<meta name=\"author\" content=\"Pedro Botero\" \/>\n<meta name=\"twitter:card\" content=\"summary_large_image\" \/>\n<meta name=\"twitter:label1\" content=\"Escrito por\" \/>\n\t<meta name=\"twitter:data1\" content=\"Pedro Botero\" \/>\n\t<meta name=\"twitter:label2\" content=\"Tiempo de lectura\" \/>\n\t<meta name=\"twitter:data2\" content=\"9 minutos\" \/>\n<script type=\"application\/ld+json\" class=\"yoast-schema-graph\">{\"@context\":\"https:\\\/\\\/schema.org\",\"@graph\":[{\"@type\":\"Article\",\"@id\":\"https:\\\/\\\/www.bbmnoticias.com\\\/labravaradiofm\\\/2023\\\/02\\\/24\\\/la-piedra-para-escolleras-negocio-de-vivillos-el-canto-del-buho\\\/#article\",\"isPartOf\":{\"@id\":\"https:\\\/\\\/www.bbmnoticias.com\\\/labravaradiofm\\\/2023\\\/02\\\/24\\\/la-piedra-para-escolleras-negocio-de-vivillos-el-canto-del-buho\\\/\"},\"author\":{\"name\":\"Pedro Botero\",\"@id\":\"https:\\\/\\\/www.bbmnoticias.com\\\/labravaradiofm\\\/#\\\/schema\\\/person\\\/b1f24ff43a407a5f7093af0d867e2717\"},\"headline\":\"LA PIEDRA PARA ESCOLLERAS, NEGOCIO DE VIVILLOS &#8211; El Canto del B\u00faho\",\"datePublished\":\"2023-02-24T22:33:23+00:00\",\"dateModified\":\"2023-03-14T15:29:48+00:00\",\"mainEntityOfPage\":{\"@id\":\"https:\\\/\\\/www.bbmnoticias.com\\\/labravaradiofm\\\/2023\\\/02\\\/24\\\/la-piedra-para-escolleras-negocio-de-vivillos-el-canto-del-buho\\\/\"},\"wordCount\":2116,\"image\":{\"@id\":\"https:\\\/\\\/www.bbmnoticias.com\\\/labravaradiofm\\\/2023\\\/02\\\/24\\\/la-piedra-para-escolleras-negocio-de-vivillos-el-canto-del-buho\\\/#primaryimage\"},\"thumbnailUrl\":\"https:\\\/\\\/www.bbmnoticias.com\\\/labravaradiofm\\\/wp-content\\\/uploads\\\/sites\\\/5\\\/2023\\\/02\\\/elcanto24022023.jpg\",\"articleSection\":[\"EL CANTO DEL B\u00daHO\",\"OPINI\u00d3N\"],\"inLanguage\":\"es\"},{\"@type\":\"WebPage\",\"@id\":\"https:\\\/\\\/www.bbmnoticias.com\\\/labravaradiofm\\\/2023\\\/02\\\/24\\\/la-piedra-para-escolleras-negocio-de-vivillos-el-canto-del-buho\\\/\",\"url\":\"https:\\\/\\\/www.bbmnoticias.com\\\/labravaradiofm\\\/2023\\\/02\\\/24\\\/la-piedra-para-escolleras-negocio-de-vivillos-el-canto-del-buho\\\/\",\"name\":\"LA PIEDRA PARA ESCOLLERAS, NEGOCIO DE VIVILLOS - El Canto del B\u00faho - LA BRAVA RADIO\",\"isPartOf\":{\"@id\":\"https:\\\/\\\/www.bbmnoticias.com\\\/labravaradiofm\\\/#website\"},\"primaryImageOfPage\":{\"@id\":\"https:\\\/\\\/www.bbmnoticias.com\\\/labravaradiofm\\\/2023\\\/02\\\/24\\\/la-piedra-para-escolleras-negocio-de-vivillos-el-canto-del-buho\\\/#primaryimage\"},\"image\":{\"@id\":\"https:\\\/\\\/www.bbmnoticias.com\\\/labravaradiofm\\\/2023\\\/02\\\/24\\\/la-piedra-para-escolleras-negocio-de-vivillos-el-canto-del-buho\\\/#primaryimage\"},\"thumbnailUrl\":\"https:\\\/\\\/www.bbmnoticias.com\\\/labravaradiofm\\\/wp-content\\\/uploads\\\/sites\\\/5\\\/2023\\\/02\\\/elcanto24022023.jpg\",\"datePublished\":\"2023-02-24T22:33:23+00:00\",\"dateModified\":\"2023-03-14T15:29:48+00:00\",\"author\":{\"@id\":\"https:\\\/\\\/www.bbmnoticias.com\\\/labravaradiofm\\\/#\\\/schema\\\/person\\\/b1f24ff43a407a5f7093af0d867e2717\"},\"breadcrumb\":{\"@id\":\"https:\\\/\\\/www.bbmnoticias.com\\\/labravaradiofm\\\/2023\\\/02\\\/24\\\/la-piedra-para-escolleras-negocio-de-vivillos-el-canto-del-buho\\\/#breadcrumb\"},\"inLanguage\":\"es\",\"potentialAction\":[{\"@type\":\"ReadAction\",\"target\":[\"https:\\\/\\\/www.bbmnoticias.com\\\/labravaradiofm\\\/2023\\\/02\\\/24\\\/la-piedra-para-escolleras-negocio-de-vivillos-el-canto-del-buho\\\/\"]}]},{\"@type\":\"ImageObject\",\"inLanguage\":\"es\",\"@id\":\"https:\\\/\\\/www.bbmnoticias.com\\\/labravaradiofm\\\/2023\\\/02\\\/24\\\/la-piedra-para-escolleras-negocio-de-vivillos-el-canto-del-buho\\\/#primaryimage\",\"url\":\"https:\\\/\\\/www.bbmnoticias.com\\\/labravaradiofm\\\/wp-content\\\/uploads\\\/sites\\\/5\\\/2023\\\/02\\\/elcanto24022023.jpg\",\"contentUrl\":\"https:\\\/\\\/www.bbmnoticias.com\\\/labravaradiofm\\\/wp-content\\\/uploads\\\/sites\\\/5\\\/2023\\\/02\\\/elcanto24022023.jpg\",\"width\":650,\"height\":360},{\"@type\":\"BreadcrumbList\",\"@id\":\"https:\\\/\\\/www.bbmnoticias.com\\\/labravaradiofm\\\/2023\\\/02\\\/24\\\/la-piedra-para-escolleras-negocio-de-vivillos-el-canto-del-buho\\\/#breadcrumb\",\"itemListElement\":[{\"@type\":\"ListItem\",\"position\":1,\"name\":\"Inicio\",\"item\":\"https:\\\/\\\/www.bbmnoticias.com\\\/labravaradiofm\\\/\"},{\"@type\":\"ListItem\",\"position\":2,\"name\":\"LA PIEDRA PARA ESCOLLERAS, NEGOCIO DE VIVILLOS &#8211; El Canto del B\u00faho\"}]},{\"@type\":\"WebSite\",\"@id\":\"https:\\\/\\\/www.bbmnoticias.com\\\/labravaradiofm\\\/#website\",\"url\":\"https:\\\/\\\/www.bbmnoticias.com\\\/labravaradiofm\\\/\",\"name\":\"LA BRAVA RADIO\",\"description\":\"Empresa productora de medios, Radiodifusi\u00f3n, Noticias, tendencias y todo lo que necesitas saber de la pol\u00edtica mexicana e internacional; entretenimiento, espect\u00e1culos, salud y mucho m\u00e1s.\",\"potentialAction\":[{\"@type\":\"SearchAction\",\"target\":{\"@type\":\"EntryPoint\",\"urlTemplate\":\"https:\\\/\\\/www.bbmnoticias.com\\\/labravaradiofm\\\/?s={search_term_string}\"},\"query-input\":{\"@type\":\"PropertyValueSpecification\",\"valueRequired\":true,\"valueName\":\"search_term_string\"}}],\"inLanguage\":\"es\"},{\"@type\":\"Person\",\"@id\":\"https:\\\/\\\/www.bbmnoticias.com\\\/labravaradiofm\\\/#\\\/schema\\\/person\\\/b1f24ff43a407a5f7093af0d867e2717\",\"name\":\"Pedro Botero\",\"image\":{\"@type\":\"ImageObject\",\"inLanguage\":\"es\",\"@id\":\"https:\\\/\\\/secure.gravatar.com\\\/avatar\\\/3e1604f74223697b158b4f0509f030050c1609806bd1c24b9ac5d9759b30b353?s=96&d=mm&r=g\",\"url\":\"https:\\\/\\\/secure.gravatar.com\\\/avatar\\\/3e1604f74223697b158b4f0509f030050c1609806bd1c24b9ac5d9759b30b353?s=96&d=mm&r=g\",\"contentUrl\":\"https:\\\/\\\/secure.gravatar.com\\\/avatar\\\/3e1604f74223697b158b4f0509f030050c1609806bd1c24b9ac5d9759b30b353?s=96&d=mm&r=g\",\"caption\":\"Pedro Botero\"},\"sameAs\":[\"http:\\\/\\\/www.bbmnoticias.com\"],\"url\":\"https:\\\/\\\/www.bbmnoticias.com\\\/labravaradiofm\\\/author\\\/pedrobotero\\\/\"}]}<\/script>\n<!-- \/ Yoast SEO plugin. -->","yoast_head_json":{"title":"LA PIEDRA PARA ESCOLLERAS, NEGOCIO DE VIVILLOS - El Canto del B\u00faho - LA BRAVA RADIO","robots":{"index":"index","follow":"follow","max-snippet":"max-snippet:-1","max-image-preview":"max-image-preview:large","max-video-preview":"max-video-preview:-1"},"canonical":"https:\/\/www.bbmnoticias.com\/labravaradiofm\/2023\/02\/24\/la-piedra-para-escolleras-negocio-de-vivillos-el-canto-del-buho\/","og_locale":"es_MX","og_type":"article","og_title":"LA PIEDRA PARA ESCOLLERAS, NEGOCIO DE VIVILLOS - El Canto del B\u00faho - LA BRAVA RADIO","og_description":"*FORO TEMATICO SECTORIAL PASARELA.&nbsp; *SECRETARIO DE ECONOMIA LE HACE\u201d FUCHI\u201d AL ISTMO.&nbsp;&nbsp; *SIN ESCOLLERA, NO HAY INTEROCE\u00c1NICO.&nbsp;&nbsp; La venta de piedra para la obra de la Escollera de las Salinas del Marqu\u00e9s, abri\u00f3 los espacios para los carro\u00f1eros de siempre. Todos quieren estar metidos en la venta de la piedra.&nbsp;&nbsp; Desde los que no tienen [&hellip;]","og_url":"https:\/\/www.bbmnoticias.com\/labravaradiofm\/2023\/02\/24\/la-piedra-para-escolleras-negocio-de-vivillos-el-canto-del-buho\/","og_site_name":"LA BRAVA RADIO","article_published_time":"2023-02-24T22:33:23+00:00","article_modified_time":"2023-03-14T15:29:48+00:00","og_image":[{"width":650,"height":360,"url":"https:\/\/www.bbmnoticias.com\/labravaradiofm\/wp-content\/uploads\/sites\/5\/2023\/02\/elcanto24022023.jpg","type":"image\/jpeg"}],"author":"Pedro Botero","twitter_card":"summary_large_image","twitter_misc":{"Escrito por":"Pedro Botero","Tiempo de lectura":"9 minutos"},"schema":{"@context":"https:\/\/schema.org","@graph":[{"@type":"Article","@id":"https:\/\/www.bbmnoticias.com\/labravaradiofm\/2023\/02\/24\/la-piedra-para-escolleras-negocio-de-vivillos-el-canto-del-buho\/#article","isPartOf":{"@id":"https:\/\/www.bbmnoticias.com\/labravaradiofm\/2023\/02\/24\/la-piedra-para-escolleras-negocio-de-vivillos-el-canto-del-buho\/"},"author":{"name":"Pedro Botero","@id":"https:\/\/www.bbmnoticias.com\/labravaradiofm\/#\/schema\/person\/b1f24ff43a407a5f7093af0d867e2717"},"headline":"LA PIEDRA PARA ESCOLLERAS, NEGOCIO DE VIVILLOS &#8211; El Canto del B\u00faho","datePublished":"2023-02-24T22:33:23+00:00","dateModified":"2023-03-14T15:29:48+00:00","mainEntityOfPage":{"@id":"https:\/\/www.bbmnoticias.com\/labravaradiofm\/2023\/02\/24\/la-piedra-para-escolleras-negocio-de-vivillos-el-canto-del-buho\/"},"wordCount":2116,"image":{"@id":"https:\/\/www.bbmnoticias.com\/labravaradiofm\/2023\/02\/24\/la-piedra-para-escolleras-negocio-de-vivillos-el-canto-del-buho\/#primaryimage"},"thumbnailUrl":"https:\/\/www.bbmnoticias.com\/labravaradiofm\/wp-content\/uploads\/sites\/5\/2023\/02\/elcanto24022023.jpg","articleSection":["EL CANTO DEL B\u00daHO","OPINI\u00d3N"],"inLanguage":"es"},{"@type":"WebPage","@id":"https:\/\/www.bbmnoticias.com\/labravaradiofm\/2023\/02\/24\/la-piedra-para-escolleras-negocio-de-vivillos-el-canto-del-buho\/","url":"https:\/\/www.bbmnoticias.com\/labravaradiofm\/2023\/02\/24\/la-piedra-para-escolleras-negocio-de-vivillos-el-canto-del-buho\/","name":"LA PIEDRA PARA ESCOLLERAS, NEGOCIO DE VIVILLOS - El Canto del B\u00faho - LA BRAVA RADIO","isPartOf":{"@id":"https:\/\/www.bbmnoticias.com\/labravaradiofm\/#website"},"primaryImageOfPage":{"@id":"https:\/\/www.bbmnoticias.com\/labravaradiofm\/2023\/02\/24\/la-piedra-para-escolleras-negocio-de-vivillos-el-canto-del-buho\/#primaryimage"},"image":{"@id":"https:\/\/www.bbmnoticias.com\/labravaradiofm\/2023\/02\/24\/la-piedra-para-escolleras-negocio-de-vivillos-el-canto-del-buho\/#primaryimage"},"thumbnailUrl":"https:\/\/www.bbmnoticias.com\/labravaradiofm\/wp-content\/uploads\/sites\/5\/2023\/02\/elcanto24022023.jpg","datePublished":"2023-02-24T22:33:23+00:00","dateModified":"2023-03-14T15:29:48+00:00","author":{"@id":"https:\/\/www.bbmnoticias.com\/labravaradiofm\/#\/schema\/person\/b1f24ff43a407a5f7093af0d867e2717"},"breadcrumb":{"@id":"https:\/\/www.bbmnoticias.com\/labravaradiofm\/2023\/02\/24\/la-piedra-para-escolleras-negocio-de-vivillos-el-canto-del-buho\/#breadcrumb"},"inLanguage":"es","potentialAction":[{"@type":"ReadAction","target":["https:\/\/www.bbmnoticias.com\/labravaradiofm\/2023\/02\/24\/la-piedra-para-escolleras-negocio-de-vivillos-el-canto-del-buho\/"]}]},{"@type":"ImageObject","inLanguage":"es","@id":"https:\/\/www.bbmnoticias.com\/labravaradiofm\/2023\/02\/24\/la-piedra-para-escolleras-negocio-de-vivillos-el-canto-del-buho\/#primaryimage","url":"https:\/\/www.bbmnoticias.com\/labravaradiofm\/wp-content\/uploads\/sites\/5\/2023\/02\/elcanto24022023.jpg","contentUrl":"https:\/\/www.bbmnoticias.com\/labravaradiofm\/wp-content\/uploads\/sites\/5\/2023\/02\/elcanto24022023.jpg","width":650,"height":360},{"@type":"BreadcrumbList","@id":"https:\/\/www.bbmnoticias.com\/labravaradiofm\/2023\/02\/24\/la-piedra-para-escolleras-negocio-de-vivillos-el-canto-del-buho\/#breadcrumb","itemListElement":[{"@type":"ListItem","position":1,"name":"Inicio","item":"https:\/\/www.bbmnoticias.com\/labravaradiofm\/"},{"@type":"ListItem","position":2,"name":"LA PIEDRA PARA ESCOLLERAS, NEGOCIO DE VIVILLOS &#8211; El Canto del B\u00faho"}]},{"@type":"WebSite","@id":"https:\/\/www.bbmnoticias.com\/labravaradiofm\/#website","url":"https:\/\/www.bbmnoticias.com\/labravaradiofm\/","name":"LA BRAVA RADIO","description":"Empresa productora de medios, Radiodifusi\u00f3n, Noticias, tendencias y todo lo que necesitas saber de la pol\u00edtica mexicana e internacional; entretenimiento, espect\u00e1culos, salud y mucho m\u00e1s.","potentialAction":[{"@type":"SearchAction","target":{"@type":"EntryPoint","urlTemplate":"https:\/\/www.bbmnoticias.com\/labravaradiofm\/?s={search_term_string}"},"query-input":{"@type":"PropertyValueSpecification","valueRequired":true,"valueName":"search_term_string"}}],"inLanguage":"es"},{"@type":"Person","@id":"https:\/\/www.bbmnoticias.com\/labravaradiofm\/#\/schema\/person\/b1f24ff43a407a5f7093af0d867e2717","name":"Pedro Botero","image":{"@type":"ImageObject","inLanguage":"es","@id":"https:\/\/secure.gravatar.com\/avatar\/3e1604f74223697b158b4f0509f030050c1609806bd1c24b9ac5d9759b30b353?s=96&d=mm&r=g","url":"https:\/\/secure.gravatar.com\/avatar\/3e1604f74223697b158b4f0509f030050c1609806bd1c24b9ac5d9759b30b353?s=96&d=mm&r=g","contentUrl":"https:\/\/secure.gravatar.com\/avatar\/3e1604f74223697b158b4f0509f030050c1609806bd1c24b9ac5d9759b30b353?s=96&d=mm&r=g","caption":"Pedro Botero"},"sameAs":["http:\/\/www.bbmnoticias.com"],"url":"https:\/\/www.bbmnoticias.com\/labravaradiofm\/author\/pedrobotero\/"}]}},"_links":{"self":[{"href":"https:\/\/www.bbmnoticias.com\/labravaradiofm\/wp-json\/wp\/v2\/posts\/23943","targetHints":{"allow":["GET"]}}],"collection":[{"href":"https:\/\/www.bbmnoticias.com\/labravaradiofm\/wp-json\/wp\/v2\/posts"}],"about":[{"href":"https:\/\/www.bbmnoticias.com\/labravaradiofm\/wp-json\/wp\/v2\/types\/post"}],"author":[{"embeddable":true,"href":"https:\/\/www.bbmnoticias.com\/labravaradiofm\/wp-json\/wp\/v2\/users\/18"}],"replies":[{"embeddable":true,"href":"https:\/\/www.bbmnoticias.com\/labravaradiofm\/wp-json\/wp\/v2\/comments?post=23943"}],"version-history":[{"count":0,"href":"https:\/\/www.bbmnoticias.com\/labravaradiofm\/wp-json\/wp\/v2\/posts\/23943\/revisions"}],"wp:featuredmedia":[{"embeddable":true,"href":"https:\/\/www.bbmnoticias.com\/labravaradiofm\/wp-json\/wp\/v2\/media\/23944"}],"wp:attachment":[{"href":"https:\/\/www.bbmnoticias.com\/labravaradiofm\/wp-json\/wp\/v2\/media?parent=23943"}],"wp:term":[{"taxonomy":"category","embeddable":true,"href":"https:\/\/www.bbmnoticias.com\/labravaradiofm\/wp-json\/wp\/v2\/categories?post=23943"},{"taxonomy":"post_tag","embeddable":true,"href":"https:\/\/www.bbmnoticias.com\/labravaradiofm\/wp-json\/wp\/v2\/tags?post=23943"}],"curies":[{"name":"wp","href":"https:\/\/api.w.org\/{rel}","templated":true}]}}